{"id":83653,"date":"2021-12-06T21:11:31","date_gmt":"2021-12-07T00:11:31","guid":{"rendered":"https:\/\/www.jornalja.com.br\/ambiente\/?p=83653"},"modified":"2021-12-06T21:11:31","modified_gmt":"2021-12-07T00:11:31","slug":"lockdown-dos-nao-vacinados-inicia-a-troca-de-poder-na-alemanha","status":"publish","type":"post","link":"https:\/\/www.jornalja.com.br\/ambiente\/lockdown-dos-nao-vacinados-inicia-a-troca-de-poder-na-alemanha\/","title":{"rendered":"Lockdown dos n\u00e3o vacinados inicia a troca de poder na Alemanha"},"content":{"rendered":"<p><span style=\"font-weight: 400\">&#8220;Um ato de solidariedade nacional&#8221;, definiu Angela Merkel, ainda primeira-ministra, com rela\u00e7\u00e3o ao novo pacote de medidas para enfrentar a quarta onda da pandemia na Alemanha. &#8220;A situa\u00e7\u00e3o \u00e9 muito s\u00e9ria&#8221;, justificou ela em sua<a href=\"https:\/\/www.youtube.com\/watch?v=-oVGELgpKLk\"> \u00faltima confer\u00eancia de imprensa como chefe de estado na quinta-feira (02\/12\/2021)<\/a>. N\u00e3o vacinados est\u00e3o oficialmente em Lockdown. &#8220;Pessoas n\u00e3o imunizadas podem encontrar-se no m\u00e1ximo com outra pessoa, vacinada ou nao&#8221;, anunciou. Isso vale para qualquer tipo de ocasi\u00e3o em todo o territ\u00f3rio nacional.<\/span><\/p>\n<p><span style=\"font-weight: 400\">Supermercados e farm\u00e1cias dispensam tais cuidados, assim como o transporte p\u00fablico. Neles, dependendo da situa\u00e7\u00e3o regional, ser\u00e1 exigido um teste. Em locais com incid\u00eancia acima de 350 infec\u00e7\u00f5es por 100 mil habitantes, vale a regra mais restrita. No m\u00e1ximo duas pessoas podem encontrar-se em locais fechados. Ao ar livre, o limite \u00e9 de 200 pessoas, mas s\u00f3 vacinados ou curados. Exce\u00e7\u00e3o \u00e0 regra, os jogos de futebol, permitidos para at\u00e9 15 mil pessoas com o passaporte vacinal em dia.<\/span><\/p>\n<p class=\"intertit\"><span style=\"font-weight: 400\">Vacina obrigat\u00f3ria<\/span><\/p>\n<p><span style=\"font-weight: 400\">Em escolas o controle ser\u00e1 redobrado, com m\u00e1scaras, testes e cuidados como distanciamento e medidas de higiene. &#8220;A vacina obrigat\u00f3ria ser\u00e1 discutida at\u00e9 o in\u00edcio do ano no parlamento&#8221;, informou Dra. Merkel, avisando que uma comiss\u00e3o de experts foi estabelecida para embasar o trabalho dos deputados.<\/span><\/p>\n<p><span style=\"font-weight: 400\">O vice-chanceler e sucessor eleito atribui diretamente aos n\u00e3o vacinados a surpreendente escalada de infec\u00e7\u00f5es. &#8220;Temos bastante gente vacinada, mas n\u00e3o o suficiente para evitar que a doen\u00e7a se espalhe por todos os lados&#8221;, declarou o social-democrata, Olaf Scholz, apelando \u00e0 popula\u00e7\u00e3o para tomar a vacina de refor\u00e7o. S\u00e3o 30 milh\u00f5es de doses a serem aplicadas at\u00e9 o Natal, e assim evitar um j\u00e1 anunciado completo Lockdown. &#8220;Sabemos que \u00e9 uma meta ambiciosa, mas essa campanha precisa ser levada at\u00e9 o fim, pois \u00e9 a \u00fanica solu\u00e7\u00e3o que temos no momento&#8221;.<\/span><\/p>\n<p><span style=\"font-weight: 400\">&#8220;O momento \u00e9 agora. N\u00e3o podemos esperar&#8221;, acrescentou o presidente da Confer\u00eancia dos governadores dos 16 estados da Federa\u00e7\u00e3o, Hendrik W\u00fcst, somando-se ao coro pela vacina\u00e7\u00e3o urgente de toda a popula\u00e7\u00e3o. &#8220;Isso salvar\u00e1 vidas&#8221;, disse ele, lembrando que desde a segunda guerra mundial o pa\u00eds n\u00e3o enfrentava uma situa\u00e7\u00e3o assim.\u00a0<\/span><\/p>\n<p class=\"intertit\"><span style=\"font-weight: 400\">Autoexplicativo<\/span><\/p>\n<p><span style=\"font-weight: 400\">O prefeito de Berlin, Michael M\u00fcller, deixou mais ou menos claro que n\u00e3o se trata apenas da popula\u00e7\u00e3o adulta. &#8220;\u00c9 uma minoria da popula\u00e7\u00e3o que n\u00e3o est\u00e1 vacinada. Mas essa minoria \u00e9 respons\u00e1vel pela maior parte das interna\u00e7\u00f5es e casos&#8221;, declarou ele durante a confer\u00eancia de imprensa para apresentar as medidas. &#8220;Precisamos reagir a isso&#8221;, complementou ao justificar a razao para um duro Lockdown apenas para os n\u00e3o vacinados. &#8220;\u00c9 uma quest\u00e3o de solidariedade, isso deveria ser autoexplicativo para uma vida em sociedade&#8221;, finalizou o prefeito.<\/span><\/p>\n<p><span style=\"font-weight: 400\">Apesar das justificativas e explica\u00e7\u00f5es, todas as autoridades admitiram que n\u00e3o h\u00e1 garantias. Um novo e irrestrito confinamento n\u00e3o est\u00e1 descartado. &#8220;Vai depender do engajamento das pessoas em se vacinarem&#8221;, sentenciou o ainda n\u00e3o empossado, Scholz.<\/span><\/p>\n<p class=\"intertit\"><span style=\"font-weight: 400\">Questoes abertas<\/span><\/p>\n<p><span style=\"font-weight: 400\">&#8220;Eles n\u00e3o garantem que o Lockdown funciona, n\u00e3o garantem que a vacina funciona, tudo depende de n\u00f3s mesmos no final. Ent\u00e3o, por que n\u00e3o deixam pra gente mesmo decidir? Por que querem nos obrigar?&#8221;, indaga Lindomar Gomes, propriet\u00e1rio de uma loja de bicicletas no bairro de Kreuzberg em Berlim. H\u00e1 18 anos vivendo na capital, o paulista de S\u00e3o Sebasti\u00e3o reclama da falta de transpar\u00eancia e abertura por parte dos respons\u00e1veis para esclarecer quest\u00f5es cruciais.<\/span><\/p>\n<p><span style=\"font-weight: 400\">&#8220;Dos 30 milh\u00f5es que faltam vacinar, pelo menos metade s\u00e3o crian\u00e7as. Sem elas continuaremos sem a imunidade de rebanho, mas e o risco de vacinarmos as crian\u00e7as com uma vacina experimental?&#8221;, raciocina o brasileiro pai de uma menina de 14 anos. A imuniza\u00e7\u00e3o das crian\u00e7as \u00e9 talvez o ponto mais pol\u00eamico de toda a estrat\u00e9gia oficial.<\/span><\/p>\n<p class=\"intertit\"><span style=\"font-weight: 400\">Obriga\u00e7\u00e3o infantil<\/span><\/p>\n<figure id=\"attachment_83656\" aria-describedby=\"caption-attachment-83656\" style=\"width: 576px\" class=\"wp-caption aligncenter\"><img decoding=\"async\" data-attachment-id=\"83656\" data-permalink=\"https:\/\/www.jornalja.com.br\/ambiente\/lockdown-dos-nao-vacinados-inicia-a-troca-de-poder-na-alemanha\/thomas-mertens-104_v-variantbig16x9_w-576_zc-915c23fa\/\" data-orig-file=\"https:\/\/www.jornalja.com.br\/ambiente\/wp-content\/uploads\/sites\/3\/2021\/12\/thomas-mertens-104-v-variantbig16x9-w-576-zc-915c23fa.jpg\" data-orig-size=\"576,324\" data-comments-opened=\"1\" data-image-meta=\"{&quot;aperture&quot;:&quot;0&quot;,&quot;credit&quot;:&quot;&quot;,&quot;camera&quot;:&quot;&quot;,&quot;caption&quot;:&quot;&quot;,&quot;created_timestamp&quot;:&quot;0&quot;,&quot;copyright&quot;:&quot;&quot;,&quot;focal_length&quot;:&quot;0&quot;,&quot;iso&quot;:&quot;0&quot;,&quot;shutter_speed&quot;:&quot;0&quot;,&quot;title&quot;:&quot;&quot;,&quot;orientation&quot;:&quot;0&quot;}\" data-image-title=\"thomas-mertens-104_v-variantBig16x9_w-576_zc-915c23fa\" data-image-description=\"\" data-image-caption=\"&lt;p&gt;Dr. Thomas Mertens, presidente da St\u00e4ndige Impfkommission (Stiko): &amp;#8220;Um quadro grave ou fatal para adolescentes saud\u00e1veis \u00e9 uma absoluta raridade&amp;#8221;. &lt;\/p&gt;\n\" data-large-file=\"https:\/\/www.jornalja.com.br\/ambiente\/wp-content\/uploads\/sites\/3\/2021\/12\/thomas-mertens-104-v-variantbig16x9-w-576-zc-915c23fa.jpg\" class=\"size-full wp-image-83656\" src=\"https:\/\/www.jornalja.com.br\/ambiente\/wp-content\/uploads\/sites\/3\/2021\/12\/thomas-mertens-104-v-variantbig16x9-w-576-zc-915c23fa.jpg\" alt=\"\" width=\"576\" height=\"324\" srcset=\"https:\/\/www.jornalja.com.br\/ambiente\/wp-content\/uploads\/sites\/3\/2021\/12\/thomas-mertens-104-v-variantbig16x9-w-576-zc-915c23fa.jpg 576w, https:\/\/www.jornalja.com.br\/ambiente\/wp-content\/uploads\/sites\/3\/2021\/12\/thomas-mertens-104-v-variantbig16x9-w-576-zc-915c23fa-300x169.jpg 300w\" sizes=\"(max-width: 576px) 100vw, 576px\" \/><figcaption id=\"caption-attachment-83656\" class=\"wp-caption-text\">Dr. Thomas Mertens, presidente da St\u00e4ndige Impfkommission (Stiko): &#8220;Um quadro grave ou fatal para adolescentes saud\u00e1veis \u00e9 uma absoluta raridade&#8221;. (Dpa)<\/figcaption><\/figure>\n<p><span style=\"font-weight: 400\">Segundo a Stiko (St\u00e4ndige Impfkommission), respons\u00e1vel pela recomenda\u00e7\u00e3o e avalia\u00e7\u00e3o de vacinas na Alemanha, existem cerca de 200 mil infec\u00e7\u00f5es confirmadas para jovens entre 12 e 16 anos desde o in\u00edcio da pandemia. Aproximadamente 2.000 precisaram ser hospitalizados, dos quais 20 em unidades de tratamento intensivo. Segundo dados do Minist\u00e9rio da Sa\u00fade, apenas dois \u00f3bitos foram registrados nessa faixa et\u00e1ria, e de crian\u00e7as com outras enfermidades. &#8220;Um quadro grave ou fatal para adolescentes dessa idade \u00e9 uma absoluta raridade&#8221;, atesta o presidente da comiss\u00e3o, Dr. Thomas Mertens.<\/span><\/p>\n<p><span style=\"font-weight: 400\">Ele admite que crian\u00e7as com co-morbidades devam ser, dependendo do caso, vacinadas. &#8220;Mas isso n\u00e3o \u00e9 nenhuma clara indica\u00e7\u00e3o para a vacina\u00e7\u00e3o de todas as crian\u00e7as saud\u00e1veis&#8221;, reitera o representante da Stiko, lembrando que a rela\u00e7\u00e3o com inflama\u00e7\u00f5es da musculatura card\u00edaca, como efeito colateral do imunizante da Pfizer\/Biontech, ainda n\u00e3o foi conclusivamente investigada. &#8220;Al\u00e9m do mais, a vacina\u00e7\u00e3o de crian\u00e7as influenciaria minimamente a situa\u00e7\u00e3o em UTIs, ou o n\u00famero de \u00f3bitos&#8221;, conclui.<\/span><\/p>\n<p class=\"intertit\"><span style=\"font-weight: 400\">Princ\u00edpio da precau\u00e7\u00e3o<\/span><\/p>\n<p><span style=\"font-weight: 400\">Mesmo encenando coes\u00e3o e seguran\u00e7a, \u00e9 n\u00edtido o desgaste do governo na condu\u00e7\u00e3o da pandemia. &#8220;O que vale a palavra dos nossos pol\u00edticos hoje?!&#8221;, ironiza Sahra Wagenknecht, ao comentar a proposta da obrigatoriedade de vacina\u00e7\u00e3o em <a href=\"https:\/\/www.youtube.com\/watch?v=CAC9F3_pjjE\">seu canal do Youtube<\/a>. No v\u00eddeo, a deputada do partido Die Linke mostra as promessas feitas anteriormente por muitos membros do governo, incluindo o Chanceler eleito, de n\u00e3o introduzir a imuniza\u00e7\u00e3o for\u00e7ada no pa\u00eds.<\/span><\/p>\n<figure id=\"attachment_83655\" aria-describedby=\"caption-attachment-83655\" style=\"width: 645px\" class=\"wp-caption aligncenter\"><img decoding=\"async\" data-attachment-id=\"83655\" data-permalink=\"https:\/\/www.jornalja.com.br\/ambiente\/lockdown-dos-nao-vacinados-inicia-a-troca-de-poder-na-alemanha\/sahra-wagenknecht-bei-anne-will2021\/\" data-orig-file=\"https:\/\/www.jornalja.com.br\/ambiente\/wp-content\/uploads\/sites\/3\/2021\/12\/sahra-wagenknecht-bei-anne-will2021-e1638835457896.jpg\" data-orig-size=\"645,446\" data-comments-opened=\"1\" data-image-meta=\"{&quot;aperture&quot;:&quot;0&quot;,&quot;credit&quot;:&quot;&quot;,&quot;camera&quot;:&quot;&quot;,&quot;caption&quot;:&quot;&quot;,&quot;created_timestamp&quot;:&quot;0&quot;,&quot;copyright&quot;:&quot;&quot;,&quot;focal_length&quot;:&quot;0&quot;,&quot;iso&quot;:&quot;0&quot;,&quot;shutter_speed&quot;:&quot;0&quot;,&quot;title&quot;:&quot;&quot;,&quot;orientation&quot;:&quot;0&quot;}\" data-image-title=\"sahra-wagenknecht&amp;#8211;bei-anne-will2021\" data-image-description=\"\" data-image-caption=\"&lt;p&gt;Sahra Wagenknecht (Die Linke) debatendo na tv p\u00fablica com o novo ministro da sa\u00fade, Karl Lauterbach (SPD). (ARD)&lt;\/p&gt;\n\" data-large-file=\"https:\/\/www.jornalja.com.br\/ambiente\/wp-content\/uploads\/sites\/3\/2021\/12\/sahra-wagenknecht-bei-anne-will2021-e1638835457896.jpg\" class=\"wp-image-83655 size-full\" src=\"https:\/\/www.jornalja.com.br\/ambiente\/wp-content\/uploads\/sites\/3\/2021\/12\/sahra-wagenknecht-bei-anne-will2021-e1638835457896.jpg\" alt=\"\" width=\"645\" height=\"446\" srcset=\"https:\/\/www.jornalja.com.br\/ambiente\/wp-content\/uploads\/sites\/3\/2021\/12\/sahra-wagenknecht-bei-anne-will2021-e1638835457896.jpg 645w, https:\/\/www.jornalja.com.br\/ambiente\/wp-content\/uploads\/sites\/3\/2021\/12\/sahra-wagenknecht-bei-anne-will2021-e1638835457896-300x207.jpg 300w\" sizes=\"(max-width: 645px) 100vw, 645px\" \/><figcaption id=\"caption-attachment-83655\" class=\"wp-caption-text\">Sahra Wagenknecht (Die Linke) debatendo na tv p\u00fablica com o novo ministro da sa\u00fade, Karl Lauterbach (SPD). (ARD)<\/figcaption><\/figure>\n<p><span style=\"font-weight: 400\">&#8220;H\u00e1 semanas nos contam esse conto de fadas de que s\u00f3 os n\u00e3o vacinados transmitem a doen\u00e7a. Todos os estudos atuais comprovam que a vacina n\u00e3o impede que uma pessoa infecte outra&#8221;, aponta Wagenknecht, uma das poucas vozes contr\u00e1rias \u00e0s medidas na esquerda alem\u00e3. &#8220;Nunca atingiremos a imunidade de rebanho com a vacina que temos hoje, s\u00f3 isso j\u00e1 deveria ser suficiente para descartar a possibilidade de ado\u00e7\u00e3o de um passaporte vacinal&#8221;, defende ela. Para a parlamentar, h\u00e1 muitas d\u00favidas n\u00e3o respondidas, especialmente sobre todos os efeitos de longo prazo. &#8220;Quantas vezes n\u00e3o retiramos medicamentos j\u00e1 aprovados do mercado, por conta dos problemas que se apresentaram ap\u00f3s anos de uso? O princ\u00edpio da precau\u00e7\u00e3o deve ser sempre orientar as decis\u00f5es desses assuntos&#8221;, reclama.<\/span><\/p>\n<p><span style=\"font-weight: 400\">Na segunda-feira (06\/12\/2021) Karl Lauterbach (SPD) foi <a href=\"https:\/\/www.jornalja.com.br\/ambiente\/omicron-aumenta-pressao-por-vacina-ultrapassada-na-europa\/\">confirmado<\/a> como novo ministro da sa\u00fade. Em sua apresenta\u00e7\u00e3o oficial na sede do partido em Berlim disse sem nenhuma precau\u00e7\u00e3o: \u201ca pandemia vai demorar mais do que muitos pensam\u201d. <\/span><\/p>\n","protected":false},"excerpt":{"rendered":"<p>&#8220;Um ato de solidariedade nacional&#8221;, definiu Angela Merkel, ainda primeira-ministra, com rela\u00e7\u00e3o ao novo pacote de medidas para enfrentar a quarta onda da pandemia na Alemanha. &#8220;A situa\u00e7\u00e3o \u00e9 muito s\u00e9ria&#8221;, justificou ela em sua \u00faltima confer\u00eancia de imprensa como chefe de estado na quinta-feira (02\/12\/2021). N\u00e3o vacinados est\u00e3o oficialmente em Lockdown. &#8220;Pessoas n\u00e3o imunizadas [&hellip;]<\/p>\n","protected":false},"author":22,"featured_media":83654,"comment_status":"open","ping_status":"open","sticky":false,"template":"","format":"standard","meta":{"jetpack_post_was_ever_published":false,"_jetpack_newsletter_access":"","_jetpack_dont_email_post_to_subs":false,"_jetpack_newsletter_tier_id":0,"_jetpack_memberships_contains_paywalled_content":false,"_jetpack_memberships_contains_paid_content":false,"footnotes":"","jetpack_publicize_message":"","jetpack_publicize_feature_enabled":true,"jetpack_social_post_already_shared":true,"jetpack_social_options":{"image_generator_settings":{"template":"highway","default_image_id":0,"font":"","enabled":false},"version":2}},"categories":[4],"tags":[161,162,214,215,171,138,230,201,217,8,205],"class_list":["post-83653","post","type-post","status-publish","format-standard","has-post-thumbnail","hentry","category-ambiente-geral","tag-alemanha","tag-angela-merkel","tag-coronavirus-na-alemanha","tag-covid-19","tag-finame","tag-governo","tag-imunizacao-forcada","tag-pandemia","tag-politica-de-saude","tag-saude","tag-sema"],"aioseo_notices":[],"jetpack_publicize_connections":[],"jetpack_featured_media_url":"https:\/\/www.jornalja.com.br\/ambiente\/wp-content\/uploads\/sites\/3\/2021\/12\/merkelolaf2021.jpg","jetpack-related-posts":[{"id":83687,"url":"https:\/\/www.jornalja.com.br\/ambiente\/apesar-da-vacinacao-lockdown-avanca-na-europa\/","url_meta":{"origin":83653,"position":0},"title":"Apesar da vacina\u00e7\u00e3o, lockdown avan\u00e7a na Europa","author":"Mariano Senna","date":"19 de dezembro de 2021","format":false,"excerpt":"O social-democrata Karl Lauterbach, guru da pandemia e agora ministro da Sa\u00fade na Alemanha, mostrou a que veio j\u00e1 na sua primeira confer\u00eancia de imprensa como titular do cargo, dia 16\/12\/2021. \"Compramos 80 milh\u00f5es de doses para os pr\u00f3ximos meses\", anunciou ele em Berlin para os jornalistas na ocasi\u00e3o. O\u2026","rel":"","context":"Em &quot;Ambiente J\u00c1-MAT\u00c9RIA&quot;","block_context":{"text":"Ambiente J\u00c1-MAT\u00c9RIA","link":"https:\/\/www.jornalja.com.br\/ambiente\/category\/ambiente-geral\/"},"img":{"alt_text":"","src":"https:\/\/i0.wp.com\/www.jornalja.com.br\/ambiente\/wp-content\/uploads\/sites\/3\/2021\/12\/demo18122021contentgross.jpg?resize=350%2C200&ssl=1","width":350,"height":200,"srcset":"https:\/\/i0.wp.com\/www.jornalja.com.br\/ambiente\/wp-content\/uploads\/sites\/3\/2021\/12\/demo18122021contentgross.jpg?resize=350%2C200&ssl=1 1x, https:\/\/i0.wp.com\/www.jornalja.com.br\/ambiente\/wp-content\/uploads\/sites\/3\/2021\/12\/demo18122021contentgross.jpg?resize=525%2C300&ssl=1 1.5x"},"classes":[]},{"id":82913,"url":"https:\/\/www.jornalja.com.br\/ambiente\/terceira-onda-chega-com-conta-politica-para-merkel\/","url_meta":{"origin":83653,"position":1},"title":"Terceira onda chega com conta pol\u00edtica para Merkel\u00a0","author":"Mariano Senna","date":"14 de mar\u00e7o de 2021","format":false,"excerpt":"\u201cA ci\u00eancia \u00e9 um dos quatro cantos da engana\u00e7\u00e3o, juntamente com a m\u00eddia, a pol\u00edtica e a religi\u00e3o\u201d, Noam Chomsky. No anivers\u00e1rio de um ano do primeiro Lockdown na Alemanha, sexta-feira, dia 12 de mar\u00e7o, o presidente do Robert-Koch Institut (RKI - www.rki.de), Lothar Wieler, respons\u00e1vel pela aferi\u00e7\u00e3o do n\u00famero\u2026","rel":"","context":"Em &quot;Ambiente J\u00c1-MAT\u00c9RIA&quot;","block_context":{"text":"Ambiente J\u00c1-MAT\u00c9RIA","link":"https:\/\/www.jornalja.com.br\/ambiente\/category\/ambiente-geral\/"},"img":{"alt_text":"","src":"https:\/\/i0.wp.com\/www.jornalja.com.br\/ambiente\/wp-content\/uploads\/sites\/3\/2021\/03\/protestoscorona2021.jpg?resize=350%2C200&ssl=1","width":350,"height":200,"srcset":"https:\/\/i0.wp.com\/www.jornalja.com.br\/ambiente\/wp-content\/uploads\/sites\/3\/2021\/03\/protestoscorona2021.jpg?resize=350%2C200&ssl=1 1x, https:\/\/i0.wp.com\/www.jornalja.com.br\/ambiente\/wp-content\/uploads\/sites\/3\/2021\/03\/protestoscorona2021.jpg?resize=525%2C300&ssl=1 1.5x, https:\/\/i0.wp.com\/www.jornalja.com.br\/ambiente\/wp-content\/uploads\/sites\/3\/2021\/03\/protestoscorona2021.jpg?resize=700%2C400&ssl=1 2x, https:\/\/i0.wp.com\/www.jornalja.com.br\/ambiente\/wp-content\/uploads\/sites\/3\/2021\/03\/protestoscorona2021.jpg?resize=1050%2C600&ssl=1 3x, https:\/\/i0.wp.com\/www.jornalja.com.br\/ambiente\/wp-content\/uploads\/sites\/3\/2021\/03\/protestoscorona2021.jpg?resize=1400%2C800&ssl=1 4x"},"classes":[]},{"id":83185,"url":"https:\/\/www.jornalja.com.br\/ambiente\/guru-alemao-da-pandemia-defende-renovacao-da-vacina-antes-de-2022\/","url_meta":{"origin":83653,"position":2},"title":"Guru alem\u00e3o da pandemia defende renova\u00e7\u00e3o da vacina antes de 2022","author":"Mariano Senna","date":"21 de maio de 2021","format":false,"excerpt":"Karl Lauterbach, \"o experte-Mor\" da pandemia para o mainstream midi\u00e1tico alem\u00e3o, j\u00e1 anunciou a receita da ind\u00fastria farmac\u00eautica mundial para o covid-19. \"O ideal \u00e9 atualizar a vacina a cada seis meses\", declarou ele na noite do dia 12 de maio, durante o programa do entrevistador Markus Lanz, na ZDF,\u2026","rel":"","context":"Em &quot;Ambiente J\u00c1-MAT\u00c9RIA&quot;","block_context":{"text":"Ambiente J\u00c1-MAT\u00c9RIA","link":"https:\/\/www.jornalja.com.br\/ambiente\/category\/ambiente-geral\/"},"img":{"alt_text":"","src":"https:\/\/i0.wp.com\/www.jornalja.com.br\/ambiente\/wp-content\/uploads\/sites\/3\/2021\/05\/gesundheitsminister-jens-spahn-ist-massiv-unter-be-202103171713-fulllauterbach.jpg?resize=350%2C200&ssl=1","width":350,"height":200,"srcset":"https:\/\/i0.wp.com\/www.jornalja.com.br\/ambiente\/wp-content\/uploads\/sites\/3\/2021\/05\/gesundheitsminister-jens-spahn-ist-massiv-unter-be-202103171713-fulllauterbach.jpg?resize=350%2C200&ssl=1 1x, https:\/\/i0.wp.com\/www.jornalja.com.br\/ambiente\/wp-content\/uploads\/sites\/3\/2021\/05\/gesundheitsminister-jens-spahn-ist-massiv-unter-be-202103171713-fulllauterbach.jpg?resize=525%2C300&ssl=1 1.5x, https:\/\/i0.wp.com\/www.jornalja.com.br\/ambiente\/wp-content\/uploads\/sites\/3\/2021\/05\/gesundheitsminister-jens-spahn-ist-massiv-unter-be-202103171713-fulllauterbach.jpg?resize=700%2C400&ssl=1 2x, https:\/\/i0.wp.com\/www.jornalja.com.br\/ambiente\/wp-content\/uploads\/sites\/3\/2021\/05\/gesundheitsminister-jens-spahn-ist-massiv-unter-be-202103171713-fulllauterbach.jpg?resize=1050%2C600&ssl=1 3x"},"classes":[]},{"id":83023,"url":"https:\/\/www.jornalja.com.br\/ambiente\/impasses-no-combate-da-pandemia-aprofundam-crise-politica-na-alemanha\/","url_meta":{"origin":83653,"position":3},"title":"Impasses no combate da pandemia aprofundam crise na Alemanha\u00a0","author":"Mariano Senna","date":"17 de abril de 2021","format":false,"excerpt":"O fiasco da pol\u00edtica de combate da pandemia na Alemanha s\u00f3 piora. Ap\u00f3s a contra-ordem com pedido de desculpas da primeira-ministra, Angela Merkel (CDU), veio o cancelamento da Confer\u00eancia de Governadores, que acontecia semanalmente na sede da Chancelaria (Kanzleramt). Dias antes da reuni\u00e3o, marcada para Segunda-feira (12\/04), o gabinete de\u2026","rel":"","context":"Em &quot;Ambiente J\u00c1-MAT\u00c9RIA&quot;","block_context":{"text":"Ambiente J\u00c1-MAT\u00c9RIA","link":"https:\/\/www.jornalja.com.br\/ambiente\/category\/ambiente-geral\/"},"img":{"alt_text":"","src":"https:\/\/i0.wp.com\/www.jornalja.com.br\/ambiente\/wp-content\/uploads\/sites\/3\/2021\/04\/img-e0029-scaled.jpg?resize=350%2C200&ssl=1","width":350,"height":200,"srcset":"https:\/\/i0.wp.com\/www.jornalja.com.br\/ambiente\/wp-content\/uploads\/sites\/3\/2021\/04\/img-e0029-scaled.jpg?resize=350%2C200&ssl=1 1x, https:\/\/i0.wp.com\/www.jornalja.com.br\/ambiente\/wp-content\/uploads\/sites\/3\/2021\/04\/img-e0029-scaled.jpg?resize=525%2C300&ssl=1 1.5x, https:\/\/i0.wp.com\/www.jornalja.com.br\/ambiente\/wp-content\/uploads\/sites\/3\/2021\/04\/img-e0029-scaled.jpg?resize=700%2C400&ssl=1 2x, https:\/\/i0.wp.com\/www.jornalja.com.br\/ambiente\/wp-content\/uploads\/sites\/3\/2021\/04\/img-e0029-scaled.jpg?resize=1050%2C600&ssl=1 3x, https:\/\/i0.wp.com\/www.jornalja.com.br\/ambiente\/wp-content\/uploads\/sites\/3\/2021\/04\/img-e0029-scaled.jpg?resize=1400%2C800&ssl=1 4x"},"classes":[]},{"id":83577,"url":"https:\/\/www.jornalja.com.br\/ambiente\/incompreensoes-marcam-a-quarta-onda-do-corona-na-europa\/","url_meta":{"origin":83653,"position":4},"title":"Incompreens\u00f5es marcam a quarta onda do Corona na Europa","author":"Mariano Senna","date":"4 de novembro de 2021","format":false,"excerpt":"Na Alemanha, a discuss\u00e3o sobre o passaporte da vacina do Corona \u00e9 antiga. Em junho passado, in\u00edcio da temporada de ver\u00e3o, o governo lan\u00e7ou o atestado digital de vacina\u00e7\u00e3o, batizado \"CovPass-app\". \"Com ele ser\u00e1 mais f\u00e1cil viajar, pelo menos dentro da Europa\", disse na \u00e9poca o ministro da Sa\u00fade, Jens\u2026","rel":"","context":"Em &quot;Ambiente J\u00c1-MAT\u00c9RIA&quot;","block_context":{"text":"Ambiente J\u00c1-MAT\u00c9RIA","link":"https:\/\/www.jornalja.com.br\/ambiente\/category\/ambiente-geral\/"},"img":{"alt_text":"","src":"https:\/\/i0.wp.com\/www.jornalja.com.br\/ambiente\/wp-content\/uploads\/sites\/3\/2021\/11\/gesundheitsminister-jens-spahn-rki-praesident-lothar-wieler-199705h.jpg?resize=350%2C200&ssl=1","width":350,"height":200,"srcset":"https:\/\/i0.wp.com\/www.jornalja.com.br\/ambiente\/wp-content\/uploads\/sites\/3\/2021\/11\/gesundheitsminister-jens-spahn-rki-praesident-lothar-wieler-199705h.jpg?resize=350%2C200&ssl=1 1x, https:\/\/i0.wp.com\/www.jornalja.com.br\/ambiente\/wp-content\/uploads\/sites\/3\/2021\/11\/gesundheitsminister-jens-spahn-rki-praesident-lothar-wieler-199705h.jpg?resize=525%2C300&ssl=1 1.5x, https:\/\/i0.wp.com\/www.jornalja.com.br\/ambiente\/wp-content\/uploads\/sites\/3\/2021\/11\/gesundheitsminister-jens-spahn-rki-praesident-lothar-wieler-199705h.jpg?resize=700%2C400&ssl=1 2x"},"classes":[]},{"id":82835,"url":"https:\/\/www.jornalja.com.br\/ambiente\/combate-a-pandemia-afeta-saude-politica-da-alemanha\/","url_meta":{"origin":83653,"position":5},"title":"Combate \u00e0 pandemia afeta sa\u00fade pol\u00edtica da Alemanha","author":"Mariano Senna","date":"26 de janeiro de 2021","format":false,"excerpt":"Desde 25 de Janeiro, passageiros que desembarcam na Alemanha devem apresentar um teste negativo para o Coronav\u00edrus. Ao chegar em solo alem\u00e3o, devem ainda fazer novo teste. Os que se negarem ser\u00e3o mandados de volta. Assim diz a portaria baixada no fim de semana pelo Minist\u00e9rio do Interior. A medida\u2026","rel":"","context":"Em &quot;Ambiente J\u00c1-MAT\u00c9RIA&quot;","block_context":{"text":"Ambiente J\u00c1-MAT\u00c9RIA","link":"https:\/\/www.jornalja.com.br\/ambiente\/category\/ambiente-geral\/"},"img":{"alt_text":"","src":"https:\/\/i0.wp.com\/www.jornalja.com.br\/ambiente\/wp-content\/uploads\/sites\/3\/2021\/01\/neuinfektionenscreenshot-2021-01-26.png?resize=350%2C200&ssl=1","width":350,"height":200,"srcset":"https:\/\/i0.wp.com\/www.jornalja.com.br\/ambiente\/wp-content\/uploads\/sites\/3\/2021\/01\/neuinfektionenscreenshot-2021-01-26.png?resize=350%2C200&ssl=1 1x, https:\/\/i0.wp.com\/www.jornalja.com.br\/ambiente\/wp-content\/uploads\/sites\/3\/2021\/01\/neuinfektionenscreenshot-2021-01-26.png?resize=525%2C300&ssl=1 1.5x, https:\/\/i0.wp.com\/www.jornalja.com.br\/ambiente\/wp-content\/uploads\/sites\/3\/2021\/01\/neuinfektionenscreenshot-2021-01-26.png?resize=700%2C400&ssl=1 2x"},"classes":[]}],"jetpack_shortlink":"https:\/\/wp.me\/pbKnZo-lLf","jetpack_sharing_enabled":true,"_links":{"self":[{"href":"https:\/\/www.jornalja.com.br\/ambiente\/wp-json\/wp\/v2\/posts\/83653","targetHints":{"allow":["GET"]}}],"collection":[{"href":"https:\/\/www.jornalja.com.br\/ambiente\/wp-json\/wp\/v2\/posts"}],"about":[{"href":"https:\/\/www.jornalja.com.br\/ambiente\/wp-json\/wp\/v2\/types\/post"}],"author":[{"embeddable":true,"href":"https:\/\/www.jornalja.com.br\/ambiente\/wp-json\/wp\/v2\/users\/22"}],"replies":[{"embeddable":true,"href":"https:\/\/www.jornalja.com.br\/ambiente\/wp-json\/wp\/v2\/comments?post=83653"}],"version-history":[{"count":1,"href":"https:\/\/www.jornalja.com.br\/ambiente\/wp-json\/wp\/v2\/posts\/83653\/revisions"}],"predecessor-version":[{"id":83657,"href":"https:\/\/www.jornalja.com.br\/ambiente\/wp-json\/wp\/v2\/posts\/83653\/revisions\/83657"}],"wp:featuredmedia":[{"embeddable":true,"href":"https:\/\/www.jornalja.com.br\/ambiente\/wp-json\/wp\/v2\/media\/83654"}],"wp:attachment":[{"href":"https:\/\/www.jornalja.com.br\/ambiente\/wp-json\/wp\/v2\/media?parent=83653"}],"wp:term":[{"taxonomy":"category","embeddable":true,"href":"https:\/\/www.jornalja.com.br\/ambiente\/wp-json\/wp\/v2\/categories?post=83653"},{"taxonomy":"post_tag","embeddable":true,"href":"https:\/\/www.jornalja.com.br\/ambiente\/wp-json\/wp\/v2\/tags?post=83653"}],"curies":[{"name":"wp","href":"https:\/\/api.w.org\/{rel}","templated":true}]}}