{"id":83659,"date":"2021-12-08T10:48:10","date_gmt":"2021-12-08T13:48:10","guid":{"rendered":"https:\/\/www.jornalja.com.br\/ambiente\/?p=83659"},"modified":"2021-12-08T10:48:43","modified_gmt":"2021-12-08T13:48:43","slug":"omicron-e-missao-impossivel-para-o-novo-chanceler-alemao","status":"publish","type":"post","link":"https:\/\/www.jornalja.com.br\/ambiente\/omicron-e-missao-impossivel-para-o-novo-chanceler-alemao\/","title":{"rendered":"Omicron \u00e9 miss\u00e3o imposs\u00edvel para o novo chanceler alem\u00e3o"},"content":{"rendered":"<figure id=\"attachment_83660\" aria-describedby=\"caption-attachment-83660\" style=\"width: 840px\" class=\"wp-caption aligncenter\"><img decoding=\"async\" data-attachment-id=\"83660\" data-permalink=\"https:\/\/www.jornalja.com.br\/ambiente\/omicron-e-missao-impossivel-para-o-novo-chanceler-alemao\/scholzvereidigung2021\/\" data-orig-file=\"https:\/\/www.jornalja.com.br\/ambiente\/wp-content\/uploads\/sites\/3\/2021\/12\/scholzvereidigung2021.jpg\" data-orig-size=\"1460,822\" data-comments-opened=\"1\" data-image-meta=\"{&quot;aperture&quot;:&quot;0&quot;,&quot;credit&quot;:&quot;&quot;,&quot;camera&quot;:&quot;&quot;,&quot;caption&quot;:&quot;&quot;,&quot;created_timestamp&quot;:&quot;0&quot;,&quot;copyright&quot;:&quot;&quot;,&quot;focal_length&quot;:&quot;0&quot;,&quot;iso&quot;:&quot;0&quot;,&quot;shutter_speed&quot;:&quot;0&quot;,&quot;title&quot;:&quot;&quot;,&quot;orientation&quot;:&quot;0&quot;}\" data-image-title=\"scholzvereidigung2021\" data-image-description=\"\" data-image-caption=\"&lt;p&gt;Olaf Scholz faz seu juramento sobre a Constitui\u00e7\u00e3o no parlamento (Bundestag), e assume como o nono chanceler da Rep\u00fablica Federal da Alemanha .&lt;\/p&gt;\n\" data-large-file=\"https:\/\/www.jornalja.com.br\/ambiente\/wp-content\/uploads\/sites\/3\/2021\/12\/scholzvereidigung2021-1024x577.jpg\" class=\"size-large wp-image-83660\" src=\"https:\/\/www.jornalja.com.br\/ambiente\/wp-content\/uploads\/sites\/3\/2021\/12\/scholzvereidigung2021-1024x577.jpg\" alt=\"\" width=\"840\" height=\"473\" srcset=\"https:\/\/www.jornalja.com.br\/ambiente\/wp-content\/uploads\/sites\/3\/2021\/12\/scholzvereidigung2021-1024x577.jpg 1024w, https:\/\/www.jornalja.com.br\/ambiente\/wp-content\/uploads\/sites\/3\/2021\/12\/scholzvereidigung2021-300x169.jpg 300w, https:\/\/www.jornalja.com.br\/ambiente\/wp-content\/uploads\/sites\/3\/2021\/12\/scholzvereidigung2021-768x432.jpg 768w, https:\/\/www.jornalja.com.br\/ambiente\/wp-content\/uploads\/sites\/3\/2021\/12\/scholzvereidigung2021-1200x676.jpg 1200w, https:\/\/www.jornalja.com.br\/ambiente\/wp-content\/uploads\/sites\/3\/2021\/12\/scholzvereidigung2021.jpg 1460w\" sizes=\"(max-width: 840px) 100vw, 840px\" \/><figcaption id=\"caption-attachment-83660\" class=\"wp-caption-text\">Olaf Scholz faz seu juramento sobre a Constitui\u00e7\u00e3o no parlamento (Bundestag), e assume como o nono chanceler da Rep\u00fablica Federal da Alemanha .<\/figcaption><\/figure>\n<p><span style=\"font-weight: 400\">O novo Chanceler, Olaf Scholz, e seu gabinete &#8220;Sem\u00e1foro&#8221; (Vermelho, Amarelo e Verde), <a href=\"https:\/\/www.bundestag.de\/dokumente\/textarchiv\/2021\/kw49-de-kanzlerwahl-vereidigung-870144\">assumiu o mandato na quarta-feira (08\/12\/21)<\/a> com uma miss\u00e3o imposs\u00edvel nas m\u00e3os. Vacinar cerca de 25 milh\u00f5es de alem\u00e3es at\u00e9 o Natal e assim, teoricamente, evitar um Lockdown durante as festas de fim de ano. No caminho dessa meta est\u00e3o, al\u00e9m dos obst\u00e1culos de log\u00edstica, uma crescente desconfian\u00e7a de quem ainda n\u00e3o est\u00e1 imunizado.<\/span><\/p>\n<p><span style=\"font-weight: 400\">O jornalista, Markus Lanz, foi direto no nervo da quest\u00e3o. &#8220;Temos hoje 25% mais doentes do Covid-19 em UTIs, do que no ano passado&#8221;, ponderou ele <a href=\"https:\/\/www.youtube.com\/watch?v=6e4D8H_-zNE\">em seu programa de entrevistas na televis\u00e3o p\u00fablica, ZDF<\/a>. Em 01 de dezembro do ano passado, 3919 pessoas estavam internadas em UTIs na Alemanha. Na mesma data deste ano o n\u00famero era de 4690 internados. Mais importante, 70% desses pacientes de hoje est\u00e3o completamente vacinados. A mesma propor\u00e7\u00e3o do total da popula\u00e7\u00e3o que j\u00e1 se imunizou.<\/span><\/p>\n<p><span style=\"font-weight: 400\">&#8220;A \u00fanica explica\u00e7\u00e3o para isso \u00e9 que este ano demoramos mais para reagir&#8221;, sugere Bernd B\u00f6ttiger, m\u00e9dico internista, diretor da Associacao Alema Interdisciplinar para Medicina Intensiva\u00a0 (Deutsche Interdisziplin\u00e4re Vereinigung f\u00fcr Intensiv und Notfall Medizin) e membro da Cruz Vermelha Alem\u00e3.<\/span><\/p>\n<p><span style=\"font-weight: 400\">&#8220;Experts do mundo inteiro est\u00e3o esfregando os olhos, n\u00e3o acreditando no que v\u00eaem. Simplesmente coisas que antes funcionavam, hoje n\u00e3o funcionam mais&#8221;, diz o pol\u00edtico Omid Nouripour, do partido Verde (die Gr\u00fcnen).<\/span><\/p>\n<p class=\"intertit\"><span style=\"font-weight: 400\">Viabilidade vacinal<\/span><\/p>\n<p><span style=\"font-weight: 400\">&#8220;N\u00e3o temos mais como quebrar essa quarta onda com a obrigatoriedade da vacina&#8221;, acredita Hendrik Streeck, diretor do Instituto de Virologia da Universidade de Bonn. &#8220;\u00c9 bom lembrar que a pr\u00f3pria avalia\u00e7\u00e3o da efic\u00e1cia dos imunizantes t\u00eam sido permanentemente recalculada pelos \u00f3rg\u00e3os respons\u00e1veis, pois mudan\u00e7as de efeito est\u00e3o sendo verificadas em curto espa\u00e7o de tempo&#8221;, explica ele.<\/span><\/p>\n<p><span style=\"font-weight: 400\">Sobretudo, o vir\u00f3logo alem\u00e3o questiona a viabilidade de uma vacina que precisa ser refor\u00e7ada a cada seis meses. &#8220;Israel j\u00e1 prepara sua quarta dose. \u00c9 isso que queremos para toda a nossa populacao?&#8221;, pergunta Dr.Streeck, hoje um dos especialistas mais respeitados na Alemanha para o coronav\u00edrus. &#8220;Nao h\u00e1 um \u00fanico servi\u00e7o p\u00fablico para o esclarecimento da popula\u00e7\u00e3o sobre a vacina, a \u00fanica mensagem da pol\u00edtica \u00e9: vacine-se ou voc\u00ea ser\u00e1 punido! No m\u00ednimo insens\u00edvel e contra-producente&#8221;, opina.<\/span><\/p>\n<figure id=\"attachment_83662\" aria-describedby=\"caption-attachment-83662\" style=\"width: 914px\" class=\"wp-caption aligncenter\"><img decoding=\"async\" data-attachment-id=\"83662\" data-permalink=\"https:\/\/www.jornalja.com.br\/ambiente\/omicron-e-missao-impossivel-para-o-novo-chanceler-alemao\/markuslanz02122021\/\" data-orig-file=\"https:\/\/www.jornalja.com.br\/ambiente\/wp-content\/uploads\/sites\/3\/2021\/12\/markuslanz02122021.jpeg\" data-orig-size=\"1280,720\" data-comments-opened=\"1\" data-image-meta=\"{&quot;aperture&quot;:&quot;0&quot;,&quot;credit&quot;:&quot;&quot;,&quot;camera&quot;:&quot;&quot;,&quot;caption&quot;:&quot;&quot;,&quot;created_timestamp&quot;:&quot;0&quot;,&quot;copyright&quot;:&quot;&quot;,&quot;focal_length&quot;:&quot;0&quot;,&quot;iso&quot;:&quot;0&quot;,&quot;shutter_speed&quot;:&quot;0&quot;,&quot;title&quot;:&quot;&quot;,&quot;orientation&quot;:&quot;0&quot;}\" data-image-title=\"markuslanz02122021\" data-image-description=\"\" data-image-caption=\"&lt;p&gt;O vir\u00f3logo, Prof. Dr. Hendrik Streeck, ao centro, entre os entrevistados da noite do jornalista Markus Lanz (\u00e0 esquerda).&lt;\/p&gt;\n\" data-large-file=\"https:\/\/www.jornalja.com.br\/ambiente\/wp-content\/uploads\/sites\/3\/2021\/12\/markuslanz02122021-1024x576.jpeg\" class=\"wp-image-83662\" src=\"https:\/\/www.jornalja.com.br\/ambiente\/wp-content\/uploads\/sites\/3\/2021\/12\/markuslanz02122021-1024x576.jpeg\" alt=\"\" width=\"914\" height=\"514\" srcset=\"https:\/\/www.jornalja.com.br\/ambiente\/wp-content\/uploads\/sites\/3\/2021\/12\/markuslanz02122021-1024x576.jpeg 1024w, https:\/\/www.jornalja.com.br\/ambiente\/wp-content\/uploads\/sites\/3\/2021\/12\/markuslanz02122021-300x169.jpeg 300w, https:\/\/www.jornalja.com.br\/ambiente\/wp-content\/uploads\/sites\/3\/2021\/12\/markuslanz02122021-768x432.jpeg 768w, https:\/\/www.jornalja.com.br\/ambiente\/wp-content\/uploads\/sites\/3\/2021\/12\/markuslanz02122021-1200x675.jpeg 1200w, https:\/\/www.jornalja.com.br\/ambiente\/wp-content\/uploads\/sites\/3\/2021\/12\/markuslanz02122021.jpeg 1280w\" sizes=\"(max-width: 914px) 100vw, 914px\" \/><figcaption id=\"caption-attachment-83662\" class=\"wp-caption-text\">O vir\u00f3logo, Prof. Dr. Hendrik Streeck, ao centro, entre os entrevistados da noite do jornalista Markus Lanz (\u00e0 esquerda).<\/figcaption><\/figure>\n<p class=\"intertit\"><span style=\"font-weight: 400\">Otimismo cauteloso<\/span><\/p>\n<p><span style=\"font-weight: 400\">Na \u00faltima sexta-feira (03\/12\/21), o fundador e CEO da Biontech, Ugur Sahin (56) admitiu em <a href=\"https:\/\/www.manager-magazin.de\/unternehmen\/pharma\/omikron-variante-biontech-chef-ugur-sahin-haelt-neuen-corona-impfstoff-fuer-erforderlich-a-d47a1cd5-1402-4c12-b683-16f1456c7e38\">uma confer\u00eancia da Reuters<\/a>, que &#8220;a Omicron possivelmente t\u00eam condicoes de infectar pessoas vacinadas&#8230;em algum momento precisaremos de uma nova vacina contra essa nova variante&#8221;. O empres\u00e1rio se mostrou surpreso pela velocidade da muta\u00e7\u00e3o ocorrida. &#8220;Era esperado que uma variante assim aparecesse, mas eu achava que seria s\u00f3 em meados do pr\u00f3ximo ano&#8221;, contou Sahin.<\/span><\/p>\n<p><span style=\"font-weight: 400\">Na concorrente AstraZeneca, a perspectiva vai na mesma dire\u00e7\u00e3o. &#8220;A verdade \u00e9 que a pr\u00f3xima onda ou a pr\u00f3xima pandemia podem ser ainda mais contagiosa, ou com maior taxa de mortalidade, ou as duas coisas juntas&#8221;, <a href=\"https:\/\/www.bbc.com\/news\/health-59542211\">declarou \u00e0 BBC<\/a> Sarah Gilbert, uma das cientistas que desenvolveram a vacina da empresa para a Covid-19. Para a professora da Universidade de Oxford, especializada no desenvolvimento de vacinas virais, as mudan\u00e7as no genoma da nova variante &#8220;indicam que os anticorpos induzidos pela vacina possam ser menos efetivos em prevenir uma infeccao.\u00a0<\/span><\/p>\n<p class=\"intertit\"><span style=\"font-weight: 400\">Vigil\u00e2ncia<\/span><\/p>\n<p><span style=\"font-weight: 400\">At\u00e9 o momento, <a href=\"https:\/\/www.jornalja.com.br\/ambiente\/novo-lockdown-reabre-debate-da-vacina-obrigatoria-na-europa\/\">an\u00e1lises mais minuciosas<\/a> indicam que a Omicron, ainda que mais contagiosa, \u00e9 menos perigosa. &#8220;Em um m\u00eas todo mundo ter\u00e1 sido infectado pela Omicron. Mas eu continuo otimista porque ainda que o n\u00famero de infectados dobre a cada dia, o n\u00famero de pacientes internados nao tem aumentado.&#8221;, diz Dr. John Campbell, em <a href=\"https:\/\/www.youtube.com\/watch?v=GTxAGb1Lv7k\">seu canal no Youtube<\/a>. A Inglaterra registra at\u00e9 o momento quase 500 casos confirmados da Omicron, mas nenhuma hospitaliza\u00e7\u00e3o ainda com o novo v\u00edrus. &#8220;Esse n\u00famero j\u00e1 \u00e9 muito maior, pois nenhum sistema de vigil\u00e2ncia consegue seguir um v\u00edrus com precisao&#8221;, avisa o professor.\u00a0<\/span><\/p>\n<p><span style=\"font-weight: 400\">Nos \u00faltimos dois anos, mais de 5,2 milh\u00f5es de pessoas morreram v\u00edtimas do Cov-SARS2, segundo a Organiza\u00e7\u00e3o Mundial da Sa\u00fade. Levantamento da <a href=\"https:\/\/www.economist.com\/graphic-detail\/coronavirus-excess-deaths-estimates\">Economist<\/a> indica que na realidade esse n\u00famero \u00e9 quatro vezes maior. Al\u00e9m das vidas, o estrago se alastra pela vida social e econ\u00f4mica, com um rastro de infla\u00e7\u00e3o, desemprego e mis\u00e9ria.<\/span><\/p>\n","protected":false},"excerpt":{"rendered":"<p>O novo Chanceler, Olaf Scholz, e seu gabinete &#8220;Sem\u00e1foro&#8221; (Vermelho, Amarelo e Verde), assumiu o mandato na quarta-feira (08\/12\/21) com uma miss\u00e3o imposs\u00edvel nas m\u00e3os. Vacinar cerca de 25 milh\u00f5es de alem\u00e3es at\u00e9 o Natal e assim, teoricamente, evitar um Lockdown durante as festas de fim de ano. No caminho dessa meta est\u00e3o, al\u00e9m dos [&hellip;]<\/p>\n","protected":false},"author":22,"featured_media":83661,"comment_status":"open","ping_status":"open","sticky":false,"template":"","format":"standard","meta":{"jetpack_post_was_ever_published":false,"_jetpack_newsletter_access":"","_jetpack_dont_email_post_to_subs":false,"_jetpack_newsletter_tier_id":0,"_jetpack_memberships_contains_paywalled_content":false,"_jetpack_memberships_contains_paid_content":false,"footnotes":"","jetpack_publicize_message":"","jetpack_publicize_feature_enabled":true,"jetpack_social_post_already_shared":true,"jetpack_social_options":{"image_generator_settings":{"template":"highway","default_image_id":0,"font":"","enabled":false},"version":2}},"categories":[4],"tags":[161,214,215,201,217,8],"class_list":["post-83659","post","type-post","status-publish","format-standard","has-post-thumbnail","hentry","category-ambiente-geral","tag-alemanha","tag-coronavirus-na-alemanha","tag-covid-19","tag-pandemia","tag-politica-de-saude","tag-saude"],"aioseo_notices":[],"jetpack_publicize_connections":[],"jetpack_featured_media_url":"https:\/\/www.jornalja.com.br\/ambiente\/wp-content\/uploads\/sites\/3\/2021\/12\/corona-varianten-omicron-100-resimage-v-variantbig1x1-w-960.jpg","jetpack-related-posts":[{"id":83642,"url":"https:\/\/www.jornalja.com.br\/ambiente\/omicron-aumenta-pressao-por-vacina-ultrapassada-na-europa\/","url_meta":{"origin":83659,"position":0},"title":"Omicron aumenta press\u00e3o por vacina\u00e7\u00e3o na Europa","author":"Mariano Senna","date":"1 de dezembro de 2021","format":false,"excerpt":"A chegada da variante Omicron, do v\u00edrus Corona, sacudiu a j\u00e1 abalada pol\u00edtica de combate da quarta onda da pandemia na Rep\u00fablica Federal da Alemanha. Antes da \"nova variante\", estados como a Bav\u00e1ria estavam sendo obrigados a transferir pacientes a pa\u00edses vizinhos devido \u00e0 superlota\u00e7\u00e3o de hospitais. Ao mesmo tempo,\u2026","rel":"","context":"Em &quot;Ambiente J\u00c1-MAT\u00c9RIA&quot;","block_context":{"text":"Ambiente J\u00c1-MAT\u00c9RIA","link":"https:\/\/www.jornalja.com.br\/ambiente\/category\/ambiente-geral\/"},"img":{"alt_text":"","src":"https:\/\/i0.wp.com\/www.jornalja.com.br\/ambiente\/wp-content\/uploads\/sites\/3\/2021\/12\/wdrforyou-corona-impfung-bei-kindern-100-v-gseapremiumxl.jpg?resize=350%2C200&ssl=1","width":350,"height":200,"srcset":"https:\/\/i0.wp.com\/www.jornalja.com.br\/ambiente\/wp-content\/uploads\/sites\/3\/2021\/12\/wdrforyou-corona-impfung-bei-kindern-100-v-gseapremiumxl.jpg?resize=350%2C200&ssl=1 1x, https:\/\/i0.wp.com\/www.jornalja.com.br\/ambiente\/wp-content\/uploads\/sites\/3\/2021\/12\/wdrforyou-corona-impfung-bei-kindern-100-v-gseapremiumxl.jpg?resize=525%2C300&ssl=1 1.5x, https:\/\/i0.wp.com\/www.jornalja.com.br\/ambiente\/wp-content\/uploads\/sites\/3\/2021\/12\/wdrforyou-corona-impfung-bei-kindern-100-v-gseapremiumxl.jpg?resize=700%2C400&ssl=1 2x"},"classes":[]},{"id":82684,"url":"https:\/\/www.jornalja.com.br\/ambiente\/novo-lockdown-atesta-ineficacia-de-medidas-alternativas-na-alemanha\/","url_meta":{"origin":83659,"position":1},"title":"Novo lockdown europeu atesta inefic\u00e1cia de medidas alternativas","author":"Mariano Senna","date":"1 de novembro de 2020","format":false,"excerpt":"Depois de lutar por semanas para evitar um novo confinamento, a Alemanha, tida como exemplo no combate da pandemia, se rendeu novamente ao Covid-19, e agora assiste impotente a forma\u00e7\u00e3o de uma tempestade perfeita. A Europa inteira foi sendo gradativamente fechada numa vers\u00e3o mais leve de confinamento, um lockdown-light. Em\u2026","rel":"","context":"Em &quot;Ambiente J\u00c1-MAT\u00c9RIA&quot;","block_context":{"text":"Ambiente J\u00c1-MAT\u00c9RIA","link":"https:\/\/www.jornalja.com.br\/ambiente\/category\/ambiente-geral\/"},"img":{"alt_text":"","src":"https:\/\/i0.wp.com\/www.jornalja.com.br\/ambiente\/wp-content\/uploads\/sites\/3\/2020\/11\/barcelonacontrapandemia102020.jpeg?resize=350%2C200&ssl=1","width":350,"height":200,"srcset":"https:\/\/i0.wp.com\/www.jornalja.com.br\/ambiente\/wp-content\/uploads\/sites\/3\/2020\/11\/barcelonacontrapandemia102020.jpeg?resize=350%2C200&ssl=1 1x, https:\/\/i0.wp.com\/www.jornalja.com.br\/ambiente\/wp-content\/uploads\/sites\/3\/2020\/11\/barcelonacontrapandemia102020.jpeg?resize=525%2C300&ssl=1 1.5x, https:\/\/i0.wp.com\/www.jornalja.com.br\/ambiente\/wp-content\/uploads\/sites\/3\/2020\/11\/barcelonacontrapandemia102020.jpeg?resize=700%2C400&ssl=1 2x, https:\/\/i0.wp.com\/www.jornalja.com.br\/ambiente\/wp-content\/uploads\/sites\/3\/2020\/11\/barcelonacontrapandemia102020.jpeg?resize=1050%2C600&ssl=1 3x, https:\/\/i0.wp.com\/www.jornalja.com.br\/ambiente\/wp-content\/uploads\/sites\/3\/2020\/11\/barcelonacontrapandemia102020.jpeg?resize=1400%2C800&ssl=1 4x"},"classes":[]},{"id":82740,"url":"https:\/\/www.jornalja.com.br\/ambiente\/apesar-dos-dilemas-lockdown-aperta-na-alemanha\/","url_meta":{"origin":83659,"position":2},"title":"Apesar dos dilemas, lockdown alem\u00e3o deve ser ampliado","author":"Mariano Senna","date":"15 de novembro de 2020","format":false,"excerpt":"\u201cO corona mata quase exclusivamente pessoas acima dos 80 anos, que \u00e9 a idade em que elas normalmente morrem aqui\u2026 dizendo de forma brutal, \u00e9 como se estiv\u00e9ssemos salvando quem, em meio ano, estar\u00e1 morto de uma forma, ou de outra\u201d, respondeu o matem\u00e1tico Boris Palmer, prefeito de T\u00fcbingen, pequeno\u2026","rel":"","context":"Em &quot;Ambiente J\u00c1-MAT\u00c9RIA&quot;","block_context":{"text":"Ambiente J\u00c1-MAT\u00c9RIA","link":"https:\/\/www.jornalja.com.br\/ambiente\/category\/ambiente-geral\/"},"img":{"alt_text":"","src":"https:\/\/i0.wp.com\/www.jornalja.com.br\/ambiente\/wp-content\/uploads\/sites\/3\/2020\/11\/markus-lanz-11-november-2020-100-3840x2160-1-scaled.jpeg?resize=350%2C200&ssl=1","width":350,"height":200,"srcset":"https:\/\/i0.wp.com\/www.jornalja.com.br\/ambiente\/wp-content\/uploads\/sites\/3\/2020\/11\/markus-lanz-11-november-2020-100-3840x2160-1-scaled.jpeg?resize=350%2C200&ssl=1 1x, https:\/\/i0.wp.com\/www.jornalja.com.br\/ambiente\/wp-content\/uploads\/sites\/3\/2020\/11\/markus-lanz-11-november-2020-100-3840x2160-1-scaled.jpeg?resize=525%2C300&ssl=1 1.5x, https:\/\/i0.wp.com\/www.jornalja.com.br\/ambiente\/wp-content\/uploads\/sites\/3\/2020\/11\/markus-lanz-11-november-2020-100-3840x2160-1-scaled.jpeg?resize=700%2C400&ssl=1 2x, https:\/\/i0.wp.com\/www.jornalja.com.br\/ambiente\/wp-content\/uploads\/sites\/3\/2020\/11\/markus-lanz-11-november-2020-100-3840x2160-1-scaled.jpeg?resize=1050%2C600&ssl=1 3x, https:\/\/i0.wp.com\/www.jornalja.com.br\/ambiente\/wp-content\/uploads\/sites\/3\/2020\/11\/markus-lanz-11-november-2020-100-3840x2160-1-scaled.jpeg?resize=1400%2C800&ssl=1 4x"},"classes":[]},{"id":83653,"url":"https:\/\/www.jornalja.com.br\/ambiente\/lockdown-dos-nao-vacinados-inicia-a-troca-de-poder-na-alemanha\/","url_meta":{"origin":83659,"position":3},"title":"Lockdown dos n\u00e3o vacinados inicia a troca de poder na Alemanha","author":"Mariano Senna","date":"6 de dezembro de 2021","format":false,"excerpt":"\"Um ato de solidariedade nacional\", definiu Angela Merkel, ainda primeira-ministra, com rela\u00e7\u00e3o ao novo pacote de medidas para enfrentar a quarta onda da pandemia na Alemanha. \"A situa\u00e7\u00e3o \u00e9 muito s\u00e9ria\", justificou ela em sua \u00faltima confer\u00eancia de imprensa como chefe de estado na quinta-feira (02\/12\/2021). N\u00e3o vacinados est\u00e3o oficialmente\u2026","rel":"","context":"Em &quot;Ambiente J\u00c1-MAT\u00c9RIA&quot;","block_context":{"text":"Ambiente J\u00c1-MAT\u00c9RIA","link":"https:\/\/www.jornalja.com.br\/ambiente\/category\/ambiente-geral\/"},"img":{"alt_text":"","src":"https:\/\/i0.wp.com\/www.jornalja.com.br\/ambiente\/wp-content\/uploads\/sites\/3\/2021\/12\/merkelolaf2021.jpg?resize=350%2C200&ssl=1","width":350,"height":200,"srcset":"https:\/\/i0.wp.com\/www.jornalja.com.br\/ambiente\/wp-content\/uploads\/sites\/3\/2021\/12\/merkelolaf2021.jpg?resize=350%2C200&ssl=1 1x, https:\/\/i0.wp.com\/www.jornalja.com.br\/ambiente\/wp-content\/uploads\/sites\/3\/2021\/12\/merkelolaf2021.jpg?resize=525%2C300&ssl=1 1.5x, https:\/\/i0.wp.com\/www.jornalja.com.br\/ambiente\/wp-content\/uploads\/sites\/3\/2021\/12\/merkelolaf2021.jpg?resize=700%2C400&ssl=1 2x, https:\/\/i0.wp.com\/www.jornalja.com.br\/ambiente\/wp-content\/uploads\/sites\/3\/2021\/12\/merkelolaf2021.jpg?resize=1050%2C600&ssl=1 3x, https:\/\/i0.wp.com\/www.jornalja.com.br\/ambiente\/wp-content\/uploads\/sites\/3\/2021\/12\/merkelolaf2021.jpg?resize=1400%2C800&ssl=1 4x"},"classes":[]},{"id":78047,"url":"https:\/\/www.jornalja.com.br\/ambiente\/recebido-com-frieza-salles-voltou-sem-a-garantia-dos-repasses-da-alemanha\/","url_meta":{"origin":83659,"position":4},"title":"Recebido com frieza, Salles voltou sem a garantia dos repasses da Alemanha","author":"da Reda\u00e7\u00e3o","date":"4 de outubro de 2019","format":false,"excerpt":"O ministro do Meio Ambiente, Ricardo Salles, deixou a Alemanha na quarta-feira (02\/10) sem conseguir qualquer concess\u00e3o do governo da chanceler federal, Angela Merkel, na quest\u00e3o da suspens\u00e3o de uma verba de 155 milh\u00f5es de reais para projetos de conserva\u00e7\u00e3o florestal no Brasil. Em agosto, em meio \u00e0 crise das\u2026","rel":"","context":"Em &quot;Ambiente J\u00c1-MAT\u00c9RIA&quot;","block_context":{"text":"Ambiente J\u00c1-MAT\u00c9RIA","link":"https:\/\/www.jornalja.com.br\/ambiente\/category\/ambiente-geral\/"},"img":{"alt_text":"","src":"https:\/\/i0.wp.com\/www.jornalja.com.br\/wp-content\/uploads\/2019\/10\/Ambiente-Alemanha-protesto-do-greenpeace-450x253.jpg?resize=350%2C200&ssl=1","width":350,"height":200},"classes":[]},{"id":77013,"url":"https:\/\/www.jornalja.com.br\/ambiente\/alemanha-quer-banir-o-glifosato-ate-2023\/","url_meta":{"origin":83659,"position":5},"title":"Alemanha quer banir o glifosato at\u00e9 2023","author":"Carlos Matsubara","date":"4 de setembro de 2019","format":false,"excerpt":"A partir de 2020, medidas para redu\u00e7\u00e3o sistem\u00e1tica do herbicida devem ser aplicadas. Alemanha ser\u00e1 o segundo pa\u00eds europeu a restringir a subst\u00e2ncia. O governo alem\u00e3o quer banir o herbicida glifosato do pa\u00eds at\u00e9 2023. A proibi\u00e7\u00e3o faz parte de um programa para a prote\u00e7\u00e3o de insetos acordado nesta quarta-feira\u2026","rel":"","context":"Em &quot;Ambiente J\u00c1-MAT\u00c9RIA&quot;","block_context":{"text":"Ambiente J\u00c1-MAT\u00c9RIA","link":"https:\/\/www.jornalja.com.br\/ambiente\/category\/ambiente-geral\/"},"img":{"alt_text":"","src":"","width":0,"height":0},"classes":[]}],"jetpack_shortlink":"https:\/\/wp.me\/pbKnZo-lLl","jetpack_sharing_enabled":true,"_links":{"self":[{"href":"https:\/\/www.jornalja.com.br\/ambiente\/wp-json\/wp\/v2\/posts\/83659","targetHints":{"allow":["GET"]}}],"collection":[{"href":"https:\/\/www.jornalja.com.br\/ambiente\/wp-json\/wp\/v2\/posts"}],"about":[{"href":"https:\/\/www.jornalja.com.br\/ambiente\/wp-json\/wp\/v2\/types\/post"}],"author":[{"embeddable":true,"href":"https:\/\/www.jornalja.com.br\/ambiente\/wp-json\/wp\/v2\/users\/22"}],"replies":[{"embeddable":true,"href":"https:\/\/www.jornalja.com.br\/ambiente\/wp-json\/wp\/v2\/comments?post=83659"}],"version-history":[{"count":1,"href":"https:\/\/www.jornalja.com.br\/ambiente\/wp-json\/wp\/v2\/posts\/83659\/revisions"}],"predecessor-version":[{"id":83663,"href":"https:\/\/www.jornalja.com.br\/ambiente\/wp-json\/wp\/v2\/posts\/83659\/revisions\/83663"}],"wp:featuredmedia":[{"embeddable":true,"href":"https:\/\/www.jornalja.com.br\/ambiente\/wp-json\/wp\/v2\/media\/83661"}],"wp:attachment":[{"href":"https:\/\/www.jornalja.com.br\/ambiente\/wp-json\/wp\/v2\/media?parent=83659"}],"wp:term":[{"taxonomy":"category","embeddable":true,"href":"https:\/\/www.jornalja.com.br\/ambiente\/wp-json\/wp\/v2\/categories?post=83659"},{"taxonomy":"post_tag","embeddable":true,"href":"https:\/\/www.jornalja.com.br\/ambiente\/wp-json\/wp\/v2\/tags?post=83659"}],"curies":[{"name":"wp","href":"https:\/\/api.w.org\/{rel}","templated":true}]}}