{"id":83732,"date":"2022-02-07T12:36:22","date_gmt":"2022-02-07T15:36:22","guid":{"rendered":"https:\/\/www.jornalja.com.br\/ambiente\/?p=83732"},"modified":"2022-02-07T12:38:44","modified_gmt":"2022-02-07T15:38:44","slug":"83732-2","status":"publish","type":"post","link":"https:\/\/www.jornalja.com.br\/ambiente\/83732-2\/","title":{"rendered":"Reservas particulares do patrim\u00f4nio natural somam 811 mil hectares no Brasil"},"content":{"rendered":"<p>As Reservas Particulares do Patrim\u00f4nio Natural (RPPN), um dos tipos de unidades de conserva\u00e7\u00e3o (UCs) que contribuem para a preserva\u00e7\u00e3o da biodiversidade no pa\u00eds, somam uma \u00e1rea de 811 mil hectares, mais do que a \u00e1rea de todas as capitais somadas (803 mil hectares).<\/p>\n<p>A <a href=\"https:\/\/gateway.pr.comunique-se.com.br\/api\/Campaign\/AddCampaignEmailClick\/998d6cda-3519-4a73-69cd-08d9e0315276\/https%253a%252f%252fwww.rppn.org.br%252fsobre\/bb55b970-091a-4aad-daf9-08d7c5ff26d1\/patriciamarinimartins@gmail.com\/True\" target=\"_blank\" rel=\"noopener noreferrer\" data-saferedirecturl=\"https:\/\/www.google.com\/url?q=https:\/\/gateway.pr.comunique-se.com.br\/api\/Campaign\/AddCampaignEmailClick\/998d6cda-3519-4a73-69cd-08d9e0315276\/https%25253a%25252f%25252fwww.rppn.org.br%25252fsobre\/bb55b970-091a-4aad-daf9-08d7c5ff26d1\/patriciamarinimartins@gmail.com\/True&amp;source=gmail&amp;ust=1644088844878000&amp;usg=AOvVaw0de_RG8lnrL4FAfblI-Xhx\">Confedera\u00e7\u00e3o Nacional de RPPNs<\/a>\u00a0 conta 1.741 reservas dessa categoria no territ\u00f3rio nacional. S\u00e3o unidades de conserva\u00e7\u00e3o reconhecidas pelo poder p\u00fablico e institu\u00eddas por iniciativa volunt\u00e1ria dos propriet\u00e1rios, sejam eles pessoas f\u00edsicas ou jur\u00eddicas.<\/p>\n<p>Entre os benef\u00edcios das RPPNs para o meio ambiente est\u00e3o a conserva\u00e7\u00e3o da biodiversidade, a expans\u00e3o das \u00e1reas protegidas no pa\u00eds e a cria\u00e7\u00e3o de corredores naturais para a circula\u00e7\u00e3o da fauna silvestre. As reservas tamb\u00e9m podem ser usadas para a pesquisa cient\u00edfica, o ecoturismo e atividades de educa\u00e7\u00e3o ambiental, entre outras formas previstas em lei.<\/p>\n<p>\u201cA partir do momento que uma RPPN \u00e9 criada, a conserva\u00e7\u00e3o ser\u00e1 perpetuada, j\u00e1 que aquela \u00e1rea sempre ser\u00e1 uma unidade de conserva\u00e7\u00e3o, mesmo que a propriedade seja vendida. Esse \u00e9 um legado que fica para gera\u00e7\u00f5es futuras e que contribui diretamente para a prote\u00e7\u00e3o da biodiversidade do pa\u00eds\u201d, ressalta Leide Takahashi, gerente s\u00eanior de Conserva\u00e7\u00e3o da Natureza da Funda\u00e7\u00e3o Grupo Botic\u00e1rio e membro da Rede de Especialistas em Conserva\u00e7\u00e3o da Natureza\u00a0(RECN).<\/p>\n<p>De acordo com levantamento da Funda\u00e7\u00e3o, em 2019, \u00faltimo ano antes da pandemia, 15 milh\u00f5es de turistas visitaram unidades de conserva\u00e7\u00e3o no Brasil.<\/p>\n<p>A Funda\u00e7\u00e3o Grupo Botic\u00e1rio mant\u00e9m duas RPPNs:\u00a0 Serra do Tombador, em Cavalcante, no Cerrado goiano, e Salto Morato, no munic\u00edpio paranaense de Guaraque\u00e7aba, no cora\u00e7\u00e3o da Grande Reserva Mata Atl\u00e2ntica. Enquanto a primeira tem concentrado esfor\u00e7os nas a\u00e7\u00f5es de conserva\u00e7\u00e3o e pesquisas cient\u00edficas, especialmente em rela\u00e7\u00e3o \u00e0 ecologia do fogo, a segunda tem investido em a\u00e7\u00f5es recreativas e educativas, sendo aberta \u00e0 visita\u00e7\u00e3o. Juntas, elas preservam mais de 11 mil hectares de vegeta\u00e7\u00e3o nativa.<\/p>\n<figure id=\"attachment_83737\" aria-describedby=\"caption-attachment-83737\" style=\"width: 338px\" class=\"wp-caption alignright\"><img decoding=\"async\" data-attachment-id=\"83737\" data-permalink=\"https:\/\/www.jornalja.com.br\/ambiente\/83732-2\/unnamed-2-2\/\" data-orig-file=\"https:\/\/www.jornalja.com.br\/ambiente\/wp-content\/uploads\/sites\/3\/2022\/02\/unnamed-2-scaled.jpg\" data-orig-size=\"2560,1707\" data-comments-opened=\"1\" data-image-meta=\"{&quot;aperture&quot;:&quot;0&quot;,&quot;credit&quot;:&quot;&quot;,&quot;camera&quot;:&quot;&quot;,&quot;caption&quot;:&quot;&quot;,&quot;created_timestamp&quot;:&quot;0&quot;,&quot;copyright&quot;:&quot;&quot;,&quot;focal_length&quot;:&quot;0&quot;,&quot;iso&quot;:&quot;0&quot;,&quot;shutter_speed&quot;:&quot;0&quot;,&quot;title&quot;:&quot;&quot;,&quot;orientation&quot;:&quot;0&quot;}\" data-image-title=\"unnamed (2)\" data-image-description=\"\" data-image-caption=\"&lt;p&gt;Serra do Tombador, no cerrado goiano, uma das reservas da Funda\u00e7\u00e3o Botic\u00e1rio\/Divulga\u00e7\u00e3o\/J\u00c1&lt;\/p&gt;\n\" data-large-file=\"https:\/\/www.jornalja.com.br\/ambiente\/wp-content\/uploads\/sites\/3\/2022\/02\/unnamed-2-1024x683.jpg\" class=\" wp-image-83737\" src=\"https:\/\/www.jornalja.com.br\/ambiente\/wp-content\/uploads\/sites\/3\/2022\/02\/unnamed-2-300x200.jpg\" alt=\"\" width=\"338\" height=\"225\" srcset=\"https:\/\/www.jornalja.com.br\/ambiente\/wp-content\/uploads\/sites\/3\/2022\/02\/unnamed-2-300x200.jpg 300w, https:\/\/www.jornalja.com.br\/ambiente\/wp-content\/uploads\/sites\/3\/2022\/02\/unnamed-2-1024x683.jpg 1024w, https:\/\/www.jornalja.com.br\/ambiente\/wp-content\/uploads\/sites\/3\/2022\/02\/unnamed-2-768x512.jpg 768w, https:\/\/www.jornalja.com.br\/ambiente\/wp-content\/uploads\/sites\/3\/2022\/02\/unnamed-2-1536x1024.jpg 1536w, https:\/\/www.jornalja.com.br\/ambiente\/wp-content\/uploads\/sites\/3\/2022\/02\/unnamed-2-2048x1365.jpg 2048w, https:\/\/www.jornalja.com.br\/ambiente\/wp-content\/uploads\/sites\/3\/2022\/02\/unnamed-2-1200x800.jpg 1200w\" sizes=\"(max-width: 338px) 100vw, 338px\" \/><figcaption id=\"caption-attachment-83737\" class=\"wp-caption-text\">Serra do Tombador, no cerrado goiano, uma das reservas da Funda\u00e7\u00e3o Botic\u00e1rio \/Divulga\u00e7\u00e3o\/J\u00c1<\/figcaption><\/figure>\n<p>Salto Morato recebe, em m\u00e9dia, 6 mil visitantes por ano e gera ao munic\u00edpio de Guaraque\u00e7aba cerca de R$ 110 mil por ano de ICMS ecol\u00f3gico. De acordo com estudo de valora\u00e7\u00e3o realizado pela Funda\u00e7\u00e3o Grupo Botic\u00e1rio, a reserva gera R$ 666 mil\/ano \u00e0 regi\u00e3o em forma de servi\u00e7os. Caso o uso agropecu\u00e1rio (antiga finalidade da propriedade) fosse mantido, o local geraria receitas estimadas em R$ 150 mil\/ano. A da Serra do Tombador tem servido a a\u00e7\u00f5es de conserva\u00e7\u00e3o e pesquisas cient\u00edficas, especialmente em rela\u00e7\u00e3o \u00e0 ecologia do fogo.<\/p>\n<p>No Rio Grande do Sul, a maior reserva particular pertence \u00e0 PUC. Fica em S\u00e3o Francisco de Paula, no nordeste ga\u00facho, onde o Projeto PR\u00d3-MATA foi desenvolvido pela universidade com o intuito de estabelecer uma \u00e1rea de conserva\u00e7\u00e3o voltada para o ensino, a pesquisa e a conserva\u00e7\u00e3o ambiental. A iniciativa teve a parceria da Universidade de T\u00fcbingen, da Alemanha, com a qual a PUCRS possui um conv\u00eanio de coopera\u00e7\u00e3o desde 1983.<\/p>\n<p>Em 1993, com recursos pr\u00f3prios complementados por significativa doa\u00e7\u00e3o da empresa STIHL, foram adquiridas diversas propriedades cont\u00edguas, num total de aproximadamente 2.400 hectares. Um adicional de \u00e1rea de 700 hectares encontra-se em processo de reivindica\u00e7\u00e3o por usucapi\u00e3o, totalizando aproximadamente 3.100 hectares de \u00e1reas destinadas \u00e0 conserva\u00e7\u00e3o do bioma Mata Atl\u00e2ntica.<\/p>\n<p>A \u00e1rea\u00a0 em S\u00e3o Francisco de Paula e est\u00e1 recoberta, na sua maior parte, por florestas prim\u00e1rias e secund\u00e1rias e tamb\u00e9m por trechos com campos nativos bem preservados. Entre 1994 e 1996 foi constru\u00edda uma sede com 900 m\u00b2, com alojamentos, laborat\u00f3rios, refeit\u00f3rios e estruturas de apoio, em local com magn\u00edfica vista da plan\u00edcie costeira, entre as lagoas Itapeva e Quadros.<\/p>\n<p>Em 2011, foi criado o\u00a0<a href=\"https:\/\/www.pucrs.br\/ima\/wp-content\/uploads\/sites\/116\/2019\/07\/plano-de-manejo-2011.pdf\" target=\"_blank\" rel=\"noopener\">Plano de Manejo do Pr\u00f3-Mata<\/a>, documento elaborado a partir de diversos estudos, incluindo diagn\u00f3sticos do meio f\u00edsico, biol\u00f3gico e social. Em 2018, com apoio da Funda\u00e7\u00e3o Botic\u00e1rio, deu-se in\u00edcio ao processo de transforma\u00e7\u00e3o da \u00e1rea em Reserva Particular do Patrim\u00f4nio Natural (RPPN) pelo Instituto Chico Mendes de Conserva\u00e7\u00e3o da Biodiversidade (ICMBio).<\/p>\n<p>&nbsp;<\/p>\n","protected":false},"excerpt":{"rendered":"<p>As Reservas Particulares do Patrim\u00f4nio Natural (RPPN), um dos tipos de unidades de conserva\u00e7\u00e3o (UCs) que contribuem para a preserva\u00e7\u00e3o da biodiversidade no pa\u00eds, somam uma \u00e1rea de 811 mil hectares, mais do que a \u00e1rea de todas as capitais somadas (803 mil hectares). A Confedera\u00e7\u00e3o Nacional de RPPNs\u00a0 conta 1.741 reservas dessa categoria no [&hellip;]<\/p>\n","protected":false},"author":4,"featured_media":83736,"comment_status":"open","ping_status":"open","sticky":false,"template":"","format":"standard","meta":{"jetpack_post_was_ever_published":false,"_jetpack_newsletter_access":"","_jetpack_dont_email_post_to_subs":false,"_jetpack_newsletter_tier_id":0,"_jetpack_memberships_contains_paywalled_content":false,"_jetpack_memberships_contains_paid_content":false,"footnotes":"","jetpack_publicize_message":"","jetpack_publicize_feature_enabled":true,"jetpack_social_post_already_shared":true,"jetpack_social_options":{"image_generator_settings":{"template":"highway","default_image_id":0,"font":"","enabled":false},"version":2}},"categories":[4],"tags":[161,16,82,112,129,97,84,69,86,190,113,52,201,147,38,141,72],"class_list":["post-83732","post","type-post","status-publish","format-standard","has-post-thumbnail","hentry","category-ambiente-geral","tag-alemanha","tag-ambiente","tag-biodiversidade","tag-cerrado","tag-chico-mendes","tag-ecologia","tag-fauna","tag-floresta","tag-florestas","tag-icmbio","tag-mata-atlantica","tag-meio-ambiente","tag-pandemia","tag-pet","tag-rio-grande-do-sul","tag-rios","tag-unidades-de-conservacao"],"aioseo_notices":[],"jetpack_publicize_connections":[],"jetpack_featured_media_url":"https:\/\/www.jornalja.com.br\/ambiente\/wp-content\/uploads\/sites\/3\/2022\/02\/reserva-natural-pucrs-promata.jpg","jetpack-related-posts":[{"id":83017,"url":"https:\/\/www.jornalja.com.br\/ambiente\/nove-unidades-de-conservacao-ambiental-incluidas-no-programa-de-concessoes\/","url_meta":{"origin":83732,"position":0},"title":"Nove unidades de conserva\u00e7\u00e3o ambiental  inclu\u00eddas no programa de concess\u00f5es","author":"da Reda\u00e7\u00e3o","date":"14 de abril de 2021","format":false,"excerpt":"O Di\u00e1rio Oficial da Uni\u00e3o (DOU) publicou nesta quarta-feira (14) decreto incluindo nove Unidades de Conserva\u00e7\u00e3o no Programa Nacional de Desestatiza\u00e7\u00e3o (PND) e as qualificando no \u00e2mbito do Programa de Parcerias de Investimentos (PPI). Nesse caso, a parceria com o setor privado ser\u00e1 via concess\u00e3o e, portanto, a \u00e1rea segue\u2026","rel":"","context":"Em &quot;Ambiente J\u00c1-MAT\u00c9RIA&quot;","block_context":{"text":"Ambiente J\u00c1-MAT\u00c9RIA","link":"https:\/\/www.jornalja.com.br\/ambiente\/category\/ambiente-geral\/"},"img":{"alt_text":"","src":"https:\/\/i0.wp.com\/www.jornalja.com.br\/ambiente\/wp-content\/uploads\/sites\/3\/2021\/04\/chapada-dos-guimaraes-mt-1024x768-1.jpg?resize=350%2C200&ssl=1","width":350,"height":200,"srcset":"https:\/\/i0.wp.com\/www.jornalja.com.br\/ambiente\/wp-content\/uploads\/sites\/3\/2021\/04\/chapada-dos-guimaraes-mt-1024x768-1.jpg?resize=350%2C200&ssl=1 1x, https:\/\/i0.wp.com\/www.jornalja.com.br\/ambiente\/wp-content\/uploads\/sites\/3\/2021\/04\/chapada-dos-guimaraes-mt-1024x768-1.jpg?resize=525%2C300&ssl=1 1.5x, https:\/\/i0.wp.com\/www.jornalja.com.br\/ambiente\/wp-content\/uploads\/sites\/3\/2021\/04\/chapada-dos-guimaraes-mt-1024x768-1.jpg?resize=700%2C400&ssl=1 2x"},"classes":[]},{"id":83922,"url":"https:\/\/www.jornalja.com.br\/ambiente\/area-devastada-pelo-garimpo-dobra-em-dez-anos-maior-parte-em-terras-indigenas\/","url_meta":{"origin":83732,"position":1},"title":"\u00c1rea devastada pelo garimpo dobra em dez anos; maior parte em terras ind\u00edgenas","author":"da Reda\u00e7\u00e3o","date":"27 de setembro de 2022","format":false,"excerpt":"Em dez anos, o garimpo devastou quase 100 mil hectares de florestas no Brasil. \u00c9 o que mostra um relat\u00f3rio divulgado nesta ter\u00e7a-feira, 27, pelo MapBiomas, projeto de monitoramento ambiental. Em 2010, as \u00e1reas abertas pelos garimbeiros chegavam a 99 mil hectares. No relat\u00f3rio divulgado agora, com dados de 2021,\u2026","rel":"","context":"Em &quot;Ambiente J\u00c1-MAT\u00c9RIA&quot;","block_context":{"text":"Ambiente J\u00c1-MAT\u00c9RIA","link":"https:\/\/www.jornalja.com.br\/ambiente\/category\/ambiente-geral\/"},"img":{"alt_text":"","src":"https:\/\/i0.wp.com\/www.jornalja.com.br\/ambiente\/wp-content\/uploads\/sites\/3\/2022\/09\/garimpo-e-mineracao-completo.png?resize=350%2C200&ssl=1","width":350,"height":200},"classes":[]},{"id":80351,"url":"https:\/\/www.jornalja.com.br\/ambiente\/poucos-municipios-gauchos-trazem-dados-precisos-sobre-suas-areas-de-preservacao\/","url_meta":{"origin":83732,"position":2},"title":"Poucos munic\u00edpios ga\u00fachos trazem dados precisos sobre suas \u00c1reas de Preserva\u00e7\u00e3o","author":"Cleber Dioni Tentardini","date":"7 de janeiro de 2020","format":false,"excerpt":"Por Bruna Lago Colaboraram: Lorenzo Panassolo, Caroline Tentardini, Lucas Lanzoni, Lianna Kelly Kunst, Stephany Foscarini, Thiago Greco, Andr\u00e9 Martins e Pedro Hameister Beta Reda\u00e7\u00e3o * O meio ambiente \u00e9, historicamente, pauta de discuss\u00f5es. O ano de 2019 deixou latente problemas recorrentes, como as queimadas na floresta Amaz\u00f4nica e o derrame\u2026","rel":"","context":"Em &quot;Ambiente J\u00c1-MAT\u00c9RIA&quot;","block_context":{"text":"Ambiente J\u00c1-MAT\u00c9RIA","link":"https:\/\/www.jornalja.com.br\/ambiente\/category\/ambiente-geral\/"},"img":{"alt_text":"","src":"https:\/\/i0.wp.com\/www.jornalja.com.br\/ambiente\/wp-content\/uploads\/sites\/3\/2020\/01\/Fazenda-Guajuviras-em-Canoas_Foto-Divulga%C3%A7%C3%A3o.jpeg?resize=350%2C200&ssl=1","width":350,"height":200,"srcset":"https:\/\/i0.wp.com\/www.jornalja.com.br\/ambiente\/wp-content\/uploads\/sites\/3\/2020\/01\/Fazenda-Guajuviras-em-Canoas_Foto-Divulga%C3%A7%C3%A3o.jpeg?resize=350%2C200&ssl=1 1x, https:\/\/i0.wp.com\/www.jornalja.com.br\/ambiente\/wp-content\/uploads\/sites\/3\/2020\/01\/Fazenda-Guajuviras-em-Canoas_Foto-Divulga%C3%A7%C3%A3o.jpeg?resize=525%2C300&ssl=1 1.5x, https:\/\/i0.wp.com\/www.jornalja.com.br\/ambiente\/wp-content\/uploads\/sites\/3\/2020\/01\/Fazenda-Guajuviras-em-Canoas_Foto-Divulga%C3%A7%C3%A3o.jpeg?resize=700%2C400&ssl=1 2x, https:\/\/i0.wp.com\/www.jornalja.com.br\/ambiente\/wp-content\/uploads\/sites\/3\/2020\/01\/Fazenda-Guajuviras-em-Canoas_Foto-Divulga%C3%A7%C3%A3o.jpeg?resize=1050%2C600&ssl=1 3x"},"classes":[]},{"id":81993,"url":"https:\/\/www.jornalja.com.br\/ambiente\/mpf-cobra-explicacoes-sobre-exoneracoes-em-unidades-de-conservacao-ambiental\/","url_meta":{"origin":83732,"position":3},"title":"MPF cobra explica\u00e7\u00f5es sobre exonera\u00e7\u00f5es em Unidades de Conserva\u00e7\u00e3o Ambiental","author":"Cleber Dioni Tentardini","date":"15 de maio de 2020","format":false,"excerpt":"A C\u00e2mara de Meio Ambiente e Patrim\u00f4nio Cultural do Minist\u00e9rio P\u00fablico Federal (4CCR\/MPF) e o Grupo de Trabalho de Unidades de Conserva\u00e7\u00e3o do MPF cobram uma explica\u00e7\u00e3o por parte da presid\u00eancia do Instituto Chico Mendes de Biodiversidade (ICMBio) sobre os motivos que levaram a autarquia ambiental a publicar exonera\u00e7\u00f5es em\u2026","rel":"","context":"Em &quot;Ambiente J\u00c1-NOTAS&quot;","block_context":{"text":"Ambiente J\u00c1-NOTAS","link":"https:\/\/www.jornalja.com.br\/ambiente\/category\/notas-ambiente-ja\/"},"img":{"alt_text":"","src":"","width":0,"height":0},"classes":[]},{"id":82482,"url":"https:\/\/www.jornalja.com.br\/ambiente\/campos-do-sul-cadastramento-aberto-para-conservacao-da-vegetacao-nativa\/","url_meta":{"origin":83732,"position":4},"title":"Campos do Sul: cadastramento aberto para conserva\u00e7\u00e3o da vegeta\u00e7\u00e3o nativa","author":"da Reda\u00e7\u00e3o","date":"9 de setembro de 2020","format":false,"excerpt":"A Secretaria Estadual do Meio Ambiente e Infraestrutura (Sema) come\u00e7ou o cadastramento de propriedades rurais no programa Campos do Sul na ter\u00e7a-feira (8\/9), por meio do Sistema On-line de Licenciamento Ambiental (SOL). Para aderir ao programa, as propriedades precisam, conforme a lei nacional da reserva legal, de 2012, ter \u00e1rea\u2026","rel":"","context":"Em &quot;Ambiente J\u00c1-MAT\u00c9RIA&quot;","block_context":{"text":"Ambiente J\u00c1-MAT\u00c9RIA","link":"https:\/\/www.jornalja.com.br\/ambiente\/category\/ambiente-geral\/"},"img":{"alt_text":"","src":"https:\/\/i0.wp.com\/www.jornalja.com.br\/ambiente\/wp-content\/uploads\/sites\/3\/2020\/09\/mata-atlantica-rs.jpg?resize=350%2C200&ssl=1","width":350,"height":200,"srcset":"https:\/\/i0.wp.com\/www.jornalja.com.br\/ambiente\/wp-content\/uploads\/sites\/3\/2020\/09\/mata-atlantica-rs.jpg?resize=350%2C200&ssl=1 1x, https:\/\/i0.wp.com\/www.jornalja.com.br\/ambiente\/wp-content\/uploads\/sites\/3\/2020\/09\/mata-atlantica-rs.jpg?resize=525%2C300&ssl=1 1.5x, https:\/\/i0.wp.com\/www.jornalja.com.br\/ambiente\/wp-content\/uploads\/sites\/3\/2020\/09\/mata-atlantica-rs.jpg?resize=700%2C400&ssl=1 2x"},"classes":[]},{"id":84633,"url":"https:\/\/www.jornalja.com.br\/ambiente\/amazonia-dez-garimpos-ilegais-destruidos-e-r-45-milhoes-em-multas\/","url_meta":{"origin":83732,"position":5},"title":"Amaz\u00f4nia: dez garimpos ilegais destru\u00eddos e R$ 4,5 milh\u00f5es em multas","author":"da Reda\u00e7\u00e3o","date":"12 de junho de 2023","format":false,"excerpt":"Dez garimpos ilegais destru\u00eddos e R$ 4,5 milh\u00f5es em multas aplicadas. Esse \u00e9 o saldo de 17 dias de atua\u00e7\u00e3o da For\u00e7a-Tarefa de Seguran\u00e7a P\u00fablica Ambiental na Floresta Nacional de Urupadi, localizada em Mau\u00e9s (AM), na regi\u00e3o sul do Amazonas, a cerca de 267 quil\u00f4metros de Manaus. Composta por agentes\u2026","rel":"","context":"Em &quot;Ambiente J\u00c1-MAT\u00c9RIA&quot;","block_context":{"text":"Ambiente J\u00c1-MAT\u00c9RIA","link":"https:\/\/www.jornalja.com.br\/ambiente\/category\/ambiente-geral\/"},"img":{"alt_text":"","src":"https:\/\/i0.wp.com\/www.jornalja.com.br\/ambiente\/wp-content\/uploads\/sites\/3\/2023\/06\/amazonia-acao-contra-garimpos-ilegais.jpeg?resize=350%2C200&ssl=1","width":350,"height":200},"classes":[]}],"jetpack_shortlink":"https:\/\/wp.me\/pbKnZo-lMw","jetpack_sharing_enabled":true,"_links":{"self":[{"href":"https:\/\/www.jornalja.com.br\/ambiente\/wp-json\/wp\/v2\/posts\/83732","targetHints":{"allow":["GET"]}}],"collection":[{"href":"https:\/\/www.jornalja.com.br\/ambiente\/wp-json\/wp\/v2\/posts"}],"about":[{"href":"https:\/\/www.jornalja.com.br\/ambiente\/wp-json\/wp\/v2\/types\/post"}],"author":[{"embeddable":true,"href":"https:\/\/www.jornalja.com.br\/ambiente\/wp-json\/wp\/v2\/users\/4"}],"replies":[{"embeddable":true,"href":"https:\/\/www.jornalja.com.br\/ambiente\/wp-json\/wp\/v2\/comments?post=83732"}],"version-history":[{"count":4,"href":"https:\/\/www.jornalja.com.br\/ambiente\/wp-json\/wp\/v2\/posts\/83732\/revisions"}],"predecessor-version":[{"id":83740,"href":"https:\/\/www.jornalja.com.br\/ambiente\/wp-json\/wp\/v2\/posts\/83732\/revisions\/83740"}],"wp:featuredmedia":[{"embeddable":true,"href":"https:\/\/www.jornalja.com.br\/ambiente\/wp-json\/wp\/v2\/media\/83736"}],"wp:attachment":[{"href":"https:\/\/www.jornalja.com.br\/ambiente\/wp-json\/wp\/v2\/media?parent=83732"}],"wp:term":[{"taxonomy":"category","embeddable":true,"href":"https:\/\/www.jornalja.com.br\/ambiente\/wp-json\/wp\/v2\/categories?post=83732"},{"taxonomy":"post_tag","embeddable":true,"href":"https:\/\/www.jornalja.com.br\/ambiente\/wp-json\/wp\/v2\/tags?post=83732"}],"curies":[{"name":"wp","href":"https:\/\/api.w.org\/{rel}","templated":true}]}}