{"id":83768,"date":"2022-03-11T12:08:00","date_gmt":"2022-03-11T15:08:00","guid":{"rendered":"https:\/\/www.jornalja.com.br\/ambiente\/?p=83768"},"modified":"2022-03-12T00:17:05","modified_gmt":"2022-03-12T03:17:05","slug":"pesquisa-pampa-gaucho-absorve-gases-de-efeito-estufa-mas-sofre-destruicao-acelerada","status":"publish","type":"post","link":"https:\/\/www.jornalja.com.br\/ambiente\/pesquisa-pampa-gaucho-absorve-gases-de-efeito-estufa-mas-sofre-destruicao-acelerada\/","title":{"rendered":"Pesquisa: Pampa Ga\u00facho absorve gases de efeito estufa mas sofre destrui\u00e7\u00e3o acelerada"},"content":{"rendered":"<p><strong>Uma pesquisa da Universidade Federal de Santa Maria mostra que o bioma pampa , se bem manejado, \u00e9 um aliado do equil\u00edbrio ambiental por sua capacidade de absorver C02. Mas est\u00e1 gravemente amea\u00e7ado pela expans\u00e3o das lavouras de soja e as planta\u00e7\u00f5es de eucalipto.<\/strong><\/p>\n<p>R<em>eportagem de Jo\u00e3o Lara Mesquita, do Estad\u00e3o:<\/em><\/p>\n<p>Dos seis biomas brasileiros ele \u00e9 o menor, o que menos chama a aten\u00e7\u00e3o do p\u00fablico, e o \u00fanico localizado apenas em um Estado, o Rio Grande do Sul. Apesar de ser destru\u00eddo numa velocidade impressionante \u00e9 muito raro ver algu\u00e9m se manifestar em seu apoio.<\/p>\n<p>Pampa \u00e9 uma palavra de origem quechua que significa \u2018regi\u00e3o plana\u2019.<\/p>\n<p>Ocupa apenas 2% do territ\u00f3rio nacional e sofre um processo de destru\u00ed\u00e7\u00e3o acelerada. Nos \u00faltimos 34 anos mais de 2 milh\u00f5es de hectares de campos nativos do <a href=\"https:\/\/marsemfim.com.br\/bioma-pampa-e-a-indiferenca-da-opiniao-publica\/\"><strong>bioma Pampa<\/strong>\u00a0<\/a>foram convertidos em lavouras, pastagens plantadas e silvicultura, segundo dados do projeto\u00a0<strong><em><a href=\"http:\/\/mapbiomas.org\/\">MapBiomas<\/a><\/em><\/strong>.\u2019 Agora uma pesquisa revela \u00a0um aliado:\u00a0<em>O Pampa Ga\u00facho absorve gases de efeito estufa e pode ser lucrativo<\/em>.<\/p>\n<p><strong>O Pampa, com suas pastagens naturais e pecu\u00e1ria bem manejadas, compensa emiss\u00f5es de gases de efeito estufa<\/strong><\/p>\n<p>O pampa ga\u00facho \u00e9 um prolongamento natural do pampa argentino e uruguaio. A geomorfologia do relevo onde ocorre \u00e9 suavemente arredondada, formando as coxilhas. E, de acordo com o\u00a0<em>agronews.tv.br,\u00a0<\/em>Uma pesquisa da Universidade Federal de Santa Maria (UFSM), que vem sendo desenvolvida desde 2015, mostra que a pastagem natural do Bioma Pampa, quando bem manejada, pode compensar as emiss\u00f5es de metano produzidas pelo gado atrav\u00e9s da absor\u00e7\u00e3o de di\u00f3xido de carbono (CO2) pela pastagem.<\/p>\n<p>Segundo a pesquisadora D\u00e9bora Regina Roberti, os resultados alcan\u00e7ados at\u00e9 o momento s\u00e3o suficientes para comprovar o sequestro de carbono (CO2) de forma org\u00e2nica no Pampa Ga\u00facho. O desafio agora \u00e9 monetizar estas informa\u00e7\u00f5es, tornando o processo algo lucrativo para o produtor rural.<\/p>\n<p>Segundo mat\u00e9ria do site\u00a0<em>www.girodoboi.com.br\u00a0<\/em>a<em>\u00a0EMBRAPA\u00a0<\/em>desenvolveu estudo sobre os biomas brasileiros quando equipes de pesquisadores em pecu\u00e1ria e sistemas integrados estudaram protocolos de sistemas de produ\u00e7\u00e3o a campo. As avalia\u00e7\u00f5es buscam entender a din\u00e2mica do ciclo do carbono na atividade. Nesse sentido, o Bioma Pampa recebeu estudos para tr\u00eas protocolos: integra\u00e7\u00e3o, emiss\u00f5es de metano pelos bovinos e pastagem nativa.<\/p>\n<p>Leandro Volk fez uma estimativa de que, mantendo a altura indicada (da vegeta\u00e7\u00e3o do Pampa), n\u00f3s ter\u00edamos\u00a0<strong>18 toneladas de carbono por hectare\u00a0<\/strong>acumuladas nessa \u00e1rea. Em s\u00edntese, esse carbono seria da forragem dispon\u00edvel, das ra\u00edzes no solo e do pr\u00f3prio solo. Analogamente, em sistema silvipastoril, uma \u00e1rvore estoca 23 toneladas. Ou seja, n\u00e3o s\u00e3o s\u00f3 as \u00e1rvores que imobilizam esse carbono. O pasto bem manejado e permanente tamb\u00e9m imobiliza.\u201d<\/p>\n<figure id=\"attachment_83769\" aria-describedby=\"caption-attachment-83769\" style=\"width: 647px\" class=\"wp-caption alignnone\"><img decoding=\"async\" data-attachment-id=\"83769\" data-permalink=\"https:\/\/www.jornalja.com.br\/ambiente\/pesquisa-pampa-gaucho-absorve-gases-de-efeito-estufa-mas-sofre-destruicao-acelerada\/ambiente-ja-pampa-absorve-emissoes-grafico-ufsm\/\" data-orig-file=\"https:\/\/www.jornalja.com.br\/ambiente\/wp-content\/uploads\/sites\/3\/2022\/03\/ambiente-ja-pampa-absorve-emissoes-grafico-ufsm.jpg\" data-orig-size=\"721,461\" data-comments-opened=\"1\" data-image-meta=\"{&quot;aperture&quot;:&quot;0&quot;,&quot;credit&quot;:&quot;&quot;,&quot;camera&quot;:&quot;&quot;,&quot;caption&quot;:&quot;&quot;,&quot;created_timestamp&quot;:&quot;0&quot;,&quot;copyright&quot;:&quot;&quot;,&quot;focal_length&quot;:&quot;0&quot;,&quot;iso&quot;:&quot;0&quot;,&quot;shutter_speed&quot;:&quot;0&quot;,&quot;title&quot;:&quot;&quot;,&quot;orientation&quot;:&quot;0&quot;}\" data-image-title=\"Ambiente j\u00e1 pampa absorve emiss\u00f5es grafico ufsm\" data-image-description=\"\" data-image-caption=\"&lt;p&gt;Ilustra\u00e7\u00e3o UFSM&lt;\/p&gt;\n\" data-large-file=\"https:\/\/www.jornalja.com.br\/ambiente\/wp-content\/uploads\/sites\/3\/2022\/03\/ambiente-ja-pampa-absorve-emissoes-grafico-ufsm.jpg\" class=\" wp-image-83769\" src=\"https:\/\/www.jornalja.com.br\/ambiente\/wp-content\/uploads\/sites\/3\/2022\/03\/ambiente-ja-pampa-absorve-emissoes-grafico-ufsm-300x192.jpg\" alt=\"\" width=\"647\" height=\"414\" srcset=\"https:\/\/www.jornalja.com.br\/ambiente\/wp-content\/uploads\/sites\/3\/2022\/03\/ambiente-ja-pampa-absorve-emissoes-grafico-ufsm-300x192.jpg 300w, https:\/\/www.jornalja.com.br\/ambiente\/wp-content\/uploads\/sites\/3\/2022\/03\/ambiente-ja-pampa-absorve-emissoes-grafico-ufsm.jpg 721w\" sizes=\"(max-width: 647px) 100vw, 647px\" \/><figcaption id=\"caption-attachment-83769\" class=\"wp-caption-text\">Ilustra\u00e7\u00e3o UFSM<\/figcaption><\/figure>\n<p><strong>Drenos de gases de efeito estufa<\/strong><\/p>\n<p>O\u00a0estudo que constata que o bioma Pampa funciona como dreno de GEEs foi realizado pelo Laborat\u00f3rio de Micrometeorologia da UFSM e coordenado pela professora do Departamento de F\u00edsica, D\u00e9bora Regina Roberti.<\/p>\n<p>A partir da coleta de dados sobre trocas de carbono e metano nos ecossistemas, o grupo de pesquisadores coordenado pela professora concluiu que o bioma Pampa, em condi\u00e7\u00f5es de manejo adequado, funciona como uma esp\u00e9cie de dreno de gases de efeito estufa.<\/p>\n<p>O Pampa \u00a0ocupa uma \u00e1rea de 176.496 km\u00b2 (IBGE, 2004). Isto corresponde a 63% do territ\u00f3rio estadual e a 2,07% do territ\u00f3rio brasileiro. \u00a0Mas a\u00a0perda anual tem sido 125 mil hectares nos \u00faltimos seis anos, sem sinais de decr\u00e9scimo. Isso corresponde a 175 mil campos de futebol por ano, o que deveria gerar como\u00e7\u00e3o p\u00fablica e a\u00e7\u00f5es rigorosas de fiscaliza\u00e7\u00e3o.<\/p>\n<p>Mas, nenhum deles acontece de fato. A fiscaliza\u00e7\u00e3o \u00e9 quase nula, e a como\u00e7\u00e3o n\u00e3o acompanha o que se passa no bioma. J\u00e1 estamos acostumados. No mar, o descaso acontece porque as pessoas n\u00e3o veem o que est\u00e1 debaixo d\u2019\u00e1gua. Para ampla por\u00e7\u00e3o da popula\u00e7\u00e3o mundial, mar \u00e9 sin\u00f4nimo de lazer, praias, sol, f\u00e9rias ou feriados. Assim parece ser no Pampa, apesar da beleza e biodiversidade.<\/p>\n<p><strong>As paisagens naturais do Pampa<\/strong><\/p>\n<p>As paisagens naturais do Pampa se caracterizam pelo predom\u00ednio dos campos nativos, mas h\u00e1 tamb\u00e9m a presen\u00e7a de matas ciliares, matas de encosta, matas de pau-ferro, forma\u00e7\u00f5es arbustivas, butiazais, banhados, afloramentos rochosos, etc.<\/p>\n<p>Segundo o site coladaweb.com, \u00c1rea de relevo plano, com baixas altitudes, onde dominam grandes extens\u00f5es de vegeta\u00e7\u00e3o herb\u00e1cea.<\/p>\n<p>E, por ser um conjunto de ecossistemas muito antigos, o Pampa apresenta flora e fauna pr\u00f3prias e grande biodiversidade, ainda n\u00e3o completamente descrita pela ci\u00eancia. Estimativas indicam valores em torno de 3000 esp\u00e9cies de plantas, com not\u00e1vel diversidade de gram\u00edneas, s\u00e3o mais de 450 esp\u00e9cies (capim-forquilha, grama-tapete, flechilhas, barbas-de-bode, cabelos de-porco, dentre outras).<\/p>\n<p>E, no que diz respeito ao Rio Grande do Sul, \u2018a qualidade da \u00e1gua, e dos alimentos, depende diretamente da conserva\u00e7\u00e3o dos ecossistemas naturais. Sem a vegeta\u00e7\u00e3o nativa, a poliniza\u00e7\u00e3o de muitas culturas agr\u00edcolas fica comprometida. A hidrografia dos pampas \u00e9 formada pelos rios da Bacia do Uruguai e pela Bacia Secund\u00e1ria do Sudeste-Sul. A Bacia do Uruguai serve de limite entre as terras brasileiras, uruguaias e argentinas.<\/p>\n<p>Quem sabe agora comece a mudar\u2026<\/p>\n<p>Se o Pampa s\u00f3 atinge o Rio Grande do Sul, ele se estende pela \u00a0Am\u00e9rica do Sul, onde os campos e pampas se estendem por uma \u00e1rea de aproximadamente 750 mil km2, compartilhada por Brasil, Uruguai e Argentina.<\/p>\n<p><strong>\u2018Caracter\u00edsticas \u00fanicas da paisagem contribuem para o manejo adequado do gado\u2019<\/strong><\/p>\n<p><em>\u00a0<\/em>Conforme a pesquisa, a combina\u00e7\u00e3o entre o clima e as caracter\u00edsticas \u00fanicas da paisagem contribuem para o manejo adequado do gado, que podem ajudar na elabora\u00e7\u00e3o de estrat\u00e9gias para a redu\u00e7\u00e3o da emiss\u00e3o dos gases de efeito estufa na atmosfera.<\/p>\n<p>A pesquisadora D\u00e9bora explica que, durante o inverno, em que h\u00e1 menor crescimento das pastagens, o Pampa emite mais di\u00f3xido de carbono (CO2) do que absorve. No entanto, a quantidade de absor\u00e7\u00e3o dos gases no ver\u00e3o compensa a emiss\u00e3o do inverno e, em uma m\u00e9dia anual, o local funciona como um absorvedor de CO2.<\/p>\n<p><strong>D\u00e9bora Regina Roberti<\/strong>, graduada em F\u00edsica Licenciatura pela Universidade Federal de Santa Maria (1998), mestrado em F\u00edsica pela Universidade Federal de Santa Maria (2001) e doutorado em F\u00edsica, com est\u00e1gio sandu\u00edche no CNR It\u00e1lia, pela Universidade Federal de Santa Maria (2005). Atualmente \u00e9 professora associada III da UFSM.<\/p>\n<p><strong>Fontes:<\/strong>\u00a0https:\/\/agronews.tv.br\/pesquisa-revela-que-o-pampa-gaucho-absorve-gee-e-pode-ser-lucrativo\/?fbclid=IwAR3UJjwXojBdwXuAv8ytdbRUi3_xsAeIBYqvhkeZDKsQs-IMopkR0DmjlFo; https:\/\/www.girodoboi.com.br\/noticias\/pastagem-nativa-bem-manejada-acumula-ate-18-t-de-carbono-por-hectare\/?fbclid=IwAR05lYhsfNcerMHEeCOIypAuUh6qgAxx3RSHsKD8c_xwgYEfHRsfKbS6D_8.<\/p>\n<p>&nbsp;<\/p>\n<p>&nbsp;<\/p>\n","protected":false},"excerpt":{"rendered":"<p>Uma pesquisa da Universidade Federal de Santa Maria mostra que o bioma pampa , se bem manejado, \u00e9 um aliado do equil\u00edbrio ambiental por sua capacidade de absorver C02. Mas est\u00e1 gravemente amea\u00e7ado pela expans\u00e3o das lavouras de soja e as planta\u00e7\u00f5es de eucalipto. Reportagem de Jo\u00e3o Lara Mesquita, do Estad\u00e3o: Dos seis biomas brasileiros [&hellip;]<\/p>\n","protected":false},"author":4,"featured_media":83101,"comment_status":"open","ping_status":"open","sticky":false,"template":"","format":"standard","meta":{"jetpack_post_was_ever_published":false,"_jetpack_newsletter_access":"","_jetpack_dont_email_post_to_subs":false,"_jetpack_newsletter_tier_id":0,"_jetpack_memberships_contains_paywalled_content":false,"_jetpack_memberships_contains_paid_content":false,"footnotes":"","jetpack_publicize_message":"","jetpack_publicize_feature_enabled":true,"jetpack_social_post_already_shared":true,"jetpack_social_options":{"image_generator_settings":{"template":"highway","default_image_id":0,"font":"","enabled":false},"version":2}},"categories":[4],"tags":[59,82,156,63,23,163,84,85,204,70,147,79,38,141],"class_list":["post-83768","post","type-post","status-publish","format-standard","has-post-thumbnail","hentry","category-ambiente-geral","tag-agua","tag-biodiversidade","tag-co2","tag-efeito-estufa","tag-embrapa","tag-emissoes","tag-fauna","tag-flora","tag-pampa","tag-pecuaria","tag-pet","tag-qualidade-da-agua","tag-rio-grande-do-sul","tag-rios"],"aioseo_notices":[],"jetpack_publicize_connections":[],"jetpack_featured_media_url":"https:\/\/www.jornalja.com.br\/ambiente\/wp-content\/uploads\/sites\/3\/2021\/05\/16199781547452055413755372922651.jpg","jetpack-related-posts":[{"id":85727,"url":"https:\/\/www.jornalja.com.br\/ambiente\/professora-da-ufrgs-vai-ser-a-voz-do-pampa-na-cop-30-em-belem\/","url_meta":{"origin":83768,"position":0},"title":"Professora da UFRGS vai ser a voz do pampa na COP 30 em Bel\u00e9m","author":"da Reda\u00e7\u00e3o","date":"23 de outubro de 2025","format":false,"excerpt":"M\u00e1rcia Turcato Tatiana Mora Kuplich, tecnologista da Divis\u00e3o de Observa\u00e7\u00e3o da Terra e Geoinform\u00e1tica do INPE- Instituto Nacional de Pesquisas Espaciais, \u00e9 a mulher que vai falar sobre o bioma Pampa em evento no \u00e2mbito da COP 30, a confer\u00eancia internacional sobre mudan\u00e7as clim\u00e1ticas, em Bel\u00e9m, de 10 a 21\u2026","rel":"","context":"Em &quot;Ambiente J\u00c1-MAT\u00c9RIA&quot;","block_context":{"text":"Ambiente J\u00c1-MAT\u00c9RIA","link":"https:\/\/www.jornalja.com.br\/ambiente\/category\/ambiente-geral\/"},"img":{"alt_text":"","src":"https:\/\/i0.wp.com\/www.jornalja.com.br\/ambiente\/wp-content\/uploads\/sites\/3\/2025\/10\/pampa-professora-que-vai-a-cop30.jpg?resize=350%2C200&ssl=1","width":350,"height":200,"srcset":"https:\/\/i0.wp.com\/www.jornalja.com.br\/ambiente\/wp-content\/uploads\/sites\/3\/2025\/10\/pampa-professora-que-vai-a-cop30.jpg?resize=350%2C200&ssl=1 1x, https:\/\/i0.wp.com\/www.jornalja.com.br\/ambiente\/wp-content\/uploads\/sites\/3\/2025\/10\/pampa-professora-que-vai-a-cop30.jpg?resize=525%2C300&ssl=1 1.5x, https:\/\/i0.wp.com\/www.jornalja.com.br\/ambiente\/wp-content\/uploads\/sites\/3\/2025\/10\/pampa-professora-que-vai-a-cop30.jpg?resize=700%2C400&ssl=1 2x"},"classes":[]},{"id":83097,"url":"https:\/\/www.jornalja.com.br\/ambiente\/pampa-perde-16-da-vegetacao-nativa-em-20-anos-avanco-da-soja-e-o-principal-fator\/","url_meta":{"origin":83768,"position":1},"title":"Pampa perde 16% da vegeta\u00e7\u00e3o nativa em 20 anos; avan\u00e7o da soja \u00e9 o principal fator","author":"da Reda\u00e7\u00e3o","date":"1 de maio de 2021","format":false,"excerpt":"Pampa Sul-americano perdeu 16,3% de vegeta\u00e7\u00e3o nativa em 20 anos, mostra mapeamento in\u00e9dito, abrangendo Brasil, Argentina e Uruguai. Com uma \u00e1rea de um milh\u00e3o de quil\u00f4metros quadrados (1.005.780 km\u00b2) dos quais 43,2% deles cobertos por vegeta\u00e7\u00e3o nativa, o\u00a0Pampa Sul-americano teve perda l\u00edquida de vegeta\u00e7\u00e3o nativa de 16,3% em 20 anos,\u2026","rel":"","context":"Em &quot;Ambiente J\u00c1-MAT\u00c9RIA&quot;","block_context":{"text":"Ambiente J\u00c1-MAT\u00c9RIA","link":"https:\/\/www.jornalja.com.br\/ambiente\/category\/ambiente-geral\/"},"img":{"alt_text":"","src":"https:\/\/i0.wp.com\/www.jornalja.com.br\/ambiente\/wp-content\/uploads\/sites\/3\/2021\/05\/16199781547452055413755372922651.jpg?resize=350%2C200&ssl=1","width":350,"height":200,"srcset":"https:\/\/i0.wp.com\/www.jornalja.com.br\/ambiente\/wp-content\/uploads\/sites\/3\/2021\/05\/16199781547452055413755372922651.jpg?resize=350%2C200&ssl=1 1x, https:\/\/i0.wp.com\/www.jornalja.com.br\/ambiente\/wp-content\/uploads\/sites\/3\/2021\/05\/16199781547452055413755372922651.jpg?resize=525%2C300&ssl=1 1.5x"},"classes":[]},{"id":85525,"url":"https:\/\/www.jornalja.com.br\/ambiente\/pampa-ameacado-forum-internacional-avalia-perdas-de-campos-nativos-no-brasil-uruguai-e-argentina\/","url_meta":{"origin":83768,"position":2},"title":"Pampa amea\u00e7ado: F\u00f3rum Internacional avalia perdas de campos nativos","author":"da Reda\u00e7\u00e3o","date":"22 de mar\u00e7o de 2025","format":false,"excerpt":"O menor e mais amea\u00e7ado bioma brasileiro \u2013 o Pampa \u2013 \u00e9 o tema do \u00a0F\u00f3rum Internacional de Meio Ambiente, nos dias 26 e 27 de mar\u00e7o, em Porto Alegre. Em sua 13\u00aa edi\u00e7\u00e3o, o f\u00f3rum \u00e9 organizado pela Associa\u00e7\u00e3o Riograndense de Imprensa e faz parte da programa\u00e7\u00e3o dos 90\u2026","rel":"","context":"Em &quot;Ambiente J\u00c1-MAT\u00c9RIA&quot;","block_context":{"text":"Ambiente J\u00c1-MAT\u00c9RIA","link":"https:\/\/www.jornalja.com.br\/ambiente\/category\/ambiente-geral\/"},"img":{"alt_text":"","src":"","width":0,"height":0},"classes":[]},{"id":83892,"url":"https:\/\/www.jornalja.com.br\/ambiente\/inventario-das-termeletricas-pouca-energia-e-muita-poluicao-nas-usinas-a-carvao\/","url_meta":{"origin":83768,"position":3},"title":"Invent\u00e1rio das termel\u00e9tricas: pouca energia e muita polui\u00e7\u00e3o nas usinas a carv\u00e3o","author":"da Reda\u00e7\u00e3o","date":"29 de junho de 2022","format":false,"excerpt":"Entre as dez usinas termel\u00e9tricas com maior taxa de emiss\u00e3o de gases de efeito estufa (GEE) no Brasil, cinco est\u00e3o localizadas na regi\u00e3o Sul, mostra o in\u00e9dito \u201cInvent\u00e1rio de Emiss\u00f5es Atmosf\u00e9ricas em Usinas Termel\u00e9tricas\u201d, estudo do Instituto de Energia e Meio Ambiente (IEMA) lan\u00e7ado nesta quinta, 30 de junho. O\u2026","rel":"","context":"Em &quot;Ambiente J\u00c1-MAT\u00c9RIA&quot;","block_context":{"text":"Ambiente J\u00c1-MAT\u00c9RIA","link":"https:\/\/www.jornalja.com.br\/ambiente\/category\/ambiente-geral\/"},"img":{"alt_text":"","src":"https:\/\/i0.wp.com\/www.jornalja.com.br\/ambiente\/wp-content\/uploads\/sites\/3\/2022\/06\/carvao-candiota.jpg?resize=350%2C200&ssl=1","width":350,"height":200,"srcset":"https:\/\/i0.wp.com\/www.jornalja.com.br\/ambiente\/wp-content\/uploads\/sites\/3\/2022\/06\/carvao-candiota.jpg?resize=350%2C200&ssl=1 1x, https:\/\/i0.wp.com\/www.jornalja.com.br\/ambiente\/wp-content\/uploads\/sites\/3\/2022\/06\/carvao-candiota.jpg?resize=525%2C300&ssl=1 1.5x, https:\/\/i0.wp.com\/www.jornalja.com.br\/ambiente\/wp-content\/uploads\/sites\/3\/2022\/06\/carvao-candiota.jpg?resize=700%2C400&ssl=1 2x, https:\/\/i0.wp.com\/www.jornalja.com.br\/ambiente\/wp-content\/uploads\/sites\/3\/2022\/06\/carvao-candiota.jpg?resize=1050%2C600&ssl=1 3x, https:\/\/i0.wp.com\/www.jornalja.com.br\/ambiente\/wp-content\/uploads\/sites\/3\/2022\/06\/carvao-candiota.jpg?resize=1400%2C800&ssl=1 4x"},"classes":[]},{"id":82305,"url":"https:\/\/www.jornalja.com.br\/ambiente\/mp-destina-r-1-milhao-para-melhorias-no-jardim-botanico-e-na-apa-do-banhado-grande\/","url_meta":{"origin":83768,"position":4},"title":"MP destina R$ 1 milh\u00e3o para melhorias no Jardim Bot\u00e2nico e na APA do Banhado Grande","author":"Cleber Dioni Tentardini","date":"17 de julho de 2020","format":false,"excerpt":"O Minist\u00e9rio P\u00fablico do Rio Grande do Sul aprovou o repasse de mais de R$ 1 milh\u00e3o \u00e0 Secretaria do Meio Ambiente e Infraestrutura (SEMA), recursos que ser\u00e3o destinados ao Jardim Bot\u00e2nico de Porto Alegre e a \u00c1rea de Prote\u00e7\u00e3o Ambiental (APA) do Banhado Grande. O dinheiro \u00e9 do Fundo\u2026","rel":"","context":"Em &quot;Ambiente J\u00c1-MAT\u00c9RIA&quot;","block_context":{"text":"Ambiente J\u00c1-MAT\u00c9RIA","link":"https:\/\/www.jornalja.com.br\/ambiente\/category\/ambiente-geral\/"},"img":{"alt_text":"","src":"https:\/\/i0.wp.com\/www.jornalja.com.br\/ambiente\/wp-content\/uploads\/sites\/3\/2020\/07\/15jun-00-137-apa-do-banhado-grande-foto-ricardo-aranha-scaled.jpg?resize=350%2C200&ssl=1","width":350,"height":200,"srcset":"https:\/\/i0.wp.com\/www.jornalja.com.br\/ambiente\/wp-content\/uploads\/sites\/3\/2020\/07\/15jun-00-137-apa-do-banhado-grande-foto-ricardo-aranha-scaled.jpg?resize=350%2C200&ssl=1 1x, https:\/\/i0.wp.com\/www.jornalja.com.br\/ambiente\/wp-content\/uploads\/sites\/3\/2020\/07\/15jun-00-137-apa-do-banhado-grande-foto-ricardo-aranha-scaled.jpg?resize=525%2C300&ssl=1 1.5x, https:\/\/i0.wp.com\/www.jornalja.com.br\/ambiente\/wp-content\/uploads\/sites\/3\/2020\/07\/15jun-00-137-apa-do-banhado-grande-foto-ricardo-aranha-scaled.jpg?resize=700%2C400&ssl=1 2x"},"classes":[]},{"id":85359,"url":"https:\/\/www.jornalja.com.br\/ambiente\/maior-proporcao-de-municipios-com-perdas-de-vegetacao-nativa-e-do-bioma-pampa-35\/","url_meta":{"origin":83768,"position":5},"title":"Maior propor\u00e7\u00e3o de munic\u00edpios com perdas de vegeta\u00e7\u00e3o nativa \u00e9 do bioma Pampa: 35%","author":"S\u00e9rgio Lagranha","date":"21 de agosto de 2024","format":false,"excerpt":"Novos dados do MapBiomas mostram que a perda hist\u00f3rica de \u00e1reas naturais no Brasil at\u00e9 1985 totalizava 20% do territ\u00f3rio. Nos 39 anos seguintes (1985-2023), essa perda avan\u00e7ou para outros 13% do territ\u00f3rio (110 milh\u00f5es de hectares), totalizando em 2023 a marca de 33%. \u00a0As perdas neste per\u00edodo mais recente\u2026","rel":"","context":"Em &quot;Ambiente J\u00c1-MAT\u00c9RIA&quot;","block_context":{"text":"Ambiente J\u00c1-MAT\u00c9RIA","link":"https:\/\/www.jornalja.com.br\/ambiente\/category\/ambiente-geral\/"},"img":{"alt_text":"","src":"https:\/\/i0.wp.com\/www.jornalja.com.br\/ambiente\/wp-content\/uploads\/sites\/3\/2021\/05\/16199781547452055413755372922651.jpg?resize=350%2C200&ssl=1","width":350,"height":200,"srcset":"https:\/\/i0.wp.com\/www.jornalja.com.br\/ambiente\/wp-content\/uploads\/sites\/3\/2021\/05\/16199781547452055413755372922651.jpg?resize=350%2C200&ssl=1 1x, https:\/\/i0.wp.com\/www.jornalja.com.br\/ambiente\/wp-content\/uploads\/sites\/3\/2021\/05\/16199781547452055413755372922651.jpg?resize=525%2C300&ssl=1 1.5x"},"classes":[]}],"jetpack_shortlink":"https:\/\/wp.me\/pbKnZo-lN6","jetpack_sharing_enabled":true,"_links":{"self":[{"href":"https:\/\/www.jornalja.com.br\/ambiente\/wp-json\/wp\/v2\/posts\/83768","targetHints":{"allow":["GET"]}}],"collection":[{"href":"https:\/\/www.jornalja.com.br\/ambiente\/wp-json\/wp\/v2\/posts"}],"about":[{"href":"https:\/\/www.jornalja.com.br\/ambiente\/wp-json\/wp\/v2\/types\/post"}],"author":[{"embeddable":true,"href":"https:\/\/www.jornalja.com.br\/ambiente\/wp-json\/wp\/v2\/users\/4"}],"replies":[{"embeddable":true,"href":"https:\/\/www.jornalja.com.br\/ambiente\/wp-json\/wp\/v2\/comments?post=83768"}],"version-history":[{"count":1,"href":"https:\/\/www.jornalja.com.br\/ambiente\/wp-json\/wp\/v2\/posts\/83768\/revisions"}],"predecessor-version":[{"id":83770,"href":"https:\/\/www.jornalja.com.br\/ambiente\/wp-json\/wp\/v2\/posts\/83768\/revisions\/83770"}],"wp:featuredmedia":[{"embeddable":true,"href":"https:\/\/www.jornalja.com.br\/ambiente\/wp-json\/wp\/v2\/media\/83101"}],"wp:attachment":[{"href":"https:\/\/www.jornalja.com.br\/ambiente\/wp-json\/wp\/v2\/media?parent=83768"}],"wp:term":[{"taxonomy":"category","embeddable":true,"href":"https:\/\/www.jornalja.com.br\/ambiente\/wp-json\/wp\/v2\/categories?post=83768"},{"taxonomy":"post_tag","embeddable":true,"href":"https:\/\/www.jornalja.com.br\/ambiente\/wp-json\/wp\/v2\/tags?post=83768"}],"curies":[{"name":"wp","href":"https:\/\/api.w.org\/{rel}","templated":true}]}}