{"id":84105,"date":"2023-07-12T06:00:23","date_gmt":"2023-07-12T09:00:23","guid":{"rendered":"https:\/\/www.jornalja.com.br\/ambiente\/?p=84105"},"modified":"2023-07-12T09:34:54","modified_gmt":"2023-07-12T12:34:54","slug":"travessia-de-viamao-2-programa-alia-producao-de-alimentos-com-praticas-socioambientais","status":"publish","type":"post","link":"https:\/\/www.jornalja.com.br\/ambiente\/travessia-de-viamao-2-programa-alia-producao-de-alimentos-com-praticas-socioambientais\/","title":{"rendered":"Travessia de Viam\u00e3o (2): Programa alia produ\u00e7\u00e3o de alimentos a pr\u00e1ticas socioambientais"},"content":{"rendered":"<p class=\"assina\">Por Cleber Dioni Tentardini *<\/p>\n<p>Com a abund\u00e2ncia de terra, \u00e1gua e reservas naturais, \u00e9 natural que a voca\u00e7\u00e3o do munic\u00edpio se volte para a produ\u00e7\u00e3o de alimentos. Mas, que alimentos?<\/p>\n<p>O engenheiro agr\u00f4nomo Claudio Fioreze, coordenador do\u00a0Programa EcoViam\u00e3o &#8211; curso de extens\u00e3o do IFRS Campus Viam\u00e3o &#8211; defende que o munic\u00edpio esteja cada vez mais voltado para pr\u00e1ticas ecol\u00f3gicas, criando zonas de amortecimento no entorno das reservas com produ\u00e7\u00e3o org\u00e2nica.<\/p>\n<p>&#8211; \u00c9 o potencial natural de Viam\u00e3o, diz o professor.<\/p>\n<p>EcoViam\u00e3o surgiu em 2016 com o prop\u00f3sito de implantar\u00a0 atividades agroecol\u00f3gicas de ensino, pesquisa, extens\u00e3o e inova\u00e7\u00e3o.<\/p>\n<p>Fioreze lembra que 37% do territ\u00f3rio \u00e9 composto por unidades de conserva\u00e7\u00e3o, de prote\u00e7\u00e3o integral e de desenvolvimento sustent\u00e1vel. Ou seja, mais de um ter\u00e7o do munic\u00edpio.<\/p>\n<p>&#8211; Os assentados est\u00e3o provando que \u00e9 poss\u00edvel a conviv\u00eancia da produ\u00e7\u00e3o com a conserva\u00e7\u00e3o. Come\u00e7aram a primeira lavoura de soja org\u00e2nica certificada de Viam\u00e3o. Outros tantos produzem arroz org\u00e2nico. L\u00e1 em Itapu\u00e3, o bi\u00f3logo Lizandro Pelegrini tamb\u00e9m est\u00e1 plantando arroz org\u00e2nico, na propriedade do O Buti\u00e1, ressalta Fioreze.<\/p>\n<figure id=\"attachment_84372\" aria-describedby=\"caption-attachment-84372\" style=\"width: 771px\" class=\"wp-caption alignnone\"><img decoding=\"async\" data-attachment-id=\"84372\" data-permalink=\"https:\/\/www.jornalja.com.br\/ambiente\/travessia-de-viamao-2-programa-alia-producao-de-alimentos-com-praticas-socioambientais\/soja-organica_produtores-assentamento-filhos-de-sepeviamao-coperav-irga-professor-claudio-fioreze_gladimir-emater\/\" data-orig-file=\"https:\/\/www.jornalja.com.br\/ambiente\/wp-content\/uploads\/sites\/3\/2023\/01\/soja-organica-produtores-assentamento-filhos-de-sepeviamao-coperav-irga-professor-claudio-fioreze-gladimir-emater.jpg\" data-orig-size=\"1542,2048\" data-comments-opened=\"1\" data-image-meta=\"{&quot;aperture&quot;:&quot;0&quot;,&quot;credit&quot;:&quot;&quot;,&quot;camera&quot;:&quot;&quot;,&quot;caption&quot;:&quot;&quot;,&quot;created_timestamp&quot;:&quot;0&quot;,&quot;copyright&quot;:&quot;&quot;,&quot;focal_length&quot;:&quot;0&quot;,&quot;iso&quot;:&quot;0&quot;,&quot;shutter_speed&quot;:&quot;0&quot;,&quot;title&quot;:&quot;&quot;,&quot;orientation&quot;:&quot;0&quot;}\" data-image-title=\"Soja org\u00e2nica_produtores Assentamento Filhos de Sep\u00e9Viam\u00e3o. Coperav, IRGA, professor Claudio Fioreze_Gladimir Emater\" data-image-description=\"\" data-image-caption=\"&lt;p&gt;Fioreze (\u00e0 dir.) visita produ\u00e7\u00e3o de soja org\u00e2nica no  Assentamento Filhos de Sep\u00e9. Foto: Gladimir \/Emater&lt;\/p&gt;\n\" data-large-file=\"https:\/\/www.jornalja.com.br\/ambiente\/wp-content\/uploads\/sites\/3\/2023\/01\/soja-organica-produtores-assentamento-filhos-de-sepeviamao-coperav-irga-professor-claudio-fioreze-gladimir-emater-771x1024.jpg\" class=\"wp-image-84372 size-large\" style=\"font-weight: bold;background-color: transparent;text-align: inherit;font-size: 1.5rem\" src=\"https:\/\/www.jornalja.com.br\/ambiente\/wp-content\/uploads\/sites\/3\/2023\/01\/soja-organica-produtores-assentamento-filhos-de-sepeviamao-coperav-irga-professor-claudio-fioreze-gladimir-emater-771x1024.jpg\" alt=\"\" width=\"771\" height=\"1024\" srcset=\"https:\/\/www.jornalja.com.br\/ambiente\/wp-content\/uploads\/sites\/3\/2023\/01\/soja-organica-produtores-assentamento-filhos-de-sepeviamao-coperav-irga-professor-claudio-fioreze-gladimir-emater-771x1024.jpg 771w, https:\/\/www.jornalja.com.br\/ambiente\/wp-content\/uploads\/sites\/3\/2023\/01\/soja-organica-produtores-assentamento-filhos-de-sepeviamao-coperav-irga-professor-claudio-fioreze-gladimir-emater-226x300.jpg 226w, https:\/\/www.jornalja.com.br\/ambiente\/wp-content\/uploads\/sites\/3\/2023\/01\/soja-organica-produtores-assentamento-filhos-de-sepeviamao-coperav-irga-professor-claudio-fioreze-gladimir-emater-768x1020.jpg 768w, https:\/\/www.jornalja.com.br\/ambiente\/wp-content\/uploads\/sites\/3\/2023\/01\/soja-organica-produtores-assentamento-filhos-de-sepeviamao-coperav-irga-professor-claudio-fioreze-gladimir-emater-1157x1536.jpg 1157w, https:\/\/www.jornalja.com.br\/ambiente\/wp-content\/uploads\/sites\/3\/2023\/01\/soja-organica-produtores-assentamento-filhos-de-sepeviamao-coperav-irga-professor-claudio-fioreze-gladimir-emater-1200x1594.jpg 1200w, https:\/\/www.jornalja.com.br\/ambiente\/wp-content\/uploads\/sites\/3\/2023\/01\/soja-organica-produtores-assentamento-filhos-de-sepeviamao-coperav-irga-professor-claudio-fioreze-gladimir-emater.jpg 1542w\" sizes=\"(max-width: 771px) 100vw, 771px\" \/><figcaption id=\"caption-attachment-84372\" class=\"wp-caption-text\">Fioreze (\u00e0 dir.) visita produ\u00e7\u00e3o de soja org\u00e2nica no Assentamento Filhos de Sep\u00e9. Foto: Gladimir \/Emater<\/figcaption><\/figure>\n<figure id=\"attachment_84384\" aria-describedby=\"caption-attachment-84384\" style=\"width: 226px\" class=\"wp-caption alignleft\"><img decoding=\"async\" data-attachment-id=\"84384\" data-permalink=\"https:\/\/www.jornalja.com.br\/ambiente\/travessia-de-viamao-2-programa-alia-producao-de-alimentos-com-praticas-socioambientais\/soja-organica_produtores-assentamento-filhos-de-sepeviamao-coperav-irga-professor-claudio-fioreze_gladimir-emater2-2\/\" data-orig-file=\"https:\/\/www.jornalja.com.br\/ambiente\/wp-content\/uploads\/sites\/3\/2023\/01\/soja-organica-produtores-assentamento-filhos-de-sepeviamao-coperav-irga-professor-claudio-fioreze-gladimir-emater2-1.jpg\" data-orig-size=\"1542,2048\" data-comments-opened=\"1\" data-image-meta=\"{&quot;aperture&quot;:&quot;0&quot;,&quot;credit&quot;:&quot;&quot;,&quot;camera&quot;:&quot;&quot;,&quot;caption&quot;:&quot;&quot;,&quot;created_timestamp&quot;:&quot;0&quot;,&quot;copyright&quot;:&quot;&quot;,&quot;focal_length&quot;:&quot;0&quot;,&quot;iso&quot;:&quot;0&quot;,&quot;shutter_speed&quot;:&quot;0&quot;,&quot;title&quot;:&quot;&quot;,&quot;orientation&quot;:&quot;0&quot;}\" data-image-title=\"Soja org\u00e2nica_produtores Assentamento Filhos de Sep\u00e9Viam\u00e3o. Coperav, IRGA, professor Claudio Fioreze_Gladimir Emater2\" data-image-description=\"\" data-image-caption=\"&lt;p&gt;Soja Org\u00e2nica no  Assentamento Filhos de Sep\u00e9. Foto: Gladimir\/Emater&lt;\/p&gt;\n\" data-large-file=\"https:\/\/www.jornalja.com.br\/ambiente\/wp-content\/uploads\/sites\/3\/2023\/01\/soja-organica-produtores-assentamento-filhos-de-sepeviamao-coperav-irga-professor-claudio-fioreze-gladimir-emater2-1-771x1024.jpg\" class=\"wp-image-84384 size-medium\" src=\"https:\/\/www.jornalja.com.br\/ambiente\/wp-content\/uploads\/sites\/3\/2023\/01\/soja-organica-produtores-assentamento-filhos-de-sepeviamao-coperav-irga-professor-claudio-fioreze-gladimir-emater2-1-226x300.jpg\" alt=\"\" width=\"226\" height=\"300\" srcset=\"https:\/\/www.jornalja.com.br\/ambiente\/wp-content\/uploads\/sites\/3\/2023\/01\/soja-organica-produtores-assentamento-filhos-de-sepeviamao-coperav-irga-professor-claudio-fioreze-gladimir-emater2-1-226x300.jpg 226w, https:\/\/www.jornalja.com.br\/ambiente\/wp-content\/uploads\/sites\/3\/2023\/01\/soja-organica-produtores-assentamento-filhos-de-sepeviamao-coperav-irga-professor-claudio-fioreze-gladimir-emater2-1-771x1024.jpg 771w, https:\/\/www.jornalja.com.br\/ambiente\/wp-content\/uploads\/sites\/3\/2023\/01\/soja-organica-produtores-assentamento-filhos-de-sepeviamao-coperav-irga-professor-claudio-fioreze-gladimir-emater2-1-768x1020.jpg 768w, https:\/\/www.jornalja.com.br\/ambiente\/wp-content\/uploads\/sites\/3\/2023\/01\/soja-organica-produtores-assentamento-filhos-de-sepeviamao-coperav-irga-professor-claudio-fioreze-gladimir-emater2-1-1157x1536.jpg 1157w, https:\/\/www.jornalja.com.br\/ambiente\/wp-content\/uploads\/sites\/3\/2023\/01\/soja-organica-produtores-assentamento-filhos-de-sepeviamao-coperav-irga-professor-claudio-fioreze-gladimir-emater2-1-1200x1594.jpg 1200w, https:\/\/www.jornalja.com.br\/ambiente\/wp-content\/uploads\/sites\/3\/2023\/01\/soja-organica-produtores-assentamento-filhos-de-sepeviamao-coperav-irga-professor-claudio-fioreze-gladimir-emater2-1.jpg 1542w\" sizes=\"(max-width: 226px) 100vw, 226px\" \/><figcaption id=\"caption-attachment-84384\" class=\"wp-caption-text\">Soja Org\u00e2nica no Assentamento Filhos de Sep\u00e9. Foto: Gladimir\/Emater<\/figcaption><\/figure>\n<p>Mas ainda faltam incentivos, segundo ele. O professor cita a cidade de Nova Santa Rita, onde os assentados tiveram apoio do poder p\u00fablico e est\u00e3o bem organizados, t\u00eam agroind\u00fastria, abatedouros para carne su\u00edna, bovina, frango e outras coisas.<\/p>\n<p>&#8211; E Viam\u00e3o, com esses ativos ambientais poderos\u00edssimos, algo raro de se ver no Brasil afora, precisa do apoio dos governos. Tem que incentivar os produtores com boas pr\u00e1ticas ecol\u00f3gicas com a redu\u00e7\u00e3o do imposto CDO &#8211; Contribui\u00e7\u00e3o para o Desenvolvimento da Orizicultura. Eles j\u00e1 est\u00e3o prestando um servi\u00e7o ecossist\u00eamico importante para a APA do Banhado Grande, para o Gravata\u00ed, deixando a \u00e1gua mais limpa, menos turva, ao reduzir o uso de agrot\u00f3xicos, ao n\u00e3o utilizar adubos industriais sol\u00faveis, ao n\u00e3o mobilizar demais o solo, destaca o professor.<\/p>\n<p>Fiorezi integra o Conselho do Parque Estadual de Itapu\u00e3, o Conselho da APA do Banhado Grande, \u00e9 vice-presidente do Comit\u00ea de Gerenciamento da Bacia Hidrogr\u00e1fica do Rio Gravata\u00ed, e tamb\u00e9m \u00e9 membro do F\u00f3rum Ga\u00facho de Combate aos Impactos dos Agrot\u00f3xicos, cuja coordena\u00e7\u00e3o \u00e9 do Minist\u00e9rio P\u00fablico Federal.<\/p>\n<figure id=\"attachment_84383\" aria-describedby=\"caption-attachment-84383\" style=\"width: 2560px\" class=\"wp-caption alignnone\"><img decoding=\"async\" data-attachment-id=\"84383\" data-permalink=\"https:\/\/www.jornalja.com.br\/ambiente\/travessia-de-viamao-2-programa-alia-producao-de-alimentos-com-praticas-socioambientais\/banhado-grande4_ricardo-aranha-ramos_sema\/\" data-orig-file=\"https:\/\/www.jornalja.com.br\/ambiente\/wp-content\/uploads\/sites\/3\/2023\/01\/banhado-grande4-ricardo-aranha-ramos-sema-scaled.jpg\" data-orig-size=\"2560,1700\" data-comments-opened=\"1\" data-image-meta=\"{&quot;aperture&quot;:&quot;0&quot;,&quot;credit&quot;:&quot;&quot;,&quot;camera&quot;:&quot;NIKON D300&quot;,&quot;caption&quot;:&quot;&quot;,&quot;created_timestamp&quot;:&quot;1566915250&quot;,&quot;copyright&quot;:&quot;&quot;,&quot;focal_length&quot;:&quot;0&quot;,&quot;iso&quot;:&quot;200&quot;,&quot;shutter_speed&quot;:&quot;0&quot;,&quot;title&quot;:&quot;&quot;,&quot;orientation&quot;:&quot;0&quot;}\" data-image-title=\"Banhado Grande4_Ricardo Aranha Ramos_SEMA\" data-image-description=\"\" data-image-caption=\"&lt;p&gt;APA dp Banhado Grande. Foto: Ricardo Aranha Ramos\/SEMA&lt;\/p&gt;\n\" data-large-file=\"https:\/\/www.jornalja.com.br\/ambiente\/wp-content\/uploads\/sites\/3\/2023\/01\/banhado-grande4-ricardo-aranha-ramos-sema-1024x680.jpg\" class=\"size-full wp-image-84383\" src=\"https:\/\/www.jornalja.com.br\/ambiente\/wp-content\/uploads\/sites\/3\/2023\/01\/banhado-grande4-ricardo-aranha-ramos-sema-scaled.jpg\" alt=\"\" width=\"2560\" height=\"1700\" srcset=\"https:\/\/www.jornalja.com.br\/ambiente\/wp-content\/uploads\/sites\/3\/2023\/01\/banhado-grande4-ricardo-aranha-ramos-sema-scaled.jpg 2560w, https:\/\/www.jornalja.com.br\/ambiente\/wp-content\/uploads\/sites\/3\/2023\/01\/banhado-grande4-ricardo-aranha-ramos-sema-300x199.jpg 300w, https:\/\/www.jornalja.com.br\/ambiente\/wp-content\/uploads\/sites\/3\/2023\/01\/banhado-grande4-ricardo-aranha-ramos-sema-1024x680.jpg 1024w, https:\/\/www.jornalja.com.br\/ambiente\/wp-content\/uploads\/sites\/3\/2023\/01\/banhado-grande4-ricardo-aranha-ramos-sema-768x510.jpg 768w, https:\/\/www.jornalja.com.br\/ambiente\/wp-content\/uploads\/sites\/3\/2023\/01\/banhado-grande4-ricardo-aranha-ramos-sema-1536x1020.jpg 1536w, https:\/\/www.jornalja.com.br\/ambiente\/wp-content\/uploads\/sites\/3\/2023\/01\/banhado-grande4-ricardo-aranha-ramos-sema-2048x1360.jpg 2048w, https:\/\/www.jornalja.com.br\/ambiente\/wp-content\/uploads\/sites\/3\/2023\/01\/banhado-grande4-ricardo-aranha-ramos-sema-1200x797.jpg 1200w\" sizes=\"(max-width: 2560px) 100vw, 2560px\" \/><figcaption id=\"caption-attachment-84383\" class=\"wp-caption-text\">APA dp Banhado Grande. Foto: Ricardo Aranha Ramos\/SEMA<\/figcaption><\/figure>\n<p>O professor ressalta que Viam\u00e3o est\u00e1 no est\u00f4mago de uma Regi\u00e3o Metropolitana com cerca de 4 milh\u00f5es de habitantes, num raio de 60km. Se incluir todo o litoral Norte, segundo ele, s\u00e3o mais seis milh\u00f5es de pessoas num raio de 100km.<\/p>\n<p>&#8211; E quem alimenta esse povo, questiona o ex-extensionista rural da Emater. \u201cToda a produ\u00e7\u00e3o de arroz org\u00e2nico do Estado d\u00e1 5 mil hectares em um universo de um milh\u00e3o de hectares, ent\u00e3o n\u00f3s temos meio porcento do arroz ga\u00facho ecol\u00f3gico, enquanto n\u00f3s poder\u00edamos ter muito mais, diminuindo custos e agregando valor para quem produz. Viam\u00e3o poderia plantar entre 30 e 40 mil hectares de arroz e todo org\u00e2nico, ecol\u00f3gico, e sem muito trabalho. Mas ainda existe muito preconceito com a agroecologia, com o MST, e est\u00e1 dentro das universidades, da Academia, com aquele discurso que a produ\u00e7\u00e3o de base ecol\u00f3gica pode n\u00e3o sustentar a alimenta\u00e7\u00e3o do mundo, o que \u00e9 uma grande bobagem. Primeiro, porque a fome no mundo n\u00e3o \u00e9 por falta de comida, mas por desigualdade de renda. O que se produz hoje d\u00e1 para alimentar duas vezes a popula\u00e7\u00e3o mundial. Segundo, porque s\u00f3 o que \u00e9 desperdi\u00e7ado &#8211; segundo a FAO\/ONU representa 30 a 40% do que \u00e9 produzido -, daria para alimentar todos que passam fome. O desperd\u00edcio se d\u00e1 por preconceito cultural, desinforma\u00e7\u00e3o.<\/p>\n<p>Outra pauta em curso \u00e9 a cobran\u00e7a pelo uso da \u00e1gua.<\/p>\n<p>&#8211; A Bacia do Gravata\u00ed \u00e9 pioneira em implementar essa pol\u00edtica com a ideia de premiar as boas pr\u00e1ticas. N\u00e3o \u00e9 um debate f\u00e1cil, tem muitos atores com interesses diferentes, mas t\u00eam que ir costurando. Se houvesse mais poderes, mais instrumentos econ\u00f4micos nas m\u00e3os desse e de outros comit\u00eas, os resultados seriam muito melhores, n\u00e3o s\u00f3 para o Gravata\u00ed, mas para todas bacias hidrogr\u00e1ficas do Estado.<\/p>\n<p class=\"intertit\">Assentamento Filhos de Sep\u00e9 prioriza comida org\u00e2nica<\/p>\n<p>A maior planta\u00e7\u00e3o de arroz org\u00e2nico da Am\u00e9rica Latina fica em Viam\u00e3o, no Assentamento Filhos de Sep\u00e9, do Movimento dos Trabalhadores Rurais Sem Terra.<\/p>\n<figure id=\"attachment_84122\" aria-describedby=\"caption-attachment-84122\" style=\"width: 1368px\" class=\"wp-caption alignnone\"><img decoding=\"async\" data-attachment-id=\"84122\" data-permalink=\"https:\/\/www.jornalja.com.br\/ambiente\/travessia-de-viamao-2-programa-alia-producao-de-alimentos-com-praticas-socioambientais\/arroz-organico-assent-filhos-de-sepe_fotocleberdionitentardini3\/\" data-orig-file=\"https:\/\/www.jornalja.com.br\/ambiente\/wp-content\/uploads\/sites\/3\/2022\/10\/arroz-organico-assent-filhos-de-sepe-fotocleberdionitentardini3.jpg\" data-orig-size=\"1368,690\" data-comments-opened=\"1\" data-image-meta=\"{&quot;aperture&quot;:&quot;0&quot;,&quot;credit&quot;:&quot;&quot;,&quot;camera&quot;:&quot;SM-F415F&quot;,&quot;caption&quot;:&quot;&quot;,&quot;created_timestamp&quot;:&quot;1664386947&quot;,&quot;copyright&quot;:&quot;&quot;,&quot;focal_length&quot;:&quot;0&quot;,&quot;iso&quot;:&quot;20&quot;,&quot;shutter_speed&quot;:&quot;0&quot;,&quot;title&quot;:&quot;&quot;,&quot;orientation&quot;:&quot;0&quot;}\" data-image-title=\"Arroz org\u00e2nico assent filhos de sep\u00e9_fotocleberdionitentardini3\" data-image-description=\"\" data-image-caption=\"\" data-large-file=\"https:\/\/www.jornalja.com.br\/ambiente\/wp-content\/uploads\/sites\/3\/2022\/10\/arroz-organico-assent-filhos-de-sepe-fotocleberdionitentardini3-1024x516.jpg\" class=\"wp-image-84122 size-full\" src=\"https:\/\/www.jornalja.com.br\/ambiente\/wp-content\/uploads\/sites\/3\/2022\/10\/arroz-organico-assent-filhos-de-sepe-fotocleberdionitentardini3.jpg\" alt=\"\" width=\"1368\" height=\"690\" srcset=\"https:\/\/www.jornalja.com.br\/ambiente\/wp-content\/uploads\/sites\/3\/2022\/10\/arroz-organico-assent-filhos-de-sepe-fotocleberdionitentardini3.jpg 1368w, https:\/\/www.jornalja.com.br\/ambiente\/wp-content\/uploads\/sites\/3\/2022\/10\/arroz-organico-assent-filhos-de-sepe-fotocleberdionitentardini3-300x151.jpg 300w, https:\/\/www.jornalja.com.br\/ambiente\/wp-content\/uploads\/sites\/3\/2022\/10\/arroz-organico-assent-filhos-de-sepe-fotocleberdionitentardini3-1024x516.jpg 1024w, https:\/\/www.jornalja.com.br\/ambiente\/wp-content\/uploads\/sites\/3\/2022\/10\/arroz-organico-assent-filhos-de-sepe-fotocleberdionitentardini3-768x387.jpg 768w, https:\/\/www.jornalja.com.br\/ambiente\/wp-content\/uploads\/sites\/3\/2022\/10\/arroz-organico-assent-filhos-de-sepe-fotocleberdionitentardini3-1200x605.jpg 1200w\" sizes=\"(max-width: 1368px) 100vw, 1368px\" \/><figcaption id=\"caption-attachment-84122\" class=\"wp-caption-text\">Mais de 1,5 mil hectares plantados de arroz,, que rendem em torno de 100 sacas por hectare.. Fotos: Cleber Dioni Tentardini<\/figcaption><\/figure>\n<p>Org\u00e2nico quer dizer que n\u00e3o h\u00e1 uso de agrot\u00f3xicos ou culturas transg\u00eanicas.<\/p>\n<p>De acordo com o presidente da Associa\u00e7\u00e3o dos Assentados Filhos de Sep\u00e9, o t\u00e9cnico agr\u00edcola Ivan Prado Pereira, h\u00e1 376 fam\u00edlias, registradas no Incra e, dessas, 130 est\u00e3o envolvidas com o arroz. S\u00e3o 1,6 mil hectares plantados, o que rende em torno de 100 sacas por hectare.<\/p>\n<p>Agricultores mais antigos, do Assentamento A Reforma, em Itapu\u00e3, da \u00e9poca do governo Leonel Brizola (1959-1962), tamb\u00e9m produzem arroz org\u00e2nico.<\/p>\n<p>Pereira diz que \u00e9 dif\u00edcil precisar quantas pessoas vivem hoje no assentamento porque muitos foram para l\u00e1 solteiros, ou somente o casal, a\u00ed separaram um pedacinho para a casa do filho e da filha, que tamb\u00e9m formaram fam\u00edlia, e trabalham na mesma terra.<\/p>\n<p>&#8211; A estimativa \u00e9 que morem aqui umas 750 fam\u00edlias, afirma Pereira.<\/p>\n<p>O assentamento surgiu no final de 1998. Este assentamento \u00e9 diferente dos demais no Brasil. Est\u00e1 dentro de uma \u00c1rea de Prote\u00e7\u00e3o Ambiental \u2013 APA do Banhado Grande. E totalmente livre de produto qu\u00edmico na lavoura, tanto na horta como no arroz.<\/p>\n<figure id=\"attachment_84123\" aria-describedby=\"caption-attachment-84123\" style=\"width: 161px\" class=\"wp-caption alignleft\"><img decoding=\"async\" data-attachment-id=\"84123\" data-permalink=\"https:\/\/www.jornalja.com.br\/ambiente\/travessia-de-viamao-2-programa-alia-producao-de-alimentos-com-praticas-socioambientais\/represa-no-banhados-dos-pachecos_arroz-organico-assent-filhos-de-sepe_fotocleberdionitentardini21\/\" data-orig-file=\"https:\/\/www.jornalja.com.br\/ambiente\/wp-content\/uploads\/sites\/3\/2022\/10\/represa-no-banhados-dos-pachecos-arroz-organico-assent-filhos-de-sepe-fotocleberdionitentardini21-scaled.jpg\" data-orig-size=\"1183,2560\" data-comments-opened=\"1\" data-image-meta=\"{&quot;aperture&quot;:&quot;1.8&quot;,&quot;credit&quot;:&quot;&quot;,&quot;camera&quot;:&quot;SM-F415F&quot;,&quot;caption&quot;:&quot;&quot;,&quot;created_timestamp&quot;:&quot;1664386025&quot;,&quot;copyright&quot;:&quot;&quot;,&quot;focal_length&quot;:&quot;5.23&quot;,&quot;iso&quot;:&quot;20&quot;,&quot;shutter_speed&quot;:&quot;0.0083333333333333&quot;,&quot;title&quot;:&quot;&quot;,&quot;orientation&quot;:&quot;1&quot;}\" data-image-title=\"Represa no Banhados dos Pachecos_Arroz org\u00e2nico assent filhos de sep\u00e9_fotocleberdionitentardini21\" data-image-description=\"\" data-image-caption=\"\" data-large-file=\"https:\/\/www.jornalja.com.br\/ambiente\/wp-content\/uploads\/sites\/3\/2022\/10\/represa-no-banhados-dos-pachecos-arroz-organico-assent-filhos-de-sepe-fotocleberdionitentardini21-473x1024.jpg\" class=\"wp-image-84123\" src=\"https:\/\/www.jornalja.com.br\/ambiente\/wp-content\/uploads\/sites\/3\/2022\/10\/represa-no-banhados-dos-pachecos-arroz-organico-assent-filhos-de-sepe-fotocleberdionitentardini21-139x300.jpg\" alt=\"\" width=\"161\" height=\"347\" srcset=\"https:\/\/www.jornalja.com.br\/ambiente\/wp-content\/uploads\/sites\/3\/2022\/10\/represa-no-banhados-dos-pachecos-arroz-organico-assent-filhos-de-sepe-fotocleberdionitentardini21-139x300.jpg 139w, https:\/\/www.jornalja.com.br\/ambiente\/wp-content\/uploads\/sites\/3\/2022\/10\/represa-no-banhados-dos-pachecos-arroz-organico-assent-filhos-de-sepe-fotocleberdionitentardini21-710x1536.jpg 710w, https:\/\/www.jornalja.com.br\/ambiente\/wp-content\/uploads\/sites\/3\/2022\/10\/represa-no-banhados-dos-pachecos-arroz-organico-assent-filhos-de-sepe-fotocleberdionitentardini21-scaled.jpg 1183w\" sizes=\"(max-width: 161px) 100vw, 161px\" \/><figcaption id=\"caption-attachment-84123\" class=\"wp-caption-text\">Barragem<\/figcaption><\/figure>\n<p>A terra livre de agrot\u00f3xicos pertence ao INCRA e \u00e9 cedida para os assentados trabalharem. Possui 9,6 mil hectares, e desses, cerca de 2,3 mil integram o Ref\u00fagio de Vida Silvestre Banhado dos Pachecos. S\u00f3 a barragem tem 500 hectares de l\u00e2mina d\u2019\u00e1gua.<\/p>\n<p>O tamanho dos lotes gira entre de 1 a 3 hectares a parte alta, no entorno da casa, onde as fam\u00edlias t\u00eam sua horta, pomar, galinhas, porcos, e entre 13ha e 16ha na parte baixa, da lavoura. Muitos t\u00eam cria\u00e7\u00e3o de gado de corte, alguns t\u00eam vaca de leite. H\u00e1 fam\u00edlias ligadas \u00e0 produ\u00e7\u00e3o de hortali\u00e7as org\u00e2nicas, mel.<\/p>\n<p>O Filhos de Sep\u00e9 possui a escola municipal Nossa Senhora de F\u00e1tima, o col\u00e9gio Josu\u00e9 de Castro, uma escola t\u00e9cnica, e faculdades de Agronomia, Medicina Veterin\u00e1ria, Hist\u00f3ria, e o EJA, com cerca de 150 alunos ao todo.<\/p>\n<p>A associa\u00e7\u00e3o mant\u00e9m parceria com a Emater, IRGA, Instituto Federal e UFRGS na \u00e1rea de biotecnologia, estudos para melhoramento do solo e da produ\u00e7\u00e3o.<\/p>\n<p>O casal Itor e Lurdes Cardoso chegou no Filhos de Sep\u00e9 em 2013, quando passou a trabalhar somente com produtos org\u00e2nicos e pecu\u00e1ria.<\/p>\n<figure id=\"attachment_84125\" aria-describedby=\"caption-attachment-84125\" style=\"width: 1862px\" class=\"wp-caption alignnone\"><img decoding=\"async\" data-attachment-id=\"84125\" data-permalink=\"https:\/\/www.jornalja.com.br\/ambiente\/travessia-de-viamao-2-programa-alia-producao-de-alimentos-com-praticas-socioambientais\/assentadosfilhosdesepe22\/\" data-orig-file=\"https:\/\/www.jornalja.com.br\/ambiente\/wp-content\/uploads\/sites\/3\/2022\/10\/assentadosfilhosdesepe22-scaled.jpg\" data-orig-size=\"1862,2560\" data-comments-opened=\"1\" data-image-meta=\"{&quot;aperture&quot;:&quot;0&quot;,&quot;credit&quot;:&quot;&quot;,&quot;camera&quot;:&quot;SM-F415F&quot;,&quot;caption&quot;:&quot;&quot;,&quot;created_timestamp&quot;:&quot;1662372306&quot;,&quot;copyright&quot;:&quot;&quot;,&quot;focal_length&quot;:&quot;0&quot;,&quot;iso&quot;:&quot;20&quot;,&quot;shutter_speed&quot;:&quot;0&quot;,&quot;title&quot;:&quot;&quot;,&quot;orientation&quot;:&quot;0&quot;}\" data-image-title=\"AssentadosFilhosdeSep\u00e922\" data-image-description=\"\" data-image-caption=\"\" data-large-file=\"https:\/\/www.jornalja.com.br\/ambiente\/wp-content\/uploads\/sites\/3\/2022\/10\/assentadosfilhosdesepe22-745x1024.jpg\" class=\"wp-image-84125 size-full\" src=\"https:\/\/www.jornalja.com.br\/ambiente\/wp-content\/uploads\/sites\/3\/2022\/10\/assentadosfilhosdesepe22-scaled.jpg\" alt=\"\" width=\"1862\" height=\"2560\" srcset=\"https:\/\/www.jornalja.com.br\/ambiente\/wp-content\/uploads\/sites\/3\/2022\/10\/assentadosfilhosdesepe22-scaled.jpg 1862w, https:\/\/www.jornalja.com.br\/ambiente\/wp-content\/uploads\/sites\/3\/2022\/10\/assentadosfilhosdesepe22-218x300.jpg 218w, https:\/\/www.jornalja.com.br\/ambiente\/wp-content\/uploads\/sites\/3\/2022\/10\/assentadosfilhosdesepe22-745x1024.jpg 745w, https:\/\/www.jornalja.com.br\/ambiente\/wp-content\/uploads\/sites\/3\/2022\/10\/assentadosfilhosdesepe22-768x1056.jpg 768w, https:\/\/www.jornalja.com.br\/ambiente\/wp-content\/uploads\/sites\/3\/2022\/10\/assentadosfilhosdesepe22-1117x1536.jpg 1117w, https:\/\/www.jornalja.com.br\/ambiente\/wp-content\/uploads\/sites\/3\/2022\/10\/assentadosfilhosdesepe22-1489x2048.jpg 1489w, https:\/\/www.jornalja.com.br\/ambiente\/wp-content\/uploads\/sites\/3\/2022\/10\/assentadosfilhosdesepe22-1200x1650.jpg 1200w\" sizes=\"(max-width: 1862px) 100vw, 1862px\" \/><figcaption id=\"caption-attachment-84125\" class=\"wp-caption-text\">Lurdes garante que s\u00f3 trabalha com produtos org\u00e2nicos. Fotos: Cleber Dioni Tentardini<\/figcaption><\/figure>\n<p>O lote da fam\u00edlia \u00e9 de 10,7 hectares, dividido em duas \u00e1reas, a parte da casa e o entorno, onde est\u00e3o as hortali\u00e7as, legumes e as \u00e1rvores frut\u00edferas, e a outra, maior, onde cria 12 vacas, de leite e de corte, e produz milho.<\/p>\n<figure id=\"attachment_84127\" aria-describedby=\"caption-attachment-84127\" style=\"width: 300px\" class=\"wp-caption alignleft\"><img decoding=\"async\" data-attachment-id=\"84127\" data-permalink=\"https:\/\/www.jornalja.com.br\/ambiente\/travessia-de-viamao-2-programa-alia-producao-de-alimentos-com-praticas-socioambientais\/assentadosfilhosdesepe\/\" data-orig-file=\"https:\/\/www.jornalja.com.br\/ambiente\/wp-content\/uploads\/sites\/3\/2022\/10\/assentadosfilhosdesepe.jpg\" data-orig-size=\"2159,1333\" data-comments-opened=\"1\" data-image-meta=\"{&quot;aperture&quot;:&quot;0&quot;,&quot;credit&quot;:&quot;&quot;,&quot;camera&quot;:&quot;SM-F415F&quot;,&quot;caption&quot;:&quot;&quot;,&quot;created_timestamp&quot;:&quot;1662046113&quot;,&quot;copyright&quot;:&quot;&quot;,&quot;focal_length&quot;:&quot;0&quot;,&quot;iso&quot;:&quot;40&quot;,&quot;shutter_speed&quot;:&quot;0&quot;,&quot;title&quot;:&quot;&quot;,&quot;orientation&quot;:&quot;0&quot;}\" data-image-title=\"AssentadosFilhosdeSep\u00e9\" data-image-description=\"\" data-image-caption=\"\" data-large-file=\"https:\/\/www.jornalja.com.br\/ambiente\/wp-content\/uploads\/sites\/3\/2022\/10\/assentadosfilhosdesepe-1024x632.jpg\" class=\"wp-image-84127 size-medium\" src=\"https:\/\/www.jornalja.com.br\/ambiente\/wp-content\/uploads\/sites\/3\/2022\/10\/assentadosfilhosdesepe-300x185.jpg\" alt=\"\" width=\"300\" height=\"185\" srcset=\"https:\/\/www.jornalja.com.br\/ambiente\/wp-content\/uploads\/sites\/3\/2022\/10\/assentadosfilhosdesepe-300x185.jpg 300w, https:\/\/www.jornalja.com.br\/ambiente\/wp-content\/uploads\/sites\/3\/2022\/10\/assentadosfilhosdesepe-1024x632.jpg 1024w, https:\/\/www.jornalja.com.br\/ambiente\/wp-content\/uploads\/sites\/3\/2022\/10\/assentadosfilhosdesepe-768x474.jpg 768w, https:\/\/www.jornalja.com.br\/ambiente\/wp-content\/uploads\/sites\/3\/2022\/10\/assentadosfilhosdesepe-1536x948.jpg 1536w, https:\/\/www.jornalja.com.br\/ambiente\/wp-content\/uploads\/sites\/3\/2022\/10\/assentadosfilhosdesepe-2048x1264.jpg 2048w, https:\/\/www.jornalja.com.br\/ambiente\/wp-content\/uploads\/sites\/3\/2022\/10\/assentadosfilhosdesepe-1200x741.jpg 1200w\" sizes=\"(max-width: 300px) 100vw, 300px\" \/><figcaption id=\"caption-attachment-84127\" class=\"wp-caption-text\">Itor na feirinha no centro de Viam\u00e3o<\/figcaption><\/figure>\n<p>As duas filhas j\u00e1 casadas, Iara e Ana Claudia, permanecem no assentamento, e a mais nova, Ionara, ajuda os pais ap\u00f3s o col\u00e9gio. A produ\u00e7\u00e3o \u00e9 vendida na Pra\u00e7a J\u00falio de Castilhos, no centro de Viam\u00e3o, e atrav\u00e9s de entregas \u00e0 domic\u00edlio.<\/p>\n<p>&#8211; A demanda aumentou bastante durante a pandemia, agora diminuiu um pouco, mas ainda levamos para Porto Alegre e muitos nos encomendam e buscam l\u00e1 na nossa banca, explica Lurdes.<\/p>\n<p>Nilza Padilha e El\u00f3i Kremer vivem no Filhos de Sep\u00e9 faz 23 anos. Produzem numa \u00e1rea de 12 hectares hortali\u00e7as, frutas, legumes e o arroz org\u00e2nico, que \u00e9 beneficiado na agroind\u00fastria da cooperativa em Eldorado do Sul, o Terra Livre. Tamb\u00e9m criam galinhas e vendem ovos.<\/p>\n<p>Comercializam os produtos em duas feiras de Viam\u00e3o e tamb\u00e9m entregam \u00e0 domic\u00edlio. Faz pouco tempo, El\u00f3i introduziu a agroflorestal em suas hortas.<\/p>\n<figure id=\"attachment_84129\" aria-describedby=\"caption-attachment-84129\" style=\"width: 174px\" class=\"wp-caption alignleft\"><img decoding=\"async\" data-attachment-id=\"84129\" data-permalink=\"https:\/\/www.jornalja.com.br\/ambiente\/travessia-de-viamao-2-programa-alia-producao-de-alimentos-com-praticas-socioambientais\/20220905_141523\/\" data-orig-file=\"https:\/\/www.jornalja.com.br\/ambiente\/wp-content\/uploads\/sites\/3\/2022\/10\/20220905-141523-scaled.jpg\" data-orig-size=\"1483,2560\" data-comments-opened=\"1\" data-image-meta=\"{&quot;aperture&quot;:&quot;0&quot;,&quot;credit&quot;:&quot;&quot;,&quot;camera&quot;:&quot;SM-F415F&quot;,&quot;caption&quot;:&quot;&quot;,&quot;created_timestamp&quot;:&quot;1662387323&quot;,&quot;copyright&quot;:&quot;&quot;,&quot;focal_length&quot;:&quot;0&quot;,&quot;iso&quot;:&quot;20&quot;,&quot;shutter_speed&quot;:&quot;0&quot;,&quot;title&quot;:&quot;&quot;,&quot;orientation&quot;:&quot;0&quot;}\" data-image-title=\"20220905_141523\" data-image-description=\"\" data-image-caption=\"\" data-large-file=\"https:\/\/www.jornalja.com.br\/ambiente\/wp-content\/uploads\/sites\/3\/2022\/10\/20220905-141523-593x1024.jpg\" class=\"wp-image-84129 size-medium\" src=\"https:\/\/www.jornalja.com.br\/ambiente\/wp-content\/uploads\/sites\/3\/2022\/10\/20220905-141523-174x300.jpg\" alt=\"\" width=\"174\" height=\"300\" srcset=\"https:\/\/www.jornalja.com.br\/ambiente\/wp-content\/uploads\/sites\/3\/2022\/10\/20220905-141523-174x300.jpg 174w, https:\/\/www.jornalja.com.br\/ambiente\/wp-content\/uploads\/sites\/3\/2022\/10\/20220905-141523-593x1024.jpg 593w, https:\/\/www.jornalja.com.br\/ambiente\/wp-content\/uploads\/sites\/3\/2022\/10\/20220905-141523-768x1326.jpg 768w, https:\/\/www.jornalja.com.br\/ambiente\/wp-content\/uploads\/sites\/3\/2022\/10\/20220905-141523-890x1536.jpg 890w, https:\/\/www.jornalja.com.br\/ambiente\/wp-content\/uploads\/sites\/3\/2022\/10\/20220905-141523-1186x2048.jpg 1186w, https:\/\/www.jornalja.com.br\/ambiente\/wp-content\/uploads\/sites\/3\/2022\/10\/20220905-141523-1200x2071.jpg 1200w, https:\/\/www.jornalja.com.br\/ambiente\/wp-content\/uploads\/sites\/3\/2022\/10\/20220905-141523-scaled.jpg 1483w\" sizes=\"(max-width: 174px) 100vw, 174px\" \/><figcaption id=\"caption-attachment-84129\" class=\"wp-caption-text\">El\u00f3i<\/figcaption><\/figure>\n<p><img decoding=\"async\" data-attachment-id=\"84134\" data-permalink=\"https:\/\/www.jornalja.com.br\/ambiente\/travessia-de-viamao-2-programa-alia-producao-de-alimentos-com-praticas-socioambientais\/20220905_135600\/\" data-orig-file=\"https:\/\/www.jornalja.com.br\/ambiente\/wp-content\/uploads\/sites\/3\/2022\/10\/20220905-135600-scaled.jpg\" data-orig-size=\"1768,2560\" data-comments-opened=\"1\" data-image-meta=\"{&quot;aperture&quot;:&quot;0&quot;,&quot;credit&quot;:&quot;&quot;,&quot;camera&quot;:&quot;SM-F415F&quot;,&quot;caption&quot;:&quot;&quot;,&quot;created_timestamp&quot;:&quot;1662386160&quot;,&quot;copyright&quot;:&quot;&quot;,&quot;focal_length&quot;:&quot;0&quot;,&quot;iso&quot;:&quot;20&quot;,&quot;shutter_speed&quot;:&quot;0&quot;,&quot;title&quot;:&quot;&quot;,&quot;orientation&quot;:&quot;0&quot;}\" data-image-title=\"20220905_135600\" data-image-description=\"\" data-image-caption=\"\" data-large-file=\"https:\/\/www.jornalja.com.br\/ambiente\/wp-content\/uploads\/sites\/3\/2022\/10\/20220905-135600-707x1024.jpg\" class=\"alignleft wp-image-84134 size-medium\" src=\"https:\/\/www.jornalja.com.br\/ambiente\/wp-content\/uploads\/sites\/3\/2022\/10\/20220905-135600-207x300.jpg\" alt=\"\" width=\"207\" height=\"300\" srcset=\"https:\/\/www.jornalja.com.br\/ambiente\/wp-content\/uploads\/sites\/3\/2022\/10\/20220905-135600-207x300.jpg 207w, https:\/\/www.jornalja.com.br\/ambiente\/wp-content\/uploads\/sites\/3\/2022\/10\/20220905-135600-707x1024.jpg 707w, https:\/\/www.jornalja.com.br\/ambiente\/wp-content\/uploads\/sites\/3\/2022\/10\/20220905-135600-768x1112.jpg 768w, https:\/\/www.jornalja.com.br\/ambiente\/wp-content\/uploads\/sites\/3\/2022\/10\/20220905-135600-1061x1536.jpg 1061w, https:\/\/www.jornalja.com.br\/ambiente\/wp-content\/uploads\/sites\/3\/2022\/10\/20220905-135600-1414x2048.jpg 1414w, https:\/\/www.jornalja.com.br\/ambiente\/wp-content\/uploads\/sites\/3\/2022\/10\/20220905-135600-1200x1738.jpg 1200w, https:\/\/www.jornalja.com.br\/ambiente\/wp-content\/uploads\/sites\/3\/2022\/10\/20220905-135600-scaled.jpg 1768w\" sizes=\"(max-width: 207px) 100vw, 207px\" \/><\/p>\n<figure id=\"attachment_84128\" aria-describedby=\"caption-attachment-84128\" style=\"width: 163px\" class=\"wp-caption alignleft\"><img decoding=\"async\" data-attachment-id=\"84128\" data-permalink=\"https:\/\/www.jornalja.com.br\/ambiente\/travessia-de-viamao-2-programa-alia-producao-de-alimentos-com-praticas-socioambientais\/assentadosfilhosdesepe_feirinha-nocentrodeviamao\/\" data-orig-file=\"https:\/\/www.jornalja.com.br\/ambiente\/wp-content\/uploads\/sites\/3\/2022\/10\/assentadosfilhosdesepe-feirinha-nocentrodeviamao-scaled.jpg\" data-orig-size=\"1389,2560\" data-comments-opened=\"1\" data-image-meta=\"{&quot;aperture&quot;:&quot;0&quot;,&quot;credit&quot;:&quot;&quot;,&quot;camera&quot;:&quot;SM-F415F&quot;,&quot;caption&quot;:&quot;&quot;,&quot;created_timestamp&quot;:&quot;1662047094&quot;,&quot;copyright&quot;:&quot;&quot;,&quot;focal_length&quot;:&quot;0&quot;,&quot;iso&quot;:&quot;20&quot;,&quot;shutter_speed&quot;:&quot;0&quot;,&quot;title&quot;:&quot;&quot;,&quot;orientation&quot;:&quot;0&quot;}\" data-image-title=\"AssentadosFilhosdeSep\u00e9_feirinha nocentrodeViam\u00e3o\" data-image-description=\"\" data-image-caption=\"\" data-large-file=\"https:\/\/www.jornalja.com.br\/ambiente\/wp-content\/uploads\/sites\/3\/2022\/10\/assentadosfilhosdesepe-feirinha-nocentrodeviamao-556x1024.jpg\" class=\"wp-image-84128 size-medium\" src=\"https:\/\/www.jornalja.com.br\/ambiente\/wp-content\/uploads\/sites\/3\/2022\/10\/assentadosfilhosdesepe-feirinha-nocentrodeviamao-163x300.jpg\" alt=\"\" width=\"163\" height=\"300\" srcset=\"https:\/\/www.jornalja.com.br\/ambiente\/wp-content\/uploads\/sites\/3\/2022\/10\/assentadosfilhosdesepe-feirinha-nocentrodeviamao-163x300.jpg 163w, https:\/\/www.jornalja.com.br\/ambiente\/wp-content\/uploads\/sites\/3\/2022\/10\/assentadosfilhosdesepe-feirinha-nocentrodeviamao-556x1024.jpg 556w, https:\/\/www.jornalja.com.br\/ambiente\/wp-content\/uploads\/sites\/3\/2022\/10\/assentadosfilhosdesepe-feirinha-nocentrodeviamao-768x1415.jpg 768w, https:\/\/www.jornalja.com.br\/ambiente\/wp-content\/uploads\/sites\/3\/2022\/10\/assentadosfilhosdesepe-feirinha-nocentrodeviamao-834x1536.jpg 834w, https:\/\/www.jornalja.com.br\/ambiente\/wp-content\/uploads\/sites\/3\/2022\/10\/assentadosfilhosdesepe-feirinha-nocentrodeviamao-1111x2048.jpg 1111w, https:\/\/www.jornalja.com.br\/ambiente\/wp-content\/uploads\/sites\/3\/2022\/10\/assentadosfilhosdesepe-feirinha-nocentrodeviamao-1200x2211.jpg 1200w, https:\/\/www.jornalja.com.br\/ambiente\/wp-content\/uploads\/sites\/3\/2022\/10\/assentadosfilhosdesepe-feirinha-nocentrodeviamao-scaled.jpg 1389w\" sizes=\"(max-width: 163px) 100vw, 163px\" \/><figcaption id=\"caption-attachment-84128\" class=\"wp-caption-text\">Nilza<\/figcaption><\/figure>\n<p>&nbsp;<\/p>\n<p>&nbsp;<\/p>\n<p>&nbsp;<\/p>\n<p>&nbsp;<\/p>\n<p>&nbsp;<\/p>\n<p>O casal \u00e9 jovem, idades em torno dos 53 anos, mas o trabalho duro no campo j\u00e1 preocupa o futuro, pois as duas filhas, de 17 e 22 anos, n\u00e3o permanecer\u00e3o no assentamento. J\u00e9ssica, a mais nova, faz curso t\u00e9cnico de enfermagem, e Renata cursa Direito em Florian\u00f3polis.<\/p>\n<div style=\"width: 1920px;\" class=\"wp-video\"><video class=\"wp-video-shortcode\" id=\"video-84105-1\" width=\"1920\" height=\"1080\" preload=\"metadata\" controls=\"controls\"><source type=\"video\/mp4\" src=\"https:\/\/www.jornalja.com.br\/ambiente\/wp-content\/uploads\/sites\/3\/2022\/10\/20220905-134955.mp4?_=1\" \/><a href=\"https:\/\/www.jornalja.com.br\/ambiente\/wp-content\/uploads\/sites\/3\/2022\/10\/20220905-134955.mp4\">https:\/\/www.jornalja.com.br\/ambiente\/wp-content\/uploads\/sites\/3\/2022\/10\/20220905-134955.mp4<\/a><\/video><\/div>\n<p>Jos\u00e9 Derli de Alves, de Nonoai, \u00e9 outro assentado com mais de 20 anos em Viam\u00e3o. Al\u00e9m do hortifruti, cria vacas e produz derivados do leite. Vende em feiras e por encomendas. Seu Deco \u00e9 um homem de sorte, tem v\u00e1rios ajudantes. Trabalha ele e mais quatro, \u00e0s vezes cinco filhos. Os outros sete filhos j\u00e1 casaram e arrumaram outras ocupa\u00e7\u00f5es.<\/p>\n<figure id=\"attachment_84131\" aria-describedby=\"caption-attachment-84131\" style=\"width: 171px\" class=\"wp-caption alignleft\"><img decoding=\"async\" data-attachment-id=\"84131\" data-permalink=\"https:\/\/www.jornalja.com.br\/ambiente\/travessia-de-viamao-2-programa-alia-producao-de-alimentos-com-praticas-socioambientais\/assentadosfilhosdesepe_feirinha-nocentrodeviamao_\/\" data-orig-file=\"https:\/\/www.jornalja.com.br\/ambiente\/wp-content\/uploads\/sites\/3\/2022\/10\/assentadosfilhosdesepe-feirinha-nocentrodeviamao-1-scaled.jpg\" data-orig-size=\"1457,2560\" data-comments-opened=\"1\" data-image-meta=\"{&quot;aperture&quot;:&quot;0&quot;,&quot;credit&quot;:&quot;&quot;,&quot;camera&quot;:&quot;SM-F415F&quot;,&quot;caption&quot;:&quot;&quot;,&quot;created_timestamp&quot;:&quot;1662047562&quot;,&quot;copyright&quot;:&quot;&quot;,&quot;focal_length&quot;:&quot;0&quot;,&quot;iso&quot;:&quot;40&quot;,&quot;shutter_speed&quot;:&quot;0&quot;,&quot;title&quot;:&quot;&quot;,&quot;orientation&quot;:&quot;0&quot;}\" data-image-title=\"AssentadosFilhosdeSep\u00e9_feirinha nocentrodeViam\u00e3o_\" data-image-description=\"\" data-image-caption=\"\" data-large-file=\"https:\/\/www.jornalja.com.br\/ambiente\/wp-content\/uploads\/sites\/3\/2022\/10\/assentadosfilhosdesepe-feirinha-nocentrodeviamao-1-583x1024.jpg\" class=\"wp-image-84131 size-medium\" src=\"https:\/\/www.jornalja.com.br\/ambiente\/wp-content\/uploads\/sites\/3\/2022\/10\/assentadosfilhosdesepe-feirinha-nocentrodeviamao-1-171x300.jpg\" alt=\"\" width=\"171\" height=\"300\" srcset=\"https:\/\/www.jornalja.com.br\/ambiente\/wp-content\/uploads\/sites\/3\/2022\/10\/assentadosfilhosdesepe-feirinha-nocentrodeviamao-1-171x300.jpg 171w, https:\/\/www.jornalja.com.br\/ambiente\/wp-content\/uploads\/sites\/3\/2022\/10\/assentadosfilhosdesepe-feirinha-nocentrodeviamao-1-583x1024.jpg 583w, https:\/\/www.jornalja.com.br\/ambiente\/wp-content\/uploads\/sites\/3\/2022\/10\/assentadosfilhosdesepe-feirinha-nocentrodeviamao-1-768x1349.jpg 768w, https:\/\/www.jornalja.com.br\/ambiente\/wp-content\/uploads\/sites\/3\/2022\/10\/assentadosfilhosdesepe-feirinha-nocentrodeviamao-1-874x1536.jpg 874w, https:\/\/www.jornalja.com.br\/ambiente\/wp-content\/uploads\/sites\/3\/2022\/10\/assentadosfilhosdesepe-feirinha-nocentrodeviamao-1-1166x2048.jpg 1166w, https:\/\/www.jornalja.com.br\/ambiente\/wp-content\/uploads\/sites\/3\/2022\/10\/assentadosfilhosdesepe-feirinha-nocentrodeviamao-1-1200x2108.jpg 1200w, https:\/\/www.jornalja.com.br\/ambiente\/wp-content\/uploads\/sites\/3\/2022\/10\/assentadosfilhosdesepe-feirinha-nocentrodeviamao-1-scaled.jpg 1457w\" sizes=\"(max-width: 171px) 100vw, 171px\" \/><figcaption id=\"caption-attachment-84131\" class=\"wp-caption-text\">Deco na feira do Centro<\/figcaption><\/figure>\n<p>&#8211; Tem que ser, n\u00e9, porque n\u00e3o d\u00e1 para parar, as verduras estragam, as vacas n\u00e3o esperam, como dizem, quer ter vaca de leite, casa com ela, se diverte seu Deco.<\/p>\n<p>&nbsp;<\/p>\n<p>&nbsp;<\/p>\n<p class=\"intertit\">\u201c\u00c9 poss\u00edvel produzir alimentos sem venenos\u201d<\/p>\n<p>Trinta anos atr\u00e1s, o casal Valcir Carpenedo e Ingrid Bergman Inchausti de Barros decidiu mudar de vida de forma radical. Trocou a rotina em um apartamento na movimentada avenida Cristiano Fischer, bairro Petr\u00f3polis, em Porto Alegre, por um s\u00edtio de meio hectare no bairro Tarum\u00e3, em Viam\u00e3o. Compraram e reformaram a casa que era a sede da fazenda de Tarum\u00e3.<\/p>\n<figure id=\"attachment_84119\" aria-describedby=\"caption-attachment-84119\" style=\"width: 197px\" class=\"wp-caption alignright\"><img decoding=\"async\" data-attachment-id=\"84119\" data-permalink=\"https:\/\/www.jornalja.com.br\/ambiente\/travessia-de-viamao-2-programa-alia-producao-de-alimentos-com-praticas-socioambientais\/valcir-carpenedo-no-seu-viveiro_cleberdionitentardini13\/\" data-orig-file=\"https:\/\/www.jornalja.com.br\/ambiente\/wp-content\/uploads\/sites\/3\/2022\/10\/valcir-carpenedo-no-seu-viveiro-cleberdionitentardini13-scaled-e1689079632355.jpg\" data-orig-size=\"633,966\" data-comments-opened=\"1\" data-image-meta=\"{&quot;aperture&quot;:&quot;0&quot;,&quot;credit&quot;:&quot;&quot;,&quot;camera&quot;:&quot;SM-F415F&quot;,&quot;caption&quot;:&quot;&quot;,&quot;created_timestamp&quot;:&quot;1660649269&quot;,&quot;copyright&quot;:&quot;&quot;,&quot;focal_length&quot;:&quot;0&quot;,&quot;iso&quot;:&quot;25&quot;,&quot;shutter_speed&quot;:&quot;0&quot;,&quot;title&quot;:&quot;&quot;,&quot;orientation&quot;:&quot;0&quot;}\" data-image-title=\"Valcir Carpenedo no seu viveiro_CleberDioniTentardini13\" data-image-description=\"\" data-image-caption=\"\" data-large-file=\"https:\/\/www.jornalja.com.br\/ambiente\/wp-content\/uploads\/sites\/3\/2022\/10\/valcir-carpenedo-no-seu-viveiro-cleberdionitentardini13-606x1024.jpg\" class=\"wp-image-84119 size-medium\" src=\"https:\/\/www.jornalja.com.br\/ambiente\/wp-content\/uploads\/sites\/3\/2022\/10\/valcir-carpenedo-no-seu-viveiro-cleberdionitentardini13-scaled-e1689079632355-197x300.jpg\" alt=\"\" width=\"197\" height=\"300\" srcset=\"https:\/\/www.jornalja.com.br\/ambiente\/wp-content\/uploads\/sites\/3\/2022\/10\/valcir-carpenedo-no-seu-viveiro-cleberdionitentardini13-scaled-e1689079632355-197x300.jpg 197w, https:\/\/www.jornalja.com.br\/ambiente\/wp-content\/uploads\/sites\/3\/2022\/10\/valcir-carpenedo-no-seu-viveiro-cleberdionitentardini13-scaled-e1689079632355.jpg 633w\" sizes=\"(max-width: 197px) 100vw, 197px\" \/><figcaption id=\"caption-attachment-84119\" class=\"wp-caption-text\">Carpenedo<\/figcaption><\/figure>\n<p>&#8211; Buscamos o meio rural como projeto de vida e quer\u00edamos provar para n\u00f3s mesmos que era poss\u00edvel produzir alimentos sem veneno, afirma Carpenedo.<\/p>\n<p>O casal implantou um viveiro com a proposta de produzir hortali\u00e7as, ch\u00e1s, temperos isentos de qualquer qu\u00edmica.<\/p>\n<figure id=\"attachment_84118\" aria-describedby=\"caption-attachment-84118\" style=\"width: 840px\" class=\"wp-caption alignnone\"><img decoding=\"async\" data-attachment-id=\"84118\" data-permalink=\"https:\/\/www.jornalja.com.br\/ambiente\/travessia-de-viamao-2-programa-alia-producao-de-alimentos-com-praticas-socioambientais\/valcir-carpenedo-no-seu-viveiro_cleberdionitentardini18\/\" data-orig-file=\"https:\/\/www.jornalja.com.br\/ambiente\/wp-content\/uploads\/sites\/3\/2022\/10\/valcir-carpenedo-no-seu-viveiro-cleberdionitentardini18.jpg\" data-orig-size=\"2132,1152\" data-comments-opened=\"1\" data-image-meta=\"{&quot;aperture&quot;:&quot;0&quot;,&quot;credit&quot;:&quot;&quot;,&quot;camera&quot;:&quot;SM-F415F&quot;,&quot;caption&quot;:&quot;&quot;,&quot;created_timestamp&quot;:&quot;1660649487&quot;,&quot;copyright&quot;:&quot;&quot;,&quot;focal_length&quot;:&quot;0&quot;,&quot;iso&quot;:&quot;40&quot;,&quot;shutter_speed&quot;:&quot;0&quot;,&quot;title&quot;:&quot;&quot;,&quot;orientation&quot;:&quot;0&quot;}\" data-image-title=\"Valcir Carpenedo no seu viveiro_CleberDioniTentardini18\" data-image-description=\"\" data-image-caption=\"\" data-large-file=\"https:\/\/www.jornalja.com.br\/ambiente\/wp-content\/uploads\/sites\/3\/2022\/10\/valcir-carpenedo-no-seu-viveiro-cleberdionitentardini18-1024x553.jpg\" class=\"wp-image-84118 size-large\" src=\"https:\/\/www.jornalja.com.br\/ambiente\/wp-content\/uploads\/sites\/3\/2022\/10\/valcir-carpenedo-no-seu-viveiro-cleberdionitentardini18-1024x553.jpg\" alt=\"\" width=\"840\" height=\"454\" srcset=\"https:\/\/www.jornalja.com.br\/ambiente\/wp-content\/uploads\/sites\/3\/2022\/10\/valcir-carpenedo-no-seu-viveiro-cleberdionitentardini18-1024x553.jpg 1024w, https:\/\/www.jornalja.com.br\/ambiente\/wp-content\/uploads\/sites\/3\/2022\/10\/valcir-carpenedo-no-seu-viveiro-cleberdionitentardini18-300x162.jpg 300w, https:\/\/www.jornalja.com.br\/ambiente\/wp-content\/uploads\/sites\/3\/2022\/10\/valcir-carpenedo-no-seu-viveiro-cleberdionitentardini18-768x415.jpg 768w, https:\/\/www.jornalja.com.br\/ambiente\/wp-content\/uploads\/sites\/3\/2022\/10\/valcir-carpenedo-no-seu-viveiro-cleberdionitentardini18-1536x830.jpg 1536w, https:\/\/www.jornalja.com.br\/ambiente\/wp-content\/uploads\/sites\/3\/2022\/10\/valcir-carpenedo-no-seu-viveiro-cleberdionitentardini18-2048x1107.jpg 2048w, https:\/\/www.jornalja.com.br\/ambiente\/wp-content\/uploads\/sites\/3\/2022\/10\/valcir-carpenedo-no-seu-viveiro-cleberdionitentardini18-1200x648.jpg 1200w\" sizes=\"(max-width: 840px) 100vw, 840px\" \/><figcaption id=\"caption-attachment-84118\" class=\"wp-caption-text\">Carpenedo tem mudas de hortali\u00e7as, vegetais, ch\u00e1s e, dependendo da \u00e9poca. algumas frutas,<\/figcaption><\/figure>\n<p>O pessoal leva ou encomenda as sementes de alfaces, r\u00faculas, br\u00f3colis, alho-por\u00f3, beterraba, dependendo da \u00e9poca come\u00e7a as melancias, ab\u00f3boras, pepino, mel\u00e3o.<\/p>\n<p>&#8211; Este espa\u00e7o nos ajuda a pagar algumas contas, mas o objetivo \u00e9 reconectarmos \u00e0 terra. As escolas aqui no entorno trazem os pequenos e a gente nota que ficam admirados em saber como nascem as plantas. N\u00e3o \u00e9 de hoje que as crian\u00e7as est\u00e3o desconectadas da realidade do campo, as pessoas n\u00e3o sabem plantar um p\u00e9 de alface, tomate, milho que seja.<\/p>\n<p>Ge\u00f3logo, especialista em solos, Carpenedo era professor da UFRGS e, hoje, aposentado, ainda d\u00e1 aulas na Escola T\u00e9cnica de Agricultura (ETA), onde tamb\u00e9m estudou.<\/p>\n<p>&#8211; Acredito que para produzir \u00e9 preciso ter um saber hol\u00edstico das coisas.\u00a0 Desde a semente at\u00e9 como controlar uma irriga\u00e7\u00e3o. A agricultura convencional \u00e9 bem mais f\u00e1cil do que a ecol\u00f3gica, porque tu tens que entender todo o processo, entender a planta, a intera\u00e7\u00e3o com o ambiente. \u00c9 poss\u00edvel produzir nas bases mais naturais. Aprendemos que se der vida ao solo, ele faz o resto sozinho. Este modelo de agricultura est\u00e1 em prol da comida e da sa\u00fade, refor\u00e7a o professor.<\/p>\n<p>Carpenedo lembra que a localiza\u00e7\u00e3o de Viam\u00e3o \u00e9 privilegiada pela quantidade e qualidade da \u00e1gua de que disp\u00f5e.<\/p>\n<p>&#8211; N\u00f3s temos a \u00e1gua que vem do granito, n\u00f3s estamos no Aqu\u00edfero Mar de Dentro. Ao arborizar um espa\u00e7o, a \u00e1gua come\u00e7a a brotar. A hora que Viam\u00e3o acordar, vai dar um salto, porque a voca\u00e7\u00e3o do munic\u00edpio \u00e9 produzir comida, em vez de commodities. E abrir as portas para as agroind\u00fastrias, fazer com que o viamonense trabalhe aqui.<\/p>\n<p>H\u00e1 cerca de sete anos, ele aceitou convite do amigo Valdon para vender suas mudas na FAE. Gostou tanto que come\u00e7ou a participar de outra feira de org\u00e2nicos, no centro de Viam\u00e3o, com a ajuda do Ricardo Oliveira, seu auxiliar no viveiro.<\/p>\n<p><img decoding=\"async\" data-attachment-id=\"84120\" data-permalink=\"https:\/\/www.jornalja.com.br\/ambiente\/travessia-de-viamao-2-programa-alia-producao-de-alimentos-com-praticas-socioambientais\/valcir-carpenedo_mudas-na-fae_cleberdionitentardini5\/\" data-orig-file=\"https:\/\/www.jornalja.com.br\/ambiente\/wp-content\/uploads\/sites\/3\/2022\/10\/valcir-carpenedo-mudas-na-fae-cleberdionitentardini5.jpg\" data-orig-size=\"690,1098\" data-comments-opened=\"1\" data-image-meta=\"{&quot;aperture&quot;:&quot;0&quot;,&quot;credit&quot;:&quot;&quot;,&quot;camera&quot;:&quot;&quot;,&quot;caption&quot;:&quot;&quot;,&quot;created_timestamp&quot;:&quot;0&quot;,&quot;copyright&quot;:&quot;&quot;,&quot;focal_length&quot;:&quot;0&quot;,&quot;iso&quot;:&quot;0&quot;,&quot;shutter_speed&quot;:&quot;0&quot;,&quot;title&quot;:&quot;&quot;,&quot;orientation&quot;:&quot;0&quot;}\" data-image-title=\"Valcir Carpenedo_Mudas na FAE_CleberDioniTentardini5\" data-image-description=\"\" data-image-caption=\"\" data-large-file=\"https:\/\/www.jornalja.com.br\/ambiente\/wp-content\/uploads\/sites\/3\/2022\/10\/valcir-carpenedo-mudas-na-fae-cleberdionitentardini5-643x1024.jpg\" class=\"alignleft wp-image-84120\" src=\"https:\/\/www.jornalja.com.br\/ambiente\/wp-content\/uploads\/sites\/3\/2022\/10\/valcir-carpenedo-mudas-na-fae-cleberdionitentardini5-189x300.jpg\" alt=\"\" width=\"198\" height=\"315\" srcset=\"https:\/\/www.jornalja.com.br\/ambiente\/wp-content\/uploads\/sites\/3\/2022\/10\/valcir-carpenedo-mudas-na-fae-cleberdionitentardini5-189x300.jpg 189w, https:\/\/www.jornalja.com.br\/ambiente\/wp-content\/uploads\/sites\/3\/2022\/10\/valcir-carpenedo-mudas-na-fae-cleberdionitentardini5-643x1024.jpg 643w, https:\/\/www.jornalja.com.br\/ambiente\/wp-content\/uploads\/sites\/3\/2022\/10\/valcir-carpenedo-mudas-na-fae-cleberdionitentardini5.jpg 690w\" sizes=\"(max-width: 198px) 100vw, 198px\" \/><\/p>\n<p>\u201cAs feiras s\u00e3o locais de trocas de saberes muito fortes, cada um ali tem a sua hist\u00f3ria, sua viv\u00eancia, ainda temos que conectar mais, trocar mais\u201d, diz.<\/p>\n<p>&nbsp;<\/p>\n<p class=\"intertit\">Falta mem\u00f3ria das plantas medicinais<\/p>\n<p>Ingrid, engenheira agr\u00f4noma, deu aulas durante 39 anos na UFRGS. Especialista em olericultura, ela introduziu o estudo das plantas medicinais na Faculdade de Agronomia e orientou o pessoal sobre as \u2018pancs\u2019 (plantas aliment\u00edcias n\u00e3o convencionais).<\/p>\n<p>Seu primeiro contato com Viam\u00e3o foi como estudante da Universidade na antiga esta\u00e7\u00e3o experimental da Fepagro &#8211; Funda\u00e7\u00e3o Estadual de Pesquisa Agropecu\u00e1ria -, com o professor Jos\u00e9 de Almeida Soares. Depois, trabalhou com o t\u00e9cnico agr\u00edcola Luiz Os\u00f3rio de Castro, segundo ela, um vision\u00e1rio.<\/p>\n<p>&#8211; Ele tinha um conhecimento incr\u00edvel da flora daqui. Reuniu a maior cole\u00e7\u00e3o de plantas medicinais nativas naquela esta\u00e7\u00e3o experimental e espalhamos por v\u00e1rios lugares, antes de acabarem com a esta\u00e7\u00e3o e com tudo. N\u00f3s temos essa riqueza enorme em Viam\u00e3o, de fauna e flora, temos esses recursos e mesmo assim ficamos sem registro. N\u00f3s trabalhamos muito toda a estrutura\u00e7\u00e3o da fitoterapia no SUS. Tivemos projetos grandes, no final dos anos 90, com parceria entre UFRGS e Prefeitura de Viam\u00e3o, Fepagro e UFRGS, e o munic\u00edpio esqueceu disso tudo, lamenta a agr\u00f4noma.<\/p>\n<p>Segundo Ingrid, duas pessoas conseguiram potencializar o trabalho do Luiz Os\u00f3rio, a Vera Chemale e a Ana Rosa reuniram em livro (Plantas Medicinais Condimentares e Arom\u00e1ticas) o conhecimento acumulado de muitos anos.<\/p>\n<p class=\"intertit\">Pioneiros da FAE<\/p>\n<figure id=\"attachment_84111\" aria-describedby=\"caption-attachment-84111\" style=\"width: 840px\" class=\"wp-caption alignnone\"><img decoding=\"async\" data-attachment-id=\"84111\" data-permalink=\"https:\/\/www.jornalja.com.br\/ambiente\/travessia-de-viamao-2-programa-alia-producao-de-alimentos-com-praticas-socioambientais\/organicos_familia-wegner-no-sitio_fotocleberdionitentardini\/\" data-orig-file=\"https:\/\/www.jornalja.com.br\/ambiente\/wp-content\/uploads\/sites\/3\/2022\/10\/organicos-familia-wegner-no-sitio-fotocleberdionitentardini-scaled-e1666931057462.jpg\" data-orig-size=\"1785,2150\" data-comments-opened=\"1\" data-image-meta=\"{&quot;aperture&quot;:&quot;0&quot;,&quot;credit&quot;:&quot;&quot;,&quot;camera&quot;:&quot;SM-F415F&quot;,&quot;caption&quot;:&quot;&quot;,&quot;created_timestamp&quot;:&quot;1660238237&quot;,&quot;copyright&quot;:&quot;&quot;,&quot;focal_length&quot;:&quot;0&quot;,&quot;iso&quot;:&quot;25&quot;,&quot;shutter_speed&quot;:&quot;0&quot;,&quot;title&quot;:&quot;&quot;,&quot;orientation&quot;:&quot;0&quot;}\" data-image-title=\"Org\u00e2nicos_Familia Wegner no s\u00edtio_fotocleberdionitentardini\" data-image-description=\"\" data-image-caption=\"\" data-large-file=\"https:\/\/www.jornalja.com.br\/ambiente\/wp-content\/uploads\/sites\/3\/2022\/10\/organicos-familia-wegner-no-sitio-fotocleberdionitentardini-scaled-e1666931057462-850x1024.jpg\" class=\"wp-image-84111 size-large\" src=\"https:\/\/www.jornalja.com.br\/ambiente\/wp-content\/uploads\/sites\/3\/2022\/10\/organicos-familia-wegner-no-sitio-fotocleberdionitentardini-scaled-e1666931057462-850x1024.jpg\" alt=\"\" width=\"840\" height=\"1012\" srcset=\"https:\/\/www.jornalja.com.br\/ambiente\/wp-content\/uploads\/sites\/3\/2022\/10\/organicos-familia-wegner-no-sitio-fotocleberdionitentardini-scaled-e1666931057462-850x1024.jpg 850w, https:\/\/www.jornalja.com.br\/ambiente\/wp-content\/uploads\/sites\/3\/2022\/10\/organicos-familia-wegner-no-sitio-fotocleberdionitentardini-scaled-e1666931057462-249x300.jpg 249w, https:\/\/www.jornalja.com.br\/ambiente\/wp-content\/uploads\/sites\/3\/2022\/10\/organicos-familia-wegner-no-sitio-fotocleberdionitentardini-scaled-e1666931057462-768x925.jpg 768w, https:\/\/www.jornalja.com.br\/ambiente\/wp-content\/uploads\/sites\/3\/2022\/10\/organicos-familia-wegner-no-sitio-fotocleberdionitentardini-scaled-e1666931057462-1275x1536.jpg 1275w, https:\/\/www.jornalja.com.br\/ambiente\/wp-content\/uploads\/sites\/3\/2022\/10\/organicos-familia-wegner-no-sitio-fotocleberdionitentardini-scaled-e1666931057462-1700x2048.jpg 1700w, https:\/\/www.jornalja.com.br\/ambiente\/wp-content\/uploads\/sites\/3\/2022\/10\/organicos-familia-wegner-no-sitio-fotocleberdionitentardini-scaled-e1666931057462-1200x1445.jpg 1200w, https:\/\/www.jornalja.com.br\/ambiente\/wp-content\/uploads\/sites\/3\/2022\/10\/organicos-familia-wegner-no-sitio-fotocleberdionitentardini-scaled-e1666931057462.jpg 1785w\" sizes=\"(max-width: 840px) 100vw, 840px\" \/><figcaption id=\"caption-attachment-84111\" class=\"wp-caption-text\">Valdon, Lisiane e a filha Lilian colhendo as hortali\u00e7as para vender em Porto Alegre. Fotos: Cleber Dioni<\/figcaption><\/figure>\n<p>A fam\u00edlia Wegner \u00e9 uma das pioneiras da Feira de Agricultores Ecologistas (FAE), que acontece todos os s\u00e1bados pela manh\u00e3 na avenida Jos\u00e9 Bonif\u00e1cio, em frente \u00e0 Reden\u00e7\u00e3o.<\/p>\n<p>A reportagem acompanhou o trabalho da fam\u00edlia meses antes dela arrendar o s\u00edtio e sair da FAE. Seu Valdon e a esposa Lisiane decidiram se aposentar e voltar para Santa Cruz do Sul, de onde partiram rumo a Viam\u00e3o em 1977. Ele trabalhou seis anos como empregado em um tambo de leite, depois arrendou um s\u00edtio e come\u00e7ou a plantar verduras. Vendia em Viam\u00e3o mesmo e, em 1987, foi convidado a participar da feira Tupamba\u00e9, que estava sendo realizada desde o ano anterior na \u00e1rea central do Parque Farroupilha (ao longo do espelho d\u2019\u00e1gua) para comercializar produtos e falar sobre ecologia.<\/p>\n<figure id=\"attachment_84113\" aria-describedby=\"caption-attachment-84113\" style=\"width: 171px\" class=\"wp-caption alignleft\"><img decoding=\"async\" data-attachment-id=\"84113\" data-permalink=\"https:\/\/www.jornalja.com.br\/ambiente\/travessia-de-viamao-2-programa-alia-producao-de-alimentos-com-praticas-socioambientais\/organicos_familia-wegner-no-sitio2_fotocleberdionitentardini\/\" data-orig-file=\"https:\/\/www.jornalja.com.br\/ambiente\/wp-content\/uploads\/sites\/3\/2022\/10\/organicos-familia-wegner-no-sitio2-fotocleberdionitentardini-scaled.jpg\" data-orig-size=\"1462,2560\" data-comments-opened=\"1\" data-image-meta=\"{&quot;aperture&quot;:&quot;1.8&quot;,&quot;credit&quot;:&quot;&quot;,&quot;camera&quot;:&quot;SM-F415F&quot;,&quot;caption&quot;:&quot;&quot;,&quot;created_timestamp&quot;:&quot;1660235595&quot;,&quot;copyright&quot;:&quot;&quot;,&quot;focal_length&quot;:&quot;5.23&quot;,&quot;iso&quot;:&quot;20&quot;,&quot;shutter_speed&quot;:&quot;0.0064102564102564&quot;,&quot;title&quot;:&quot;&quot;,&quot;orientation&quot;:&quot;0&quot;}\" data-image-title=\"Org\u00e2nicos_Familia Wegner no s\u00edtio2_fotocleberdionitentardini\" data-image-description=\"\" data-image-caption=\"\" data-large-file=\"https:\/\/www.jornalja.com.br\/ambiente\/wp-content\/uploads\/sites\/3\/2022\/10\/organicos-familia-wegner-no-sitio2-fotocleberdionitentardini-585x1024.jpg\" class=\"wp-image-84113 size-medium\" src=\"https:\/\/www.jornalja.com.br\/ambiente\/wp-content\/uploads\/sites\/3\/2022\/10\/organicos-familia-wegner-no-sitio2-fotocleberdionitentardini-171x300.jpg\" alt=\"\" width=\"171\" height=\"300\" srcset=\"https:\/\/www.jornalja.com.br\/ambiente\/wp-content\/uploads\/sites\/3\/2022\/10\/organicos-familia-wegner-no-sitio2-fotocleberdionitentardini-171x300.jpg 171w, https:\/\/www.jornalja.com.br\/ambiente\/wp-content\/uploads\/sites\/3\/2022\/10\/organicos-familia-wegner-no-sitio2-fotocleberdionitentardini-585x1024.jpg 585w, https:\/\/www.jornalja.com.br\/ambiente\/wp-content\/uploads\/sites\/3\/2022\/10\/organicos-familia-wegner-no-sitio2-fotocleberdionitentardini-768x1345.jpg 768w, https:\/\/www.jornalja.com.br\/ambiente\/wp-content\/uploads\/sites\/3\/2022\/10\/organicos-familia-wegner-no-sitio2-fotocleberdionitentardini-877x1536.jpg 877w, https:\/\/www.jornalja.com.br\/ambiente\/wp-content\/uploads\/sites\/3\/2022\/10\/organicos-familia-wegner-no-sitio2-fotocleberdionitentardini-1169x2048.jpg 1169w, https:\/\/www.jornalja.com.br\/ambiente\/wp-content\/uploads\/sites\/3\/2022\/10\/organicos-familia-wegner-no-sitio2-fotocleberdionitentardini-1200x2102.jpg 1200w, https:\/\/www.jornalja.com.br\/ambiente\/wp-content\/uploads\/sites\/3\/2022\/10\/organicos-familia-wegner-no-sitio2-fotocleberdionitentardini-scaled.jpg 1462w\" sizes=\"(max-width: 171px) 100vw, 171px\" \/><figcaption id=\"caption-attachment-84113\" class=\"wp-caption-text\">No s\u00edtio<\/figcaption><\/figure>\n<figure id=\"attachment_84112\" aria-describedby=\"caption-attachment-84112\" style=\"width: 165px\" class=\"wp-caption alignleft\"><img decoding=\"async\" data-attachment-id=\"84112\" data-permalink=\"https:\/\/www.jornalja.com.br\/ambiente\/travessia-de-viamao-2-programa-alia-producao-de-alimentos-com-praticas-socioambientais\/organicos_familia-wegner_fotocleberdionitentardini\/\" data-orig-file=\"https:\/\/www.jornalja.com.br\/ambiente\/wp-content\/uploads\/sites\/3\/2022\/10\/organicos-familia-wegner-fotocleberdionitentardini-scaled.jpg\" data-orig-size=\"1410,2560\" data-comments-opened=\"1\" data-image-meta=\"{&quot;aperture&quot;:&quot;1.8&quot;,&quot;credit&quot;:&quot;&quot;,&quot;camera&quot;:&quot;SM-F415F&quot;,&quot;caption&quot;:&quot;&quot;,&quot;created_timestamp&quot;:&quot;1659781638&quot;,&quot;copyright&quot;:&quot;&quot;,&quot;focal_length&quot;:&quot;5.23&quot;,&quot;iso&quot;:&quot;100&quot;,&quot;shutter_speed&quot;:&quot;0.016666666666667&quot;,&quot;title&quot;:&quot;&quot;,&quot;orientation&quot;:&quot;0&quot;}\" data-image-title=\"Org\u00e2nicos_Familia Wegner_fotocleberdionitentardini\" data-image-description=\"\" data-image-caption=\"\" data-large-file=\"https:\/\/www.jornalja.com.br\/ambiente\/wp-content\/uploads\/sites\/3\/2022\/10\/organicos-familia-wegner-fotocleberdionitentardini-564x1024.jpg\" class=\"wp-image-84112 size-medium\" src=\"https:\/\/www.jornalja.com.br\/ambiente\/wp-content\/uploads\/sites\/3\/2022\/10\/organicos-familia-wegner-fotocleberdionitentardini-165x300.jpg\" alt=\"\" width=\"165\" height=\"300\" srcset=\"https:\/\/www.jornalja.com.br\/ambiente\/wp-content\/uploads\/sites\/3\/2022\/10\/organicos-familia-wegner-fotocleberdionitentardini-165x300.jpg 165w, https:\/\/www.jornalja.com.br\/ambiente\/wp-content\/uploads\/sites\/3\/2022\/10\/organicos-familia-wegner-fotocleberdionitentardini-564x1024.jpg 564w, https:\/\/www.jornalja.com.br\/ambiente\/wp-content\/uploads\/sites\/3\/2022\/10\/organicos-familia-wegner-fotocleberdionitentardini-768x1395.jpg 768w, https:\/\/www.jornalja.com.br\/ambiente\/wp-content\/uploads\/sites\/3\/2022\/10\/organicos-familia-wegner-fotocleberdionitentardini-846x1536.jpg 846w, https:\/\/www.jornalja.com.br\/ambiente\/wp-content\/uploads\/sites\/3\/2022\/10\/organicos-familia-wegner-fotocleberdionitentardini-1128x2048.jpg 1128w, https:\/\/www.jornalja.com.br\/ambiente\/wp-content\/uploads\/sites\/3\/2022\/10\/organicos-familia-wegner-fotocleberdionitentardini-1200x2179.jpg 1200w, https:\/\/www.jornalja.com.br\/ambiente\/wp-content\/uploads\/sites\/3\/2022\/10\/organicos-familia-wegner-fotocleberdionitentardini-scaled.jpg 1410w\" sizes=\"(max-width: 165px) 100vw, 165px\" \/><figcaption id=\"caption-attachment-84112\" class=\"wp-caption-text\">Na FAE<\/figcaption><\/figure>\n<p>A feira Tupamba\u00e9 (palavra de origem tupi-guarani que significa lavoura do comum) foi o embri\u00e3o da Feira da Coolmeia, e hoje, a FAE \u2013 Feira dos Agricultores Ecologistas.<\/p>\n<p>No s\u00edtio de dez hectares, plantavam hortali\u00e7as, ab\u00f3bora, acerola, aipim, batata doce, beringela, cebola, entre outros. E contavam com a ajuda da filha Lilian, que alternava no trabalho como fisioterapeuta e na produ\u00e7\u00e3o e venda dos produtos. O que n\u00e3o vendia na feira, ficava para consumo da fam\u00edlia e uma parte era doada.<\/p>\n<figure id=\"attachment_84114\" aria-describedby=\"caption-attachment-84114\" style=\"width: 840px\" class=\"wp-caption alignnone\"><img decoding=\"async\" data-attachment-id=\"84114\" data-permalink=\"https:\/\/www.jornalja.com.br\/ambiente\/travessia-de-viamao-2-programa-alia-producao-de-alimentos-com-praticas-socioambientais\/organicos_familia-wegner-no-sitio33_fotocleberdionitentardini\/\" data-orig-file=\"https:\/\/www.jornalja.com.br\/ambiente\/wp-content\/uploads\/sites\/3\/2022\/10\/organicos-familia-wegner-no-sitio33-fotocleberdionitentardini-scaled.jpg\" data-orig-size=\"2560,1179\" data-comments-opened=\"1\" data-image-meta=\"{&quot;aperture&quot;:&quot;0&quot;,&quot;credit&quot;:&quot;&quot;,&quot;camera&quot;:&quot;SM-F415F&quot;,&quot;caption&quot;:&quot;&quot;,&quot;created_timestamp&quot;:&quot;1660219700&quot;,&quot;copyright&quot;:&quot;&quot;,&quot;focal_length&quot;:&quot;0&quot;,&quot;iso&quot;:&quot;40&quot;,&quot;shutter_speed&quot;:&quot;0&quot;,&quot;title&quot;:&quot;&quot;,&quot;orientation&quot;:&quot;0&quot;}\" data-image-title=\"Org\u00e2nicos_Familia Wegner no s\u00edtio33_fotocleberdionitentardini\" data-image-description=\"\" data-image-caption=\"\" data-large-file=\"https:\/\/www.jornalja.com.br\/ambiente\/wp-content\/uploads\/sites\/3\/2022\/10\/organicos-familia-wegner-no-sitio33-fotocleberdionitentardini-1024x472.jpg\" class=\"wp-image-84114 size-large\" src=\"https:\/\/www.jornalja.com.br\/ambiente\/wp-content\/uploads\/sites\/3\/2022\/10\/organicos-familia-wegner-no-sitio33-fotocleberdionitentardini-1024x472.jpg\" alt=\"\" width=\"840\" height=\"387\" srcset=\"https:\/\/www.jornalja.com.br\/ambiente\/wp-content\/uploads\/sites\/3\/2022\/10\/organicos-familia-wegner-no-sitio33-fotocleberdionitentardini-1024x472.jpg 1024w, https:\/\/www.jornalja.com.br\/ambiente\/wp-content\/uploads\/sites\/3\/2022\/10\/organicos-familia-wegner-no-sitio33-fotocleberdionitentardini-300x138.jpg 300w, https:\/\/www.jornalja.com.br\/ambiente\/wp-content\/uploads\/sites\/3\/2022\/10\/organicos-familia-wegner-no-sitio33-fotocleberdionitentardini-768x354.jpg 768w, https:\/\/www.jornalja.com.br\/ambiente\/wp-content\/uploads\/sites\/3\/2022\/10\/organicos-familia-wegner-no-sitio33-fotocleberdionitentardini-1536x708.jpg 1536w, https:\/\/www.jornalja.com.br\/ambiente\/wp-content\/uploads\/sites\/3\/2022\/10\/organicos-familia-wegner-no-sitio33-fotocleberdionitentardini-2048x943.jpg 2048w, https:\/\/www.jornalja.com.br\/ambiente\/wp-content\/uploads\/sites\/3\/2022\/10\/organicos-familia-wegner-no-sitio33-fotocleberdionitentardini-1200x553.jpg 1200w\" sizes=\"(max-width: 840px) 100vw, 840px\" \/><figcaption id=\"caption-attachment-84114\" class=\"wp-caption-text\">O que n\u00e3o vende na feira, fica para consumo da fam\u00edlia e uma parte \u00e9 doada.<\/figcaption><\/figure>\n<p>&#8211; Viam\u00e3o \u00e9 uma cidade aben\u00e7oada com a melhor \u00e1gua,\u00a0 limpa, impressionante. Temos um po\u00e7o artesiano l\u00e1 no s\u00edtio com 38 metros de profundidade e tem vertentes por tudo, em cinco hectares de mata nativa. Certa vez, fui visitar um s\u00edtio na regi\u00e3o da Pimenta, e vi a \u00e1gua brotando, cristalina, conta seu Wegner.<\/p>\n<p class=\"intertit\">Ovos sem horm\u00f4nios<\/p>\n<p>Na Quinta da Passiflora, a produ\u00e7\u00e3o de ovos e mel \u00e9 isenta de aditivos como horm\u00f4nios, antibi\u00f3ticos ou drogas veterin\u00e1rias.<\/p>\n<p>A Quinta surgiu em 1984, quando dois irm\u00e3os da fam\u00edlia Bos Wolff iniciaram a cria\u00e7\u00e3o de abelhas em parceria. Aos poucos a fam\u00edlia foi diversificando as atividades e come\u00e7ou a plantar frutas e hortali\u00e7as, aves e ovos, al\u00e9m do mel, pr\u00f3polis e derivados.<\/p>\n<p><img decoding=\"async\" data-attachment-id=\"84117\" data-permalink=\"https:\/\/www.jornalja.com.br\/ambiente\/travessia-de-viamao-2-programa-alia-producao-de-alimentos-com-praticas-socioambientais\/organicos_quintadapassiflora_vertical_fotocleberdionitentardini\/\" data-orig-file=\"https:\/\/www.jornalja.com.br\/ambiente\/wp-content\/uploads\/sites\/3\/2022\/10\/organicos-quintadapassiflora-vertical-fotocleberdionitentardini.jpg\" data-orig-size=\"739,1114\" data-comments-opened=\"1\" data-image-meta=\"{&quot;aperture&quot;:&quot;0&quot;,&quot;credit&quot;:&quot;&quot;,&quot;camera&quot;:&quot;&quot;,&quot;caption&quot;:&quot;&quot;,&quot;created_timestamp&quot;:&quot;0&quot;,&quot;copyright&quot;:&quot;&quot;,&quot;focal_length&quot;:&quot;0&quot;,&quot;iso&quot;:&quot;0&quot;,&quot;shutter_speed&quot;:&quot;0&quot;,&quot;title&quot;:&quot;&quot;,&quot;orientation&quot;:&quot;0&quot;}\" data-image-title=\"Org\u00e2nicos_QuintadaPassiflora_vertical_fotocleberdionitentardini\" data-image-description=\"\" data-image-caption=\"\" data-large-file=\"https:\/\/www.jornalja.com.br\/ambiente\/wp-content\/uploads\/sites\/3\/2022\/10\/organicos-quintadapassiflora-vertical-fotocleberdionitentardini-679x1024.jpg\" class=\"alignleft size-medium wp-image-84117\" src=\"https:\/\/www.jornalja.com.br\/ambiente\/wp-content\/uploads\/sites\/3\/2022\/10\/organicos-quintadapassiflora-vertical-fotocleberdionitentardini-199x300.jpg\" alt=\"\" width=\"199\" height=\"300\" srcset=\"https:\/\/www.jornalja.com.br\/ambiente\/wp-content\/uploads\/sites\/3\/2022\/10\/organicos-quintadapassiflora-vertical-fotocleberdionitentardini-199x300.jpg 199w, https:\/\/www.jornalja.com.br\/ambiente\/wp-content\/uploads\/sites\/3\/2022\/10\/organicos-quintadapassiflora-vertical-fotocleberdionitentardini-679x1024.jpg 679w, https:\/\/www.jornalja.com.br\/ambiente\/wp-content\/uploads\/sites\/3\/2022\/10\/organicos-quintadapassiflora-vertical-fotocleberdionitentardini.jpg 739w\" sizes=\"(max-width: 199px) 100vw, 199px\" \/>Hoje, \u00e9 administrada por Edson Marcelo Garcia, a esposa Claudia Wolff e os filhos Marina e Maur\u00edcio. O casal \u00e9 outro pioneiro da FAE, na Reden\u00e7\u00e3o.<\/p>\n<p>&nbsp;<\/p>\n<figure id=\"attachment_84116\" aria-describedby=\"caption-attachment-84116\" style=\"width: 840px\" class=\"wp-caption alignnone\"><img decoding=\"async\" data-attachment-id=\"84116\" data-permalink=\"https:\/\/www.jornalja.com.br\/ambiente\/travessia-de-viamao-2-programa-alia-producao-de-alimentos-com-praticas-socioambientais\/organicos_quinta-da-passiflora_edson-marcelo_produtor-de-ovos-organicos_cleberdionitentardini3\/\" data-orig-file=\"https:\/\/www.jornalja.com.br\/ambiente\/wp-content\/uploads\/sites\/3\/2022\/10\/organicos-quinta-da-passiflora-edson-marcelo-produtor-de-ovos-organicos-cleberdionitentardini3-scaled.jpg\" data-orig-size=\"2560,1381\" data-comments-opened=\"1\" data-image-meta=\"{&quot;aperture&quot;:&quot;0&quot;,&quot;credit&quot;:&quot;&quot;,&quot;camera&quot;:&quot;SM-F415F&quot;,&quot;caption&quot;:&quot;&quot;,&quot;created_timestamp&quot;:&quot;1660229883&quot;,&quot;copyright&quot;:&quot;&quot;,&quot;focal_length&quot;:&quot;0&quot;,&quot;iso&quot;:&quot;20&quot;,&quot;shutter_speed&quot;:&quot;0&quot;,&quot;title&quot;:&quot;&quot;,&quot;orientation&quot;:&quot;0&quot;}\" data-image-title=\"Org\u00e2nicos_Quinta da Passiflora_Edson Marcelo_produtor de ovos org\u00e2nicos_CleberDioniTentardini3\" data-image-description=\"\" data-image-caption=\"&lt;p&gt;Edson Marcelo, produtor de ovos org\u00e2nicos da Quinta da Passiflora. Foto: Cleber Dioni&lt;\/p&gt;\n\" data-large-file=\"https:\/\/www.jornalja.com.br\/ambiente\/wp-content\/uploads\/sites\/3\/2022\/10\/organicos-quinta-da-passiflora-edson-marcelo-produtor-de-ovos-organicos-cleberdionitentardini3-1024x552.jpg\" class=\"wp-image-84116 size-large\" src=\"https:\/\/www.jornalja.com.br\/ambiente\/wp-content\/uploads\/sites\/3\/2022\/10\/organicos-quinta-da-passiflora-edson-marcelo-produtor-de-ovos-organicos-cleberdionitentardini3-1024x552.jpg\" alt=\"\" width=\"840\" height=\"453\" srcset=\"https:\/\/www.jornalja.com.br\/ambiente\/wp-content\/uploads\/sites\/3\/2022\/10\/organicos-quinta-da-passiflora-edson-marcelo-produtor-de-ovos-organicos-cleberdionitentardini3-1024x552.jpg 1024w, https:\/\/www.jornalja.com.br\/ambiente\/wp-content\/uploads\/sites\/3\/2022\/10\/organicos-quinta-da-passiflora-edson-marcelo-produtor-de-ovos-organicos-cleberdionitentardini3-300x162.jpg 300w, https:\/\/www.jornalja.com.br\/ambiente\/wp-content\/uploads\/sites\/3\/2022\/10\/organicos-quinta-da-passiflora-edson-marcelo-produtor-de-ovos-organicos-cleberdionitentardini3-768x414.jpg 768w, https:\/\/www.jornalja.com.br\/ambiente\/wp-content\/uploads\/sites\/3\/2022\/10\/organicos-quinta-da-passiflora-edson-marcelo-produtor-de-ovos-organicos-cleberdionitentardini3-1536x829.jpg 1536w, https:\/\/www.jornalja.com.br\/ambiente\/wp-content\/uploads\/sites\/3\/2022\/10\/organicos-quinta-da-passiflora-edson-marcelo-produtor-de-ovos-organicos-cleberdionitentardini3-2048x1105.jpg 2048w, https:\/\/www.jornalja.com.br\/ambiente\/wp-content\/uploads\/sites\/3\/2022\/10\/organicos-quinta-da-passiflora-edson-marcelo-produtor-de-ovos-organicos-cleberdionitentardini3-1200x647.jpg 1200w\" sizes=\"(max-width: 840px) 100vw, 840px\" \/><figcaption id=\"caption-attachment-84116\" class=\"wp-caption-text\">Edson Marcelo, produtor de ovos org\u00e2nicos da Quinta da Passiflora. Fotos: Cleber Dioni<\/figcaption><\/figure>\n<p>A Quinta trabalha com 800 frangos. A vida \u00fatil das poedeiras \u00e9 de 120 semanas. Depois, s\u00e3o abatidas, algumas s\u00e3o aproveitadas para o consumo da fam\u00edlia e as demais transformadas em adubo.<\/p>\n<p>\u201cEsse \u00e9 um problema que n\u00f3s, pequenos produtores, enfrentamos, porque n\u00e3o tem abatedouro para poucos frangos. \u00c9 um investimento muito alto. Al\u00e9m disso, tem que ter toda uma limpeza espec\u00edfica para lidar com o produto no sistema org\u00e2nico e agroecol\u00f3gico\u201d, completa Marcelo.<\/p>\n<p>A veterin\u00e1ria Lisiane Feck \u00c1vila, consultora da Emater de Viam\u00e3o, explica que a linhagem de frango Izabral \u00e9 a mais comum entre as poedeiras.<\/p>\n<p>&#8211; \u00c9 um animal pequeno. Come\u00e7a a p\u00f4r ovos a partir dos 5 meses e tem vida \u00fatil entre 1,5 a 2 anos, afirma a veterin\u00e1ria.<\/p>\n<p class=\"intertit\">Os desafios da Emater<\/p>\n<p>O engenheiro agr\u00f4nomo Gladimir Ramos de Souza, da Empresa de Assist\u00eancia T\u00e9cnica e Extens\u00e3o Rural (Emater\/RS-Ascar), diz que o p\u00fablico em um munic\u00edpio grande como Viam\u00e3o abarca diferentes grupos, como ind\u00edgenas, quilombos, pescadores, assentados, pecuaristas familiares, produtores org\u00e2nicos, grandes produtores de arroz, de soja.<\/p>\n<figure id=\"attachment_84375\" aria-describedby=\"caption-attachment-84375\" style=\"width: 2048px\" class=\"wp-caption alignleft\"><img decoding=\"async\" data-attachment-id=\"84375\" data-permalink=\"https:\/\/www.jornalja.com.br\/ambiente\/travessia-de-viamao-2-programa-alia-producao-de-alimentos-com-praticas-socioambientais\/soja-organica_produtores-assentamento-filhos-de-sepeviamao-coperav-irga-professor-claudio-fioreze_gladimir-emater4\/\" data-orig-file=\"https:\/\/www.jornalja.com.br\/ambiente\/wp-content\/uploads\/sites\/3\/2023\/01\/soja-organica-produtores-assentamento-filhos-de-sepeviamao-coperav-irga-professor-claudio-fioreze-gladimir-emater4.jpg\" data-orig-size=\"2048,1536\" data-comments-opened=\"1\" data-image-meta=\"{&quot;aperture&quot;:&quot;0&quot;,&quot;credit&quot;:&quot;&quot;,&quot;camera&quot;:&quot;&quot;,&quot;caption&quot;:&quot;&quot;,&quot;created_timestamp&quot;:&quot;0&quot;,&quot;copyright&quot;:&quot;&quot;,&quot;focal_length&quot;:&quot;0&quot;,&quot;iso&quot;:&quot;0&quot;,&quot;shutter_speed&quot;:&quot;0&quot;,&quot;title&quot;:&quot;&quot;,&quot;orientation&quot;:&quot;0&quot;}\" data-image-title=\"Soja org\u00e2nica_produtores Assentamento Filhos de Sep\u00e9Viam\u00e3o. Coperav, IRGA, professor Claudio Fioreze_Gladimir Emater4\" data-image-description=\"\" data-image-caption=\"&lt;p&gt;Gladimir fez foto da visita, com o professor Claudio Fioreze \u00e0 planta\u00e7\u00e3o de soja org\u00e2nica no Filhos de Sep\u00e9. &lt;\/p&gt;\n\" data-large-file=\"https:\/\/www.jornalja.com.br\/ambiente\/wp-content\/uploads\/sites\/3\/2023\/01\/soja-organica-produtores-assentamento-filhos-de-sepeviamao-coperav-irga-professor-claudio-fioreze-gladimir-emater4-1024x768.jpg\" class=\"wp-image-84375 size-full\" src=\"https:\/\/www.jornalja.com.br\/ambiente\/wp-content\/uploads\/sites\/3\/2023\/01\/soja-organica-produtores-assentamento-filhos-de-sepeviamao-coperav-irga-professor-claudio-fioreze-gladimir-emater4.jpg\" alt=\"\" width=\"2048\" height=\"1536\" srcset=\"https:\/\/www.jornalja.com.br\/ambiente\/wp-content\/uploads\/sites\/3\/2023\/01\/soja-organica-produtores-assentamento-filhos-de-sepeviamao-coperav-irga-professor-claudio-fioreze-gladimir-emater4.jpg 2048w, https:\/\/www.jornalja.com.br\/ambiente\/wp-content\/uploads\/sites\/3\/2023\/01\/soja-organica-produtores-assentamento-filhos-de-sepeviamao-coperav-irga-professor-claudio-fioreze-gladimir-emater4-300x225.jpg 300w, https:\/\/www.jornalja.com.br\/ambiente\/wp-content\/uploads\/sites\/3\/2023\/01\/soja-organica-produtores-assentamento-filhos-de-sepeviamao-coperav-irga-professor-claudio-fioreze-gladimir-emater4-1024x768.jpg 1024w, https:\/\/www.jornalja.com.br\/ambiente\/wp-content\/uploads\/sites\/3\/2023\/01\/soja-organica-produtores-assentamento-filhos-de-sepeviamao-coperav-irga-professor-claudio-fioreze-gladimir-emater4-768x576.jpg 768w, https:\/\/www.jornalja.com.br\/ambiente\/wp-content\/uploads\/sites\/3\/2023\/01\/soja-organica-produtores-assentamento-filhos-de-sepeviamao-coperav-irga-professor-claudio-fioreze-gladimir-emater4-1536x1152.jpg 1536w, https:\/\/www.jornalja.com.br\/ambiente\/wp-content\/uploads\/sites\/3\/2023\/01\/soja-organica-produtores-assentamento-filhos-de-sepeviamao-coperav-irga-professor-claudio-fioreze-gladimir-emater4-1200x900.jpg 1200w\" sizes=\"(max-width: 2048px) 100vw, 2048px\" \/><figcaption id=\"caption-attachment-84375\" class=\"wp-caption-text\">Gladimir registro a visita,com o professor Fioreze \u00e0 planta\u00e7\u00e3o de soja org\u00e2nica no Filhos de Sep\u00e9.<\/figcaption><\/figure>\n<p>O extensionista ressalta que est\u00e3o trabalhando com o sistema SPDH &#8211; Sistema de Plantio Direto de Hortali\u00e7as. Viam\u00e3o tem hoje o maior grupo de produtores de foliosas da Ceasa do RS. Segundo ele, \u00e9 utilizado muito insumo qu\u00edmico, que ocasiona a degrada\u00e7\u00e3o do solo, ent\u00e3o adotaram a experiencia do plantio direto, feito h\u00e1 muito tempo em Santa Catarina e introduzido no estado pela UFRGS, para, futuramente, o produtor trabalhar com org\u00e2nicos.<\/p>\n<p>&#8211; Prestamos aux\u00edlio, capacita\u00e7\u00e3o, ajudamos a desenvolver as comunidades dando \u00eanfase \u00e0 produ\u00e7\u00e3o org\u00e2nica e ecol\u00f3gica. Por exemplo, na Costa do Oveiro, orientamos a produ\u00e7\u00e3o do leite a pasto, ou seja, com as vacas livres e, n\u00e3o, confinadas. O custo \u00e9 bem mais baixo. A tend\u00eancia \u00e9 que esses confinamentos de su\u00ednos, galinhas, acabe logo porque \u00e9 muito oneroso, explica.<\/p>\n<p>Souza lembra que o primeiro assentamento do Estado foi em Itapu\u00e3, \u201cA Reforma\u201d. Tr\u00eas fam\u00edlias remanescentes dos primeiros assentados moram pr\u00f3ximas ao parque de Itapu\u00e3 e produzem arroz org\u00e2nico.<\/p>\n<p>Alguns agricultores do Assentamento Filhos de Sep\u00e9 tamb\u00e9m est\u00e3o produzindo arroz org\u00e2nico, de forma experimental , em parceria com o IRGA, Instituto Federal e Emater.<\/p>\n<figure id=\"attachment_84376\" aria-describedby=\"caption-attachment-84376\" style=\"width: 2048px\" class=\"wp-caption alignleft\"><img decoding=\"async\" data-attachment-id=\"84376\" data-permalink=\"https:\/\/www.jornalja.com.br\/ambiente\/travessia-de-viamao-2-programa-alia-producao-de-alimentos-com-praticas-socioambientais\/soja-organica_produtores-assentamento-filhos-de-sepeviamao-coperav-irga-professor-claudio-fioreze_gladimir-emater5\/\" data-orig-file=\"https:\/\/www.jornalja.com.br\/ambiente\/wp-content\/uploads\/sites\/3\/2023\/01\/soja-organica-produtores-assentamento-filhos-de-sepeviamao-coperav-irga-professor-claudio-fioreze-gladimir-emater5.jpg\" data-orig-size=\"2048,1542\" data-comments-opened=\"1\" data-image-meta=\"{&quot;aperture&quot;:&quot;0&quot;,&quot;credit&quot;:&quot;&quot;,&quot;camera&quot;:&quot;&quot;,&quot;caption&quot;:&quot;&quot;,&quot;created_timestamp&quot;:&quot;0&quot;,&quot;copyright&quot;:&quot;&quot;,&quot;focal_length&quot;:&quot;0&quot;,&quot;iso&quot;:&quot;0&quot;,&quot;shutter_speed&quot;:&quot;0&quot;,&quot;title&quot;:&quot;&quot;,&quot;orientation&quot;:&quot;0&quot;}\" data-image-title=\"Soja org\u00e2nica_produtores Assentamento Filhos de Sep\u00e9Viam\u00e3o. Coperav, IRGA, professor Claudio Fioreze_Gladimir Emater5\" data-image-description=\"\" data-image-caption=\"\" data-large-file=\"https:\/\/www.jornalja.com.br\/ambiente\/wp-content\/uploads\/sites\/3\/2023\/01\/soja-organica-produtores-assentamento-filhos-de-sepeviamao-coperav-irga-professor-claudio-fioreze-gladimir-emater5-1024x771.jpg\" class=\"wp-image-84376 size-full\" src=\"https:\/\/www.jornalja.com.br\/ambiente\/wp-content\/uploads\/sites\/3\/2023\/01\/soja-organica-produtores-assentamento-filhos-de-sepeviamao-coperav-irga-professor-claudio-fioreze-gladimir-emater5.jpg\" alt=\"\" width=\"2048\" height=\"1542\" srcset=\"https:\/\/www.jornalja.com.br\/ambiente\/wp-content\/uploads\/sites\/3\/2023\/01\/soja-organica-produtores-assentamento-filhos-de-sepeviamao-coperav-irga-professor-claudio-fioreze-gladimir-emater5.jpg 2048w, https:\/\/www.jornalja.com.br\/ambiente\/wp-content\/uploads\/sites\/3\/2023\/01\/soja-organica-produtores-assentamento-filhos-de-sepeviamao-coperav-irga-professor-claudio-fioreze-gladimir-emater5-300x226.jpg 300w, https:\/\/www.jornalja.com.br\/ambiente\/wp-content\/uploads\/sites\/3\/2023\/01\/soja-organica-produtores-assentamento-filhos-de-sepeviamao-coperav-irga-professor-claudio-fioreze-gladimir-emater5-1024x771.jpg 1024w, https:\/\/www.jornalja.com.br\/ambiente\/wp-content\/uploads\/sites\/3\/2023\/01\/soja-organica-produtores-assentamento-filhos-de-sepeviamao-coperav-irga-professor-claudio-fioreze-gladimir-emater5-768x578.jpg 768w, https:\/\/www.jornalja.com.br\/ambiente\/wp-content\/uploads\/sites\/3\/2023\/01\/soja-organica-produtores-assentamento-filhos-de-sepeviamao-coperav-irga-professor-claudio-fioreze-gladimir-emater5-1536x1157.jpg 1536w, https:\/\/www.jornalja.com.br\/ambiente\/wp-content\/uploads\/sites\/3\/2023\/01\/soja-organica-produtores-assentamento-filhos-de-sepeviamao-coperav-irga-professor-claudio-fioreze-gladimir-emater5-1200x904.jpg 1200w\" sizes=\"(max-width: 2048px) 100vw, 2048px\" \/><figcaption id=\"caption-attachment-84376\" class=\"wp-caption-text\">Planta\u00e7\u00e3o de soja org\u00e2nica<\/figcaption><\/figure>\n<p>&#8211; Estamos trabalhando tamb\u00e9m com a agrofloresta. No Filhos de Sep\u00e9, plantamos meio hectare. Produzir hortali\u00e7as no meio de \u00e1rvores frut\u00edferas, por exemplo, ou eucalipto. Isso, a m\u00e9dio prazo, melhora muito o solo, at\u00e9 chegar no ponto que n\u00e3o \u00e9 preciso colocar insumos qu\u00edmicos. Os galhos e folhas das \u00e1rvores que caem v\u00e3o fertilizando o solo. Isso vai crescer muito nos pr\u00f3ximos anos\u201d, acredita o agr\u00f4nomo.<\/p>\n<p><em>Colaboraram com a s\u00e9rie de reportagens o rep\u00f3rter fotogr\u00e1fico Ramiro Sanchez e os jornalistas Elmar Bones e Jos\u00e9 Barriunuevo.\u00a0<\/em><\/p>\n","protected":false},"excerpt":{"rendered":"<p>Por Cleber Dioni Tentardini * Com a abund\u00e2ncia de terra, \u00e1gua e reservas naturais, \u00e9 natural que a voca\u00e7\u00e3o do munic\u00edpio se volte para a produ\u00e7\u00e3o de alimentos. Mas, que alimentos? O engenheiro agr\u00f4nomo Claudio Fioreze, coordenador do\u00a0Programa EcoViam\u00e3o &#8211; curso de extens\u00e3o do IFRS Campus Viam\u00e3o &#8211; defende que o munic\u00edpio esteja cada vez [&hellip;]<\/p>\n","protected":false},"author":2,"featured_media":84126,"comment_status":"open","ping_status":"open","sticky":false,"template":"","format":"standard","meta":{"jetpack_post_was_ever_published":false,"_jetpack_newsletter_access":"","_jetpack_dont_email_post_to_subs":false,"_jetpack_newsletter_tier_id":0,"_jetpack_memberships_contains_paywalled_content":false,"_jetpack_memberships_contains_paid_content":false,"footnotes":"","jetpack_publicize_message":"","jetpack_publicize_feature_enabled":true,"jetpack_social_post_already_shared":true,"jetpack_social_options":{"image_generator_settings":{"template":"highway","default_image_id":0,"font":"","enabled":false},"version":2}},"categories":[4],"tags":[90,91,103,92,59,16,155,15,97,124,200,84,171,85,69,157,138,207,139,105,201,70,147,57,58,79,193,141,81,8,205,72],"class_list":["post-84105","post","type-post","status-publish","format-standard","has-post-thumbnail","hentry","category-ambiente-geral","tag-abelhas","tag-agricultura","tag-agroecologia","tag-agrotoxicos","tag-agua","tag-ambiente","tag-carne","tag-desenvolvimento-sustentavel","tag-ecologia","tag-emater","tag-fae","tag-fauna","tag-finame","tag-flora","tag-floresta","tag-florianopolis","tag-governo","tag-horta","tag-indigenas","tag-organicos","tag-pandemia","tag-pecuaria","tag-pet","tag-porto-alegre","tag-prefeitura","tag-qualidade-da-agua","tag-reservas-naturais","tag-rios","tag-santa-catarina","tag-saude","tag-sema","tag-unidades-de-conservacao"],"aioseo_notices":[],"jetpack_publicize_connections":[],"jetpack_featured_media_url":"https:\/\/www.jornalja.com.br\/ambiente\/wp-content\/uploads\/sites\/3\/2022\/10\/assentadosfilhosdesepe24-scaled.jpg","jetpack-related-posts":[{"id":83961,"url":"https:\/\/www.jornalja.com.br\/ambiente\/travessia-de-viamao-1-os-caminhos-para-uma-economia-sustentavel\/","url_meta":{"origin":84105,"position":0},"title":"Travessia de\u00a0Viam\u00e3o (1): Os caminhos para uma economia sustent\u00e1vel","author":"Cleber Dioni Tentardini","date":"11 de julho de 2023","format":false,"excerpt":"Cleber Dioni Tentardini * Quem cruza Viam\u00e3o pelas rodovias estaduais ou caminha pelas ruas buc\u00f3licas do seu centro hist\u00f3rico, n\u00e3o imagina a riqueza ambiental deste munic\u00edpio. Embora ao lado de Porto Alegre, distante vinte e poucos quil\u00f4metros do centro, a \u201cvelha capital\u201d, sede do governo na invas\u00e3o espanhola, \u00e9 pouco\u2026","rel":"","context":"Em &quot;Ambiente J\u00c1-MAT\u00c9RIA&quot;","block_context":{"text":"Ambiente J\u00c1-MAT\u00c9RIA","link":"https:\/\/www.jornalja.com.br\/ambiente\/category\/ambiente-geral\/"},"img":{"alt_text":"","src":"https:\/\/i0.wp.com\/www.jornalja.com.br\/ambiente\/wp-content\/uploads\/sites\/3\/2022\/10\/apabg-meandro-do-rio-gravatai-proximo-a-captacao-da-corsan-em-gravatai-zona-de-uso-restrito-do-banhado-grande-acervo-apabg-scaled.jpg?resize=350%2C200&ssl=1","width":350,"height":200,"srcset":"https:\/\/i0.wp.com\/www.jornalja.com.br\/ambiente\/wp-content\/uploads\/sites\/3\/2022\/10\/apabg-meandro-do-rio-gravatai-proximo-a-captacao-da-corsan-em-gravatai-zona-de-uso-restrito-do-banhado-grande-acervo-apabg-scaled.jpg?resize=350%2C200&ssl=1 1x, https:\/\/i0.wp.com\/www.jornalja.com.br\/ambiente\/wp-content\/uploads\/sites\/3\/2022\/10\/apabg-meandro-do-rio-gravatai-proximo-a-captacao-da-corsan-em-gravatai-zona-de-uso-restrito-do-banhado-grande-acervo-apabg-scaled.jpg?resize=525%2C300&ssl=1 1.5x, https:\/\/i0.wp.com\/www.jornalja.com.br\/ambiente\/wp-content\/uploads\/sites\/3\/2022\/10\/apabg-meandro-do-rio-gravatai-proximo-a-captacao-da-corsan-em-gravatai-zona-de-uso-restrito-do-banhado-grande-acervo-apabg-scaled.jpg?resize=700%2C400&ssl=1 2x, https:\/\/i0.wp.com\/www.jornalja.com.br\/ambiente\/wp-content\/uploads\/sites\/3\/2022\/10\/apabg-meandro-do-rio-gravatai-proximo-a-captacao-da-corsan-em-gravatai-zona-de-uso-restrito-do-banhado-grande-acervo-apabg-scaled.jpg?resize=1050%2C600&ssl=1 3x, https:\/\/i0.wp.com\/www.jornalja.com.br\/ambiente\/wp-content\/uploads\/sites\/3\/2022\/10\/apabg-meandro-do-rio-gravatai-proximo-a-captacao-da-corsan-em-gravatai-zona-de-uso-restrito-do-banhado-grande-acervo-apabg-scaled.jpg?resize=1400%2C800&ssl=1 4x"},"classes":[]},{"id":77751,"url":"https:\/\/www.jornalja.com.br\/ambiente\/aprovado-o-projeto-de-lei-floripa-zona-livre-de-agrotoxico\/","url_meta":{"origin":84105,"position":1},"title":"Aprovado o Projeto de Lei Floripa Zona Livre de Agrot\u00f3xico","author":"da Reda\u00e7\u00e3o","date":"25 de setembro de 2019","format":false,"excerpt":"\u00a0 Aprovado na C\u00e2mara de Vereadores de Florian\u00f3polis, o projeto de autoria do vereador Marcos Jos\u00e9 de Abreu - Marquito (PSOL), que define como Zona Livre de Agrot\u00f3xico a produ\u00e7\u00e3o agr\u00edcola, pecu\u00e1ria, extrativista e as pr\u00e1ticas de manejo dos recursos naturais na parte insular do munic\u00edpio. A proposi\u00e7\u00e3o vai de\u2026","rel":"","context":"Em &quot;Ambiente J\u00c1-MAT\u00c9RIA&quot;","block_context":{"text":"Ambiente J\u00c1-MAT\u00c9RIA","link":"https:\/\/www.jornalja.com.br\/ambiente\/category\/ambiente-geral\/"},"img":{"alt_text":"","src":"","width":0,"height":0},"classes":[]},{"id":82551,"url":"https:\/\/www.jornalja.com.br\/ambiente\/importancia-da-agricultura-biodinamica-em-debate-online\/","url_meta":{"origin":84105,"position":2},"title":"Import\u00e2ncia\u00a0da agricultura biodin\u00e2mica em debate online","author":"S\u00e9rgio Lagranha","date":"18 de setembro de 2020","format":false,"excerpt":"Neste s\u00e1bado (19\/9), \u00e0s 10h30, o s\u00edtio sustent\u00e1vel Quinta das Jabuticabeiras, em Viam\u00e3o, promove uma sauda\u00e7\u00e3o especial \u00e0 primavera e ao Dia da \u00c1rvore, com uma conversa sobre o tema \u201cUma vis\u00e3o da natureza na \u00f3tica da biodin\u00e2mica\u201d.\u00a0 O encontro, com produ\u00e7\u00e3o e organiza\u00e7\u00e3o da Storia Eventos, ser\u00e1 no formato\u2026","rel":"","context":"Em &quot;Ambiente J\u00c1-MAT\u00c9RIA&quot;","block_context":{"text":"Ambiente J\u00c1-MAT\u00c9RIA","link":"https:\/\/www.jornalja.com.br\/ambiente\/category\/ambiente-geral\/"},"img":{"alt_text":"","src":"https:\/\/i0.wp.com\/www.jornalja.com.br\/ambiente\/wp-content\/uploads\/sites\/3\/2020\/09\/ambienteja-092020-dsc-3320.jpg?resize=350%2C200&ssl=1","width":350,"height":200,"srcset":"https:\/\/i0.wp.com\/www.jornalja.com.br\/ambiente\/wp-content\/uploads\/sites\/3\/2020\/09\/ambienteja-092020-dsc-3320.jpg?resize=350%2C200&ssl=1 1x, https:\/\/i0.wp.com\/www.jornalja.com.br\/ambiente\/wp-content\/uploads\/sites\/3\/2020\/09\/ambienteja-092020-dsc-3320.jpg?resize=525%2C300&ssl=1 1.5x, https:\/\/i0.wp.com\/www.jornalja.com.br\/ambiente\/wp-content\/uploads\/sites\/3\/2020\/09\/ambienteja-092020-dsc-3320.jpg?resize=700%2C400&ssl=1 2x, https:\/\/i0.wp.com\/www.jornalja.com.br\/ambiente\/wp-content\/uploads\/sites\/3\/2020\/09\/ambienteja-092020-dsc-3320.jpg?resize=1050%2C600&ssl=1 3x, https:\/\/i0.wp.com\/www.jornalja.com.br\/ambiente\/wp-content\/uploads\/sites\/3\/2020\/09\/ambienteja-092020-dsc-3320.jpg?resize=1400%2C800&ssl=1 4x"},"classes":[]},{"id":82680,"url":"https:\/\/www.jornalja.com.br\/ambiente\/mais-de-300-candidatos-assumem-compromisso-com-agroecologia-nos-municipios\/","url_meta":{"origin":84105,"position":3},"title":"Mais de 300 candidatos assumem compromisso com agroecologia nos munic\u00edpios","author":"da Reda\u00e7\u00e3o","date":"31 de outubro de 2020","format":false,"excerpt":"Mais de 300 candidaturas municipais j\u00e1 se comprometeram com o incentivo \u00e0 agroecologia e \u00e0 produ\u00e7\u00e3o sustent\u00e1vel de alimentos da agricultura familiar, caso sejam escolhidas nas elei\u00e7\u00f5es deste ano. Entre as engajadas est\u00e3o centenas de candidaturas a verean\u00e7a, incluindo candidaturas coletivas de quase todos os estados, al\u00e9m de nomes de\u2026","rel":"","context":"Em &quot;Ambiente J\u00c1-MAT\u00c9RIA&quot;","block_context":{"text":"Ambiente J\u00c1-MAT\u00c9RIA","link":"https:\/\/www.jornalja.com.br\/ambiente\/category\/ambiente-geral\/"},"img":{"alt_text":"","src":"https:\/\/i0.wp.com\/www.jornalja.com.br\/ambiente\/wp-content\/uploads\/sites\/3\/2020\/10\/agroecologia.jpg?resize=350%2C200&ssl=1","width":350,"height":200,"srcset":"https:\/\/i0.wp.com\/www.jornalja.com.br\/ambiente\/wp-content\/uploads\/sites\/3\/2020\/10\/agroecologia.jpg?resize=350%2C200&ssl=1 1x, https:\/\/i0.wp.com\/www.jornalja.com.br\/ambiente\/wp-content\/uploads\/sites\/3\/2020\/10\/agroecologia.jpg?resize=525%2C300&ssl=1 1.5x, https:\/\/i0.wp.com\/www.jornalja.com.br\/ambiente\/wp-content\/uploads\/sites\/3\/2020\/10\/agroecologia.jpg?resize=700%2C400&ssl=1 2x"},"classes":[]},{"id":85369,"url":"https:\/\/www.jornalja.com.br\/ambiente\/feiras-ecologicas-da-jose-bonifacio-recebem-no-sabado-07-regina-tchelly-da-favela-organica\/","url_meta":{"origin":84105,"position":4},"title":"Feiras ecol\u00f3gicas da\u00a0Jos\u00e9 Bonif\u00e1cio recebem, no s\u00e1bado (07), Regina Tchelly, da Favela Org\u00e2nica","author":"Cleber Dioni Tentardini","date":"5 de setembro de 2024","format":false,"excerpt":"A Feira de Agricultores Ecologistas (FAE) e a Feira Ecol\u00f3gica do Bom Fim (FEBF), em parceira com a Alian\u00e7a pela Alimenta\u00e7\u00e3o Adequada e Saud\u00e1vel, recebem no pr\u00f3ximo s\u00e1bado, dia 7 de setembro, Regina Tchelly, chef de cozinha e empreendedora social, fundadora da Favela Org\u00e2nica. A programa\u00e7\u00e3o, a partir das 8h30,\u2026","rel":"","context":"Em &quot;Ambiente J\u00c1-NOTAS&quot;","block_context":{"text":"Ambiente J\u00c1-NOTAS","link":"https:\/\/www.jornalja.com.br\/ambiente\/category\/notas-ambiente-ja\/"},"img":{"alt_text":"","src":"https:\/\/i0.wp.com\/www.jornalja.com.br\/ambiente\/wp-content\/uploads\/sites\/3\/2024\/09\/whatsapp-image-2024-09-04-at-211221.jpeg?resize=350%2C200&ssl=1","width":350,"height":200,"srcset":"https:\/\/i0.wp.com\/www.jornalja.com.br\/ambiente\/wp-content\/uploads\/sites\/3\/2024\/09\/whatsapp-image-2024-09-04-at-211221.jpeg?resize=350%2C200&ssl=1 1x, https:\/\/i0.wp.com\/www.jornalja.com.br\/ambiente\/wp-content\/uploads\/sites\/3\/2024\/09\/whatsapp-image-2024-09-04-at-211221.jpeg?resize=525%2C300&ssl=1 1.5x, https:\/\/i0.wp.com\/www.jornalja.com.br\/ambiente\/wp-content\/uploads\/sites\/3\/2024\/09\/whatsapp-image-2024-09-04-at-211221.jpeg?resize=700%2C400&ssl=1 2x, https:\/\/i0.wp.com\/www.jornalja.com.br\/ambiente\/wp-content\/uploads\/sites\/3\/2024\/09\/whatsapp-image-2024-09-04-at-211221.jpeg?resize=1050%2C600&ssl=1 3x, https:\/\/i0.wp.com\/www.jornalja.com.br\/ambiente\/wp-content\/uploads\/sites\/3\/2024\/09\/whatsapp-image-2024-09-04-at-211221.jpeg?resize=1400%2C800&ssl=1 4x"},"classes":[]},{"id":85022,"url":"https:\/\/www.jornalja.com.br\/ambiente\/tem-shows-sorteios-e-bolo-nos-34-anos-da-primeira-feira-ecologica-do-brasil\/","url_meta":{"origin":84105,"position":5},"title":"Tem shows, sorteios e bolo nos 34 anos da primeira feira ecol\u00f3gica do Brasil","author":"Cleber Dioni Tentardini","date":"13 de outubro de 2023","format":false,"excerpt":"A FAE \u2013 Feira dos Agricultores Ecologistas programou uma s\u00e9rie de atra\u00e7\u00f5es para comemorar os 34 anos junto com seu p\u00fablico, na primeira quadra da Jos\u00e9 Bonif\u00e1cio, entre a Osvaldo Aranha e a Santa Teresinha.\u00a0 A programa\u00e7\u00e3o come\u00e7a \u00e0s 9h Confere aqui um pouco da hist\u00f3ria da primeira feira ecol\u00f3gica\u2026","rel":"","context":"Em &quot;Ambiente J\u00c1-MAT\u00c9RIA&quot;","block_context":{"text":"Ambiente J\u00c1-MAT\u00c9RIA","link":"https:\/\/www.jornalja.com.br\/ambiente\/category\/ambiente-geral\/"},"img":{"alt_text":"","src":"https:\/\/i0.wp.com\/www.jornalja.com.br\/ambiente\/wp-content\/uploads\/sites\/3\/2023\/10\/img-20231013-wa0017.jpg?resize=350%2C200&ssl=1","width":350,"height":200,"srcset":"https:\/\/i0.wp.com\/www.jornalja.com.br\/ambiente\/wp-content\/uploads\/sites\/3\/2023\/10\/img-20231013-wa0017.jpg?resize=350%2C200&ssl=1 1x, https:\/\/i0.wp.com\/www.jornalja.com.br\/ambiente\/wp-content\/uploads\/sites\/3\/2023\/10\/img-20231013-wa0017.jpg?resize=525%2C300&ssl=1 1.5x, https:\/\/i0.wp.com\/www.jornalja.com.br\/ambiente\/wp-content\/uploads\/sites\/3\/2023\/10\/img-20231013-wa0017.jpg?resize=700%2C400&ssl=1 2x, https:\/\/i0.wp.com\/www.jornalja.com.br\/ambiente\/wp-content\/uploads\/sites\/3\/2023\/10\/img-20231013-wa0017.jpg?resize=1050%2C600&ssl=1 3x"},"classes":[]}],"jetpack_shortlink":"https:\/\/wp.me\/pbKnZo-lSx","jetpack_sharing_enabled":true,"_links":{"self":[{"href":"https:\/\/www.jornalja.com.br\/ambiente\/wp-json\/wp\/v2\/posts\/84105","targetHints":{"allow":["GET"]}}],"collection":[{"href":"https:\/\/www.jornalja.com.br\/ambiente\/wp-json\/wp\/v2\/posts"}],"about":[{"href":"https:\/\/www.jornalja.com.br\/ambiente\/wp-json\/wp\/v2\/types\/post"}],"author":[{"embeddable":true,"href":"https:\/\/www.jornalja.com.br\/ambiente\/wp-json\/wp\/v2\/users\/2"}],"replies":[{"embeddable":true,"href":"https:\/\/www.jornalja.com.br\/ambiente\/wp-json\/wp\/v2\/comments?post=84105"}],"version-history":[{"count":5,"href":"https:\/\/www.jornalja.com.br\/ambiente\/wp-json\/wp\/v2\/posts\/84105\/revisions"}],"predecessor-version":[{"id":84746,"href":"https:\/\/www.jornalja.com.br\/ambiente\/wp-json\/wp\/v2\/posts\/84105\/revisions\/84746"}],"wp:featuredmedia":[{"embeddable":true,"href":"https:\/\/www.jornalja.com.br\/ambiente\/wp-json\/wp\/v2\/media\/84126"}],"wp:attachment":[{"href":"https:\/\/www.jornalja.com.br\/ambiente\/wp-json\/wp\/v2\/media?parent=84105"}],"wp:term":[{"taxonomy":"category","embeddable":true,"href":"https:\/\/www.jornalja.com.br\/ambiente\/wp-json\/wp\/v2\/categories?post=84105"},{"taxonomy":"post_tag","embeddable":true,"href":"https:\/\/www.jornalja.com.br\/ambiente\/wp-json\/wp\/v2\/tags?post=84105"}],"curies":[{"name":"wp","href":"https:\/\/api.w.org\/{rel}","templated":true}]}}