{"id":84526,"date":"2023-04-25T19:24:09","date_gmt":"2023-04-25T22:24:09","guid":{"rendered":"https:\/\/www.jornalja.com.br\/ambiente\/?p=84526"},"modified":"2023-04-27T05:39:51","modified_gmt":"2023-04-27T08:39:51","slug":"caso-exemplar-de-empresa-publica-embrapa-lucra-vendendo-conhecimento","status":"publish","type":"post","link":"https:\/\/www.jornalja.com.br\/ambiente\/caso-exemplar-de-empresa-publica-embrapa-lucra-vendendo-conhecimento\/","title":{"rendered":"Caso exemplar de empresa p\u00fablica, Embrapa lucra vendendo conhecimento"},"content":{"rendered":"<p>A\u00a0 Embrapa (Empresa Brasileira de Pesquisa Agropecu\u00e1ria) completa 50 anos nesta quarta-feira, 26, como um caso raro no Brasil, de empresa p\u00fablica que cumpre com m\u00e9ritos a sua finalidade, mantendo-se acima das turbul\u00eancias do poder.<\/p>\n<p>Foi criada, em 1973, na gest\u00e3o do ga\u00facho Luiz Fernando Cirne Lima no Minist\u00e9rio da Agricultura, para &#8220;desenvolver a base tecnol\u00f3gica de um modelo de agricultura e pecu\u00e1ria genuinamente tropical&#8221;.<\/p>\n<p>O atual presidente, Celso Moretti, disse que o foco da empresa para os pr\u00f3ximos anos seguir\u00e1 no contexto da seguran\u00e7a alimentar, conceito que foi posto de lado pelo \u00faltimo governo, mas do qual a Embrapa n\u00e3o se afastou.<\/p>\n<p>Segundo Moretti, a empresa vai intensificar as pesquisas nas \u00e1reas de biotecnologia (com destaque para a edi\u00e7\u00e3o gen\u00f4mica), nanotecnologia (como o uso de nanopart\u00edculas bioestimulantes para melhorar o desempenho de culturas agr\u00edcolas e controlar doen\u00e7as em animais), insumos biol\u00f3gicos, na intensifica\u00e7\u00e3o dos sistemas integrados de lavoura, pecu\u00e1ria e floresta.<\/p>\n<p>Atualmente, o Brasil possui em torno de 18 milh\u00f5es de hectares ocupados por sistemas integrados de lavoura, pecu\u00e1ria e floresta, A previs\u00e3o da Embrapa \u00e9 chegar a 35 milh\u00f5es de hectares ocupados por esse sistema em 2030.<\/p>\n<p>\u201c\u00c9 um sistema onde se integra, na mesma \u00e1rea, os complementos de lavoura, pecu\u00e1ria e floresta em sistemas de rota\u00e7\u00e3o, cons\u00f3rcio ou sucess\u00e3o. A grande vantagem \u00e9 que o solo \u00e9 explorado econ\u00f4mica e sustentavelmente durante todo o ano, aliando produtividade com a conserva\u00e7\u00e3o de recursos naturais\u201d, destacou<\/p>\n<p>O presidente da empresa p\u00fablica ressaltou\u00a0ainda que os desafios envolvem o avan\u00e7o na descarboniza\u00e7\u00e3o das culturas e da intensifica\u00e7\u00e3o de tecnologias digitais, com o uso de drones, sensores, internet das coisas e\u00a0intelig\u00eancia artificial, entre outras.<\/p>\n<p>A Embrapa desenvolveu um sistema que permite o rastreamento dos alimentos, desde a sua origem at\u00e9 a prateleira dos supermercados. Batizada de Sistema Brasileiro de Agrorrastreabilidade (Sibraar), a ferramenta \u00e9 atualmente aplicada no processo de rastreamento do a\u00e7\u00facar demerara de uma empresa. Com ele, \u00e9 poss\u00edvel obter dados como a proced\u00eancia do produto, sistema de produ\u00e7\u00e3o, processos industriais, laudos de qualidade at\u00e9 dados sobre log\u00edstica. As informa\u00e7\u00f5es s\u00e3o vis\u00edveis a partir de QR Code impresso na embalagem.<\/p>\n<p>\u201cD\u00e1 seguran\u00e7a para rastrearmos diversos produtos, como a\u00e7\u00facar, carne, soja, dentre outras coisas. Cada lote recebe uma assinatura digital que ajuda a combater em casos de adultera\u00e7\u00e3o, entre outros\u201d, disse.<\/p>\n<p>A empresa tamb\u00e9m desenvolveu uma plataforma de intelig\u00eancia artificial para solos para medir a pegada de carbono. A tecnologia integra diferentes softwares e sensores avan\u00e7ados que permitem a digitaliza\u00e7\u00e3o do solo e das atividades agr\u00edcolas, permitindo medir, reportar, verificar e comercializar (MRVC) o carbono na agricultura. A plataforma tamb\u00e9m faz a gest\u00e3o da fertilidade do solo e nutri\u00e7\u00e3o das plantas, para o gerenciamento de indicadores de sustentabilidade e produtividade agr\u00edcola.<\/p>\n<p>\u201cOs nossos clientes v\u00e3o seguir preocupados em comprar produtos do Brasil, mas que sejam produzidos por sistemas de forma sustent\u00e1vel\u201d, complementou.<\/p>\n<p>O presidente tamb\u00e9m destacou solu\u00e7\u00f5es elaboradas pela empresa para a produ\u00e7\u00e3o de alimentos a partir da aplica\u00e7\u00e3o de bioinsumos em substitui\u00e7\u00e3o aos agrot\u00f3xicos. O uso dos bioinssumos reduzem assim a depend\u00eancia do Brasil em rela\u00e7\u00e3o \u00e0s importa\u00e7\u00f5es de produtos qu\u00edmicos. Outro ponto destacado e o teste de sexagem gen\u00e9tica para o pirarucu e para o tambaqui, que permite o<\/p>\n<p>aumento da produ\u00e7\u00e3o de peixes.<\/p>\n<p><strong>Lucro de R$ 125 bilh\u00f5es<\/strong><\/p>\n<p>Moretti ainda divulgou o resultado do balan\u00e7o social da Embrapa, com o impacto das principais tecnologias desenvolvidas e transferidas \u00e0 sociedade.<\/p>\n<p>Em 2022, foi registrado lucro social de R$ 125,88 bilh\u00f5es, gerados a partir do impacto econ\u00f4mico no setor agropecu\u00e1rio de 172 tecnologias e de cerca de 110 novas cultivares desenvolvidas por pesquisas da empresa. Foram gerados 95.171 empregos.<\/p>\n<p>Em 2021, o lucro social ficou em R$ 81,56 bilh\u00f5es. Entre os fatores que contribu\u00edram para aumento do resultado em rela\u00e7\u00e3o ao ano anterior est\u00e1 o impacto econ\u00f4mico da tecnologia Fixa\u00e7\u00e3o Biol\u00f3gica do Nitrog\u00eanio na cultura da soja, pois os produtores de soja brasileiros economizaram mais de R$ 72 bilh\u00f5es, em 2022, deixando de comprar fertilizantes nitrogenados.<\/p>\n<p>\u201cPara cada R$ 1\u00a0aplicado na Embrapa em 2022, foram devolvidos R$ 34,70 para a sociedade\u201d, comemorou\u00a0Moretti.<\/p>\n<p><strong>(Com informa\u00e7\u00f5es da Ag\u00eancia Brasil)<\/strong><\/p>\n","protected":false},"excerpt":{"rendered":"<p>A\u00a0 Embrapa (Empresa Brasileira de Pesquisa Agropecu\u00e1ria) completa 50 anos nesta quarta-feira, 26, como um caso raro no Brasil, de empresa p\u00fablica que cumpre com m\u00e9ritos a sua finalidade, mantendo-se acima das turbul\u00eancias do poder. Foi criada, em 1973, na gest\u00e3o do ga\u00facho Luiz Fernando Cirne Lima no Minist\u00e9rio da Agricultura, para &#8220;desenvolver a base [&hellip;]<\/p>\n","protected":false},"author":4,"featured_media":84527,"comment_status":"open","ping_status":"open","sticky":false,"template":"","format":"standard","meta":{"jetpack_post_was_ever_published":false,"_jetpack_newsletter_access":"","_jetpack_dont_email_post_to_subs":false,"_jetpack_newsletter_tier_id":0,"_jetpack_memberships_contains_paywalled_content":false,"_jetpack_memberships_contains_paid_content":false,"footnotes":"","jetpack_publicize_message":"","jetpack_publicize_feature_enabled":true,"jetpack_social_post_already_shared":true,"jetpack_social_options":{"image_generator_settings":{"template":"highway","default_image_id":0,"font":"","enabled":false},"version":2}},"categories":[4],"tags":[91,92,54,155,195,23,69,138,182,70,119],"class_list":["post-84526","post","type-post","status-publish","format-standard","has-post-thumbnail","hentry","category-ambiente-geral","tag-agricultura","tag-agrotoxicos","tag-animais","tag-carne","tag-descarbonizacao","tag-embrapa","tag-floresta","tag-governo","tag-moro","tag-pecuaria","tag-sustentabilidade"],"aioseo_notices":[],"jetpack_publicize_connections":[],"jetpack_featured_media_url":"https:\/\/www.jornalja.com.br\/ambiente\/wp-content\/uploads\/sites\/3\/2023\/04\/embrapa.jpg","jetpack-related-posts":[{"id":73837,"url":"https:\/\/www.jornalja.com.br\/ambiente\/embrapa-ensina-controle-biologico-de-pragas-agricolas\/","url_meta":{"origin":84526,"position":0},"title":"Embrapa ensina controle biol\u00f3gico de pragas agr\u00edcolas","author":"Elmar Bones","date":"9 de abril de 2019","format":false,"excerpt":"Sessenta brasileiros de diversos estados iniciaram nesta ter\u00e7a-feira (9) em Sete Lagoas (MG) um curso de controle biol\u00f3gico e manejo integrado de pragas agr\u00edcolas. S\u00e3o professores, pesquisadores, estudantes, t\u00e9cnicos e produtores rurais. O evento, que termina sexta-feira, prova de que a Embrapa tem condi\u00e7\u00f5es de reagir ao uso abusivo de\u2026","rel":"","context":"Em &quot;Ambiente J\u00c1-MAT\u00c9RIA&quot;","block_context":{"text":"Ambiente J\u00c1-MAT\u00c9RIA","link":"https:\/\/www.jornalja.com.br\/ambiente\/category\/ambiente-geral\/"},"img":{"alt_text":"","src":"","width":0,"height":0},"classes":[]},{"id":83103,"url":"https:\/\/www.jornalja.com.br\/ambiente\/com-tecnologia-da-embrapa-multinacional-lanca-o-life-ultra\/","url_meta":{"origin":84526,"position":1},"title":"Com tecnologia da Embrapa, multinacional lan\u00e7a o Life Ultra","author":"Patr\u00edcia Marini","date":"2 de maio de 2021","format":false,"excerpt":"A Embrapa completou 48 anos dia 28 de abril falando ingl\u00eas.\u00a0 Na Filad\u00e9lfia (EUA), foi lan\u00e7ada globalmente a tecnologia da nanoemuls\u00e3o de cera de carna\u00faba capaz de fazer uma fruta durar duas semanas al\u00e9m do usual. O lan\u00e7amento, em \u00e2mbito mundial, pela AgroFresh Solutions, Inc. ganhou o nome Life Ultra.\u2026","rel":"","context":"Em &quot;Ambiente J\u00c1-MAT\u00c9RIA&quot;","block_context":{"text":"Ambiente J\u00c1-MAT\u00c9RIA","link":"https:\/\/www.jornalja.com.br\/ambiente\/category\/ambiente-geral\/"},"img":{"alt_text":"","src":"https:\/\/i0.wp.com\/www.jornalja.com.br\/ambiente\/wp-content\/uploads\/sites\/3\/2021\/05\/unnamed.jpg?resize=350%2C200&ssl=1","width":350,"height":200},"classes":[]},{"id":73496,"url":"https:\/\/www.jornalja.com.br\/ambiente\/morte-de-abelhas-desencadeia-novo-ciclo-do-ambientalismo\/","url_meta":{"origin":84526,"position":2},"title":"Morte de abelhas desencadeia novo ciclo do ambientalismo","author":"Geraldo Hasse","date":"25 de mar\u00e7o de 2019","format":false,"excerpt":"Trinta institui\u00e7\u00f5es apoiam o semin\u00e1rio sobre apicultura e agrot\u00f3xicos convocado para a tarde desta quinta-feira (28\/3) em Mata, o munic\u00edpio ga\u00facho mais atingido pela mortandade de abelhas por agrot\u00f3xicos no \u00faltimo ver\u00e3o. Mata, na regi\u00e3o de Santa Maria, tem 5 mil habitantes e fica a 380 km de Porto Alegre.\u2026","rel":"","context":"Em &quot;Ambiente J\u00c1-MAT\u00c9RIA&quot;","block_context":{"text":"Ambiente J\u00c1-MAT\u00c9RIA","link":"https:\/\/www.jornalja.com.br\/ambiente\/category\/ambiente-geral\/"},"img":{"alt_text":"","src":"","width":0,"height":0},"classes":[]},{"id":82551,"url":"https:\/\/www.jornalja.com.br\/ambiente\/importancia-da-agricultura-biodinamica-em-debate-online\/","url_meta":{"origin":84526,"position":3},"title":"Import\u00e2ncia\u00a0da agricultura biodin\u00e2mica em debate online","author":"S\u00e9rgio Lagranha","date":"18 de setembro de 2020","format":false,"excerpt":"Neste s\u00e1bado (19\/9), \u00e0s 10h30, o s\u00edtio sustent\u00e1vel Quinta das Jabuticabeiras, em Viam\u00e3o, promove uma sauda\u00e7\u00e3o especial \u00e0 primavera e ao Dia da \u00c1rvore, com uma conversa sobre o tema \u201cUma vis\u00e3o da natureza na \u00f3tica da biodin\u00e2mica\u201d.\u00a0 O encontro, com produ\u00e7\u00e3o e organiza\u00e7\u00e3o da Storia Eventos, ser\u00e1 no formato\u2026","rel":"","context":"Em &quot;Ambiente J\u00c1-MAT\u00c9RIA&quot;","block_context":{"text":"Ambiente J\u00c1-MAT\u00c9RIA","link":"https:\/\/www.jornalja.com.br\/ambiente\/category\/ambiente-geral\/"},"img":{"alt_text":"","src":"https:\/\/i0.wp.com\/www.jornalja.com.br\/ambiente\/wp-content\/uploads\/sites\/3\/2020\/09\/ambienteja-092020-dsc-3320.jpg?resize=350%2C200&ssl=1","width":350,"height":200,"srcset":"https:\/\/i0.wp.com\/www.jornalja.com.br\/ambiente\/wp-content\/uploads\/sites\/3\/2020\/09\/ambienteja-092020-dsc-3320.jpg?resize=350%2C200&ssl=1 1x, https:\/\/i0.wp.com\/www.jornalja.com.br\/ambiente\/wp-content\/uploads\/sites\/3\/2020\/09\/ambienteja-092020-dsc-3320.jpg?resize=525%2C300&ssl=1 1.5x, https:\/\/i0.wp.com\/www.jornalja.com.br\/ambiente\/wp-content\/uploads\/sites\/3\/2020\/09\/ambienteja-092020-dsc-3320.jpg?resize=700%2C400&ssl=1 2x, https:\/\/i0.wp.com\/www.jornalja.com.br\/ambiente\/wp-content\/uploads\/sites\/3\/2020\/09\/ambienteja-092020-dsc-3320.jpg?resize=1050%2C600&ssl=1 3x, https:\/\/i0.wp.com\/www.jornalja.com.br\/ambiente\/wp-content\/uploads\/sites\/3\/2020\/09\/ambienteja-092020-dsc-3320.jpg?resize=1400%2C800&ssl=1 4x"},"classes":[]},{"id":73571,"url":"https:\/\/www.jornalja.com.br\/ambiente\/morte-das-abelhas-apicultores-querem-levar-agrotoxicos-a-justica\/","url_meta":{"origin":84526,"position":4},"title":"Morte das abelhas: apicultores querem levar agrot\u00f3xicos \u00e0 Justi\u00e7a","author":"Geraldo Hasse","date":"28 de mar\u00e7o de 2019","format":false,"excerpt":"Em evento in\u00e9dito no CTG Cancela da Tradi\u00e7\u00e3o, de Mata, mais de uma centena de apicultores do centro-oeste ga\u00facho prejudicados por venenos agr\u00edcolas autorizaram um grupo de ativistas ambientais e entidades t\u00e9cnicas a processar judicialmente usu\u00e1rios, comerciantes e fabricantes de agrot\u00f3xicos. \u201cEstamos aqui para dar o pontap\u00e9 inicial numa briga\u2026","rel":"","context":"Em &quot;Ambiente J\u00c1-MAT\u00c9RIA&quot;","block_context":{"text":"Ambiente J\u00c1-MAT\u00c9RIA","link":"https:\/\/www.jornalja.com.br\/ambiente\/category\/ambiente-geral\/"},"img":{"alt_text":"","src":"","width":0,"height":0},"classes":[]},{"id":82025,"url":"https:\/\/www.jornalja.com.br\/ambiente\/em-meio-a-pandemia-governo-aprova-118-agrotoxicos-em-dois-meses-outros-216-pedem-licenca\/","url_meta":{"origin":84526,"position":5},"title":"Em plena pandemia, governo aprova 118 agrot\u00f3xicos em dois meses; outros 216 pedem licen\u00e7a","author":"da Reda\u00e7\u00e3o","date":"20 de maio de 2020","format":false,"excerpt":"Mesmo durante a quarentena, o Governo Federal continua a aprovar novos agrot\u00f3xicos para serem vendidos no mercado brasileiro. Desde mar\u00e7o deste ano foram aprovados 118 novos produtos, sendo 84 destinados para agricultores e 34 para a ind\u00fastria. No mesmo per\u00edodo, as empresas produtoras de pesticidas solicitaram ao Minist\u00e9rio da Agricultura\u2026","rel":"","context":"Em &quot;Ambiente J\u00c1-MAT\u00c9RIA&quot;","block_context":{"text":"Ambiente J\u00c1-MAT\u00c9RIA","link":"https:\/\/www.jornalja.com.br\/ambiente\/category\/ambiente-geral\/"},"img":{"alt_text":"","src":"https:\/\/i0.wp.com\/www.jornalja.com.br\/ambiente\/wp-content\/uploads\/sites\/3\/2020\/05\/Agrot%C3%B3xicos-2.jpg?resize=350%2C200&ssl=1","width":350,"height":200,"srcset":"https:\/\/i0.wp.com\/www.jornalja.com.br\/ambiente\/wp-content\/uploads\/sites\/3\/2020\/05\/Agrot%C3%B3xicos-2.jpg?resize=350%2C200&ssl=1 1x, https:\/\/i0.wp.com\/www.jornalja.com.br\/ambiente\/wp-content\/uploads\/sites\/3\/2020\/05\/Agrot%C3%B3xicos-2.jpg?resize=525%2C300&ssl=1 1.5x"},"classes":[]}],"jetpack_shortlink":"https:\/\/wp.me\/pbKnZo-lZk","jetpack_sharing_enabled":true,"_links":{"self":[{"href":"https:\/\/www.jornalja.com.br\/ambiente\/wp-json\/wp\/v2\/posts\/84526","targetHints":{"allow":["GET"]}}],"collection":[{"href":"https:\/\/www.jornalja.com.br\/ambiente\/wp-json\/wp\/v2\/posts"}],"about":[{"href":"https:\/\/www.jornalja.com.br\/ambiente\/wp-json\/wp\/v2\/types\/post"}],"author":[{"embeddable":true,"href":"https:\/\/www.jornalja.com.br\/ambiente\/wp-json\/wp\/v2\/users\/4"}],"replies":[{"embeddable":true,"href":"https:\/\/www.jornalja.com.br\/ambiente\/wp-json\/wp\/v2\/comments?post=84526"}],"version-history":[{"count":1,"href":"https:\/\/www.jornalja.com.br\/ambiente\/wp-json\/wp\/v2\/posts\/84526\/revisions"}],"predecessor-version":[{"id":84528,"href":"https:\/\/www.jornalja.com.br\/ambiente\/wp-json\/wp\/v2\/posts\/84526\/revisions\/84528"}],"wp:featuredmedia":[{"embeddable":true,"href":"https:\/\/www.jornalja.com.br\/ambiente\/wp-json\/wp\/v2\/media\/84527"}],"wp:attachment":[{"href":"https:\/\/www.jornalja.com.br\/ambiente\/wp-json\/wp\/v2\/media?parent=84526"}],"wp:term":[{"taxonomy":"category","embeddable":true,"href":"https:\/\/www.jornalja.com.br\/ambiente\/wp-json\/wp\/v2\/categories?post=84526"},{"taxonomy":"post_tag","embeddable":true,"href":"https:\/\/www.jornalja.com.br\/ambiente\/wp-json\/wp\/v2\/tags?post=84526"}],"curies":[{"name":"wp","href":"https:\/\/api.w.org\/{rel}","templated":true}]}}