{"id":84633,"date":"2023-06-12T01:29:19","date_gmt":"2023-06-12T04:29:19","guid":{"rendered":"https:\/\/www.jornalja.com.br\/ambiente\/?p=84633"},"modified":"2023-06-12T01:29:19","modified_gmt":"2023-06-12T04:29:19","slug":"amazonia-dez-garimpos-ilegais-destruidos-e-r-45-milhoes-em-multas","status":"publish","type":"post","link":"https:\/\/www.jornalja.com.br\/ambiente\/amazonia-dez-garimpos-ilegais-destruidos-e-r-45-milhoes-em-multas\/","title":{"rendered":"Amaz\u00f4nia: dez garimpos ilegais destru\u00eddos e R$ 4,5 milh\u00f5es em multas"},"content":{"rendered":"<p>Dez garimpos ilegais destru\u00eddos e R$ 4,5 milh\u00f5es em multas aplicadas.<\/p>\n<p>Esse \u00e9 o saldo de 17 dias de atua\u00e7\u00e3o da For\u00e7a-Tarefa de Seguran\u00e7a P\u00fablica Ambiental na Floresta Nacional de Urupadi, localizada em Mau\u00e9s (AM), na regi\u00e3o sul do Amazonas, a cerca de 267 quil\u00f4metros de Manaus.<\/p>\n<p>Composta por agentes da Pol\u00edcia Federal (PF), Pol\u00edcia Rodovi\u00e1ria Federal (PRF) e da For\u00e7a Nacional, al\u00e9m de servidores da Ag\u00eancia Brasileira de Intelig\u00eancia (Abin) e do Instituto Chico Mendes de Conserva\u00e7\u00e3o da Biodiversidade (ICMBio), a for\u00e7a-tarefa deflagrou a chamada Opera\u00e7\u00e3o Aurum em 18 de maio. O balan\u00e7o da iniciativa, encerrada no \u00faltimo dia 3, foi divulgado neste s\u00e1bado (10).<\/p>\n<p>Segundo a PF, foram apreendidas\u00a013 escavadeiras hidr\u00e1ulicas, um trator esteira, seis motocicletas, tr\u00eas quadriciclos, 61 barracos, 16 motores geradores de energia, 20 motores bombas, sete dragas, al\u00e9m de nove armas de fogo e outros equipamentos usados no garimpo ilegal, como embarca\u00e7\u00f5es e merc\u00fario.<\/p>\n<p><strong>Esp\u00e9cies raras<\/strong><br \/>\nA\u00a0Floresta Nacional de Urupadi\u00a0foi criada em maio de 2016. Na mesma ocasi\u00e3o, o governo federal criou outras quatro unidades de conserva\u00e7\u00e3o (UCs) federais (\u00c1rea\u00a0de Prote\u00e7\u00e3o Ambiental Campos\u00a0de Manicor\u00e9; Reserva Biol\u00f3gica Manicor\u00e9; Parque\u00a0Nacional do Acari e a\u00a0Floresta\u00a0Nacional\u00a0do Aripuan\u00e3) e ampliou a \u00e1rea da Floresta Nacional Amana.<\/p>\n<p>Na ocasi\u00e3o, o ICMBio\u00a0sustentou que a\u00a0cria\u00e7\u00e3o das novas unidades de conserva\u00e7\u00e3o\u00a0entre as\u00a0bacias\u00a0dos rios\u00a0Madeira\u00a0e Tapaj\u00f3s\u00a0representava \u201cuma\u00a0nova fronteira de desenvolvimento socioambiental\u201d, refor\u00e7ando a\u00e7\u00f5es conservacionistas no sul do Amazonas, regi\u00e3o que, segundo o instituto, \u00e9 de extrema import\u00e2ncia ambiental.<\/p>\n<p>Ainda de acordo com o ICMBio, a regi\u00e3o abriga exemplares de p\u00e1ssaros e primatas end\u00eamicos, ou seja, que s\u00f3 s\u00e3o encontrados naquela \u00e1rea. S\u00f3 entre os primatas locais, h\u00e1 tr\u00eas esp\u00e9cies end\u00eamicas (Mico manicorensis,\u00a0Callibella humilis,\u00a0Callicebus bernhardi) e nove consideradas vulner\u00e1veis \u00e0 extin\u00e7\u00e3o. Al\u00e9m disso, especialistas estimam que 800 esp\u00e9cies de aves vivam na regi\u00e3o, o que equivale \u00e0 quase metade de todo o conjunto de aves registradas no Brasil. Al\u00e9m disso, algumas das aves encontradas na regi\u00e3o ainda s\u00e3o pouco conhecidas por cientistas \u2013 que tamb\u00e9m j\u00e1 apontaram a possibilidade de haver, na regi\u00e3o, esp\u00e9cies de peixes ainda n\u00e3o descritas por especialistas.<\/p>\n<p>Ao criar e ampliar as unidades de conserva\u00e7\u00e3o, em maio de 2016, o governo federal assegurou que a medida permitiria \u201co\u00a0incremento da economia local baseado no manejo\u00a0florestal sustent\u00e1vel\u201d e que, em parte da \u00e1rea seria poss\u00edvel desenvolver o ecoturismo, dadas a beleza natural da regi\u00e3o. Quanto \u00e0 Floresta Nacional de Urupadi, o Instituto Chico Mendes informou que a unidade proporcionaria \u201cmaior seguran\u00e7a para a Esta\u00e7\u00e3o Ecol\u00f3gica (Esec) Alto Mau\u00e9s, contribuindo para a conserva\u00e7\u00e3o\u00a0de primatas que vivem na \u00e1rea\u201d.<\/p>\n<p>(<strong>Com Ag\u00eancia Brasil)<\/strong><\/p>\n","protected":false},"excerpt":{"rendered":"<p>Dez garimpos ilegais destru\u00eddos e R$ 4,5 milh\u00f5es em multas aplicadas. Esse \u00e9 o saldo de 17 dias de atua\u00e7\u00e3o da For\u00e7a-Tarefa de Seguran\u00e7a P\u00fablica Ambiental na Floresta Nacional de Urupadi, localizada em Mau\u00e9s (AM), na regi\u00e3o sul do Amazonas, a cerca de 267 quil\u00f4metros de Manaus. Composta por agentes da Pol\u00edcia Federal (PF), Pol\u00edcia [&hellip;]<\/p>\n","protected":false},"author":4,"featured_media":84634,"comment_status":"open","ping_status":"open","sticky":false,"template":"","format":"standard","meta":{"jetpack_post_was_ever_published":false,"_jetpack_newsletter_access":"","_jetpack_dont_email_post_to_subs":false,"_jetpack_newsletter_tier_id":0,"_jetpack_memberships_contains_paywalled_content":false,"_jetpack_memberships_contains_paid_content":false,"footnotes":"","jetpack_publicize_message":"","jetpack_publicize_feature_enabled":true,"jetpack_social_post_already_shared":true,"jetpack_social_options":{"image_generator_settings":{"template":"highway","default_image_id":0,"font":"","enabled":false},"version":2}},"categories":[4],"tags":[50,82,129,12,83,69,180,154,138,96,190,212,141,67,72],"class_list":["post-84633","post","type-post","status-publish","format-standard","has-post-thumbnail","hentry","category-ambiente-geral","tag-amazonia","tag-biodiversidade","tag-chico-mendes","tag-energia","tag-extincao","tag-floresta","tag-forca-nacional","tag-garimpo","tag-governo","tag-governo-federal","tag-icmbio","tag-policia-federal","tag-rios","tag-socioambiental","tag-unidades-de-conservacao"],"aioseo_notices":[],"jetpack_publicize_connections":[],"jetpack_featured_media_url":"https:\/\/www.jornalja.com.br\/ambiente\/wp-content\/uploads\/sites\/3\/2023\/06\/amazonia-acao-contra-garimpos-ilegais.jpeg","jetpack-related-posts":[{"id":77714,"url":"https:\/\/www.jornalja.com.br\/ambiente\/operacao-verde-brasil-multas-na-amazonia-somam-r-36-milhoes\/","url_meta":{"origin":84633,"position":0},"title":"Opera\u00e7\u00e3o Verde Brasil: multas na Amaz\u00f4nia somam R$ 36 milh\u00f5es","author":"da Reda\u00e7\u00e3o","date":"24 de setembro de 2019","format":false,"excerpt":"A Opera\u00e7\u00e3o Verde Brasil contabilizou, no primeiro m\u00eas de opera\u00e7\u00f5es, 112 termos de infra\u00e7\u00e3o aplicados, que totalizam R$ 36,37 milh\u00f5es em multas, de acordo com balan\u00e7o divulgado hoje (23) pelo Minist\u00e9rio da Defesa. Os recursos s\u00e3o destinados ao Tesouro Nacional. As multas foram aplicadas principalmente pelo Instituto Brasileiro do Meio\u2026","rel":"","context":"Em &quot;Ambiente J\u00c1-MAT\u00c9RIA&quot;","block_context":{"text":"Ambiente J\u00c1-MAT\u00c9RIA","link":"https:\/\/www.jornalja.com.br\/ambiente\/category\/ambiente-geral\/"},"img":{"alt_text":"","src":"","width":0,"height":0},"classes":[]},{"id":76720,"url":"https:\/\/www.jornalja.com.br\/ambiente\/jornal-do-para-anunciou-dia-do-fogo-patrocinado-produtores-e-grileiros\/","url_meta":{"origin":84633,"position":1},"title":"Jornal do Par\u00e1 anunciou &quot;Dia do Fogo&quot; patrocinado produtores e grileiros","author":"da Reda\u00e7\u00e3o","date":"27 de agosto de 2019","format":false,"excerpt":"A policia federal investiga den\u00fancias de que h\u00e1 \"um mercado de queimadas\" em certas regi\u00f5es da Amaz\u00f4nia: atear fogo em uma \u00e1rea de mil hectares em certas regi\u00f5es da Amaz\u00f4nia custa cerca 1 milh\u00e3o de reais nesse mercado negro. A informa\u00e7\u00e3o \u00e9 do Elpa\u00eds, em reportagem especial nesta segunda-feira. \"O\u2026","rel":"","context":"Em &quot;Ambiente J\u00c1-MAT\u00c9RIA&quot;","block_context":{"text":"Ambiente J\u00c1-MAT\u00c9RIA","link":"https:\/\/www.jornalja.com.br\/ambiente\/category\/ambiente-geral\/"},"img":{"alt_text":"","src":"","width":0,"height":0},"classes":[]},{"id":83205,"url":"https:\/\/www.jornalja.com.br\/ambiente\/mpf-cria-calculara-online-de-impactos-do-garimpo-na-amazonia\/","url_meta":{"origin":84633,"position":2},"title":"MPF cria calculadora online de impactos do garimpo na Amaz\u00f4nia","author":"da Reda\u00e7\u00e3o","date":"10 de junho de 2021","format":false,"excerpt":"O Minist\u00e9rio P\u00fablico Federal (MPF) e a organiza\u00e7\u00e3o n\u00e3o-governamental Conserva\u00e7\u00e3o Estrat\u00e9gica (CSF-Brasil) lan\u00e7ou a \u201cCalculadora de Impactos do Garimpo Ilegal de Ouro\u201d.\u00a0 A nova ferramenta vai possibilitar o c\u00e1lculo dos danos socioambientais gerados pela extra\u00e7\u00e3o ilegal de ouro na Amaz\u00f4nia, a partir da combina\u00e7\u00e3o de crit\u00e9rios como quantidade de ouro\u2026","rel":"","context":"Em &quot;Ambiente J\u00c1-NOTAS&quot;","block_context":{"text":"Ambiente J\u00c1-NOTAS","link":"https:\/\/www.jornalja.com.br\/ambiente\/category\/notas-ambiente-ja\/"},"img":{"alt_text":"","src":"https:\/\/i0.wp.com\/www.jornalja.com.br\/ambiente\/wp-content\/uploads\/sites\/3\/2021\/04\/deforestation-aerial-photograph-photo-credit-cincia-768x384-1.jpg?resize=350%2C200&ssl=1","width":350,"height":200,"srcset":"https:\/\/i0.wp.com\/www.jornalja.com.br\/ambiente\/wp-content\/uploads\/sites\/3\/2021\/04\/deforestation-aerial-photograph-photo-credit-cincia-768x384-1.jpg?resize=350%2C200&ssl=1 1x, https:\/\/i0.wp.com\/www.jornalja.com.br\/ambiente\/wp-content\/uploads\/sites\/3\/2021\/04\/deforestation-aerial-photograph-photo-credit-cincia-768x384-1.jpg?resize=525%2C300&ssl=1 1.5x, https:\/\/i0.wp.com\/www.jornalja.com.br\/ambiente\/wp-content\/uploads\/sites\/3\/2021\/04\/deforestation-aerial-photograph-photo-credit-cincia-768x384-1.jpg?resize=700%2C400&ssl=1 2x"},"classes":[]},{"id":82824,"url":"https:\/\/www.jornalja.com.br\/ambiente\/meio-ambiente-enquanto-bolsonaro-ocupa-as-manchetes-salles-vai-passando-a-boiada\/","url_meta":{"origin":84633,"position":3},"title":"Meio ambiente: enquanto Bolsonaro ocupa as manchetes, Salles &#8220;vai passando a boiada&#8221;","author":"da Reda\u00e7\u00e3o","date":"22 de janeiro de 2021","format":false,"excerpt":"O or\u00e7amento proposto para o Minist\u00e9rio do Meio Ambiente neste ano\u00a0 \u00e9 o menor desde o ano 2.000, segundo relat\u00f3rio da rede Observat\u00f3rio do Clima. Nos \u00faltimos 20 anos, o or\u00e7amento do MMA nunca ficou abaixo de R$ 2,9 bilh\u00f5es, segundo a s\u00e9rie analisada. Em 2021, o or\u00e7amento que est\u00e1\u2026","rel":"","context":"Em &quot;Ambiente J\u00c1-MAT\u00c9RIA&quot;","block_context":{"text":"Ambiente J\u00c1-MAT\u00c9RIA","link":"https:\/\/www.jornalja.com.br\/ambiente\/category\/ambiente-geral\/"},"img":{"alt_text":"","src":"https:\/\/i0.wp.com\/www.jornalja.com.br\/ambiente\/wp-content\/uploads\/sites\/3\/2021\/01\/salles-na-reuniao-ministerial.jpg?resize=350%2C200&ssl=1","width":350,"height":200,"srcset":"https:\/\/i0.wp.com\/www.jornalja.com.br\/ambiente\/wp-content\/uploads\/sites\/3\/2021\/01\/salles-na-reuniao-ministerial.jpg?resize=350%2C200&ssl=1 1x, https:\/\/i0.wp.com\/www.jornalja.com.br\/ambiente\/wp-content\/uploads\/sites\/3\/2021\/01\/salles-na-reuniao-ministerial.jpg?resize=525%2C300&ssl=1 1.5x, https:\/\/i0.wp.com\/www.jornalja.com.br\/ambiente\/wp-content\/uploads\/sites\/3\/2021\/01\/salles-na-reuniao-ministerial.jpg?resize=700%2C400&ssl=1 2x, https:\/\/i0.wp.com\/www.jornalja.com.br\/ambiente\/wp-content\/uploads\/sites\/3\/2021\/01\/salles-na-reuniao-ministerial.jpg?resize=1050%2C600&ssl=1 3x"},"classes":[]},{"id":83017,"url":"https:\/\/www.jornalja.com.br\/ambiente\/nove-unidades-de-conservacao-ambiental-incluidas-no-programa-de-concessoes\/","url_meta":{"origin":84633,"position":4},"title":"Nove unidades de conserva\u00e7\u00e3o ambiental  inclu\u00eddas no programa de concess\u00f5es","author":"da Reda\u00e7\u00e3o","date":"14 de abril de 2021","format":false,"excerpt":"O Di\u00e1rio Oficial da Uni\u00e3o (DOU) publicou nesta quarta-feira (14) decreto incluindo nove Unidades de Conserva\u00e7\u00e3o no Programa Nacional de Desestatiza\u00e7\u00e3o (PND) e as qualificando no \u00e2mbito do Programa de Parcerias de Investimentos (PPI). Nesse caso, a parceria com o setor privado ser\u00e1 via concess\u00e3o e, portanto, a \u00e1rea segue\u2026","rel":"","context":"Em &quot;Ambiente J\u00c1-MAT\u00c9RIA&quot;","block_context":{"text":"Ambiente J\u00c1-MAT\u00c9RIA","link":"https:\/\/www.jornalja.com.br\/ambiente\/category\/ambiente-geral\/"},"img":{"alt_text":"","src":"https:\/\/i0.wp.com\/www.jornalja.com.br\/ambiente\/wp-content\/uploads\/sites\/3\/2021\/04\/chapada-dos-guimaraes-mt-1024x768-1.jpg?resize=350%2C200&ssl=1","width":350,"height":200,"srcset":"https:\/\/i0.wp.com\/www.jornalja.com.br\/ambiente\/wp-content\/uploads\/sites\/3\/2021\/04\/chapada-dos-guimaraes-mt-1024x768-1.jpg?resize=350%2C200&ssl=1 1x, https:\/\/i0.wp.com\/www.jornalja.com.br\/ambiente\/wp-content\/uploads\/sites\/3\/2021\/04\/chapada-dos-guimaraes-mt-1024x768-1.jpg?resize=525%2C300&ssl=1 1.5x, https:\/\/i0.wp.com\/www.jornalja.com.br\/ambiente\/wp-content\/uploads\/sites\/3\/2021\/04\/chapada-dos-guimaraes-mt-1024x768-1.jpg?resize=700%2C400&ssl=1 2x"},"classes":[]},{"id":81993,"url":"https:\/\/www.jornalja.com.br\/ambiente\/mpf-cobra-explicacoes-sobre-exoneracoes-em-unidades-de-conservacao-ambiental\/","url_meta":{"origin":84633,"position":5},"title":"MPF cobra explica\u00e7\u00f5es sobre exonera\u00e7\u00f5es em Unidades de Conserva\u00e7\u00e3o Ambiental","author":"Cleber Dioni Tentardini","date":"15 de maio de 2020","format":false,"excerpt":"A C\u00e2mara de Meio Ambiente e Patrim\u00f4nio Cultural do Minist\u00e9rio P\u00fablico Federal (4CCR\/MPF) e o Grupo de Trabalho de Unidades de Conserva\u00e7\u00e3o do MPF cobram uma explica\u00e7\u00e3o por parte da presid\u00eancia do Instituto Chico Mendes de Biodiversidade (ICMBio) sobre os motivos que levaram a autarquia ambiental a publicar exonera\u00e7\u00f5es em\u2026","rel":"","context":"Em &quot;Ambiente J\u00c1-NOTAS&quot;","block_context":{"text":"Ambiente J\u00c1-NOTAS","link":"https:\/\/www.jornalja.com.br\/ambiente\/category\/notas-ambiente-ja\/"},"img":{"alt_text":"","src":"","width":0,"height":0},"classes":[]}],"jetpack_shortlink":"https:\/\/wp.me\/pbKnZo-m13","jetpack_sharing_enabled":true,"_links":{"self":[{"href":"https:\/\/www.jornalja.com.br\/ambiente\/wp-json\/wp\/v2\/posts\/84633","targetHints":{"allow":["GET"]}}],"collection":[{"href":"https:\/\/www.jornalja.com.br\/ambiente\/wp-json\/wp\/v2\/posts"}],"about":[{"href":"https:\/\/www.jornalja.com.br\/ambiente\/wp-json\/wp\/v2\/types\/post"}],"author":[{"embeddable":true,"href":"https:\/\/www.jornalja.com.br\/ambiente\/wp-json\/wp\/v2\/users\/4"}],"replies":[{"embeddable":true,"href":"https:\/\/www.jornalja.com.br\/ambiente\/wp-json\/wp\/v2\/comments?post=84633"}],"version-history":[{"count":1,"href":"https:\/\/www.jornalja.com.br\/ambiente\/wp-json\/wp\/v2\/posts\/84633\/revisions"}],"predecessor-version":[{"id":84635,"href":"https:\/\/www.jornalja.com.br\/ambiente\/wp-json\/wp\/v2\/posts\/84633\/revisions\/84635"}],"wp:featuredmedia":[{"embeddable":true,"href":"https:\/\/www.jornalja.com.br\/ambiente\/wp-json\/wp\/v2\/media\/84634"}],"wp:attachment":[{"href":"https:\/\/www.jornalja.com.br\/ambiente\/wp-json\/wp\/v2\/media?parent=84633"}],"wp:term":[{"taxonomy":"category","embeddable":true,"href":"https:\/\/www.jornalja.com.br\/ambiente\/wp-json\/wp\/v2\/categories?post=84633"},{"taxonomy":"post_tag","embeddable":true,"href":"https:\/\/www.jornalja.com.br\/ambiente\/wp-json\/wp\/v2\/tags?post=84633"}],"curies":[{"name":"wp","href":"https:\/\/api.w.org\/{rel}","templated":true}]}}