{"id":84889,"date":"2023-08-07T10:21:03","date_gmt":"2023-08-07T13:21:03","guid":{"rendered":"https:\/\/www.jornalja.com.br\/geral\/?p=95997"},"modified":"2023-08-07T12:57:25","modified_gmt":"2023-08-07T15:57:25","slug":"plataforma-reune-informacoes-sobre-15-mil-especies-ameacadas-de-extincao","status":"publish","type":"post","link":"https:\/\/www.jornalja.com.br\/ambiente\/plataforma-reune-informacoes-sobre-15-mil-especies-ameacadas-de-extincao\/","title":{"rendered":"Plataforma re\u00fane informa\u00e7\u00f5es sobre 15 mil esp\u00e9cies amea\u00e7adas de extin\u00e7\u00e3o"},"content":{"rendered":"<p>Uma nova plataforma lan\u00e7ada pelo Instituto Chico Mendes de Conserva\u00e7\u00e3o da Biodiversidade, re\u00fane dados de quase 15 mil esp\u00e9cies avaliadas quanto ao risco de extin\u00e7\u00e3o.<\/p>\n<p>A plataforma, que ganhou o nome SALVE, vai facilitar a gest\u00e3o do processo de avalia\u00e7\u00e3o de esp\u00e9cies amea\u00e7adas e contribuir para a gera\u00e7\u00e3o de conhecimento e implementa\u00e7\u00e3o de pol\u00edticas p\u00fablicas para o pa\u00eds.<\/p>\n<p>Rodrigo Jorge, coordenador de Avalia\u00e7\u00e3o das Esp\u00e9cies da Fauna em Risco de Extin\u00e7\u00e3o do\u00a0ICMBIO, ressalta que \u00e9 fundamental contar com uma plataforma com esse n\u00edvel de detalhamento e organiza\u00e7\u00e3o de dados, que dever\u00e3o ser atualizados em ciclos de dez anos.<\/p>\n<figure id=\"attachment_84895\" aria-describedby=\"caption-attachment-84895\" style=\"width: 300px\" class=\"wp-caption alignnone\"><img decoding=\"async\" data-attachment-id=\"84895\" data-permalink=\"https:\/\/www.jornalja.com.br\/ambiente\/plataforma-reune-informacoes-sobre-15-mil-especies-ameacadas-de-extincao\/ambiente-ja-animais-em-extincao\/\" data-orig-file=\"https:\/\/www.jornalja.com.br\/ambiente\/wp-content\/uploads\/sites\/3\/2023\/08\/ambiente-ja-animais-em-extincao-1.jpg\" data-orig-size=\"1170,700\" data-comments-opened=\"0\" data-image-meta=\"{&quot;aperture&quot;:&quot;2.8&quot;,&quot;credit&quot;:&quot;Fabio Rodrigues-Pozzebom\/ Ag\\u00eancia Brasil&quot;,&quot;camera&quot;:&quot;Canon EOS Rebel T6i&quot;,&quot;caption&quot;:&quot;Bras\\u00edlia, 2023\/08\/02  O presidente do Instituto Chico Mendes de Conserva\\u00e7\\u00e3o da Biodiversidade (ICMBio), Mauro Pires, e o  presidente do IBAMA, Rodrigo Agostinho, participam do lan\\u00e7amento da Plataforma de Avalia\\u00e7\\u00e3o do Risco de Extin\\u00e7\\u00e3o da Fauna (Salve)  Foto: Fabio Rodrigues-Pozzebom\/ Ag\\u00eancia Brasil&quot;,&quot;created_timestamp&quot;:&quot;1690975275&quot;,&quot;copyright&quot;:&quot;Ag\\u00eancia Brasil\/EBC&quot;,&quot;focal_length&quot;:&quot;70&quot;,&quot;iso&quot;:&quot;1600&quot;,&quot;shutter_speed&quot;:&quot;0.003125&quot;,&quot;title&quot;:&quot;&quot;,&quot;orientation&quot;:&quot;0&quot;}\" data-image-title=\"Ambiente J\u00e1 animais em extin\u00e7ao\" data-image-description=\"\" data-image-caption=\"&lt;p&gt;O presidente do Instituto Chico Mendes de Conserva\u00e7\u00e3o da Biodiversidade (ICMBio), Mauro Pires, e o  presidente do IBAMA, Rodrigo Agostinho, participam do lan\u00e7amento da Plataforma de Avalia\u00e7\u00e3o do Risco de Extin\u00e7\u00e3o da Fauna (Salve)  Foto: Fabio Rodrigues-Pozzebom\/ Ag\u00eancia Brasil&lt;\/p&gt;\n\" data-large-file=\"https:\/\/www.jornalja.com.br\/ambiente\/wp-content\/uploads\/sites\/3\/2023\/08\/ambiente-ja-animais-em-extincao-1-1024x613.jpg\" class=\"size-medium wp-image-84895\" src=\"https:\/\/www.jornalja.com.br\/ambiente\/wp-content\/uploads\/sites\/3\/2023\/08\/ambiente-ja-animais-em-extincao-1-300x179.jpg\" alt=\"\" width=\"300\" height=\"179\" srcset=\"https:\/\/www.jornalja.com.br\/ambiente\/wp-content\/uploads\/sites\/3\/2023\/08\/ambiente-ja-animais-em-extincao-1-300x179.jpg 300w, https:\/\/www.jornalja.com.br\/ambiente\/wp-content\/uploads\/sites\/3\/2023\/08\/ambiente-ja-animais-em-extincao-1-1024x613.jpg 1024w, https:\/\/www.jornalja.com.br\/ambiente\/wp-content\/uploads\/sites\/3\/2023\/08\/ambiente-ja-animais-em-extincao-1-768x459.jpg 768w, https:\/\/www.jornalja.com.br\/ambiente\/wp-content\/uploads\/sites\/3\/2023\/08\/ambiente-ja-animais-em-extincao-1.jpg 1170w\" sizes=\"(max-width: 300px) 100vw, 300px\" \/><figcaption id=\"caption-attachment-84895\" class=\"wp-caption-text\">O presidente do Instituto Chico Mendes de Conserva\u00e7\u00e3o da Biodiversidade (ICMBio), Mauro Pires, e o presidente do IBAMA, Rodrigo Agostinho, participam do lan\u00e7amento da Plataforma de Avalia\u00e7\u00e3o do Risco de Extin\u00e7\u00e3o da Fauna (Salve) Foto: Fabio Rodrigues-Pozzebom\/ Ag\u00eancia Brasil<\/figcaption><\/figure>\n<p>Outro destaque do Salve \u00e9 a transpar\u00eancia, j\u00e1 que o sistema pode ser acessado por qualquer pessoa que queira consultar as informa\u00e7\u00f5es, como explica Rodrigo Jorge.<\/p>\n<p>O usu\u00e1rio pode fazer consultas por recortes que j\u00e1 est\u00e3o prontos na plataforma, como por exemplo a categoria das esp\u00e9cies criticamente em perigo, e tamb\u00e9m d\u00e1 para fazer associa\u00e7\u00f5es com diferentes filtros.<\/p>\n<p>\u00c9 poss\u00edvel inserir na busca a esp\u00e9cie pretendida, tanto pelo nome comum, quanto pelo nome cient\u00edfico, e obter dados como grupo, categoria, \u00faltima avalia\u00e7\u00e3o, estados, bioma, classifica\u00e7\u00e3o taxon\u00f4mica, distribui\u00e7\u00e3o, hist\u00f3ria natural, entre outros. Os dados podem ser baixados pelo usu\u00e1rio.<\/p>\n<p>Do total de esp\u00e9cies avaliadas no Salve, mais de cinco mil e quinhentas possuem ficha publicada e mais de 1200 est\u00e3o em alguma categoria de amea\u00e7a. A plataforma pode ser acessada no endere\u00e7o:\u00a0salve.icmbio.gov.br.<\/p>\n<p>(<strong>Com informa\u00e7\u00f5es da Ag\u00eancia Brasil<\/strong>)<\/p>\n","protected":false},"excerpt":{"rendered":"<p>Uma nova plataforma lan\u00e7ada pelo Instituto Chico Mendes de Conserva\u00e7\u00e3o da Biodiversidade, re\u00fane dados de quase 15 mil esp\u00e9cies avaliadas quanto ao risco de extin\u00e7\u00e3o. A plataforma, que ganhou o nome SALVE, vai facilitar a gest\u00e3o do processo de avalia\u00e7\u00e3o de esp\u00e9cies amea\u00e7adas e contribuir para a gera\u00e7\u00e3o de conhecimento e implementa\u00e7\u00e3o de pol\u00edticas p\u00fablicas [&hellip;]<\/p>\n","protected":false},"author":4,"featured_media":84794,"comment_status":"closed","ping_status":"open","sticky":false,"template":"","format":"standard","meta":{"jetpack_post_was_ever_published":false,"_jetpack_newsletter_access":"","_jetpack_dont_email_post_to_subs":false,"_jetpack_newsletter_tier_id":0,"_jetpack_memberships_contains_paywalled_content":false,"_jetpack_memberships_contains_paid_content":false,"footnotes":"","jetpack_publicize_message":"","jetpack_publicize_feature_enabled":true,"jetpack_social_post_already_shared":true,"jetpack_social_options":{"image_generator_settings":{"template":"highway","default_image_id":0,"font":"","enabled":false},"version":2}},"categories":[4],"tags":[82,129,83,84,190],"class_list":["post-84889","post","type-post","status-publish","format-standard","has-post-thumbnail","hentry","category-ambiente-geral","tag-biodiversidade","tag-chico-mendes","tag-extincao","tag-fauna","tag-icmbio"],"aioseo_notices":[],"jetpack_publicize_connections":[],"jetpack_featured_media_url":"https:\/\/www.jornalja.com.br\/ambiente\/wp-content\/uploads\/sites\/3\/2023\/07\/um-puma-flagrado-2019-pelas-cameras-de-monitoramento-da-sema-no-parque-estadual-de-itapua-2.jpg","jetpack-related-posts":[{"id":84633,"url":"https:\/\/www.jornalja.com.br\/ambiente\/amazonia-dez-garimpos-ilegais-destruidos-e-r-45-milhoes-em-multas\/","url_meta":{"origin":84889,"position":0},"title":"Amaz\u00f4nia: dez garimpos ilegais destru\u00eddos e R$ 4,5 milh\u00f5es em multas","author":"da Reda\u00e7\u00e3o","date":"12 de junho de 2023","format":false,"excerpt":"Dez garimpos ilegais destru\u00eddos e R$ 4,5 milh\u00f5es em multas aplicadas. Esse \u00e9 o saldo de 17 dias de atua\u00e7\u00e3o da For\u00e7a-Tarefa de Seguran\u00e7a P\u00fablica Ambiental na Floresta Nacional de Urupadi, localizada em Mau\u00e9s (AM), na regi\u00e3o sul do Amazonas, a cerca de 267 quil\u00f4metros de Manaus. Composta por agentes\u2026","rel":"","context":"Em &quot;Ambiente J\u00c1-MAT\u00c9RIA&quot;","block_context":{"text":"Ambiente J\u00c1-MAT\u00c9RIA","link":"https:\/\/www.jornalja.com.br\/ambiente\/category\/ambiente-geral\/"},"img":{"alt_text":"","src":"https:\/\/i0.wp.com\/www.jornalja.com.br\/ambiente\/wp-content\/uploads\/sites\/3\/2023\/06\/amazonia-acao-contra-garimpos-ilegais.jpeg?resize=350%2C200&ssl=1","width":350,"height":200},"classes":[]},{"id":75423,"url":"https:\/\/www.jornalja.com.br\/ambiente\/aves-em-extincao-sinalizam-o-desequilibrio-ambiental\/","url_meta":{"origin":84889,"position":1},"title":"Aves em extin\u00e7\u00e3o sinalizam o desequil\u00edbrio ambiental","author":"da Reda\u00e7\u00e3o","date":"17 de julho de 2019","format":false,"excerpt":"Considerado o segundo pa\u00eds em diversidade de aves do mundo, o Brasil tamb\u00e9m carrega um recorde negativo: \u00e9 a na\u00e7\u00e3o que possui mais aves\u00a0globalmente amea\u00e7adas. Estima-se que cerca de 170 esp\u00e9cies correm risco de serem extintas. Sem elas, um verdadeiro colapso socioambiental poderia tomar conta do territ\u00f3rio nacional, afetando o\u2026","rel":"","context":"Em &quot;Ambiente J\u00c1-MAT\u00c9RIA&quot;","block_context":{"text":"Ambiente J\u00c1-MAT\u00c9RIA","link":"https:\/\/www.jornalja.com.br\/ambiente\/category\/ambiente-geral\/"},"img":{"alt_text":"","src":"","width":0,"height":0},"classes":[]},{"id":83017,"url":"https:\/\/www.jornalja.com.br\/ambiente\/nove-unidades-de-conservacao-ambiental-incluidas-no-programa-de-concessoes\/","url_meta":{"origin":84889,"position":2},"title":"Nove unidades de conserva\u00e7\u00e3o ambiental  inclu\u00eddas no programa de concess\u00f5es","author":"da Reda\u00e7\u00e3o","date":"14 de abril de 2021","format":false,"excerpt":"O Di\u00e1rio Oficial da Uni\u00e3o (DOU) publicou nesta quarta-feira (14) decreto incluindo nove Unidades de Conserva\u00e7\u00e3o no Programa Nacional de Desestatiza\u00e7\u00e3o (PND) e as qualificando no \u00e2mbito do Programa de Parcerias de Investimentos (PPI). Nesse caso, a parceria com o setor privado ser\u00e1 via concess\u00e3o e, portanto, a \u00e1rea segue\u2026","rel":"","context":"Em &quot;Ambiente J\u00c1-MAT\u00c9RIA&quot;","block_context":{"text":"Ambiente J\u00c1-MAT\u00c9RIA","link":"https:\/\/www.jornalja.com.br\/ambiente\/category\/ambiente-geral\/"},"img":{"alt_text":"","src":"https:\/\/i0.wp.com\/www.jornalja.com.br\/ambiente\/wp-content\/uploads\/sites\/3\/2021\/04\/chapada-dos-guimaraes-mt-1024x768-1.jpg?resize=350%2C200&ssl=1","width":350,"height":200,"srcset":"https:\/\/i0.wp.com\/www.jornalja.com.br\/ambiente\/wp-content\/uploads\/sites\/3\/2021\/04\/chapada-dos-guimaraes-mt-1024x768-1.jpg?resize=350%2C200&ssl=1 1x, https:\/\/i0.wp.com\/www.jornalja.com.br\/ambiente\/wp-content\/uploads\/sites\/3\/2021\/04\/chapada-dos-guimaraes-mt-1024x768-1.jpg?resize=525%2C300&ssl=1 1.5x, https:\/\/i0.wp.com\/www.jornalja.com.br\/ambiente\/wp-content\/uploads\/sites\/3\/2021\/04\/chapada-dos-guimaraes-mt-1024x768-1.jpg?resize=700%2C400&ssl=1 2x"},"classes":[]},{"id":81993,"url":"https:\/\/www.jornalja.com.br\/ambiente\/mpf-cobra-explicacoes-sobre-exoneracoes-em-unidades-de-conservacao-ambiental\/","url_meta":{"origin":84889,"position":3},"title":"MPF cobra explica\u00e7\u00f5es sobre exonera\u00e7\u00f5es em Unidades de Conserva\u00e7\u00e3o Ambiental","author":"Cleber Dioni Tentardini","date":"15 de maio de 2020","format":false,"excerpt":"A C\u00e2mara de Meio Ambiente e Patrim\u00f4nio Cultural do Minist\u00e9rio P\u00fablico Federal (4CCR\/MPF) e o Grupo de Trabalho de Unidades de Conserva\u00e7\u00e3o do MPF cobram uma explica\u00e7\u00e3o por parte da presid\u00eancia do Instituto Chico Mendes de Biodiversidade (ICMBio) sobre os motivos que levaram a autarquia ambiental a publicar exonera\u00e7\u00f5es em\u2026","rel":"","context":"Em &quot;Ambiente J\u00c1-NOTAS&quot;","block_context":{"text":"Ambiente J\u00c1-NOTAS","link":"https:\/\/www.jornalja.com.br\/ambiente\/category\/notas-ambiente-ja\/"},"img":{"alt_text":"","src":"","width":0,"height":0},"classes":[]},{"id":83732,"url":"https:\/\/www.jornalja.com.br\/ambiente\/83732-2\/","url_meta":{"origin":84889,"position":4},"title":"Reservas particulares do patrim\u00f4nio natural somam 811 mil hectares no Brasil","author":"da Reda\u00e7\u00e3o","date":"7 de fevereiro de 2022","format":false,"excerpt":"As Reservas Particulares do Patrim\u00f4nio Natural (RPPN), um dos tipos de unidades de conserva\u00e7\u00e3o (UCs) que contribuem para a preserva\u00e7\u00e3o da biodiversidade no pa\u00eds, somam uma \u00e1rea de 811 mil hectares, mais do que a \u00e1rea de todas as capitais somadas (803 mil hectares). A Confedera\u00e7\u00e3o Nacional de RPPNs\u00a0 conta\u2026","rel":"","context":"Em &quot;Ambiente J\u00c1-MAT\u00c9RIA&quot;","block_context":{"text":"Ambiente J\u00c1-MAT\u00c9RIA","link":"https:\/\/www.jornalja.com.br\/ambiente\/category\/ambiente-geral\/"},"img":{"alt_text":"","src":"https:\/\/i0.wp.com\/www.jornalja.com.br\/ambiente\/wp-content\/uploads\/sites\/3\/2022\/02\/reserva-natural-pucrs-promata.jpg?resize=350%2C200&ssl=1","width":350,"height":200,"srcset":"https:\/\/i0.wp.com\/www.jornalja.com.br\/ambiente\/wp-content\/uploads\/sites\/3\/2022\/02\/reserva-natural-pucrs-promata.jpg?resize=350%2C200&ssl=1 1x, https:\/\/i0.wp.com\/www.jornalja.com.br\/ambiente\/wp-content\/uploads\/sites\/3\/2022\/02\/reserva-natural-pucrs-promata.jpg?resize=525%2C300&ssl=1 1.5x, https:\/\/i0.wp.com\/www.jornalja.com.br\/ambiente\/wp-content\/uploads\/sites\/3\/2022\/02\/reserva-natural-pucrs-promata.jpg?resize=700%2C400&ssl=1 2x"},"classes":[]},{"id":82991,"url":"https:\/\/www.jornalja.com.br\/ambiente\/ministerio-publico-estadual-investiga-devastacao-ambiental-em-arambare\/","url_meta":{"origin":84889,"position":5},"title":"Minist\u00e9rio P\u00fablico Estadual investiga devasta\u00e7\u00e3o ambiental em Arambar\u00e9","author":"Cleber Dioni Tentardini","date":"13 de abril de 2021","format":false,"excerpt":"A Promotoria de Justi\u00e7a Especializada de Camaqu\u00e3, do Minist\u00e9rio P\u00fablico Estadual (MPE), investiga o corte de vegeta\u00e7\u00e3o e queimadas em \u00e1reas de restinga no bairro Caramuru, \u00e0s margens da Lagoa dos Patos, em Arambar\u00e9. A promotora de Justi\u00e7a Fabiane Rios informa que o processo NF.01604.000.061\/2021 est\u00e1 em fase de instru\u00e7\u00e3o.\u2026","rel":"","context":"Em &quot;Ambiente J\u00c1-MAT\u00c9RIA&quot;","block_context":{"text":"Ambiente J\u00c1-MAT\u00c9RIA","link":"https:\/\/www.jornalja.com.br\/ambiente\/category\/ambiente-geral\/"},"img":{"alt_text":"","src":"https:\/\/i0.wp.com\/www.jornalja.com.br\/ambiente\/wp-content\/uploads\/sites\/3\/2021\/04\/corte-de-butia-butia-odorata-especie-ameacada-de-extincao-junto-com-outras-especies-raras-e-caracteristicas-de-restingas-arambare-divulgacao-e1618319360737.jpg?resize=350%2C200&ssl=1","width":350,"height":200,"srcset":"https:\/\/i0.wp.com\/www.jornalja.com.br\/ambiente\/wp-content\/uploads\/sites\/3\/2021\/04\/corte-de-butia-butia-odorata-especie-ameacada-de-extincao-junto-com-outras-especies-raras-e-caracteristicas-de-restingas-arambare-divulgacao-e1618319360737.jpg?resize=350%2C200&ssl=1 1x, https:\/\/i0.wp.com\/www.jornalja.com.br\/ambiente\/wp-content\/uploads\/sites\/3\/2021\/04\/corte-de-butia-butia-odorata-especie-ameacada-de-extincao-junto-com-outras-especies-raras-e-caracteristicas-de-restingas-arambare-divulgacao-e1618319360737.jpg?resize=525%2C300&ssl=1 1.5x, https:\/\/i0.wp.com\/www.jornalja.com.br\/ambiente\/wp-content\/uploads\/sites\/3\/2021\/04\/corte-de-butia-butia-odorata-especie-ameacada-de-extincao-junto-com-outras-especies-raras-e-caracteristicas-de-restingas-arambare-divulgacao-e1618319360737.jpg?resize=700%2C400&ssl=1 2x"},"classes":[]}],"jetpack_shortlink":"https:\/\/wp.me\/pbKnZo-m5b","jetpack_sharing_enabled":true,"_links":{"self":[{"href":"https:\/\/www.jornalja.com.br\/ambiente\/wp-json\/wp\/v2\/posts\/84889","targetHints":{"allow":["GET"]}}],"collection":[{"href":"https:\/\/www.jornalja.com.br\/ambiente\/wp-json\/wp\/v2\/posts"}],"about":[{"href":"https:\/\/www.jornalja.com.br\/ambiente\/wp-json\/wp\/v2\/types\/post"}],"author":[{"embeddable":true,"href":"https:\/\/www.jornalja.com.br\/ambiente\/wp-json\/wp\/v2\/users\/4"}],"replies":[{"embeddable":true,"href":"https:\/\/www.jornalja.com.br\/ambiente\/wp-json\/wp\/v2\/comments?post=84889"}],"version-history":[{"count":2,"href":"https:\/\/www.jornalja.com.br\/ambiente\/wp-json\/wp\/v2\/posts\/84889\/revisions"}],"predecessor-version":[{"id":84899,"href":"https:\/\/www.jornalja.com.br\/ambiente\/wp-json\/wp\/v2\/posts\/84889\/revisions\/84899"}],"wp:featuredmedia":[{"embeddable":true,"href":"https:\/\/www.jornalja.com.br\/ambiente\/wp-json\/wp\/v2\/media\/84794"}],"wp:attachment":[{"href":"https:\/\/www.jornalja.com.br\/ambiente\/wp-json\/wp\/v2\/media?parent=84889"}],"wp:term":[{"taxonomy":"category","embeddable":true,"href":"https:\/\/www.jornalja.com.br\/ambiente\/wp-json\/wp\/v2\/categories?post=84889"},{"taxonomy":"post_tag","embeddable":true,"href":"https:\/\/www.jornalja.com.br\/ambiente\/wp-json\/wp\/v2\/tags?post=84889"}],"curies":[{"name":"wp","href":"https:\/\/api.w.org\/{rel}","templated":true}]}}