{"id":85166,"date":"2023-12-08T12:58:02","date_gmt":"2023-12-08T15:58:02","guid":{"rendered":"https:\/\/www.jornalja.com.br\/ambiente\/?p=85166"},"modified":"2023-12-08T12:58:42","modified_gmt":"2023-12-08T15:58:42","slug":"energia-solar-grandes-usinas-atingem-11-gigawatts-com-investimentos-de-500-bilhoes-em-dez-anos","status":"publish","type":"post","link":"https:\/\/www.jornalja.com.br\/ambiente\/energia-solar-grandes-usinas-atingem-11-gigawatts-com-investimentos-de-500-bilhoes-em-dez-anos\/","title":{"rendered":"Energia solar: grandes usinas atingem 11 gigawatts, com investimentos de 500 bilh\u00f5es em dez anos"},"content":{"rendered":"<p>O Brasil ultrapassou a marca de 11 gigawatts (GW) de pot\u00eancia operacional nas grandes usinas solares, de acordo com o mapeamento da Associa\u00e7\u00e3o Brasileira de Energia Solar Fotovoltaica (ABSOLAR).<\/p>\n<p>Segundo a entidade, desde 2012, o segmento j\u00e1 trouxe mais de <strong>R$ 49,1 bilh\u00f5es<\/strong> em novos investimentos e mais de 330,1 mil empregos acumulados, al\u00e9m de proporcionar cerca de R$ 17,2 bilh\u00f5es em arrecada\u00e7\u00e3o aos cofres p\u00fablicos.<\/p>\n<p>Atualmente, as usinas solares de grande porte operam em todos os estados brasileiros, com lideran\u00e7a, em termos de pot\u00eancia instalada, da regi\u00e3o Nordeste, com 55,57% de representatividade, seguida pelo Sudeste, com 42,99%, Sul, com 0,54%, Norte, com 0,51% e Centro-Oeste (mais DF), com 0,39%.<br \/>\n\u201cO crescimento da energia solar fortalece a sustentabilidade, alivia o or\u00e7amento das fam\u00edlias e amplia a competitividade dos setores produtivos brasileiros, fatores cada vez mais importantes para a economia nacional e para o cumprimento dos compromissos ambientais assumidos pelo Pa\u00eds\u201d, diz Rodrigo Sauaia, da Absolar.<\/p>\n<p>Ronaldo Koloszuk, presidente do Conselho de Administra\u00e7\u00e3o da entidade, avalia que &#8220;o crescimento acelerado da energia solar \u00e9 tend\u00eancia mundial e colabora para o processo de descarboniza\u00e7\u00e3o das economias. \u201cO Brasil possui um dos melhores recursos solares do planeta, o que abre uma enorme possibilidade para a produ\u00e7\u00e3o do hidrog\u00eanio verde (H2V) mais barato do mundo e o desenvolvimento de novas tecnologias sin\u00e9rgicas, como o armazenamento de energia e os ve\u00edculos el\u00e9tricos\u201d, diz.<\/p>\n<p>\u201cSegundo estudo da consultoria Mckinsey, o Brasil poder\u00e1 ter uma nova matriz el\u00e9trica inteira at\u00e9 2040 destinada \u00e0 produ\u00e7\u00e3o do H2V. Para tanto, o Pa\u00eds dever\u00e1 receber cerca de R$ 1 trilh\u00e3o em investimentos no per\u00edodo, como gera\u00e7\u00e3o de eletricidade, linhas de transmiss\u00e3o, unidades fabris do combust\u00edvel e estruturas associadas, incluindo terminais portu\u00e1rios, dutos e armazenagem\u201d, acrescenta Koloszuk.<\/p>\n<p>&nbsp;<\/p>\n","protected":false},"excerpt":{"rendered":"<p>O Brasil ultrapassou a marca de 11 gigawatts (GW) de pot\u00eancia operacional nas grandes usinas solares, de acordo com o mapeamento da Associa\u00e7\u00e3o Brasileira de Energia Solar Fotovoltaica (ABSOLAR). Segundo a entidade, desde 2012, o segmento j\u00e1 trouxe mais de R$ 49,1 bilh\u00f5es em novos investimentos e mais de 330,1 mil empregos acumulados, al\u00e9m de [&hellip;]<\/p>\n","protected":false},"author":4,"featured_media":85169,"comment_status":"closed","ping_status":"open","sticky":false,"template":"","format":"standard","meta":{"jetpack_post_was_ever_published":false,"_jetpack_newsletter_access":"","_jetpack_dont_email_post_to_subs":false,"_jetpack_newsletter_tier_id":0,"_jetpack_memberships_contains_paywalled_content":false,"_jetpack_memberships_contains_paid_content":false,"footnotes":"","jetpack_publicize_message":"","jetpack_publicize_feature_enabled":true,"jetpack_social_post_already_shared":true,"jetpack_social_options":{"image_generator_settings":{"template":"highway","default_image_id":0,"font":"","enabled":false},"version":2}},"categories":[4],"tags":[195,12,160,194,147,141,14,119],"class_list":["post-85166","post","type-post","status-publish","format-standard","has-post-thumbnail","hentry","category-ambiente-geral","tag-descarbonizacao","tag-energia","tag-energia-solar","tag-hidrogenio","tag-pet","tag-rios","tag-solar","tag-sustentabilidade"],"aioseo_notices":[],"jetpack_publicize_connections":[],"jetpack_featured_media_url":"https:\/\/www.jornalja.com.br\/ambiente\/wp-content\/uploads\/sites\/3\/2023\/12\/energia-solar-divulgacao-absolar.jpg","jetpack-related-posts":[{"id":84538,"url":"https:\/\/www.jornalja.com.br\/ambiente\/energia-solar-no-rs-r-11-bilhoes-em-dez-anos-e-presenca-em-todos-os-municipios\/","url_meta":{"origin":85166,"position":0},"title":"Energia solar no RS: R$ 11 bilh\u00f5es em dez anos e presen\u00e7a em todos os munic\u00edpios \u00a0","author":"da Reda\u00e7\u00e3o","date":"17 de maio de 2023","format":false,"excerpt":"O Rio Grande do Sul \u00e9 um dos tr\u00eas estados brasileiros com maior pot\u00eancia instalada de energia solar em telhados e pequenos terrenos. O Estado j\u00e1 ultrapassa os 2,1 gigawatts (GW) em opera\u00e7\u00e3o nas resid\u00eancias, com\u00e9rcios, ind\u00fastrias, propriedades rurais e pr\u00e9dios p\u00fablicos, segundo os n\u00fameros da Absolar. Segundo a entidade,\u2026","rel":"","context":"Em &quot;Ambiente J\u00c1-MAT\u00c9RIA&quot;","block_context":{"text":"Ambiente J\u00c1-MAT\u00c9RIA","link":"https:\/\/www.jornalja.com.br\/ambiente\/category\/ambiente-geral\/"},"img":{"alt_text":"","src":"https:\/\/i0.wp.com\/www.jornalja.com.br\/ambiente\/wp-content\/uploads\/sites\/3\/2023\/05\/energia-solar-mapa-rs.jpg?resize=350%2C200&ssl=1","width":350,"height":200,"srcset":"https:\/\/i0.wp.com\/www.jornalja.com.br\/ambiente\/wp-content\/uploads\/sites\/3\/2023\/05\/energia-solar-mapa-rs.jpg?resize=350%2C200&ssl=1 1x, https:\/\/i0.wp.com\/www.jornalja.com.br\/ambiente\/wp-content\/uploads\/sites\/3\/2023\/05\/energia-solar-mapa-rs.jpg?resize=525%2C300&ssl=1 1.5x"},"classes":[]},{"id":83720,"url":"https:\/\/www.jornalja.com.br\/ambiente\/geracao-de-energia-solar-vai-dobrar-em-um-ano-o-que-produziu-em-uma-decada\/","url_meta":{"origin":85166,"position":1},"title":"Energia solar vai dobrar este ano a capacidade de gera\u00e7\u00e3o acumulada em uma d\u00e9cada","author":"da Reda\u00e7\u00e3o","date":"12 de janeiro de 2022","format":false,"excerpt":"O ano de 2022 tem tudo para ser o melhor ano da energia solar no Brasil desde 2012. A Associa\u00e7\u00e3o Brasileira de Energia Solar Fotovoltaica, que congrega empresas e profissionais do setor, estima que, somente neste ano, esta fonte dever\u00e1 gerar mais de 357 mil novos empregos, por todas as\u2026","rel":"","context":"Em &quot;Ambiente J\u00c1-MAT\u00c9RIA&quot;","block_context":{"text":"Ambiente J\u00c1-MAT\u00c9RIA","link":"https:\/\/www.jornalja.com.br\/ambiente\/category\/ambiente-geral\/"},"img":{"alt_text":"","src":"https:\/\/i0.wp.com\/www.jornalja.com.br\/ambiente\/wp-content\/uploads\/sites\/3\/2022\/01\/pexels-vivint-solar-2850347-scaled.jpg?resize=350%2C200&ssl=1","width":350,"height":200,"srcset":"https:\/\/i0.wp.com\/www.jornalja.com.br\/ambiente\/wp-content\/uploads\/sites\/3\/2022\/01\/pexels-vivint-solar-2850347-scaled.jpg?resize=350%2C200&ssl=1 1x, https:\/\/i0.wp.com\/www.jornalja.com.br\/ambiente\/wp-content\/uploads\/sites\/3\/2022\/01\/pexels-vivint-solar-2850347-scaled.jpg?resize=525%2C300&ssl=1 1.5x, https:\/\/i0.wp.com\/www.jornalja.com.br\/ambiente\/wp-content\/uploads\/sites\/3\/2022\/01\/pexels-vivint-solar-2850347-scaled.jpg?resize=700%2C400&ssl=1 2x, https:\/\/i0.wp.com\/www.jornalja.com.br\/ambiente\/wp-content\/uploads\/sites\/3\/2022\/01\/pexels-vivint-solar-2850347-scaled.jpg?resize=1050%2C600&ssl=1 3x, https:\/\/i0.wp.com\/www.jornalja.com.br\/ambiente\/wp-content\/uploads\/sites\/3\/2022\/01\/pexels-vivint-solar-2850347-scaled.jpg?resize=1400%2C800&ssl=1 4x"},"classes":[]},{"id":78438,"url":"https:\/\/www.jornalja.com.br\/ambiente\/eolica-e-solar-representam-um-terco-da-energia-comprada-no-leilao-da-aneel\/","url_meta":{"origin":85166,"position":2},"title":"E\u00f3lica e solar representam um ter\u00e7o da energia contratada no leil\u00e3o da Aneel","author":"da Reda\u00e7\u00e3o","date":"20 de outubro de 2019","format":false,"excerpt":"Contratos de R$ 44 bilh\u00f5es foram firmados na sexta-feira, 18, no leil\u00e3o da Ag\u00eancia de Energia El\u00e9trica, envolvendo projetos que v\u00e3o acrescentar ao sistema el\u00e9trico brasileiro cerca de 1,7 mil megawatts para atender \u00e0 demanda a partir de 2025. A maioria, quase a metade dos 91 projetos contratados, s\u00e3o de\u2026","rel":"","context":"Em &quot;Ambiente J\u00c1-MAT\u00c9RIA&quot;","block_context":{"text":"Ambiente J\u00c1-MAT\u00c9RIA","link":"https:\/\/www.jornalja.com.br\/ambiente\/category\/ambiente-geral\/"},"img":{"alt_text":"","src":"","width":0,"height":0},"classes":[]},{"id":77771,"url":"https:\/\/www.jornalja.com.br\/ambiente\/usina-de-energia-solar-completa-cinco-anos-superando-expectativas\/","url_meta":{"origin":85166,"position":3},"title":"Usina de energia solar completa cinco anos superando expectativas","author":"da Reda\u00e7\u00e3o","date":"25 de setembro de 2019","format":false,"excerpt":"Refer\u00eancia nacional em gera\u00e7\u00e3o de energia fotovoltaica e com produ\u00e7\u00e3o superior \u00e0 expectativa inicial, a Usina Megawatt Solar celebra cinco anos hoje (25\/09). A Eletrosul transformou sua sede administrativa, em Florian\u00f3polis (SC), em um complexo integrado de gera\u00e7\u00e3o fotovoltaica e vitrine tecnol\u00f3gica para o setor el\u00e9trico brasileiro. Com pot\u00eancia instalada\u2026","rel":"","context":"Em &quot;Ambiente J\u00c1-MAT\u00c9RIA&quot;","block_context":{"text":"Ambiente J\u00c1-MAT\u00c9RIA","link":"https:\/\/www.jornalja.com.br\/ambiente\/category\/ambiente-geral\/"},"img":{"alt_text":"","src":"","width":0,"height":0},"classes":[]},{"id":82286,"url":"https:\/\/www.jornalja.com.br\/ambiente\/empresa-mineira-constroi-primeira-usina-solar-do-estado-em-uruguaiana\/","url_meta":{"origin":85166,"position":4},"title":"Empresa mineira pede licen\u00e7a para construir primeira usina solar do Estado, em Uruguaiana","author":"da Reda\u00e7\u00e3o","date":"14 de julho de 2020","format":false,"excerpt":"Entrou em an\u00e1lise na Funda\u00e7\u00e3o Estadual de Prote\u00e7\u00e3o Ambiental, pela primeira vez, um pedido de licen\u00e7a para a instala\u00e7\u00e3o de um empreendimento que gerar\u00e1 energia a partir da luz solar. At\u00e9 agora todos os projetos de energia solar eram de pequeno porte, sem necessidade de licen\u00e7a. A empresa mineira Solargrid\u2026","rel":"","context":"Em &quot;Ambiente J\u00c1-MAT\u00c9RIA&quot;","block_context":{"text":"Ambiente J\u00c1-MAT\u00c9RIA","link":"https:\/\/www.jornalja.com.br\/ambiente\/category\/ambiente-geral\/"},"img":{"alt_text":"","src":"https:\/\/i0.wp.com\/www.jornalja.com.br\/ambiente\/wp-content\/uploads\/sites\/3\/2020\/07\/energia-solar-fepam-divulgacao-scaled.jpg?resize=350%2C200&ssl=1","width":350,"height":200,"srcset":"https:\/\/i0.wp.com\/www.jornalja.com.br\/ambiente\/wp-content\/uploads\/sites\/3\/2020\/07\/energia-solar-fepam-divulgacao-scaled.jpg?resize=350%2C200&ssl=1 1x, https:\/\/i0.wp.com\/www.jornalja.com.br\/ambiente\/wp-content\/uploads\/sites\/3\/2020\/07\/energia-solar-fepam-divulgacao-scaled.jpg?resize=525%2C300&ssl=1 1.5x, https:\/\/i0.wp.com\/www.jornalja.com.br\/ambiente\/wp-content\/uploads\/sites\/3\/2020\/07\/energia-solar-fepam-divulgacao-scaled.jpg?resize=700%2C400&ssl=1 2x"},"classes":[]},{"id":79346,"url":"https:\/\/www.jornalja.com.br\/ambiente\/mec-libera-r-60-milhoes-para-projetos-de-energia-solar-em-escolas\/","url_meta":{"origin":85166,"position":5},"title":"MEC libera R$ 60 milh\u00f5es para projetos de energia solar em  escolas","author":"da Reda\u00e7\u00e3o","date":"21 de novembro de 2019","format":false,"excerpt":"O Minist\u00e9rio da Educa\u00e7\u00e3o liberou R$ 60 milh\u00f5es para a a instala\u00e7\u00e3o de 852 usinas de energia solar em 38 institutos federais, dois centros de educa\u00e7\u00e3o tecnol\u00f3gica e no Col\u00e9gio Pedro II, no Rio de Janeiro. A proposta deve gerar uma economia de quase R$ 18 milh\u00f5es, anualmente, com contas\u2026","rel":"","context":"Em &quot;Ambiente J\u00c1-MAT\u00c9RIA&quot;","block_context":{"text":"Ambiente J\u00c1-MAT\u00c9RIA","link":"https:\/\/www.jornalja.com.br\/ambiente\/category\/ambiente-geral\/"},"img":{"alt_text":"","src":"","width":0,"height":0},"classes":[]}],"jetpack_shortlink":"https:\/\/wp.me\/pbKnZo-m9E","jetpack_sharing_enabled":true,"_links":{"self":[{"href":"https:\/\/www.jornalja.com.br\/ambiente\/wp-json\/wp\/v2\/posts\/85166","targetHints":{"allow":["GET"]}}],"collection":[{"href":"https:\/\/www.jornalja.com.br\/ambiente\/wp-json\/wp\/v2\/posts"}],"about":[{"href":"https:\/\/www.jornalja.com.br\/ambiente\/wp-json\/wp\/v2\/types\/post"}],"author":[{"embeddable":true,"href":"https:\/\/www.jornalja.com.br\/ambiente\/wp-json\/wp\/v2\/users\/4"}],"replies":[{"embeddable":true,"href":"https:\/\/www.jornalja.com.br\/ambiente\/wp-json\/wp\/v2\/comments?post=85166"}],"version-history":[{"count":2,"href":"https:\/\/www.jornalja.com.br\/ambiente\/wp-json\/wp\/v2\/posts\/85166\/revisions"}],"predecessor-version":[{"id":85173,"href":"https:\/\/www.jornalja.com.br\/ambiente\/wp-json\/wp\/v2\/posts\/85166\/revisions\/85173"}],"wp:featuredmedia":[{"embeddable":true,"href":"https:\/\/www.jornalja.com.br\/ambiente\/wp-json\/wp\/v2\/media\/85169"}],"wp:attachment":[{"href":"https:\/\/www.jornalja.com.br\/ambiente\/wp-json\/wp\/v2\/media?parent=85166"}],"wp:term":[{"taxonomy":"category","embeddable":true,"href":"https:\/\/www.jornalja.com.br\/ambiente\/wp-json\/wp\/v2\/categories?post=85166"},{"taxonomy":"post_tag","embeddable":true,"href":"https:\/\/www.jornalja.com.br\/ambiente\/wp-json\/wp\/v2\/tags?post=85166"}],"curies":[{"name":"wp","href":"https:\/\/api.w.org\/{rel}","templated":true}]}}