{"id":85181,"date":"2023-12-15T15:17:30","date_gmt":"2023-12-15T18:17:30","guid":{"rendered":"https:\/\/www.jornalja.com.br\/ambiente\/?p=85181"},"modified":"2023-12-15T15:20:36","modified_gmt":"2023-12-15T18:20:36","slug":"materia-sobre-apa-do-banhado-grande-ganha-premio-sintergs-de-jornalismo","status":"publish","type":"post","link":"https:\/\/www.jornalja.com.br\/ambiente\/materia-sobre-apa-do-banhado-grande-ganha-premio-sintergs-de-jornalismo\/","title":{"rendered":"Mat\u00e9ria sobre APA do Banhado Grande ganha Pr\u00eamio Sintergs de Jornalismo"},"content":{"rendered":"<p>Mat\u00e9ria sobre a \u00c1rea de Preserva\u00e7\u00e3o Ambiental do Banhado Grande ganhou o 3\u00ba lugar no 2\u00ba Pr\u00eamio Sintergs de Jornalismo. A entrega das premia\u00e7\u00f5es ocorreu na quinta-feira, 14 de dezembro.<\/p>\n<p><a href=\"http:\/\/www.jornalja.com.br\/ambiente\/travessia-de-viamao-3-temos-que-conciliar-uso-com-preservacao-diz-gestora-de-uc\"> Travessia de Viam\u00e3o (3) &#8211; Temos que conciliar uso com preserva\u00e7\u00e3o, diz gestora de UC<\/a> integra uma s\u00e9rie com cinco reportagens, do jornalista Cleber Dioni Tentardini, publicada no <strong>jornal J\u00c1<\/strong>, entre os dias 11 e 15 de julho de 2023. \u00c9 uma viagem \u00e0 capital das \u00e1guas, considerada pulm\u00e3o da regi\u00e3o metropolitana de Porto Alegre, no estado do Rio Grande do Sul, com mais de 500 km\u00b2 de \u00e1reas protegidas. As mat\u00e9rias abordam os desafios e iniciativas de institui\u00e7\u00f5es p\u00fablicas e ambientalistas para conciliar atividades econ\u00f4micas com preserva\u00e7\u00e3o. Mostra pesquisas e pr\u00e1ticas ecol\u00f3gicas que criam zonas de amortecimento com produ\u00e7\u00e3o org\u00e2nica no entorno das reservas ambientais. E explora os banhados, lagoas, nascentes, aqu\u00edferos, parques, morros, florestas, campos, dunas, que abrigam esp\u00e9cies da fauna e flora amea\u00e7adas de extin\u00e7\u00e3o.<\/p>\n<p>Ao todo, foram agraciados jornalistas e estudantes de onze ve\u00edculos. Os vencedores do concurso foram revelados em evento realizado nesta quinta-feira (14\/12), na sede do sindicato.<\/p>\n<p>\u201cOs premiados desta noite s\u00e3o exemplos de jornalismo de qualidade, de jornalismo que faz a diferen\u00e7a, de jornalismo que transforma a realidade. S\u00e3o profissionais que merecem o nosso respeito, a nossa admira\u00e7\u00e3o e o nosso aplauso\u201d, disse Valdir Bandeira Fiorentin, diretor de Comunica\u00e7\u00e3o do Sintergs, durante a cerim\u00f4nia. O dirigente falou sobre a sensa\u00e7\u00e3o de dever cumprido do atual mandato e desejou sucesso para a gest\u00e3o que assume o sindicato em janeiro.<\/p>\n<p>Diretora do Sindicato dos Jornalistas Profissionais do RS (Sindjors), Viviane Finkielsztejn, agradeceu a oportunidade de participar da entrega do 2\u00ba Pr\u00eamio Sintergs e ressaltou que, assim como os servidores p\u00fablicos, a categoria vem sofrendo ass\u00e9dio e agress\u00f5es. \u201cNos \u00faltimos quatro anos, fomos atacados moral e fisicamente, mas n\u00e3o podemos nos abater. Em tempos de fake news, nosso trabalho se torna cada vez mais importante. Nosso of\u00edcio \u00e9 informar com qualidade\u201d, disse a sindicalista.<\/p>\n<p><strong>Vencedores 2\u00ba Pr\u00eamio Sintergs de Jornalismo:<\/strong><\/p>\n<p><strong>Categoria On-line<\/strong><\/p>\n<p>1\u00ba lugar |\u00a0Silvia Franz Marcuzzo<br \/>\nAg\u00eancia P\u00fablica<br \/>\nGoverno do Rio Grande do Sul engavetou planos para lidar com mudan\u00e7as clim\u00e1ticas<\/p>\n<p>2\u00ba lugar |\u00a0Lu\u00eds Eduardo Tebaldi Gomes<br \/>\nSul21<br \/>\nEm 8 anos de congelamento salarial, incentivos fiscais aumentaram 71,6% no RS<\/p>\n<figure id=\"attachment_85182\" aria-describedby=\"caption-attachment-85182\" style=\"width: 379px\" class=\"wp-caption alignleft\"><img decoding=\"async\" data-attachment-id=\"85182\" data-permalink=\"https:\/\/www.jornalja.com.br\/ambiente\/materia-sobre-apa-do-banhado-grande-ganha-premio-sintergs-de-jornalismo\/screenshot_20231215-101223_whatsapp\/\" data-orig-file=\"https:\/\/www.jornalja.com.br\/ambiente\/wp-content\/uploads\/sites\/3\/2023\/12\/screenshot-20231215-101223-whatsapp-e1702663628402.jpg\" data-orig-size=\"1042,1617\" data-comments-opened=\"0\" data-image-meta=\"{&quot;aperture&quot;:&quot;0&quot;,&quot;credit&quot;:&quot;&quot;,&quot;camera&quot;:&quot;&quot;,&quot;caption&quot;:&quot;&quot;,&quot;created_timestamp&quot;:&quot;0&quot;,&quot;copyright&quot;:&quot;&quot;,&quot;focal_length&quot;:&quot;0&quot;,&quot;iso&quot;:&quot;0&quot;,&quot;shutter_speed&quot;:&quot;0&quot;,&quot;title&quot;:&quot;&quot;,&quot;orientation&quot;:&quot;1&quot;}\" data-image-title=\"Screenshot_20231215-101223_WhatsApp\" data-image-description=\"\" data-image-caption=\"&lt;p&gt;Entrega do Pr\u00eamio Sintergs de Jornalismo&amp;gt;Foto Giovanni Tentardini&lt;\/p&gt;\n\" data-large-file=\"https:\/\/www.jornalja.com.br\/ambiente\/wp-content\/uploads\/sites\/3\/2023\/12\/screenshot-20231215-101223-whatsapp-e1702663628402-660x1024.jpg\" class=\"wp-image-85182\" src=\"https:\/\/www.jornalja.com.br\/ambiente\/wp-content\/uploads\/sites\/3\/2023\/12\/screenshot-20231215-101223-whatsapp-647x1024.jpg\" alt=\"\" width=\"379\" height=\"600\" \/><figcaption id=\"caption-attachment-85182\" class=\"wp-caption-text\">Cleber com as jornalistas Bruna Suptitz e Silvia Marcuzzo, que ficou em 1\u00ba lugar. Foto Giovanni Tentardini<\/figcaption><\/figure>\n<p>3\u00ba lugar |\u00a0Cleber Dioni Tentardini<br \/>\nJornal J\u00c1<br \/>\nTravessia de Viam\u00e3o (3): \u201cTemos que conciliar uso com preserva\u00e7\u00e3o\u201d, diz gestora da APA do Banhado Grande<\/p>\n<p>&nbsp;<\/p>\n<p>&nbsp;<\/p>\n<p>&nbsp;<\/p>\n<p><strong>Categoria Impresso<\/strong><\/p>\n<p>1\u00ba lugar |\u00a0Paulo Eg\u00eddio<br \/>\nZero Hora<br \/>\nVidas sob o ac\u00famulo dos consignados<\/p>\n<p>2\u00ba lugar |\u00a0Mauren Xavier, Karina Reif e Simone Schmidt<br \/>\nCorreio do Povo \u2013 caderno + Domingo<br \/>\nImpacto no servi\u00e7o p\u00fablico<\/p>\n<p>3\u00ba lugar |\u00a0Carlos Rollsing Braga<br \/>\nZero Hora<br \/>\nO que defendem os cr\u00edticos da reforma do IPE Sa\u00fade<\/p>\n<p><strong>Categoria Fotografia<\/strong><\/p>\n<p>1\u00ba lugar |\u00a0Jorge Le\u00e3o<br \/>\nBrasil de Fato RS<br \/>\nOlhar do abandono<\/p>\n<p>2\u00ba lugar |\u00a0Alencar Fabr\u00edcio da Rosa<br \/>\nGazeta do Sul, de Santa Cruz do Sul<br \/>\nVoo \u00e0 liberdade<\/p>\n<p>3\u00ba lugar |\u00a0Jonathan Heckler<br \/>\nGZH<br \/>\nCorpo de Bombeiros controla inc\u00eandio no litoral<\/p>\n<p><strong>Categoria Eletr\u00f4nico<\/strong><\/p>\n<p>1\u00ba lugar |\u00a0Cid Martins e Kathlyn Moreira<br \/>\nR\u00e1dio Ga\u00facha<br \/>\nCrimes Ambientais \u2013 O Pre\u00e7o da Multa N\u00e3o Paga<\/p>\n<p>2\u00ba lugar |\u00a0Eduardo Matos<br \/>\nR\u00e1dio Ga\u00facha<br \/>\nSa\u00fade em risco: desarticulado esquema de venda de pr\u00f3teses ortop\u00e9dicas vencidas<\/p>\n<p>3\u00ba lugar |\u00a0Cristine Ribeiro Gallisa<br \/>\nRBS TV<br \/>\nAssembleia do RS aprova aumento salarial para governador e deputados<\/p>\n<p><strong>Categoria Estudante<\/strong><\/p>\n<p>1\u00ba lugar |\u00a0Fl\u00e1via Sim\u00f5es<br \/>\nRevista Sextante, da UFRGS<br \/>\nProfiss\u00e3o: encontrar respostas<\/p>\n<p>2\u00ba lugar |\u00a0Leticia Menezes Pasuch<br \/>\nCorreio do Povo \u2013 Caderno de S\u00e1bado<br \/>\nPerfil: M\u00f4nica tem a aten\u00e7\u00e3o para a s\u00e9tima arte no Estado<\/p>\n","protected":false},"excerpt":{"rendered":"<p>Mat\u00e9ria sobre a \u00c1rea de Preserva\u00e7\u00e3o Ambiental do Banhado Grande ganhou o 3\u00ba lugar no 2\u00ba Pr\u00eamio Sintergs de Jornalismo. A entrega das premia\u00e7\u00f5es ocorreu na quinta-feira, 14 de dezembro. Travessia de Viam\u00e3o (3) &#8211; Temos que conciliar uso com preserva\u00e7\u00e3o, diz gestora de UC integra uma s\u00e9rie com cinco reportagens, do jornalista Cleber Dioni [&hellip;]<\/p>\n","protected":false},"author":4,"featured_media":83983,"comment_status":"closed","ping_status":"open","sticky":false,"template":"","format":"standard","meta":{"jetpack_post_was_ever_published":false,"_jetpack_newsletter_access":"","_jetpack_dont_email_post_to_subs":false,"_jetpack_newsletter_tier_id":0,"_jetpack_memberships_contains_paywalled_content":false,"_jetpack_memberships_contains_paid_content":false,"footnotes":"","jetpack_publicize_message":"","jetpack_publicize_feature_enabled":true,"jetpack_social_post_already_shared":true,"jetpack_social_options":{"image_generator_settings":{"template":"highway","default_image_id":0,"font":"","enabled":false},"version":2}},"categories":[4],"tags":[59,39,158,110,83,84,85,69,86,138,87,57,77,38,8],"class_list":["post-85181","post","type-post","status-publish","format-standard","has-post-thumbnail","hentry","category-ambiente-geral","tag-agua","tag-ambientalistas","tag-crimes","tag-crimes-ambientais","tag-extincao","tag-fauna","tag-flora","tag-floresta","tag-florestas","tag-governo","tag-mudancas-climaticas","tag-porto-alegre","tag-preservacao-ambiental","tag-rio-grande-do-sul","tag-saude"],"aioseo_notices":[],"jetpack_publicize_connections":[],"jetpack_featured_media_url":"https:\/\/www.jornalja.com.br\/ambiente\/wp-content\/uploads\/sites\/3\/2022\/10\/apabg-meandro-do-rio-gravatai-proximo-a-captacao-da-corsan-em-gravatai-zona-de-uso-restrito-do-banhado-grande-acervo-apabg-scaled.jpg","jetpack-related-posts":[{"id":83671,"url":"https:\/\/www.jornalja.com.br\/ambiente\/reportagem-do-ja-sobre-energia-eolica-ganha-premio-sema-fepam-de-jornalismo-ambiental\/","url_meta":{"origin":85181,"position":0},"title":"Reportagem sobre energia e\u00f3lica ganha\u00a0Pr\u00eamio Sema-Fepam de Jornalismo Ambiental\u00a0","author":"da Reda\u00e7\u00e3o","date":"16 de dezembro de 2021","format":false,"excerpt":"\"Vento a favor no Pampa\", reportagem do jornal J\u00c1 ganhou o Pr\u00eamio Sema-Fepam de Jornalismo Ambiental de 2021. Os vencedores foram anunciados nesta quinta-feira \u00e0 tarde no Pal\u00e1cio Piratini, com a presen\u00e7a do governador Eduardo Leite, . A reportagem premiada,\u00a0 de Cleber Dioni Tentardini,\u00a0 parte da instala\u00e7\u00e3o de uma mega-usina\u2026","rel":"","context":"Em &quot;Ambiente J\u00c1-MAT\u00c9RIA&quot;","block_context":{"text":"Ambiente J\u00c1-MAT\u00c9RIA","link":"https:\/\/www.jornalja.com.br\/ambiente\/category\/ambiente-geral\/"},"img":{"alt_text":"","src":"https:\/\/i0.wp.com\/www.jornalja.com.br\/ambiente\/wp-content\/uploads\/sites\/3\/2020\/06\/Foto-Nelio-Chatarina-Pinto_Divulga%C3%A7%C3%A3o-DSC02309-scaled.jpg?resize=350%2C200&ssl=1","width":350,"height":200,"srcset":"https:\/\/i0.wp.com\/www.jornalja.com.br\/ambiente\/wp-content\/uploads\/sites\/3\/2020\/06\/Foto-Nelio-Chatarina-Pinto_Divulga%C3%A7%C3%A3o-DSC02309-scaled.jpg?resize=350%2C200&ssl=1 1x, https:\/\/i0.wp.com\/www.jornalja.com.br\/ambiente\/wp-content\/uploads\/sites\/3\/2020\/06\/Foto-Nelio-Chatarina-Pinto_Divulga%C3%A7%C3%A3o-DSC02309-scaled.jpg?resize=525%2C300&ssl=1 1.5x, https:\/\/i0.wp.com\/www.jornalja.com.br\/ambiente\/wp-content\/uploads\/sites\/3\/2020\/06\/Foto-Nelio-Chatarina-Pinto_Divulga%C3%A7%C3%A3o-DSC02309-scaled.jpg?resize=700%2C400&ssl=1 2x"},"classes":[]},{"id":83633,"url":"https:\/\/www.jornalja.com.br\/ambiente\/ja-e-finalista-no-premio-sema-fepam-de-jornalismo-ambiental\/","url_meta":{"origin":85181,"position":1},"title":"J\u00c1 \u00e9 finalista no Pr\u00eamio Sema-Fepam de Jornalismo Ambiental\u00a0","author":"da Reda\u00e7\u00e3o","date":"30 de novembro de 2021","format":false,"excerpt":"O jornal J\u00c1 \u00e9 finalista do\u00a0Pr\u00eamio Sema-Fepam de Jornalismo Ambiental. A\u00a0reportagem\u00a0Vento\u00a0a favor no\u00a0Pampa, assinada\u00a0por Cleber Dioni Tentardini, concorre na categoria Webjornalismo. A mat\u00e9ria traz informa\u00e7\u00f5es exclusivas sobre a instala\u00e7\u00e3o de uma mega-usina e\u00f3lica que ser\u00e1 constru\u00edda no pr\u00f3ximo ano em Santana do Livramento, projeto aprovado pela CGT Eletrosul\/Eletrobras. Tra\u00e7a um\u2026","rel":"","context":"Em &quot;Ambiente J\u00c1-MAT\u00c9RIA&quot;","block_context":{"text":"Ambiente J\u00c1-MAT\u00c9RIA","link":"https:\/\/www.jornalja.com.br\/ambiente\/category\/ambiente-geral\/"},"img":{"alt_text":"","src":"https:\/\/i0.wp.com\/www.jornalja.com.br\/ambiente\/wp-content\/uploads\/sites\/3\/2021\/11\/parque-eolico-em-livramento-foto-nelio-chatarina-pinto-1.jpg?resize=350%2C200&ssl=1","width":350,"height":200,"srcset":"https:\/\/i0.wp.com\/www.jornalja.com.br\/ambiente\/wp-content\/uploads\/sites\/3\/2021\/11\/parque-eolico-em-livramento-foto-nelio-chatarina-pinto-1.jpg?resize=350%2C200&ssl=1 1x, https:\/\/i0.wp.com\/www.jornalja.com.br\/ambiente\/wp-content\/uploads\/sites\/3\/2021\/11\/parque-eolico-em-livramento-foto-nelio-chatarina-pinto-1.jpg?resize=525%2C300&ssl=1 1.5x, https:\/\/i0.wp.com\/www.jornalja.com.br\/ambiente\/wp-content\/uploads\/sites\/3\/2021\/11\/parque-eolico-em-livramento-foto-nelio-chatarina-pinto-1.jpg?resize=700%2C400&ssl=1 2x, https:\/\/i0.wp.com\/www.jornalja.com.br\/ambiente\/wp-content\/uploads\/sites\/3\/2021\/11\/parque-eolico-em-livramento-foto-nelio-chatarina-pinto-1.jpg?resize=1050%2C600&ssl=1 3x, https:\/\/i0.wp.com\/www.jornalja.com.br\/ambiente\/wp-content\/uploads\/sites\/3\/2021\/11\/parque-eolico-em-livramento-foto-nelio-chatarina-pinto-1.jpg?resize=1400%2C800&ssl=1 4x"},"classes":[]},{"id":85078,"url":"https:\/\/www.jornalja.com.br\/ambiente\/jornal-ja-esta-entre-os-vencedores-do-25o-premio-mprs-de-jornalismo\/","url_meta":{"origin":85181,"position":2},"title":"\u200bJornal J\u00c1 est\u00e1 entre os vencedores do 25\u00ba Pr\u00eamio MPRS de Jornalismo","author":"da Reda\u00e7\u00e3o","date":"6 de novembro de 2023","format":false,"excerpt":"Reportagem, assinada por Cleber Dioni Tentardini, ganhou o segundo lugar na categoria Prote\u00e7\u00e3o ao Patrim\u00f4nio. Trata da atua\u00e7\u00e3o do Minist\u00e9rio P\u00fablico Estadual junto \u00e0 Justi\u00e7a para que obrigue o Estado a preservar o patrim\u00f4nio ambiental e cultural do Jardim Bot\u00e2nico de Porto Alegre e do Museu de Ci\u00eancias Naturais. A\u2026","rel":"","context":"Em &quot;Ambiente J\u00c1-MAT\u00c9RIA&quot;","block_context":{"text":"Ambiente J\u00c1-MAT\u00c9RIA","link":"https:\/\/www.jornalja.com.br\/ambiente\/category\/ambiente-geral\/"},"img":{"alt_text":"","src":"https:\/\/i0.wp.com\/www.jornalja.com.br\/ambiente\/wp-content\/uploads\/sites\/3\/2023\/11\/25premiojornalismomprs-1.jpg?resize=350%2C200&ssl=1","width":350,"height":200,"srcset":"https:\/\/i0.wp.com\/www.jornalja.com.br\/ambiente\/wp-content\/uploads\/sites\/3\/2023\/11\/25premiojornalismomprs-1.jpg?resize=350%2C200&ssl=1 1x, https:\/\/i0.wp.com\/www.jornalja.com.br\/ambiente\/wp-content\/uploads\/sites\/3\/2023\/11\/25premiojornalismomprs-1.jpg?resize=525%2C300&ssl=1 1.5x, https:\/\/i0.wp.com\/www.jornalja.com.br\/ambiente\/wp-content\/uploads\/sites\/3\/2023\/11\/25premiojornalismomprs-1.jpg?resize=700%2C400&ssl=1 2x"},"classes":[]},{"id":80351,"url":"https:\/\/www.jornalja.com.br\/ambiente\/poucos-municipios-gauchos-trazem-dados-precisos-sobre-suas-areas-de-preservacao\/","url_meta":{"origin":85181,"position":3},"title":"Poucos munic\u00edpios ga\u00fachos trazem dados precisos sobre suas \u00c1reas de Preserva\u00e7\u00e3o","author":"Cleber Dioni Tentardini","date":"7 de janeiro de 2020","format":false,"excerpt":"Por Bruna Lago Colaboraram: Lorenzo Panassolo, Caroline Tentardini, Lucas Lanzoni, Lianna Kelly Kunst, Stephany Foscarini, Thiago Greco, Andr\u00e9 Martins e Pedro Hameister Beta Reda\u00e7\u00e3o * O meio ambiente \u00e9, historicamente, pauta de discuss\u00f5es. O ano de 2019 deixou latente problemas recorrentes, como as queimadas na floresta Amaz\u00f4nica e o derrame\u2026","rel":"","context":"Em &quot;Ambiente J\u00c1-MAT\u00c9RIA&quot;","block_context":{"text":"Ambiente J\u00c1-MAT\u00c9RIA","link":"https:\/\/www.jornalja.com.br\/ambiente\/category\/ambiente-geral\/"},"img":{"alt_text":"","src":"https:\/\/i0.wp.com\/www.jornalja.com.br\/ambiente\/wp-content\/uploads\/sites\/3\/2020\/01\/Fazenda-Guajuviras-em-Canoas_Foto-Divulga%C3%A7%C3%A3o.jpeg?resize=350%2C200&ssl=1","width":350,"height":200,"srcset":"https:\/\/i0.wp.com\/www.jornalja.com.br\/ambiente\/wp-content\/uploads\/sites\/3\/2020\/01\/Fazenda-Guajuviras-em-Canoas_Foto-Divulga%C3%A7%C3%A3o.jpeg?resize=350%2C200&ssl=1 1x, https:\/\/i0.wp.com\/www.jornalja.com.br\/ambiente\/wp-content\/uploads\/sites\/3\/2020\/01\/Fazenda-Guajuviras-em-Canoas_Foto-Divulga%C3%A7%C3%A3o.jpeg?resize=525%2C300&ssl=1 1.5x, https:\/\/i0.wp.com\/www.jornalja.com.br\/ambiente\/wp-content\/uploads\/sites\/3\/2020\/01\/Fazenda-Guajuviras-em-Canoas_Foto-Divulga%C3%A7%C3%A3o.jpeg?resize=700%2C400&ssl=1 2x, https:\/\/i0.wp.com\/www.jornalja.com.br\/ambiente\/wp-content\/uploads\/sites\/3\/2020\/01\/Fazenda-Guajuviras-em-Canoas_Foto-Divulga%C3%A7%C3%A3o.jpeg?resize=1050%2C600&ssl=1 3x"},"classes":[]},{"id":82545,"url":"https:\/\/www.jornalja.com.br\/ambiente\/nao-pode-ser-acidente-diz-delegado-sobre-fogo-no-pantanal\/","url_meta":{"origin":85181,"position":4},"title":"&#8220;N\u00e3o pode ser acidente&#8221;, diz delegado sobre fogo no Pantanal","author":"da Reda\u00e7\u00e3o","date":"15 de setembro de 2020","format":false,"excerpt":"Ontem (14\/9), a Pol\u00edcia Federal come\u00e7ou a cumprir dez mandados de busca e apreens\u00e3o no Mato Grosso do Sul, em Corumb\u00e1 e Campo Grande, em endere\u00e7os de cinco fazendeiros que teriam se organizado para atear fogo intencionalmente na vegeta\u00e7\u00e3o de suas\u00a0fazendas em \u00e1reas remotas do Pantanal. At\u00e9 a noite, havia\u2026","rel":"","context":"Em &quot;Ambiente J\u00c1-MAT\u00c9RIA&quot;","block_context":{"text":"Ambiente J\u00c1-MAT\u00c9RIA","link":"https:\/\/www.jornalja.com.br\/ambiente\/category\/ambiente-geral\/"},"img":{"alt_text":"","src":"https:\/\/i0.wp.com\/www.jornalja.com.br\/ambiente\/wp-content\/uploads\/sites\/3\/2020\/09\/pantanal-mayketoscano-secommt-09-09-2020.jpg?resize=350%2C200&ssl=1","width":350,"height":200,"srcset":"https:\/\/i0.wp.com\/www.jornalja.com.br\/ambiente\/wp-content\/uploads\/sites\/3\/2020\/09\/pantanal-mayketoscano-secommt-09-09-2020.jpg?resize=350%2C200&ssl=1 1x, https:\/\/i0.wp.com\/www.jornalja.com.br\/ambiente\/wp-content\/uploads\/sites\/3\/2020\/09\/pantanal-mayketoscano-secommt-09-09-2020.jpg?resize=525%2C300&ssl=1 1.5x, https:\/\/i0.wp.com\/www.jornalja.com.br\/ambiente\/wp-content\/uploads\/sites\/3\/2020\/09\/pantanal-mayketoscano-secommt-09-09-2020.jpg?resize=700%2C400&ssl=1 2x, https:\/\/i0.wp.com\/www.jornalja.com.br\/ambiente\/wp-content\/uploads\/sites\/3\/2020\/09\/pantanal-mayketoscano-secommt-09-09-2020.jpg?resize=1050%2C600&ssl=1 3x"},"classes":[]},{"id":82305,"url":"https:\/\/www.jornalja.com.br\/ambiente\/mp-destina-r-1-milhao-para-melhorias-no-jardim-botanico-e-na-apa-do-banhado-grande\/","url_meta":{"origin":85181,"position":5},"title":"MP destina R$ 1 milh\u00e3o para melhorias no Jardim Bot\u00e2nico e na APA do Banhado Grande","author":"Cleber Dioni Tentardini","date":"17 de julho de 2020","format":false,"excerpt":"O Minist\u00e9rio P\u00fablico do Rio Grande do Sul aprovou o repasse de mais de R$ 1 milh\u00e3o \u00e0 Secretaria do Meio Ambiente e Infraestrutura (SEMA), recursos que ser\u00e3o destinados ao Jardim Bot\u00e2nico de Porto Alegre e a \u00c1rea de Prote\u00e7\u00e3o Ambiental (APA) do Banhado Grande. O dinheiro \u00e9 do Fundo\u2026","rel":"","context":"Em &quot;Ambiente J\u00c1-MAT\u00c9RIA&quot;","block_context":{"text":"Ambiente J\u00c1-MAT\u00c9RIA","link":"https:\/\/www.jornalja.com.br\/ambiente\/category\/ambiente-geral\/"},"img":{"alt_text":"","src":"https:\/\/i0.wp.com\/www.jornalja.com.br\/ambiente\/wp-content\/uploads\/sites\/3\/2020\/07\/15jun-00-137-apa-do-banhado-grande-foto-ricardo-aranha-scaled.jpg?resize=350%2C200&ssl=1","width":350,"height":200,"srcset":"https:\/\/i0.wp.com\/www.jornalja.com.br\/ambiente\/wp-content\/uploads\/sites\/3\/2020\/07\/15jun-00-137-apa-do-banhado-grande-foto-ricardo-aranha-scaled.jpg?resize=350%2C200&ssl=1 1x, https:\/\/i0.wp.com\/www.jornalja.com.br\/ambiente\/wp-content\/uploads\/sites\/3\/2020\/07\/15jun-00-137-apa-do-banhado-grande-foto-ricardo-aranha-scaled.jpg?resize=525%2C300&ssl=1 1.5x, https:\/\/i0.wp.com\/www.jornalja.com.br\/ambiente\/wp-content\/uploads\/sites\/3\/2020\/07\/15jun-00-137-apa-do-banhado-grande-foto-ricardo-aranha-scaled.jpg?resize=700%2C400&ssl=1 2x"},"classes":[]}],"jetpack_shortlink":"https:\/\/wp.me\/pbKnZo-m9T","jetpack_sharing_enabled":true,"_links":{"self":[{"href":"https:\/\/www.jornalja.com.br\/ambiente\/wp-json\/wp\/v2\/posts\/85181","targetHints":{"allow":["GET"]}}],"collection":[{"href":"https:\/\/www.jornalja.com.br\/ambiente\/wp-json\/wp\/v2\/posts"}],"about":[{"href":"https:\/\/www.jornalja.com.br\/ambiente\/wp-json\/wp\/v2\/types\/post"}],"author":[{"embeddable":true,"href":"https:\/\/www.jornalja.com.br\/ambiente\/wp-json\/wp\/v2\/users\/4"}],"replies":[{"embeddable":true,"href":"https:\/\/www.jornalja.com.br\/ambiente\/wp-json\/wp\/v2\/comments?post=85181"}],"version-history":[{"count":5,"href":"https:\/\/www.jornalja.com.br\/ambiente\/wp-json\/wp\/v2\/posts\/85181\/revisions"}],"predecessor-version":[{"id":85194,"href":"https:\/\/www.jornalja.com.br\/ambiente\/wp-json\/wp\/v2\/posts\/85181\/revisions\/85194"}],"wp:featuredmedia":[{"embeddable":true,"href":"https:\/\/www.jornalja.com.br\/ambiente\/wp-json\/wp\/v2\/media\/83983"}],"wp:attachment":[{"href":"https:\/\/www.jornalja.com.br\/ambiente\/wp-json\/wp\/v2\/media?parent=85181"}],"wp:term":[{"taxonomy":"category","embeddable":true,"href":"https:\/\/www.jornalja.com.br\/ambiente\/wp-json\/wp\/v2\/categories?post=85181"},{"taxonomy":"post_tag","embeddable":true,"href":"https:\/\/www.jornalja.com.br\/ambiente\/wp-json\/wp\/v2\/tags?post=85181"}],"curies":[{"name":"wp","href":"https:\/\/api.w.org\/{rel}","templated":true}]}}