{"id":85198,"date":"2023-12-26T09:58:44","date_gmt":"2023-12-26T12:58:44","guid":{"rendered":"https:\/\/www.jornalja.com.br\/ambiente\/?p=85198"},"modified":"2023-12-26T09:58:44","modified_gmt":"2023-12-26T12:58:44","slug":"erguidos-os-primeiros-aerogeradores-da-usina-coxilha-negra-em-livramento","status":"publish","type":"post","link":"https:\/\/www.jornalja.com.br\/ambiente\/erguidos-os-primeiros-aerogeradores-da-usina-coxilha-negra-em-livramento\/","title":{"rendered":"Erguidos os primeiros aerogeradores da Usina Coxilha Negra, em Livramento"},"content":{"rendered":"<p>Mais uma importante etapa das obras de implanta\u00e7\u00e3o do Parque E\u00f3lico Coxilha Negra foi registrada pela Eletrobras CGT Eletrosul, no munic\u00edpio de Sant\u2019Ana do Livramento (RS).<\/p>\n<p>Foi conclu\u00edda a montagem mec\u00e2nica dos quatro primeiros aerogeradores do empreendimento, que contar\u00e1 com 72 unidades. O procedimento envolveu a instala\u00e7\u00e3o de nacele, gerador e cubo com as p\u00e1s nas quatro torres iniciais. Esta etapa consiste no i\u00e7amento da nacele com seus acess\u00f3rios, seguido pelo gerador e, por fim, o cubo em configura\u00e7\u00e3o estrela com as tr\u00eas p\u00e1s.<\/p>\n<figure id=\"attachment_85206\" aria-describedby=\"caption-attachment-85206\" style=\"width: 840px\" class=\"wp-caption alignleft\"><img decoding=\"async\" data-attachment-id=\"85206\" data-permalink=\"https:\/\/www.jornalja.com.br\/ambiente\/erguidos-os-primeiros-aerogeradores-da-usina-coxilha-negra-em-livramento\/dcim100mediadji_0051-jpg\/\" data-orig-file=\"https:\/\/www.jornalja.com.br\/ambiente\/wp-content\/uploads\/sites\/3\/2023\/12\/primeiros-aeogeradores-parque-eolico-coxilha-negra2-divulgacao-eletrobras-cgt-eletrosul.jpg\" data-orig-size=\"2000,1125\" data-comments-opened=\"0\" data-image-meta=\"{&quot;aperture&quot;:&quot;2.2&quot;,&quot;credit&quot;:&quot;&quot;,&quot;camera&quot;:&quot;FC220&quot;,&quot;caption&quot;:&quot;DCIM100MEDIADJI_0051.JPG&quot;,&quot;created_timestamp&quot;:&quot;1703173628&quot;,&quot;copyright&quot;:&quot;&quot;,&quot;focal_length&quot;:&quot;4.7&quot;,&quot;iso&quot;:&quot;100&quot;,&quot;shutter_speed&quot;:&quot;0.000794&quot;,&quot;title&quot;:&quot;DCIM100MEDIADJI_0051.JPG&quot;,&quot;orientation&quot;:&quot;1&quot;}\" data-image-title=\"DCIM100MEDIADJI_0051.JPG\" data-image-description=\"\" data-image-caption=\"&lt;p&gt;DCIM100MEDIADJI_0051.JPG&lt;\/p&gt;\n\" data-large-file=\"https:\/\/www.jornalja.com.br\/ambiente\/wp-content\/uploads\/sites\/3\/2023\/12\/primeiros-aeogeradores-parque-eolico-coxilha-negra2-divulgacao-eletrobras-cgt-eletrosul-1024x576.jpg\" class=\"wp-image-85206 size-large\" src=\"https:\/\/www.jornalja.com.br\/ambiente\/wp-content\/uploads\/sites\/3\/2023\/12\/primeiros-aeogeradores-parque-eolico-coxilha-negra2-divulgacao-eletrobras-cgt-eletrosul-1024x576.jpg\" alt=\"\" width=\"840\" height=\"473\" srcset=\"https:\/\/www.jornalja.com.br\/ambiente\/wp-content\/uploads\/sites\/3\/2023\/12\/primeiros-aeogeradores-parque-eolico-coxilha-negra2-divulgacao-eletrobras-cgt-eletrosul-1024x576.jpg 1024w, https:\/\/www.jornalja.com.br\/ambiente\/wp-content\/uploads\/sites\/3\/2023\/12\/primeiros-aeogeradores-parque-eolico-coxilha-negra2-divulgacao-eletrobras-cgt-eletrosul-300x169.jpg 300w, https:\/\/www.jornalja.com.br\/ambiente\/wp-content\/uploads\/sites\/3\/2023\/12\/primeiros-aeogeradores-parque-eolico-coxilha-negra2-divulgacao-eletrobras-cgt-eletrosul-768x432.jpg 768w, https:\/\/www.jornalja.com.br\/ambiente\/wp-content\/uploads\/sites\/3\/2023\/12\/primeiros-aeogeradores-parque-eolico-coxilha-negra2-divulgacao-eletrobras-cgt-eletrosul-1536x864.jpg 1536w, https:\/\/www.jornalja.com.br\/ambiente\/wp-content\/uploads\/sites\/3\/2023\/12\/primeiros-aeogeradores-parque-eolico-coxilha-negra2-divulgacao-eletrobras-cgt-eletrosul-1200x675.jpg 1200w, https:\/\/www.jornalja.com.br\/ambiente\/wp-content\/uploads\/sites\/3\/2023\/12\/primeiros-aeogeradores-parque-eolico-coxilha-negra2-divulgacao-eletrobras-cgt-eletrosul.jpg 2000w\" sizes=\"(max-width: 840px) 100vw, 840px\" \/><figcaption id=\"caption-attachment-85206\" class=\"wp-caption-text\">Cada aerogerador pesa 1.320 toneladas, mede 125 metros de altura e cada p\u00e1 tem 72 metros de comprimento<\/figcaption><\/figure>\n<p>O peso total de cada aerogerador \u00e9 de 1.320 toneladas; as torres possuem 125 metros de altura e cada p\u00e1 tem 72 metros de comprimento.<\/p>\n<p>As obras relacionadas ao sistema de transmiss\u00e3o tamb\u00e9m evoluem. Na \u00faltima semana de novembro, foram conclu\u00eddas as linhas de transmiss\u00e3o que ir\u00e3o operar em 230 kV. As duas subesta\u00e7\u00f5es coletoras (34,5kV \/ 230kV) tamb\u00e9m seguem em est\u00e1gio avan\u00e7ado: Coxilha Negra 2 (280 MVA \u2013 dois transformadores, e um terceiro reserva) e Coxilha Negra 3 (140 MVA), al\u00e9m da amplia\u00e7\u00e3o da Subesta\u00e7\u00e3o Livramento 3 (Sant\u2019Ana Transmissora).<\/p>\n<p>Entre o final de outubro e in\u00edcio de novembro, foi registrada a chegada dos primeiros componentes dos aerogeradores, em Sant\u2019Ana do Livramento. Essa remessa inicial de equipamentos \u00e9 composta por hubs, geradores e naceles \u2013 todos transportados de Jaragu\u00e1 do Sul (SC), pela fabricante WEG.<\/p>\n<p>Al\u00e9m das estruturas provenientes de Santa Catarina, no dia 14 de novembro, o conjunto com as primeiras 20 p\u00e1s fabricadas no Cear\u00e1, pela empresa subcontratada Aeris, atracou no Porto de Rio Grande (RS), seguindo viagem rumo \u00e0 Sant\u2019Ana do Livramento.<\/p>\n<p>Leia tamb\u00e9m:<\/p>\n<blockquote class=\"wp-embedded-content\" data-secret=\"a3ApltUNH5\"><p><a href=\"https:\/\/www.jornalja.com.br\/ambiente\/vento-a-favor-no-pampa\/\">Vento a favor no Pampa<\/a><\/p><\/blockquote>\n<p><iframe class=\"wp-embedded-content\" sandbox=\"allow-scripts\" security=\"restricted\" style=\"position: absolute; visibility: hidden;\" title=\"&#8220;Vento a favor no Pampa&#8221; &#8212; Ambiente J\u00c1\" src=\"https:\/\/www.jornalja.com.br\/ambiente\/vento-a-favor-no-pampa\/embed\/#?secret=85EKs3s95n#?secret=a3ApltUNH5\" data-secret=\"a3ApltUNH5\" width=\"500\" height=\"282\" frameborder=\"0\" marginwidth=\"0\" marginheight=\"0\" scrolling=\"no\"><\/iframe><\/p>\n<p>Para a viabiliza\u00e7\u00e3o do Parque E\u00f3lico Coxilha Negra, foram constru\u00eddos aproximadamente 100 km de novos acessos, al\u00e9m da revitaliza\u00e7\u00e3o de outros 56 km de estradas rurais municipais.<\/p>\n<p>Durante os diversos est\u00e1gios das obras, estima-se a cria\u00e7\u00e3o de 1.300 empregos. Neste momento, as diferentes frentes de trabalho contam com a mobiliza\u00e7\u00e3o em campo de aproximadamente 1.035 profissionais contratados pelas empresas prestadoras de servi\u00e7os. Cerca de 530 trabalhadores s\u00e3o do Rio Grande do Sul e os demais s\u00e3o provenientes de outros estados.<\/p>\n<p>Alinhado com a Pol\u00edtica de Responsabilidade Social da Eletrobras, o processo de contrata\u00e7\u00e3o de m\u00e3o de obra \u00e9 conduzido pelas empresas prestadoras de servi\u00e7os e prioriza a sele\u00e7\u00e3o de profissionais dos munic\u00edpios da regi\u00e3o, por meio de parcerias com centros locais de empregabilidade. Para atender demandas espec\u00edficas, por tempo determinado, e que exigem qualifica\u00e7\u00e3o especializada, as empresas prestadoras de servi\u00e7os contam com quadro t\u00e9cnico pr\u00f3prio flutuante ou realizam recrutamento externo para preenchimento pontual de vagas tempor\u00e1rias de acordo com a evolu\u00e7\u00e3o das obras.<\/p>\n<p>O Parque E\u00f3lico Coxilha Negra ter\u00e1 capacidade instalada de 302,4 MW, integrando tr\u00eas conjuntos de usinas que totalizar\u00e3o 72 aerogeradores: Coxilha Negra 2, Coxilha Negra 3 e Coxilha Negra 4. O in\u00edcio da opera\u00e7\u00e3o do empreendimento ocorrer\u00e1 em 2024.<\/p>\n","protected":false},"excerpt":{"rendered":"<p>Mais uma importante etapa das obras de implanta\u00e7\u00e3o do Parque E\u00f3lico Coxilha Negra foi registrada pela Eletrobras CGT Eletrosul, no munic\u00edpio de Sant\u2019Ana do Livramento (RS). Foi conclu\u00edda a montagem mec\u00e2nica dos quatro primeiros aerogeradores do empreendimento, que contar\u00e1 com 72 unidades. O procedimento envolveu a instala\u00e7\u00e3o de nacele, gerador e cubo com as p\u00e1s [&hellip;]<\/p>\n","protected":false},"author":2,"featured_media":85199,"comment_status":"closed","ping_status":"open","sticky":false,"template":"","format":"standard","meta":{"jetpack_post_was_ever_published":false,"_jetpack_newsletter_access":"","_jetpack_dont_email_post_to_subs":false,"_jetpack_newsletter_tier_id":0,"_jetpack_memberships_contains_paywalled_content":false,"_jetpack_memberships_contains_paid_content":false,"footnotes":"","jetpack_publicize_message":"","jetpack_publicize_feature_enabled":true,"jetpack_social_post_already_shared":true,"jetpack_social_options":{"image_generator_settings":{"template":"highway","default_image_id":0,"font":"","enabled":false},"version":2}},"categories":[4],"tags":[16,204,38,141,81,205],"class_list":["post-85198","post","type-post","status-publish","format-standard","has-post-thumbnail","hentry","category-ambiente-geral","tag-ambiente","tag-pampa","tag-rio-grande-do-sul","tag-rios","tag-santa-catarina","tag-sema"],"aioseo_notices":[],"jetpack_publicize_connections":[],"jetpack_featured_media_url":"https:\/\/www.jornalja.com.br\/ambiente\/wp-content\/uploads\/sites\/3\/2023\/12\/primeiros-aeogeradores-parque-eolico-coxilha-negra-divulgacao-eletrobras-cgt-eletrosul.jpg","jetpack-related-posts":[{"id":83753,"url":"https:\/\/www.jornalja.com.br\/ambiente\/usina-eolica-coxilha-negra-tera-geradores-da-catarinense-weg\/","url_meta":{"origin":85198,"position":0},"title":"Usina E\u00f3lica Coxilha Negra ter\u00e1 geradores da catarinense\u00a0WEG","author":"Cleber Dioni Tentardini","date":"22 de fevereiro de 2022","format":false,"excerpt":"A CGT Eletrosul fechou contrato com a fabricante de aerogeradores catarinense WEG para a constru\u00e7\u00e3o do Parque E\u00f3lico Coxilha Negra, em Santana do Livramento, na fronteira do Rio Grande do Sul. Ser\u00e3o fornecidas 72 m\u00e1quinas, com capacidade instalada de 4,2 megawatts (MW) cada. Conforme o jornal J\u00c1 antecipou, em outubro\u2026","rel":"","context":"Em &quot;Ambiente J\u00c1-MAT\u00c9RIA&quot;","block_context":{"text":"Ambiente J\u00c1-MAT\u00c9RIA","link":"https:\/\/www.jornalja.com.br\/ambiente\/category\/ambiente-geral\/"},"img":{"alt_text":"","src":"https:\/\/i0.wp.com\/www.jornalja.com.br\/ambiente\/wp-content\/uploads\/sites\/3\/2021\/11\/parque-eolico-em-livramento-foto-nelio-chatarina-pinto-1.jpg?resize=350%2C200&ssl=1","width":350,"height":200,"srcset":"https:\/\/i0.wp.com\/www.jornalja.com.br\/ambiente\/wp-content\/uploads\/sites\/3\/2021\/11\/parque-eolico-em-livramento-foto-nelio-chatarina-pinto-1.jpg?resize=350%2C200&ssl=1 1x, https:\/\/i0.wp.com\/www.jornalja.com.br\/ambiente\/wp-content\/uploads\/sites\/3\/2021\/11\/parque-eolico-em-livramento-foto-nelio-chatarina-pinto-1.jpg?resize=525%2C300&ssl=1 1.5x, https:\/\/i0.wp.com\/www.jornalja.com.br\/ambiente\/wp-content\/uploads\/sites\/3\/2021\/11\/parque-eolico-em-livramento-foto-nelio-chatarina-pinto-1.jpg?resize=700%2C400&ssl=1 2x, https:\/\/i0.wp.com\/www.jornalja.com.br\/ambiente\/wp-content\/uploads\/sites\/3\/2021\/11\/parque-eolico-em-livramento-foto-nelio-chatarina-pinto-1.jpg?resize=1050%2C600&ssl=1 3x, https:\/\/i0.wp.com\/www.jornalja.com.br\/ambiente\/wp-content\/uploads\/sites\/3\/2021\/11\/parque-eolico-em-livramento-foto-nelio-chatarina-pinto-1.jpg?resize=1400%2C800&ssl=1 4x"},"classes":[]},{"id":81870,"url":"https:\/\/www.jornalja.com.br\/ambiente\/parques-eolicos-da-cgt-eletrosul-entram-em-ranking-de-eficiencia\/","url_meta":{"origin":85198,"position":1},"title":"Parques e\u00f3licos da\u00a0CGT Eletrosul entram em ranking de efici\u00eancia","author":"Cleber Dioni Tentardini","date":"30 de mar\u00e7o de 2020","format":false,"excerpt":"A gera\u00e7\u00e3o e\u00f3lica da CGT Eletrosul se destacou no Ranking Operacional E\u00f3lico \u2013 Regi\u00e3o Sul referente ao ano de 2019. O relat\u00f3rio, divulgado no in\u00edcio deste m\u00eas, apresenta os parques e\u00f3licos Galp\u00f5es, Coxilha Seca e Cap\u00e3o do Ingl\u00eas na primeira, segunda e sexta posi\u00e7\u00f5es, respectivamente, entre as usinas com maior\u2026","rel":"","context":"Em &quot;Ambiente J\u00c1-MAT\u00c9RIA&quot;","block_context":{"text":"Ambiente J\u00c1-MAT\u00c9RIA","link":"https:\/\/www.jornalja.com.br\/ambiente\/category\/ambiente-geral\/"},"img":{"alt_text":"","src":"https:\/\/i0.wp.com\/www.jornalja.com.br\/ambiente\/wp-content\/uploads\/sites\/3\/2020\/03\/cercerrochato_fotocleberdionitentardini-59-scaled.jpg?resize=350%2C200&ssl=1","width":350,"height":200,"srcset":"https:\/\/i0.wp.com\/www.jornalja.com.br\/ambiente\/wp-content\/uploads\/sites\/3\/2020\/03\/cercerrochato_fotocleberdionitentardini-59-scaled.jpg?resize=350%2C200&ssl=1 1x, https:\/\/i0.wp.com\/www.jornalja.com.br\/ambiente\/wp-content\/uploads\/sites\/3\/2020\/03\/cercerrochato_fotocleberdionitentardini-59-scaled.jpg?resize=525%2C300&ssl=1 1.5x, https:\/\/i0.wp.com\/www.jornalja.com.br\/ambiente\/wp-content\/uploads\/sites\/3\/2020\/03\/cercerrochato_fotocleberdionitentardini-59-scaled.jpg?resize=700%2C400&ssl=1 2x"},"classes":[]},{"id":83488,"url":"https:\/\/www.jornalja.com.br\/ambiente\/vento-a-favor-no-pampa\/","url_meta":{"origin":85198,"position":2},"title":"Vento a favor no Pampa","author":"Cleber Dioni Tentardini","date":"30 de outubro de 2021","format":false,"excerpt":"Aprovado pela Eletrobras, Complexo E\u00f3lico Coxilha Negra, de 300MW,\u00a0 come\u00e7a a ser constru\u00eddo at\u00e9 junho de 2022, em Santana do Livramento Por Cleber Dioni Tentardini A licita\u00e7\u00e3o para compra dos aerogeradores j\u00e1 foi aberta. As obras est\u00e3o previstas para iniciar at\u00e9 junho de 2022. Trata-se do Complexo E\u00f3lico Coxilha Negra,\u2026","rel":"","context":"Em &quot;Ambiente J\u00c1-MAT\u00c9RIA&quot;","block_context":{"text":"Ambiente J\u00c1-MAT\u00c9RIA","link":"https:\/\/www.jornalja.com.br\/ambiente\/category\/ambiente-geral\/"},"img":{"alt_text":"","src":"https:\/\/i0.wp.com\/www.jornalja.com.br\/ambiente\/wp-content\/uploads\/sites\/3\/2021\/10\/capa-energia-limpa-integrada-ao-ambiente-da-campanha-foto-nelio-pinto-divulgacao.jpg?resize=350%2C200&ssl=1","width":350,"height":200,"srcset":"https:\/\/i0.wp.com\/www.jornalja.com.br\/ambiente\/wp-content\/uploads\/sites\/3\/2021\/10\/capa-energia-limpa-integrada-ao-ambiente-da-campanha-foto-nelio-pinto-divulgacao.jpg?resize=350%2C200&ssl=1 1x, https:\/\/i0.wp.com\/www.jornalja.com.br\/ambiente\/wp-content\/uploads\/sites\/3\/2021\/10\/capa-energia-limpa-integrada-ao-ambiente-da-campanha-foto-nelio-pinto-divulgacao.jpg?resize=525%2C300&ssl=1 1.5x, https:\/\/i0.wp.com\/www.jornalja.com.br\/ambiente\/wp-content\/uploads\/sites\/3\/2021\/10\/capa-energia-limpa-integrada-ao-ambiente-da-campanha-foto-nelio-pinto-divulgacao.jpg?resize=700%2C400&ssl=1 2x, https:\/\/i0.wp.com\/www.jornalja.com.br\/ambiente\/wp-content\/uploads\/sites\/3\/2021\/10\/capa-energia-limpa-integrada-ao-ambiente-da-campanha-foto-nelio-pinto-divulgacao.jpg?resize=1050%2C600&ssl=1 3x, https:\/\/i0.wp.com\/www.jornalja.com.br\/ambiente\/wp-content\/uploads\/sites\/3\/2021\/10\/capa-energia-limpa-integrada-ao-ambiente-da-campanha-foto-nelio-pinto-divulgacao.jpg?resize=1400%2C800&ssl=1 4x"},"classes":[]},{"id":83961,"url":"https:\/\/www.jornalja.com.br\/ambiente\/travessia-de-viamao-1-os-caminhos-para-uma-economia-sustentavel\/","url_meta":{"origin":85198,"position":3},"title":"Travessia de\u00a0Viam\u00e3o (1): Os caminhos para uma economia sustent\u00e1vel","author":"Cleber Dioni Tentardini","date":"11 de julho de 2023","format":false,"excerpt":"Cleber Dioni Tentardini * Quem cruza Viam\u00e3o pelas rodovias estaduais ou caminha pelas ruas buc\u00f3licas do seu centro hist\u00f3rico, n\u00e3o imagina a riqueza ambiental deste munic\u00edpio. Embora ao lado de Porto Alegre, distante vinte e poucos quil\u00f4metros do centro, a \u201cvelha capital\u201d, sede do governo na invas\u00e3o espanhola, \u00e9 pouco\u2026","rel":"","context":"Em &quot;Ambiente J\u00c1-MAT\u00c9RIA&quot;","block_context":{"text":"Ambiente J\u00c1-MAT\u00c9RIA","link":"https:\/\/www.jornalja.com.br\/ambiente\/category\/ambiente-geral\/"},"img":{"alt_text":"","src":"https:\/\/i0.wp.com\/www.jornalja.com.br\/ambiente\/wp-content\/uploads\/sites\/3\/2022\/10\/apabg-meandro-do-rio-gravatai-proximo-a-captacao-da-corsan-em-gravatai-zona-de-uso-restrito-do-banhado-grande-acervo-apabg-scaled.jpg?resize=350%2C200&ssl=1","width":350,"height":200,"srcset":"https:\/\/i0.wp.com\/www.jornalja.com.br\/ambiente\/wp-content\/uploads\/sites\/3\/2022\/10\/apabg-meandro-do-rio-gravatai-proximo-a-captacao-da-corsan-em-gravatai-zona-de-uso-restrito-do-banhado-grande-acervo-apabg-scaled.jpg?resize=350%2C200&ssl=1 1x, https:\/\/i0.wp.com\/www.jornalja.com.br\/ambiente\/wp-content\/uploads\/sites\/3\/2022\/10\/apabg-meandro-do-rio-gravatai-proximo-a-captacao-da-corsan-em-gravatai-zona-de-uso-restrito-do-banhado-grande-acervo-apabg-scaled.jpg?resize=525%2C300&ssl=1 1.5x, https:\/\/i0.wp.com\/www.jornalja.com.br\/ambiente\/wp-content\/uploads\/sites\/3\/2022\/10\/apabg-meandro-do-rio-gravatai-proximo-a-captacao-da-corsan-em-gravatai-zona-de-uso-restrito-do-banhado-grande-acervo-apabg-scaled.jpg?resize=700%2C400&ssl=1 2x, https:\/\/i0.wp.com\/www.jornalja.com.br\/ambiente\/wp-content\/uploads\/sites\/3\/2022\/10\/apabg-meandro-do-rio-gravatai-proximo-a-captacao-da-corsan-em-gravatai-zona-de-uso-restrito-do-banhado-grande-acervo-apabg-scaled.jpg?resize=1050%2C600&ssl=1 3x, https:\/\/i0.wp.com\/www.jornalja.com.br\/ambiente\/wp-content\/uploads\/sites\/3\/2022\/10\/apabg-meandro-do-rio-gravatai-proximo-a-captacao-da-corsan-em-gravatai-zona-de-uso-restrito-do-banhado-grande-acervo-apabg-scaled.jpg?resize=1400%2C800&ssl=1 4x"},"classes":[]},{"id":82147,"url":"https:\/\/www.jornalja.com.br\/ambiente\/uma-itaipu-movida-a-vento-brasil-completa-16gw-de-energia-eolica\/","url_meta":{"origin":85198,"position":4},"title":"Uma Itaipu movida a vento: Brasil completa 16 GW de energia e\u00f3lica","author":"da Reda\u00e7\u00e3o","date":"23 de junho de 2020","format":false,"excerpt":"Cleber Dioni Tentardini Os parques e\u00f3licos em funcionamento no Brasil garantiram a marca de 16 Gigawatts de capacidade instalada de energia e\u00f3lica, pot\u00eancia superior \u00e0 produ\u00e7\u00e3o da Usina Hidrel\u00e9trica de Itaipu, que \u00e9 de 14 GW. Desde o ano passado, a energia e\u00f3lica \u00e9 a segunda fonte da matriz el\u00e9trica\u2026","rel":"","context":"Em &quot;Ambiente J\u00c1-MAT\u00c9RIA&quot;","block_context":{"text":"Ambiente J\u00c1-MAT\u00c9RIA","link":"https:\/\/www.jornalja.com.br\/ambiente\/category\/ambiente-geral\/"},"img":{"alt_text":"","src":"https:\/\/i0.wp.com\/www.jornalja.com.br\/ambiente\/wp-content\/uploads\/sites\/3\/2020\/06\/Foto-Nelio-Chatarina-Pinto_Divulga%C3%A7%C3%A3o-DSC02908-scaled.jpg?resize=350%2C200&ssl=1","width":350,"height":200,"srcset":"https:\/\/i0.wp.com\/www.jornalja.com.br\/ambiente\/wp-content\/uploads\/sites\/3\/2020\/06\/Foto-Nelio-Chatarina-Pinto_Divulga%C3%A7%C3%A3o-DSC02908-scaled.jpg?resize=350%2C200&ssl=1 1x, https:\/\/i0.wp.com\/www.jornalja.com.br\/ambiente\/wp-content\/uploads\/sites\/3\/2020\/06\/Foto-Nelio-Chatarina-Pinto_Divulga%C3%A7%C3%A3o-DSC02908-scaled.jpg?resize=525%2C300&ssl=1 1.5x, https:\/\/i0.wp.com\/www.jornalja.com.br\/ambiente\/wp-content\/uploads\/sites\/3\/2020\/06\/Foto-Nelio-Chatarina-Pinto_Divulga%C3%A7%C3%A3o-DSC02908-scaled.jpg?resize=700%2C400&ssl=1 2x"},"classes":[]},{"id":76919,"url":"https:\/\/www.jornalja.com.br\/ambiente\/exercito-faz-oito-prisoes-na-operacao-verde-brasil-em-rondonia\/","url_meta":{"origin":85198,"position":5},"title":"Ex\u00e9rcito faz oito pris\u00f5es na Opera\u00e7\u00e3o Verde Brasil, em Rond\u00f4nia","author":"da Reda\u00e7\u00e3o","date":"2 de setembro de 2019","format":false,"excerpt":"O Ex\u00e9rcito divulgou o balan\u00e7o de uma semana da Opera\u00e7\u00e3o Verde Brasil, em Rond\u00f4nia. Oito pessoas foram detidas no \u00e2mbito dessa opera\u00e7\u00e3o de combate a inc\u00eandios e crimes ambientais na Amaz\u00f4nia. Entre os crimes que cometeram est\u00e3o extra\u00e7\u00e3o ilegal de madeira, queima ilegal do solo e porte ilegal de armas.\u2026","rel":"","context":"Em &quot;Ambiente J\u00c1-MAT\u00c9RIA&quot;","block_context":{"text":"Ambiente J\u00c1-MAT\u00c9RIA","link":"https:\/\/www.jornalja.com.br\/ambiente\/category\/ambiente-geral\/"},"img":{"alt_text":"","src":"","width":0,"height":0},"classes":[]}],"jetpack_shortlink":"https:\/\/wp.me\/pbKnZo-maa","jetpack_sharing_enabled":true,"_links":{"self":[{"href":"https:\/\/www.jornalja.com.br\/ambiente\/wp-json\/wp\/v2\/posts\/85198","targetHints":{"allow":["GET"]}}],"collection":[{"href":"https:\/\/www.jornalja.com.br\/ambiente\/wp-json\/wp\/v2\/posts"}],"about":[{"href":"https:\/\/www.jornalja.com.br\/ambiente\/wp-json\/wp\/v2\/types\/post"}],"author":[{"embeddable":true,"href":"https:\/\/www.jornalja.com.br\/ambiente\/wp-json\/wp\/v2\/users\/2"}],"replies":[{"embeddable":true,"href":"https:\/\/www.jornalja.com.br\/ambiente\/wp-json\/wp\/v2\/comments?post=85198"}],"version-history":[{"count":5,"href":"https:\/\/www.jornalja.com.br\/ambiente\/wp-json\/wp\/v2\/posts\/85198\/revisions"}],"predecessor-version":[{"id":85207,"href":"https:\/\/www.jornalja.com.br\/ambiente\/wp-json\/wp\/v2\/posts\/85198\/revisions\/85207"}],"wp:featuredmedia":[{"embeddable":true,"href":"https:\/\/www.jornalja.com.br\/ambiente\/wp-json\/wp\/v2\/media\/85199"}],"wp:attachment":[{"href":"https:\/\/www.jornalja.com.br\/ambiente\/wp-json\/wp\/v2\/media?parent=85198"}],"wp:term":[{"taxonomy":"category","embeddable":true,"href":"https:\/\/www.jornalja.com.br\/ambiente\/wp-json\/wp\/v2\/categories?post=85198"},{"taxonomy":"post_tag","embeddable":true,"href":"https:\/\/www.jornalja.com.br\/ambiente\/wp-json\/wp\/v2\/tags?post=85198"}],"curies":[{"name":"wp","href":"https:\/\/api.w.org\/{rel}","templated":true}]}}