{"id":85210,"date":"2024-01-10T13:36:13","date_gmt":"2024-01-10T16:36:13","guid":{"rendered":"https:\/\/www.jornalja.com.br\/ambiente\/?p=85210"},"modified":"2024-01-10T13:37:33","modified_gmt":"2024-01-10T16:37:33","slug":"aquecimento-global-aumenta-risco-de-expansao-da-dengue-segundo-oms","status":"publish","type":"post","link":"https:\/\/www.jornalja.com.br\/ambiente\/aquecimento-global-aumenta-risco-de-expansao-da-dengue-segundo-oms\/","title":{"rendered":"Aquecimento global aumenta risco de expans\u00e3o da dengue, segundo OMS"},"content":{"rendered":"<p><a href=\"https:\/\/efe.com\/pt-br\/mundo-2\/2023-12-22\/oms-eleva-para-alto-risco-de-expansao-global-da-dengue-com-5-mil-mortes-em-2023\/\">Genebra (EFE)<\/a><\/p>\n<p>Mais de 5 milh\u00f5es de casos de dengue foram registrados em todo o mundo em 2023, incluindo 5 mil mortes, informou nesta sexta-feira a Organiza\u00e7\u00e3o Mundial da Sa\u00fade (OMS), o que elevou para alto o risco dessa doen\u00e7a, cujo raio de expans\u00e3o est\u00e1 aumentando devido a fatores como a mudan\u00e7a clim\u00e1tica.<\/p>\n<p>O aquecimento global est\u00e1 expandindo o habitat dos mosquitos que transmitem essa infec\u00e7\u00e3o viral, explicou em entrevista coletiva Diana Rojas, especialista em arbov\u00edrus do departamento de preven\u00e7\u00e3o de epidemias e pandemias da OMS.<\/p>\n<p>Como resultado, metade da popula\u00e7\u00e3o mundial, ou cerca de 4 bilh\u00f5es de pessoas, corre o risco de ser infectada pela dengue, a doen\u00e7a mais comum transmitida por mosquitos.<\/p>\n<p>\u201cA maioria das pessoas n\u00e3o apresenta sintomas, mas as que apresentam podem sofrer de febre alta, dor de cabe\u00e7a, dores no corpo, n\u00e1useas, etc. Em muitos casos, elas se recuperam em uma ou duas semanas, mas \u00e0s vezes a situa\u00e7\u00e3o pode piorar\u201d, analisou.<\/p>\n<p>Rojas tamb\u00e9m lembrou que 80% dos casos em 2023 (4,1 milh\u00f5es) foram registrados na Am\u00e9rica, enquanto as outras regi\u00f5es mais afetadas foram o sul e o leste da \u00c1sia.<\/p>\n<p>O pa\u00eds americano com mais casos neste ano foi o Brasil (2,9 milh\u00f5es), seguido por Peru (271 mil) e M\u00e9xico (235 mil), enquanto a Col\u00f4mbia diagnosticou as formas mais graves da doen\u00e7a (1.500, 1,35% do total), seguida pelo Brasil (1.474, 0,05%).<\/p>\n<p>Rojas tamb\u00e9m alertou que as transmiss\u00f5es locais da dengue est\u00e3o come\u00e7ando a ser detectadas em pa\u00edses antes considerados n\u00e3o end\u00eamicos, incluindo europeus como It\u00e1lia (82 positivos em 2023), Fran\u00e7a (43) e Espanha (tr\u00eas).<\/p>\n<p>\u201cNormalmente, os casos s\u00e3o detectados nesses pa\u00edses por viajantes da Am\u00e9rica, do Leste Asi\u00e1tico e de outras regi\u00f5es end\u00eamicas, mas neste ano vimos alguns surtos limitados de transmiss\u00e3o local\u201d, alertou.<\/p>\n<p>Os surtos em pa\u00edses em conflito e em contextos fr\u00e1geis, como Afeganist\u00e3o, Paquist\u00e3o, Sud\u00e3o, Som\u00e1lia e I\u00eamen, juntamente com a transmiss\u00e3o de outras doen\u00e7as, ondas de deslocamento interno e infraestrutura de sa\u00fade prec\u00e1ria, tamb\u00e9m foram motivo de preocupa\u00e7\u00e3o.<\/p>\n<p>A eleva\u00e7\u00e3o de risco decidida pela OMS busca \u201cmaximizar a aten\u00e7\u00e3o e a resposta para ajudar os pa\u00edses a controlar os surtos atuais e prepar\u00e1-los para responder \u00e0s pr\u00f3ximas altas temporadas de dengue\u201d, que geralmente coincidem com per\u00edodos quentes e \u00famidos.<\/p>\n<p>Nesse sentido, a OMS pede aos pa\u00edses membros que fortale\u00e7am os mecanismos de monitoramento de casos, condi\u00e7\u00f5es ambientais e col\u00f4nias de mosquitos, e atualizem as diretrizes e melhorem o treinamento dos profissionais de sa\u00fade para responder \u00e0 doen\u00e7a.<\/p>\n<p>A OMS recomenda o uso de repelente de mosquitos para a popula\u00e7\u00e3o em geral, especialmente durante o dia, al\u00e9m da elimina\u00e7\u00e3o de \u00e1reas com alta presen\u00e7a de mosquitos perto de \u00e1reas residenciais nas comunidades.<\/p>\n","protected":false},"excerpt":{"rendered":"<p>Genebra (EFE) Mais de 5 milh\u00f5es de casos de dengue foram registrados em todo o mundo em 2023, incluindo 5 mil mortes, informou nesta sexta-feira a Organiza\u00e7\u00e3o Mundial da Sa\u00fade (OMS), o que elevou para alto o risco dessa doen\u00e7a, cujo raio de expans\u00e3o est\u00e1 aumentando devido a fatores como a mudan\u00e7a clim\u00e1tica. O aquecimento [&hellip;]<\/p>\n","protected":false},"author":2,"featured_media":85213,"comment_status":"closed","ping_status":"open","sticky":false,"template":"","format":"standard","meta":{"jetpack_post_was_ever_published":false,"_jetpack_newsletter_access":"","_jetpack_dont_email_post_to_subs":false,"_jetpack_newsletter_tier_id":0,"_jetpack_memberships_contains_paywalled_content":false,"_jetpack_memberships_contains_paid_content":false,"footnotes":"","jetpack_publicize_message":"","jetpack_publicize_feature_enabled":true,"jetpack_social_post_already_shared":true,"jetpack_social_options":{"image_generator_settings":{"template":"highway","default_image_id":0,"font":"","enabled":false},"version":2}},"categories":[4],"tags":[62,7,201,8,205],"class_list":["post-85210","post","type-post","status-publish","format-standard","has-post-thumbnail","hentry","category-ambiente-geral","tag-aquecimento-global","tag-epidemia","tag-pandemia","tag-saude","tag-sema"],"aioseo_notices":[],"jetpack_publicize_connections":[],"jetpack_featured_media_url":"https:\/\/www.jornalja.com.br\/ambiente\/wp-content\/uploads\/sites\/3\/2024\/01\/dengue-3.jpg","jetpack-related-posts":[{"id":77633,"url":"https:\/\/www.jornalja.com.br\/ambiente\/relatorio-alerta-para-o-risco-de-pandemias-globais\/","url_meta":{"origin":85210,"position":0},"title":"Relat\u00f3rio alerta para o risco de pandemias globais","author":"da Reda\u00e7\u00e3o","date":"22 de setembro de 2019","format":false,"excerpt":"Ser\u00e1 apresentado na Assemblea Geral da ONU, na ter\u00e7a-feira, 24, um estudo in\u00e9dito sobre o risco de pandemias globais de doen\u00e7as graves como Ebola, influenza e a S\u00edndrome Respirat\u00f3ria Aguda Grave (SARS). \"Um mundo em risco\" \u00e9 o t\u00edtulo do relat\u00f3rio, o primeiro preparado pelo Conselho de Monitoramento da Prepara\u00e7\u00e3o\u2026","rel":"","context":"Em &quot;Ambiente J\u00c1-MAT\u00c9RIA&quot;","block_context":{"text":"Ambiente J\u00c1-MAT\u00c9RIA","link":"https:\/\/www.jornalja.com.br\/ambiente\/category\/ambiente-geral\/"},"img":{"alt_text":"","src":"","width":0,"height":0},"classes":[]},{"id":81244,"url":"https:\/\/www.jornalja.com.br\/ambiente\/coronavirus-ja-e-uma-pandemia-mas-organizacao-mundial-da-saude-hesita-em-declarar\/","url_meta":{"origin":85210,"position":1},"title":"Coronavirus j\u00e1 \u00e9 uma pandemia, mas Organiza\u00e7\u00e3o Mundial da Sa\u00fade hesita em declarar","author":"da Reda\u00e7\u00e3o","date":"25 de fevereiro de 2020","format":false,"excerpt":"Em dez dias, a epidemia provocada pelo novo coronavirus numa prov\u00edncia da China evoluiu para tornar-se uma amea\u00e7a real de pandemia global. Na China, nesta segunda feira, o total de mortes chega a 2.595, num total de 77 mil casos confirmados. Tamb\u00e9m foram confirmados 409 novos casos de cont\u00e1gio nas\u2026","rel":"","context":"Em &quot;Ambiente J\u00c1-MAT\u00c9RIA&quot;","block_context":{"text":"Ambiente J\u00c1-MAT\u00c9RIA","link":"https:\/\/www.jornalja.com.br\/ambiente\/category\/ambiente-geral\/"},"img":{"alt_text":"","src":"","width":0,"height":0},"classes":[]},{"id":77432,"url":"https:\/\/www.jornalja.com.br\/ambiente\/experimento-com-o-aedes-transgenico-tem-consequencias-desconhecidas\/","url_meta":{"origin":85210,"position":2},"title":"Experimento com o aedes transg\u00eanico  tem consequ\u00eancias desconhecidas","author":"da Reda\u00e7\u00e3o","date":"16 de setembro de 2019","format":false,"excerpt":"A\u00a0 popula\u00e7\u00e3o do distrito Pedra Branca, em Jacobina (BA), sem saber, foi cobaia de um experimento realizado entre 2013 e 2015, com autoriza\u00e7\u00e3o da Comiss\u00e3o T\u00e9cnica Nacional de Biosseguran\u00e7a (CTNBio). Durante esse per\u00edodo, os 1.144 moradores foram expostos a um tipo de Aedes aegypti geneticamente modificados (GM) pela empresa Oxitec.\u2026","rel":"","context":"Em &quot;Ambiente J\u00c1-MAT\u00c9RIA&quot;","block_context":{"text":"Ambiente J\u00c1-MAT\u00c9RIA","link":"https:\/\/www.jornalja.com.br\/ambiente\/category\/ambiente-geral\/"},"img":{"alt_text":"","src":"","width":0,"height":0},"classes":[]},{"id":83001,"url":"https:\/\/www.jornalja.com.br\/ambiente\/fiocruz-confirma-morte-de-bugio-por-febre-amarela-em-porto-alegre\/","url_meta":{"origin":85210,"position":3},"title":"Fiocruz confirma morte de bugio por febre amarela em Porto Alegre","author":"da Reda\u00e7\u00e3o","date":"13 de abril de 2021","format":false,"excerpt":"A Fiocruz confirmou em exame laboratorial que o bugio encontrado morto na zona Sul de Porto Alegre foi por febre amarela. A Vigil\u00e2ncia em Sa\u00fade municipal foi comunicada na sexta-feira, 9. O \u00f3bito do animal ocorreu em fevereiro, e o primeiro exame para febre amarela, realizado na Capital, apresentou resultado\u2026","rel":"","context":"Em &quot;Ambiente J\u00c1-MAT\u00c9RIA&quot;","block_context":{"text":"Ambiente J\u00c1-MAT\u00c9RIA","link":"https:\/\/www.jornalja.com.br\/ambiente\/category\/ambiente-geral\/"},"img":{"alt_text":"","src":"https:\/\/i0.wp.com\/www.jornalja.com.br\/ambiente\/wp-content\/uploads\/sites\/3\/2021\/04\/whatsapp-image-2021-04-13-at-154817-1-e1618340883838.jpeg?resize=350%2C200&ssl=1","width":350,"height":200,"srcset":"https:\/\/i0.wp.com\/www.jornalja.com.br\/ambiente\/wp-content\/uploads\/sites\/3\/2021\/04\/whatsapp-image-2021-04-13-at-154817-1-e1618340883838.jpeg?resize=350%2C200&ssl=1 1x, https:\/\/i0.wp.com\/www.jornalja.com.br\/ambiente\/wp-content\/uploads\/sites\/3\/2021\/04\/whatsapp-image-2021-04-13-at-154817-1-e1618340883838.jpeg?resize=525%2C300&ssl=1 1.5x, https:\/\/i0.wp.com\/www.jornalja.com.br\/ambiente\/wp-content\/uploads\/sites\/3\/2021\/04\/whatsapp-image-2021-04-13-at-154817-1-e1618340883838.jpeg?resize=700%2C400&ssl=1 2x"},"classes":[]},{"id":80821,"url":"https:\/\/www.jornalja.com.br\/ambiente\/cientistas-americanos-desenvolvem-vacina-que-pode-conter-coronavirus\/","url_meta":{"origin":85210,"position":4},"title":"Cientistas americanos desenvolvem vacina que pode conter coronavirus","author":"da Reda\u00e7\u00e3o","date":"30 de janeiro de 2020","format":false,"excerpt":"Cientistas norte-americanos trabalham para desenvolver a vacina que poder\u00e1 barrar o coronav\u00edrus que, at\u00e9 o momento, j\u00e1 infectou quase 8 mil pessoas em v\u00e1rios pa\u00edses e matou quase duas centenas de pessoas. O laborat\u00f3rio da farmac\u00eautica Inovio, na cidade de San Diego, na Calif\u00f3rnia, \u00e9 neste momento um dos locais\u2026","rel":"","context":"Em &quot;Ambiente J\u00c1-MAT\u00c9RIA&quot;","block_context":{"text":"Ambiente J\u00c1-MAT\u00c9RIA","link":"https:\/\/www.jornalja.com.br\/ambiente\/category\/ambiente-geral\/"},"img":{"alt_text":"","src":"https:\/\/i0.wp.com\/www.jornalja.com.br\/ambiente\/wp-content\/uploads\/sites\/3\/2020\/01\/Coronavirus-microsc%C3%B3pio.jpg?resize=350%2C200&ssl=1","width":350,"height":200,"srcset":"https:\/\/i0.wp.com\/www.jornalja.com.br\/ambiente\/wp-content\/uploads\/sites\/3\/2020\/01\/Coronavirus-microsc%C3%B3pio.jpg?resize=350%2C200&ssl=1 1x, https:\/\/i0.wp.com\/www.jornalja.com.br\/ambiente\/wp-content\/uploads\/sites\/3\/2020\/01\/Coronavirus-microsc%C3%B3pio.jpg?resize=525%2C300&ssl=1 1.5x, https:\/\/i0.wp.com\/www.jornalja.com.br\/ambiente\/wp-content\/uploads\/sites\/3\/2020\/01\/Coronavirus-microsc%C3%B3pio.jpg?resize=700%2C400&ssl=1 2x, https:\/\/i0.wp.com\/www.jornalja.com.br\/ambiente\/wp-content\/uploads\/sites\/3\/2020\/01\/Coronavirus-microsc%C3%B3pio.jpg?resize=1050%2C600&ssl=1 3x"},"classes":[]},{"id":80057,"url":"https:\/\/www.jornalja.com.br\/ambiente\/anvisa-da-tres-anos-para-gorduras-trans-probidas-desde-2015-nos-estados-unidos\/","url_meta":{"origin":85210,"position":5},"title":"Anvisa d\u00e1 tr\u00eas anos para gorduras trans, probidas desde 2015 nos Estados Unidos","author":"da Reda\u00e7\u00e3o","date":"18 de dezembro de 2019","format":false,"excerpt":"A Anvisa deu tr\u00eas anos para que fabricantes eliminem as \u00a0\u201cgorduras trans\u201d dos alimentos industrializados no Brasil. Ter\u00e3o que reduzir a utiliza\u00e7\u00e3o at\u00e9 julho de 2021 e n\u00e3o poder\u00e3o mais us\u00e1-las definitivamente a partir de 2023. No mundo, 49 pa\u00edses j\u00e1 adotaram medidas regulat\u00f3rias de restri\u00e7\u00e3o ao uso da gordura\u2026","rel":"","context":"Em &quot;Ambiente J\u00c1-MAT\u00c9RIA&quot;","block_context":{"text":"Ambiente J\u00c1-MAT\u00c9RIA","link":"https:\/\/www.jornalja.com.br\/ambiente\/category\/ambiente-geral\/"},"img":{"alt_text":"","src":"","width":0,"height":0},"classes":[]}],"jetpack_shortlink":"https:\/\/wp.me\/pbKnZo-mam","jetpack_sharing_enabled":true,"_links":{"self":[{"href":"https:\/\/www.jornalja.com.br\/ambiente\/wp-json\/wp\/v2\/posts\/85210","targetHints":{"allow":["GET"]}}],"collection":[{"href":"https:\/\/www.jornalja.com.br\/ambiente\/wp-json\/wp\/v2\/posts"}],"about":[{"href":"https:\/\/www.jornalja.com.br\/ambiente\/wp-json\/wp\/v2\/types\/post"}],"author":[{"embeddable":true,"href":"https:\/\/www.jornalja.com.br\/ambiente\/wp-json\/wp\/v2\/users\/2"}],"replies":[{"embeddable":true,"href":"https:\/\/www.jornalja.com.br\/ambiente\/wp-json\/wp\/v2\/comments?post=85210"}],"version-history":[{"count":4,"href":"https:\/\/www.jornalja.com.br\/ambiente\/wp-json\/wp\/v2\/posts\/85210\/revisions"}],"predecessor-version":[{"id":85215,"href":"https:\/\/www.jornalja.com.br\/ambiente\/wp-json\/wp\/v2\/posts\/85210\/revisions\/85215"}],"wp:featuredmedia":[{"embeddable":true,"href":"https:\/\/www.jornalja.com.br\/ambiente\/wp-json\/wp\/v2\/media\/85213"}],"wp:attachment":[{"href":"https:\/\/www.jornalja.com.br\/ambiente\/wp-json\/wp\/v2\/media?parent=85210"}],"wp:term":[{"taxonomy":"category","embeddable":true,"href":"https:\/\/www.jornalja.com.br\/ambiente\/wp-json\/wp\/v2\/categories?post=85210"},{"taxonomy":"post_tag","embeddable":true,"href":"https:\/\/www.jornalja.com.br\/ambiente\/wp-json\/wp\/v2\/tags?post=85210"}],"curies":[{"name":"wp","href":"https:\/\/api.w.org\/{rel}","templated":true}]}}