{"id":85540,"date":"2025-04-02T17:20:50","date_gmt":"2025-04-02T20:20:50","guid":{"rendered":"https:\/\/www.jornalja.com.br\/ambiente\/?p=85540"},"modified":"2025-04-04T09:59:36","modified_gmt":"2025-04-04T12:59:36","slug":"transicao-energetica-por-hidrogenio-verde-avanca-no-rio-grande-do-sul","status":"publish","type":"post","link":"https:\/\/www.jornalja.com.br\/ambiente\/transicao-energetica-por-hidrogenio-verde-avanca-no-rio-grande-do-sul\/","title":{"rendered":"Transi\u00e7\u00e3o energ\u00e9tica por Hidrog\u00eanio Verde avan\u00e7a no Rio Grande do Sul"},"content":{"rendered":"<p>A transi\u00e7\u00e3o energ\u00e9tica atrav\u00e9s do Hidrog\u00eanio Verde (H2V) est\u00e1 avan\u00e7ando no Rio Grande do Sul. Produzido principalmente por meio da eletr\u00f3lise da \u00e1gua, \u00e9 um processo que separa as mol\u00e9culas de hidrog\u00eanio (H\u2082) e oxig\u00eanio (O\u2082) utilizando eletricidade. Para que o hidrog\u00eanio seja considerado &#8220;verde&#8221;, a eletricidade usada nesse processo deve vir de fontes renov\u00e1veis, como energia solar, e\u00f3lica e hidrel\u00e9trica.<\/p>\n<p>Esse m\u00e9todo \u00e9 sustent\u00e1vel porque n\u00e3o gera emiss\u00f5es de gases de efeito estufa, ao contr\u00e1rio de outros tipos de hidrog\u00eanio, como o cinza ou azul, que dependem de combust\u00edveis f\u00f3sseis.<\/p>\n<p>Apesar de ser uma tecnologia promissora, o custo elevado da eletr\u00f3lise ainda \u00e9 um desafio para a produ\u00e7\u00e3o em larga escala porque requer uma quantidade significativa de energia el\u00e9trica gerada por fontes renov\u00e1veis, equipamentos de custos elevados e a infraestrutura necess\u00e1ria para armazenar e transportar o hidrog\u00eanio tamb\u00e9m \u00e9 cara.<\/p>\n<p>Em 2023, o governo do Rio Grande do Sul lan\u00e7ou o Programa de Desenvolvimento da Cadeia de Hidrog\u00eanio Verde no Rio Grande do Sul (H2V-RS). \u00a0Um dos principais objetivos do programa \u00e9 viabilizar a produ\u00e7\u00e3o, transmiss\u00e3o, armazenagem e uso do novo energ\u00e9tico. O governo tamb\u00e9m estimula a transi\u00e7\u00e3o energ\u00e9tica em dire\u00e7\u00e3o a uma economia de baixo carbono, a gera\u00e7\u00e3o de emprego e renda nas diferentes regi\u00f5es do Estado e a inova\u00e7\u00e3o tecnol\u00f3gica.<\/p>\n<p>A previs\u00e3o \u00e9 de que os investimentos nesse mercado gerem uma alta de R$ 62 bilh\u00f5es no PIB do Estado e cerca de 41 mil empregos diretos e indiretos. Para a concretiza\u00e7\u00e3o dos objetivos propostos, o governo utiliza instrumentos e mecanismos variados. Entre eles, linhas de cr\u00e9dito especial, tratamento preferencial no licenciamento ambiental, incentivos aos empreendimentos, por meio do Fundo Opera\u00e7\u00e3o Empresa do Estado do Rio Grande do Sul (Fundopem\/RS).<\/p>\n<p>A White Martins est\u00e1 investindo no desenvolvimento de Hidrog\u00eanio Verde no Rio Grande do Sul. A empresa assinou um Memorando de Entendimento (MoU) com o governo do estado para explorar a constru\u00e7\u00e3o de uma planta de H2V e am\u00f4nia verde no Porto de Rio Grande. Esse projeto visa utilizar fontes renov\u00e1veis, como energia e\u00f3lica onshore e offshore, para produzir hidrog\u00eanio de forma sustent\u00e1vel.<\/p>\n<p>O Porto de Rio Grande \u00e9 estrat\u00e9gico para esse tipo de iniciativa, devido \u00e0 proximidade com parques e\u00f3licos e infraestrutura log\u00edstica para exporta\u00e7\u00e3o. O projeto ainda est\u00e1 em fase de estudos, mas representa um passo importante para consolidar o estado como um polo de energia limpa.<\/p>\n<p>A Enerfin tamb\u00e9m est\u00e1 investindo em projetos de Hidrog\u00eanio Verde no Porto de Rio Grande. A empresa assinou um Memorando de Entendimento com o governo do estado para desenvolver uma planta de produ\u00e7\u00e3o de H2V. O projeto utilizar\u00e1 fontes renov\u00e1veis, como energia e\u00f3lica e solar, para garantir a sustentabilidade da produ\u00e7\u00e3o. A Enerfin j\u00e1 possui experi\u00eancia significativa no estado, operando parques e\u00f3licos em Os\u00f3rio e Palmares do Sul.<\/p>\n<p>A Ocean Winds est\u00e1 investindo no desenvolvimento de energia sustent\u00e1vel, mas seu foco principal est\u00e1 na energia e\u00f3lica offshore. A empresa assinou um Memorando de Entendimento com o governo do estado para projetos de parques e\u00f3licos no litoral ga\u00facho, como o complexo Ventos do Sul e o Tramanda\u00ed Offshore. Esses projetos s\u00e3o estrat\u00e9gicos para a transi\u00e7\u00e3o energ\u00e9tica e podem complementar iniciativas de Hidrog\u00eanio Verde, j\u00e1 que a energia e\u00f3lica \u00e9 uma fonte essencial para a produ\u00e7\u00e3o de H2V.<\/p>\n<p>Energia e\u00f3lica \u00e9 a gera\u00e7\u00e3o de eletricidade por meio da for\u00e7a dos ventos, utilizando turbinas e\u00f3licas. A diferen\u00e7a entre onshore e offshore est\u00e1 na localiza\u00e7\u00e3o das turbinas. Na energia e\u00f3lica onshore as turbinas s\u00e3o instaladas em terra firme, como campos abertos ou \u00e1reas montanhosas. \u00c9 a forma mais comum de energia e\u00f3lica, devido ao custo menor de instala\u00e7\u00e3o e manuten\u00e7\u00e3o. No entanto, ela pode ser limitada por quest\u00f5es como uso do solo e impacto visual.<\/p>\n<p>J\u00e1 na energia e\u00f3lica offshore as turbinas s\u00e3o instaladas no mar, onde os ventos costumam ser mais fortes e constantes, o que aumenta a efici\u00eancia na gera\u00e7\u00e3o de energia. Apesar dos altos custos de instala\u00e7\u00e3o e manuten\u00e7\u00e3o devido \u00e0s condi\u00e7\u00f5es mar\u00edtimas, a energia offshore tem o benef\u00edcio de menor impacto visual e uso de \u00e1reas que n\u00e3o competem com outros usos do solo.<\/p>\n<p>Ambas as formas s\u00e3o essenciais para a transi\u00e7\u00e3o energ\u00e9tica global, e o Brasil est\u00e1 explorando cada vez mais o potencial offshore. O Rio Grande do Sul se destaca no cen\u00e1rio de energia e\u00f3lica offshore por diversos fatores: a regi\u00e3o possui ventos consistentes e de alta velocidade, especialmente ao longo do litoral e nas lagoas costeiras, como a Lagoa dos Patos e a Lagoa Mirim. Al\u00e9m disso, a infraestrutura de transmiss\u00e3o de energia no estado \u00e9 robusta, com mais de tr\u00eas mil km de linhas de transmiss\u00e3o.<\/p>\n","protected":false},"excerpt":{"rendered":"<p>A transi\u00e7\u00e3o energ\u00e9tica atrav\u00e9s do Hidrog\u00eanio Verde (H2V) est\u00e1 avan\u00e7ando no Rio Grande do Sul. Produzido principalmente por meio da eletr\u00f3lise da \u00e1gua, \u00e9 um processo que separa as mol\u00e9culas de hidrog\u00eanio (H\u2082) e oxig\u00eanio (O\u2082) utilizando eletricidade. Para que o hidrog\u00eanio seja considerado &#8220;verde&#8221;, a eletricidade usada nesse processo deve vir de fontes renov\u00e1veis, [&hellip;]<\/p>\n","protected":false},"author":9,"featured_media":85541,"comment_status":"closed","ping_status":"open","sticky":false,"template":"","format":"standard","meta":{"jetpack_post_was_ever_published":false,"_jetpack_newsletter_access":"","_jetpack_dont_email_post_to_subs":false,"_jetpack_newsletter_tier_id":0,"_jetpack_memberships_contains_paywalled_content":false,"_jetpack_memberships_contains_paid_content":false,"footnotes":"","jetpack_publicize_message":"","jetpack_publicize_feature_enabled":true,"jetpack_social_post_already_shared":true,"jetpack_social_options":{"image_generator_settings":{"template":"highway","default_image_id":0,"font":"","enabled":false},"version":2}},"categories":[4],"tags":[],"class_list":["post-85540","post","type-post","status-publish","format-standard","has-post-thumbnail","hentry","category-ambiente-geral"],"aioseo_notices":[],"jetpack_publicize_connections":[],"jetpack_featured_media_url":"https:\/\/www.jornalja.com.br\/ambiente\/wp-content\/uploads\/sites\/3\/2025\/04\/20250402-170240-rotated.jpg","jetpack-related-posts":[{"id":82099,"url":"https:\/\/www.jornalja.com.br\/ambiente\/hidrogenio-verde-barato-e-estavel-para-garantir-a-transicao-energetica\/","url_meta":{"origin":85540,"position":0},"title":"Hidrog\u00eanio verde barato e est\u00e1vel para garantir a transi\u00e7\u00e3o energ\u00e9tica","author":"da Reda\u00e7\u00e3o","date":"16 de junho de 2020","format":false,"excerpt":"Avan\u00e7am os investimentos mundiais em projetos de hidrog\u00eanio verde a partir de fontes de energia renov\u00e1veis (solar fotovoltaica e e\u00f3lica) - Alemanha, Fran\u00e7a, Holanda, \u00c1ustria, Jap\u00e3o, Austr\u00e1lia, Canad\u00e1, China, Reino Unido e Estados Unidos. O Alemanha anunciou o plano de investir \u20ac 9 bilh\u00f5es at\u00e9 2030 no desenvolvimento da tecnologia\u2026","rel":"","context":"Em &quot;Ambiente J\u00c1-MAT\u00c9RIA&quot;","block_context":{"text":"Ambiente J\u00c1-MAT\u00c9RIA","link":"https:\/\/www.jornalja.com.br\/ambiente\/category\/ambiente-geral\/"},"img":{"alt_text":"","src":"","width":0,"height":0},"classes":[]},{"id":83360,"url":"https:\/\/www.jornalja.com.br\/ambiente\/produzido-sem-carvao-aco-verde-entra-em-teste-comercial-na-suecia\/","url_meta":{"origin":85540,"position":1},"title":"Produzido sem carv\u00e3o, &#8220;a\u00e7o verde&#8221; entra em teste comercial na Su\u00e9cia","author":"da Reda\u00e7\u00e3o","date":"19 de agosto de 2021","format":false,"excerpt":"A empresa sueca Hybrit anunciou a entrega do primeiro lote\u00a0 de \u201ca\u00e7o verde\u201d, produzido sem o uso de carv\u00e3o, \u00e0 f\u00e1brica Volvo AB, de caminh\u00f5es. Trata-se de teste numa planta piloto que\u00a0 prev\u00ea alcan\u00e7ar a produ\u00e7\u00e3o comercial plena em 2026. A Volvo informou que j\u00e1 em 2021 iniciar\u00e1 a produ\u00e7\u00e3o\u2026","rel":"","context":"Em &quot;Ambiente J\u00c1-MAT\u00c9RIA&quot;","block_context":{"text":"Ambiente J\u00c1-MAT\u00c9RIA","link":"https:\/\/www.jornalja.com.br\/ambiente\/category\/ambiente-geral\/"},"img":{"alt_text":"","src":"https:\/\/i0.wp.com\/www.jornalja.com.br\/ambiente\/wp-content\/uploads\/sites\/3\/2021\/08\/aco-verde.jpg?resize=350%2C200&ssl=1","width":350,"height":200,"srcset":"https:\/\/i0.wp.com\/www.jornalja.com.br\/ambiente\/wp-content\/uploads\/sites\/3\/2021\/08\/aco-verde.jpg?resize=350%2C200&ssl=1 1x, https:\/\/i0.wp.com\/www.jornalja.com.br\/ambiente\/wp-content\/uploads\/sites\/3\/2021\/08\/aco-verde.jpg?resize=525%2C300&ssl=1 1.5x"},"classes":[]},{"id":85166,"url":"https:\/\/www.jornalja.com.br\/ambiente\/energia-solar-grandes-usinas-atingem-11-gigawatts-com-investimentos-de-500-bilhoes-em-dez-anos\/","url_meta":{"origin":85540,"position":2},"title":"Energia solar: grandes usinas atingem 11 gigawatts, com investimentos de 500 bilh\u00f5es em dez anos","author":"da Reda\u00e7\u00e3o","date":"8 de dezembro de 2023","format":false,"excerpt":"O Brasil ultrapassou a marca de 11 gigawatts (GW) de pot\u00eancia operacional nas grandes usinas solares, de acordo com o mapeamento da Associa\u00e7\u00e3o Brasileira de Energia Solar Fotovoltaica (ABSOLAR). Segundo a entidade, desde 2012, o segmento j\u00e1 trouxe mais de R$ 49,1 bilh\u00f5es em novos investimentos e mais de 330,1\u2026","rel":"","context":"Em &quot;Ambiente J\u00c1-MAT\u00c9RIA&quot;","block_context":{"text":"Ambiente J\u00c1-MAT\u00c9RIA","link":"https:\/\/www.jornalja.com.br\/ambiente\/category\/ambiente-geral\/"},"img":{"alt_text":"","src":"https:\/\/i0.wp.com\/www.jornalja.com.br\/ambiente\/wp-content\/uploads\/sites\/3\/2023\/12\/energia-solar-divulgacao-absolar.jpg?resize=350%2C200&ssl=1","width":350,"height":200,"srcset":"https:\/\/i0.wp.com\/www.jornalja.com.br\/ambiente\/wp-content\/uploads\/sites\/3\/2023\/12\/energia-solar-divulgacao-absolar.jpg?resize=350%2C200&ssl=1 1x, https:\/\/i0.wp.com\/www.jornalja.com.br\/ambiente\/wp-content\/uploads\/sites\/3\/2023\/12\/energia-solar-divulgacao-absolar.jpg?resize=525%2C300&ssl=1 1.5x, https:\/\/i0.wp.com\/www.jornalja.com.br\/ambiente\/wp-content\/uploads\/sites\/3\/2023\/12\/energia-solar-divulgacao-absolar.jpg?resize=700%2C400&ssl=1 2x, https:\/\/i0.wp.com\/www.jornalja.com.br\/ambiente\/wp-content\/uploads\/sites\/3\/2023\/12\/energia-solar-divulgacao-absolar.jpg?resize=1050%2C600&ssl=1 3x"},"classes":[]},{"id":79161,"url":"https:\/\/www.jornalja.com.br\/ambiente\/evento-em-curitiba-debate-inovacao-e-energias-renovaveis\/","url_meta":{"origin":85540,"position":3},"title":"Evento em Curitiba debate inova\u00e7\u00e3o e energias renov\u00e1veis","author":"da Reda\u00e7\u00e3o","date":"13 de novembro de 2019","format":false,"excerpt":"Para incentivar o debate e a busca por solu\u00e7\u00f5es e inova\u00e7\u00f5es em energias renov\u00e1veis, a Confer\u00eancia Smart Energy chega a sua sexta edi\u00e7\u00e3o nos dias 19 e 20 de novembro, no Centro de Eventos da Fiep em Curitiba (PR). \u201cA confer\u00eancia proporciona a discuss\u00e3o de projetos sobre o setor de\u2026","rel":"","context":"Em &quot;Ambiente J\u00c1-MAT\u00c9RIA&quot;","block_context":{"text":"Ambiente J\u00c1-MAT\u00c9RIA","link":"https:\/\/www.jornalja.com.br\/ambiente\/category\/ambiente-geral\/"},"img":{"alt_text":"","src":"","width":0,"height":0},"classes":[]},{"id":80925,"url":"https:\/\/www.jornalja.com.br\/ambiente\/japao-planeja-construir-22-usinas-a-carvao\/","url_meta":{"origin":85540,"position":4},"title":"Jap\u00e3o planeja construir 22 usinas a carv\u00e3o","author":"da Reda\u00e7\u00e3o","date":"4 de fevereiro de 2020","format":false,"excerpt":"Do New York Times \u00c9 uma conseq\u00fc\u00eancia n\u00e3o intencional do desastre nuclear de Fukushima h\u00e1 quase uma d\u00e9cada, que for\u00e7ou o Jap\u00e3o a encerrar seu programa de energia nuclear. O Jap\u00e3o agora planeja construir at\u00e9 22 novas usinas de queima de carv\u00e3o - uma das fontes mais sujas de eletricidade\u2026","rel":"","context":"Em &quot;Ambiente J\u00c1-MAT\u00c9RIA&quot;","block_context":{"text":"Ambiente J\u00c1-MAT\u00c9RIA","link":"https:\/\/www.jornalja.com.br\/ambiente\/category\/ambiente-geral\/"},"img":{"alt_text":"","src":"https:\/\/i0.wp.com\/www.jornalja.com.br\/ambiente\/wp-content\/uploads\/sites\/3\/2020\/02\/Usinas-a-carv%C3%A3o-no-Jap%C3%A3o-Foto-de-Noriko-Hayashi-para-o-New-York-Times.jpg?resize=350%2C200&ssl=1","width":350,"height":200,"srcset":"https:\/\/i0.wp.com\/www.jornalja.com.br\/ambiente\/wp-content\/uploads\/sites\/3\/2020\/02\/Usinas-a-carv%C3%A3o-no-Jap%C3%A3o-Foto-de-Noriko-Hayashi-para-o-New-York-Times.jpg?resize=350%2C200&ssl=1 1x, https:\/\/i0.wp.com\/www.jornalja.com.br\/ambiente\/wp-content\/uploads\/sites\/3\/2020\/02\/Usinas-a-carv%C3%A3o-no-Jap%C3%A3o-Foto-de-Noriko-Hayashi-para-o-New-York-Times.jpg?resize=525%2C300&ssl=1 1.5x, https:\/\/i0.wp.com\/www.jornalja.com.br\/ambiente\/wp-content\/uploads\/sites\/3\/2020\/02\/Usinas-a-carv%C3%A3o-no-Jap%C3%A3o-Foto-de-Noriko-Hayashi-para-o-New-York-Times.jpg?resize=700%2C400&ssl=1 2x, https:\/\/i0.wp.com\/www.jornalja.com.br\/ambiente\/wp-content\/uploads\/sites\/3\/2020\/02\/Usinas-a-carv%C3%A3o-no-Jap%C3%A3o-Foto-de-Noriko-Hayashi-para-o-New-York-Times.jpg?resize=1050%2C600&ssl=1 3x"},"classes":[]},{"id":74520,"url":"https:\/\/www.jornalja.com.br\/ambiente\/o-carvao-pode-ser-a-chave-de-um-novo-ciclo\/","url_meta":{"origin":85540,"position":5},"title":"O carv\u00e3o pode ser a chave de um novo ciclo?","author":"Geraldo Hasse","date":"14 de maio de 2019","format":false,"excerpt":"\u201cExplorar a riqueza do carv\u00e3o para erradicar a pobreza\u201d, eis o novo mote lan\u00e7ado pelo presidente da\u00a0Sociedade de Engenharia do Rio Grande do Sul (SERGS), Luiz Roberto Ponte, para defender novos aproveitamentos das jazidas do mineral ga\u00facho, cujo potencial energ\u00e9tico seria equivalente a tr\u00eas pr\u00e9-sal. Sem esquecer de mencionar a\u2026","rel":"","context":"Em &quot;Ambiente J\u00c1-MAT\u00c9RIA&quot;","block_context":{"text":"Ambiente J\u00c1-MAT\u00c9RIA","link":"https:\/\/www.jornalja.com.br\/ambiente\/category\/ambiente-geral\/"},"img":{"alt_text":"","src":"","width":0,"height":0},"classes":[]}],"jetpack_shortlink":"https:\/\/wp.me\/pbKnZo-mfG","jetpack_sharing_enabled":true,"_links":{"self":[{"href":"https:\/\/www.jornalja.com.br\/ambiente\/wp-json\/wp\/v2\/posts\/85540","targetHints":{"allow":["GET"]}}],"collection":[{"href":"https:\/\/www.jornalja.com.br\/ambiente\/wp-json\/wp\/v2\/posts"}],"about":[{"href":"https:\/\/www.jornalja.com.br\/ambiente\/wp-json\/wp\/v2\/types\/post"}],"author":[{"embeddable":true,"href":"https:\/\/www.jornalja.com.br\/ambiente\/wp-json\/wp\/v2\/users\/9"}],"replies":[{"embeddable":true,"href":"https:\/\/www.jornalja.com.br\/ambiente\/wp-json\/wp\/v2\/comments?post=85540"}],"version-history":[{"count":5,"href":"https:\/\/www.jornalja.com.br\/ambiente\/wp-json\/wp\/v2\/posts\/85540\/revisions"}],"predecessor-version":[{"id":85553,"href":"https:\/\/www.jornalja.com.br\/ambiente\/wp-json\/wp\/v2\/posts\/85540\/revisions\/85553"}],"wp:featuredmedia":[{"embeddable":true,"href":"https:\/\/www.jornalja.com.br\/ambiente\/wp-json\/wp\/v2\/media\/85541"}],"wp:attachment":[{"href":"https:\/\/www.jornalja.com.br\/ambiente\/wp-json\/wp\/v2\/media?parent=85540"}],"wp:term":[{"taxonomy":"category","embeddable":true,"href":"https:\/\/www.jornalja.com.br\/ambiente\/wp-json\/wp\/v2\/categories?post=85540"},{"taxonomy":"post_tag","embeddable":true,"href":"https:\/\/www.jornalja.com.br\/ambiente\/wp-json\/wp\/v2\/tags?post=85540"}],"curies":[{"name":"wp","href":"https:\/\/api.w.org\/{rel}","templated":true}]}}