{"id":85741,"date":"2025-11-24T22:23:35","date_gmt":"2025-11-25T01:23:35","guid":{"rendered":"https:\/\/www.jornalja.com.br\/ambiente\/?p=85741"},"modified":"2025-11-24T22:23:35","modified_gmt":"2025-11-25T01:23:35","slug":"pedimos-ao-chatgpt-uma-avaliacao-da-cop30-veja-o-resumo-que-ele-fez","status":"publish","type":"post","link":"https:\/\/www.jornalja.com.br\/ambiente\/pedimos-ao-chatgpt-uma-avaliacao-da-cop30-veja-o-resumo-que-ele-fez\/","title":{"rendered":"Pedimos ao ChatGPT uma avalia\u00e7\u00e3o da COP30; veja o resumo que ele fez"},"content":{"rendered":"<p>A COP30 lan\u00e7ou um chamado hist\u00f3rico para que a humanidade se una em um \u201cmutir\u00e3o\u201d contra as mudan\u00e7as clim\u00e1ticas.<\/p>\n<p>Houve aprova\u00e7\u00e3o de um pacote ambicioso de decis\u00f5es para fortalecer a implementa\u00e7\u00e3o do Acordo de Paris, com foco em mitiga\u00e7\u00e3o, adapta\u00e7\u00e3o, finan\u00e7as, tecnologia e capacita\u00e7\u00e3o.<\/p>\n<p>Foi aprovada a triplica\u00e7\u00e3o do financiamento para adapta\u00e7\u00e3o das popula\u00e7\u00f5es mais vulner\u00e1veis.<\/p>\n<p>Tamb\u00e9m foi lan\u00e7ado um programa de trabalho de dois anos para tornar mais previs\u00edveis os recursos p\u00fablicos para pa\u00edses em desenvolvimento.<\/p>\n<p>No aspecto financeiro, discutiu-se uma reforma para mobilizar capital privado e p\u00fablico.<br \/>\nAvan\u00e7ou a cria\u00e7\u00e3o de princ\u00edpios para \u201cinteroperabilidade de taxonomias\u201d sustent\u00e1veis \u2014 para alinhar padr\u00f5es financeiros sustent\u00e1veis entre pa\u00edses.<\/p>\n<p><strong>Transi\u00e7\u00e3o justa\u00a0<\/strong><\/p>\n<p>Cria\u00e7\u00e3o do Mecanismo de Bel\u00e9m para Transi\u00e7\u00e3o Justa, para apoiar pa\u00edses na transi\u00e7\u00e3o para economias sustent\u00e1veis de forma inclusiva.<br \/>\nReconhecimento da necessidade de que a transi\u00e7\u00e3o energ\u00e9tica leve em conta justi\u00e7a social, inclus\u00e3o de comunidades vulner\u00e1veis, povos ind\u00edgenas, e governos subnacionais.<br \/>\nForam adotados \u201cindicadores volunt\u00e1rios\u201d para medir o progresso na constru\u00e7\u00e3o de resili\u00eancia, dentro da meta global de adapta\u00e7\u00e3o.<\/p>\n<p>Lan\u00e7amento do Global Implementation Accelerator (\u201cAcelerador Global de Implementa\u00e7\u00e3o\u201d): focado em a\u00e7\u00f5es de alto impacto, como redu\u00e7\u00e3o de metano, remo\u00e7\u00e3o de carbono com solu\u00e7\u00f5es baseadas na natureza, energia renov\u00e1vel, baterias, digitaliza\u00e7\u00e3o, entre outras.<br \/>\nCria\u00e7\u00e3o do Technology Implementation Program (TIP): para apoiar pa\u00edses em desenvolvimento na implementa\u00e7\u00e3o de tecnologias priorizadas para a a\u00e7\u00e3o clim\u00e1tica.<br \/>\n<strong>Inclus\u00e3o social e justi\u00e7a clim\u00e1tica<\/strong><\/p>\n<p>A COP30 refor\u00e7ou a participa\u00e7\u00e3o de mulheres, povos ind\u00edgenas e comunidades afrodescendentes nas decis\u00f5es clim\u00e1ticas.<br \/>\nTamb\u00e9m reconheceu o papel fundamental de governos subnacionais (estados, cidades) no combate \u00e0s mudan\u00e7as clim\u00e1ticas.<br \/>\nFoi adotado um novo Plano de A\u00e7\u00e3o de G\u00eanero &amp; Clima, para aumentar a influ\u00eancia das mulheres nas pol\u00edticas clim\u00e1ticas.<br \/>\n<strong>Florestas e biodiversidade<\/strong><\/p>\n<p>A COP30 colocou uma \u00eanfase especial na Amaz\u00f4nia,\u00a0 refor\u00e7ando a conex\u00e3o entre natureza (florestas, biodiversidade) e clima.<\/p>\n<p>Um dos processos anunciados foi o desenvolvimento de um \u201cRoadmap Florestal e Clim\u00e1tico\u201d para deter e reverter o desmatamento.<br \/>\n<strong>Sa\u00fade e clima<\/strong><\/p>\n<p>A COP30 integrou a sa\u00fade na agenda clim\u00e1tica, destacando impactos como doen\u00e7as respirat\u00f3rias, inseguran\u00e7a alimentar, sa\u00fade mental e acesso \u00e0 \u00e1gua.<\/p>\n<p>Reconhecimento de que a crise clim\u00e1tica demanda uma abordagem de sa\u00fade p\u00fablica, especialmente para popula\u00e7\u00f5es vulner\u00e1veis.]<\/p>\n<p>Apesar dos avan\u00e7os, a transi\u00e7\u00e3o dos combust\u00edveis f\u00f3sseis n\u00e3o teve um consenso claro: n\u00e3o foi acordado um plano global vinculante para elimina\u00e7\u00e3o r\u00e1pida de combust\u00edveis f\u00f3sseis.<\/p>\n<p>A meta de financiamento ainda \u00e9 objeto de tens\u00e3o: pa\u00edses em desenvolvimento pressionam por recursos mais previs\u00edveis e robustos.<\/p>\n<p>Progressos foram limitados em metano: ainda que alguns pa\u00edses tenham compromisso volunt\u00e1rio para reduzir metano, a cobertura n\u00e3o \u00e9 global e h\u00e1 falta de medidas vinculantes.<\/p>\n<p>Tens\u00f5es geopol\u00edticas permanecem, especialmente entre pa\u00edses desenvolvidos e em desenvolvimento, o que dificulta acordos mais ambiciosos.<\/p>\n<p>Em s\u00edntese, a\u00a0COP30 representa uma virada simb\u00f3lica, com um novo momento de mobiliza\u00e7\u00e3o global (\u201cmutir\u00e3o\u201d) para transformar compromissos clim\u00e1ticos em a\u00e7\u00e3o concreta.<br \/>\nH\u00e1 avan\u00e7os importantes em financiamento clim\u00e1tico, especialmente para adapta\u00e7\u00e3o, e em mecanismos para uma transi\u00e7\u00e3o justa.<br \/>\nNo entanto, n\u00e3o houve uma decis\u00e3o firme e unificada sobre o fim dos combust\u00edveis f\u00f3sseis, o que mostra limites nas negocia\u00e7\u00f5es.<br \/>\nA confer\u00eancia refor\u00e7ou a import\u00e2ncia da justi\u00e7a clim\u00e1tica, da participa\u00e7\u00e3o social (mulheres, ind\u00edgenas, governos locais) e da conex\u00e3o entre meio ambiente, sa\u00fade e desenvolvimento.<\/p>\n","protected":false},"excerpt":{"rendered":"<p>A COP30 lan\u00e7ou um chamado hist\u00f3rico para que a humanidade se una em um \u201cmutir\u00e3o\u201d contra as mudan\u00e7as clim\u00e1ticas. Houve aprova\u00e7\u00e3o de um pacote ambicioso de decis\u00f5es para fortalecer a implementa\u00e7\u00e3o do Acordo de Paris, com foco em mitiga\u00e7\u00e3o, adapta\u00e7\u00e3o, finan\u00e7as, tecnologia e capacita\u00e7\u00e3o. Foi aprovada a triplica\u00e7\u00e3o do financiamento para adapta\u00e7\u00e3o das popula\u00e7\u00f5es mais [&hellip;]<\/p>\n","protected":false},"author":4,"featured_media":85742,"comment_status":"closed","ping_status":"open","sticky":false,"template":"","format":"standard","meta":{"jetpack_post_was_ever_published":false,"_jetpack_newsletter_access":"","_jetpack_dont_email_post_to_subs":false,"_jetpack_newsletter_tier_id":0,"_jetpack_memberships_contains_paywalled_content":false,"_jetpack_memberships_contains_paid_content":false,"footnotes":"","jetpack_publicize_message":"","jetpack_publicize_feature_enabled":true,"jetpack_social_post_already_shared":true,"jetpack_social_options":{"image_generator_settings":{"template":"highway","default_image_id":0,"font":"","enabled":false},"version":2}},"categories":[4],"tags":[],"class_list":["post-85741","post","type-post","status-publish","format-standard","has-post-thumbnail","hentry","category-ambiente-geral"],"aioseo_notices":[],"jetpack_publicize_connections":[],"jetpack_featured_media_url":"https:\/\/www.jornalja.com.br\/ambiente\/wp-content\/uploads\/sites\/3\/2025\/11\/cop30-final.png","jetpack-related-posts":[{"id":85733,"url":"https:\/\/www.jornalja.com.br\/ambiente\/cop30-comeca-com-muita-expectativa-mas-ainda-longe-da-meta-para-conter-aquecimento-global-2\/","url_meta":{"origin":85741,"position":0},"title":"COP30 come\u00e7a com muita expectativa mas ainda longe da meta para conter aquecimento global","author":"da Reda\u00e7\u00e3o","date":"10 de novembro de 2025","format":false,"excerpt":"At\u00e9 agora, pouco mais de 100 pa\u00edses enviaram suas novas metas para 2035. Mas a maioria ainda est\u00e1 longe do necess\u00e1rio para conter o aquecimento global. Apenas dois - China e Nova Zel\u00e2ndia - t\u00eam planos compat\u00edveis com o limite de 1,5\u00b0C, e quase 90 pa\u00edses sequer apresentaram novos compromissos.\u2026","rel":"","context":"Em &quot;geral&quot;","block_context":{"text":"geral","link":"https:\/\/www.jornalja.com.br\/ambiente\/category\/geral\/"},"img":{"alt_text":"","src":"","width":0,"height":0},"classes":[]},{"id":85735,"url":"https:\/\/www.jornalja.com.br\/ambiente\/cop30-comeca-com-muita-expectativa-mas-ainda-longe-da-meta-para-conter-aquecimento-global-3\/","url_meta":{"origin":85741,"position":1},"title":"COP30 come\u00e7a com muita expectativa mas ainda longe da meta para conter aquecimento global","author":"da Reda\u00e7\u00e3o","date":"10 de novembro de 2025","format":false,"excerpt":"At\u00e9 agora, pouco mais de 100 pa\u00edses enviaram suas novas metas para 2035. Mas a maioria ainda est\u00e1 longe do necess\u00e1rio para conter o aquecimento global. Apenas dois - China e Nova Zel\u00e2ndia - t\u00eam planos compat\u00edveis com o limite de 1,5\u00b0C, e quase 90 pa\u00edses sequer apresentaram novos compromissos.\u2026","rel":"","context":"Em &quot;geral&quot;","block_context":{"text":"geral","link":"https:\/\/www.jornalja.com.br\/ambiente\/category\/geral\/"},"img":{"alt_text":"","src":"","width":0,"height":0},"classes":[]},{"id":85732,"url":"https:\/\/www.jornalja.com.br\/ambiente\/cop30-comeca-com-muita-expectativa-mas-ainda-longe-da-meta-para-conter-aquecimento-global\/","url_meta":{"origin":85741,"position":2},"title":"COP30 come\u00e7a com muita expectativa mas ainda longe da meta para conter aquecimento global","author":"da Reda\u00e7\u00e3o","date":"10 de novembro de 2025","format":false,"excerpt":"At\u00e9 agora, pouco mais de 100 pa\u00edses enviaram suas novas metas para 2035. Mas a maioria ainda est\u00e1 longe do necess\u00e1rio para conter o aquecimento global. Apenas dois - China e Nova Zel\u00e2ndia - t\u00eam planos compat\u00edveis com o limite de 1,5\u00b0C, e quase 90 pa\u00edses sequer apresentaram novos compromissos.\u2026","rel":"","context":"Em &quot;Ambiente J\u00c1-MAT\u00c9RIA&quot;","block_context":{"text":"Ambiente J\u00c1-MAT\u00c9RIA","link":"https:\/\/www.jornalja.com.br\/ambiente\/category\/ambiente-geral\/"},"img":{"alt_text":"","src":"https:\/\/i0.wp.com\/www.jornalja.com.br\/ambiente\/wp-content\/uploads\/sites\/3\/2025\/11\/cop30-presidente.png?resize=350%2C200&ssl=1","width":350,"height":200,"srcset":"https:\/\/i0.wp.com\/www.jornalja.com.br\/ambiente\/wp-content\/uploads\/sites\/3\/2025\/11\/cop30-presidente.png?resize=350%2C200&ssl=1 1x, https:\/\/i0.wp.com\/www.jornalja.com.br\/ambiente\/wp-content\/uploads\/sites\/3\/2025\/11\/cop30-presidente.png?resize=525%2C300&ssl=1 1.5x"},"classes":[]},{"id":77751,"url":"https:\/\/www.jornalja.com.br\/ambiente\/aprovado-o-projeto-de-lei-floripa-zona-livre-de-agrotoxico\/","url_meta":{"origin":85741,"position":3},"title":"Aprovado o Projeto de Lei Floripa Zona Livre de Agrot\u00f3xico","author":"da Reda\u00e7\u00e3o","date":"25 de setembro de 2019","format":false,"excerpt":"\u00a0 Aprovado na C\u00e2mara de Vereadores de Florian\u00f3polis, o projeto de autoria do vereador Marcos Jos\u00e9 de Abreu - Marquito (PSOL), que define como Zona Livre de Agrot\u00f3xico a produ\u00e7\u00e3o agr\u00edcola, pecu\u00e1ria, extrativista e as pr\u00e1ticas de manejo dos recursos naturais na parte insular do munic\u00edpio. A proposi\u00e7\u00e3o vai de\u2026","rel":"","context":"Em &quot;Ambiente J\u00c1-MAT\u00c9RIA&quot;","block_context":{"text":"Ambiente J\u00c1-MAT\u00c9RIA","link":"https:\/\/www.jornalja.com.br\/ambiente\/category\/ambiente-geral\/"},"img":{"alt_text":"","src":"","width":0,"height":0},"classes":[]},{"id":85744,"url":"https:\/\/www.jornalja.com.br\/ambiente\/pl-da-devastacao-em-retaliacao-ao-governo-oposicao-pode-derrubar-vetos-de-lula\/","url_meta":{"origin":85741,"position":4},"title":"Em retalia\u00e7\u00e3o ao governo, oposi\u00e7\u00e3o derruba vetos de Lula e restabelece o &#8220;PL da Devasta\u00e7\u00e3o&#8221;.","author":"da Reda\u00e7\u00e3o","date":"27 de novembro de 2025","format":false,"excerpt":"Em vota\u00e7\u00e3o conjunta no Congresso Nacional, nesta quinta-feira (27), foram derrubados\u00a0 os vetos do presidente Lula \u00e0 Lei Geral do Licenciamento Ambiental (Lei n\u00ba 15.190\/2025),\u00a0 o chamado\u00a0 \u201cPL da Devasta\u00e7\u00e3o\u201d. Aconteceu o que as organiza\u00e7\u00f5es de defesa ambiental temiam: a reabilita\u00e7\u00e3o dos dispositivos que autorizam autolicenciamento amplo, emiss\u00e3o autom\u00e1tica de\u2026","rel":"","context":"Em &quot;Ambiente J\u00c1-MAT\u00c9RIA&quot;","block_context":{"text":"Ambiente J\u00c1-MAT\u00c9RIA","link":"https:\/\/www.jornalja.com.br\/ambiente\/category\/ambiente-geral\/"},"img":{"alt_text":"","src":"https:\/\/i0.wp.com\/www.jornalja.com.br\/ambiente\/wp-content\/uploads\/sites\/3\/2025\/11\/pl-da-devastacao-mota-e-alcolumre-comemoram.png?resize=350%2C200&ssl=1","width":350,"height":200,"srcset":"https:\/\/i0.wp.com\/www.jornalja.com.br\/ambiente\/wp-content\/uploads\/sites\/3\/2025\/11\/pl-da-devastacao-mota-e-alcolumre-comemoram.png?resize=350%2C200&ssl=1 1x, https:\/\/i0.wp.com\/www.jornalja.com.br\/ambiente\/wp-content\/uploads\/sites\/3\/2025\/11\/pl-da-devastacao-mota-e-alcolumre-comemoram.png?resize=525%2C300&ssl=1 1.5x, https:\/\/i0.wp.com\/www.jornalja.com.br\/ambiente\/wp-content\/uploads\/sites\/3\/2025\/11\/pl-da-devastacao-mota-e-alcolumre-comemoram.png?resize=700%2C400&ssl=1 2x"},"classes":[]},{"id":82796,"url":"https:\/\/www.jornalja.com.br\/ambiente\/furnas-lanca-primeiro-leilao-de-certificados-de-energia-renovavel\/","url_meta":{"origin":85741,"position":5},"title":"Furnas lan\u00e7a primeiro leil\u00e3o de certificados de energia renov\u00e1vel","author":"da Reda\u00e7\u00e3o","date":"28 de dezembro de 2020","format":false,"excerpt":"Ser\u00e3o ofertados dois produtos para benefici\u00e1rio final\u00a0 e comercializador de energia. \u00c9 o primeiro leil\u00e3o desse tipo no pa\u00eds e foi lan\u00e7ado nesta segunda-feira 28, pela Furnas Centrais Eletrobras, subsidi\u00e1ria da Eletrobr\u00e1s. Edital com as regras para a compra de certificados de energia renov\u00e1vel I-REC, j\u00e1 est\u00e1 na p\u00e1gina da\u2026","rel":"","context":"Em &quot;Ambiente J\u00c1-MAT\u00c9RIA&quot;","block_context":{"text":"Ambiente J\u00c1-MAT\u00c9RIA","link":"https:\/\/www.jornalja.com.br\/ambiente\/category\/ambiente-geral\/"},"img":{"alt_text":"","src":"https:\/\/i0.wp.com\/www.jornalja.com.br\/ambiente\/wp-content\/uploads\/sites\/3\/2020\/12\/ambiente-ja-furnas.jpg?resize=350%2C200&ssl=1","width":350,"height":200,"srcset":"https:\/\/i0.wp.com\/www.jornalja.com.br\/ambiente\/wp-content\/uploads\/sites\/3\/2020\/12\/ambiente-ja-furnas.jpg?resize=350%2C200&ssl=1 1x, https:\/\/i0.wp.com\/www.jornalja.com.br\/ambiente\/wp-content\/uploads\/sites\/3\/2020\/12\/ambiente-ja-furnas.jpg?resize=525%2C300&ssl=1 1.5x"},"classes":[]}],"jetpack_shortlink":"https:\/\/wp.me\/pbKnZo-miV","jetpack_sharing_enabled":true,"_links":{"self":[{"href":"https:\/\/www.jornalja.com.br\/ambiente\/wp-json\/wp\/v2\/posts\/85741","targetHints":{"allow":["GET"]}}],"collection":[{"href":"https:\/\/www.jornalja.com.br\/ambiente\/wp-json\/wp\/v2\/posts"}],"about":[{"href":"https:\/\/www.jornalja.com.br\/ambiente\/wp-json\/wp\/v2\/types\/post"}],"author":[{"embeddable":true,"href":"https:\/\/www.jornalja.com.br\/ambiente\/wp-json\/wp\/v2\/users\/4"}],"replies":[{"embeddable":true,"href":"https:\/\/www.jornalja.com.br\/ambiente\/wp-json\/wp\/v2\/comments?post=85741"}],"version-history":[{"count":1,"href":"https:\/\/www.jornalja.com.br\/ambiente\/wp-json\/wp\/v2\/posts\/85741\/revisions"}],"predecessor-version":[{"id":85743,"href":"https:\/\/www.jornalja.com.br\/ambiente\/wp-json\/wp\/v2\/posts\/85741\/revisions\/85743"}],"wp:featuredmedia":[{"embeddable":true,"href":"https:\/\/www.jornalja.com.br\/ambiente\/wp-json\/wp\/v2\/media\/85742"}],"wp:attachment":[{"href":"https:\/\/www.jornalja.com.br\/ambiente\/wp-json\/wp\/v2\/media?parent=85741"}],"wp:term":[{"taxonomy":"category","embeddable":true,"href":"https:\/\/www.jornalja.com.br\/ambiente\/wp-json\/wp\/v2\/categories?post=85741"},{"taxonomy":"post_tag","embeddable":true,"href":"https:\/\/www.jornalja.com.br\/ambiente\/wp-json\/wp\/v2\/tags?post=85741"}],"curies":[{"name":"wp","href":"https:\/\/api.w.org\/{rel}","templated":true}]}}