{"id":85757,"date":"2025-12-15T19:47:04","date_gmt":"2025-12-15T22:47:04","guid":{"rendered":"https:\/\/www.jornalja.com.br\/ambiente\/?p=85757"},"modified":"2025-12-15T19:47:04","modified_gmt":"2025-12-15T22:47:04","slug":"moises-barboza-vai-presidir-a-camara-de-porto-alegre-em-2026","status":"publish","type":"post","link":"https:\/\/www.jornalja.com.br\/ambiente\/moises-barboza-vai-presidir-a-camara-de-porto-alegre-em-2026\/","title":{"rendered":"Mois\u00e9s Barboza vai presidir a C\u00e2mara de Porto Alegre em 2026"},"content":{"rendered":"<p>Mois\u00e9s Barboza, do PSDB,\u00a0 conhecido como o &#8220;Maluco do Bem&#8221;, ser\u00e1 o presidente da C\u00e2mara Municipal de Porto Alegre em 2026.\u00a0 E eleito na sess\u00e3o desta segunda-feira (15\/12), tomar\u00e1 posse no dia 5 de janeiro.<\/p>\n<p>Barboza est\u00e1 em seu terceiro mandato e \u00e9 vice-presidente no atual mandato. \u00c9 presidente do PSDB em Porto Alegre, em segundo mandato. Natural de S\u00e3o Borja, tem 47 anos, \u00e9 casado e tem dois filhos. Estudou na Escola T\u00e9cnica de Agricultura (ETA) em Viam\u00e3o e formou-se em Gest\u00e3o P\u00fablica. \u00c9 oficial R2 de Infantaria e l\u00edder da rede de a\u00e7\u00e3o social Malucos do Bem.<\/p>\n<figure id=\"attachment_85759\" aria-describedby=\"caption-attachment-85759\" style=\"width: 450px\" class=\"wp-caption alignnone\"><img decoding=\"async\" data-attachment-id=\"85759\" data-permalink=\"https:\/\/www.jornalja.com.br\/ambiente\/moises-barboza-vai-presidir-a-camara-de-porto-alegre-em-2026\/sessao-ordinaria-3\/\" data-orig-file=\"https:\/\/www.jornalja.com.br\/ambiente\/wp-content\/uploads\/sites\/3\/2025\/12\/camara-mesas-diretora-de-2026.jpg\" data-orig-size=\"675,450\" data-comments-opened=\"0\" data-image-meta=\"{&quot;aperture&quot;:&quot;2.8&quot;,&quot;credit&quot;:&quot;Elson Semp\\u00e9 Pedroso\/CMPA&quot;,&quot;camera&quot;:&quot;NIKON Z 9&quot;,&quot;caption&quot;:&quot;Elei\\u00e7\\u00e3o da Mesa Diretora para o ano de 2026. Vereador Mois\\u00e9s Barboza \\u00e9 eleito presidente.&quot;,&quot;created_timestamp&quot;:&quot;1765825239&quot;,&quot;copyright&quot;:&quot;Elson Semp\\u00e9 Pedroso\/CMPA - Uso p\\u00fablico, resguardado o cr\\u00e9dito obrigat\\u00f3rio&quot;,&quot;focal_length&quot;:&quot;16.5&quot;,&quot;iso&quot;:&quot;2500&quot;,&quot;shutter_speed&quot;:&quot;0.004&quot;,&quot;title&quot;:&quot;Sess\\u00e3o Ordin\\u00e1ria&quot;,&quot;orientation&quot;:&quot;0&quot;}\" data-image-title=\"Sess\u00e3o Ordin\u00e1ria\" data-image-description=\"\" data-image-caption=\"&lt;p&gt;Mesa Diretora do pr\u00f3ximo ano&lt;br \/&gt;\n(Foto: Elson Semp\u00e9 Pedroso\/CMPA )&lt;\/p&gt;\n\" data-large-file=\"https:\/\/www.jornalja.com.br\/ambiente\/wp-content\/uploads\/sites\/3\/2025\/12\/camara-mesas-diretora-de-2026.jpg\" class=\" wp-image-85759\" src=\"https:\/\/www.jornalja.com.br\/ambiente\/wp-content\/uploads\/sites\/3\/2025\/12\/camara-mesas-diretora-de-2026-300x200.jpg\" alt=\"\" width=\"450\" height=\"300\" srcset=\"https:\/\/www.jornalja.com.br\/ambiente\/wp-content\/uploads\/sites\/3\/2025\/12\/camara-mesas-diretora-de-2026-300x200.jpg 300w, https:\/\/www.jornalja.com.br\/ambiente\/wp-content\/uploads\/sites\/3\/2025\/12\/camara-mesas-diretora-de-2026.jpg 675w\" sizes=\"(max-width: 450px) 100vw, 450px\" \/><figcaption id=\"caption-attachment-85759\" class=\"wp-caption-text\">Mesa Diretora do pr\u00f3ximo ano<br \/>(Foto: Elson Semp\u00e9 Pedroso\/CMPA )<\/figcaption><\/figure>\n<p>A chapa \u00fanica para a Mesa Diretora de 2026 recebeu 34 votos favor\u00e1veis. Os seguintes parlamentares ser\u00e3o integrantes da Mesa:<\/p>\n<p>Mois\u00e9s Barboza (PSDB, presidente);<\/p>\n<p>Giovane Byl (Podemos, 1\u00ba vice-presidente);<\/p>\n<p>Fernanda Barth (PL, 2\u00aa vice-presidente);<\/p>\n<p>Rafael Fleck (MDB, 1\u00ba secret\u00e1rio);<\/p>\n<p>Ramiro Ros\u00e1rio (Novo, 2\u00ba secret\u00e1rio);<\/p>\n<p>Aldacir Oliboni (PT, 3\u00ba secret\u00e1rio);<\/p>\n<p>Roberto Robaina (PSOL, 4\u00ba secret\u00e1rio).<\/p>\n<p>Esta ser\u00e1 a primeira vez que Mois\u00e9s Barboza ir\u00e1 presidir o Legislativo. Atual vice-presidente da C\u00e2mara, ele est\u00e1 em seu terceiro mandato consecutivo como vereador da Capital.<\/p>\n","protected":false},"excerpt":{"rendered":"<p>Mois\u00e9s Barboza, do PSDB,\u00a0 conhecido como o &#8220;Maluco do Bem&#8221;, ser\u00e1 o presidente da C\u00e2mara Municipal de Porto Alegre em 2026.\u00a0 E eleito na sess\u00e3o desta segunda-feira (15\/12), tomar\u00e1 posse no dia 5 de janeiro. Barboza est\u00e1 em seu terceiro mandato e \u00e9 vice-presidente no atual mandato. \u00c9 presidente do PSDB em Porto Alegre, em [&hellip;]<\/p>\n","protected":false},"author":4,"featured_media":85758,"comment_status":"closed","ping_status":"open","sticky":false,"template":"","format":"standard","meta":{"jetpack_post_was_ever_published":false,"_jetpack_newsletter_access":"","_jetpack_dont_email_post_to_subs":false,"_jetpack_newsletter_tier_id":0,"_jetpack_memberships_contains_paywalled_content":false,"_jetpack_memberships_contains_paid_content":false,"footnotes":"","jetpack_publicize_message":"","jetpack_publicize_feature_enabled":true,"jetpack_social_post_already_shared":true,"jetpack_social_options":{"image_generator_settings":{"template":"highway","default_image_id":0,"font":"","enabled":false},"version":2}},"categories":[4],"tags":[],"class_list":["post-85757","post","type-post","status-publish","format-standard","has-post-thumbnail","hentry","category-ambiente-geral"],"aioseo_notices":[],"jetpack_publicize_connections":[],"jetpack_featured_media_url":"https:\/\/www.jornalja.com.br\/ambiente\/wp-content\/uploads\/sites\/3\/2025\/12\/camara-moises-barbosa.jpg","jetpack-related-posts":[{"id":83259,"url":"https:\/\/www.jornalja.com.br\/ambiente\/pedidos-de-poda-dobram-em-dois-anos-e-ja-sao-quase-15-mil-na-fila\/","url_meta":{"origin":85757,"position":0},"title":"Pedidos de poda dobram em dois anos e j\u00e1 s\u00e3o quase 15 mil na fila","author":"Felipe Uhr","date":"15 de julho de 2021","format":false,"excerpt":"S\u00e3o exatos 14.820 pedidos de poda de \u00e1rvores que se acumulam na Secretaria de Servi\u00e7os Urbanos de Porto Alegre. Houve uma redu\u00e7\u00e3o, pois no inicio do ano, havia quase 18 mil pedidos na fila de espera. Mesmo assim, o n\u00famero\u00a0 dobrou em dois anos. Os dados foram fornecidos pela pr\u00f3pria\u2026","rel":"","context":"Em &quot;Ambiente J\u00c1-MAT\u00c9RIA&quot;","block_context":{"text":"Ambiente J\u00c1-MAT\u00c9RIA","link":"https:\/\/www.jornalja.com.br\/ambiente\/category\/ambiente-geral\/"},"img":{"alt_text":"","src":"https:\/\/i0.wp.com\/www.jornalja.com.br\/ambiente\/wp-content\/uploads\/sites\/3\/2021\/07\/200929-cr-1030-smsurb-041a.jpg?resize=350%2C200&ssl=1","width":350,"height":200,"srcset":"https:\/\/i0.wp.com\/www.jornalja.com.br\/ambiente\/wp-content\/uploads\/sites\/3\/2021\/07\/200929-cr-1030-smsurb-041a.jpg?resize=350%2C200&ssl=1 1x, https:\/\/i0.wp.com\/www.jornalja.com.br\/ambiente\/wp-content\/uploads\/sites\/3\/2021\/07\/200929-cr-1030-smsurb-041a.jpg?resize=525%2C300&ssl=1 1.5x, https:\/\/i0.wp.com\/www.jornalja.com.br\/ambiente\/wp-content\/uploads\/sites\/3\/2021\/07\/200929-cr-1030-smsurb-041a.jpg?resize=700%2C400&ssl=1 2x"},"classes":[]},{"id":80334,"url":"https:\/\/www.jornalja.com.br\/ambiente\/juiza-julga-procedente-acao-contra-mudanca-no-plano-diretor-de-porto-alegre\/","url_meta":{"origin":85757,"position":1},"title":"Juiza julga procedente a\u00e7\u00e3o contra mudan\u00e7a no Plano Diretor de Porto Alegre","author":"da Reda\u00e7\u00e3o","date":"4 de janeiro de 2020","format":false,"excerpt":"\"Ante o exposto, julgo procedente a a\u00e7\u00e3o civil p\u00fablica para declarar a ilegalidade da Lei Complementar n. 780\/2015 e de todo o processo que levou a sua edi\u00e7\u00e3o\". Essa \u00e9 a decis\u00e3o da ju\u00edza Nadja Mara Zanella, da 10\u00aa Vara da Fazenda P\u00fablica, com data de 19 de dezembro. Ela\u2026","rel":"","context":"Em &quot;Ambiente J\u00c1-MAT\u00c9RIA&quot;","block_context":{"text":"Ambiente J\u00c1-MAT\u00c9RIA","link":"https:\/\/www.jornalja.com.br\/ambiente\/category\/ambiente-geral\/"},"img":{"alt_text":"","src":"https:\/\/i0.wp.com\/www.jornalja.com.br\/ambiente\/wp-content\/uploads\/sites\/3\/2020\/01\/Ponta-do-Arado-foto-Felipe-Farias-Preserva-Bel%C3%A9m-Novo-Divulga%C3%A7%C3%A3o.jpg?resize=350%2C200&ssl=1","width":350,"height":200,"srcset":"https:\/\/i0.wp.com\/www.jornalja.com.br\/ambiente\/wp-content\/uploads\/sites\/3\/2020\/01\/Ponta-do-Arado-foto-Felipe-Farias-Preserva-Bel%C3%A9m-Novo-Divulga%C3%A7%C3%A3o.jpg?resize=350%2C200&ssl=1 1x, https:\/\/i0.wp.com\/www.jornalja.com.br\/ambiente\/wp-content\/uploads\/sites\/3\/2020\/01\/Ponta-do-Arado-foto-Felipe-Farias-Preserva-Bel%C3%A9m-Novo-Divulga%C3%A7%C3%A3o.jpg?resize=525%2C300&ssl=1 1.5x, https:\/\/i0.wp.com\/www.jornalja.com.br\/ambiente\/wp-content\/uploads\/sites\/3\/2020\/01\/Ponta-do-Arado-foto-Felipe-Farias-Preserva-Bel%C3%A9m-Novo-Divulga%C3%A7%C3%A3o.jpg?resize=700%2C400&ssl=1 2x"},"classes":[]},{"id":76476,"url":"https:\/\/www.jornalja.com.br\/ambiente\/abertas-inscricoes-para-feira-agroecologica-da-camara-municipal\/","url_meta":{"origin":85757,"position":2},"title":"Abertas inscri\u00e7\u00f5es para Feira Agroecol\u00f3gica da C\u00e2mara Municipal","author":"Carlos Matsubara","date":"19 de agosto de 2019","format":false,"excerpt":"Est\u00e3o abertas as inscri\u00e7\u00f5es \u2013 a partir desta segunda-feira (19\/8) - para associa\u00e7\u00f5es e produtores de alimentos org\u00e2nicos e agroecol\u00f3gicos interessados em participar da Feira Agroecol\u00f3gica de Produtos Org\u00e2nicos Vereador Tarciso Flecha Negra promovida e a ser realizada na C\u00e2mara Municipal de Porto Alegre. Projeto piloto deliberado pela Mesa Diretora\u2026","rel":"","context":"Em &quot;Ambiente J\u00c1-MAT\u00c9RIA&quot;","block_context":{"text":"Ambiente J\u00c1-MAT\u00c9RIA","link":"https:\/\/www.jornalja.com.br\/ambiente\/category\/ambiente-geral\/"},"img":{"alt_text":"","src":"","width":0,"height":0},"classes":[]},{"id":82805,"url":"https:\/\/www.jornalja.com.br\/ambiente\/bndes-vai-realizar-estudo-para-concessao-de-servicos-no-jardim-botanico-de-porto-alegre\/","url_meta":{"origin":85757,"position":3},"title":"BNDES vai realizar estudo para concess\u00e3o de servi\u00e7os no Jardim Bot\u00e2nico de Porto Alegre \u00a0\u00a0","author":"Cleber Dioni Tentardini","date":"29 de dezembro de 2020","format":false,"excerpt":"A Secretaria do Meio Ambiente e Infraestrutura (SEMAI) contratou o Banco Nacional de Desenvolvimento Econ\u00f4mico e Social (BNDES) para realizar estudos visando \u00e0 concess\u00e3o de servi\u00e7os p\u00fablicos no Jardim Bot\u00e2nico de Porto Alegre e dos parques estaduais do Caracol, Delta do Jacu\u00ed, do Tainhas e do Turvo. A informa\u00e7\u00e3o foi\u2026","rel":"","context":"Em &quot;Ambiente J\u00c1-MAT\u00c9RIA&quot;","block_context":{"text":"Ambiente J\u00c1-MAT\u00c9RIA","link":"https:\/\/www.jornalja.com.br\/ambiente\/category\/ambiente-geral\/"},"img":{"alt_text":"","src":"https:\/\/i0.wp.com\/www.jornalja.com.br\/ambiente\/wp-content\/uploads\/sites\/3\/2020\/12\/jardim-botanico-foto-cmpa-e1609268514545.jpg?resize=350%2C200&ssl=1","width":350,"height":200,"srcset":"https:\/\/i0.wp.com\/www.jornalja.com.br\/ambiente\/wp-content\/uploads\/sites\/3\/2020\/12\/jardim-botanico-foto-cmpa-e1609268514545.jpg?resize=350%2C200&ssl=1 1x, https:\/\/i0.wp.com\/www.jornalja.com.br\/ambiente\/wp-content\/uploads\/sites\/3\/2020\/12\/jardim-botanico-foto-cmpa-e1609268514545.jpg?resize=525%2C300&ssl=1 1.5x"},"classes":[]},{"id":82992,"url":"https:\/\/www.jornalja.com.br\/ambiente\/iab-debate-mudancas-propostas-para-o-centro-historico-de-porto-alegre\/","url_meta":{"origin":85757,"position":4},"title":"IAB debate mudan\u00e7as propostas para o centro historico de Porto Alegre","author":"da Reda\u00e7\u00e3o","date":"13 de abril de 2021","format":false,"excerpt":"Nesta quarta-feira (14\/04), \u00e0s 19h30min, o Instituto de Arquitetos do Brasil (IAB RS) transmite na sua p\u00e1gina no Facebook um debate sobre o Programa de Reabilita\u00e7\u00e3o do Centro Hist\u00f3rico de Porto Alegre. Participam: o presidente do IAB RS, Rafael Passos, a arquiteta Maria Tereza Albano Fortini, mestre em Planejamento Urbano\u2026","rel":"","context":"Em &quot;Ambiente J\u00c1-MAT\u00c9RIA&quot;","block_context":{"text":"Ambiente J\u00c1-MAT\u00c9RIA","link":"https:\/\/www.jornalja.com.br\/ambiente\/category\/ambiente-geral\/"},"img":{"alt_text":"","src":"https:\/\/i0.wp.com\/www.jornalja.com.br\/ambiente\/wp-content\/uploads\/sites\/3\/2021\/04\/iab-debate.jpg?resize=350%2C200&ssl=1","width":350,"height":200,"srcset":"https:\/\/i0.wp.com\/www.jornalja.com.br\/ambiente\/wp-content\/uploads\/sites\/3\/2021\/04\/iab-debate.jpg?resize=350%2C200&ssl=1 1x, https:\/\/i0.wp.com\/www.jornalja.com.br\/ambiente\/wp-content\/uploads\/sites\/3\/2021\/04\/iab-debate.jpg?resize=525%2C300&ssl=1 1.5x, https:\/\/i0.wp.com\/www.jornalja.com.br\/ambiente\/wp-content\/uploads\/sites\/3\/2021\/04\/iab-debate.jpg?resize=700%2C400&ssl=1 2x"},"classes":[]},{"id":84942,"url":"https:\/\/www.jornalja.com.br\/ambiente\/caio-lustosa-grandes-empresas-sao-os-verdadeiros-prefeitos-de-porto-alegre\/","url_meta":{"origin":85757,"position":5},"title":"Caio Lustosa: \u201cGrandes empresas s\u00e3o os verdadeiros prefeitos de Porto Alegre&#8221;","author":"Elmar Bones","date":"25 de agosto de 2023","format":false,"excerpt":"\u00c0 beira dos 90 anos*, Caio Lustosa \u00a0n\u00e3o arreda p\u00e9 de uma milit\u00e2ncia que vem dos bancos acad\u00eamicos e se confunde com os prim\u00f3rdios da luta ambientalista no\u00a0 Rio Grande do Sul. Jornalista, advogado, vereador, secret\u00e1rio de Meio Ambiente, Caio acompanha, desolado, a \u201cmercantiliza\u00e7\u00e3o\u201d \u00a0dos parques e outro espa\u00e7os p\u00fablicos\u2026","rel":"","context":"Em &quot;Ambiente J\u00c1-MAT\u00c9RIA&quot;","block_context":{"text":"Ambiente J\u00c1-MAT\u00c9RIA","link":"https:\/\/www.jornalja.com.br\/ambiente\/category\/ambiente-geral\/"},"img":{"alt_text":"","src":"https:\/\/i0.wp.com\/www.jornalja.com.br\/ambiente\/wp-content\/uploads\/sites\/3\/2023\/08\/caio-lustosa-maos-ao-alto.jpg?resize=350%2C200&ssl=1","width":350,"height":200,"srcset":"https:\/\/i0.wp.com\/www.jornalja.com.br\/ambiente\/wp-content\/uploads\/sites\/3\/2023\/08\/caio-lustosa-maos-ao-alto.jpg?resize=350%2C200&ssl=1 1x, https:\/\/i0.wp.com\/www.jornalja.com.br\/ambiente\/wp-content\/uploads\/sites\/3\/2023\/08\/caio-lustosa-maos-ao-alto.jpg?resize=525%2C300&ssl=1 1.5x, https:\/\/i0.wp.com\/www.jornalja.com.br\/ambiente\/wp-content\/uploads\/sites\/3\/2023\/08\/caio-lustosa-maos-ao-alto.jpg?resize=700%2C400&ssl=1 2x, https:\/\/i0.wp.com\/www.jornalja.com.br\/ambiente\/wp-content\/uploads\/sites\/3\/2023\/08\/caio-lustosa-maos-ao-alto.jpg?resize=1050%2C600&ssl=1 3x, https:\/\/i0.wp.com\/www.jornalja.com.br\/ambiente\/wp-content\/uploads\/sites\/3\/2023\/08\/caio-lustosa-maos-ao-alto.jpg?resize=1400%2C800&ssl=1 4x"},"classes":[]}],"jetpack_shortlink":"https:\/\/wp.me\/pbKnZo-mjb","jetpack_sharing_enabled":true,"_links":{"self":[{"href":"https:\/\/www.jornalja.com.br\/ambiente\/wp-json\/wp\/v2\/posts\/85757","targetHints":{"allow":["GET"]}}],"collection":[{"href":"https:\/\/www.jornalja.com.br\/ambiente\/wp-json\/wp\/v2\/posts"}],"about":[{"href":"https:\/\/www.jornalja.com.br\/ambiente\/wp-json\/wp\/v2\/types\/post"}],"author":[{"embeddable":true,"href":"https:\/\/www.jornalja.com.br\/ambiente\/wp-json\/wp\/v2\/users\/4"}],"replies":[{"embeddable":true,"href":"https:\/\/www.jornalja.com.br\/ambiente\/wp-json\/wp\/v2\/comments?post=85757"}],"version-history":[{"count":3,"href":"https:\/\/www.jornalja.com.br\/ambiente\/wp-json\/wp\/v2\/posts\/85757\/revisions"}],"predecessor-version":[{"id":85762,"href":"https:\/\/www.jornalja.com.br\/ambiente\/wp-json\/wp\/v2\/posts\/85757\/revisions\/85762"}],"wp:featuredmedia":[{"embeddable":true,"href":"https:\/\/www.jornalja.com.br\/ambiente\/wp-json\/wp\/v2\/media\/85758"}],"wp:attachment":[{"href":"https:\/\/www.jornalja.com.br\/ambiente\/wp-json\/wp\/v2\/media?parent=85757"}],"wp:term":[{"taxonomy":"category","embeddable":true,"href":"https:\/\/www.jornalja.com.br\/ambiente\/wp-json\/wp\/v2\/categories?post=85757"},{"taxonomy":"post_tag","embeddable":true,"href":"https:\/\/www.jornalja.com.br\/ambiente\/wp-json\/wp\/v2\/tags?post=85757"}],"curies":[{"name":"wp","href":"https:\/\/api.w.org\/{rel}","templated":true}]}}