{"id":85777,"date":"2026-01-07T16:35:16","date_gmt":"2026-01-07T19:35:16","guid":{"rendered":"https:\/\/www.jornalja.com.br\/ambiente\/?p=85777"},"modified":"2026-01-07T16:35:26","modified_gmt":"2026-01-07T19:35:26","slug":"banco-do-brics-financia-construcao-do-primeiro-hospital-inteligente-do-sus-serao-14-em-rede","status":"publish","type":"post","link":"https:\/\/www.jornalja.com.br\/ambiente\/banco-do-brics-financia-construcao-do-primeiro-hospital-inteligente-do-sus-serao-14-em-rede\/","title":{"rendered":"Banco do Brics financia constru\u00e7\u00e3o do primeiro &#8220;hospital inteligente&#8221; do SUS; ser\u00e3o 14 em rede"},"content":{"rendered":"<p>O presidente da Rep\u00fablica Lula assinou nesta quarta-feira, 7\/01, em Bras\u00edlia, um contrato de US$ 320 milh\u00f5es (cerca de R$ 1,7 bilh\u00e3o) com o Novo Banco de Desenvolvimento (o &#8220;banco do Brics&#8221;) para a constru\u00e7\u00e3o do &#8220;primeiro hospital inteligente do SUS&#8221;, segundo o ministro da Sa\u00fade.<\/p>\n<p>Trata-se do &#8220;Instituto Tecnol\u00f3gico de Medicina Inteligente&#8221; (ITMI), que ter\u00e1 ainda R$ 110 milh\u00f5es do governo federal e R$ 55 milh\u00f5es do Estado de S\u00e3o Paulo, num investimento total de R$ 1,9 bilh\u00e3o.<\/p>\n<p>Concebido para ser refer\u00eancia nacional e modelo de assist\u00eancia em sa\u00fade totalmente digital para os pa\u00edses do BRICS, o hospital em S\u00e3o Paulo (SP) usar\u00e1 intelig\u00eancia artificial, telemedicina e conectividade integrada.<\/p>\n<p>O ITMI faz parte da &#8220;Rede Nacional de Hospitais e Servi\u00e7os Inteligentes&#8221;, que prev\u00ea investimento de R$ 4,8 bilh\u00f5es e 14 unidades interligadas.<\/p>\n<p>O projeto foi apresentado no Pal\u00e1cio do Planalto com a presen\u00e7a da ex-presidente Dilma Rousseff,\u00a0 que atualmente preside o NDB, Banco do BRICS.<\/p>\n<p>Na cerim\u00f4nia, Lula disse que \u201cprecisamos garantir que o povo mais humilde seja visto. \u00c9 para eles que governamos e temos que melhorar a sa\u00fade. Todos precisam ter o mesmo acesso \u00e0 mais alta tecnologia, ao melhor atendimento\u201d.<\/p>\n<p>Com inaugura\u00e7\u00e3o prevista para 2029,\u00a0 ITMI atender\u00e1 com foco em urg\u00eancia e emerg\u00eancia, assist\u00eancia especializada em medicina de emerg\u00eancia, terapia intensiva e neurologia. Ser\u00e3o 800 leitos: 250 de emerg\u00eancia, 350 unidades de UTI e 200 de enfermaria em geral, com capacidade para tratar cerca de 190 mil pacientes internados anualmente. Tamb\u00e9m est\u00e3o previstas 25 salas cir\u00fargicas para a realiza\u00e7\u00e3o de 27 mil cirurgias por ano.<br \/>\n&#8220;Hoje damos um passo hist\u00f3rico para o SUS, colocando-o na nova fronteira tecnol\u00f3gica da sa\u00fade mundial. Com esse investimento, a popula\u00e7\u00e3o ter\u00e1 acesso ao que h\u00e1 de mais moderno em tecnologia da informa\u00e7\u00e3o e intelig\u00eancia artificial, capazes de acelerar diagn\u00f3sticos, monitorar pacientes \u00e0 dist\u00e2ncia e tornar o atendimento mais eficiente\u201d, afirmou o ministro da Sa\u00fade, Alexandre Padilha.<br \/>\nViabilizado em tempo recorde, o financiamento foi garantido ap\u00f3s articula\u00e7\u00f5es do Minist\u00e9rio da Sa\u00fade junto ao NDB, e autoriza\u00e7\u00e3o concedida, ap\u00f3s aprova\u00e7\u00e3o da Comiss\u00e3o de Financiamentos Externos (COFIEX), do Minist\u00e9rio do Planejamento e Or\u00e7amento, em apenas seis meses. Isso representa uma redu\u00e7\u00e3o de quatro vezes do prazo m\u00e9dio desse tipo de processo.<br \/>\nDilma Rousseff destacou a import\u00e2ncia da parceria tecnol\u00f3gica em sa\u00fade com China e \u00cdndia. Para ela, \u00e9 fundamental que o Brasil compartilhe com os demais pa\u00edses do bloco suas experi\u00eancias com a inova\u00e7\u00e3o em sa\u00fade. \u201cPor estar na Am\u00e9rica Latina, esse hospital vai atrair a aten\u00e7\u00e3o de todos os outros pa\u00edses. Ele \u00e9 uma constru\u00e7\u00e3o muito pensada e tem uma escala compat\u00edvel com sua ambi\u00e7\u00e3o. A oferta de 800 novos leitos \u00e9 bastante significativa para um projeto-piloto. Os novos projetos do BRICS ser\u00e3o baseados nele\u201d, destacou.<br \/>\n<strong>Tecnologia para o SUS<\/strong><br \/>\nO Instituto Tecnol\u00f3gico de Medicina Inteligente tamb\u00e9m abrigar\u00e1 um Centro Nacional para Pesquisa Translacional e Inova\u00e7\u00e3o com foco em medicina de precis\u00e3o, ci\u00eancia de dados em sa\u00fade, algoritmos cl\u00ednicos, valida\u00e7\u00e3o de dispositivos m\u00e9dicos e avan\u00e7os tecnol\u00f3gicos.<br \/>\n<strong>(Com informa\u00e7\u00f5es do Minist\u00e9rio da Sa\u00fade)<\/strong><\/p>\n","protected":false},"excerpt":{"rendered":"<p>O presidente da Rep\u00fablica Lula assinou nesta quarta-feira, 7\/01, em Bras\u00edlia, um contrato de US$ 320 milh\u00f5es (cerca de R$ 1,7 bilh\u00e3o) com o Novo Banco de Desenvolvimento (o &#8220;banco do Brics&#8221;) para a constru\u00e7\u00e3o do &#8220;primeiro hospital inteligente do SUS&#8221;, segundo o ministro da Sa\u00fade. Trata-se do &#8220;Instituto Tecnol\u00f3gico de Medicina Inteligente&#8221; (ITMI), que [&hellip;]<\/p>\n","protected":false},"author":4,"featured_media":85780,"comment_status":"closed","ping_status":"open","sticky":false,"template":"","format":"standard","meta":{"jetpack_post_was_ever_published":false,"_jetpack_newsletter_access":"","_jetpack_dont_email_post_to_subs":false,"_jetpack_newsletter_tier_id":0,"_jetpack_memberships_contains_paywalled_content":false,"_jetpack_memberships_contains_paid_content":false,"footnotes":"","jetpack_publicize_message":"","jetpack_publicize_feature_enabled":true,"jetpack_social_post_already_shared":true,"jetpack_social_options":{"image_generator_settings":{"template":"highway","default_image_id":0,"font":"","enabled":false},"version":2}},"categories":[4],"tags":[],"class_list":["post-85777","post","type-post","status-publish","format-standard","has-post-thumbnail","hentry","category-ambiente-geral"],"aioseo_notices":[],"jetpack_publicize_connections":[],"jetpack_featured_media_url":"https:\/\/www.jornalja.com.br\/ambiente\/wp-content\/uploads\/sites\/3\/2026\/01\/saude-brics.jpeg","jetpack-related-posts":[{"id":79598,"url":"https:\/\/www.jornalja.com.br\/ambiente\/credito-alavanca-investimentos-em-energias-renovaveis\/","url_meta":{"origin":85777,"position":0},"title":"Cr\u00e9dito alavanca investimentos em energias renov\u00e1veis","author":"da Reda\u00e7\u00e3o","date":"29 de novembro de 2019","format":false,"excerpt":"O\u00a0 Fundo Clima, linha de cr\u00e9dito do Banco Mundial, repassada no Brasil pelo BNDES, est\u00e1 na origem da expans\u00e3o geom\u00e9trica de projetos de energia e\u00f3lica e solar, nos \u00faltimos cinco anos. Com juros de 3,4% ao ano, \u00e9 um cr\u00e9dito para pequenos projetos, com limite de valores para pessoas jur\u00eddicas:\u2026","rel":"","context":"Em &quot;Ambiente J\u00c1-MAT\u00c9RIA&quot;","block_context":{"text":"Ambiente J\u00c1-MAT\u00c9RIA","link":"https:\/\/www.jornalja.com.br\/ambiente\/category\/ambiente-geral\/"},"img":{"alt_text":"","src":"","width":0,"height":0},"classes":[]},{"id":82643,"url":"https:\/\/www.jornalja.com.br\/ambiente\/dinheiro-da-holanda-alemanha-e-noruega-banca-desmatadores-no-brasil\/","url_meta":{"origin":85777,"position":1},"title":"Dinheiro da Holanda, Alemanha e Noruega banca desmatadores no Brasil","author":"da Reda\u00e7\u00e3o","date":"16 de outubro de 2020","format":false,"excerpt":"Institui\u00e7\u00f5es financeiras da Holanda, Alemanha e Noruega t\u00eam grandes investimentos em companhias que atuam em setores que est\u00e3o ligados a a\u00e7\u00f5es de desmatamento dos principais biomas brasileiros. A compila\u00e7\u00e3o de tr\u00eas estudos realizados pela rede Fair Finance International (FFI) divulgada nesta quinta-feira (15) revelou que institui\u00e7\u00f5es financeiras da Holanda, Alemanha\u2026","rel":"","context":"Em &quot;Ambiente J\u00c1-MAT\u00c9RIA&quot;","block_context":{"text":"Ambiente J\u00c1-MAT\u00c9RIA","link":"https:\/\/www.jornalja.com.br\/ambiente\/category\/ambiente-geral\/"},"img":{"alt_text":"","src":"https:\/\/i0.wp.com\/www.jornalja.com.br\/ambiente\/wp-content\/uploads\/sites\/3\/2020\/10\/desmata-foto-daniel-beltra-greenpeace.jpg?resize=350%2C200&ssl=1","width":350,"height":200,"srcset":"https:\/\/i0.wp.com\/www.jornalja.com.br\/ambiente\/wp-content\/uploads\/sites\/3\/2020\/10\/desmata-foto-daniel-beltra-greenpeace.jpg?resize=350%2C200&ssl=1 1x, https:\/\/i0.wp.com\/www.jornalja.com.br\/ambiente\/wp-content\/uploads\/sites\/3\/2020\/10\/desmata-foto-daniel-beltra-greenpeace.jpg?resize=525%2C300&ssl=1 1.5x, https:\/\/i0.wp.com\/www.jornalja.com.br\/ambiente\/wp-content\/uploads\/sites\/3\/2020\/10\/desmata-foto-daniel-beltra-greenpeace.jpg?resize=700%2C400&ssl=1 2x"},"classes":[]},{"id":83395,"url":"https:\/\/www.jornalja.com.br\/ambiente\/uruguai-emirados-e-bangladesh-os-novos-socio-do-brics\/","url_meta":{"origin":85777,"position":2},"title":"Uruguai, Emirados e Bangladesh, os novos s\u00f3cio do BRICS","author":"da Reda\u00e7\u00e3o","date":"3 de setembro de 2021","format":false,"excerpt":"O Novo Banco de Desenvolvimento do BRICS (NDB, na sigla em ingl\u00eas) anunciou nesta quinta-feira que adicionar\u00e1 os Emirados \u00c1rabes Unidos, Uruguai e Bangladesh como seus membros mais recentes. \"Temos o prazer de receber os Emirados \u00c1rabes Unidos, Uruguai e Bangladesh \u00e0 fam\u00edlia do NDB. Os novos membros ter\u00e3o no\u2026","rel":"","context":"Em &quot;Ambiente J\u00c1-NOTAS&quot;","block_context":{"text":"Ambiente J\u00c1-NOTAS","link":"https:\/\/www.jornalja.com.br\/ambiente\/category\/notas-ambiente-ja\/"},"img":{"alt_text":"","src":"https:\/\/i0.wp.com\/www.jornalja.com.br\/ambiente\/wp-content\/uploads\/sites\/3\/2021\/09\/brics-sede-em-shangai.png?resize=350%2C200&ssl=1","width":350,"height":200,"srcset":"https:\/\/i0.wp.com\/www.jornalja.com.br\/ambiente\/wp-content\/uploads\/sites\/3\/2021\/09\/brics-sede-em-shangai.png?resize=350%2C200&ssl=1 1x, https:\/\/i0.wp.com\/www.jornalja.com.br\/ambiente\/wp-content\/uploads\/sites\/3\/2021\/09\/brics-sede-em-shangai.png?resize=525%2C300&ssl=1 1.5x, https:\/\/i0.wp.com\/www.jornalja.com.br\/ambiente\/wp-content\/uploads\/sites\/3\/2021\/09\/brics-sede-em-shangai.png?resize=700%2C400&ssl=1 2x"},"classes":[]},{"id":85677,"url":"https:\/\/www.jornalja.com.br\/ambiente\/saude-estrategia-do-cuidado-paliativo-completa-um-ano-no-brasil\/","url_meta":{"origin":85777,"position":3},"title":"Sa\u00fade: Estrat\u00e9gia do Cuidado Paliativo completa um ano no SUS","author":"da Reda\u00e7\u00e3o","date":"23 de julho de 2025","format":false,"excerpt":"Porto Alegre \u00e9 pioneira, iniciou em 1979. No mundo, foi Londres, em 1960. M\u00e1rcia Turcato A cidade de Porto Alegre \u00e9 pioneira no Brasil em Cuidados Paliativos, com um servi\u00e7o funcionando no Hospital de Cl\u00ednicas desde 1979. A estrat\u00e9gia do cuidado paliativo tem foco no al\u00edvio da dor, no controle\u2026","rel":"","context":"Em &quot;geral&quot;","block_context":{"text":"geral","link":"https:\/\/www.jornalja.com.br\/ambiente\/category\/geral\/"},"img":{"alt_text":"","src":"https:\/\/i0.wp.com\/www.jornalja.com.br\/ambiente\/wp-content\/uploads\/sites\/3\/2025\/07\/saude-cuidados-paliativos.jpg?resize=350%2C200&ssl=1","width":350,"height":200,"srcset":"https:\/\/i0.wp.com\/www.jornalja.com.br\/ambiente\/wp-content\/uploads\/sites\/3\/2025\/07\/saude-cuidados-paliativos.jpg?resize=350%2C200&ssl=1 1x, https:\/\/i0.wp.com\/www.jornalja.com.br\/ambiente\/wp-content\/uploads\/sites\/3\/2025\/07\/saude-cuidados-paliativos.jpg?resize=525%2C300&ssl=1 1.5x, https:\/\/i0.wp.com\/www.jornalja.com.br\/ambiente\/wp-content\/uploads\/sites\/3\/2025\/07\/saude-cuidados-paliativos.jpg?resize=700%2C400&ssl=1 2x, https:\/\/i0.wp.com\/www.jornalja.com.br\/ambiente\/wp-content\/uploads\/sites\/3\/2025\/07\/saude-cuidados-paliativos.jpg?resize=1050%2C600&ssl=1 3x"},"classes":[]}],"jetpack_shortlink":"https:\/\/wp.me\/pbKnZo-mjv","jetpack_sharing_enabled":true,"_links":{"self":[{"href":"https:\/\/www.jornalja.com.br\/ambiente\/wp-json\/wp\/v2\/posts\/85777","targetHints":{"allow":["GET"]}}],"collection":[{"href":"https:\/\/www.jornalja.com.br\/ambiente\/wp-json\/wp\/v2\/posts"}],"about":[{"href":"https:\/\/www.jornalja.com.br\/ambiente\/wp-json\/wp\/v2\/types\/post"}],"author":[{"embeddable":true,"href":"https:\/\/www.jornalja.com.br\/ambiente\/wp-json\/wp\/v2\/users\/4"}],"replies":[{"embeddable":true,"href":"https:\/\/www.jornalja.com.br\/ambiente\/wp-json\/wp\/v2\/comments?post=85777"}],"version-history":[{"count":3,"href":"https:\/\/www.jornalja.com.br\/ambiente\/wp-json\/wp\/v2\/posts\/85777\/revisions"}],"predecessor-version":[{"id":85781,"href":"https:\/\/www.jornalja.com.br\/ambiente\/wp-json\/wp\/v2\/posts\/85777\/revisions\/85781"}],"wp:featuredmedia":[{"embeddable":true,"href":"https:\/\/www.jornalja.com.br\/ambiente\/wp-json\/wp\/v2\/media\/85780"}],"wp:attachment":[{"href":"https:\/\/www.jornalja.com.br\/ambiente\/wp-json\/wp\/v2\/media?parent=85777"}],"wp:term":[{"taxonomy":"category","embeddable":true,"href":"https:\/\/www.jornalja.com.br\/ambiente\/wp-json\/wp\/v2\/categories?post=85777"},{"taxonomy":"post_tag","embeddable":true,"href":"https:\/\/www.jornalja.com.br\/ambiente\/wp-json\/wp\/v2\/tags?post=85777"}],"curies":[{"name":"wp","href":"https:\/\/api.w.org\/{rel}","templated":true}]}}