{"id":85794,"date":"2026-01-12T10:22:05","date_gmt":"2026-01-12T13:22:05","guid":{"rendered":"https:\/\/www.jornalja.com.br\/ambiente\/?p=85794"},"modified":"2026-01-12T10:22:05","modified_gmt":"2026-01-12T13:22:05","slug":"inpe-confirma-reducao-do-desmatamento-em-todos-os-biomas-brasileiros","status":"publish","type":"post","link":"https:\/\/www.jornalja.com.br\/ambiente\/inpe-confirma-reducao-do-desmatamento-em-todos-os-biomas-brasileiros\/","title":{"rendered":"INPE confirma redu\u00e7\u00e3o do desmatamento em todos os biomas brasileiros"},"content":{"rendered":"<p>O Instituto Nacional de Pesquisas Espaciais (Inpe) consolidou os dados do sistema de Monitoramento Anual da Supress\u00e3o de Vegeta\u00e7\u00e3o Nativa (Prodes) do ano de 2024 para todos os biomas brasileiros.<\/p>\n<p>A an\u00e1lise sobre as imagens dos alertas divulgados anteriormente confirmou a redu\u00e7\u00e3o da supress\u00e3o de vegeta\u00e7\u00e3o natural na maioria dos biomas monitorados, em rela\u00e7\u00e3o a 2023.<\/p>\n<p>Os dados consolidados apontam que entre os anos de 2023 e 2024 houve redu\u00e7\u00e3o do desmatamento nos seguintes biomas:<\/p>\n<p>Amaz\u00f4nia: 28,09%<\/p>\n<p>\u00c1rea n\u00e3o florestal na Amaz\u00f4nia: 5,27%<\/p>\n<p>Cerrado: 25,76%<\/p>\n<p>Mata Atl\u00e2ntica: 37,89%<\/p>\n<p>Pampa: 20,08%<\/p>\n<p>Os biomas Caatinga e Pantanal foram os \u00fanicos que apresentaram crescimento em rela\u00e7\u00e3o \u00e0s \u00e1reas que sofreram supress\u00e3o da vegeta\u00e7\u00e3o nativa.\u00a0Os aumentos foram de:<\/p>\n<p>Caatinga: 9,93%<\/p>\n<p>Pantanal: 16,5%<\/p>\n<p>De acordo com nota t\u00e9cnica divulgada pelo Inpe, somente \u00e9 considerada\u00a0supress\u00e3o a remo\u00e7\u00e3o da cobertura da vegeta\u00e7\u00e3o nativa, independentemente das caracter\u00edsticas da vegeta\u00e7\u00e3o e da futura utiliza\u00e7\u00e3o da \u00e1rea. \u00a0As an\u00e1lises s\u00e3o feitas a partir de imagens de sat\u00e9lites das \u00e1reas com supress\u00e3o, identificadas automaticamente e classificadas a partir dos \u00edndices de vegeta\u00e7\u00e3o. Depois passam por interpreta\u00e7\u00e3o visual.<\/p>\n<p>Na avalia\u00e7\u00e3o da vice-coordenadora do Programa do Inpe BiomasBR, Silvana Amaral, a queda no desmatamento na maioria dos biomas brasileiros entre 2023 e 2024 corrobora a efetividade e a import\u00e2ncia de pol\u00edticas p\u00fablicas de comando e controle, bem como de mecanismos regulat\u00f3rios como acordos e termos de conduta firmados entre sociedade civil e setores de com\u00e9rcio e exporta\u00e7\u00e3o de produtos agropecu\u00e1rios.<\/p>\n<p>A consolida\u00e7\u00e3o dos dados do Prodes serve para a an\u00e1lise de tend\u00eancias de m\u00e9dio e longo prazo do desmatamento no Brasil, de forma complementar aos resultados antecipados.<\/p>\n<p>S\u00e3o informa\u00e7\u00f5es que d\u00e3o subsidio \u00e0\u00a0constru\u00e7\u00e3o e implementa\u00e7\u00e3o de pol\u00edticas p\u00fablicas ambientais.<\/p>\n<p><strong>(Com informa\u00e7\u00f5es da Ag\u00eancia Brasil)<\/strong><\/p>\n","protected":false},"excerpt":{"rendered":"<p>O Instituto Nacional de Pesquisas Espaciais (Inpe) consolidou os dados do sistema de Monitoramento Anual da Supress\u00e3o de Vegeta\u00e7\u00e3o Nativa (Prodes) do ano de 2024 para todos os biomas brasileiros. A an\u00e1lise sobre as imagens dos alertas divulgados anteriormente confirmou a redu\u00e7\u00e3o da supress\u00e3o de vegeta\u00e7\u00e3o natural na maioria dos biomas monitorados, em rela\u00e7\u00e3o a [&hellip;]<\/p>\n","protected":false},"author":4,"featured_media":85795,"comment_status":"closed","ping_status":"open","sticky":false,"template":"","format":"standard","meta":{"jetpack_post_was_ever_published":false,"_jetpack_newsletter_access":"","_jetpack_dont_email_post_to_subs":false,"_jetpack_newsletter_tier_id":0,"_jetpack_memberships_contains_paywalled_content":false,"_jetpack_memberships_contains_paid_content":false,"footnotes":"","jetpack_publicize_message":"","jetpack_publicize_feature_enabled":true,"jetpack_social_post_already_shared":true,"jetpack_social_options":{"image_generator_settings":{"template":"highway","default_image_id":0,"font":"","enabled":false},"version":2}},"categories":[4],"tags":[],"class_list":["post-85794","post","type-post","status-publish","format-standard","has-post-thumbnail","hentry","category-ambiente-geral"],"aioseo_notices":[],"jetpack_publicize_connections":[],"jetpack_featured_media_url":"https:\/\/www.jornalja.com.br\/ambiente\/wp-content\/uploads\/sites\/3\/2026\/01\/ambiente-ja-queda-desmatamentio.png","jetpack-related-posts":[{"id":85727,"url":"https:\/\/www.jornalja.com.br\/ambiente\/professora-da-ufrgs-vai-ser-a-voz-do-pampa-na-cop-30-em-belem\/","url_meta":{"origin":85794,"position":0},"title":"Professora da UFRGS vai ser a voz do pampa na COP 30 em Bel\u00e9m","author":"da Reda\u00e7\u00e3o","date":"23 de outubro de 2025","format":false,"excerpt":"M\u00e1rcia Turcato Tatiana Mora Kuplich, tecnologista da Divis\u00e3o de Observa\u00e7\u00e3o da Terra e Geoinform\u00e1tica do INPE- Instituto Nacional de Pesquisas Espaciais, \u00e9 a mulher que vai falar sobre o bioma Pampa em evento no \u00e2mbito da COP 30, a confer\u00eancia internacional sobre mudan\u00e7as clim\u00e1ticas, em Bel\u00e9m, de 10 a 21\u2026","rel":"","context":"Em &quot;Ambiente J\u00c1-MAT\u00c9RIA&quot;","block_context":{"text":"Ambiente J\u00c1-MAT\u00c9RIA","link":"https:\/\/www.jornalja.com.br\/ambiente\/category\/ambiente-geral\/"},"img":{"alt_text":"","src":"https:\/\/i0.wp.com\/www.jornalja.com.br\/ambiente\/wp-content\/uploads\/sites\/3\/2025\/10\/pampa-professora-que-vai-a-cop30.jpg?resize=350%2C200&ssl=1","width":350,"height":200,"srcset":"https:\/\/i0.wp.com\/www.jornalja.com.br\/ambiente\/wp-content\/uploads\/sites\/3\/2025\/10\/pampa-professora-que-vai-a-cop30.jpg?resize=350%2C200&ssl=1 1x, https:\/\/i0.wp.com\/www.jornalja.com.br\/ambiente\/wp-content\/uploads\/sites\/3\/2025\/10\/pampa-professora-que-vai-a-cop30.jpg?resize=525%2C300&ssl=1 1.5x, https:\/\/i0.wp.com\/www.jornalja.com.br\/ambiente\/wp-content\/uploads\/sites\/3\/2025\/10\/pampa-professora-que-vai-a-cop30.jpg?resize=700%2C400&ssl=1 2x"},"classes":[]},{"id":85359,"url":"https:\/\/www.jornalja.com.br\/ambiente\/maior-proporcao-de-municipios-com-perdas-de-vegetacao-nativa-e-do-bioma-pampa-35\/","url_meta":{"origin":85794,"position":1},"title":"Maior propor\u00e7\u00e3o de munic\u00edpios com perdas de vegeta\u00e7\u00e3o nativa \u00e9 do bioma Pampa: 35%","author":"S\u00e9rgio Lagranha","date":"21 de agosto de 2024","format":false,"excerpt":"Novos dados do MapBiomas mostram que a perda hist\u00f3rica de \u00e1reas naturais no Brasil at\u00e9 1985 totalizava 20% do territ\u00f3rio. Nos 39 anos seguintes (1985-2023), essa perda avan\u00e7ou para outros 13% do territ\u00f3rio (110 milh\u00f5es de hectares), totalizando em 2023 a marca de 33%. \u00a0As perdas neste per\u00edodo mais recente\u2026","rel":"","context":"Em &quot;Ambiente J\u00c1-MAT\u00c9RIA&quot;","block_context":{"text":"Ambiente J\u00c1-MAT\u00c9RIA","link":"https:\/\/www.jornalja.com.br\/ambiente\/category\/ambiente-geral\/"},"img":{"alt_text":"","src":"https:\/\/i0.wp.com\/www.jornalja.com.br\/ambiente\/wp-content\/uploads\/sites\/3\/2021\/05\/16199781547452055413755372922651.jpg?resize=350%2C200&ssl=1","width":350,"height":200,"srcset":"https:\/\/i0.wp.com\/www.jornalja.com.br\/ambiente\/wp-content\/uploads\/sites\/3\/2021\/05\/16199781547452055413755372922651.jpg?resize=350%2C200&ssl=1 1x, https:\/\/i0.wp.com\/www.jornalja.com.br\/ambiente\/wp-content\/uploads\/sites\/3\/2021\/05\/16199781547452055413755372922651.jpg?resize=525%2C300&ssl=1 1.5x"},"classes":[]},{"id":81939,"url":"https:\/\/www.jornalja.com.br\/ambiente\/mpsc-e-mpf-recomendam-que-lei-da-mata-atlantica-tenha-prevalencia-sobre-o-codigo-florestal\/","url_meta":{"origin":85794,"position":2},"title":"MPSC e MPF recomendam que Lei da Mata Atl\u00e2ntica tenha preval\u00eancia sobre o C\u00f3digo Florestal","author":"da Reda\u00e7\u00e3o","date":"27 de abril de 2020","format":false,"excerpt":"O Minist\u00e9rio P\u00fablico de Santa Catarina (MPSC), em conjunto com o Minist\u00e9rio P\u00fablico Federal (MPF), expediu recomenda\u00e7\u00e3o administrativa para garantir que o Instituto Brasileiro do Meio Ambiente e dos Recursos Naturais Renov\u00e1veis (IBAMA) no Estado e o Instituto do Meio Ambiente do Estado de Santa Catarina (IMA) mantenham em suas\u2026","rel":"","context":"Em &quot;Ambiente J\u00c1-MAT\u00c9RIA&quot;","block_context":{"text":"Ambiente J\u00c1-MAT\u00c9RIA","link":"https:\/\/www.jornalja.com.br\/ambiente\/category\/ambiente-geral\/"},"img":{"alt_text":"","src":"https:\/\/i0.wp.com\/www.jornalja.com.br\/ambiente\/wp-content\/uploads\/sites\/3\/2020\/04\/Logo_SOS_Mata_Atl%C3%A2ntica-scaled.jpg?resize=350%2C200&ssl=1","width":350,"height":200,"srcset":"https:\/\/i0.wp.com\/www.jornalja.com.br\/ambiente\/wp-content\/uploads\/sites\/3\/2020\/04\/Logo_SOS_Mata_Atl%C3%A2ntica-scaled.jpg?resize=350%2C200&ssl=1 1x, https:\/\/i0.wp.com\/www.jornalja.com.br\/ambiente\/wp-content\/uploads\/sites\/3\/2020\/04\/Logo_SOS_Mata_Atl%C3%A2ntica-scaled.jpg?resize=525%2C300&ssl=1 1.5x, https:\/\/i0.wp.com\/www.jornalja.com.br\/ambiente\/wp-content\/uploads\/sites\/3\/2020\/04\/Logo_SOS_Mata_Atl%C3%A2ntica-scaled.jpg?resize=700%2C400&ssl=1 2x"},"classes":[]},{"id":83368,"url":"https:\/\/www.jornalja.com.br\/ambiente\/a-cada-ano-brasil-queima-area-maior-que-a-inglaterra\/","url_meta":{"origin":85794,"position":3},"title":"A cada ano, Brasil queima\u00a0\u00e1rea\u00a0maior que a Inglaterra","author":"S\u00e9rgio Lagranha","date":"23 de agosto de 2021","format":false,"excerpt":"Um levantamento in\u00e9dito, feito pelo Projeto MapBiomas ap\u00f3s analisar imagens de sat\u00e9lite entre 1985 e 2020, mostra o impacto do fogo sobre o territ\u00f3rio nacional. A cada um desses 36 anos o Brasil queimou uma \u00e1rea maior que a da Inglaterra: foram 150.957 km\u00b2 por ano, ou 1,8% territ\u00f3rio brasileiro.\u2026","rel":"","context":"Em &quot;Ambiente J\u00c1-MAT\u00c9RIA&quot;","block_context":{"text":"Ambiente J\u00c1-MAT\u00c9RIA","link":"https:\/\/www.jornalja.com.br\/ambiente\/category\/ambiente-geral\/"},"img":{"alt_text":"","src":"https:\/\/i0.wp.com\/www.jornalja.com.br\/ambiente\/wp-content\/uploads\/sites\/3\/2020\/09\/ambiente-queimadas-mapa-inpe.jpg?resize=350%2C200&ssl=1","width":350,"height":200,"srcset":"https:\/\/i0.wp.com\/www.jornalja.com.br\/ambiente\/wp-content\/uploads\/sites\/3\/2020\/09\/ambiente-queimadas-mapa-inpe.jpg?resize=350%2C200&ssl=1 1x, https:\/\/i0.wp.com\/www.jornalja.com.br\/ambiente\/wp-content\/uploads\/sites\/3\/2020\/09\/ambiente-queimadas-mapa-inpe.jpg?resize=525%2C300&ssl=1 1.5x, https:\/\/i0.wp.com\/www.jornalja.com.br\/ambiente\/wp-content\/uploads\/sites\/3\/2020\/09\/ambiente-queimadas-mapa-inpe.jpg?resize=700%2C400&ssl=1 2x"},"classes":[]},{"id":85038,"url":"https:\/\/www.jornalja.com.br\/ambiente\/brasil-perde-15-de-florestas-naturais-em-quase-40-anos-diz-mapbiomas\/","url_meta":{"origin":85794,"position":4},"title":"Brasil perde 15% de florestas naturais em quase 40 anos, diz MapBiomas","author":"Cleber Dioni Tentardini","date":"20 de outubro de 2023","format":false,"excerpt":"Em novo levantamento, a rede MapBiomas constatou que, entre 1985 e 2022, houve redu\u00e7\u00e3o de 15% da \u00e1rea ocupada por florestas naturais no pa\u00eds, passando de 581,6 milh\u00f5es de hectares para 494,1 milh\u00f5es de hectares. O principal fator de devasta\u00e7\u00e3o foi a apropria\u00e7\u00e3o da agropecu\u00e1ria, e os \u00faltimos cinco anos\u2026","rel":"","context":"Em &quot;Ambiente J\u00c1-MAT\u00c9RIA&quot;","block_context":{"text":"Ambiente J\u00c1-MAT\u00c9RIA","link":"https:\/\/www.jornalja.com.br\/ambiente\/category\/ambiente-geral\/"},"img":{"alt_text":"","src":"https:\/\/i0.wp.com\/www.jornalja.com.br\/ambiente\/wp-content\/uploads\/sites\/3\/2020\/09\/amazonia-desmatamento-cresce-40.jpg?resize=350%2C200&ssl=1","width":350,"height":200,"srcset":"https:\/\/i0.wp.com\/www.jornalja.com.br\/ambiente\/wp-content\/uploads\/sites\/3\/2020\/09\/amazonia-desmatamento-cresce-40.jpg?resize=350%2C200&ssl=1 1x, https:\/\/i0.wp.com\/www.jornalja.com.br\/ambiente\/wp-content\/uploads\/sites\/3\/2020\/09\/amazonia-desmatamento-cresce-40.jpg?resize=525%2C300&ssl=1 1.5x, https:\/\/i0.wp.com\/www.jornalja.com.br\/ambiente\/wp-content\/uploads\/sites\/3\/2020\/09\/amazonia-desmatamento-cresce-40.jpg?resize=700%2C400&ssl=1 2x"},"classes":[]},{"id":85174,"url":"https:\/\/www.jornalja.com.br\/ambiente\/pecuaria-e-principal-causa-do-desmatamento-na-amazonia-diz-estudo-lancado-na-cop28\/","url_meta":{"origin":85794,"position":5},"title":"Pecu\u00e1ria \u00e9 principal causa do desmatamento na Amaz\u00f4nia, diz estudo lan\u00e7ado na Cop28","author":"da Reda\u00e7\u00e3o","date":"8 de dezembro de 2023","format":false,"excerpt":"Um mapeamento in\u00e9dito do MapBiomas Amaz\u00f4nia, divulgado nesta sexta-feira (8) na 28\u00aa Confer\u00eancia das Na\u00e7\u00f5es Unidas para Mudan\u00e7a do Clima (COP 28), em Dubai, mostra que a pecu\u00e1ria foi o principal vetor de derrubada de vegeta\u00e7\u00e3o na Am\u00e9rica do Sul, no per\u00edodo de 1985 a 2022. O mapeamento\u00a0levou em considera\u00e7\u00e3o\u2026","rel":"","context":"Em &quot;Ambiente J\u00c1-MAT\u00c9RIA&quot;","block_context":{"text":"Ambiente J\u00c1-MAT\u00c9RIA","link":"https:\/\/www.jornalja.com.br\/ambiente\/category\/ambiente-geral\/"},"img":{"alt_text":"Foto: Marcello Casal Jr.\/Ag\u00eancia Brasil","src":"https:\/\/i0.wp.com\/www.jornalja.com.br\/ambiente\/wp-content\/uploads\/sites\/3\/2023\/12\/pecuaria.png?resize=350%2C200&ssl=1","width":350,"height":200,"srcset":"https:\/\/i0.wp.com\/www.jornalja.com.br\/ambiente\/wp-content\/uploads\/sites\/3\/2023\/12\/pecuaria.png?resize=350%2C200&ssl=1 1x, https:\/\/i0.wp.com\/www.jornalja.com.br\/ambiente\/wp-content\/uploads\/sites\/3\/2023\/12\/pecuaria.png?resize=525%2C300&ssl=1 1.5x"},"classes":[]}],"jetpack_shortlink":"https:\/\/wp.me\/pbKnZo-mjM","jetpack_sharing_enabled":true,"_links":{"self":[{"href":"https:\/\/www.jornalja.com.br\/ambiente\/wp-json\/wp\/v2\/posts\/85794","targetHints":{"allow":["GET"]}}],"collection":[{"href":"https:\/\/www.jornalja.com.br\/ambiente\/wp-json\/wp\/v2\/posts"}],"about":[{"href":"https:\/\/www.jornalja.com.br\/ambiente\/wp-json\/wp\/v2\/types\/post"}],"author":[{"embeddable":true,"href":"https:\/\/www.jornalja.com.br\/ambiente\/wp-json\/wp\/v2\/users\/4"}],"replies":[{"embeddable":true,"href":"https:\/\/www.jornalja.com.br\/ambiente\/wp-json\/wp\/v2\/comments?post=85794"}],"version-history":[{"count":1,"href":"https:\/\/www.jornalja.com.br\/ambiente\/wp-json\/wp\/v2\/posts\/85794\/revisions"}],"predecessor-version":[{"id":85796,"href":"https:\/\/www.jornalja.com.br\/ambiente\/wp-json\/wp\/v2\/posts\/85794\/revisions\/85796"}],"wp:featuredmedia":[{"embeddable":true,"href":"https:\/\/www.jornalja.com.br\/ambiente\/wp-json\/wp\/v2\/media\/85795"}],"wp:attachment":[{"href":"https:\/\/www.jornalja.com.br\/ambiente\/wp-json\/wp\/v2\/media?parent=85794"}],"wp:term":[{"taxonomy":"category","embeddable":true,"href":"https:\/\/www.jornalja.com.br\/ambiente\/wp-json\/wp\/v2\/categories?post=85794"},{"taxonomy":"post_tag","embeddable":true,"href":"https:\/\/www.jornalja.com.br\/ambiente\/wp-json\/wp\/v2\/tags?post=85794"}],"curies":[{"name":"wp","href":"https:\/\/api.w.org\/{rel}","templated":true}]}}