{"id":85803,"date":"2026-01-18T23:15:20","date_gmt":"2026-01-19T02:15:20","guid":{"rendered":"https:\/\/www.jornalja.com.br\/geral\/?p=100621"},"modified":"2026-01-20T11:23:28","modified_gmt":"2026-01-20T14:23:28","slug":"privatizacao-da-agua-e-manchete-nos-jornais-deste-fim-de-semana-em-londres","status":"publish","type":"post","link":"https:\/\/www.jornalja.com.br\/ambiente\/privatizacao-da-agua-e-manchete-nos-jornais-deste-fim-de-semana-em-londres\/","title":{"rendered":"Privatiza\u00e7\u00e3o da \u00e1gua foi manchete nos jornais deste fim de semana (em Londres)"},"content":{"rendered":"<p>A privatiza\u00e7\u00e3o dos servi\u00e7os de abastecimento de \u00e1gua foi manchete neste fim de semana.<\/p>\n<p>N\u00e3o em Porto Alegre, onde um pol\u00eamico projeto de concess\u00e3o est\u00e1 em exame na C\u00e2mara de Vereadores.<\/p>\n<p>Foi em Londres, onde o princ\u00edpio de delegar servi\u00e7os p\u00fablicos \u00e0 iniciativa privada se instaurou, com Margaret Thatcher, h\u00e1 quase meio s\u00e9culo.<\/p>\n<p>\u201cComo as empresas de \u00e1gua se tornaram uma vergonha nacional\u201d foi a manchete de The Independent, no s\u00e1bado.<\/p>\n<p>O jornal diz que a Thames Water (empresa que atende Londres) \u201cperdeu toda a credibilidade\u201d depois das \u00faltimas falhas que deixaram Kent e Sussex, na regi\u00e3o metropolitana de Londres, toda a semana sem \u00e1gua. Foram 75 acidentes num per\u00edodo em que as tarifas subiram 35%. &#8220;O dinheiro que deveria ter sido gasto na manuten\u00e7\u00e3o e repara\u00e7\u00e3o foi desviado para dividendos e b\u00f4nus aos acionistas&#8221;.<\/p>\n<p>Apesar das altas tarifas, a empresa deve bilh\u00f5es de libras, mas \u201cos dividendos dos acionistas e os b\u00f4nus dos executivos n\u00e3o foram afetados\u201d, diz o jornal.<\/p>\n<p>Sob investiga\u00e7\u00e3o da ag\u00eancia reguladora, n\u00e3o \u00e9 descartada uma &#8220;nacionaliza\u00e7\u00e3o de emerg\u00eancia&#8221;.\u00a0 O problema seria o custo disso, por que l\u00e1 houve a venda do patrim\u00f4nio p\u00fablico, que agora o poder p\u00fablico n\u00e3o tem como reaver.<\/p>\n<p>Os jornais destacam o plano de reforma (&#8220;white paper&#8221;) a ser apresentado pelo governo que prev\u00ea puni\u00e7\u00f5es severas, incluindo multas pagas do pr\u00f3prio bolso por executivos de empresas de \u00e1gua em caso de falhas graves.<\/p>\n<p>Destacam ainda os jornais londrinos que \u201ca pol\u00eamica sobre a privatiza\u00e7\u00e3o da \u00e1gua \u00e9 um tema central em diversos pa\u00edses europeus, onde cresce um movimento por\u00a0reestatiza\u00e7\u00e3o\u00a0(ou &#8220;remunicipaliza\u00e7\u00e3o&#8221;).<\/p>\n<p>A Fran\u00e7a \u201ctornou-se o s\u00edmbolo da revers\u00e3o desse modelo\u201d. Em 2010, a capital n\u00e3o renovou contratos com gigantes como Veolia e Suez, criando a operadora p\u00fablica\u00a0Eau de Paris, que anunciou redu\u00e7\u00e3o de tarifas e melhoria na efici\u00eancia.<\/p>\n<p>Outros pontos destacados nas edi\u00e7\u00f5es dos jornais (londrinos):<\/p>\n<p>Alemanha: \u201cAp\u00f3s forte press\u00e3o popular e um referendo, Berlim recomprou as a\u00e7\u00f5es de sua empresa de saneamento entre 2012 e 2013\u201d.<\/p>\n<p>Espanha: \u201cCidades como Barcelona e Arenys de Munt t\u00eam sido palcos de batalhas jur\u00eddicas entre prefeituras que tentam retomar o controle da \u00e1gua e concession\u00e1rias privadas que alegam quebra de contrato\u201d.<\/p>\n<p>Portugal: &#8220;H\u00e1 uma tend\u00eancia de remunicipaliza\u00e7\u00e3o em v\u00e1rias autarquias devido ao aumento excessivo das tarifas e \u00e0 falta de investimento em infraestrutura rural&#8221;.<\/p>\n<p>&nbsp;<\/p>\n","protected":false},"excerpt":{"rendered":"<p>A privatiza\u00e7\u00e3o dos servi\u00e7os de abastecimento de \u00e1gua foi manchete neste fim de semana. N\u00e3o em Porto Alegre, onde um pol\u00eamico projeto de concess\u00e3o est\u00e1 em exame na C\u00e2mara de Vereadores. Foi em Londres, onde o princ\u00edpio de delegar servi\u00e7os p\u00fablicos \u00e0 iniciativa privada se instaurou, com Margaret Thatcher, h\u00e1 quase meio s\u00e9culo. \u201cComo as [&hellip;]<\/p>\n","protected":false},"author":5,"featured_media":85805,"comment_status":"closed","ping_status":"open","sticky":false,"template":"","format":"standard","meta":{"jetpack_post_was_ever_published":false,"_jetpack_newsletter_access":"","_jetpack_dont_email_post_to_subs":false,"_jetpack_newsletter_tier_id":0,"_jetpack_memberships_contains_paywalled_content":false,"_jetpack_memberships_contains_paid_content":false,"footnotes":"","jetpack_publicize_message":"","jetpack_publicize_feature_enabled":true,"jetpack_social_post_already_shared":true,"jetpack_social_options":{"image_generator_settings":{"template":"highway","default_image_id":0,"font":"","enabled":false},"version":2}},"categories":[4],"tags":[],"class_list":["post-85803","post","type-post","status-publish","format-standard","has-post-thumbnail","hentry","category-ambiente-geral"],"aioseo_notices":[],"jetpack_publicize_connections":[],"jetpack_featured_media_url":"https:\/\/www.jornalja.com.br\/ambiente\/wp-content\/uploads\/sites\/3\/2026\/01\/privatizacao-da-agua.png","jetpack-related-posts":[{"id":83379,"url":"https:\/\/www.jornalja.com.br\/ambiente\/sindicato-dos-engenheiros-apresenta-contraponto-tecnico-a-privatizacao-da-corsan\/","url_meta":{"origin":85803,"position":0},"title":"Sindicato dos Engenheiros apresenta &#8220;contraponto t\u00e9cnico&#8221; \u00e0 privatiza\u00e7\u00e3o da Corsan","author":"da Reda\u00e7\u00e3o","date":"29 de agosto de 2021","format":false,"excerpt":"O projeto que autoriza o governador Eduardo Leite a privatizar a Companhia Riograndense de Saneamento (Corsan) tramita em regime de urg\u00eancia na Assembl\u00e9ia e vai \u00e0 vota\u00e7\u00e3o nesta ter\u00e7a-feira. A empresa atende\u00a0 317 dos 497 munic\u00edpios ga\u00fachos, com redes de \u00e1gua e esgoto. \u00c9 uma companhia mista com 99% das\u2026","rel":"","context":"Em &quot;Ambiente J\u00c1-MAT\u00c9RIA&quot;","block_context":{"text":"Ambiente J\u00c1-MAT\u00c9RIA","link":"https:\/\/www.jornalja.com.br\/ambiente\/category\/ambiente-geral\/"},"img":{"alt_text":"","src":"https:\/\/i0.wp.com\/www.jornalja.com.br\/ambiente\/wp-content\/uploads\/sites\/3\/2021\/08\/corsan-privatizacao.png?resize=350%2C200&ssl=1","width":350,"height":200,"srcset":"https:\/\/i0.wp.com\/www.jornalja.com.br\/ambiente\/wp-content\/uploads\/sites\/3\/2021\/08\/corsan-privatizacao.png?resize=350%2C200&ssl=1 1x, https:\/\/i0.wp.com\/www.jornalja.com.br\/ambiente\/wp-content\/uploads\/sites\/3\/2021\/08\/corsan-privatizacao.png?resize=525%2C300&ssl=1 1.5x, https:\/\/i0.wp.com\/www.jornalja.com.br\/ambiente\/wp-content\/uploads\/sites\/3\/2021\/08\/corsan-privatizacao.png?resize=700%2C400&ssl=1 2x"},"classes":[]},{"id":82655,"url":"https:\/\/www.jornalja.com.br\/ambiente\/brazil-water-week-no-final-a-comunicacao-e-o-que-fara-a-diferenca\/","url_meta":{"origin":85803,"position":1},"title":"Brazil Water Week: no final, a comunica\u00e7\u00e3o \u00e9 o que far\u00e1 a diferen\u00e7a","author":"da Reda\u00e7\u00e3o","date":"21 de outubro de 2020","format":false,"excerpt":"A Comunica\u00e7\u00e3o ser\u00e1 a cereja do bolo da Brazil Water Week (Semana da \u00c1gua no Brasil), evento internacional promovido online de 26 a 30 de outubro pela\u00a0ABES \u2013 Associa\u00e7\u00e3o Brasileira de Engenharia Sanit\u00e1ria e Ambiental, com participa\u00e7\u00e3o de debatedores de 15 pa\u00edses, mais de 100 palestrantes. \u201cO desafio da comunica\u00e7\u00e3o\u2026","rel":"","context":"Em &quot;Ambiente J\u00c1-MAT\u00c9RIA&quot;","block_context":{"text":"Ambiente J\u00c1-MAT\u00c9RIA","link":"https:\/\/www.jornalja.com.br\/ambiente\/category\/ambiente-geral\/"},"img":{"alt_text":"","src":"https:\/\/i0.wp.com\/www.jornalja.com.br\/ambiente\/wp-content\/uploads\/sites\/3\/2020\/10\/water.jpg?resize=350%2C200&ssl=1","width":350,"height":200,"srcset":"https:\/\/i0.wp.com\/www.jornalja.com.br\/ambiente\/wp-content\/uploads\/sites\/3\/2020\/10\/water.jpg?resize=350%2C200&ssl=1 1x, https:\/\/i0.wp.com\/www.jornalja.com.br\/ambiente\/wp-content\/uploads\/sites\/3\/2020\/10\/water.jpg?resize=525%2C300&ssl=1 1.5x, https:\/\/i0.wp.com\/www.jornalja.com.br\/ambiente\/wp-content\/uploads\/sites\/3\/2020\/10\/water.jpg?resize=700%2C400&ssl=1 2x"},"classes":[]},{"id":82649,"url":"https:\/\/www.jornalja.com.br\/ambiente\/semana-da-agua-tem-sessoes-gratuitas-abertas-ao-publico\/","url_meta":{"origin":85803,"position":2},"title":"Semana da \u00e1gua tem sess\u00f5es gratuitas abertas ao p\u00fablico","author":"da Reda\u00e7\u00e3o","date":"20 de outubro de 2020","format":false,"excerpt":"De 26 a 30 de outubro, a Associa\u00e7\u00e3o Brasileira de Engenharia Sanit\u00e1ria e Ambiental \u2013 ABES promover\u00e1 em plataforma digital a\u00a0Brazil Water Week (Semana da \u00c1gua no Brasil), o\u00a0mais\u00a0importante evento internacional sobre \u00e1gua realizado no Brasil. Durante os cinco dias de transmiss\u00e3o online, convidados de pa\u00edses da Europa, Am\u00e9rica, \u00c1frica\u2026","rel":"","context":"Em &quot;Ambiente J\u00c1-MAT\u00c9RIA&quot;","block_context":{"text":"Ambiente J\u00c1-MAT\u00c9RIA","link":"https:\/\/www.jornalja.com.br\/ambiente\/category\/ambiente-geral\/"},"img":{"alt_text":"","src":"","width":0,"height":0},"classes":[]},{"id":76049,"url":"https:\/\/www.jornalja.com.br\/ambiente\/agua-desperdicada-no-pais-equivale-a-quase-sete-sistemas-cantareira\/","url_meta":{"origin":85803,"position":3},"title":"\u00c1gua desperdi\u00e7ada no pa\u00eds equivale a quase sete sistemas Cantareira","author":"Carlos Matsubara","date":"7 de agosto de 2019","format":false,"excerpt":"O volume de \u00e1gua que \u00e9 perdida no sistema de abastecimento vem crescendo no Brasil e chega a mais de 6,5 bilh\u00f5es de metros c\u00fabicos (m\u00b3) por ano, segundo estudo divulgado dia 05\/06 pelo Instituto Trata Brasil e a consultoria GO Associados. A quantidade de \u00e1gua \u00e9 equivalente a quase\u2026","rel":"","context":"Em &quot;Ambiente J\u00c1-MAT\u00c9RIA&quot;","block_context":{"text":"Ambiente J\u00c1-MAT\u00c9RIA","link":"https:\/\/www.jornalja.com.br\/ambiente\/category\/ambiente-geral\/"},"img":{"alt_text":"","src":"","width":0,"height":0},"classes":[]},{"id":84770,"url":"https:\/\/www.jornalja.com.br\/ambiente\/corte-de-arvores-no-parque-marinha-da-impulso-a-movimento-contra-privtizacao\/","url_meta":{"origin":85803,"position":4},"title":"Corte de \u00e1rvores no Parque Marinha d\u00e1 impulso a movimento contra privtiza\u00e7\u00e3o","author":"da Reda\u00e7\u00e3o","date":"28 de julho de 2023","format":false,"excerpt":"A pol\u00eamica sobre o corte de \u00e1rvores no parque Marinha do Brasil, na orla do Gua\u00edba, impulsionou nas redes um abaixo-assinado contra a concess\u00e3o da \u00e1rea de 70,7 hectares a uma empresa privada. O movimento denominado Coletivo Preserva Marinha, com apoio de v\u00e1rias entidades ambientalistas, come\u00e7ou antes da concess\u00e3o, selada\u2026","rel":"","context":"Em &quot;Ambiente J\u00c1-MAT\u00c9RIA&quot;","block_context":{"text":"Ambiente J\u00c1-MAT\u00c9RIA","link":"https:\/\/www.jornalja.com.br\/ambiente\/category\/ambiente-geral\/"},"img":{"alt_text":"","src":"https:\/\/i0.wp.com\/www.jornalja.com.br\/ambiente\/wp-content\/uploads\/sites\/3\/2023\/07\/kiyopteaxjmsqva-800x450-nopad.jpg?resize=350%2C200&ssl=1","width":350,"height":200,"srcset":"https:\/\/i0.wp.com\/www.jornalja.com.br\/ambiente\/wp-content\/uploads\/sites\/3\/2023\/07\/kiyopteaxjmsqva-800x450-nopad.jpg?resize=350%2C200&ssl=1 1x, https:\/\/i0.wp.com\/www.jornalja.com.br\/ambiente\/wp-content\/uploads\/sites\/3\/2023\/07\/kiyopteaxjmsqva-800x450-nopad.jpg?resize=525%2C300&ssl=1 1.5x, https:\/\/i0.wp.com\/www.jornalja.com.br\/ambiente\/wp-content\/uploads\/sites\/3\/2023\/07\/kiyopteaxjmsqva-800x450-nopad.jpg?resize=700%2C400&ssl=1 2x"},"classes":[]},{"id":83094,"url":"https:\/\/www.jornalja.com.br\/ambiente\/agapan-promove-atividades-para-comemorar-50-anos-em-defesa-do-meio-ambiente\/","url_meta":{"origin":85803,"position":5},"title":"Agapan promove atividades para comemorar 50 anos em defesa do meio ambiente","author":"Cleber Dioni Tentardini","date":"27 de abril de 2021","format":false,"excerpt":"A Agapan \u2013 Associa\u00e7\u00e3o Ga\u00facha de Prote\u00e7\u00e3o ao Ambiente Natural, uma das mais importantes e antigas entidades de defesa do ambiente no Brasil e na Am\u00e9rica Latina, em atividade desde 1971, est\u00e1 comemorando na noite desta ter\u00e7a-feira, 27 de abril de 2021, 50 anos de atividades ininterruptas. Ao longo de\u2026","rel":"","context":"Em &quot;Ambiente J\u00c1-MAT\u00c9RIA&quot;","block_context":{"text":"Ambiente J\u00c1-MAT\u00c9RIA","link":"https:\/\/www.jornalja.com.br\/ambiente\/category\/ambiente-geral\/"},"img":{"alt_text":"","src":"https:\/\/i0.wp.com\/www.jornalja.com.br\/ambiente\/wp-content\/uploads\/sites\/3\/2021\/04\/carneiro-e-lutz-foto-acervo-jc3a1-editores.jpg?resize=350%2C200&ssl=1","width":350,"height":200,"srcset":"https:\/\/i0.wp.com\/www.jornalja.com.br\/ambiente\/wp-content\/uploads\/sites\/3\/2021\/04\/carneiro-e-lutz-foto-acervo-jc3a1-editores.jpg?resize=350%2C200&ssl=1 1x, https:\/\/i0.wp.com\/www.jornalja.com.br\/ambiente\/wp-content\/uploads\/sites\/3\/2021\/04\/carneiro-e-lutz-foto-acervo-jc3a1-editores.jpg?resize=525%2C300&ssl=1 1.5x, https:\/\/i0.wp.com\/www.jornalja.com.br\/ambiente\/wp-content\/uploads\/sites\/3\/2021\/04\/carneiro-e-lutz-foto-acervo-jc3a1-editores.jpg?resize=700%2C400&ssl=1 2x"},"classes":[]}],"jetpack_shortlink":"https:\/\/wp.me\/pbKnZo-mjV","jetpack_sharing_enabled":true,"_links":{"self":[{"href":"https:\/\/www.jornalja.com.br\/ambiente\/wp-json\/wp\/v2\/posts\/85803","targetHints":{"allow":["GET"]}}],"collection":[{"href":"https:\/\/www.jornalja.com.br\/ambiente\/wp-json\/wp\/v2\/posts"}],"about":[{"href":"https:\/\/www.jornalja.com.br\/ambiente\/wp-json\/wp\/v2\/types\/post"}],"author":[{"embeddable":true,"href":"https:\/\/www.jornalja.com.br\/ambiente\/wp-json\/wp\/v2\/users\/5"}],"replies":[{"embeddable":true,"href":"https:\/\/www.jornalja.com.br\/ambiente\/wp-json\/wp\/v2\/comments?post=85803"}],"version-history":[{"count":1,"href":"https:\/\/www.jornalja.com.br\/ambiente\/wp-json\/wp\/v2\/posts\/85803\/revisions"}],"predecessor-version":[{"id":85807,"href":"https:\/\/www.jornalja.com.br\/ambiente\/wp-json\/wp\/v2\/posts\/85803\/revisions\/85807"}],"wp:featuredmedia":[{"embeddable":true,"href":"https:\/\/www.jornalja.com.br\/ambiente\/wp-json\/wp\/v2\/media\/85805"}],"wp:attachment":[{"href":"https:\/\/www.jornalja.com.br\/ambiente\/wp-json\/wp\/v2\/media?parent=85803"}],"wp:term":[{"taxonomy":"category","embeddable":true,"href":"https:\/\/www.jornalja.com.br\/ambiente\/wp-json\/wp\/v2\/categories?post=85803"},{"taxonomy":"post_tag","embeddable":true,"href":"https:\/\/www.jornalja.com.br\/ambiente\/wp-json\/wp\/v2\/tags?post=85803"}],"curies":[{"name":"wp","href":"https:\/\/api.w.org\/{rel}","templated":true}]}}