{"id":85809,"date":"2026-01-27T18:45:31","date_gmt":"2026-01-27T21:45:31","guid":{"rendered":"https:\/\/www.jornalja.com.br\/ambiente\/?p=85809"},"modified":"2026-01-27T18:45:31","modified_gmt":"2026-01-27T21:45:31","slug":"porto-em-arroio-do-sal-engenheiro-alerta-para-os-danos-ambientais-e-destruicao-de-praias","status":"publish","type":"post","link":"https:\/\/www.jornalja.com.br\/ambiente\/porto-em-arroio-do-sal-engenheiro-alerta-para-os-danos-ambientais-e-destruicao-de-praias\/","title":{"rendered":"Porto em Arroio do Sal: engenheiro alerta para os danos ambientais e destrui\u00e7\u00e3o de praias"},"content":{"rendered":"<p>O engenheiro\u00a0 Athos Stern \u00e9 mais um t\u00e9cnico a alertar para os riscos sociais, econ\u00f4micos e ambientais decorrentes do porto a ser constru\u00eddo em Arroio do Sal.<\/p>\n<p>O Porto Meridional, cuja constru\u00e7\u00e3o est\u00e1 prevista para come\u00e7ar neste 2026, \u00e9 um investimento privado visto pelo governo como &#8220;um avan\u00e7o estrat\u00e9gico para a infraestrutura do Rio Grande do Sul&#8221;.<\/p>\n<p>Professor aposentado da UFRGS, ex-presidente e consultor da associa\u00e7\u00e3o comunit\u00e1ria, Stern lembra que um porto em mar aberto, em costa retil\u00ednea e sem prote\u00e7\u00e3o natural, destr\u00f3i praias por defini\u00e7\u00e3o t\u00e9cnica (por <span style=\"font-size: 1.5rem\">interrup\u00e7\u00e3o da deriva litor\u00e2nea, d<\/span><span style=\"font-size: 1.5rem\">ragagens constantes, <\/span><span style=\"font-size: 1.5rem\">molhes que deslocam a eros\u00e3o para toda a costa), al\u00e9m de acaba<\/span>r com a pesca artesanal.<\/p>\n<p style=\"font-weight: 400\">Ele questiona se os lucros gerados pelo porto ficar\u00e3o na regi\u00e3o ou ir\u00e3o para <span style=\"font-size: 1.5rem\">grupos empresariais e fundos privados, prev\u00ea <\/span><span style=\"font-size: 1.5rem\">eros\u00e3o costeira, <\/span><span style=\"font-size: 1.5rem\">press\u00e3o urbana, <\/span><span style=\"font-size: 1.5rem\">aumento de custos p\u00fablicos e <\/span><span style=\"font-size: 1.5rem\">degrada\u00e7\u00e3o ambiental, com desvaloriza\u00e7\u00e3o dos im\u00f3veis pr\u00f3ximos.<\/span><\/p>\n<p style=\"font-weight: 400\">&#8220;Isso n\u00e3o \u00e9 desenvolvimento regional. \u00c9 extra\u00e7\u00e3o de valor com socializa\u00e7\u00e3o do dano&#8221;, afirma.<\/p>\n<p>A \u00edntegra pode ser lida <a href=\"https:\/\/acimbe.blogspot.com\/2026\/01\/porto-em-arroio-do-sal.html\">aqui<\/a>.<\/p>\n<p>Tamb\u00e9m da UFRGS, \u00a0o professor titular de geografia polar e glaciologia, membro da Academia Brasileira de Ci\u00eancias (ABC) e professor colaborador na University of Maine, nos Estados Unidos, Jefferson Cardia Sim\u00f5es,\u00a0 j\u00e1 se manifestou contr\u00e1rio \u00e0 constru\u00e7\u00e3o do porto.<\/p>\n<p>Consultor cient\u00edfico do Movimento Unificado em Defesa do Litoral Norte (Movln\/RS),\u00a0 Sim\u00f5es avalia que uma das consequ\u00eancias nefastas ser\u00e1 a eros\u00e3o ao norte e ac\u00famulo de sedimentos ao sul, prejudicando as praias e o turismo local.<\/p>\n<p style=\"font-weight: 400\">\n","protected":false},"excerpt":{"rendered":"<p>O engenheiro\u00a0 Athos Stern \u00e9 mais um t\u00e9cnico a alertar para os riscos sociais, econ\u00f4micos e ambientais decorrentes do porto a ser constru\u00eddo em Arroio do Sal. O Porto Meridional, cuja constru\u00e7\u00e3o est\u00e1 prevista para come\u00e7ar neste 2026, \u00e9 um investimento privado visto pelo governo como &#8220;um avan\u00e7o estrat\u00e9gico para a infraestrutura do Rio Grande [&hellip;]<\/p>\n","protected":false},"author":4,"featured_media":85819,"comment_status":"closed","ping_status":"open","sticky":false,"template":"","format":"standard","meta":{"jetpack_post_was_ever_published":false,"_jetpack_newsletter_access":"","_jetpack_dont_email_post_to_subs":false,"_jetpack_newsletter_tier_id":0,"_jetpack_memberships_contains_paywalled_content":false,"_jetpack_memberships_contains_paid_content":false,"footnotes":"","jetpack_publicize_message":"","jetpack_publicize_feature_enabled":true,"jetpack_social_post_already_shared":true,"jetpack_social_options":{"image_generator_settings":{"template":"highway","default_image_id":0,"font":"","enabled":false},"version":2}},"categories":[4],"tags":[],"class_list":["post-85809","post","type-post","status-publish","format-standard","has-post-thumbnail","hentry","category-ambiente-geral"],"aioseo_notices":[],"jetpack_publicize_connections":[],"jetpack_featured_media_url":"https:\/\/www.jornalja.com.br\/ambiente\/wp-content\/uploads\/sites\/3\/2026\/01\/porto-em-arroiodo-sal.jpeg","jetpack-related-posts":[{"id":84318,"url":"https:\/\/www.jornalja.com.br\/ambiente\/poluicao-chegou-as-nascentes-do-arroio-diluvio-revela-pesquisa-inedita-no-sainthilaire\/","url_meta":{"origin":85809,"position":0},"title":"Polui\u00e7\u00e3o chegou \u00e0s nascentes do Arroio Dil\u00favio, revela pesquisa in\u00e9dita no Saint\u2019Hilaire","author":"Cleber Dioni Tentardini","date":"25 de janeiro de 2023","format":false,"excerpt":"Cleber Dioni Tentardini Quatro nascentes dentro do Parque Saint\u2019Hilaire, em Viam\u00e3o, est\u00e3o degradadas, assim como suas respectivas \u00c1reas de Preserva\u00e7\u00e3o Permanentes (APPs). Uma delas \u00e9 a nascente do Arroio Dil\u00favio. localizada ao Sul, pr\u00f3xima ao bairro Lomba do Pinheiro, j\u00e1 no munic\u00edpio de Porto Alegre. A \u00e1gua est\u00e1 turva e\u2026","rel":"","context":"Em &quot;Ambiente J\u00c1-MAT\u00c9RIA&quot;","block_context":{"text":"Ambiente J\u00c1-MAT\u00c9RIA","link":"https:\/\/www.jornalja.com.br\/ambiente\/category\/ambiente-geral\/"},"img":{"alt_text":"","src":"https:\/\/i0.wp.com\/www.jornalja.com.br\/ambiente\/wp-content\/uploads\/sites\/3\/2023\/01\/sainthilaire-nascente-1-que-drea-paa-arroio-diluvio-degradada.jpg?resize=350%2C200&ssl=1","width":350,"height":200,"srcset":"https:\/\/i0.wp.com\/www.jornalja.com.br\/ambiente\/wp-content\/uploads\/sites\/3\/2023\/01\/sainthilaire-nascente-1-que-drea-paa-arroio-diluvio-degradada.jpg?resize=350%2C200&ssl=1 1x, https:\/\/i0.wp.com\/www.jornalja.com.br\/ambiente\/wp-content\/uploads\/sites\/3\/2023\/01\/sainthilaire-nascente-1-que-drea-paa-arroio-diluvio-degradada.jpg?resize=525%2C300&ssl=1 1.5x, https:\/\/i0.wp.com\/www.jornalja.com.br\/ambiente\/wp-content\/uploads\/sites\/3\/2023\/01\/sainthilaire-nascente-1-que-drea-paa-arroio-diluvio-degradada.jpg?resize=700%2C400&ssl=1 2x"},"classes":[]},{"id":83780,"url":"https:\/\/www.jornalja.com.br\/ambiente\/a-orla-tem-mae\/","url_meta":{"origin":85809,"position":1},"title":"A ORLA TEM M\u00c3E","author":"Elmar Bones","date":"31 de mar\u00e7o de 2022","format":false,"excerpt":"Depois de um s\u00e9culo de costas para suas \u00e1guas, Porto Alegre\u00a0 \u201cdescobriu\u201d a orla, esse contorno de seu territ\u00f3rio desenhado pelas \u00e1guas do Gua\u00edba. A cidade deve essa \u201cdescoberta\u201d \u00e0 arquiteta L\u00edgia Klein Ebessen, jovem funcion\u00e1ria da Secretaria de Planejamento Municipal, em 1999. Naquele ano, uma pesquisa para orientar a\u2026","rel":"","context":"Em &quot;Ambiente J\u00c1-MAT\u00c9RIA&quot;","block_context":{"text":"Ambiente J\u00c1-MAT\u00c9RIA","link":"https:\/\/www.jornalja.com.br\/ambiente\/category\/ambiente-geral\/"},"img":{"alt_text":"","src":"https:\/\/i0.wp.com\/www.jornalja.com.br\/ambiente\/wp-content\/uploads\/sites\/3\/2022\/03\/hipoa-foto-arquiteta-ligia-2.jpg?resize=350%2C200&ssl=1","width":350,"height":200,"srcset":"https:\/\/i0.wp.com\/www.jornalja.com.br\/ambiente\/wp-content\/uploads\/sites\/3\/2022\/03\/hipoa-foto-arquiteta-ligia-2.jpg?resize=350%2C200&ssl=1 1x, https:\/\/i0.wp.com\/www.jornalja.com.br\/ambiente\/wp-content\/uploads\/sites\/3\/2022\/03\/hipoa-foto-arquiteta-ligia-2.jpg?resize=525%2C300&ssl=1 1.5x, https:\/\/i0.wp.com\/www.jornalja.com.br\/ambiente\/wp-content\/uploads\/sites\/3\/2022\/03\/hipoa-foto-arquiteta-ligia-2.jpg?resize=700%2C400&ssl=1 2x, https:\/\/i0.wp.com\/www.jornalja.com.br\/ambiente\/wp-content\/uploads\/sites\/3\/2022\/03\/hipoa-foto-arquiteta-ligia-2.jpg?resize=1050%2C600&ssl=1 3x, https:\/\/i0.wp.com\/www.jornalja.com.br\/ambiente\/wp-content\/uploads\/sites\/3\/2022\/03\/hipoa-foto-arquiteta-ligia-2.jpg?resize=1400%2C800&ssl=1 4x"},"classes":[]},{"id":83259,"url":"https:\/\/www.jornalja.com.br\/ambiente\/pedidos-de-poda-dobram-em-dois-anos-e-ja-sao-quase-15-mil-na-fila\/","url_meta":{"origin":85809,"position":2},"title":"Pedidos de poda dobram em dois anos e j\u00e1 s\u00e3o quase 15 mil na fila","author":"Felipe Uhr","date":"15 de julho de 2021","format":false,"excerpt":"S\u00e3o exatos 14.820 pedidos de poda de \u00e1rvores que se acumulam na Secretaria de Servi\u00e7os Urbanos de Porto Alegre. Houve uma redu\u00e7\u00e3o, pois no inicio do ano, havia quase 18 mil pedidos na fila de espera. Mesmo assim, o n\u00famero\u00a0 dobrou em dois anos. Os dados foram fornecidos pela pr\u00f3pria\u2026","rel":"","context":"Em &quot;Ambiente J\u00c1-MAT\u00c9RIA&quot;","block_context":{"text":"Ambiente J\u00c1-MAT\u00c9RIA","link":"https:\/\/www.jornalja.com.br\/ambiente\/category\/ambiente-geral\/"},"img":{"alt_text":"","src":"https:\/\/i0.wp.com\/www.jornalja.com.br\/ambiente\/wp-content\/uploads\/sites\/3\/2021\/07\/200929-cr-1030-smsurb-041a.jpg?resize=350%2C200&ssl=1","width":350,"height":200,"srcset":"https:\/\/i0.wp.com\/www.jornalja.com.br\/ambiente\/wp-content\/uploads\/sites\/3\/2021\/07\/200929-cr-1030-smsurb-041a.jpg?resize=350%2C200&ssl=1 1x, https:\/\/i0.wp.com\/www.jornalja.com.br\/ambiente\/wp-content\/uploads\/sites\/3\/2021\/07\/200929-cr-1030-smsurb-041a.jpg?resize=525%2C300&ssl=1 1.5x, https:\/\/i0.wp.com\/www.jornalja.com.br\/ambiente\/wp-content\/uploads\/sites\/3\/2021\/07\/200929-cr-1030-smsurb-041a.jpg?resize=700%2C400&ssl=1 2x"},"classes":[]},{"id":85484,"url":"https:\/\/www.jornalja.com.br\/ambiente\/novo-estudo-aponta-litoral-paulista-como-o-mais-poluido-por-microplasticos\/","url_meta":{"origin":85809,"position":3},"title":"Novo estudo aponta litoral paulista como o mais polu\u00eddo por micropl\u00e1sticos","author":"da Reda\u00e7\u00e3o","date":"5 de mar\u00e7o de 2025","format":false,"excerpt":"Um estudo de pesquisadores brasileiros classificou o Rio dos Bugres, no litoral de S\u00e3o Paulo, como o\u00a0segundo mais polu\u00eddo por micropl\u00e1sticos do mundo. De acordo com o pesquisador e bi\u00f3logo marinho William Rodriguez Schepis, do Instituto EcoFaxina, a equipe coletou amostras de sedimentos em dez pontos, incluindo o Canal de\u2026","rel":"","context":"Em &quot;Ambiente J\u00c1-MAT\u00c9RIA&quot;","block_context":{"text":"Ambiente J\u00c1-MAT\u00c9RIA","link":"https:\/\/www.jornalja.com.br\/ambiente\/category\/ambiente-geral\/"},"img":{"alt_text":"","src":"https:\/\/i0.wp.com\/www.jornalja.com.br\/ambiente\/wp-content\/uploads\/sites\/3\/2025\/03\/ambiente-microplasticos-pesquusa-palafita-em-santos.jpg?resize=350%2C200&ssl=1","width":350,"height":200,"srcset":"https:\/\/i0.wp.com\/www.jornalja.com.br\/ambiente\/wp-content\/uploads\/sites\/3\/2025\/03\/ambiente-microplasticos-pesquusa-palafita-em-santos.jpg?resize=350%2C200&ssl=1 1x, https:\/\/i0.wp.com\/www.jornalja.com.br\/ambiente\/wp-content\/uploads\/sites\/3\/2025\/03\/ambiente-microplasticos-pesquusa-palafita-em-santos.jpg?resize=525%2C300&ssl=1 1.5x"},"classes":[]},{"id":82347,"url":"https:\/\/www.jornalja.com.br\/ambiente\/primeiro-registro-do-beija-flor-tesoura-em-porto-alegre\/","url_meta":{"origin":85809,"position":4},"title":"Primeiro registro do beija-flor-tesoura em Porto Alegre","author":"Cleber Dioni Tentardini","date":"21 de julho de 2020","format":false,"excerpt":"O\u200b t\u00e9cnico agr\u00edcola Mariano Pairet, de plant\u00e3o nesta manh\u00e3 de ter\u00e7a-feira no Jardim Bot\u00e2nico de Porto Alegre, fotografou um beija-flor-tesoura, o primeiro registro para a capital ga\u00facha dessa esp\u00e9cie, segundo o bi\u00f3logo Glayson Bencke, pesquisador e curador da cole\u00e7\u00e3o cient\u00edfica de aves do Museu de Ci\u00eancias Naturais. \"\u00c9 um beija-flor\u2026","rel":"","context":"Em &quot;Ambiente J\u00c1-MAT\u00c9RIA&quot;","block_context":{"text":"Ambiente J\u00c1-MAT\u00c9RIA","link":"https:\/\/www.jornalja.com.br\/ambiente\/category\/ambiente-geral\/"},"img":{"alt_text":"","src":"https:\/\/i0.wp.com\/www.jornalja.com.br\/ambiente\/wp-content\/uploads\/sites\/3\/2020\/07\/whatsapp-image-2020-07-21-at-104019-scaled.jpeg?resize=350%2C200&ssl=1","width":350,"height":200,"srcset":"https:\/\/i0.wp.com\/www.jornalja.com.br\/ambiente\/wp-content\/uploads\/sites\/3\/2020\/07\/whatsapp-image-2020-07-21-at-104019-scaled.jpeg?resize=350%2C200&ssl=1 1x, https:\/\/i0.wp.com\/www.jornalja.com.br\/ambiente\/wp-content\/uploads\/sites\/3\/2020\/07\/whatsapp-image-2020-07-21-at-104019-scaled.jpeg?resize=525%2C300&ssl=1 1.5x, https:\/\/i0.wp.com\/www.jornalja.com.br\/ambiente\/wp-content\/uploads\/sites\/3\/2020\/07\/whatsapp-image-2020-07-21-at-104019-scaled.jpeg?resize=700%2C400&ssl=1 2x"},"classes":[]},{"id":82180,"url":"https:\/\/www.jornalja.com.br\/ambiente\/chuvas-tiram-rio-gravatai-do-nivel-de-alerta-mas-a-seca-vai-continuar\/","url_meta":{"origin":85809,"position":5},"title":"Chuvas tiram rio Gravata\u00ed do n\u00edvel de alerta, mas a seca no RS vai continuar","author":"da Reda\u00e7\u00e3o","date":"20 de junho de 2020","format":false,"excerpt":"Desde mar\u00e7o estava proibida a capta\u00e7\u00e3o de \u00e1gua no rio Gravata\u00ed para qualquer finalidade que n\u00e3o fosse o consumo humano. A prolongada estiagem que atinge todo o Rio Grande do Sul reduziu a menos de um metro o n\u00edvel do rio, um dos que abastecem a regi\u00e3o metropolitana de Porto\u2026","rel":"","context":"Em &quot;Ambiente J\u00c1-MAT\u00c9RIA&quot;","block_context":{"text":"Ambiente J\u00c1-MAT\u00c9RIA","link":"https:\/\/www.jornalja.com.br\/ambiente\/category\/ambiente-geral\/"},"img":{"alt_text":"","src":"https:\/\/i0.wp.com\/www.jornalja.com.br\/ambiente\/wp-content\/uploads\/sites\/3\/2020\/06\/25170906_48676_GDO.jpg?resize=350%2C200&ssl=1","width":350,"height":200,"srcset":"https:\/\/i0.wp.com\/www.jornalja.com.br\/ambiente\/wp-content\/uploads\/sites\/3\/2020\/06\/25170906_48676_GDO.jpg?resize=350%2C200&ssl=1 1x, https:\/\/i0.wp.com\/www.jornalja.com.br\/ambiente\/wp-content\/uploads\/sites\/3\/2020\/06\/25170906_48676_GDO.jpg?resize=525%2C300&ssl=1 1.5x, https:\/\/i0.wp.com\/www.jornalja.com.br\/ambiente\/wp-content\/uploads\/sites\/3\/2020\/06\/25170906_48676_GDO.jpg?resize=700%2C400&ssl=1 2x"},"classes":[]}],"jetpack_shortlink":"https:\/\/wp.me\/pbKnZo-mk1","jetpack_sharing_enabled":true,"_links":{"self":[{"href":"https:\/\/www.jornalja.com.br\/ambiente\/wp-json\/wp\/v2\/posts\/85809","targetHints":{"allow":["GET"]}}],"collection":[{"href":"https:\/\/www.jornalja.com.br\/ambiente\/wp-json\/wp\/v2\/posts"}],"about":[{"href":"https:\/\/www.jornalja.com.br\/ambiente\/wp-json\/wp\/v2\/types\/post"}],"author":[{"embeddable":true,"href":"https:\/\/www.jornalja.com.br\/ambiente\/wp-json\/wp\/v2\/users\/4"}],"replies":[{"embeddable":true,"href":"https:\/\/www.jornalja.com.br\/ambiente\/wp-json\/wp\/v2\/comments?post=85809"}],"version-history":[{"count":3,"href":"https:\/\/www.jornalja.com.br\/ambiente\/wp-json\/wp\/v2\/posts\/85809\/revisions"}],"predecessor-version":[{"id":85820,"href":"https:\/\/www.jornalja.com.br\/ambiente\/wp-json\/wp\/v2\/posts\/85809\/revisions\/85820"}],"wp:featuredmedia":[{"embeddable":true,"href":"https:\/\/www.jornalja.com.br\/ambiente\/wp-json\/wp\/v2\/media\/85819"}],"wp:attachment":[{"href":"https:\/\/www.jornalja.com.br\/ambiente\/wp-json\/wp\/v2\/media?parent=85809"}],"wp:term":[{"taxonomy":"category","embeddable":true,"href":"https:\/\/www.jornalja.com.br\/ambiente\/wp-json\/wp\/v2\/categories?post=85809"},{"taxonomy":"post_tag","embeddable":true,"href":"https:\/\/www.jornalja.com.br\/ambiente\/wp-json\/wp\/v2\/tags?post=85809"}],"curies":[{"name":"wp","href":"https:\/\/api.w.org\/{rel}","templated":true}]}}