{"id":85814,"date":"2026-01-26T23:30:45","date_gmt":"2026-01-27T02:30:45","guid":{"rendered":"https:\/\/www.jornalja.com.br\/ambiente\/?p=85814"},"modified":"2026-01-26T23:33:40","modified_gmt":"2026-01-27T02:33:40","slug":"estudo-projeta-que-o-numero-de-mortes-causada-pelos-plasticos-vai-dobrar-ate-2040","status":"publish","type":"post","link":"https:\/\/www.jornalja.com.br\/ambiente\/estudo-projeta-que-o-numero-de-mortes-causada-pelos-plasticos-vai-dobrar-ate-2040\/","title":{"rendered":"Estudo projeta que o n\u00famero de mortes causada pelos pl\u00e1sticos vai dobrar at\u00e9 2040"},"content":{"rendered":"<p>Mantidas as tend\u00eancias atuais,\u00a0 as consequ\u00eancias negativas da cadeia do\u00a0 pl\u00e1stico (da produ\u00e7\u00e3o ao descarte) na sa\u00fade humana v\u00e3o mais do que duplicar at\u00e9 1940.<\/p>\n<p>\u00c9 a conclus\u00e3o de um estudo publicado na revista Lancet Planetary Health, nesta segunda-feira, 26.<\/p>\n<p>A pesquisa identifica extensos danos \u00e0 sa\u00fade, como doen\u00e7as respirat\u00f3rias e c\u00e2ncer, em todas as etapas do ciclo de vida do pl\u00e1stico, desde a extra\u00e7\u00e3o da mat\u00e9ria-prima at\u00e9 o descarte.<br \/>\nO aumento projetado dos impactos na sa\u00fade leva em conta principalmente as emiss\u00f5es de gases de efeito estufa (40%), polui\u00e7\u00e3o do ar (32%) e produtos qu\u00edmicos t\u00f3xicos (27%) liberados em todo a cadeia do\u00a0 pl\u00e1stico.<br \/>\nO estudo calcula a perda anual de anos de vida saud\u00e1vel devido aos pl\u00e1sticos e\u00a0 concluis que vai aumentar de 2,1 milh\u00f5es de anos, em 2016,\u00a0 para 4,5 milh\u00f5es em 2040.\u00a0 Considerando uma idade m\u00e9dia de 70 anos, significa que o n\u00famero de mortes passar\u00e1 de 300 mil por ano em 2016, para 642 mil em 2040<br \/>\nO estudo conclui que uma \u201cmudan\u00e7a completa do sistema\u201d, incluindo limites na produ\u00e7\u00e3o e melhoria na gest\u00e3o de res\u00edduos, \u00e9 necess\u00e1ria para reduzir significativamente o impacto global na sa\u00fade.<\/p>\n<p>Os pesquisadores identificaram riscos em todas as etapas, desde a extra\u00e7\u00e3o de\u00a0combust\u00edveis f\u00f3sseis\u00a0e a produ\u00e7\u00e3o de materiais at\u00e9 o descarte de pl\u00e1sticos e sua subsequente libera\u00e7\u00e3o no meio ambiente.<\/p>\n<p>Isso inclui uma s\u00e9rie de doen\u00e7as graves, como enfermidades respirat\u00f3rias, v\u00e1rios tipos de c\u00e2ncer e as implica\u00e7\u00f5es mais amplas do aquecimento global para a sa\u00fade.<\/p>\n<p>A pesquisa de modelagem, liderada por especialistas da Escola de Higiene e Medicina Tropical de Londres (LSHTM), juntamente com a Universidade de Toulouse e a Universidade de Exeter, analisou v\u00e1rios cen\u00e1rios futuros para a produ\u00e7\u00e3o, o consumo e a gest\u00e3o de res\u00edduos de pl\u00e1sticos entre 2016 e 2040.<\/p>\n<p>Em um cen\u00e1rio de &#8220;normalidade&#8221;, suas descobertas sugerem que os impactos negativos dos pl\u00e1sticos na sa\u00fade poderiam dobrar.<\/p>\n<p>De acordo com a modelagem, as emiss\u00f5es de gases de efeito estufa e o aquecimento global associado seriam respons\u00e1veis \u200b\u200bpor 40% desses danos \u00e0 sa\u00fade.<\/p>\n<p>A polui\u00e7\u00e3o atmosf\u00e9rica \u2013 proveniente principalmente dos processos de produ\u00e7\u00e3o de pl\u00e1sticos \u2013 pode ser respons\u00e1vel por 32% dos casos, e o impacto de produtos qu\u00edmicos t\u00f3xicos liberados no meio ambiente pode ser respons\u00e1vel por 27%. E menos de 1% estaria relacionado \u00e0 menor disponibilidade de \u00e1gua, aos impactos na camada de ozono e ao aumento da radia\u00e7\u00e3o ionizante.<\/p>\n<p>A polui\u00e7\u00e3o atmosf\u00e9rica \u2013 proveniente principalmente dos processos de produ\u00e7\u00e3o de pl\u00e1sticos \u2013 pode ser respons\u00e1vel por 32% dos problemas de sa\u00fade.<br \/>\nOs pesquisadores afirmam que o estudo \u00e9 o primeiro do g\u00eanero a avaliar o n\u00famero de anos de vida saud\u00e1vel perdidos em escala global devido \u00e0s emiss\u00f5es de pl\u00e1stico.<\/p>\n<p>Megan Deeney, autora do estudo e pesquisadora da LSHTM, afirmou: \u201cFrequentemente, a culpa recai sobre n\u00f3s, consumidores individuais de pl\u00e1stico, para resolver o problema. No entanto, embora todos tenhamos um papel importante a desempenhar na redu\u00e7\u00e3o do uso de pl\u00e1sticos, nossa an\u00e1lise mostra que \u00e9 necess\u00e1ria uma mudan\u00e7a sist\u00eamica &#8216;do ber\u00e7o ao t\u00famulo&#8217; na produ\u00e7\u00e3o, uso e descarte do pl\u00e1stico&#8221;.<\/p>\n<p>\u201cS\u00e3o necess\u00e1rias a\u00e7\u00f5es muito mais ambiciosas por parte dos governos e maior transpar\u00eancia da ind\u00fastria para conter essa crescente crise global de sa\u00fade p\u00fablica relacionada ao pl\u00e1stico.\u201d<\/p>\n<p>\u201cA falta de divulga\u00e7\u00e3o e a inconsist\u00eancia nos relat\u00f3rios sobre a composi\u00e7\u00e3o qu\u00edmica dos pl\u00e1sticos por parte da ind\u00fastria est\u00e3o limitando severamente a capacidade\u00a0 fundamentar pol\u00edticas eficazes para proteger os seres humanos, os ecossistemas e o meio ambiente.\u201d<\/p>\n<p>Leia Mais: <em>https:\/\/www.independent.co.uk\/news\/science\/plastic-emissions-cancer-health-greenhouse-gasses-pollution-b2907947.html<\/em><\/p>\n","protected":false},"excerpt":{"rendered":"<p>Mantidas as tend\u00eancias atuais,\u00a0 as consequ\u00eancias negativas da cadeia do\u00a0 pl\u00e1stico (da produ\u00e7\u00e3o ao descarte) na sa\u00fade humana v\u00e3o mais do que duplicar at\u00e9 1940. \u00c9 a conclus\u00e3o de um estudo publicado na revista Lancet Planetary Health, nesta segunda-feira, 26. A pesquisa identifica extensos danos \u00e0 sa\u00fade, como doen\u00e7as respirat\u00f3rias e c\u00e2ncer, em todas as [&hellip;]<\/p>\n","protected":false},"author":4,"featured_media":85815,"comment_status":"closed","ping_status":"open","sticky":false,"template":"","format":"standard","meta":{"jetpack_post_was_ever_published":false,"_jetpack_newsletter_access":"","_jetpack_dont_email_post_to_subs":false,"_jetpack_newsletter_tier_id":0,"_jetpack_memberships_contains_paywalled_content":false,"_jetpack_memberships_contains_paid_content":false,"footnotes":"","jetpack_publicize_message":"","jetpack_publicize_feature_enabled":true,"jetpack_social_post_already_shared":true,"jetpack_social_options":{"image_generator_settings":{"template":"highway","default_image_id":0,"font":"","enabled":false},"version":2}},"categories":[4],"tags":[],"class_list":["post-85814","post","type-post","status-publish","format-standard","has-post-thumbnail","hentry","category-ambiente-geral"],"aioseo_notices":[],"jetpack_publicize_connections":[],"jetpack_featured_media_url":"https:\/\/www.jornalja.com.br\/ambiente\/wp-content\/uploads\/sites\/3\/2026\/01\/ambienteja-plasticos.jpg","jetpack-related-posts":[{"id":83759,"url":"https:\/\/www.jornalja.com.br\/ambiente\/157-paises-encaram-a-guerra-a-poluicao-plastica-na-assembleia-da-onu-para-o-meio-ambiente\/","url_meta":{"origin":85814,"position":0},"title":"157 pa\u00edses encaram a guerra \u00e0 polui\u00e7\u00e3o pl\u00e1stica na Assembleia da ONU para o Meio Ambiente","author":"da Reda\u00e7\u00e3o","date":"3 de mar\u00e7o de 2022","format":false,"excerpt":"Representantes de 175 na\u00e7\u00f5es aprovaram hoje uma resolu\u00e7\u00e3o hist\u00f3rica na Assembleia da ONU para o Meio Ambiente (UNEA-5), em Nair\u00f3bi, pelo Fim da Polui\u00e7\u00e3o Pl\u00e1stica. A resolu\u00e7\u00e3o visa a estabelecer um acordo internacional juridicamente vinculante at\u00e9 2024. Al\u00e9m disso, aborda todo o ciclo de vida do pl\u00e1stico, incluindo sua produ\u00e7\u00e3o,\u2026","rel":"","context":"Em &quot;Ambiente J\u00c1-MAT\u00c9RIA&quot;","block_context":{"text":"Ambiente J\u00c1-MAT\u00c9RIA","link":"https:\/\/www.jornalja.com.br\/ambiente\/category\/ambiente-geral\/"},"img":{"alt_text":"","src":"https:\/\/i0.wp.com\/www.jornalja.com.br\/ambiente\/wp-content\/uploads\/sites\/3\/2022\/03\/poluicao-plastica.png?resize=350%2C200&ssl=1","width":350,"height":200,"srcset":"https:\/\/i0.wp.com\/www.jornalja.com.br\/ambiente\/wp-content\/uploads\/sites\/3\/2022\/03\/poluicao-plastica.png?resize=350%2C200&ssl=1 1x, https:\/\/i0.wp.com\/www.jornalja.com.br\/ambiente\/wp-content\/uploads\/sites\/3\/2022\/03\/poluicao-plastica.png?resize=525%2C300&ssl=1 1.5x, https:\/\/i0.wp.com\/www.jornalja.com.br\/ambiente\/wp-content\/uploads\/sites\/3\/2022\/03\/poluicao-plastica.png?resize=700%2C400&ssl=1 2x"},"classes":[]},{"id":77513,"url":"https:\/\/www.jornalja.com.br\/ambiente\/japao-fabricara-roupas-a-partir-de-garrafas-de-plastico-recicladas\/","url_meta":{"origin":85814,"position":1},"title":"Jap\u00e3o fabricar\u00e1 roupas a partir de garrafas de pl\u00e1stico recicladas","author":"da Reda\u00e7\u00e3o","date":"17 de setembro de 2019","format":false,"excerpt":"A partir da primavera do ano que vem, uma gigante japonesa do setor de roupas do Jap\u00e3o planeja vender produtos feitos com fibras provenientes da reciclagem de garrafas de pl\u00e1stico. A operadora e uma empresa t\u00eaxtil e qu\u00edmica anunciaram que v\u00e3o desenvolver conjuntamente tecidos que secam com facilidade de fibras\u2026","rel":"","context":"Em &quot;Ambiente J\u00c1-MAT\u00c9RIA&quot;","block_context":{"text":"Ambiente J\u00c1-MAT\u00c9RIA","link":"https:\/\/www.jornalja.com.br\/ambiente\/category\/ambiente-geral\/"},"img":{"alt_text":"","src":"","width":0,"height":0},"classes":[]},{"id":85484,"url":"https:\/\/www.jornalja.com.br\/ambiente\/novo-estudo-aponta-litoral-paulista-como-o-mais-poluido-por-microplasticos\/","url_meta":{"origin":85814,"position":2},"title":"Novo estudo aponta litoral paulista como o mais polu\u00eddo por micropl\u00e1sticos","author":"da Reda\u00e7\u00e3o","date":"5 de mar\u00e7o de 2025","format":false,"excerpt":"Um estudo de pesquisadores brasileiros classificou o Rio dos Bugres, no litoral de S\u00e3o Paulo, como o\u00a0segundo mais polu\u00eddo por micropl\u00e1sticos do mundo. De acordo com o pesquisador e bi\u00f3logo marinho William Rodriguez Schepis, do Instituto EcoFaxina, a equipe coletou amostras de sedimentos em dez pontos, incluindo o Canal de\u2026","rel":"","context":"Em &quot;Ambiente J\u00c1-MAT\u00c9RIA&quot;","block_context":{"text":"Ambiente J\u00c1-MAT\u00c9RIA","link":"https:\/\/www.jornalja.com.br\/ambiente\/category\/ambiente-geral\/"},"img":{"alt_text":"","src":"https:\/\/i0.wp.com\/www.jornalja.com.br\/ambiente\/wp-content\/uploads\/sites\/3\/2025\/03\/ambiente-microplasticos-pesquusa-palafita-em-santos.jpg?resize=350%2C200&ssl=1","width":350,"height":200,"srcset":"https:\/\/i0.wp.com\/www.jornalja.com.br\/ambiente\/wp-content\/uploads\/sites\/3\/2025\/03\/ambiente-microplasticos-pesquusa-palafita-em-santos.jpg?resize=350%2C200&ssl=1 1x, https:\/\/i0.wp.com\/www.jornalja.com.br\/ambiente\/wp-content\/uploads\/sites\/3\/2025\/03\/ambiente-microplasticos-pesquusa-palafita-em-santos.jpg?resize=525%2C300&ssl=1 1.5x"},"classes":[]},{"id":79288,"url":"https:\/\/www.jornalja.com.br\/ambiente\/o-triste-fim-da-tartaruga-gigante-na-praia-do-cassino\/","url_meta":{"origin":85814,"position":3},"title":"O triste fim da tartaruga gigante na praia do Cassino","author":"da Reda\u00e7\u00e3o","date":"18 de novembro de 2019","format":false,"excerpt":"Ela pesava 215 quilos e morreu ap\u00f3s muita agonia por ter os intestinos obstru\u00eddos por ter ingerido pl\u00e1sticos no oceano. Era uma tartaruga-de-couro, conhecida como tartaruga-gigante. Foi encontrada j\u00e1 moribunda, quase sem reflexos, na praia do Cassino, no munic\u00edpio portu\u00e1rio de Rio Grande, no litoral sul ga\u00facho. O animal foi\u2026","rel":"","context":"Em &quot;Ambiente J\u00c1-MAT\u00c9RIA&quot;","block_context":{"text":"Ambiente J\u00c1-MAT\u00c9RIA","link":"https:\/\/www.jornalja.com.br\/ambiente\/category\/ambiente-geral\/"},"img":{"alt_text":"","src":"","width":0,"height":0},"classes":[]},{"id":82592,"url":"https:\/\/www.jornalja.com.br\/ambiente\/brasil-pode-gerar-meio-milhao-de-empregos-e-r-20-bilhoes-se-tratar-direito-o-lixo\/","url_meta":{"origin":85814,"position":4},"title":"Brasil pode gerar meio milh\u00e3o de empregos e R$ 20 bilh\u00f5es se tratar direito o lixo","author":"da Reda\u00e7\u00e3o","date":"1 de outubro de 2020","format":false,"excerpt":"O Instituto ClimaInfo, com o apoio do Observat\u00f3rio do Clima e\u00a0 GT Infraestrutura, divulgou estudo \u201cRetomada Verde Inclusiva\u201d\u00a0 com solu\u00e7\u00f5es de curto prazo em investimentos verdes para a recupera\u00e7\u00e3o da economia. A coleta de lixo \u00e9 contemplada no estudo. Este ano a Pol\u00edtica Nacional de Res\u00edduos S\u00f3lidos (PNRS) completa 10\u2026","rel":"","context":"Em &quot;Ambiente J\u00c1-MAT\u00c9RIA&quot;","block_context":{"text":"Ambiente J\u00c1-MAT\u00c9RIA","link":"https:\/\/www.jornalja.com.br\/ambiente\/category\/ambiente-geral\/"},"img":{"alt_text":"","src":"https:\/\/i0.wp.com\/www.jornalja.com.br\/ambiente\/wp-content\/uploads\/sites\/3\/2020\/10\/lixo-smsurb-pmpa.jpg?resize=350%2C200&ssl=1","width":350,"height":200,"srcset":"https:\/\/i0.wp.com\/www.jornalja.com.br\/ambiente\/wp-content\/uploads\/sites\/3\/2020\/10\/lixo-smsurb-pmpa.jpg?resize=350%2C200&ssl=1 1x, https:\/\/i0.wp.com\/www.jornalja.com.br\/ambiente\/wp-content\/uploads\/sites\/3\/2020\/10\/lixo-smsurb-pmpa.jpg?resize=525%2C300&ssl=1 1.5x, https:\/\/i0.wp.com\/www.jornalja.com.br\/ambiente\/wp-content\/uploads\/sites\/3\/2020\/10\/lixo-smsurb-pmpa.jpg?resize=700%2C400&ssl=1 2x"},"classes":[]},{"id":80299,"url":"https:\/\/www.jornalja.com.br\/ambiente\/diplomatas-britanicos-so-usarao-carros-eletricos-ou-hibridos\/","url_meta":{"origin":85814,"position":5},"title":"Diplomatas brit\u00e2nicos s\u00f3 usar\u00e3o carros el\u00e9tricos ou h\u00edbridos","author":"da Reda\u00e7\u00e3o","date":"2 de janeiro de 2020","format":false,"excerpt":"O Minist\u00e9rio das Rela\u00e7\u00f5es Exteriores do Reino Unido (Foreign Commonwealth Office) est\u00e1 substituindo os autom\u00f3veis oficiais dos diplomatas no Brasil e no mundo por ve\u00edculos h\u00edbridos ou totalmente el\u00e9tricos. A iniciativa, que ocorrer\u00e1 inicialmente em 30 postos ao redor do mundo, \u00e9 parte de um ambicioso programa para reduzir as\u2026","rel":"","context":"Em &quot;Ambiente J\u00c1-MAT\u00c9RIA&quot;","block_context":{"text":"Ambiente J\u00c1-MAT\u00c9RIA","link":"https:\/\/www.jornalja.com.br\/ambiente\/category\/ambiente-geral\/"},"img":{"alt_text":"","src":"","width":0,"height":0},"classes":[]}],"jetpack_shortlink":"https:\/\/wp.me\/pbKnZo-mk6","jetpack_sharing_enabled":true,"_links":{"self":[{"href":"https:\/\/www.jornalja.com.br\/ambiente\/wp-json\/wp\/v2\/posts\/85814","targetHints":{"allow":["GET"]}}],"collection":[{"href":"https:\/\/www.jornalja.com.br\/ambiente\/wp-json\/wp\/v2\/posts"}],"about":[{"href":"https:\/\/www.jornalja.com.br\/ambiente\/wp-json\/wp\/v2\/types\/post"}],"author":[{"embeddable":true,"href":"https:\/\/www.jornalja.com.br\/ambiente\/wp-json\/wp\/v2\/users\/4"}],"replies":[{"embeddable":true,"href":"https:\/\/www.jornalja.com.br\/ambiente\/wp-json\/wp\/v2\/comments?post=85814"}],"version-history":[{"count":2,"href":"https:\/\/www.jornalja.com.br\/ambiente\/wp-json\/wp\/v2\/posts\/85814\/revisions"}],"predecessor-version":[{"id":85817,"href":"https:\/\/www.jornalja.com.br\/ambiente\/wp-json\/wp\/v2\/posts\/85814\/revisions\/85817"}],"wp:featuredmedia":[{"embeddable":true,"href":"https:\/\/www.jornalja.com.br\/ambiente\/wp-json\/wp\/v2\/media\/85815"}],"wp:attachment":[{"href":"https:\/\/www.jornalja.com.br\/ambiente\/wp-json\/wp\/v2\/media?parent=85814"}],"wp:term":[{"taxonomy":"category","embeddable":true,"href":"https:\/\/www.jornalja.com.br\/ambiente\/wp-json\/wp\/v2\/categories?post=85814"},{"taxonomy":"post_tag","embeddable":true,"href":"https:\/\/www.jornalja.com.br\/ambiente\/wp-json\/wp\/v2\/tags?post=85814"}],"curies":[{"name":"wp","href":"https:\/\/api.w.org\/{rel}","templated":true}]}}