{"id":85953,"date":"2026-03-18T15:10:51","date_gmt":"2026-03-18T18:10:51","guid":{"rendered":"https:\/\/www.jornalja.com.br\/ambiente\/?p=85953"},"modified":"2026-03-19T00:36:44","modified_gmt":"2026-03-19T03:36:44","slug":"conab-e-universidade-de-pelotas-fazem-parceria-com-para-instalacao-de-energia-solar-em-armazens","status":"publish","type":"post","link":"https:\/\/www.jornalja.com.br\/ambiente\/conab-e-universidade-de-pelotas-fazem-parceria-com-para-instalacao-de-energia-solar-em-armazens\/","title":{"rendered":"Conab e Universidade de Pelotas firmam parceria para instala\u00e7\u00e3o de energia solar em armaz\u00e9ns"},"content":{"rendered":"\n<p><br>A Companhia Nacional de Abastecimento (Conab) assina, nesta quinta-feira (19), o primeiro contrato para instala\u00e7\u00e3o de energia solar em sua rede de armaz\u00e9ns.<\/p>\n\n\n\n<p>A Unidade de Abastecimento em Canoas ser\u00e1 a primeira a receber placas fotovoltaicas no \u00e2mbito da parceria com a Universidade Federal de Pelotas (UFPel), marcando o in\u00edcio da execu\u00e7\u00e3o do projeto de transi\u00e7\u00e3o energ\u00e9tica desenvolvido em conjunto com a institui\u00e7\u00e3o. A iniciativa visa transformar as unidades armazenadoras da estatal em geradoras de energia limpa, reduzindo custos operacionais e promovendo a sustentabilidade.<\/p>\n\n\n\n<p>A solenidade contar\u00e1 com as presen\u00e7as do presidente da Conab, Edegar Pretto; da reitora da UFPel, Ursula Silva; e de representante da EBS Engenharia Ltda., empresa do norte ga\u00facho respons\u00e1vel pela execu\u00e7\u00e3o da obra.<\/p>\n\n\n\n<p>O sistema prev\u00ea a instala\u00e7\u00e3o de 250 m\u00f3dulos fotovoltaicos na UA de Canoas, gerando economia energ\u00e9tica que permitir\u00e1 a amplia\u00e7\u00e3o do processo de distribui\u00e7\u00e3o de alimentos a cozinhas solid\u00e1rias da regi\u00e3o.<\/p>\n\n\n\n<p>O local possui capacidade de estocagem superior a 16 mil toneladas de alimentos e funciona como um dos principais entrepostos da Companhia para o armazenamento e a distribui\u00e7\u00e3o de produtos oriundos da agricultura familiar e de programas p\u00fablicos de abastecimento alimentar. Inclusive, nas enchentes de 2024, concentrou as opera\u00e7\u00f5es da estatal de socorro \u00e0 popula\u00e7\u00e3o ga\u00facha.<\/p>\n\n\n\n<p><\/p>\n\n\n\n<h2 class=\"wp-block-heading\">Projeto foi anunciado durante a COP 30<\/h2>\n\n\n\n<p>A iniciativa foi divulgada durante a&nbsp;<strong>COP 30<\/strong>, em Bel\u00e9m (PA), alinhando a infraestrutura p\u00fablica brasileira de armazenagem com pr\u00e1ticas de transi\u00e7\u00e3o energ\u00e9tica.<\/p>\n\n\n\n<p>Com um investimento inicial de R$ 6,9 milh\u00f5es, O &#8216;Armaz\u00e9ns Solares&#8217; \u00e9 desenvolvido em parceria com a Universidade Federal de Pelotas (UFPel) e prev\u00ea a instala\u00e7\u00e3o de Sistemas Fotovoltaicos Conectados \u00e0 Rede (SFVCR) em 21 unidades armazenadoras distribu\u00eddas por diferentes regi\u00f5es do pa\u00eds.<\/p>\n\n\n\n<p>A iniciativa faz parte de um plano mais amplo que dever\u00e1 alcan\u00e7ar todas as 64 unidades da Conab nos pr\u00f3ximos anos, com o objetivo de reduzir custos com energia el\u00e9trica, aumentar a efici\u00eancia operacional e descarbonizar a matriz energ\u00e9tica da empresa.<\/p>\n\n\n\n<p>\u201cEste \u00e9 um passo muito importante para a Conab, que vive um novo momento de fortalecimento e moderniza\u00e7\u00e3o. J\u00e1 retomamos a forma\u00e7\u00e3o de estoques p\u00fablicos e, paralelamente, estamos investindo na recupera\u00e7\u00e3o e na moderniza\u00e7\u00e3o das nossas unidades armazenadoras, alinhando a Companhia \u00e0s diretrizes de sustentabilidade e transi\u00e7\u00e3o energ\u00e9tica do governo federal&#8221;, afirma o presidente da Companhia, Edegar Pretto.<\/p>\n\n\n\n<p>Com o investimento de cerca de R$ 5 milh\u00f5es para moderniza\u00e7\u00e3o, a primeira unidade a receber o programa, em uma vers\u00e3o experimental, foi a Unidade Armazenadora (UA) Rondon\u00f3polis (MT), com a instala\u00e7\u00e3o de um sistema de energia solar fotovoltaica.<\/p>\n\n\n\n<p>Agora, a unidade contemplada \u00e9 a de Canoas (RS), primeiro contrato formal do projeto. O edital de licita\u00e7\u00e3o, publicado em 7 de novembro, prev\u00ea a instala\u00e7\u00e3o de 250 placas de sistemas fotovoltaicos com economia estimada em 180 MWh por ano e redu\u00e7\u00e3o de 9 toneladas de CO\u2082 emitidas anualmente.<\/p>\n\n\n\n<p>O projeto Armaz\u00e9ns Solares integra um esfor\u00e7o mais amplo de recupera\u00e7\u00e3o e moderniza\u00e7\u00e3o da rede armazenadora da Conab, ap\u00f3s um per\u00edodo de restri\u00e7\u00f5es or\u00e7ament\u00e1rias e desmobiliza\u00e7\u00e3o de estruturas. Nos \u00faltimos tr\u00eas anos, a Companhia retomou os investimentos, aplicando R$ 272 milh\u00f5es em melhorias e amplia\u00e7\u00f5es em suas unidades, valor que inclui recursos do BNDES e da Itaipu Binacional. Com isso, segundo a companhia, a capacidade de armazenagem p\u00fablica passou de 900 mil toneladas para 1,32 milh\u00e3o de toneladas, um aumento de 48%.<\/p>\n\n\n\n<p><\/p>\n","protected":false},"excerpt":{"rendered":"<p>A Companhia Nacional de Abastecimento (Conab) assina, nesta quinta-feira (19), o primeiro contrato para instala\u00e7\u00e3o de energia solar em sua rede de armaz\u00e9ns. A Unidade de Abastecimento em Canoas ser\u00e1 a primeira a receber placas fotovoltaicas no \u00e2mbito da parceria com a Universidade Federal de Pelotas (UFPel), marcando o in\u00edcio da execu\u00e7\u00e3o do projeto de [&hellip;]<\/p>\n","protected":false},"author":4,"featured_media":85954,"comment_status":"closed","ping_status":"open","sticky":false,"template":"","format":"standard","meta":{"jetpack_post_was_ever_published":false,"_jetpack_newsletter_access":"","_jetpack_dont_email_post_to_subs":false,"_jetpack_newsletter_tier_id":0,"_jetpack_memberships_contains_paywalled_content":false,"_jetpack_memberships_contains_paid_content":false,"footnotes":"","jetpack_publicize_message":"","jetpack_publicize_feature_enabled":true,"jetpack_social_post_already_shared":false,"jetpack_social_options":{"image_generator_settings":{"template":"highway","default_image_id":0,"font":"","enabled":false},"version":2}},"categories":[4],"tags":[],"class_list":["post-85953","post","type-post","status-publish","format-standard","has-post-thumbnail","hentry","category-ambiente-geral"],"aioseo_notices":[],"jetpack_publicize_connections":[],"jetpack_featured_media_url":"https:\/\/www.jornalja.com.br\/ambiente\/wp-content\/uploads\/sites\/3\/2026\/03\/1-conab-11525479.jpeg","jetpack-related-posts":[{"id":82881,"url":"https:\/\/www.jornalja.com.br\/ambiente\/as-baterias-que-podem-tornar-o-petroleo-coisa-do-passado\/","url_meta":{"origin":85953,"position":0},"title":"As baterias que podem tornar o petroleo coisa do passado","author":"da Reda\u00e7\u00e3o","date":"26 de fevereiro de 2021","format":false,"excerpt":"Cheryl Katz, BBC News L\u00e1 est\u00e3o as chamin\u00e9s g\u00eameas da torre da usina de Moss Landing sobre a Ba\u00eda de Monterey. Avistados por quil\u00f4metros ao longo da costa norte da Calif\u00f3rnia, os pilares de 150m de altura coroam o que j\u00e1 foi a maior esta\u00e7\u00e3o de energia el\u00e9trica do Estado\u2026","rel":"","context":"Em &quot;Ambiente J\u00c1-MAT\u00c9RIA&quot;","block_context":{"text":"Ambiente J\u00c1-MAT\u00c9RIA","link":"https:\/\/www.jornalja.com.br\/ambiente\/category\/ambiente-geral\/"},"img":{"alt_text":"","src":"https:\/\/i0.wp.com\/www.jornalja.com.br\/ambiente\/wp-content\/uploads\/sites\/3\/2021\/02\/116712906-foto-01.jpg?resize=350%2C200&ssl=1","width":350,"height":200,"srcset":"https:\/\/i0.wp.com\/www.jornalja.com.br\/ambiente\/wp-content\/uploads\/sites\/3\/2021\/02\/116712906-foto-01.jpg?resize=350%2C200&ssl=1 1x, https:\/\/i0.wp.com\/www.jornalja.com.br\/ambiente\/wp-content\/uploads\/sites\/3\/2021\/02\/116712906-foto-01.jpg?resize=525%2C300&ssl=1 1.5x, https:\/\/i0.wp.com\/www.jornalja.com.br\/ambiente\/wp-content\/uploads\/sites\/3\/2021\/02\/116712906-foto-01.jpg?resize=700%2C400&ssl=1 2x"},"classes":[]},{"id":82848,"url":"https:\/\/www.jornalja.com.br\/ambiente\/energia-solar-no-brasil-deve-chegar-a-125-gw-quase-uma-itaipu-de-capacidade-instalada\/","url_meta":{"origin":85953,"position":1},"title":"Energia Solar no Brasil deve chegar a 12,5 GW, quase uma Itaipu, de capacidade instalada","author":"da Reda\u00e7\u00e3o","date":"23 de fevereiro de 2021","format":false,"excerpt":"As empresas do setor de energia solar fotovoltaica trabalham com perspectivas otimistas em 2021. Estima-se que o Brasil deve atingir 12,56 gigawatts (GW) de capacidade instalada, o que representa um crescimento de 68% em rela\u00e7\u00e3o \u00e0 pot\u00eancia registrada no final de 2020, de 7,46 GW. Para dar uma ideia: a\u2026","rel":"","context":"Em &quot;Ambiente J\u00c1-MAT\u00c9RIA&quot;","block_context":{"text":"Ambiente J\u00c1-MAT\u00c9RIA","link":"https:\/\/www.jornalja.com.br\/ambiente\/category\/ambiente-geral\/"},"img":{"alt_text":"","src":"https:\/\/i0.wp.com\/www.jornalja.com.br\/ambiente\/wp-content\/uploads\/sites\/3\/2021\/02\/jc-ministro-minas-e-energia-fernando-coelho-inaugura-usina-solar-predio-governo-federal-00211172016-scaled.jpg?resize=350%2C200&ssl=1","width":350,"height":200,"srcset":"https:\/\/i0.wp.com\/www.jornalja.com.br\/ambiente\/wp-content\/uploads\/sites\/3\/2021\/02\/jc-ministro-minas-e-energia-fernando-coelho-inaugura-usina-solar-predio-governo-federal-00211172016-scaled.jpg?resize=350%2C200&ssl=1 1x, https:\/\/i0.wp.com\/www.jornalja.com.br\/ambiente\/wp-content\/uploads\/sites\/3\/2021\/02\/jc-ministro-minas-e-energia-fernando-coelho-inaugura-usina-solar-predio-governo-federal-00211172016-scaled.jpg?resize=525%2C300&ssl=1 1.5x, https:\/\/i0.wp.com\/www.jornalja.com.br\/ambiente\/wp-content\/uploads\/sites\/3\/2021\/02\/jc-ministro-minas-e-energia-fernando-coelho-inaugura-usina-solar-predio-governo-federal-00211172016-scaled.jpg?resize=700%2C400&ssl=1 2x, https:\/\/i0.wp.com\/www.jornalja.com.br\/ambiente\/wp-content\/uploads\/sites\/3\/2021\/02\/jc-ministro-minas-e-energia-fernando-coelho-inaugura-usina-solar-predio-governo-federal-00211172016-scaled.jpg?resize=1050%2C600&ssl=1 3x, https:\/\/i0.wp.com\/www.jornalja.com.br\/ambiente\/wp-content\/uploads\/sites\/3\/2021\/02\/jc-ministro-minas-e-energia-fernando-coelho-inaugura-usina-solar-predio-governo-federal-00211172016-scaled.jpg?resize=1400%2C800&ssl=1 4x"},"classes":[]},{"id":82286,"url":"https:\/\/www.jornalja.com.br\/ambiente\/empresa-mineira-constroi-primeira-usina-solar-do-estado-em-uruguaiana\/","url_meta":{"origin":85953,"position":2},"title":"Empresa mineira pede licen\u00e7a para construir primeira usina solar do Estado, em Uruguaiana","author":"da Reda\u00e7\u00e3o","date":"14 de julho de 2020","format":false,"excerpt":"Entrou em an\u00e1lise na Funda\u00e7\u00e3o Estadual de Prote\u00e7\u00e3o Ambiental, pela primeira vez, um pedido de licen\u00e7a para a instala\u00e7\u00e3o de um empreendimento que gerar\u00e1 energia a partir da luz solar. At\u00e9 agora todos os projetos de energia solar eram de pequeno porte, sem necessidade de licen\u00e7a. A empresa mineira Solargrid\u2026","rel":"","context":"Em &quot;Ambiente J\u00c1-MAT\u00c9RIA&quot;","block_context":{"text":"Ambiente J\u00c1-MAT\u00c9RIA","link":"https:\/\/www.jornalja.com.br\/ambiente\/category\/ambiente-geral\/"},"img":{"alt_text":"","src":"https:\/\/i0.wp.com\/www.jornalja.com.br\/ambiente\/wp-content\/uploads\/sites\/3\/2020\/07\/energia-solar-fepam-divulgacao-scaled.jpg?resize=350%2C200&ssl=1","width":350,"height":200,"srcset":"https:\/\/i0.wp.com\/www.jornalja.com.br\/ambiente\/wp-content\/uploads\/sites\/3\/2020\/07\/energia-solar-fepam-divulgacao-scaled.jpg?resize=350%2C200&ssl=1 1x, https:\/\/i0.wp.com\/www.jornalja.com.br\/ambiente\/wp-content\/uploads\/sites\/3\/2020\/07\/energia-solar-fepam-divulgacao-scaled.jpg?resize=525%2C300&ssl=1 1.5x, https:\/\/i0.wp.com\/www.jornalja.com.br\/ambiente\/wp-content\/uploads\/sites\/3\/2020\/07\/energia-solar-fepam-divulgacao-scaled.jpg?resize=700%2C400&ssl=1 2x"},"classes":[]},{"id":79690,"url":"https:\/\/www.jornalja.com.br\/ambiente\/china-anuncia-estacao-de-energia-solar-no-espaco-ate-2035\/","url_meta":{"origin":85953,"position":3},"title":"China anuncia esta\u00e7\u00e3o de energia solar no espa\u00e7o at\u00e9 2035","author":"da Reda\u00e7\u00e3o","date":"2 de dezembro de 2019","format":false,"excerpt":"A China planeja construir at\u00e9 2035 uma esta\u00e7\u00e3o de energia solar de 200 MW,\u00a0 no espa\u00e7o, de acordo com a Academia Chinesa de Tecnologia Espacial (ACTE). O projeto est\u00e1 em estudos desde 2008 e est\u00e3o previstos os primeiros testes em 2025. A instala\u00e7\u00e3o capturar\u00e1 a energia solar que nunca atinge\u2026","rel":"","context":"Em &quot;Ambiente J\u00c1-MAT\u00c9RIA&quot;","block_context":{"text":"Ambiente J\u00c1-MAT\u00c9RIA","link":"https:\/\/www.jornalja.com.br\/ambiente\/category\/ambiente-geral\/"},"img":{"alt_text":"","src":"","width":0,"height":0},"classes":[]},{"id":79322,"url":"https:\/\/www.jornalja.com.br\/ambiente\/mudancas-na-geracao-na-distribuicao-e-no-consumo-caracterizam-revolucao-da-energia\/","url_meta":{"origin":85953,"position":4},"title":"Mudan\u00e7as na gera\u00e7\u00e3o, na distribui\u00e7\u00e3o e no consumo caracterizam revolu\u00e7\u00e3o da energia","author":"Elmar Bones","date":"20 de novembro de 2019","format":false,"excerpt":"Um painel amplo da revolu\u00e7\u00e3o que est\u00e1 em andamento no mercado de energia\u00a0 pode ser visto no Congresso Smart Energy Paran\u00e1, nestas ter\u00e7a e quarta em Curitiba. Duas dezenas de palestrantes e projetos de inova\u00e7\u00e3o passaram pelo palco no audit\u00f3rio da FIEP. Foram ouvidas por cerca de 200 pessoas -\u2026","rel":"","context":"Em &quot;Ambiente J\u00c1-MAT\u00c9RIA&quot;","block_context":{"text":"Ambiente J\u00c1-MAT\u00c9RIA","link":"https:\/\/www.jornalja.com.br\/ambiente\/category\/ambiente-geral\/"},"img":{"alt_text":"","src":"","width":0,"height":0},"classes":[]},{"id":79535,"url":"https:\/\/www.jornalja.com.br\/ambiente\/paineis-solares-reduzem-custos-em-aviarios-no-oeste-catarinense\/","url_meta":{"origin":85953,"position":5},"title":"Pain\u00e9is solares reduzem custos em avi\u00e1rios no oeste catarinense","author":"da Reda\u00e7\u00e3o","date":"28 de novembro de 2019","format":false,"excerpt":"Em abril de 2019, \u00a0Roque Besen instalou 342 pain\u00e9is solares nos telhados de seus tr\u00eas avi\u00e1rios, no munic\u00edpio de Santa Helena, sudoeste do Paran\u00e1 Ele investiu R$ 450 mil, financiados em dez anos, no projeto e na implanta\u00e7\u00e3o. Sua conta de luz chegava a R$ 5.000,00 por m\u00eas. Quando as\u2026","rel":"","context":"Em &quot;Ambiente J\u00c1-MAT\u00c9RIA&quot;","block_context":{"text":"Ambiente J\u00c1-MAT\u00c9RIA","link":"https:\/\/www.jornalja.com.br\/ambiente\/category\/ambiente-geral\/"},"img":{"alt_text":"","src":"","width":0,"height":0},"classes":[]}],"jetpack_shortlink":"https:\/\/wp.me\/pbKnZo-mml","jetpack_sharing_enabled":true,"_links":{"self":[{"href":"https:\/\/www.jornalja.com.br\/ambiente\/wp-json\/wp\/v2\/posts\/85953","targetHints":{"allow":["GET"]}}],"collection":[{"href":"https:\/\/www.jornalja.com.br\/ambiente\/wp-json\/wp\/v2\/posts"}],"about":[{"href":"https:\/\/www.jornalja.com.br\/ambiente\/wp-json\/wp\/v2\/types\/post"}],"author":[{"embeddable":true,"href":"https:\/\/www.jornalja.com.br\/ambiente\/wp-json\/wp\/v2\/users\/4"}],"replies":[{"embeddable":true,"href":"https:\/\/www.jornalja.com.br\/ambiente\/wp-json\/wp\/v2\/comments?post=85953"}],"version-history":[{"count":4,"href":"https:\/\/www.jornalja.com.br\/ambiente\/wp-json\/wp\/v2\/posts\/85953\/revisions"}],"predecessor-version":[{"id":85959,"href":"https:\/\/www.jornalja.com.br\/ambiente\/wp-json\/wp\/v2\/posts\/85953\/revisions\/85959"}],"wp:featuredmedia":[{"embeddable":true,"href":"https:\/\/www.jornalja.com.br\/ambiente\/wp-json\/wp\/v2\/media\/85954"}],"wp:attachment":[{"href":"https:\/\/www.jornalja.com.br\/ambiente\/wp-json\/wp\/v2\/media?parent=85953"}],"wp:term":[{"taxonomy":"category","embeddable":true,"href":"https:\/\/www.jornalja.com.br\/ambiente\/wp-json\/wp\/v2\/categories?post=85953"},{"taxonomy":"post_tag","embeddable":true,"href":"https:\/\/www.jornalja.com.br\/ambiente\/wp-json\/wp\/v2\/tags?post=85953"}],"curies":[{"name":"wp","href":"https:\/\/api.w.org\/{rel}","templated":true}]}}