{"id":86036,"date":"2026-04-27T13:20:06","date_gmt":"2026-04-27T16:20:06","guid":{"rendered":"https:\/\/www.jornalja.com.br\/ambiente\/?p=86036"},"modified":"2026-04-27T14:34:36","modified_gmt":"2026-04-27T17:34:36","slug":"comite-alerta-parlamentares-sobre-riscos-ambientais-e-sanitarios-com-nova-fabrica-de-celulose-em-barra-do-ribeiro","status":"publish","type":"post","link":"https:\/\/www.jornalja.com.br\/ambiente\/comite-alerta-parlamentares-sobre-riscos-ambientais-e-sanitarios-com-nova-fabrica-de-celulose-em-barra-do-ribeiro\/","title":{"rendered":"Comit\u00ea alerta parlamentares sobre riscos ambientais e sanit\u00e1rios com nova f\u00e1brica de celulose em Barra do Ribeiro"},"content":{"rendered":"\n<p>Um comit\u00ea t\u00e9cnico formado por entidades socioambientais e professores universit\u00e1rios encaminhou carta aos parlamentares da Assembleia Legislativa do Rio Grande do Sul manifestando preocupa\u00e7\u00e3o com o projeto de uma nova f\u00e1brica de celulose da CMPC em Barra do Ribeiro, atualmente em processo de licenciamento ambiental. O documento aponta falhas no Relat\u00f3rio de Impacto Ambiental (RIMA), considerado incompleto e inconsistente, al\u00e9m de denunciar press\u00f5es pol\u00edticas e econ\u00f4micas que estariam acelerando a an\u00e1lise sem o devido rigor t\u00e9cnico. O grupo ressalta que n\u00e3o se op\u00f5e \u00e0 produ\u00e7\u00e3o de celulose em si, mas critica o modelo proposto, destacando seus potenciais impactos socioambientais e a falta de debate p\u00fablico qualificado.<\/p>\n\n\n\n<p>Entre os principais riscos apontados est\u00e3o o elevado consumo de \u00e1gua e o grande volume de efluentes que seriam lan\u00e7ados no Gua\u00edba, podendo comprometer o abastecimento da Regi\u00e3o Metropolitana de Porto Alegre, al\u00e9m de afetar a biodiversidade e comunidades locais. O comit\u00ea tamb\u00e9m alerta para poss\u00edveis impactos \u00e0 sa\u00fade humana decorrentes da libera\u00e7\u00e3o de subst\u00e2ncias t\u00f3xicas persistentes, falhas na modelagem ambiental apresentada e aus\u00eancia de consulta adequada a povos ind\u00edgenas e comunidades pesqueiras, em desacordo com normas nacionais e internacionais. Al\u00e9m disso, critica-se a escolha da \u00e1rea do empreendimento, que abriga ecossistemas sens\u00edveis e esp\u00e9cies amea\u00e7adas.<\/p>\n\n\n\n<p>O documento conclui solicitando que os parlamentares intervenham para garantir transpar\u00eancia, independ\u00eancia e rigor t\u00e9cnico no processo de licenciamento, com realiza\u00e7\u00e3o de audi\u00eancias p\u00fablicas e ampla participa\u00e7\u00e3o social. Segundo o grupo, o empreendimento tem potencial de causar impactos regionais significativos, agravando problemas ambientais e clim\u00e1ticos j\u00e1 existentes, o que exige uma an\u00e1lise mais criteriosa antes de qualquer aprova\u00e7\u00e3o.<\/p>\n\n\n\n<p><\/p>\n\n\n\n<h2 class=\"wp-block-heading\">Liminar do CNMP desbloqueia instala\u00e7\u00e3o do &#8220;Projeto Natureza&#8221; em Barra do Ribeiro<\/h2>\n\n\n\n<p>Na \u00faltima sexta-feira, 24 de abril, o conselheiro do CNMP, Edvaldo Nilo, suspendeu liminarmente recomenda\u00e7\u00f5es do MPF\/RS que travavam o &#8220;Projeto Natureza&#8221; &#8211; a nova f\u00e1brica de celulose de R$ 27 bilh\u00f5es em Barra do Ribeiro (RS), atendendo a pedido dos deputados Marcel Van Hattem e Felipe Camozzato. A decis\u00e3o aponta que o MPF conferiu car\u00e1ter vinculante indevido \u00e0s recomenda\u00e7\u00f5es e determinou que a Corregedoria Nacional investigue os procuradores, destacando o risco de paralisa\u00e7\u00e3o do empreendimento. <mark style=\"background-color:#FFFFFF\" class=\"has-inline-color has-accent-1-color\"><strong><a href=\"https:\/\/www.cnmp.mp.br\/portal\/todas-as-noticias\/19394-conselheiro-do-cnmp-suspende-recomendacoes-do-mpf-sobre-implantacao-do-projeto-natureza-no-rio-grande-do-sul\" title=\"\">Saiba mais detalhes no portal de not\u00edcias do CNMP<\/a>.<\/strong><\/mark><\/p>\n\n\n\n<p><\/p>\n\n\n\n<h2 class=\"wp-block-heading\">Leia a \u00edntegra da carta com observa\u00e7\u00f5es dos impactos do projeto da CMPC em Barra do Ribeiro<\/h2>\n\n\n\n<p>Exmas.\/Exmos. Senhoras e Senhores Parlamentares da Assembleia Legislativa do Estado:<\/p>\n\n\n\n<p>O \u201cComit\u00ea T\u00e9cnico de An\u00e1lise e Questionamento do EIA &#8211; RIMA do novo Projeto da CMPC Celulose\u201d, que firma o presente documento, amparado pela Constitui\u00e7\u00e3o Federal, em seu artigo 225, relativamente \u00e0 obrigatoriedade da defesa e preserva\u00e7\u00e3o do meio ambiente ecologicamente equilibrado, bem de uso comum do povo e essencial \u00e0 sadia qualidade de vida para as presentes e futuras gera\u00e7\u00f5es, dever este tamb\u00e9m imposto ao Poder P\u00fablico e \u00e0 coletividade, vem perante Vossas Excel\u00eancias manifestar-se sobre o megaempreendimento de produ\u00e7\u00e3o de celulose da empresa CMPC, previsto para o munic\u00edpio de Barra do Ribeiro, em processo de licenciamento ambiental na Funda\u00e7\u00e3o Estadual de Prote\u00e7\u00e3o Ambiental Henrique Lu\u00eds Roessler (FEPAM).<\/p>\n\n\n\n<p>O rito do licenciamento deste projeto na FEPAM, infelizmente, vem sendo atropelado, desde a aceita\u00e7\u00e3o, pelo \u00f3rg\u00e3o licenciador, por meio de um incompleto e inconsistente Relat\u00f3rio de Impacto Ambiental (RIMA), de parte da empresa requerente. Tal situa\u00e7\u00e3o, j\u00e1 alertada por diversas entidades, inclusive ao Minist\u00e9rio P\u00fablico do Estado do Rio Grande do Sul, vem acompanhado de intensa press\u00e3o econ\u00f4mica e pol\u00edtica, acenando investimentos de valores extraordin\u00e1rios que tentam subjugar os direitos socioambientais garantidos pela Constitui\u00e7\u00e3o Federal. <\/p>\n\n\n\n<p>O Governo do Estado e outros setores interessados t\u00eam defendido, com muita \u00eanfase, a viabilidade deste megaempreendimento, mesmo sem a devida conclus\u00e3o das an\u00e1lises t\u00e9cnicas qualificadas no rito de um efetivo e independente licenciamento ambiental. <\/p>\n\n\n\n<p>Lamentavelmente, desde os \u00f3rg\u00e3os da administra\u00e7\u00e3o p\u00fablica estadual at\u00e9 os grandes meios de comunica\u00e7\u00e3o, pouco ou quase nada de espa\u00e7os s\u00e3o destinados aos questionamentos necess\u00e1rios que v\u00eam sendo realizados por t\u00e9cnicos de dentro e fora deste Comit\u00ea, incluindo pesquisadores e dezenas de organiza\u00e7\u00f5es da sociedade civil, inclusive p\u00fablicas, em rela\u00e7\u00e3o \u00e0s consequ\u00eancias socioambientais do referido projeto.<\/p>\n\n\n\n<p>Este documento n\u00e3o busca se contrapor ao produto celulose, dada a sua import\u00e2ncia para a sociedade, desde que dentro de padr\u00f5es de uso sustent\u00e1vel, o que n\u00e3o \u00e9 o caso em sociedades de alto consumo deste produto, inclusive com branqueamento question\u00e1vel, agravado pela aus\u00eancia efetiva de pol\u00edticas que viabilizem a reciclagem de papel, papel\u00e3o e produtos similares. H\u00e1 que se considerar, tamb\u00e9m, que 90% dos 3 milh\u00f5es de toneladas de celulose a serem produzidas, por ano, ser\u00e3o destinadas \u00e0 China (a 19 mil km) e a outros pa\u00edses igualmente distantes que a utilizar\u00e3o para transformar em produtos agregados como papel e outros derivados. Diante do enorme trajeto de transporte, o que amplifica a crise clim\u00e1tica e ambiental, cujas consequ\u00eancias vivemos de forma t\u00e3o dram\u00e1tica no nosso estado. <\/p>\n\n\n\n<p>Consideramos que os agentes p\u00fablicos possuem o dever de debater todos os impactos ambientais e sociais do projeto, exigindo do \u00f3rg\u00e3o ambiental competente a necess\u00e1ria isen\u00e7\u00e3o, impessoalidade e observ\u00e2ncia da legalidade estrita no caso. Lamentavelmente, temos assistido a atua\u00e7\u00e3o dos \u00f3rg\u00e3os estaduais ligados \u00e0 prote\u00e7\u00e3o ambiental, em diversas situa\u00e7\u00f5es, dando a entender apoio ao referido projeto. Desta forma, o \u00f3rg\u00e3o ambiental estaria exonerando-se do dever institucional de acompanhar, fiscalizar e exigir estudos completos e aprofundados sobre os impactos deste megaempreendimento que comprometeria gravemente o principal manancial para abastecimento de \u00e1gua da Regi\u00e3o Metropolitana de Porto Alegre, com consequ\u00eancias ineg\u00e1veis e de grande vulto para a vida humana, a fauna e flora de todo o entorno.<\/p>\n\n\n\n<p>A \u00e1rea prevista para o empreendimento, na localidade de Barba Negra, apresenta elevada biodiversidade, constituindo-se como Forma\u00e7\u00f5es Pioneiras, protegidas pela Lei da Mata Atl\u00e2ntica (Lei Federal n. 11.428\/2006), incluindo zonas classificadas pelo Minist\u00e9rio do Meio Ambiente (MMA) como priorit\u00e1rias para conserva\u00e7\u00e3o, com esp\u00e9cies amea\u00e7adas e end\u00eamicas \u2014 fatores que motivaram a cria\u00e7\u00e3o de uma Reserva Particular do Patrim\u00f4nio Natural (RPPN) pela pr\u00f3pria empresa (Portaria SEMA n. 48 de 28\/09\/2010). Tais elementos foram ignorados no Estudo de Impacto Ambiental (EIA), e a tentativa da CMPC de desafetar parte da Unidade de Conserva\u00e7\u00e3o, para viabilizar o empreendimento, \u00e9 ambientalmente e juridicamente question\u00e1vel, sobretudo diante da presen\u00e7a de esp\u00e9cies amea\u00e7adas em raros ambientes de restinga na regi\u00e3o do Gua\u00edba. <\/p>\n\n\n\n<p>Ademais, o projeto apresenta outras inconsist\u00eancias graves na defini\u00e7\u00e3o de sua localiza\u00e7\u00e3o, uma vez que n\u00e3o houve an\u00e1lise abrangente de alternativas locacionais, desconsiderando aspectos territoriais sens\u00edveis, como a elevada presen\u00e7a de aldeias Mby\u00e1 Guarani no munic\u00edpio de Barra do Ribeiro. Soma-se a isso o encaminhamento inadequado da consulta aos povos ind\u00edgenas, em desacordo com a Conven\u00e7\u00e3o no 169 da OIT e com a legisla\u00e7\u00e3o nacional, evidenciado por um processo inicial marcado pela aus\u00eancia de respeito ao direito \u00e0 Consulta Pr\u00e9via, Livre e Informada aos Povos Ind\u00edgenas pertencentes \u00e0s etnias Mby\u00e1 Guarani e Kaingang. Verificam-se, ainda, ind\u00edcios de uma rela\u00e7\u00e3o baseada em promessas, o que pode configurar press\u00e3o ou ass\u00e9dio \u00e0s comunidades ind\u00edgenas. <\/p>\n\n\n\n<p>Nesse contexto, imp\u00f5e-se a atua\u00e7\u00e3o rigorosa da FUNAI e da FEPAM para assegurar que o processo de consulta observe integralmente os direitos dos povos ind\u00edgenas. \u00c9 impositivo que os parlamentares e a sociedade ga\u00facha saibam que o empreendimento projeta extraordin\u00e1rios valores, tanto de consumo de \u00e1gua (288 milh\u00f5es de litros\/dia) como de lan\u00e7amento de efluentes l\u00edquidos (242 milh\u00f5es de litros\/dia). Somado ao volume atualmente despejado pela unidade j\u00e1 existente da CMPC no munic\u00edpio de Gua\u00edba, as \u00e1guas do Gua\u00edba passariam a receber cerca de 396,4 milh\u00f5es de litros de efluentes por dia, carga equivalente ao volume de esgotos gerados por uma popula\u00e7\u00e3o estimada em cerca de 2 milh\u00f5es de habitantes, portanto, superior \u00e0 popula\u00e7\u00e3o do Munic\u00edpio de Porto Alegre. Neste cen\u00e1rio, em 10 anos, a quantidade de efluentes lan\u00e7ados seria equivalente a todo o volume do corpo de \u00e1gua Gua\u00edba! <\/p>\n\n\n\n<p>Sob o aspecto qualitativo, \u00e9 importante destacar que o projeto anuncia utilizar o processo Kraft com branqueamento ECF (livre de cloro elementar), t\u00e9cnica que, embora reduza parcialmente impactos, n\u00e3o elimina a gera\u00e7\u00e3o de compostos organoclorados, especialmente AOX (compostos org\u00e2nicos halog\u00eanios adsorv\u00edveis), entre os quais se incluem dioxinas e furanos, reconhecidos como Poluentes Org\u00e2nicos Persistentes (POPs), de elevada toxicidade e longa meia\u2011vida ambiental, regulados pela Conven\u00e7\u00e3o de Estocolmo, da qual o Brasil \u00e9 signat\u00e1rio.<\/p>\n\n\n\n<p>Considerando que a ind\u00fastria de celulose figura entre as mais poluentes em escala global, cumpre destacar que o lan\u00e7amento conjunto de efluentes \u2014 provenientes da unidade projetada e somados aos da planta j\u00e1 em opera\u00e7\u00e3o em Gua\u00edba \u2014 configura uma situa\u00e7\u00e3o in\u00e9dita no cen\u00e1rio internacional, na qual um \u00fanico corpo h\u00eddrico interior passaria a receber descargas de duas f\u00e1bricas de grande porte, com elevada carga de contaminantes persistentes, constituindo-se no maior polo de polui\u00e7\u00e3o das ind\u00fastrias de celulose do mundo. Enfatizam-se, com isso tudo, os riscos de longo prazo decorrentes da libera\u00e7\u00e3o de subst\u00e2ncias persistentes e bioacumulativas, j\u00e1 citadas, tais como dioxinas, furanos e demais compostos organoclorados (AOX) e trihalometanos, associadas a: dist\u00farbios end\u00f3crinos e reprodutivos; infertilidade e malforma\u00e7\u00f5es fetais; aumento do risco de diferentes tipos de c\u00e2ncer, gerando impactos s\u00e9rios \u00e0 sa\u00fade humana. <\/p>\n\n\n\n<p>Existe forte probabilidade do efluente previsto para ser lan\u00e7ado no Gua\u00edba, a 4 km da margem de Barra do Ribeiro e a 3 km da margem de Bel\u00e9m Novo (Porto Alegre), afetar a capta\u00e7\u00e3o de duas esta\u00e7\u00f5es de tratamento de \u00e1gua do DMAE. No RIMA, al\u00e9m de n\u00e3o ser citada a libera\u00e7\u00e3o de dioxinas e furanos, poluentes cancer\u00edgenos, persistentes e comuns nestes tipos de ind\u00fastrias, derivados do uso de cloro no branqueamento da celulose, a modelagem da dispers\u00e3o dos poluentes apresenta falhas elementares e n\u00e3o considera adequadamente a complexidade da hidrodin\u00e2mica do Gua\u00edba, n\u00e3o s\u00f3 para o abastecimento da popula\u00e7\u00e3o como a pesca e a balneabilidade, inclusive na Laguna dos Patos. Apesar do emiss\u00e1rio de efluentes da nova planta da CMPC ficar ao sul desta capta\u00e7\u00e3o, o Gua\u00edba apresenta invers\u00e3o do fluxo nortesul, quando os ventos do sul s\u00e3o fortes, fato que n\u00e3o foi considerado adequadamente no Estudo apresentado pela empresa.<\/p>\n\n\n\n<p>Imp\u00f5e-se ao Estado brasileiro, na condi\u00e7\u00e3o de signat\u00e1rio, a ado\u00e7\u00e3o das melhores t\u00e9cnicas dispon\u00edveis e a implementa\u00e7\u00e3o de medidas destinadas \u00e0 redu\u00e7\u00e3o cont\u00ednua e, quando poss\u00edvel, elimina\u00e7\u00e3o dessas subst\u00e2ncias, especialmente em atividades reconhecidamente emissoras, como a ind\u00fastria de celulose.<\/p>\n\n\n\n<p>Um aspecto cr\u00edtico que merece ser incorporado diz respeito ao comportamento de contaminantes t\u00f3xicos, persistentes e bioacumulativos, como no caso de AOX, dioxinas e furanos, j\u00e1 citados. Esses compostos tendem a se concentrar majoritariamente nos sedimentos, compartimento ambiental que n\u00e3o foi devidamente considerado na modelagem utilizada no EIA. Trata-se de uma lacuna metodol\u00f3gica extremamente relevante, especialmente em uma an\u00e1lise de impacto ambiental dessa natureza, pois a din\u00e2mica dos sedimentos constitui uma via fundamental de exposi\u00e7\u00e3o e contamina\u00e7\u00e3o de longo prazo. Ainda que os efeitos possam n\u00e3o ser imediatamente percept\u00edveis, \u00e9 plaus\u00edvel que se manifestem ao longo do tempo, \u00e0 medida que esses poluentes se acumulam e entram na cadeia tr\u00f3fica. Al\u00e9m disso, eventos como cheias ou perturba\u00e7\u00f5es hidrodin\u00e2micas, em especial as enormes dragagens previstas neste projeto, podem provocar a ressuspens\u00e3o desses contaminantes na coluna d\u2019\u00e1gua, reintroduzindo-os no sistema e ampliando seus riscos ambientais e sanit\u00e1rios. <\/p>\n\n\n\n<p>Da mesma forma, prev\u00ea-se a contamina\u00e7\u00e3o ao longo da cadeia alimentar, inclusive com potencial de bioacumula\u00e7\u00e3o no pescado, afetando de forma dram\u00e1tica o sustento de mais de 7 mil fam\u00edlias que vivem da pesca artesanal e que dependem da qualidade da \u00e1gua do Gua\u00edba e da Laguna dos Patos. Alertamos que o n\u00famero de pescadores artesanais representa mais do que tr\u00eas vezes os 1400 empregos declarados pela empresa ap\u00f3s sua constru\u00e7\u00e3o. <\/p>\n\n\n\n<p>Al\u00e9m de todos os elementos aqui citados, acrescente-se o imenso impacto ambiental tamb\u00e9m pela emiss\u00e3o atmosf\u00e9rica com poluentes t\u00f3xicos &#8211; gases de enxofre, nitrog\u00eanio, particulados e Gases de Efeito Estufa (GEE), entre outros. No caso dos GEE, o Invent\u00e1rio de Emiss\u00f5es presente no EIA do projeto da CMPC evidencia aspectos altamente preocupantes e contradit\u00f3rios: o empreendimento poder\u00e1 emitir, anualmente, mais de 1,5 milh\u00e3o de tCO\u2082 e (toneladas de g\u00e1s carb\u00f4nico equivalente), decorrentes da queima de combust\u00edvel f\u00f3ssil, somados a volumosas emiss\u00f5es biog\u00eanicas que, embora tratadas como \u201cneutras\u201d, incluem gases de alto potencial de aquecimento da atmosfera, como CH\u2084 e N\u2082 O. H\u00e1 que se considerar que, al\u00e9m das chamin\u00e9s da ind\u00fastria, estes gases tamb\u00e9m ser\u00e3o liberados pela circula\u00e7\u00e3o anual de milhares de ve\u00edculos, terrestres e aqu\u00e1ticos, no transporte de madeira, celulose, materiais qu\u00edmicos, entre outros, contrariando todas as iniciativas mundiais, em curso, para diminuir a emerg\u00eancia clim\u00e1tica e ambiental. Portanto, destaca-se a forte depend\u00eancia de combust\u00edveis f\u00f3sseis, respons\u00e1veis pela maior parte das emiss\u00f5es diretas, o que contradiz a alega\u00e7\u00e3o de uso das \u201cmelhores tecnologias dispon\u00edveis\u201d. Al\u00e9m disso, o estudo desconsidera as emiss\u00f5es de gases decorrentes da constru\u00e7\u00e3o da enorme infraestrutura industrial e da mudan\u00e7a de uso do solo e exclui elementos relevantes, como as monoculturas de eucalipto, com preju\u00edzos principalmente sobre o bioma Pampa, resultando em enorme subestima\u00e7\u00e3o da totalidade dos impactos. Em conjunto, esses elementos indicam uma carga emissora significativa e fragilidades metodol\u00f3gicas que comprometem a real avalia\u00e7\u00e3o dos impactos clim\u00e1ticos do projeto. <\/p>\n\n\n\n<p>Sendo assim, conclamamos a Vossas Excel\u00eancias \u00e0 responsabilidade de interromper o atropelo deste processo, garantindo o direito ao debate t\u00e9cnico, esclarecido e aprofundado devido ao enorme potencial de polui\u00e7\u00e3o e degrada\u00e7\u00e3o ambiental do projeto. Ou seja, tal empreendimento apresenta uma dimens\u00e3o de impacto regional, com suas consequ\u00eancias altamente prejudiciais no Gua\u00edba, Laguna dos Patos e Regi\u00e3o Metropolitana, podendo afetar milh\u00f5es de pessoas.<\/p>\n\n\n\n<p>Sob os princ\u00edpios constitucionais que regem a Administra\u00e7\u00e3o P\u00fablica, requeremos medidas objetivas para que a SEMA\/RS e a FEPAM\/RS retomem os crit\u00e9rios t\u00e9cnicos, autonomia, independ\u00eancia e transpar\u00eancia no processo de licenciamento ambiental, garantindo tamb\u00e9m a realiza\u00e7\u00e3o de Audi\u00eancias P\u00fablicas em Porto Alegre e demais munic\u00edpios da regi\u00e3o afetada.<\/p>\n\n\n\n<p>Porto Alegre, 27 de abril de 2026.<\/p>\n\n\n\n<p>Comit\u00ea T\u00e9cnico de An\u00e1lise e Questionamento do EIA &#8211; RIMA do novo Projeto da CMPC Celulose, composto pelas entidades: <em><strong>Assembleia Permanente de Entidades em Defesa do Meio Ambiente-RS, Amigas da Terra Brasil, Associa\u00e7\u00e3o de M\u00e3es e Pais pela Democracia-AMPD, Associa\u00e7\u00e3o dos Servidores da Secretaria do Meio Ambiente do Estado do Rio Grande do Sul &#8211; ASSEMA\/RS, Associa\u00e7\u00e3o dos T\u00e9cnicos de N\u00edvel Superior do Munic\u00edpio de Porto Alegre \u2013 ASTEC; Associa\u00e7\u00e3o Ga\u00facha de Prote\u00e7\u00e3o ao Ambiente Natural \u2013 AGAPAN; Associa\u00e7\u00e3o S\u00f3cio Ambientalista \u2013 IGRE; Casca &#8211; Instituto Socioambiental; Instituto Ecoa; Instituto Ga\u00facho de Estudos Ambientais \u2013 InG\u00e1; Instituto MIRA-SERRA; Medicina em Alerta; Movimento de Justi\u00e7a e Direitos Humanos- MJDH; Ser A\u00e7\u00e3o Ativismo Ambiental.<\/strong> <\/em>(contato: comitetec.sociamb.cmpc@gmail.com)<\/p>\n\n\n\n<p><strong>LEIA MAIS:<\/strong><\/p>\n\n\n\n<figure class=\"wp-block-embed is-type-wp-embed is-provider-ambiente-j wp-block-embed-ambiente-j\"><div class=\"wp-block-embed__wrapper\">\n<blockquote class=\"wp-embedded-content\" data-secret=\"nWFhOQA6E1\"><a href=\"https:\/\/www.jornalja.com.br\/ambiente\/biologa-aponta-falhas-tecnicas-no-estudo-de-impacto-ambiental-da-nova-fabrica-de-celulose-em-barra-do-ribeiro\/\">Bi\u00f3loga aponta falhas t\u00e9cnicas no estudo de impacto ambiental da nova f\u00e1brica de celulose em Barra do Ribeiro<\/a><\/blockquote><iframe class=\"wp-embedded-content\" sandbox=\"allow-scripts\" security=\"restricted\" style=\"position: absolute; visibility: hidden;\" title=\"&#8220;Bi\u00f3loga aponta falhas t\u00e9cnicas no estudo de impacto ambiental da nova f\u00e1brica de celulose em Barra do Ribeiro&#8221; &#8212; Ambiente J\u00c1\" src=\"https:\/\/www.jornalja.com.br\/ambiente\/biologa-aponta-falhas-tecnicas-no-estudo-de-impacto-ambiental-da-nova-fabrica-de-celulose-em-barra-do-ribeiro\/embed\/#?secret=CqIRBGKHku#?secret=nWFhOQA6E1\" data-secret=\"nWFhOQA6E1\" width=\"500\" height=\"282\" frameborder=\"0\" marginwidth=\"0\" marginheight=\"0\" scrolling=\"no\"><\/iframe>\n<\/div><\/figure>\n\n\n\n<figure class=\"wp-block-embed is-type-wp-embed is-provider-ambiente-j wp-block-embed-ambiente-j\"><div class=\"wp-block-embed__wrapper\">\n<blockquote class=\"wp-embedded-content\" data-secret=\"dMAT52Unka\"><a href=\"https:\/\/www.jornalja.com.br\/ambiente\/carga-toxica-no-guaiba-vai-dobrar-com-nova-fabrica-de-celulose-alerta-ambientalista\/\">Carga t\u00f3xica no Gua\u00edba vai dobrar com nova f\u00e1brica de celulose, alerta ambientalista<\/a><\/blockquote><iframe class=\"wp-embedded-content\" sandbox=\"allow-scripts\" security=\"restricted\" style=\"position: absolute; visibility: hidden;\" title=\"&#8220;Carga t\u00f3xica no Gua\u00edba vai dobrar com nova f\u00e1brica de celulose, alerta ambientalista&#8221; &#8212; Ambiente J\u00c1\" src=\"https:\/\/www.jornalja.com.br\/ambiente\/carga-toxica-no-guaiba-vai-dobrar-com-nova-fabrica-de-celulose-alerta-ambientalista\/embed\/#?secret=aJjhOUHGqY#?secret=dMAT52Unka\" data-secret=\"dMAT52Unka\" width=\"500\" height=\"282\" frameborder=\"0\" marginwidth=\"0\" marginheight=\"0\" scrolling=\"no\"><\/iframe>\n<\/div><\/figure>\n\n\n\n<p><\/p>\n","protected":false},"excerpt":{"rendered":"<p>Um comit\u00ea t\u00e9cnico formado por entidades socioambientais e professores universit\u00e1rios encaminhou carta aos parlamentares da Assembleia Legislativa do Rio Grande do Sul manifestando preocupa\u00e7\u00e3o com o projeto de uma nova f\u00e1brica de celulose da CMPC em Barra do Ribeiro, atualmente em processo de licenciamento ambiental. O documento aponta falhas no Relat\u00f3rio de Impacto Ambiental (RIMA), [&hellip;]<\/p>\n","protected":false},"author":2,"featured_media":86042,"comment_status":"closed","ping_status":"open","sticky":false,"template":"","format":"standard","meta":{"jetpack_post_was_ever_published":false,"_jetpack_newsletter_access":"","_jetpack_dont_email_post_to_subs":false,"_jetpack_newsletter_tier_id":0,"_jetpack_memberships_contains_paywalled_content":false,"_jetpack_memberships_contains_paid_content":false,"footnotes":"","jetpack_publicize_message":"","jetpack_publicize_feature_enabled":true,"jetpack_social_post_already_shared":false,"jetpack_social_options":{"image_generator_settings":{"template":"highway","default_image_id":0,"font":"","enabled":false},"version":2}},"categories":[4],"tags":[],"class_list":["post-86036","post","type-post","status-publish","format-standard","has-post-thumbnail","hentry","category-ambiente-geral"],"aioseo_notices":[],"jetpack_publicize_connections":[],"jetpack_featured_media_url":"https:\/\/www.jornalja.com.br\/ambiente\/wp-content\/uploads\/sites\/3\/2026\/04\/20260407-0020-plenaria-cmpc-camara-poa-ramiro-sanchez-oaf2035.jpg","jetpack-related-posts":[{"id":75915,"url":"https:\/\/www.jornalja.com.br\/ambiente\/investigadores-nao-tem-pistas-sobre-morte-do-cacique-wajapi-corpo-sera-exumado\/","url_meta":{"origin":86036,"position":0},"title":"Investigadores n\u00e3o tem pistas sobre morte do cacique Waj\u00e3pi; corpo ser\u00e1 exumado","author":"da Reda\u00e7\u00e3o","date":"2 de agosto de 2019","format":false,"excerpt":"Os dois procuradores que conduzem as investiga\u00e7\u00f5es sobre a morte do cacique Emyra Waj\u00e3pi, no Amap\u00e1, Rodolfo Lopes e Joaquim Cabral, se reuniram na sede do Minist\u00e9rio P\u00fablico Federal com o vereador Jawaruwa Waj\u00e3pi e o ind\u00edgena Japu Waj\u00e3pi. Os ind\u00edgenas contaram como foi a morte do cacique e tamb\u00e9m\u2026","rel":"","context":"Em &quot;Ambiente J\u00c1-MAT\u00c9RIA&quot;","block_context":{"text":"Ambiente J\u00c1-MAT\u00c9RIA","link":"https:\/\/www.jornalja.com.br\/ambiente\/category\/ambiente-geral\/"},"img":{"alt_text":"","src":"","width":0,"height":0},"classes":[]},{"id":85744,"url":"https:\/\/www.jornalja.com.br\/ambiente\/pl-da-devastacao-em-retaliacao-ao-governo-oposicao-pode-derrubar-vetos-de-lula\/","url_meta":{"origin":86036,"position":1},"title":"Em retalia\u00e7\u00e3o ao governo, oposi\u00e7\u00e3o derruba vetos de Lula e restabelece o &#8220;PL da Devasta\u00e7\u00e3o&#8221;.","author":"da Reda\u00e7\u00e3o","date":"27 de novembro de 2025","format":false,"excerpt":"Em vota\u00e7\u00e3o conjunta no Congresso Nacional, nesta quinta-feira (27), foram derrubados\u00a0 os vetos do presidente Lula \u00e0 Lei Geral do Licenciamento Ambiental (Lei n\u00ba 15.190\/2025),\u00a0 o chamado\u00a0 \u201cPL da Devasta\u00e7\u00e3o\u201d. Aconteceu o que as organiza\u00e7\u00f5es de defesa ambiental temiam: a reabilita\u00e7\u00e3o dos dispositivos que autorizam autolicenciamento amplo, emiss\u00e3o autom\u00e1tica de\u2026","rel":"","context":"Em &quot;Ambiente J\u00c1-MAT\u00c9RIA&quot;","block_context":{"text":"Ambiente J\u00c1-MAT\u00c9RIA","link":"https:\/\/www.jornalja.com.br\/ambiente\/category\/ambiente-geral\/"},"img":{"alt_text":"","src":"https:\/\/i0.wp.com\/www.jornalja.com.br\/ambiente\/wp-content\/uploads\/sites\/3\/2025\/11\/pl-da-devastacao-mota-e-alcolumre-comemoram.png?resize=350%2C200&ssl=1","width":350,"height":200,"srcset":"https:\/\/i0.wp.com\/www.jornalja.com.br\/ambiente\/wp-content\/uploads\/sites\/3\/2025\/11\/pl-da-devastacao-mota-e-alcolumre-comemoram.png?resize=350%2C200&ssl=1 1x, https:\/\/i0.wp.com\/www.jornalja.com.br\/ambiente\/wp-content\/uploads\/sites\/3\/2025\/11\/pl-da-devastacao-mota-e-alcolumre-comemoram.png?resize=525%2C300&ssl=1 1.5x, https:\/\/i0.wp.com\/www.jornalja.com.br\/ambiente\/wp-content\/uploads\/sites\/3\/2025\/11\/pl-da-devastacao-mota-e-alcolumre-comemoram.png?resize=700%2C400&ssl=1 2x"},"classes":[]},{"id":85596,"url":"https:\/\/www.jornalja.com.br\/ambiente\/projeto-que-facilita-licenciamento-ambiental-e-o-maior-retrocesso-em-40-anos\/","url_meta":{"origin":86036,"position":2},"title":"Projeto que facilita licenciamento ambiental: &#8220;\u00c9 o maior retrocesso em 40 anos&#8221;","author":"da Reda\u00e7\u00e3o","date":"22 de maio de 2025","format":false,"excerpt":"Autolicenciamento para obras de m\u00e9dio porte,\u00a0 fim da responsabiliza\u00e7\u00e3o por impactos ambientais indiretos e\u00a0 redu\u00e7\u00e3o da participa\u00e7\u00e3o social nos processos de licenciamento - estes s\u00e3o os principais \"retrocessos\" apontados pelo secret\u00e1rio excecutivo do Minist\u00e9rio do Meio Ambiente, Jo\u00e3o Paulo Capobianco. no projeto da nova Lei Geral do Licenciamento Ambiental O\u2026","rel":"","context":"Em &quot;Ambiente J\u00c1-MAT\u00c9RIA&quot;","block_context":{"text":"Ambiente J\u00c1-MAT\u00c9RIA","link":"https:\/\/www.jornalja.com.br\/ambiente\/category\/ambiente-geral\/"},"img":{"alt_text":"","src":"https:\/\/i0.wp.com\/www.jornalja.com.br\/ambiente\/wp-content\/uploads\/sites\/3\/2025\/05\/nova-lei-ambiental.jpeg?resize=350%2C200&ssl=1","width":350,"height":200,"srcset":"https:\/\/i0.wp.com\/www.jornalja.com.br\/ambiente\/wp-content\/uploads\/sites\/3\/2025\/05\/nova-lei-ambiental.jpeg?resize=350%2C200&ssl=1 1x, https:\/\/i0.wp.com\/www.jornalja.com.br\/ambiente\/wp-content\/uploads\/sites\/3\/2025\/05\/nova-lei-ambiental.jpeg?resize=525%2C300&ssl=1 1.5x, https:\/\/i0.wp.com\/www.jornalja.com.br\/ambiente\/wp-content\/uploads\/sites\/3\/2025\/05\/nova-lei-ambiental.jpeg?resize=700%2C400&ssl=1 2x"},"classes":[]},{"id":84246,"url":"https:\/\/www.jornalja.com.br\/ambiente\/travessia-de-viamao-4-um-mozaico-de-ecossistemas-unico-no-rs-parque-estadual-de-itapua-chega-aos-50-anos\/","url_meta":{"origin":86036,"position":3},"title":"Travessia de Viam\u00e3o (4): Aos 50 anos, Parque de Itapu\u00e3 \u00e9 um &#8216;santu\u00e1rio&#8217; da biodiversidade","author":"Cleber Dioni Tentardini","date":"14 de julho de 2023","format":false,"excerpt":"Por Cleber Dioni Tentardini * N\u00e3o existe uma unidade de conserva\u00e7\u00e3o no Rio Grande do Sul com a mesma diversidade de ecossistemas do Parque Estadual de Itapu\u00e3 (PEI), que completa 50 anos neste 14 de julho. Localizado na zona de transi\u00e7\u00e3o entre os biomas Mata Atl\u00e2ntica e Pampa, o parque\u2026","rel":"","context":"Em &quot;Ambiente J\u00c1-MAT\u00c9RIA&quot;","block_context":{"text":"Ambiente J\u00c1-MAT\u00c9RIA","link":"https:\/\/www.jornalja.com.br\/ambiente\/category\/ambiente-geral\/"},"img":{"alt_text":"","src":"https:\/\/i0.wp.com\/www.jornalja.com.br\/ambiente\/wp-content\/uploads\/sites\/3\/2023\/06\/20230320-0016-pontal-das-desertas-ramiro-sanchez-dji-0629-scaled.jpg?resize=350%2C200&ssl=1","width":350,"height":200,"srcset":"https:\/\/i0.wp.com\/www.jornalja.com.br\/ambiente\/wp-content\/uploads\/sites\/3\/2023\/06\/20230320-0016-pontal-das-desertas-ramiro-sanchez-dji-0629-scaled.jpg?resize=350%2C200&ssl=1 1x, https:\/\/i0.wp.com\/www.jornalja.com.br\/ambiente\/wp-content\/uploads\/sites\/3\/2023\/06\/20230320-0016-pontal-das-desertas-ramiro-sanchez-dji-0629-scaled.jpg?resize=525%2C300&ssl=1 1.5x, https:\/\/i0.wp.com\/www.jornalja.com.br\/ambiente\/wp-content\/uploads\/sites\/3\/2023\/06\/20230320-0016-pontal-das-desertas-ramiro-sanchez-dji-0629-scaled.jpg?resize=700%2C400&ssl=1 2x, https:\/\/i0.wp.com\/www.jornalja.com.br\/ambiente\/wp-content\/uploads\/sites\/3\/2023\/06\/20230320-0016-pontal-das-desertas-ramiro-sanchez-dji-0629-scaled.jpg?resize=1050%2C600&ssl=1 3x, https:\/\/i0.wp.com\/www.jornalja.com.br\/ambiente\/wp-content\/uploads\/sites\/3\/2023\/06\/20230320-0016-pontal-das-desertas-ramiro-sanchez-dji-0629-scaled.jpg?resize=1400%2C800&ssl=1 4x"},"classes":[]}],"jetpack_shortlink":"https:\/\/wp.me\/pbKnZo-mnG","jetpack_sharing_enabled":true,"_links":{"self":[{"href":"https:\/\/www.jornalja.com.br\/ambiente\/wp-json\/wp\/v2\/posts\/86036","targetHints":{"allow":["GET"]}}],"collection":[{"href":"https:\/\/www.jornalja.com.br\/ambiente\/wp-json\/wp\/v2\/posts"}],"about":[{"href":"https:\/\/www.jornalja.com.br\/ambiente\/wp-json\/wp\/v2\/types\/post"}],"author":[{"embeddable":true,"href":"https:\/\/www.jornalja.com.br\/ambiente\/wp-json\/wp\/v2\/users\/2"}],"replies":[{"embeddable":true,"href":"https:\/\/www.jornalja.com.br\/ambiente\/wp-json\/wp\/v2\/comments?post=86036"}],"version-history":[{"count":14,"href":"https:\/\/www.jornalja.com.br\/ambiente\/wp-json\/wp\/v2\/posts\/86036\/revisions"}],"predecessor-version":[{"id":86063,"href":"https:\/\/www.jornalja.com.br\/ambiente\/wp-json\/wp\/v2\/posts\/86036\/revisions\/86063"}],"wp:featuredmedia":[{"embeddable":true,"href":"https:\/\/www.jornalja.com.br\/ambiente\/wp-json\/wp\/v2\/media\/86042"}],"wp:attachment":[{"href":"https:\/\/www.jornalja.com.br\/ambiente\/wp-json\/wp\/v2\/media?parent=86036"}],"wp:term":[{"taxonomy":"category","embeddable":true,"href":"https:\/\/www.jornalja.com.br\/ambiente\/wp-json\/wp\/v2\/categories?post=86036"},{"taxonomy":"post_tag","embeddable":true,"href":"https:\/\/www.jornalja.com.br\/ambiente\/wp-json\/wp\/v2\/tags?post=86036"}],"curies":[{"name":"wp","href":"https:\/\/api.w.org\/{rel}","templated":true}]}}