{"id":86171,"date":"2026-07-16T12:22:43","date_gmt":"2026-07-16T15:22:43","guid":{"rendered":"https:\/\/www.jornalja.com.br\/ambiente\/?p=86171"},"modified":"2026-07-27T17:35:12","modified_gmt":"2026-07-27T20:35:12","slug":"inquerito-apura-danos-ambientais-causados-pelo-eucalipto-no-cerrado","status":"publish","type":"post","link":"https:\/\/www.jornalja.com.br\/ambiente\/inquerito-apura-danos-ambientais-causados-pelo-eucalipto-no-cerrado\/","title":{"rendered":"Inqu\u00e9rito apura danos ambientais causados pelo eucalipto no Cerrado"},"content":{"rendered":"\n<p class=\"wp-block-paragraph\"><\/p>\n\n\n\n<p class=\"wp-block-paragraph\">O Minist\u00e9rio P\u00fablico  abriu um inqu\u00e9rito \u00a0para investigar poss\u00edveis danos ambientais causados pela expans\u00e3o das planta\u00e7\u00f5es de eucalipto usadas pela ind\u00fastria da celulose na regi\u00e3o leste do estado do Mato Grosso do Sul.<\/p>\n\n\n\n<p class=\"wp-block-paragraph\">A apura\u00e7\u00e3o est\u00e1 a cargo da 1\u00aa Promotoria de Justi\u00e7a de Tr\u00eas Lagoas, que vai analisar poss\u00edveis efeitos sobre recursos h\u00eddricos, fauna e flora.<\/p>\n\n\n\n<p class=\"wp-block-paragraph\">A investiga\u00e7\u00e3o, a cargo da Promotoria de Justi\u00e7a de Tr\u00eas Lagoas, foi motivada por den\u00fancias enviadas \u00e0 Ouvidoria do MPMS e \u00e0 Assembleia Legislativa de Mato Grosso do Sul.<\/p>\n\n\n\n<p class=\"wp-block-paragraph\">As den\u00fancias baseiam-se em relat\u00f3rios t\u00e9cnicos socioambientais produzidos na regi\u00e3o da Costa Leste.<\/p>\n\n\n\n<p class=\"wp-block-paragraph\">Um dos principais focos da investiga\u00e7\u00e3o \u00e9 a situa\u00e7\u00e3o das nascentes e dos cursos d&#8217;\u00e1gua. Estudos apresentados ao Minist\u00e9rio P\u00fablico apontam que mais de 400 nascentes podem ter sido impactadas ou degradadas na regi\u00e3o leste do estado, principalmente em assentamentos rurais de Tr\u00eas Lagoas e Selv\u00edria.<\/p>\n\n\n\n<p class=\"wp-block-paragraph\">Conforme os documentos analisados, o avan\u00e7o da monocultura de eucalipto ocorre em \u00e1reas consideradas sens\u00edveis do Cerrado e em regi\u00f5es de transi\u00e7\u00e3o entre biomas.<\/p>\n\n\n\n<p class=\"wp-block-paragraph\">Pesquisadores e moradores demonstram preocupa\u00e7\u00e3o com o consumo de \u00e1gua da atividade, desde o cultivo do eucalipto at\u00e9 a fabrica\u00e7\u00e3o de celulose.<\/p>\n\n\n\n<p class=\"wp-block-paragraph\">Segundo os relatos, isso pode afetar o ciclo da \u00e1gua e comprometer c\u00f3rregos e rios da regi\u00e3o.<\/p>\n\n\n\n<p class=\"wp-block-paragraph\">Al\u00e9m dos recursos h\u00eddricos, o inqu\u00e9rito tamb\u00e9m busca identificar poss\u00edveis impactos \u00e0 biodiversidade, incluindo danos \u00e0 fauna e \u00e0 flora nativas decorrentes da substitui\u00e7\u00e3o da vegeta\u00e7\u00e3o natural.<\/p>\n\n\n\n<p class=\"wp-block-paragraph\">O \u00f3rg\u00e3o tamb\u00e9m vai analisar se as empresas de celulose que atuam na regi\u00e3o cumprem a legisla\u00e7\u00e3o ambiental.<\/p>\n\n\n\n<p class=\"wp-block-paragraph\">Entre os pontos que ser\u00e3o verificados est\u00e3o:<\/p>\n\n\n\n<ul class=\"wp-block-list\">\n<li>Os licenciamentos ambientais;<\/li>\n\n\n\n<li>As outorgas para capta\u00e7\u00e3o e uso da \u00e1gua;<\/li>\n\n\n\n<li>Os planos de manejo florestal e o cumprimento das compensa\u00e7\u00f5es ambientais;<\/li>\n\n\n\n<li>As medidas mitigadoras exigidas pelo Instituto de Meio Ambiente de Mato Grosso do Sul (Imasul) e pela Secretaria de Estado de Meio Ambiente, Desenvolvimento, Ci\u00eancia, Tecnologia e Inova\u00e7\u00e3o (Semadesc).<\/li>\n<\/ul>\n\n\n\n<p class=\"wp-block-paragraph\"><strong>(Com informa\u00e7\u00f5es do G1)<\/strong> <\/p>\n","protected":false},"excerpt":{"rendered":"<p>O Minist\u00e9rio P\u00fablico abriu um inqu\u00e9rito \u00a0para investigar poss\u00edveis danos ambientais causados pela expans\u00e3o das planta\u00e7\u00f5es de eucalipto usadas pela ind\u00fastria da celulose na regi\u00e3o leste do estado do Mato Grosso do Sul. A apura\u00e7\u00e3o est\u00e1 a cargo da 1\u00aa Promotoria de Justi\u00e7a de Tr\u00eas Lagoas, que vai analisar poss\u00edveis efeitos sobre recursos h\u00eddricos, fauna [&hellip;]<\/p>\n","protected":false},"author":4,"featured_media":86172,"comment_status":"closed","ping_status":"open","sticky":false,"template":"","format":"standard","meta":{"_jetpack_newsletter_access":"","_jetpack_dont_email_post_to_subs":false,"_jetpack_newsletter_tier_id":0,"_jetpack_memberships_contains_paywalled_content":false,"_jetpack_feature_clip_id":0,"_jetpack_memberships_contains_paid_content":false,"footnotes":"","jetpack_publicize_message":"","jetpack_publicize_feature_enabled":true,"jetpack_social_post_already_shared":true,"jetpack_social_options":{"image_generator_settings":{"template":"highway","default_image_id":0,"font":"","enabled":false},"version":2},"jetpack_post_was_ever_published":false},"categories":[4,3],"tags":[],"class_list":["post-86171","post","type-post","status-publish","format-standard","has-post-thumbnail","hentry","category-ambiente-geral","category-manchete-do-site"],"aioseo_notices":[],"aioseo_head":"\n\t\t<!-- All in One SEO 5.0.1.1 - aioseo.com -->\n\t<meta name=\"description\" content=\"O Minist\u00e9rio P\u00fablico abriu um inqu\u00e9rito para investigar poss\u00edveis danos ambientais causados pela expans\u00e3o das planta\u00e7\u00f5es de eucalipto usadas pela ind\u00fastria da celulose na regi\u00e3o leste do estado do Mato Grosso do Sul. A apura\u00e7\u00e3o est\u00e1 a cargo da 1\u00aa Promotoria de Justi\u00e7a de Tr\u00eas Lagoas, que vai analisar poss\u00edveis efeitos sobre recursos h\u00eddricos, fauna\" \/>\n\t<meta name=\"robots\" content=\"max-image-preview:large\" \/>\n\t<meta name=\"author\" content=\"da Reda\u00e7\u00e3o\"\/>\n\t<meta name=\"keywords\" content=\"ambiente j\u00e1-mat\u00e9ria,manchete do site\" \/>\n\t<link rel=\"canonical\" href=\"https:\/\/www.jornalja.com.br\/ambiente\/inquerito-apura-danos-ambientais-causados-pelo-eucalipto-no-cerrado\/\" \/>\n\t<meta name=\"generator\" content=\"All in One SEO (AIOSEO) 5.0.1.1\" \/>\n\t\t<meta property=\"og:locale\" content=\"pt_BR\" \/>\n\t\t<meta property=\"og:site_name\" content=\"Ambiente J\u00c1\" \/>\n\t\t<meta property=\"og:type\" content=\"article\" \/>\n\t\t<meta property=\"og:title\" content=\"Inqu\u00e9rito apura danos ambientais causados pelo eucalipto no Cerrado | Ambiente J\u00c1\" \/>\n\t\t<meta property=\"og:description\" content=\"O Minist\u00e9rio P\u00fablico abriu um inqu\u00e9rito para investigar poss\u00edveis danos ambientais causados pela expans\u00e3o das planta\u00e7\u00f5es de eucalipto usadas pela ind\u00fastria da celulose na regi\u00e3o leste do estado do Mato Grosso do Sul. A apura\u00e7\u00e3o est\u00e1 a cargo da 1\u00aa Promotoria de Justi\u00e7a de Tr\u00eas Lagoas, que vai analisar poss\u00edveis efeitos sobre recursos h\u00eddricos, fauna\" \/>\n\t\t<meta property=\"og:url\" content=\"https:\/\/www.jornalja.com.br\/ambiente\/inquerito-apura-danos-ambientais-causados-pelo-eucalipto-no-cerrado\/\" \/>\n\t\t<meta property=\"og:image\" content=\"https:\/\/www.jornalja.com.br\/economics\/wp-content\/uploads\/sites\/11\/2026\/08\/ja-folhaderosto-facebook.jpg\" \/>\n\t\t<meta property=\"og:image:secure_url\" content=\"https:\/\/www.jornalja.com.br\/economics\/wp-content\/uploads\/sites\/11\/2026\/08\/ja-folhaderosto-facebook.jpg\" \/>\n\t\t<meta property=\"article:published_time\" content=\"2026-07-16T15:22:43+00:00\" \/>\n\t\t<meta property=\"article:modified_time\" content=\"2026-07-27T20:35:12+00:00\" \/>\n\t\t<meta property=\"article:publisher\" content=\"https:\/\/www.facebook.com\/jornaljanaweb\" \/>\n\t\t<meta name=\"twitter:card\" content=\"summary\" \/>\n\t\t<meta name=\"twitter:site\" content=\"@jornal_ja\" \/>\n\t\t<meta name=\"twitter:title\" content=\"Inqu\u00e9rito apura danos ambientais causados pelo eucalipto no Cerrado | Ambiente J\u00c1\" \/>\n\t\t<meta name=\"twitter:description\" content=\"O Minist\u00e9rio P\u00fablico abriu um inqu\u00e9rito para investigar poss\u00edveis danos ambientais causados pela expans\u00e3o das planta\u00e7\u00f5es de eucalipto usadas pela ind\u00fastria da celulose na regi\u00e3o leste do estado do Mato Grosso do Sul. A apura\u00e7\u00e3o est\u00e1 a cargo da 1\u00aa Promotoria de Justi\u00e7a de Tr\u00eas Lagoas, que vai analisar poss\u00edveis efeitos sobre recursos h\u00eddricos, fauna\" \/>\n\t\t<meta name=\"twitter:image\" content=\"https:\/\/www.jornalja.com.br\/economics\/wp-content\/uploads\/sites\/11\/2026\/08\/ja-folhaderosto-facebook.jpg\" \/>\n\t\t<script type=\"application\/ld+json\" class=\"aioseo-schema\">\n\t\t\t{\"@context\":\"https:\\\/\\\/schema.org\",\"@graph\":[{\"@type\":\"Article\",\"@id\":\"https:\\\/\\\/www.jornalja.com.br\\\/ambiente\\\/inquerito-apura-danos-ambientais-causados-pelo-eucalipto-no-cerrado\\\/#article\",\"name\":\"Inqu\\u00e9rito apura danos ambientais causados pelo eucalipto no Cerrado | Ambiente J\\u00c1\",\"headline\":\"Inqu\\u00e9rito apura danos ambientais causados pelo eucalipto no Cerrado\",\"author\":{\"@id\":\"https:\\\/\\\/www.jornalja.com.br\\\/ambiente\\\/author\\\/daredacao\\\/#author\"},\"publisher\":{\"@id\":\"https:\\\/\\\/www.jornalja.com.br\\\/ambiente\\\/#organization\"},\"image\":{\"@type\":\"ImageObject\",\"url\":\"https:\\\/\\\/www.jornalja.com.br\\\/ambiente\\\/wp-content\\\/uploads\\\/sites\\\/3\\\/2026\\\/07\\\/cmpc-celulase-mato-grosso.avif\",\"width\":984,\"height\":656,\"caption\":\"Foto: Divulga\\u00e7\\u00e3o\\\/MPMS\"},\"datePublished\":\"2026-07-16T12:22:43-03:00\",\"dateModified\":\"2026-07-27T17:35:12-03:00\",\"inLanguage\":\"pt-BR\",\"mainEntityOfPage\":{\"@id\":\"https:\\\/\\\/www.jornalja.com.br\\\/ambiente\\\/inquerito-apura-danos-ambientais-causados-pelo-eucalipto-no-cerrado\\\/#webpage\"},\"isPartOf\":{\"@id\":\"https:\\\/\\\/www.jornalja.com.br\\\/ambiente\\\/inquerito-apura-danos-ambientais-causados-pelo-eucalipto-no-cerrado\\\/#webpage\"},\"articleSection\":\"Ambiente J\\u00c1-MAT\\u00c9RIA, MANCHETE do Site\"},{\"@type\":\"BreadcrumbList\",\"@id\":\"https:\\\/\\\/www.jornalja.com.br\\\/ambiente\\\/inquerito-apura-danos-ambientais-causados-pelo-eucalipto-no-cerrado\\\/#breadcrumblist\",\"itemListElement\":[{\"@type\":\"ListItem\",\"@id\":\"https:\\\/\\\/www.jornalja.com.br\\\/ambiente#listItem\",\"position\":1,\"name\":\"Home\",\"item\":\"https:\\\/\\\/www.jornalja.com.br\\\/ambiente\",\"nextItem\":{\"@type\":\"ListItem\",\"@id\":\"https:\\\/\\\/www.jornalja.com.br\\\/ambiente\\\/category\\\/manchete-do-site\\\/#listItem\",\"name\":\"MANCHETE do Site\"}},{\"@type\":\"ListItem\",\"@id\":\"https:\\\/\\\/www.jornalja.com.br\\\/ambiente\\\/category\\\/manchete-do-site\\\/#listItem\",\"position\":2,\"name\":\"MANCHETE do Site\",\"item\":\"https:\\\/\\\/www.jornalja.com.br\\\/ambiente\\\/category\\\/manchete-do-site\\\/\",\"nextItem\":{\"@type\":\"ListItem\",\"@id\":\"https:\\\/\\\/www.jornalja.com.br\\\/ambiente\\\/inquerito-apura-danos-ambientais-causados-pelo-eucalipto-no-cerrado\\\/#listItem\",\"name\":\"Inqu\\u00e9rito apura danos ambientais causados pelo eucalipto no Cerrado\"},\"previousItem\":{\"@type\":\"ListItem\",\"@id\":\"https:\\\/\\\/www.jornalja.com.br\\\/ambiente#listItem\",\"name\":\"Home\"}},{\"@type\":\"ListItem\",\"@id\":\"https:\\\/\\\/www.jornalja.com.br\\\/ambiente\\\/inquerito-apura-danos-ambientais-causados-pelo-eucalipto-no-cerrado\\\/#listItem\",\"position\":3,\"name\":\"Inqu\\u00e9rito apura danos ambientais causados pelo eucalipto no Cerrado\",\"previousItem\":{\"@type\":\"ListItem\",\"@id\":\"https:\\\/\\\/www.jornalja.com.br\\\/ambiente\\\/category\\\/manchete-do-site\\\/#listItem\",\"name\":\"MANCHETE do Site\"}}]},{\"@type\":\"Organization\",\"@id\":\"https:\\\/\\\/www.jornalja.com.br\\\/ambiente\\\/#organization\",\"name\":\"Jornal J\\u00c1 Editora\",\"description\":\"Jornal J\\u00c1 | Porto Alegre\",\"url\":\"https:\\\/\\\/www.jornalja.com.br\\\/ambiente\\\/\",\"telephone\":\"+555133307272\",\"logo\":{\"@type\":\"ImageObject\",\"url\":\"https:\\\/\\\/www.jornalja.com.br\\\/ambiente\\\/wp-content\\\/uploads\\\/sites\\\/3\\\/2020\\\/03\\\/cropped-Jah.png\",\"@id\":\"https:\\\/\\\/www.jornalja.com.br\\\/ambiente\\\/inquerito-apura-danos-ambientais-causados-pelo-eucalipto-no-cerrado\\\/#organizationLogo\",\"width\":512,\"height\":512},\"image\":{\"@id\":\"https:\\\/\\\/www.jornalja.com.br\\\/ambiente\\\/inquerito-apura-danos-ambientais-causados-pelo-eucalipto-no-cerrado\\\/#organizationLogo\"},\"sameAs\":[\"https:\\\/\\\/www.instagram.com\\\/jornaljapoa\",\"https:\\\/\\\/www.youtube.com\\\/c\\\/JornalJ\"]},{\"@type\":\"Person\",\"@id\":\"https:\\\/\\\/www.jornalja.com.br\\\/ambiente\\\/author\\\/daredacao\\\/#author\",\"url\":\"https:\\\/\\\/www.jornalja.com.br\\\/ambiente\\\/author\\\/daredacao\\\/\",\"name\":\"da Reda\\u00e7\\u00e3o\",\"image\":{\"@type\":\"ImageObject\",\"@id\":\"https:\\\/\\\/www.jornalja.com.br\\\/ambiente\\\/inquerito-apura-danos-ambientais-causados-pelo-eucalipto-no-cerrado\\\/#authorImage\",\"url\":\"https:\\\/\\\/secure.gravatar.com\\\/avatar\\\/469fd857d6605ad19919d27ed29d35a968a25f6e8fd9318356bbb7f57aae9c65?s=96&d=mm&r=g\",\"width\":96,\"height\":96,\"caption\":\"da Reda\\u00e7\\u00e3o\"}},{\"@type\":\"WebPage\",\"@id\":\"https:\\\/\\\/www.jornalja.com.br\\\/ambiente\\\/inquerito-apura-danos-ambientais-causados-pelo-eucalipto-no-cerrado\\\/#webpage\",\"url\":\"https:\\\/\\\/www.jornalja.com.br\\\/ambiente\\\/inquerito-apura-danos-ambientais-causados-pelo-eucalipto-no-cerrado\\\/\",\"name\":\"Inqu\\u00e9rito apura danos ambientais causados pelo eucalipto no Cerrado | Ambiente J\\u00c1\",\"description\":\"O Minist\\u00e9rio P\\u00fablico abriu um inqu\\u00e9rito para investigar poss\\u00edveis danos ambientais causados pela expans\\u00e3o das planta\\u00e7\\u00f5es de eucalipto usadas pela ind\\u00fastria da celulose na regi\\u00e3o leste do estado do Mato Grosso do Sul. A apura\\u00e7\\u00e3o est\\u00e1 a cargo da 1\\u00aa Promotoria de Justi\\u00e7a de Tr\\u00eas Lagoas, que vai analisar poss\\u00edveis efeitos sobre recursos h\\u00eddricos, fauna\",\"inLanguage\":\"pt-BR\",\"isPartOf\":{\"@id\":\"https:\\\/\\\/www.jornalja.com.br\\\/ambiente\\\/#website\"},\"breadcrumb\":{\"@id\":\"https:\\\/\\\/www.jornalja.com.br\\\/ambiente\\\/inquerito-apura-danos-ambientais-causados-pelo-eucalipto-no-cerrado\\\/#breadcrumblist\"},\"author\":{\"@id\":\"https:\\\/\\\/www.jornalja.com.br\\\/ambiente\\\/author\\\/daredacao\\\/#author\"},\"creator\":{\"@id\":\"https:\\\/\\\/www.jornalja.com.br\\\/ambiente\\\/author\\\/daredacao\\\/#author\"},\"image\":{\"@type\":\"ImageObject\",\"url\":\"https:\\\/\\\/www.jornalja.com.br\\\/ambiente\\\/wp-content\\\/uploads\\\/sites\\\/3\\\/2026\\\/07\\\/cmpc-celulase-mato-grosso.avif\",\"@id\":\"https:\\\/\\\/www.jornalja.com.br\\\/ambiente\\\/inquerito-apura-danos-ambientais-causados-pelo-eucalipto-no-cerrado\\\/#mainImage\",\"width\":984,\"height\":656,\"caption\":\"Foto: Divulga\\u00e7\\u00e3o\\\/MPMS\"},\"primaryImageOfPage\":{\"@id\":\"https:\\\/\\\/www.jornalja.com.br\\\/ambiente\\\/inquerito-apura-danos-ambientais-causados-pelo-eucalipto-no-cerrado\\\/#mainImage\"},\"datePublished\":\"2026-07-16T12:22:43-03:00\",\"dateModified\":\"2026-07-27T17:35:12-03:00\"},{\"@type\":\"WebSite\",\"@id\":\"https:\\\/\\\/www.jornalja.com.br\\\/ambiente\\\/#website\",\"url\":\"https:\\\/\\\/www.jornalja.com.br\\\/ambiente\\\/\",\"name\":\"Ambiente J\\u00c1\",\"description\":\"Jornal J\\u00c1 | Porto Alegre\",\"inLanguage\":\"pt-BR\",\"publisher\":{\"@id\":\"https:\\\/\\\/www.jornalja.com.br\\\/ambiente\\\/#organization\"}}]}\n\t\t<\/script>\n\t\t<!-- All in One SEO -->\n\n","aioseo_head_json":{"title":"Inqu\u00e9rito apura danos ambientais causados pelo eucalipto no Cerrado | Ambiente J\u00c1","description":"O Minist\u00e9rio P\u00fablico abriu um inqu\u00e9rito para investigar poss\u00edveis danos ambientais causados pela expans\u00e3o das planta\u00e7\u00f5es de eucalipto usadas pela ind\u00fastria da celulose na regi\u00e3o leste do estado do Mato Grosso do Sul. A apura\u00e7\u00e3o est\u00e1 a cargo da 1\u00aa Promotoria de Justi\u00e7a de Tr\u00eas Lagoas, que vai analisar poss\u00edveis efeitos sobre recursos h\u00eddricos, fauna","canonical_url":"https:\/\/www.jornalja.com.br\/ambiente\/inquerito-apura-danos-ambientais-causados-pelo-eucalipto-no-cerrado\/","robots":"max-image-preview:large","keywords":"ambiente j\u00e1-mat\u00e9ria,manchete do site","webmasterTools":{"miscellaneous":""},"schema":{"@context":"https:\/\/schema.org","@graph":[{"@type":"Article","@id":"https:\/\/www.jornalja.com.br\/ambiente\/inquerito-apura-danos-ambientais-causados-pelo-eucalipto-no-cerrado\/#article","name":"Inqu\u00e9rito apura danos ambientais causados pelo eucalipto no Cerrado | Ambiente J\u00c1","headline":"Inqu\u00e9rito apura danos ambientais causados pelo eucalipto no Cerrado","author":{"@id":"https:\/\/www.jornalja.com.br\/ambiente\/author\/daredacao\/#author"},"publisher":{"@id":"https:\/\/www.jornalja.com.br\/ambiente\/#organization"},"image":{"@type":"ImageObject","url":"https:\/\/www.jornalja.com.br\/ambiente\/wp-content\/uploads\/sites\/3\/2026\/07\/cmpc-celulase-mato-grosso.avif","width":984,"height":656,"caption":"Foto: Divulga\u00e7\u00e3o\/MPMS"},"datePublished":"2026-07-16T12:22:43-03:00","dateModified":"2026-07-27T17:35:12-03:00","inLanguage":"pt-BR","mainEntityOfPage":{"@id":"https:\/\/www.jornalja.com.br\/ambiente\/inquerito-apura-danos-ambientais-causados-pelo-eucalipto-no-cerrado\/#webpage"},"isPartOf":{"@id":"https:\/\/www.jornalja.com.br\/ambiente\/inquerito-apura-danos-ambientais-causados-pelo-eucalipto-no-cerrado\/#webpage"},"articleSection":"Ambiente J\u00c1-MAT\u00c9RIA, MANCHETE do Site"},{"@type":"BreadcrumbList","@id":"https:\/\/www.jornalja.com.br\/ambiente\/inquerito-apura-danos-ambientais-causados-pelo-eucalipto-no-cerrado\/#breadcrumblist","itemListElement":[{"@type":"ListItem","@id":"https:\/\/www.jornalja.com.br\/ambiente#listItem","position":1,"name":"Home","item":"https:\/\/www.jornalja.com.br\/ambiente","nextItem":{"@type":"ListItem","@id":"https:\/\/www.jornalja.com.br\/ambiente\/category\/manchete-do-site\/#listItem","name":"MANCHETE do Site"}},{"@type":"ListItem","@id":"https:\/\/www.jornalja.com.br\/ambiente\/category\/manchete-do-site\/#listItem","position":2,"name":"MANCHETE do Site","item":"https:\/\/www.jornalja.com.br\/ambiente\/category\/manchete-do-site\/","nextItem":{"@type":"ListItem","@id":"https:\/\/www.jornalja.com.br\/ambiente\/inquerito-apura-danos-ambientais-causados-pelo-eucalipto-no-cerrado\/#listItem","name":"Inqu\u00e9rito apura danos ambientais causados pelo eucalipto no Cerrado"},"previousItem":{"@type":"ListItem","@id":"https:\/\/www.jornalja.com.br\/ambiente#listItem","name":"Home"}},{"@type":"ListItem","@id":"https:\/\/www.jornalja.com.br\/ambiente\/inquerito-apura-danos-ambientais-causados-pelo-eucalipto-no-cerrado\/#listItem","position":3,"name":"Inqu\u00e9rito apura danos ambientais causados pelo eucalipto no Cerrado","previousItem":{"@type":"ListItem","@id":"https:\/\/www.jornalja.com.br\/ambiente\/category\/manchete-do-site\/#listItem","name":"MANCHETE do Site"}}]},{"@type":"Organization","@id":"https:\/\/www.jornalja.com.br\/ambiente\/#organization","name":"Jornal J\u00c1 Editora","description":"Jornal J\u00c1 | Porto Alegre","url":"https:\/\/www.jornalja.com.br\/ambiente\/","telephone":"+555133307272","logo":{"@type":"ImageObject","url":"https:\/\/www.jornalja.com.br\/ambiente\/wp-content\/uploads\/sites\/3\/2020\/03\/cropped-Jah.png","@id":"https:\/\/www.jornalja.com.br\/ambiente\/inquerito-apura-danos-ambientais-causados-pelo-eucalipto-no-cerrado\/#organizationLogo","width":512,"height":512},"image":{"@id":"https:\/\/www.jornalja.com.br\/ambiente\/inquerito-apura-danos-ambientais-causados-pelo-eucalipto-no-cerrado\/#organizationLogo"},"sameAs":["https:\/\/www.instagram.com\/jornaljapoa","https:\/\/www.youtube.com\/c\/JornalJ"]},{"@type":"Person","@id":"https:\/\/www.jornalja.com.br\/ambiente\/author\/daredacao\/#author","url":"https:\/\/www.jornalja.com.br\/ambiente\/author\/daredacao\/","name":"da Reda\u00e7\u00e3o","image":{"@type":"ImageObject","@id":"https:\/\/www.jornalja.com.br\/ambiente\/inquerito-apura-danos-ambientais-causados-pelo-eucalipto-no-cerrado\/#authorImage","url":"https:\/\/secure.gravatar.com\/avatar\/469fd857d6605ad19919d27ed29d35a968a25f6e8fd9318356bbb7f57aae9c65?s=96&d=mm&r=g","width":96,"height":96,"caption":"da Reda\u00e7\u00e3o"}},{"@type":"WebPage","@id":"https:\/\/www.jornalja.com.br\/ambiente\/inquerito-apura-danos-ambientais-causados-pelo-eucalipto-no-cerrado\/#webpage","url":"https:\/\/www.jornalja.com.br\/ambiente\/inquerito-apura-danos-ambientais-causados-pelo-eucalipto-no-cerrado\/","name":"Inqu\u00e9rito apura danos ambientais causados pelo eucalipto no Cerrado | Ambiente J\u00c1","description":"O Minist\u00e9rio P\u00fablico abriu um inqu\u00e9rito para investigar poss\u00edveis danos ambientais causados pela expans\u00e3o das planta\u00e7\u00f5es de eucalipto usadas pela ind\u00fastria da celulose na regi\u00e3o leste do estado do Mato Grosso do Sul. A apura\u00e7\u00e3o est\u00e1 a cargo da 1\u00aa Promotoria de Justi\u00e7a de Tr\u00eas Lagoas, que vai analisar poss\u00edveis efeitos sobre recursos h\u00eddricos, fauna","inLanguage":"pt-BR","isPartOf":{"@id":"https:\/\/www.jornalja.com.br\/ambiente\/#website"},"breadcrumb":{"@id":"https:\/\/www.jornalja.com.br\/ambiente\/inquerito-apura-danos-ambientais-causados-pelo-eucalipto-no-cerrado\/#breadcrumblist"},"author":{"@id":"https:\/\/www.jornalja.com.br\/ambiente\/author\/daredacao\/#author"},"creator":{"@id":"https:\/\/www.jornalja.com.br\/ambiente\/author\/daredacao\/#author"},"image":{"@type":"ImageObject","url":"https:\/\/www.jornalja.com.br\/ambiente\/wp-content\/uploads\/sites\/3\/2026\/07\/cmpc-celulase-mato-grosso.avif","@id":"https:\/\/www.jornalja.com.br\/ambiente\/inquerito-apura-danos-ambientais-causados-pelo-eucalipto-no-cerrado\/#mainImage","width":984,"height":656,"caption":"Foto: Divulga\u00e7\u00e3o\/MPMS"},"primaryImageOfPage":{"@id":"https:\/\/www.jornalja.com.br\/ambiente\/inquerito-apura-danos-ambientais-causados-pelo-eucalipto-no-cerrado\/#mainImage"},"datePublished":"2026-07-16T12:22:43-03:00","dateModified":"2026-07-27T17:35:12-03:00"},{"@type":"WebSite","@id":"https:\/\/www.jornalja.com.br\/ambiente\/#website","url":"https:\/\/www.jornalja.com.br\/ambiente\/","name":"Ambiente J\u00c1","description":"Jornal J\u00c1 | Porto Alegre","inLanguage":"pt-BR","publisher":{"@id":"https:\/\/www.jornalja.com.br\/ambiente\/#organization"}}]},"og:locale":"pt_BR","og:site_name":"Ambiente J\u00c1","og:type":"article","og:title":"Inqu\u00e9rito apura danos ambientais causados pelo eucalipto no Cerrado | Ambiente J\u00c1","og:description":"O Minist\u00e9rio P\u00fablico abriu um inqu\u00e9rito para investigar poss\u00edveis danos ambientais causados pela expans\u00e3o das planta\u00e7\u00f5es de eucalipto usadas pela ind\u00fastria da celulose na regi\u00e3o leste do estado do Mato Grosso do Sul. A apura\u00e7\u00e3o est\u00e1 a cargo da 1\u00aa Promotoria de Justi\u00e7a de Tr\u00eas Lagoas, que vai analisar poss\u00edveis efeitos sobre recursos h\u00eddricos, fauna","og:url":"https:\/\/www.jornalja.com.br\/ambiente\/inquerito-apura-danos-ambientais-causados-pelo-eucalipto-no-cerrado\/","og:image":"https:\/\/www.jornalja.com.br\/economics\/wp-content\/uploads\/sites\/11\/2026\/08\/ja-folhaderosto-facebook.jpg","og:image:secure_url":"https:\/\/www.jornalja.com.br\/economics\/wp-content\/uploads\/sites\/11\/2026\/08\/ja-folhaderosto-facebook.jpg","article:published_time":"2026-07-16T15:22:43+00:00","article:modified_time":"2026-07-27T20:35:12+00:00","article:publisher":"https:\/\/www.facebook.com\/jornaljanaweb","twitter:card":"summary","twitter:site":"@jornal_ja","twitter:title":"Inqu\u00e9rito apura danos ambientais causados pelo eucalipto no Cerrado | Ambiente J\u00c1","twitter:description":"O Minist\u00e9rio P\u00fablico abriu um inqu\u00e9rito para investigar poss\u00edveis danos ambientais causados pela expans\u00e3o das planta\u00e7\u00f5es de eucalipto usadas pela ind\u00fastria da celulose na regi\u00e3o leste do estado do Mato Grosso do Sul. A apura\u00e7\u00e3o est\u00e1 a cargo da 1\u00aa Promotoria de Justi\u00e7a de Tr\u00eas Lagoas, que vai analisar poss\u00edveis efeitos sobre recursos h\u00eddricos, fauna","twitter:image":"https:\/\/www.jornalja.com.br\/economics\/wp-content\/uploads\/sites\/11\/2026\/08\/ja-folhaderosto-facebook.jpg"},"aioseo_meta_data":{"post_id":"86171","title":"#post_title | #site_title","description":"#post_content","keywords":null,"keyphrases":{"focus":[],"additional":[]},"primary_term":null,"canonical_url":null,"og_title":null,"og_description":null,"og_object_type":"default","og_image_type":"default","og_image_url":null,"og_image_width":null,"og_image_height":null,"og_image_custom_url":null,"og_image_custom_fields":null,"og_video":"","og_custom_url":null,"og_article_section":null,"og_article_tags":null,"twitter_use_og":false,"twitter_card":"default","twitter_image_type":"default","twitter_image_url":null,"twitter_image_custom_url":null,"twitter_image_custom_fields":null,"twitter_title":null,"twitter_description":null,"schema":{"blockGraphs":[],"customGraphs":[],"default":{"data":{"Article":[],"Course":[],"Dataset":[],"FAQPage":[],"Movie":[],"Person":[],"Product":[],"ProductReview":[],"Car":[],"Recipe":[],"Service":[],"SoftwareApplication":[],"WebPage":[]},"graphName":"Article","isEnabled":true},"graphs":[]},"schema_type":"default","schema_type_options":null,"pillar_content":false,"robots_default":true,"robots_noindex":false,"robots_noarchive":false,"robots_nosnippet":false,"robots_nofollow":false,"robots_noimageindex":false,"robots_noodp":false,"robots_notranslate":false,"robots_max_snippet":"-1","robots_max_videopreview":"-1","robots_max_imagepreview":"large","priority":null,"frequency":"default","location":null,"local_seo":null,"breadcrumb_settings":null,"limit_modified_date":false,"ai":{"faqs":[],"keyPoints":[],"schemas":[],"titles":[],"descriptions":[],"socialPosts":{"email":{"subject":"","preview":"","content":""},"linkedin":[],"twitter":[],"facebook":[],"instagram":[]}},"created":"2026-07-16 15:15:24","updated":"2026-08-04 21:21:33","seo_analyzer_scan_date":null,"focus_keyword":null,"additional_keywords":null,"truseo_locale":null},"jetpack_publicize_connections":[],"jetpack-related-posts":[{"id":83320,"url":"https:\/\/www.jornalja.com.br\/ambiente\/tres-inqueritos-vao-investigar-acoes-do-governo-bolsonaro-na-area-ambiental\/","url_meta":{"origin":86171,"position":0},"title":"Tr\u00eas inqu\u00e9ritos v\u00e3o investigar a\u00e7\u00f5es do governo Bolsonaro na \u00e1rea ambiental","author":"da Reda\u00e7\u00e3o","date":"5 de agosto de 2021","format":false,"excerpt":"Tr\u00eas inqu\u00e9ritos civis foram abertos na Procuradoria da Rep\u00fablica do Distrito Federal para apurar atos do governo Bolsonaro na \u00e1rea ambiental. Ser\u00e3o apurados: -militariza\u00e7\u00e3o de cargos de chefia no \u00e2mbito do IBAMA e mudan\u00e7as de regramento em preju\u00edzo \u00e0 sua fun\u00e7\u00e3o institucional. -divulga\u00e7\u00e3o pela Secretaria de Comunica\u00e7\u00e3o Social da Presid\u00eancia\u2026","rel":"","context":"Em &quot;Ambiente J\u00c1-MAT\u00c9RIA&quot;","block_context":{"text":"Ambiente J\u00c1-MAT\u00c9RIA","link":"https:\/\/www.jornalja.com.br\/ambiente\/category\/ambiente-geral\/"},"img":{"alt_text":"","src":"https:\/\/i0.wp.com\/www.jornalja.com.br\/ambiente\/wp-content\/uploads\/sites\/3\/2021\/08\/ibama-foto-rede-brasil-atual.jpeg?resize=350%2C200&ssl=1","width":350,"height":200,"srcset":"https:\/\/i0.wp.com\/www.jornalja.com.br\/ambiente\/wp-content\/uploads\/sites\/3\/2021\/08\/ibama-foto-rede-brasil-atual.jpeg?resize=350%2C200&ssl=1 1x, https:\/\/i0.wp.com\/www.jornalja.com.br\/ambiente\/wp-content\/uploads\/sites\/3\/2021\/08\/ibama-foto-rede-brasil-atual.jpeg?resize=525%2C300&ssl=1 1.5x, https:\/\/i0.wp.com\/www.jornalja.com.br\/ambiente\/wp-content\/uploads\/sites\/3\/2021\/08\/ibama-foto-rede-brasil-atual.jpeg?resize=700%2C400&ssl=1 2x"},"classes":[]},{"id":76917,"url":"https:\/\/www.jornalja.com.br\/ambiente\/ministerio-publico-pede-a-proibicao-do-glifosato-no-mato-grosso\/","url_meta":{"origin":86171,"position":1},"title":"Minist\u00e9rio P\u00fablico pede a proibi\u00e7\u00e3o do glifosato no Mato Grosso","author":"da Reda\u00e7\u00e3o","date":"2 de setembro de 2019","format":false,"excerpt":"Os Minist\u00e9rios P\u00fablicos Federal,\u00a0 do Trabalho e Estadual de Mato Grosso entraram com uma a\u00e7\u00e3o civil p\u00fablica para proibir que produtores rurais do Estado utilizem qualquer agrot\u00f3xico que contenha o princ\u00edpio ativo glifosato. O prazo sugerido para cumprimento da medida \u00e9 de 12 meses, segundo os autores da a\u00e7\u00e3o, porqu\u00ea\u2026","rel":"","context":"Em &quot;Ambiente J\u00c1-MAT\u00c9RIA&quot;","block_context":{"text":"Ambiente J\u00c1-MAT\u00c9RIA","link":"https:\/\/www.jornalja.com.br\/ambiente\/category\/ambiente-geral\/"},"img":{"alt_text":"","src":"","width":0,"height":0},"classes":[]},{"id":76379,"url":"https:\/\/www.jornalja.com.br\/ambiente\/mp-pede-suspensao-do-inseticida-responsavel-por-mortandade-de-abelhas-no-estado\/","url_meta":{"origin":86171,"position":2},"title":"MP pede suspens\u00e3o do inseticida respons\u00e1vel por mortandade de abelhas no Estado","author":"Carlos Matsubara","date":"15 de agosto de 2019","format":false,"excerpt":"A Promotoria de Justi\u00e7a de Defesa do Meio Ambiente de Porto Alegre encaminhou nesta quarta-feira, 14, pedido para que o Governo do Estado avalie a possibilidade de restri\u00e7\u00e3o do uso do inseticida Fipronil, na modalidade foliar, no RS, atrav\u00e9s da suspens\u00e3o provis\u00f3ria do registro do produto no Cadastro Estadual de\u2026","rel":"","context":"Em &quot;Ambiente J\u00c1-MAT\u00c9RIA&quot;","block_context":{"text":"Ambiente J\u00c1-MAT\u00c9RIA","link":"https:\/\/www.jornalja.com.br\/ambiente\/category\/ambiente-geral\/"},"img":{"alt_text":"","src":"","width":0,"height":0},"classes":[]},{"id":86073,"url":"https:\/\/www.jornalja.com.br\/ambiente\/mpf-aciona-justica-para-exigir-consulta-a-comunidades-tradicionais-em-projeto-de-fabrica-de-celulose-no-rs\/","url_meta":{"origin":86171,"position":3},"title":"MPF aciona Justi\u00e7a para exigir consulta a comunidades tradicionais em projeto de f\u00e1brica de celulose no RS","author":"da Reda\u00e7\u00e3o","date":"13 de maio de 2026","format":false,"excerpt":"O Minist\u00e9rio P\u00fablico Federal (MPF) ajuizou uma a\u00e7\u00e3o civil p\u00fablica para que o licenciamento ambiental do \u201cProjeto Natureza\u201d, da multinacional chilena CMPC, respeite os direitos de comunidades tradicionais no Rio Grande do Sul. A a\u00e7\u00e3o questiona a aus\u00eancia de consulta pr\u00e9via, livre e informada a pescadores artesanais, ind\u00edgenas e quilombolas\u2026","rel":"","context":"Em &quot;Ambiente J\u00c1-MAT\u00c9RIA&quot;","block_context":{"text":"Ambiente J\u00c1-MAT\u00c9RIA","link":"https:\/\/www.jornalja.com.br\/ambiente\/category\/ambiente-geral\/"},"img":{"alt_text":"","src":"https:\/\/i0.wp.com\/www.jornalja.com.br\/ambiente\/wp-content\/uploads\/sites\/3\/2026\/05\/projeto-barra-do-ribeiro-cmpc-cred-divulgacao.jpg?resize=350%2C200&ssl=1","width":350,"height":200,"srcset":"https:\/\/i0.wp.com\/www.jornalja.com.br\/ambiente\/wp-content\/uploads\/sites\/3\/2026\/05\/projeto-barra-do-ribeiro-cmpc-cred-divulgacao.jpg?resize=350%2C200&ssl=1 1x, https:\/\/i0.wp.com\/www.jornalja.com.br\/ambiente\/wp-content\/uploads\/sites\/3\/2026\/05\/projeto-barra-do-ribeiro-cmpc-cred-divulgacao.jpg?resize=525%2C300&ssl=1 1.5x, https:\/\/i0.wp.com\/www.jornalja.com.br\/ambiente\/wp-content\/uploads\/sites\/3\/2026\/05\/projeto-barra-do-ribeiro-cmpc-cred-divulgacao.jpg?resize=700%2C400&ssl=1 2x, https:\/\/i0.wp.com\/www.jornalja.com.br\/ambiente\/wp-content\/uploads\/sites\/3\/2026\/05\/projeto-barra-do-ribeiro-cmpc-cred-divulgacao.jpg?resize=1050%2C600&ssl=1 3x, https:\/\/i0.wp.com\/www.jornalja.com.br\/ambiente\/wp-content\/uploads\/sites\/3\/2026\/05\/projeto-barra-do-ribeiro-cmpc-cred-divulgacao.jpg?resize=1400%2C800&ssl=1 4x"},"classes":[]},{"id":82545,"url":"https:\/\/www.jornalja.com.br\/ambiente\/nao-pode-ser-acidente-diz-delegado-sobre-fogo-no-pantanal\/","url_meta":{"origin":86171,"position":4},"title":"&#8220;N\u00e3o pode ser acidente&#8221;, diz delegado sobre fogo no Pantanal","author":"da Reda\u00e7\u00e3o","date":"15 de setembro de 2020","format":false,"excerpt":"Ontem (14\/9), a Pol\u00edcia Federal come\u00e7ou a cumprir dez mandados de busca e apreens\u00e3o no Mato Grosso do Sul, em Corumb\u00e1 e Campo Grande, em endere\u00e7os de cinco fazendeiros que teriam se organizado para atear fogo intencionalmente na vegeta\u00e7\u00e3o de suas\u00a0fazendas em \u00e1reas remotas do Pantanal. At\u00e9 a noite, havia\u2026","rel":"","context":"Em &quot;Ambiente J\u00c1-MAT\u00c9RIA&quot;","block_context":{"text":"Ambiente J\u00c1-MAT\u00c9RIA","link":"https:\/\/www.jornalja.com.br\/ambiente\/category\/ambiente-geral\/"},"img":{"alt_text":"","src":"https:\/\/i0.wp.com\/www.jornalja.com.br\/ambiente\/wp-content\/uploads\/sites\/3\/2020\/09\/pantanal-mayketoscano-secommt-09-09-2020.jpg?resize=350%2C200&ssl=1","width":350,"height":200,"srcset":"https:\/\/i0.wp.com\/www.jornalja.com.br\/ambiente\/wp-content\/uploads\/sites\/3\/2020\/09\/pantanal-mayketoscano-secommt-09-09-2020.jpg?resize=350%2C200&ssl=1 1x, https:\/\/i0.wp.com\/www.jornalja.com.br\/ambiente\/wp-content\/uploads\/sites\/3\/2020\/09\/pantanal-mayketoscano-secommt-09-09-2020.jpg?resize=525%2C300&ssl=1 1.5x, https:\/\/i0.wp.com\/www.jornalja.com.br\/ambiente\/wp-content\/uploads\/sites\/3\/2020\/09\/pantanal-mayketoscano-secommt-09-09-2020.jpg?resize=700%2C400&ssl=1 2x, https:\/\/i0.wp.com\/www.jornalja.com.br\/ambiente\/wp-content\/uploads\/sites\/3\/2020\/09\/pantanal-mayketoscano-secommt-09-09-2020.jpg?resize=1050%2C600&ssl=1 3x"},"classes":[]},{"id":83393,"url":"https:\/\/www.jornalja.com.br\/ambiente\/justica-autoriza-forca-nacional-para-combater-crimes-ambientais-na-amazonia\/","url_meta":{"origin":86171,"position":5},"title":"Justi\u00e7a autoriza For\u00e7a Nacional para combater crimes ambientais na Amaz\u00f4nia","author":"da Reda\u00e7\u00e3o","date":"3 de setembro de 2021","format":false,"excerpt":"O Minist\u00e9rio da Justi\u00e7a e Seguran\u00e7a P\u00fablica autorizou o emprego de agentes da For\u00e7a Nacional de Seguran\u00e7a P\u00fablica nos combates a queimadas e inc\u00eandios florestais no Amazonas e em Mato Grosso. Duas portarias, publicadas no Di\u00e1rio Oficial da Uni\u00e3o de hoje (3), estabelecem que os agentes empregados nas a\u00e7\u00f5es atuar\u00e3o\u2026","rel":"","context":"Em &quot;Ambiente J\u00c1-NOTAS&quot;","block_context":{"text":"Ambiente J\u00c1-NOTAS","link":"https:\/\/www.jornalja.com.br\/ambiente\/category\/notas-ambiente-ja\/"},"img":{"alt_text":"","src":"","width":0,"height":0},"classes":[]}],"jetpack_shortlink":"https:\/\/wp.me\/pbKnZo-mpR","jetpack_sharing_enabled":true,"jetpack_featured_media_url":"https:\/\/www.jornalja.com.br\/ambiente\/wp-content\/uploads\/sites\/3\/2026\/07\/cmpc-celulase-mato-grosso.avif","_links":{"self":[{"href":"https:\/\/www.jornalja.com.br\/ambiente\/wp-json\/wp\/v2\/posts\/86171","targetHints":{"allow":["GET"]}}],"collection":[{"href":"https:\/\/www.jornalja.com.br\/ambiente\/wp-json\/wp\/v2\/posts"}],"about":[{"href":"https:\/\/www.jornalja.com.br\/ambiente\/wp-json\/wp\/v2\/types\/post"}],"author":[{"embeddable":true,"href":"https:\/\/www.jornalja.com.br\/ambiente\/wp-json\/wp\/v2\/users\/4"}],"replies":[{"embeddable":true,"href":"https:\/\/www.jornalja.com.br\/ambiente\/wp-json\/wp\/v2\/comments?post=86171"}],"version-history":[{"count":3,"href":"https:\/\/www.jornalja.com.br\/ambiente\/wp-json\/wp\/v2\/posts\/86171\/revisions"}],"predecessor-version":[{"id":86176,"href":"https:\/\/www.jornalja.com.br\/ambiente\/wp-json\/wp\/v2\/posts\/86171\/revisions\/86176"}],"wp:featuredmedia":[{"embeddable":true,"href":"https:\/\/www.jornalja.com.br\/ambiente\/wp-json\/wp\/v2\/media\/86172"}],"wp:attachment":[{"href":"https:\/\/www.jornalja.com.br\/ambiente\/wp-json\/wp\/v2\/media?parent=86171"}],"wp:term":[{"taxonomy":"category","embeddable":true,"href":"https:\/\/www.jornalja.com.br\/ambiente\/wp-json\/wp\/v2\/categories?post=86171"},{"taxonomy":"post_tag","embeddable":true,"href":"https:\/\/www.jornalja.com.br\/ambiente\/wp-json\/wp\/v2\/tags?post=86171"}],"curies":[{"name":"wp","href":"https:\/\/api.w.org\/{rel}","templated":true}]}}