{"id":86187,"date":"2026-08-31T13:03:12","date_gmt":"2026-08-31T16:03:12","guid":{"rendered":"https:\/\/www.jornalja.com.br\/ambiente\/?p=86187"},"modified":"2026-08-31T13:30:31","modified_gmt":"2026-08-31T16:30:31","slug":"lutzenberger-ha-45-anos-sem-preservacao-teremos-enchentes-cada-vez-mais-imprevisiveis-e-violentas","status":"publish","type":"post","link":"https:\/\/www.jornalja.com.br\/ambiente\/lutzenberger-ha-45-anos-sem-preservacao-teremos-enchentes-cada-vez-mais-imprevisiveis-e-violentas\/","title":{"rendered":"Lutzenberger, h\u00e1 54 anos: &#8220;Sem preserva\u00e7\u00e3o, teremos enchentes cada vez mais imprevis\u00edveis e violentas&#8221;"},"content":{"rendered":"\n<p class=\"wp-block-paragraph\">A regi\u00e3o metropolitana de Porto Alegre estar\u00e1 sujeita a enchentes cada vez mais &#8220;imprevis\u00edveis e violentas&#8221; se nada for feito para preservar os banhados  e a vegeta\u00e7\u00e3o no entorno do Gua\u00edba e seus afluentes. <\/p>\n\n\n\n<p class=\"wp-block-paragraph\">O alerta foi feito pelo ent\u00e3o fundador presidente da Agapan, Jos\u00e9 Lutzenberger, em extenso artigo na edi\u00e7\u00e3o de  27 de agosto de 1972 do\u00a0 <em>Correio do Povo<\/em> (na \u00e9poca o principal di\u00e1rio do Rio Grande do Sul).<\/p>\n\n\n\n<figure class=\"wp-block-image size-full\"><img loading=\"lazy\" decoding=\"async\" width=\"897\" height=\"745\" data-attachment-id=\"86191\" data-permalink=\"https:\/\/www.jornalja.com.br\/ambiente\/lutzenberger-ha-45-anos-sem-preservacao-teremos-enchentes-cada-vez-mais-imprevisiveis-e-violentas\/lutz\/\" data-orig-file=\"https:\/\/www.jornalja.com.br\/ambiente\/wp-content\/uploads\/sites\/3\/2026\/08\/lutz.jpg\" data-orig-size=\"897,745\" data-comments-opened=\"0\" data-image-meta=\"{&quot;aperture&quot;:&quot;0&quot;,&quot;credit&quot;:&quot;&quot;,&quot;camera&quot;:&quot;&quot;,&quot;caption&quot;:&quot;&quot;,&quot;created_timestamp&quot;:&quot;0&quot;,&quot;copyright&quot;:&quot;&quot;,&quot;focal_length&quot;:&quot;0&quot;,&quot;iso&quot;:&quot;0&quot;,&quot;shutter_speed&quot;:&quot;0&quot;,&quot;title&quot;:&quot;&quot;,&quot;orientation&quot;:&quot;0&quot;,&quot;alt&quot;:&quot;&quot;}\" data-image-title=\"lutz\" data-image-description=\"\" data-image-caption=\"\" data-large-file=\"https:\/\/www.jornalja.com.br\/ambiente\/wp-content\/uploads\/sites\/3\/2026\/08\/lutz.jpg\" src=\"https:\/\/www.jornalja.com.br\/ambiente\/wp-content\/uploads\/sites\/3\/2026\/08\/lutz.jpg\" alt=\"\" class=\"wp-image-86191\" srcset=\"https:\/\/www.jornalja.com.br\/ambiente\/wp-content\/uploads\/sites\/3\/2026\/08\/lutz.jpg 897w, https:\/\/www.jornalja.com.br\/ambiente\/wp-content\/uploads\/sites\/3\/2026\/08\/lutz-300x249.jpg 300w, https:\/\/www.jornalja.com.br\/ambiente\/wp-content\/uploads\/sites\/3\/2026\/08\/lutz-767x637.jpg 767w\" sizes=\"auto, (max-width: 897px) 100vw, 897px\" \/><\/figure>\n\n\n\n<p class=\"wp-block-paragraph\">Veja o resumo do artigo \u00a0<strong>&#8220;Estu\u00e1rio do Gua\u00edba, Reserva da Grande Metr\u00f3pole do Futuro&#8221;<\/strong>, escrito por <strong>Jos\u00e9 A. Lutzenberger.  Na \u00e9poca a  regi\u00e3o metropolitana tinha  1,5 milh\u00e3o de habitantes.  Hoje ultrapassa os 4 milh\u00f5es. <\/strong><\/p>\n\n\n\n<p class=\"wp-block-paragraph\"><strong>O texto \u00e9 um<\/strong> alerta pioneiro sobre a degrada\u00e7\u00e3o ambiental no Rio Grande do Sul, causada,  principalmente, pelo o avan\u00e7o dos aterros, drenagem e secamento dos banhados no Estado,  para expans\u00e3o urbana, agricultura, pecu\u00e1ria ou plantios de eucalipto. <\/p>\n\n\n\n<p class=\"wp-block-paragraph\">Alerta para  o &#8220;desaparecimento total dos banhados em poucos anos&#8221;, se medidas preventivas n\u00e3o fossem tomadas.<\/p>\n\n\n\n<p class=\"wp-block-paragraph\">Lutzenberger critica a postura &#8220;ecologicamente cega&#8221; e pautada pelo imediatismo econ\u00f4mico.   &#8220;A especula\u00e7\u00e3o imobili\u00e1ria ignora as necessidades de longo prazo da coletividade&#8221;, destaca.<\/p>\n\n\n\n<p class=\"wp-block-paragraph\">&#8220;H\u00e1&#8221;, diz ele, &#8220;uma vis\u00e3o leiga e equivocada de que banhados servem apenas para criar mosquitos e jacar\u00e9s.  Banhados, afirma, est\u00e3o entre os ecossistemas mais produtivos e cruciais do planeta.  Cerca de 60% da produtividade dos oceanos depende direta ou indiretamente dos banhados&#8221;.<\/p>\n\n\n\n<p class=\"wp-block-paragraph\">Os banhados do Gua\u00edba e da Lagoa dos Patos garantem o suporte de vida e o equil\u00edbrio biol\u00f3gico de todo o estu\u00e1rio. A perda da vegeta\u00e7\u00e3o nativa desestabiliza o regime de \u00e1guas do estu\u00e1rio.  Os banhados atuam como filtros biol\u00f3gicos naturais que depuram a polui\u00e7\u00e3o acumulada. Sem eles, a capacidade de auto-purifica\u00e7\u00e3o das \u00e1guas \u00e9 perdida e a polui\u00e7\u00e3o se agrava.<\/p>\n\n\n\n<p class=\"wp-block-paragraph\">&#8220;Exercem papel fundamental no controle de cheias ao reterem grandes volumes de \u00e1gua. O fim dos banhados tornar\u00e1 as enchentes mais imprevis\u00edveis e violentas&#8221;.<\/p>\n\n\n\n<p class=\"wp-block-paragraph\">O resultado de sua destrui\u00e7\u00e3o \u00e9 que &#8220;volumes cada vez maiores de sedimentos carreados  pelos rios Jacu\u00ed, Sinos, Ca\u00ed e Gravata\u00ed causam o assoreamento crescente do Gua\u00edba, problema  que a engenharia tenta resolver  de forma paliativa por meio de dragagens&#8221;.<\/p>\n\n\n\n<p class=\"wp-block-paragraph\">&#8220;Os efluentes que chegam ao Gua\u00edba n\u00e3o cont\u00eam apenas mat\u00e9ria org\u00e2nica que se decomp\u00f5e.  Ind\u00fastrias metal\u00fargicas e qu\u00edmicas despejam sais de metais pesados e cianureto nas \u00e1guas. As \u00e1guas pluviais varrem contaminantes das cidades diretamente para os cursos d&#8217;\u00e1gua&#8221;.<\/p>\n\n\n\n<p class=\"wp-block-paragraph\">&#8220;Os banhados atuam como filtros biol\u00f3gicos naturais que depuram a polui\u00e7\u00e3o acumulada. Sem eles, a capacidade de auto-purifica\u00e7\u00e3o das \u00e1guas \u00e9 perdida e a polui\u00e7\u00e3o se agrava. Exercem papel fundamental no controle de cheias ao reterem grandes volumes de \u00e1gua. <strong>O fim dos banhados tornar\u00e1 as enchentes mais imprevis\u00edveis e violentas&#8221;.<\/strong><\/p>\n\n\n\n<p class=\"wp-block-paragraph\">O estu\u00e1rio confere um valor est\u00e9tico e recreativo \u00fanico no contraste com o centro urbano.<\/p>\n\n\n\n<p class=\"wp-block-paragraph\">A urbaniza\u00e7\u00e3o desordenada destruiria o principal patrim\u00f4nio ambiental paisag\u00edstico da cidade.<\/p>\n\n\n\n<p class=\"wp-block-paragraph\">A \u00e1rea deveria ser convertida em reserva biol\u00f3gica para proteger a avifauna e fauna aqu\u00e1tica.<\/p>\n\n\n\n<p class=\"wp-block-paragraph\">Lutzenberger condena o uso de aterros sanit\u00e1rios com lixo urbano nas ilhas.<\/p>\n\n\n\n<p class=\"wp-block-paragraph\">O lixo em decomposi\u00e7\u00e3o anaer\u00f3bia contamina o len\u00e7ol fre\u00e1tico com subst\u00e2ncias t\u00f3xicas.<\/p>\n\n\n\n<p class=\"wp-block-paragraph\">A \u00fanica solu\u00e7\u00e3o sustent\u00e1vel para os res\u00edduos \u00e9 a coleta seletiva e a reciclagem industrial.<\/p>\n\n\n\n<p class=\"wp-block-paragraph\"><\/p>\n","protected":false},"excerpt":{"rendered":"<p>A regi\u00e3o metropolitana de Porto Alegre estar\u00e1 sujeita a enchentes cada vez mais &#8220;imprevis\u00edveis e violentas&#8221; se nada for feito para preservar os banhados e a vegeta\u00e7\u00e3o no entorno do Gua\u00edba e seus afluentes. O alerta foi feito pelo ent\u00e3o fundador presidente da Agapan, Jos\u00e9 Lutzenberger, em extenso artigo na edi\u00e7\u00e3o de 27 de agosto [&hellip;]<\/p>\n","protected":false},"author":4,"featured_media":86189,"comment_status":"closed","ping_status":"open","sticky":false,"template":"","format":"standard","meta":{"_jetpack_newsletter_access":"","_jetpack_dont_email_post_to_subs":false,"_jetpack_newsletter_tier_id":0,"_jetpack_memberships_contains_paywalled_content":false,"_jetpack_feature_clip_id":0,"_jetpack_memberships_contains_paid_content":false,"footnotes":"","jetpack_publicize_message":"","jetpack_publicize_feature_enabled":true,"jetpack_social_post_already_shared":true,"jetpack_social_options":{"image_generator_settings":{"template":"highway","default_image_id":0,"font":"","enabled":false},"version":2},"jetpack_post_was_ever_published":false},"categories":[4,3],"tags":[],"class_list":["post-86187","post","type-post","status-publish","format-standard","has-post-thumbnail","hentry","category-ambiente-geral","category-manchete-do-site"],"aioseo_notices":[],"aioseo_head":"\n\t\t<!-- All in One SEO 5.0.1.1 - aioseo.com -->\n\t<meta name=\"description\" content=\"A regi\u00e3o metropolitana de Porto Alegre estar\u00e1 sujeita a enchentes cada vez mais &quot;imprevis\u00edveis e violentas&quot; se nada for feito para preservar os banhados e a vegeta\u00e7\u00e3o no entorno do Gua\u00edba e seus afluentes. O alerta foi feito pelo ent\u00e3o fundador presidente da Agapan, Jos\u00e9 Lutzenberger, em extenso artigo na edi\u00e7\u00e3o de 27 de agosto\" \/>\n\t<meta name=\"robots\" content=\"max-image-preview:large\" \/>\n\t<meta name=\"author\" content=\"da Reda\u00e7\u00e3o\"\/>\n\t<meta name=\"keywords\" content=\"ambiente j\u00e1-mat\u00e9ria,manchete do site\" \/>\n\t<link rel=\"canonical\" href=\"https:\/\/www.jornalja.com.br\/ambiente\/lutzenberger-ha-45-anos-sem-preservacao-teremos-enchentes-cada-vez-mais-imprevisiveis-e-violentas\/\" \/>\n\t<meta name=\"generator\" content=\"All in One SEO (AIOSEO) 5.0.1.1\" \/>\n\t\t<meta property=\"og:locale\" content=\"pt_BR\" \/>\n\t\t<meta property=\"og:site_name\" content=\"Ambiente J\u00c1\" \/>\n\t\t<meta property=\"og:type\" content=\"article\" \/>\n\t\t<meta property=\"og:title\" content=\"Lutzenberger, h\u00e1 54 anos: \u201cSem preserva\u00e7\u00e3o, teremos enchentes cada vez mais imprevis\u00edveis e violentas\u201d | Ambiente J\u00c1\" \/>\n\t\t<meta property=\"og:description\" content=\"A regi\u00e3o metropolitana de Porto Alegre estar\u00e1 sujeita a enchentes cada vez mais &quot;imprevis\u00edveis e violentas&quot; se nada for feito para preservar os banhados e a vegeta\u00e7\u00e3o no entorno do Gua\u00edba e seus afluentes. O alerta foi feito pelo ent\u00e3o fundador presidente da Agapan, Jos\u00e9 Lutzenberger, em extenso artigo na edi\u00e7\u00e3o de 27 de agosto\" \/>\n\t\t<meta property=\"og:url\" content=\"https:\/\/www.jornalja.com.br\/ambiente\/lutzenberger-ha-45-anos-sem-preservacao-teremos-enchentes-cada-vez-mais-imprevisiveis-e-violentas\/\" \/>\n\t\t<meta property=\"og:image\" content=\"https:\/\/www.jornalja.com.br\/ambiente\/wp-content\/uploads\/sites\/3\/2026\/08\/lutz.jpg\" \/>\n\t\t<meta property=\"og:image:secure_url\" content=\"https:\/\/www.jornalja.com.br\/ambiente\/wp-content\/uploads\/sites\/3\/2026\/08\/lutz.jpg\" \/>\n\t\t<meta property=\"og:image:width\" content=\"897\" \/>\n\t\t<meta property=\"og:image:height\" content=\"745\" \/>\n\t\t<meta property=\"article:published_time\" content=\"2026-08-31T16:03:12+00:00\" \/>\n\t\t<meta property=\"article:modified_time\" content=\"2026-08-31T16:30:31+00:00\" \/>\n\t\t<meta property=\"article:publisher\" content=\"https:\/\/www.facebook.com\/jornaljanaweb\" \/>\n\t\t<meta name=\"twitter:card\" content=\"summary\" \/>\n\t\t<meta name=\"twitter:site\" content=\"@jornal_ja\" \/>\n\t\t<meta name=\"twitter:title\" content=\"Lutzenberger, h\u00e1 54 anos: \u201cSem preserva\u00e7\u00e3o, teremos enchentes cada vez mais imprevis\u00edveis e violentas\u201d | Ambiente J\u00c1\" \/>\n\t\t<meta name=\"twitter:description\" content=\"A regi\u00e3o metropolitana de Porto Alegre estar\u00e1 sujeita a enchentes cada vez mais &quot;imprevis\u00edveis e violentas&quot; se nada for feito para preservar os banhados e a vegeta\u00e7\u00e3o no entorno do Gua\u00edba e seus afluentes. O alerta foi feito pelo ent\u00e3o fundador presidente da Agapan, Jos\u00e9 Lutzenberger, em extenso artigo na edi\u00e7\u00e3o de 27 de agosto\" \/>\n\t\t<meta name=\"twitter:image\" content=\"https:\/\/www.jornalja.com.br\/ambiente\/wp-content\/uploads\/sites\/3\/2026\/08\/lutz.jpg\" \/>\n\t\t<script type=\"application\/ld+json\" class=\"aioseo-schema\">\n\t\t\t{\"@context\":\"https:\\\/\\\/schema.org\",\"@graph\":[{\"@type\":\"Article\",\"@id\":\"https:\\\/\\\/www.jornalja.com.br\\\/ambiente\\\/lutzenberger-ha-45-anos-sem-preservacao-teremos-enchentes-cada-vez-mais-imprevisiveis-e-violentas\\\/#article\",\"name\":\"Lutzenberger, h\\u00e1 54 anos: \\u201cSem preserva\\u00e7\\u00e3o, teremos enchentes cada vez mais imprevis\\u00edveis e violentas\\u201d | Ambiente J\\u00c1\",\"headline\":\"Lutzenberger, h\\u00e1 54 anos: &#8220;Sem preserva\\u00e7\\u00e3o, teremos enchentes cada vez mais imprevis\\u00edveis e violentas&#8221;\",\"author\":{\"@id\":\"https:\\\/\\\/www.jornalja.com.br\\\/ambiente\\\/author\\\/daredacao\\\/#author\"},\"publisher\":{\"@id\":\"https:\\\/\\\/www.jornalja.com.br\\\/ambiente\\\/#organization\"},\"image\":{\"@type\":\"ImageObject\",\"url\":\"https:\\\/\\\/www.jornalja.com.br\\\/ambiente\\\/wp-content\\\/uploads\\\/sites\\\/3\\\/2026\\\/08\\\/jose-lutzenberger.jpg\",\"width\":330,\"height\":222},\"datePublished\":\"2026-08-31T13:03:12-03:00\",\"dateModified\":\"2026-08-31T13:30:31-03:00\",\"inLanguage\":\"pt-BR\",\"mainEntityOfPage\":{\"@id\":\"https:\\\/\\\/www.jornalja.com.br\\\/ambiente\\\/lutzenberger-ha-45-anos-sem-preservacao-teremos-enchentes-cada-vez-mais-imprevisiveis-e-violentas\\\/#webpage\"},\"isPartOf\":{\"@id\":\"https:\\\/\\\/www.jornalja.com.br\\\/ambiente\\\/lutzenberger-ha-45-anos-sem-preservacao-teremos-enchentes-cada-vez-mais-imprevisiveis-e-violentas\\\/#webpage\"},\"articleSection\":\"Ambiente J\\u00c1-MAT\\u00c9RIA, MANCHETE do Site\"},{\"@type\":\"BreadcrumbList\",\"@id\":\"https:\\\/\\\/www.jornalja.com.br\\\/ambiente\\\/lutzenberger-ha-45-anos-sem-preservacao-teremos-enchentes-cada-vez-mais-imprevisiveis-e-violentas\\\/#breadcrumblist\",\"itemListElement\":[{\"@type\":\"ListItem\",\"@id\":\"https:\\\/\\\/www.jornalja.com.br\\\/ambiente#listItem\",\"position\":1,\"name\":\"Home\",\"item\":\"https:\\\/\\\/www.jornalja.com.br\\\/ambiente\",\"nextItem\":{\"@type\":\"ListItem\",\"@id\":\"https:\\\/\\\/www.jornalja.com.br\\\/ambiente\\\/category\\\/manchete-do-site\\\/#listItem\",\"name\":\"MANCHETE do Site\"}},{\"@type\":\"ListItem\",\"@id\":\"https:\\\/\\\/www.jornalja.com.br\\\/ambiente\\\/category\\\/manchete-do-site\\\/#listItem\",\"position\":2,\"name\":\"MANCHETE do Site\",\"item\":\"https:\\\/\\\/www.jornalja.com.br\\\/ambiente\\\/category\\\/manchete-do-site\\\/\",\"nextItem\":{\"@type\":\"ListItem\",\"@id\":\"https:\\\/\\\/www.jornalja.com.br\\\/ambiente\\\/lutzenberger-ha-45-anos-sem-preservacao-teremos-enchentes-cada-vez-mais-imprevisiveis-e-violentas\\\/#listItem\",\"name\":\"Lutzenberger, h\\u00e1 54 anos: &#8220;Sem preserva\\u00e7\\u00e3o, teremos enchentes cada vez mais imprevis\\u00edveis e violentas&#8221;\"},\"previousItem\":{\"@type\":\"ListItem\",\"@id\":\"https:\\\/\\\/www.jornalja.com.br\\\/ambiente#listItem\",\"name\":\"Home\"}},{\"@type\":\"ListItem\",\"@id\":\"https:\\\/\\\/www.jornalja.com.br\\\/ambiente\\\/lutzenberger-ha-45-anos-sem-preservacao-teremos-enchentes-cada-vez-mais-imprevisiveis-e-violentas\\\/#listItem\",\"position\":3,\"name\":\"Lutzenberger, h\\u00e1 54 anos: &#8220;Sem preserva\\u00e7\\u00e3o, teremos enchentes cada vez mais imprevis\\u00edveis e violentas&#8221;\",\"previousItem\":{\"@type\":\"ListItem\",\"@id\":\"https:\\\/\\\/www.jornalja.com.br\\\/ambiente\\\/category\\\/manchete-do-site\\\/#listItem\",\"name\":\"MANCHETE do Site\"}}]},{\"@type\":\"Organization\",\"@id\":\"https:\\\/\\\/www.jornalja.com.br\\\/ambiente\\\/#organization\",\"name\":\"Jornal J\\u00c1 Editora\",\"description\":\"Jornal J\\u00c1 | Porto Alegre\",\"url\":\"https:\\\/\\\/www.jornalja.com.br\\\/ambiente\\\/\",\"telephone\":\"+555133307272\",\"logo\":{\"@type\":\"ImageObject\",\"url\":\"https:\\\/\\\/www.jornalja.com.br\\\/ambiente\\\/wp-content\\\/uploads\\\/sites\\\/3\\\/2020\\\/03\\\/cropped-Jah.png\",\"@id\":\"https:\\\/\\\/www.jornalja.com.br\\\/ambiente\\\/lutzenberger-ha-45-anos-sem-preservacao-teremos-enchentes-cada-vez-mais-imprevisiveis-e-violentas\\\/#organizationLogo\",\"width\":512,\"height\":512},\"image\":{\"@id\":\"https:\\\/\\\/www.jornalja.com.br\\\/ambiente\\\/lutzenberger-ha-45-anos-sem-preservacao-teremos-enchentes-cada-vez-mais-imprevisiveis-e-violentas\\\/#organizationLogo\"},\"sameAs\":[\"https:\\\/\\\/www.instagram.com\\\/jornaljapoa\",\"https:\\\/\\\/www.youtube.com\\\/c\\\/JornalJ\"]},{\"@type\":\"Person\",\"@id\":\"https:\\\/\\\/www.jornalja.com.br\\\/ambiente\\\/author\\\/daredacao\\\/#author\",\"url\":\"https:\\\/\\\/www.jornalja.com.br\\\/ambiente\\\/author\\\/daredacao\\\/\",\"name\":\"da Reda\\u00e7\\u00e3o\",\"image\":{\"@type\":\"ImageObject\",\"@id\":\"https:\\\/\\\/www.jornalja.com.br\\\/ambiente\\\/lutzenberger-ha-45-anos-sem-preservacao-teremos-enchentes-cada-vez-mais-imprevisiveis-e-violentas\\\/#authorImage\",\"url\":\"https:\\\/\\\/secure.gravatar.com\\\/avatar\\\/469fd857d6605ad19919d27ed29d35a968a25f6e8fd9318356bbb7f57aae9c65?s=96&d=mm&r=g\",\"width\":96,\"height\":96,\"caption\":\"da Reda\\u00e7\\u00e3o\"}},{\"@type\":\"WebPage\",\"@id\":\"https:\\\/\\\/www.jornalja.com.br\\\/ambiente\\\/lutzenberger-ha-45-anos-sem-preservacao-teremos-enchentes-cada-vez-mais-imprevisiveis-e-violentas\\\/#webpage\",\"url\":\"https:\\\/\\\/www.jornalja.com.br\\\/ambiente\\\/lutzenberger-ha-45-anos-sem-preservacao-teremos-enchentes-cada-vez-mais-imprevisiveis-e-violentas\\\/\",\"name\":\"Lutzenberger, h\\u00e1 54 anos: \\u201cSem preserva\\u00e7\\u00e3o, teremos enchentes cada vez mais imprevis\\u00edveis e violentas\\u201d | Ambiente J\\u00c1\",\"description\":\"A regi\\u00e3o metropolitana de Porto Alegre estar\\u00e1 sujeita a enchentes cada vez mais \\\"imprevis\\u00edveis e violentas\\\" se nada for feito para preservar os banhados e a vegeta\\u00e7\\u00e3o no entorno do Gua\\u00edba e seus afluentes. O alerta foi feito pelo ent\\u00e3o fundador presidente da Agapan, Jos\\u00e9 Lutzenberger, em extenso artigo na edi\\u00e7\\u00e3o de 27 de agosto\",\"inLanguage\":\"pt-BR\",\"isPartOf\":{\"@id\":\"https:\\\/\\\/www.jornalja.com.br\\\/ambiente\\\/#website\"},\"breadcrumb\":{\"@id\":\"https:\\\/\\\/www.jornalja.com.br\\\/ambiente\\\/lutzenberger-ha-45-anos-sem-preservacao-teremos-enchentes-cada-vez-mais-imprevisiveis-e-violentas\\\/#breadcrumblist\"},\"author\":{\"@id\":\"https:\\\/\\\/www.jornalja.com.br\\\/ambiente\\\/author\\\/daredacao\\\/#author\"},\"creator\":{\"@id\":\"https:\\\/\\\/www.jornalja.com.br\\\/ambiente\\\/author\\\/daredacao\\\/#author\"},\"image\":{\"@type\":\"ImageObject\",\"url\":\"https:\\\/\\\/www.jornalja.com.br\\\/ambiente\\\/wp-content\\\/uploads\\\/sites\\\/3\\\/2026\\\/08\\\/jose-lutzenberger.jpg\",\"@id\":\"https:\\\/\\\/www.jornalja.com.br\\\/ambiente\\\/lutzenberger-ha-45-anos-sem-preservacao-teremos-enchentes-cada-vez-mais-imprevisiveis-e-violentas\\\/#mainImage\",\"width\":330,\"height\":222},\"primaryImageOfPage\":{\"@id\":\"https:\\\/\\\/www.jornalja.com.br\\\/ambiente\\\/lutzenberger-ha-45-anos-sem-preservacao-teremos-enchentes-cada-vez-mais-imprevisiveis-e-violentas\\\/#mainImage\"},\"datePublished\":\"2026-08-31T13:03:12-03:00\",\"dateModified\":\"2026-08-31T13:30:31-03:00\"},{\"@type\":\"WebSite\",\"@id\":\"https:\\\/\\\/www.jornalja.com.br\\\/ambiente\\\/#website\",\"url\":\"https:\\\/\\\/www.jornalja.com.br\\\/ambiente\\\/\",\"name\":\"Ambiente J\\u00c1\",\"description\":\"Jornal J\\u00c1 | Porto Alegre\",\"inLanguage\":\"pt-BR\",\"publisher\":{\"@id\":\"https:\\\/\\\/www.jornalja.com.br\\\/ambiente\\\/#organization\"}}]}\n\t\t<\/script>\n\t\t<!-- All in One SEO -->\n\n","aioseo_head_json":{"title":"Lutzenberger, h\u00e1 54 anos: \u201cSem preserva\u00e7\u00e3o, teremos enchentes cada vez mais imprevis\u00edveis e violentas\u201d | Ambiente J\u00c1","description":"A regi\u00e3o metropolitana de Porto Alegre estar\u00e1 sujeita a enchentes cada vez mais \"imprevis\u00edveis e violentas\" se nada for feito para preservar os banhados e a vegeta\u00e7\u00e3o no entorno do Gua\u00edba e seus afluentes. O alerta foi feito pelo ent\u00e3o fundador presidente da Agapan, Jos\u00e9 Lutzenberger, em extenso artigo na edi\u00e7\u00e3o de 27 de agosto","canonical_url":"https:\/\/www.jornalja.com.br\/ambiente\/lutzenberger-ha-45-anos-sem-preservacao-teremos-enchentes-cada-vez-mais-imprevisiveis-e-violentas\/","robots":"max-image-preview:large","keywords":"ambiente j\u00e1-mat\u00e9ria,manchete do site","webmasterTools":{"miscellaneous":""},"schema":{"@context":"https:\/\/schema.org","@graph":[{"@type":"Article","@id":"https:\/\/www.jornalja.com.br\/ambiente\/lutzenberger-ha-45-anos-sem-preservacao-teremos-enchentes-cada-vez-mais-imprevisiveis-e-violentas\/#article","name":"Lutzenberger, h\u00e1 54 anos: \u201cSem preserva\u00e7\u00e3o, teremos enchentes cada vez mais imprevis\u00edveis e violentas\u201d | Ambiente J\u00c1","headline":"Lutzenberger, h\u00e1 54 anos: &#8220;Sem preserva\u00e7\u00e3o, teremos enchentes cada vez mais imprevis\u00edveis e violentas&#8221;","author":{"@id":"https:\/\/www.jornalja.com.br\/ambiente\/author\/daredacao\/#author"},"publisher":{"@id":"https:\/\/www.jornalja.com.br\/ambiente\/#organization"},"image":{"@type":"ImageObject","url":"https:\/\/www.jornalja.com.br\/ambiente\/wp-content\/uploads\/sites\/3\/2026\/08\/jose-lutzenberger.jpg","width":330,"height":222},"datePublished":"2026-08-31T13:03:12-03:00","dateModified":"2026-08-31T13:30:31-03:00","inLanguage":"pt-BR","mainEntityOfPage":{"@id":"https:\/\/www.jornalja.com.br\/ambiente\/lutzenberger-ha-45-anos-sem-preservacao-teremos-enchentes-cada-vez-mais-imprevisiveis-e-violentas\/#webpage"},"isPartOf":{"@id":"https:\/\/www.jornalja.com.br\/ambiente\/lutzenberger-ha-45-anos-sem-preservacao-teremos-enchentes-cada-vez-mais-imprevisiveis-e-violentas\/#webpage"},"articleSection":"Ambiente J\u00c1-MAT\u00c9RIA, MANCHETE do Site"},{"@type":"BreadcrumbList","@id":"https:\/\/www.jornalja.com.br\/ambiente\/lutzenberger-ha-45-anos-sem-preservacao-teremos-enchentes-cada-vez-mais-imprevisiveis-e-violentas\/#breadcrumblist","itemListElement":[{"@type":"ListItem","@id":"https:\/\/www.jornalja.com.br\/ambiente#listItem","position":1,"name":"Home","item":"https:\/\/www.jornalja.com.br\/ambiente","nextItem":{"@type":"ListItem","@id":"https:\/\/www.jornalja.com.br\/ambiente\/category\/manchete-do-site\/#listItem","name":"MANCHETE do Site"}},{"@type":"ListItem","@id":"https:\/\/www.jornalja.com.br\/ambiente\/category\/manchete-do-site\/#listItem","position":2,"name":"MANCHETE do Site","item":"https:\/\/www.jornalja.com.br\/ambiente\/category\/manchete-do-site\/","nextItem":{"@type":"ListItem","@id":"https:\/\/www.jornalja.com.br\/ambiente\/lutzenberger-ha-45-anos-sem-preservacao-teremos-enchentes-cada-vez-mais-imprevisiveis-e-violentas\/#listItem","name":"Lutzenberger, h\u00e1 54 anos: &#8220;Sem preserva\u00e7\u00e3o, teremos enchentes cada vez mais imprevis\u00edveis e violentas&#8221;"},"previousItem":{"@type":"ListItem","@id":"https:\/\/www.jornalja.com.br\/ambiente#listItem","name":"Home"}},{"@type":"ListItem","@id":"https:\/\/www.jornalja.com.br\/ambiente\/lutzenberger-ha-45-anos-sem-preservacao-teremos-enchentes-cada-vez-mais-imprevisiveis-e-violentas\/#listItem","position":3,"name":"Lutzenberger, h\u00e1 54 anos: &#8220;Sem preserva\u00e7\u00e3o, teremos enchentes cada vez mais imprevis\u00edveis e violentas&#8221;","previousItem":{"@type":"ListItem","@id":"https:\/\/www.jornalja.com.br\/ambiente\/category\/manchete-do-site\/#listItem","name":"MANCHETE do Site"}}]},{"@type":"Organization","@id":"https:\/\/www.jornalja.com.br\/ambiente\/#organization","name":"Jornal J\u00c1 Editora","description":"Jornal J\u00c1 | Porto Alegre","url":"https:\/\/www.jornalja.com.br\/ambiente\/","telephone":"+555133307272","logo":{"@type":"ImageObject","url":"https:\/\/www.jornalja.com.br\/ambiente\/wp-content\/uploads\/sites\/3\/2020\/03\/cropped-Jah.png","@id":"https:\/\/www.jornalja.com.br\/ambiente\/lutzenberger-ha-45-anos-sem-preservacao-teremos-enchentes-cada-vez-mais-imprevisiveis-e-violentas\/#organizationLogo","width":512,"height":512},"image":{"@id":"https:\/\/www.jornalja.com.br\/ambiente\/lutzenberger-ha-45-anos-sem-preservacao-teremos-enchentes-cada-vez-mais-imprevisiveis-e-violentas\/#organizationLogo"},"sameAs":["https:\/\/www.instagram.com\/jornaljapoa","https:\/\/www.youtube.com\/c\/JornalJ"]},{"@type":"Person","@id":"https:\/\/www.jornalja.com.br\/ambiente\/author\/daredacao\/#author","url":"https:\/\/www.jornalja.com.br\/ambiente\/author\/daredacao\/","name":"da Reda\u00e7\u00e3o","image":{"@type":"ImageObject","@id":"https:\/\/www.jornalja.com.br\/ambiente\/lutzenberger-ha-45-anos-sem-preservacao-teremos-enchentes-cada-vez-mais-imprevisiveis-e-violentas\/#authorImage","url":"https:\/\/secure.gravatar.com\/avatar\/469fd857d6605ad19919d27ed29d35a968a25f6e8fd9318356bbb7f57aae9c65?s=96&d=mm&r=g","width":96,"height":96,"caption":"da Reda\u00e7\u00e3o"}},{"@type":"WebPage","@id":"https:\/\/www.jornalja.com.br\/ambiente\/lutzenberger-ha-45-anos-sem-preservacao-teremos-enchentes-cada-vez-mais-imprevisiveis-e-violentas\/#webpage","url":"https:\/\/www.jornalja.com.br\/ambiente\/lutzenberger-ha-45-anos-sem-preservacao-teremos-enchentes-cada-vez-mais-imprevisiveis-e-violentas\/","name":"Lutzenberger, h\u00e1 54 anos: \u201cSem preserva\u00e7\u00e3o, teremos enchentes cada vez mais imprevis\u00edveis e violentas\u201d | Ambiente J\u00c1","description":"A regi\u00e3o metropolitana de Porto Alegre estar\u00e1 sujeita a enchentes cada vez mais \"imprevis\u00edveis e violentas\" se nada for feito para preservar os banhados e a vegeta\u00e7\u00e3o no entorno do Gua\u00edba e seus afluentes. O alerta foi feito pelo ent\u00e3o fundador presidente da Agapan, Jos\u00e9 Lutzenberger, em extenso artigo na edi\u00e7\u00e3o de 27 de agosto","inLanguage":"pt-BR","isPartOf":{"@id":"https:\/\/www.jornalja.com.br\/ambiente\/#website"},"breadcrumb":{"@id":"https:\/\/www.jornalja.com.br\/ambiente\/lutzenberger-ha-45-anos-sem-preservacao-teremos-enchentes-cada-vez-mais-imprevisiveis-e-violentas\/#breadcrumblist"},"author":{"@id":"https:\/\/www.jornalja.com.br\/ambiente\/author\/daredacao\/#author"},"creator":{"@id":"https:\/\/www.jornalja.com.br\/ambiente\/author\/daredacao\/#author"},"image":{"@type":"ImageObject","url":"https:\/\/www.jornalja.com.br\/ambiente\/wp-content\/uploads\/sites\/3\/2026\/08\/jose-lutzenberger.jpg","@id":"https:\/\/www.jornalja.com.br\/ambiente\/lutzenberger-ha-45-anos-sem-preservacao-teremos-enchentes-cada-vez-mais-imprevisiveis-e-violentas\/#mainImage","width":330,"height":222},"primaryImageOfPage":{"@id":"https:\/\/www.jornalja.com.br\/ambiente\/lutzenberger-ha-45-anos-sem-preservacao-teremos-enchentes-cada-vez-mais-imprevisiveis-e-violentas\/#mainImage"},"datePublished":"2026-08-31T13:03:12-03:00","dateModified":"2026-08-31T13:30:31-03:00"},{"@type":"WebSite","@id":"https:\/\/www.jornalja.com.br\/ambiente\/#website","url":"https:\/\/www.jornalja.com.br\/ambiente\/","name":"Ambiente J\u00c1","description":"Jornal J\u00c1 | Porto Alegre","inLanguage":"pt-BR","publisher":{"@id":"https:\/\/www.jornalja.com.br\/ambiente\/#organization"}}]},"og:locale":"pt_BR","og:site_name":"Ambiente J\u00c1","og:type":"article","og:title":"Lutzenberger, h\u00e1 54 anos: \u201cSem preserva\u00e7\u00e3o, teremos enchentes cada vez mais imprevis\u00edveis e violentas\u201d | Ambiente J\u00c1","og:description":"A regi\u00e3o metropolitana de Porto Alegre estar\u00e1 sujeita a enchentes cada vez mais &quot;imprevis\u00edveis e violentas&quot; se nada for feito para preservar os banhados e a vegeta\u00e7\u00e3o no entorno do Gua\u00edba e seus afluentes. O alerta foi feito pelo ent\u00e3o fundador presidente da Agapan, Jos\u00e9 Lutzenberger, em extenso artigo na edi\u00e7\u00e3o de 27 de agosto","og:url":"https:\/\/www.jornalja.com.br\/ambiente\/lutzenberger-ha-45-anos-sem-preservacao-teremos-enchentes-cada-vez-mais-imprevisiveis-e-violentas\/","og:image":"https:\/\/www.jornalja.com.br\/ambiente\/wp-content\/uploads\/sites\/3\/2026\/08\/lutz.jpg","og:image:secure_url":"https:\/\/www.jornalja.com.br\/ambiente\/wp-content\/uploads\/sites\/3\/2026\/08\/lutz.jpg","og:image:width":897,"og:image:height":745,"article:published_time":"2026-08-31T16:03:12+00:00","article:modified_time":"2026-08-31T16:30:31+00:00","article:publisher":"https:\/\/www.facebook.com\/jornaljanaweb","twitter:card":"summary","twitter:site":"@jornal_ja","twitter:title":"Lutzenberger, h\u00e1 54 anos: \u201cSem preserva\u00e7\u00e3o, teremos enchentes cada vez mais imprevis\u00edveis e violentas\u201d | Ambiente J\u00c1","twitter:description":"A regi\u00e3o metropolitana de Porto Alegre estar\u00e1 sujeita a enchentes cada vez mais &quot;imprevis\u00edveis e violentas&quot; se nada for feito para preservar os banhados e a vegeta\u00e7\u00e3o no entorno do Gua\u00edba e seus afluentes. O alerta foi feito pelo ent\u00e3o fundador presidente da Agapan, Jos\u00e9 Lutzenberger, em extenso artigo na edi\u00e7\u00e3o de 27 de agosto","twitter:image":"https:\/\/www.jornalja.com.br\/ambiente\/wp-content\/uploads\/sites\/3\/2026\/08\/lutz.jpg"},"aioseo_meta_data":{"post_id":"86187","title":null,"description":null,"keywords":null,"keyphrases":{"focus":{"keyphrase":"","score":0,"analysis":{"keyphraseInTitle":{"score":0,"maxScore":9,"error":1}}},"additional":[]},"primary_term":null,"canonical_url":null,"og_title":null,"og_description":null,"og_object_type":"default","og_image_type":"default","og_image_url":null,"og_image_width":null,"og_image_height":null,"og_image_custom_url":null,"og_image_custom_fields":null,"og_video":"","og_custom_url":null,"og_article_section":null,"og_article_tags":null,"twitter_use_og":false,"twitter_card":"default","twitter_image_type":"default","twitter_image_url":null,"twitter_image_custom_url":null,"twitter_image_custom_fields":null,"twitter_title":null,"twitter_description":null,"schema":{"blockGraphs":[],"customGraphs":[],"default":{"data":{"Article":[],"Course":[],"Dataset":[],"FAQPage":[],"Movie":[],"Person":[],"Product":[],"ProductReview":[],"Car":[],"Recipe":[],"Service":[],"SoftwareApplication":[],"WebPage":[]},"graphName":"Article","isEnabled":true},"graphs":[]},"schema_type":"default","schema_type_options":null,"pillar_content":false,"robots_default":true,"robots_noindex":false,"robots_noarchive":false,"robots_nosnippet":false,"robots_nofollow":false,"robots_noimageindex":false,"robots_noodp":false,"robots_notranslate":false,"robots_max_snippet":"-1","robots_max_videopreview":"-1","robots_max_imagepreview":"large","priority":null,"frequency":"default","location":null,"local_seo":null,"breadcrumb_settings":null,"limit_modified_date":false,"ai":{"faqs":[],"keyPoints":[],"schemas":[],"titles":[],"descriptions":[],"socialPosts":{"email":{"subject":"","preview":"","content":""},"linkedin":[],"twitter":[],"facebook":[],"instagram":[]}},"created":"2026-08-31 14:30:07","updated":"2026-08-31 16:35:44","seo_analyzer_scan_date":null,"focus_keyword":null,"additional_keywords":null,"truseo_locale":null},"jetpack_publicize_connections":[],"jetpack-related-posts":[{"id":82194,"url":"https:\/\/www.jornalja.com.br\/ambiente\/intervencoes-naturistas-em-madrugadas-de-pandemia\/","url_meta":{"origin":86187,"position":0},"title":"Interven\u00e7\u00f5es naturistas em madrugadas de pandemia","author":"da Reda\u00e7\u00e3o","date":"21 de junho de 2020","format":false,"excerpt":"Um grupo de naturistas de Porto Alegre tem aproveitado as madrugadas vazias desses tempos de pandemia para interven\u00e7\u00f5es em s\u00edtios hist\u00f3ricos da cidade, como o viaduto da Borges de Medeiros, a Pra\u00e7a da Alf\u00e2ndega, o Largo Gl\u00eanio Peres. Em pequenos grupos, tiram a roupa dentro dos carros e circulam pelo\u2026","rel":"","context":"Em &quot;Ambiente J\u00c1-MAT\u00c9RIA&quot;","block_context":{"text":"Ambiente J\u00c1-MAT\u00c9RIA","link":"https:\/\/www.jornalja.com.br\/ambiente\/category\/ambiente-geral\/"},"img":{"alt_text":"","src":"https:\/\/i0.wp.com\/www.jornalja.com.br\/ambiente\/wp-content\/uploads\/sites\/3\/2020\/06\/Naturismo-Taline.jpg?resize=350%2C200&ssl=1","width":350,"height":200,"srcset":"https:\/\/i0.wp.com\/www.jornalja.com.br\/ambiente\/wp-content\/uploads\/sites\/3\/2020\/06\/Naturismo-Taline.jpg?resize=350%2C200&ssl=1 1x, https:\/\/i0.wp.com\/www.jornalja.com.br\/ambiente\/wp-content\/uploads\/sites\/3\/2020\/06\/Naturismo-Taline.jpg?resize=525%2C300&ssl=1 1.5x, https:\/\/i0.wp.com\/www.jornalja.com.br\/ambiente\/wp-content\/uploads\/sites\/3\/2020\/06\/Naturismo-Taline.jpg?resize=700%2C400&ssl=1 2x"},"classes":[]},{"id":85268,"url":"https:\/\/www.jornalja.com.br\/ambiente\/velocidade-do-guaiba-na-enchente-comprova-que-ele-e-um-rio-diz-pesquisador\/","url_meta":{"origin":86187,"position":1},"title":"Velocidade do Gua\u00edba na enchente comprova que ele \u00e9 um rio, diz pesquisador","author":"Cleber Dioni Tentardini","date":"21 de junho de 2024","format":false,"excerpt":"Cleber Dioni Tentardini Nos dias 5 e 6 de maio deste ano, no pico da enchente, uma equipe de pesquisadores dos Institutos de Geoci\u00eancias (IGEO) e de Pesquisas Hidr\u00e1ulicas (IPH), da Universidade Federal do Rio Grande do Sul, mediu a velocidade da corrente de \u00e1gua no Gua\u00edba, pr\u00f3ximo \u00e0 Usina\u2026","rel":"","context":"Em &quot;Ambiente J\u00c1-MAT\u00c9RIA&quot;","block_context":{"text":"Ambiente J\u00c1-MAT\u00c9RIA","link":"https:\/\/www.jornalja.com.br\/ambiente\/category\/ambiente-geral\/"},"img":{"alt_text":"","src":"https:\/\/i0.wp.com\/www.jornalja.com.br\/ambiente\/wp-content\/uploads\/sites\/3\/2024\/06\/20240613-085836-scaled.jpg?resize=350%2C200&ssl=1","width":350,"height":200,"srcset":"https:\/\/i0.wp.com\/www.jornalja.com.br\/ambiente\/wp-content\/uploads\/sites\/3\/2024\/06\/20240613-085836-scaled.jpg?resize=350%2C200&ssl=1 1x, https:\/\/i0.wp.com\/www.jornalja.com.br\/ambiente\/wp-content\/uploads\/sites\/3\/2024\/06\/20240613-085836-scaled.jpg?resize=525%2C300&ssl=1 1.5x, https:\/\/i0.wp.com\/www.jornalja.com.br\/ambiente\/wp-content\/uploads\/sites\/3\/2024\/06\/20240613-085836-scaled.jpg?resize=700%2C400&ssl=1 2x, https:\/\/i0.wp.com\/www.jornalja.com.br\/ambiente\/wp-content\/uploads\/sites\/3\/2024\/06\/20240613-085836-scaled.jpg?resize=1050%2C600&ssl=1 3x, https:\/\/i0.wp.com\/www.jornalja.com.br\/ambiente\/wp-content\/uploads\/sites\/3\/2024\/06\/20240613-085836-scaled.jpg?resize=1400%2C800&ssl=1 4x"},"classes":[]},{"id":85969,"url":"https:\/\/www.jornalja.com.br\/ambiente\/centenario-de-flavio-lewgoy-um-gigante-na-defesa-do-meio-ambiente\/","url_meta":{"origin":86187,"position":2},"title":"Centen\u00e1rio de Fl\u00e1vio Lewgoy: um gigante na defesa do meio ambiente","author":"da Reda\u00e7\u00e3o","date":"22 de mar\u00e7o de 2026","format":false,"excerpt":"Lewgoy foi um dos respons\u00e1veis pela reda\u00e7\u00e3o das leis estadual (1982) e federal (1989) dos agrot\u00f3xicos.","rel":"","context":"Em &quot;Ambiente J\u00c1-MAT\u00c9RIA&quot;","block_context":{"text":"Ambiente J\u00c1-MAT\u00c9RIA","link":"https:\/\/www.jornalja.com.br\/ambiente\/category\/ambiente-geral\/"},"img":{"alt_text":"","src":"https:\/\/i0.wp.com\/www.jornalja.com.br\/ambiente\/wp-content\/uploads\/sites\/3\/2026\/03\/flavio-lewgoy-4-fotocleberdionitentardini-scaled-e1774205623588-1.jpg?resize=350%2C200&ssl=1","width":350,"height":200,"srcset":"https:\/\/i0.wp.com\/www.jornalja.com.br\/ambiente\/wp-content\/uploads\/sites\/3\/2026\/03\/flavio-lewgoy-4-fotocleberdionitentardini-scaled-e1774205623588-1.jpg?resize=350%2C200&ssl=1 1x, https:\/\/i0.wp.com\/www.jornalja.com.br\/ambiente\/wp-content\/uploads\/sites\/3\/2026\/03\/flavio-lewgoy-4-fotocleberdionitentardini-scaled-e1774205623588-1.jpg?resize=525%2C300&ssl=1 1.5x, https:\/\/i0.wp.com\/www.jornalja.com.br\/ambiente\/wp-content\/uploads\/sites\/3\/2026\/03\/flavio-lewgoy-4-fotocleberdionitentardini-scaled-e1774205623588-1.jpg?resize=700%2C400&ssl=1 2x, https:\/\/i0.wp.com\/www.jornalja.com.br\/ambiente\/wp-content\/uploads\/sites\/3\/2026\/03\/flavio-lewgoy-4-fotocleberdionitentardini-scaled-e1774205623588-1.jpg?resize=1050%2C600&ssl=1 3x, https:\/\/i0.wp.com\/www.jornalja.com.br\/ambiente\/wp-content\/uploads\/sites\/3\/2026\/03\/flavio-lewgoy-4-fotocleberdionitentardini-scaled-e1774205623588-1.jpg?resize=1400%2C800&ssl=1 4x"},"classes":[]},{"id":79902,"url":"https:\/\/www.jornalja.com.br\/ambiente\/comite-aponta-riscos-ambientais-do-projeto-da-mina-guaiba\/","url_meta":{"origin":86187,"position":3},"title":"Comit\u00ea aponta riscos ambientais do projeto Mina Gua\u00edba","author":"Geraldo Hasse","date":"11 de dezembro de 2019","format":false,"excerpt":"O Comit\u00ea de Combate \u00e0 Megaminera\u00e7\u00e3o no Rio Grande do Sul (CCMRS) lan\u00e7ou na noite de ter\u00e7a-feira (10) no audit\u00f3rio da Faculdade de Economia da UFRGS o livro Painel de Especialistas \u2013 An\u00e1lise Cr\u00edtica do Estudo de Impacto Ambiental da Mina Gua\u00edba, projeto de minera\u00e7\u00e3o de carv\u00e3o em uma \u00e1rea\u2026","rel":"","context":"Em &quot;Ambiente J\u00c1-MAT\u00c9RIA&quot;","block_context":{"text":"Ambiente J\u00c1-MAT\u00c9RIA","link":"https:\/\/www.jornalja.com.br\/ambiente\/category\/ambiente-geral\/"},"img":{"alt_text":"","src":"","width":0,"height":0},"classes":[]},{"id":85960,"url":"https:\/\/www.jornalja.com.br\/ambiente\/saneamento-residuos-e-o-legado-de-lutzenberger-em-pauta-no-forum-internacional-do-meio-ambiente\/","url_meta":{"origin":86187,"position":4},"title":"Saneamento, res\u00edduos e o legado de Lutzenberger em pauta no F\u00f3rum Internacional do Meio Ambiente","author":"da Reda\u00e7\u00e3o","date":"20 de mar\u00e7o de 2026","format":false,"excerpt":"A\u00a0Associa\u00e7\u00e3o Riograndense de Imprensa (ARI),\u00a0entidade que celebrou recentemente seus 90 anos de hist\u00f3ria, anuncia a realiza\u00e7\u00e3o da\u00a014\u00aa edi\u00e7\u00e3o do F\u00f3rum Internacional do Meio Ambiente (FIMA). O evento, j\u00e1 consolidado como um dos principais espa\u00e7os de debate ambiental do sul do pa\u00eds, ocorrer\u00e1 nesta sexta-feira e s\u00e1bado, dias\u00a020 e 21 de\u2026","rel":"","context":"Em &quot;Ambiente J\u00c1-MAT\u00c9RIA&quot;","block_context":{"text":"Ambiente J\u00c1-MAT\u00c9RIA","link":"https:\/\/www.jornalja.com.br\/ambiente\/category\/ambiente-geral\/"},"img":{"alt_text":"","src":"https:\/\/i0.wp.com\/www.jornalja.com.br\/ambiente\/wp-content\/uploads\/sites\/3\/2026\/03\/fima-mpsustentare.jpeg?resize=350%2C200&ssl=1","width":350,"height":200,"srcset":"https:\/\/i0.wp.com\/www.jornalja.com.br\/ambiente\/wp-content\/uploads\/sites\/3\/2026\/03\/fima-mpsustentare.jpeg?resize=350%2C200&ssl=1 1x, https:\/\/i0.wp.com\/www.jornalja.com.br\/ambiente\/wp-content\/uploads\/sites\/3\/2026\/03\/fima-mpsustentare.jpeg?resize=525%2C300&ssl=1 1.5x"},"classes":[]},{"id":84660,"url":"https:\/\/www.jornalja.com.br\/ambiente\/travessia-de-viamao-5-mp-e-instituto-federal-fazem-parceria-para-proteger-nascentes-do-parque-sainthilaire\/","url_meta":{"origin":86187,"position":5},"title":"Travessia de Viam\u00e3o (5): MP e Instituto Federal fazem parceria para proteger nascentes do Parque Saint&#8217;Hilaire","author":"Cleber Dioni Tentardini","date":"15 de julho de 2023","format":false,"excerpt":"Por Cleber Dioni Tentardini * O Minist\u00e9rio P\u00fablico do Estado, atrav\u00e9s da Promotoria Regional da Bacia do Gravata\u00ed, e o Instituto Federal do Rio Grande do Sul (IFRS) \u2013 Campus Viam\u00e3o fizeram parceria para mapear e analisar as condi\u00e7\u00f5es das nascentes e suas \u00c1reas de Preserva\u00e7\u00e3o Permanentes (APPs) do Parque\u2026","rel":"","context":"Em &quot;Ambiente J\u00c1-MAT\u00c9RIA&quot;","block_context":{"text":"Ambiente J\u00c1-MAT\u00c9RIA","link":"https:\/\/www.jornalja.com.br\/ambiente\/category\/ambiente-geral\/"},"img":{"alt_text":"","src":"https:\/\/i0.wp.com\/www.jornalja.com.br\/ambiente\/wp-content\/uploads\/sites\/3\/2023\/01\/psh-nascente6-foto-cleber-dioni-scaled.jpg?resize=350%2C200&ssl=1","width":350,"height":200,"srcset":"https:\/\/i0.wp.com\/www.jornalja.com.br\/ambiente\/wp-content\/uploads\/sites\/3\/2023\/01\/psh-nascente6-foto-cleber-dioni-scaled.jpg?resize=350%2C200&ssl=1 1x, https:\/\/i0.wp.com\/www.jornalja.com.br\/ambiente\/wp-content\/uploads\/sites\/3\/2023\/01\/psh-nascente6-foto-cleber-dioni-scaled.jpg?resize=525%2C300&ssl=1 1.5x, https:\/\/i0.wp.com\/www.jornalja.com.br\/ambiente\/wp-content\/uploads\/sites\/3\/2023\/01\/psh-nascente6-foto-cleber-dioni-scaled.jpg?resize=700%2C400&ssl=1 2x, https:\/\/i0.wp.com\/www.jornalja.com.br\/ambiente\/wp-content\/uploads\/sites\/3\/2023\/01\/psh-nascente6-foto-cleber-dioni-scaled.jpg?resize=1050%2C600&ssl=1 3x, https:\/\/i0.wp.com\/www.jornalja.com.br\/ambiente\/wp-content\/uploads\/sites\/3\/2023\/01\/psh-nascente6-foto-cleber-dioni-scaled.jpg?resize=1400%2C800&ssl=1 4x"},"classes":[]}],"jetpack_shortlink":"https:\/\/wp.me\/pbKnZo-mq7","jetpack_sharing_enabled":true,"jetpack_featured_media_url":"https:\/\/www.jornalja.com.br\/ambiente\/wp-content\/uploads\/sites\/3\/2026\/08\/jose-lutzenberger.jpg","_links":{"self":[{"href":"https:\/\/www.jornalja.com.br\/ambiente\/wp-json\/wp\/v2\/posts\/86187","targetHints":{"allow":["GET"]}}],"collection":[{"href":"https:\/\/www.jornalja.com.br\/ambiente\/wp-json\/wp\/v2\/posts"}],"about":[{"href":"https:\/\/www.jornalja.com.br\/ambiente\/wp-json\/wp\/v2\/types\/post"}],"author":[{"embeddable":true,"href":"https:\/\/www.jornalja.com.br\/ambiente\/wp-json\/wp\/v2\/users\/4"}],"replies":[{"embeddable":true,"href":"https:\/\/www.jornalja.com.br\/ambiente\/wp-json\/wp\/v2\/comments?post=86187"}],"version-history":[{"count":5,"href":"https:\/\/www.jornalja.com.br\/ambiente\/wp-json\/wp\/v2\/posts\/86187\/revisions"}],"predecessor-version":[{"id":86194,"href":"https:\/\/www.jornalja.com.br\/ambiente\/wp-json\/wp\/v2\/posts\/86187\/revisions\/86194"}],"wp:featuredmedia":[{"embeddable":true,"href":"https:\/\/www.jornalja.com.br\/ambiente\/wp-json\/wp\/v2\/media\/86189"}],"wp:attachment":[{"href":"https:\/\/www.jornalja.com.br\/ambiente\/wp-json\/wp\/v2\/media?parent=86187"}],"wp:term":[{"taxonomy":"category","embeddable":true,"href":"https:\/\/www.jornalja.com.br\/ambiente\/wp-json\/wp\/v2\/categories?post=86187"},{"taxonomy":"post_tag","embeddable":true,"href":"https:\/\/www.jornalja.com.br\/ambiente\/wp-json\/wp\/v2\/tags?post=86187"}],"curies":[{"name":"wp","href":"https:\/\/api.w.org\/{rel}","templated":true}]}}