{"id":17240,"date":"2014-08-27T16:01:00","date_gmt":"2014-08-27T19:01:00","guid":{"rendered":"https:\/\/jornalja.com.br\/?p=17240"},"modified":"2014-08-27T16:01:00","modified_gmt":"2014-08-27T19:01:00","slug":"lasier-martins-nunca-me-censuraram-na-rbs","status":"publish","type":"post","link":"https:\/\/www.jornalja.com.br\/arquivo\/lasier-martins-nunca-me-censuraram-na-rbs\/","title":{"rendered":"Lasier Martins: &quot;Nunca me censuraram na RBS&quot;"},"content":{"rendered":"<p>O candidato ao Senado pela coliga\u00e7\u00e3o O Rio Grande Merece Mais (PDT\\DEM\\PSC\\PV\\PEN), Lasier Martins, disse que n\u00e3o entende bem como seria a regulamenta\u00e7\u00e3o dos artigos sobre Comunica\u00e7\u00e3o que constam na Constitui\u00e7\u00e3o aprovada em 1988.<br \/>\nEles nunca foram regulamentados por press\u00e3o dos donos dos jornais e redes de TV, muitos deles atuando no Congresso. O par\u00e1grafo quinto do artigo 220, por exemplo, diz que os meios de comunica\u00e7\u00e3o social n\u00e3o podem, direta ou indiretamente, ser objeto de monop\u00f3lio ou oligop\u00f3lio, mas n\u00e3o foi regulamentado.<br \/>\nLasier afirmou nesta quarta-feira, 27, durante entrevista \u00e0 imprensa antes do tradicional T\u00e1 na Mesa promovido pela Federasul, que sempre teve total liberdade para trabalhar tanto na Caldas J\u00fanior como depois na RBS, lugar que ficou por 27 anos. \u201cEles nunca me censuraram.\u201d<br \/>\nPara ele, a forma\u00e7\u00e3o de oligop\u00f3lios na m\u00eddia nacional \u00e9 uma quest\u00e3o de compet\u00eancia, \u201cmas estou disposto a repensar este conceito\u201d, completou. E ainda fez uma provoca\u00e7\u00e3o: \u201cpor que n\u00e3o regulamentam o patroc\u00ednio oficial? A maior parte da verba publicit\u00e1ria do governo Dilma Rousseff \u00e9 dirigida para a Rede Globo.\u201d<br \/>\nO candidato n\u00e3o comentou o hist\u00f3rico de persegui\u00e7\u00f5es que l\u00edderes trabalhistas sofreram pela m\u00eddia conservadora. Os ataques de Carlos Lacerda na sua Tribuna da Imprensa, jornal do Rio de Janeiro, levaram Get\u00falio Vargas ao suic\u00eddio. \u00a0Jo\u00e3o Goulart tamb\u00e9m foi perseguido pelos jornal\u00f5es de S\u00e3o Paulo e rede Globo, assim como Leonel Brizola, que acabou ganhando na Justi\u00e7a um antol\u00f3gico direito de resposta no Jornal Nacional.<br \/>\nLasier tamb\u00e9m respondeu ao candidato Ol\u00edvio Dutra, do PT, que o chamou de puxa saco dos empres\u00e1rios. \u201cEle s\u00f3 acredita na agricultura familiar, que \u00e9 importante, mas n\u00e3o \u00e9 a \u00fanica. A economia brasileira depende intensamente dos empres\u00e1rios e de empresas fortes.\u201d <strong>(Sergio Lagranha)<\/strong><\/p>\n","protected":false},"excerpt":{"rendered":"<p>O candidato ao Senado pela coliga\u00e7\u00e3o O Rio Grande Merece Mais (PDT\\DEM\\PSC\\PV\\PEN), Lasier Martins, disse que n\u00e3o entende bem como seria a regulamenta\u00e7\u00e3o dos artigos sobre Comunica\u00e7\u00e3o que constam na Constitui\u00e7\u00e3o aprovada em 1988. Eles nunca foram regulamentados por press\u00e3o dos donos dos jornais e redes de TV, muitos deles atuando no Congresso. O par\u00e1grafo [&hellip;]<\/p>\n","protected":false},"author":4,"featured_media":17241,"comment_status":"open","ping_status":"closed","sticky":false,"template":"","format":"standard","meta":{"_jetpack_memberships_contains_paid_content":false,"footnotes":""},"categories":[26,2],"tags":[861,1659,1812],"class_list":["post-17240","post","type-post","status-publish","format-standard","has-post-thumbnail","hentry","category-geral","category-x-categorias-velhas","tag-campanha-eleitoral","tag-eleicoes-2014","tag-federasul"],"aioseo_notices":[],"jetpack_featured_media_url":"","jetpack_sharing_enabled":true,"jetpack-related-posts":[],"jetpack_shortlink":"https:\/\/wp.me\/pbQjBd-4u4","_links":{"self":[{"href":"https:\/\/www.jornalja.com.br\/arquivo\/wp-json\/wp\/v2\/posts\/17240","targetHints":{"allow":["GET"]}}],"collection":[{"href":"https:\/\/www.jornalja.com.br\/arquivo\/wp-json\/wp\/v2\/posts"}],"about":[{"href":"https:\/\/www.jornalja.com.br\/arquivo\/wp-json\/wp\/v2\/types\/post"}],"author":[{"embeddable":true,"href":"https:\/\/www.jornalja.com.br\/arquivo\/wp-json\/wp\/v2\/users\/4"}],"replies":[{"embeddable":true,"href":"https:\/\/www.jornalja.com.br\/arquivo\/wp-json\/wp\/v2\/comments?post=17240"}],"version-history":[{"count":0,"href":"https:\/\/www.jornalja.com.br\/arquivo\/wp-json\/wp\/v2\/posts\/17240\/revisions"}],"wp:featuredmedia":[{"embeddable":true,"href":"https:\/\/www.jornalja.com.br\/arquivo\/wp-json\/"}],"wp:attachment":[{"href":"https:\/\/www.jornalja.com.br\/arquivo\/wp-json\/wp\/v2\/media?parent=17240"}],"wp:term":[{"taxonomy":"category","embeddable":true,"href":"https:\/\/www.jornalja.com.br\/arquivo\/wp-json\/wp\/v2\/categories?post=17240"},{"taxonomy":"post_tag","embeddable":true,"href":"https:\/\/www.jornalja.com.br\/arquivo\/wp-json\/wp\/v2\/tags?post=17240"}],"curies":[{"name":"wp","href":"https:\/\/api.w.org\/{rel}","templated":true}]}}