{"id":19087,"date":"2014-10-27T19:38:59","date_gmt":"2014-10-27T22:38:59","guid":{"rendered":"https:\/\/jornalja.com.br\/?p=19087"},"modified":"2014-10-27T19:38:59","modified_gmt":"2014-10-27T22:38:59","slug":"tarso-minimiza-antipetismo-sartori-se-enquadrou-melhor","status":"publish","type":"post","link":"https:\/\/www.jornalja.com.br\/arquivo\/tarso-minimiza-antipetismo-sartori-se-enquadrou-melhor\/","title":{"rendered":"Tarso minimiza antipetismo: &quot;Sartori se enquadrou melhor&quot;"},"content":{"rendered":"<p>Em suas primeiras declara\u00e7\u00f5es depois da elei\u00e7\u00e3o, Tarso Genro disse que os votos que elegeram Ivo Sartori correspondem a um \u00a0&#8220;real desejo de mudan\u00e7a da popula\u00e7\u00e3o&#8221;.<br \/>\nDeu a entender que Sartori venceu porque soube interpretar melhor o sentimento de mudan\u00e7a do eleitorado.<br \/>\n&#8220;Se enquadrou melhor no atual cen\u00e1rio de expectativas \u00a0pol\u00edticas&#8221;, disse Tarso, num in\u00edcio de autocr\u00edtica de sua campanha.<br \/>\nNa contram\u00e3o de todas as avalia\u00e7\u00f5es, o governador minimizou o peso do antipetismo no resultado, dizendo que se isso fosse verdadeiro, ele n\u00e3o teria sido eleito em 2010.<br \/>\nO pior cen\u00e1rio desenhou-se para Tarso Genro no Rio Grande do Sul quando se abriram as urnas do primeiro turno.<br \/>\nSua campanha parece ter esquecido experi\u00eancias anteriores, em que a disputa se polarizou em dois candidatos e um terceiro concorrente, longe do embate entre os favoritos, correu por fora e ganhou a elei\u00e7\u00e3o.<br \/>\nFoi exatamente isso que aconteceu em 2002, com Germano\u00a0 Rigotto. Foi mais ou menos o que ocorreu com Yeda Crusius na elei\u00e7\u00e3o seguinte.<br \/>\nA candidatura de Ana Am\u00e9lia (que se elegeu senadora com vota\u00e7\u00e3o espetacular em sua primeira elei\u00e7\u00e3o, em 2010), apoiada pelas for\u00e7as conservadoras, com a m\u00eddia \u00e0 frente, pareceu imbat\u00edvel em certo momento e o PT acreditou nisso. Concentrou-se nela, descuidando do \u201cgringo\u201d que, com sua imagem de bonach\u00e3o, seu discurso quase simpl\u00f3rio, foi fazendo a feira.<br \/>\nEsse \u201cmito\u201d do \u201cgringo da col\u00f4nia\u201d, homem simples, honesto, agregador, j\u00e1 causou grandes dissabores \u00e0s for\u00e7as de esquerda no Rio Grande do Sul.<br \/>\nO exemplo hist\u00f3rico \u00e9 o de Ildo Meneghetti, um apagado engenheiro que entrou na pol\u00edtica aos 52 anos e derrotou as principais estrelas do trabalhismo na \u00e9poca \u2013 Alberto Pasqualini e Leonel Brizola.<br \/>\nA elei\u00e7\u00e3o \u00a0de Meneghetti, para governador do Rio Grande do Sul em 1962, abriu caminho para o golpe militar que derrubou Jango em 1964.<br \/>\nA regi\u00e3o colonial, que cobre a metade norte do Estado, \u00e9 a mais industrializada e mais desenvolvida, em contraste com as \u00e1reas estagnadas da metade Sul.<br \/>\nEleitoralmente mais densa, ainda tem uma grande influ\u00eancia do clero conservador, medularmente anticomunista e, por decorr\u00eancia, antipetista.<br \/>\nAs den\u00fancias que a semanas do pleito atingiram a imagem de Ana Am\u00e9lia, de moralidade e austeridade, abriram o caminho para Sartori.<br \/>\nO antipetismo percebeu que a senadora seria uma advers\u00e1ria fr\u00e1gil no segundo turno e jogou suas fichas no \u201cgringo\u201d Sartori.<br \/>\nCandidatura vacilante, de um partido dividido (seu slogan era \u201cMeu partido \u00e9 o Rio Grande\u201d), ganhou for\u00e7a com o hor\u00e1rio eleitoral gratuito e a partir da\u00ed come\u00e7ou a receber os votos que desembarcavam de Ana Am\u00e9lia.<br \/>\nAcabou chegando \u00e0 frente no primeiro turno e n\u00e3o largou mais a dianteira.<br \/>\nQuando iniciaram-se os debates, as fragilidades da candidatura Sartori ficaram evidentes e as pesquisas chegaram a registrar a rea\u00e7\u00e3o de Tarso.<br \/>\nNa \u00faltima semana, \u00a0Sartori, numa entrevista no portal Terra, fez uma piada de mau gosto com o &#8220;piso salarial&#8221;, bandeira permanente da categoria.<br \/>\nCom o escorreg\u00e3o, bem explorado pelo PT. pareceu que haveria uma virada.<br \/>\nO pr\u00f3prio candidato petista e sua equipe acreditaram nisso at\u00e9 o final.<br \/>\nEm suas primeiras declara\u00e7\u00f5es depois da elei\u00e7\u00e3o, Tarso Genro disse que os votos que elegeram Sartori expressaram um \u00a0&#8220;real desejo de mudan\u00e7a da popula\u00e7\u00e3o&#8221;.<br \/>\nDeu a entender que Sartori venceu porque soube interpretar melhor o sentimento de mudan\u00e7a do eleitorado.<br \/>\n&#8220;Se enquadrou melhor no atual cen\u00e1rio de expectativas \u00a0pol\u00edticas&#8221;, disse Tarso.<br \/>\nNa contram\u00e3o de todas as avalia\u00e7\u00f5es, o governador minimizou o peso do antipetismo no resultado final, que deu vantagem de 1,5 milh\u00e3o de votos \u00a0a Jos\u00e9 Sartori.<br \/>\nRESULTADO FINAL DA ELEI\u00c7\u00c3O 2014 PARA GOVERnO DO RIO GRANDE DO SUL:<br \/>\n<i>Jos\u00e9 Ivo Sartori, PMDB: 61,21% (3,9 milh\u00f5es de votos)<\/i><br \/>\n<i>Tarso Genro, PT: 38,79% (2,4 milh\u00f5es de votos)<\/i><\/p>\n","protected":false},"excerpt":{"rendered":"<p>Em suas primeiras declara\u00e7\u00f5es depois da elei\u00e7\u00e3o, Tarso Genro disse que os votos que elegeram Ivo Sartori correspondem a um \u00a0&#8220;real desejo de mudan\u00e7a da popula\u00e7\u00e3o&#8221;. Deu a entender que Sartori venceu porque soube interpretar melhor o sentimento de mudan\u00e7a do eleitorado. &#8220;Se enquadrou melhor no atual cen\u00e1rio de expectativas \u00a0pol\u00edticas&#8221;, disse Tarso, num in\u00edcio [&hellip;]<\/p>\n","protected":false},"author":5,"featured_media":0,"comment_status":"open","ping_status":"closed","sticky":false,"template":"","format":"standard","meta":{"_jetpack_memberships_contains_paid_content":false,"footnotes":""},"categories":[26],"tags":[1659,1967,1470],"class_list":["post-19087","post","type-post","status-publish","format-standard","hentry","category-geral","tag-eleicoes-2014","tag-jose-ivo-sartori","tag-tarso-genro"],"aioseo_notices":[],"jetpack_featured_media_url":"","jetpack_sharing_enabled":true,"jetpack-related-posts":[{"id":1280,"url":"https:\/\/www.jornalja.com.br\/arquivo\/o-menino-que-se-tornou-brizola\/","url_meta":{"origin":19087,"position":0},"title":"O Menino que se Tornou Brizola","author":"da Reda\u00e7\u00e3o","date":"28 de julho de 2008","format":false,"excerpt":"Autor: Cleber Dioni A vida de Leonel Brizola, com \u00eanfase para os primeiros anos em Porto Alegre, at\u00e9 o ex\u00edlio no Uruguai e a volta, quinze anos depois. \u00a0\"...\u00c9ramos todos jovens e nos identific\u00e1vamos com aquela massa an\u00f4nima a percorrer as ruas de Porto Alegre, gritando 'Get\u00falio', 'Get\u00falio' e empunhando\u2026","rel":"","context":"Em &quot;Livros&quot;","block_context":{"text":"Livros","link":"https:\/\/www.jornalja.com.br\/arquivo\/category\/livros\/"},"img":{"alt_text":"","src":"https:\/\/i0.wp.com\/www.jornalja.com.br\/wp-content\/uploads\/2008\/07\/brizola.gif?resize=350%2C200&ssl=1","width":350,"height":200},"classes":[]}],"jetpack_shortlink":"https:\/\/wp.me\/pbQjBd-4XR","_links":{"self":[{"href":"https:\/\/www.jornalja.com.br\/arquivo\/wp-json\/wp\/v2\/posts\/19087","targetHints":{"allow":["GET"]}}],"collection":[{"href":"https:\/\/www.jornalja.com.br\/arquivo\/wp-json\/wp\/v2\/posts"}],"about":[{"href":"https:\/\/www.jornalja.com.br\/arquivo\/wp-json\/wp\/v2\/types\/post"}],"author":[{"embeddable":true,"href":"https:\/\/www.jornalja.com.br\/arquivo\/wp-json\/wp\/v2\/users\/5"}],"replies":[{"embeddable":true,"href":"https:\/\/www.jornalja.com.br\/arquivo\/wp-json\/wp\/v2\/comments?post=19087"}],"version-history":[{"count":0,"href":"https:\/\/www.jornalja.com.br\/arquivo\/wp-json\/wp\/v2\/posts\/19087\/revisions"}],"wp:attachment":[{"href":"https:\/\/www.jornalja.com.br\/arquivo\/wp-json\/wp\/v2\/media?parent=19087"}],"wp:term":[{"taxonomy":"category","embeddable":true,"href":"https:\/\/www.jornalja.com.br\/arquivo\/wp-json\/wp\/v2\/categories?post=19087"},{"taxonomy":"post_tag","embeddable":true,"href":"https:\/\/www.jornalja.com.br\/arquivo\/wp-json\/wp\/v2\/tags?post=19087"}],"curies":[{"name":"wp","href":"https:\/\/api.w.org\/{rel}","templated":true}]}}