{"id":19134,"date":"2014-10-29T00:29:59","date_gmt":"2014-10-29T03:29:59","guid":{"rendered":"https:\/\/jornalja.com.br\/?p=19134"},"modified":"2014-10-29T00:29:59","modified_gmt":"2014-10-29T03:29:59","slug":"falta-imprensa-nesta-democracia-brasileira","status":"publish","type":"post","link":"https:\/\/www.jornalja.com.br\/arquivo\/falta-imprensa-nesta-democracia-brasileira\/","title":{"rendered":"Falta imprensa na democracia brasileira"},"content":{"rendered":"<p>Mal falaram as urnas e a tropas est\u00e3o na rua.<br \/>\nAs tropas da m\u00eddia corporativa &#8211; Veja\/Abril, O Globo, Rede Globo, afiliados e enteados, Estado de S\u00e3o Paulo, Folha de S\u00e3o Paulo que trabalham em sintonia &#8211; um ex\u00e9rcito midi\u00e1tico, com infantaria, artilharia e uma for\u00e7a a\u00e9rea invej\u00e1vel.<br \/>\nEscancaradamente, foram a vanguarda da oposi\u00e7ao ao governo Dilma e \u00e0 sua reelei\u00e7\u00e3o. Tentaram at\u00e9 um golpe com uma edi\u00e7\u00e3o pat\u00e9tica da Veja.<br \/>\nDerrotados, lan\u00e7am em seguida o contra-ataque: a tese, question\u00e1vel, de que o pa\u00eds saiu da elei\u00e7\u00e3o dividido.<br \/>\nQuem mais do que a imprensa teria autoridade para fazer a pergunta?<br \/>\nQue pa\u00eds \u00e9 esse que saiu desta elei\u00e7\u00e3o extraordin\u00e1ria ?. E ir atr\u00e1s da resposta.<br \/>\nN\u00e3o, a resposta est\u00e1 pronta. O pa\u00eds est\u00e1 dividido, h\u00e1 &#8220;crises institucionais programadas&#8221;, como diz Mervel Pereira, em O Globo.<br \/>\nO pior \u00e9 uma vis\u00edvel orquestra\u00e7\u00e3o: diz o editorial do Globo que &#8220;o pa\u00eds saiu dividido entre os que produzem e pagam impostos e os que se beneficiam dos programas sociais&#8221;.<br \/>\nDiz o editorial de Zero Hora: &#8220;\u00c9 preciso pacificar a na\u00e7\u00e3o&#8221;.<br \/>\nRosane Oliveira, colunista pol\u00edtica:<br \/>\n&#8220;Ou \u00e9 ret\u00f3rica ou \u00e9 auto-engano a afirma\u00e7\u00e3o da presidente de que o pa\u00eds n\u00e3o est\u00e1 partido ao meio&#8221; (&#8230;)<br \/>\n&#8220;N\u00e3o importa que Dilma seja eleita pelo dos mais pobres, o governo n\u00e3o pode deixar de olhar para os estados que produzem a riqueza necess\u00e1ria para financiar os programas sociais&#8221;.<br \/>\nO pr\u00f3prio Merval Pereira em O Globo esclarece \u00a0essa atitude t\u00e3o agressiva da &#8220;imprensa profissional&#8221;, como ele diz, em rela\u00e7\u00e3o ao governo: a regula\u00e7\u00e3o da m\u00eddia, tema \u00a0inaceit\u00e1vel, indiscutivel pelos donos da m\u00eddia.<br \/>\nApegados a uma posi\u00e7\u00e3o autorit\u00e1ria, esses grupos abandonam o compromisso com o jornalismo e a comunica\u00e7\u00e3o, em defesa de privil\u00e9gios.<br \/>\nColocam-se ostensivamente na vanguarda de um movimento de contesta\u00e7\u00e3o.<br \/>\nAo difundir a tese, question\u00e1vel, de que o pa\u00eds est\u00e1 dividido, sugerem a falta de legitimidade do governo, rec\u00e9m-eleito e que nem come\u00e7ou.<br \/>\nUma imprensa que age assim n\u00e3o corresponde ao que demanda uma democracia, ainda mais uma democracia incipiente como a nossa que tem tantos desafios pela frente.<br \/>\n&nbsp;<br \/>\n&nbsp;<\/p>\n","protected":false},"excerpt":{"rendered":"<p>Mal falaram as urnas e a tropas est\u00e3o na rua. As tropas da m\u00eddia corporativa &#8211; Veja\/Abril, O Globo, Rede Globo, afiliados e enteados, Estado de S\u00e3o Paulo, Folha de S\u00e3o Paulo que trabalham em sintonia &#8211; um ex\u00e9rcito midi\u00e1tico, com infantaria, artilharia e uma for\u00e7a a\u00e9rea invej\u00e1vel. Escancaradamente, foram a vanguarda da oposi\u00e7ao ao [&hellip;]<\/p>\n","protected":false},"author":5,"featured_media":0,"comment_status":"open","ping_status":"closed","sticky":false,"template":"","format":"standard","meta":{"_jetpack_memberships_contains_paid_content":false,"footnotes":""},"categories":[26],"tags":[1659,175,181,1091,371],"class_list":["post-19134","post","type-post","status-publish","format-standard","hentry","category-geral","tag-eleicoes-2014","tag-imprensa","tag-jornalismo","tag-midia","tag-politica"],"aioseo_notices":[],"jetpack_featured_media_url":"","jetpack_sharing_enabled":true,"jetpack-related-posts":[],"jetpack_shortlink":"https:\/\/wp.me\/pbQjBd-4YC","_links":{"self":[{"href":"https:\/\/www.jornalja.com.br\/arquivo\/wp-json\/wp\/v2\/posts\/19134","targetHints":{"allow":["GET"]}}],"collection":[{"href":"https:\/\/www.jornalja.com.br\/arquivo\/wp-json\/wp\/v2\/posts"}],"about":[{"href":"https:\/\/www.jornalja.com.br\/arquivo\/wp-json\/wp\/v2\/types\/post"}],"author":[{"embeddable":true,"href":"https:\/\/www.jornalja.com.br\/arquivo\/wp-json\/wp\/v2\/users\/5"}],"replies":[{"embeddable":true,"href":"https:\/\/www.jornalja.com.br\/arquivo\/wp-json\/wp\/v2\/comments?post=19134"}],"version-history":[{"count":0,"href":"https:\/\/www.jornalja.com.br\/arquivo\/wp-json\/wp\/v2\/posts\/19134\/revisions"}],"wp:attachment":[{"href":"https:\/\/www.jornalja.com.br\/arquivo\/wp-json\/wp\/v2\/media?parent=19134"}],"wp:term":[{"taxonomy":"category","embeddable":true,"href":"https:\/\/www.jornalja.com.br\/arquivo\/wp-json\/wp\/v2\/categories?post=19134"},{"taxonomy":"post_tag","embeddable":true,"href":"https:\/\/www.jornalja.com.br\/arquivo\/wp-json\/wp\/v2\/tags?post=19134"}],"curies":[{"name":"wp","href":"https:\/\/api.w.org\/{rel}","templated":true}]}}