{"id":19791,"date":"2014-12-05T18:57:00","date_gmt":"2014-12-05T20:57:00","guid":{"rendered":"https:\/\/jornalja.com.br\/?p=19791"},"modified":"2014-12-05T18:57:00","modified_gmt":"2014-12-05T20:57:00","slug":"a-afasia-desastrosa-de-um-governo-intimidado","status":"publish","type":"post","link":"https:\/\/www.jornalja.com.br\/arquivo\/a-afasia-desastrosa-de-um-governo-intimidado\/","title":{"rendered":"A afasia desastrosa de um governo intimidado"},"content":{"rendered":"<p><span class=\"assina\">Enio Squeff<\/span><br \/>\nAmigos que \u00a0votaram em Dilma Rousseff, acreditam, com certa\u00a0 raz\u00e3o, que n\u00e3o h\u00e1 sentido em criticar o governo e engrossar, assim, o movimento oposicionista em curso em que, a acusa\u00e7\u00f5es gen\u00e9ricas de meliantes implicados nos casos de corrup\u00e7\u00e3o da Petrobr\u00e1s, se somam n\u00edtidos movimentos golpistas.<br \/>\nA cr\u00edtica s\u00f3 acrescentaria lenha \u00e0 fogueira. Faz sentido; mas a senhora Dilma Rousseff parece tomada por um surto de afasia. Ao n\u00e3o se defender de absolutamente nada, parece dar raz\u00e3o aos advers\u00e1rios.<br \/>\nE, como se n\u00e3o bastasse, por enquanto s\u00f3 tem estendido a m\u00e3o \u00e0 direita pol\u00edtica. N\u00e3o parece serem de todo incorretos, os que a acusam &#8211; e ao seu governo &#8211;\u00a0 de ter se esquecido de tudo o que defendeu na campanha eleitoral recente, e que, afinal, a elegeu. E de arrebatar, todos os dias,\u00a0 todos os argumentos da esquerda para a defenderem.<br \/>\nTentemos algumas hip\u00f3teses. K\u00e1tia Abreu na Agricultura &#8211; se n\u00e3o for confirmada &#8211; ter\u00e1 se mostrado apenas mais um gesto de falta de um t\u00e1tica minimamente coerente por parte do governo.<br \/>\nNingu\u00e9m com um fio de lucidez entender\u00e1 qual a finalidade do desgaste. Se era para testar a fidelidade da esquerda &#8211; tudo mal: ela, a esquerda ou as for\u00e7as democr\u00e1ticas do Pa\u00eds,\u00a0 j\u00e1 est\u00e3o com os ouvidos quentes a ouvirem das sacadas, dos fundos dos bares, pelas ruas &#8211; que se era para isso, carece de qualquer sentido seu apoio a uma governante que vem fazendo exatamente o que se esperava de seus advers\u00e1rios.<br \/>\nTrata-se de um movimento t\u00e1tico, dizem alguns otimistas. Ao atender a poderosa direita em seus contornos inclusive nitidamente fascistas, encastelada na m\u00eddia, na justi\u00e7a, e na academia, o governo Dilma se livraria do pior &#8211; o descr\u00e9dito pela situa\u00e7\u00e3o que, se n\u00e3o \u00e9 catastr\u00f3fica como pintam seus\u00a0 advers\u00e1rios &#8211; nem por isso deixa de abal\u00e1-lo.<br \/>\nTudo bem, seria isso mesmo. Mas e os que elegeram o atual governo? Onde os argumentos do mesmo governo para uso dos que at\u00e9 ontem estavam nas ruas, a defend\u00ea-lo?<br \/>\nAs respostas por enquanto n\u00e3o t\u00eam despontado de lugar algum do oficialato.<br \/>\nEuclides da Cunha dizia de Floriano Peixoto que era a m\u00e1scara de uma m\u00famia.<br \/>\nDilma Rousseff deve levar em boa conta a compara\u00e7\u00e3o. Mas se esquece de que uma coisa s\u00e3o os Salazares, os Francos, os Stalins e os Florianos Peixotos de todos os tempos &#8211; ditadores que se safavam das situa\u00e7\u00f5es embara\u00e7osas a ostentarem &#8220;caras de paisagens&#8221;.<br \/>\nAinda que n\u00e3o seja um ditador &#8220;stricto senso&#8221;, Vladmir Putin, o todo poderoso presidente russo, pode-se dar ao luxo de relegar as acusa\u00e7\u00f5es de seus advers\u00e1rios, como meras suposi\u00e7\u00f5es.<br \/>\nDilma n\u00e3o \u00e9 Putin, n\u00e3o vive numa R\u00fassia protoditatorial. N\u00e3o tem como se esconder em qualquer cara de m\u00famia de todos os ditadores de todos os tempos.<br \/>\nNo entanto, vem sendo sistematicamente acusada de tudo de ruim que acontece no pa\u00eds e at\u00e9 agora n\u00e3o disse se tem alguma coisa a dizer &#8211; ainda que tenha sido eleita. Fica dif\u00edcil saber qual a sua l\u00f3gica, se \u00e9 que ela tem alguma que n\u00e3o a de seus marqueteiros.<br \/>\nNo tempo dific\u00edlimo dos debates eleitorais, digamos sem meias palavras &#8211; a presidenta se mostrou timorata, embara\u00e7ada, fraca, mal se sustinha \u00e0s acusa\u00e7\u00f5es agressivas, principalmente de A\u00e9cio Neves.<br \/>\nSalvou-a a solidariedade natural de parte dos brasileiros e brasileiras, com os fracos e a sua condi\u00e7\u00e3o de mulher.<br \/>\nFoi por ser mulher e portanto, fr\u00e1gil, sujeita aos maus bofes de um homem agressivo,\u00a0 e machista que ela se livrou da pecha de pusil\u00e2nime.<br \/>\nO &#8220;tal cora\u00e7\u00e3o valente&#8221; da propaganda oficial por pouco n\u00e3o deixou de bater, na condi\u00e7\u00e3o de ent\u00e3o candidata, a se sentir mal depois de ter sido cruelmente ofendida por A\u00e9cio Neves.<br \/>\nN\u00e3o fosse o pr\u00f3prio A\u00e9cio ostentar o t\u00edtulo de &#8220;batedor de mulheres&#8221;, acusa\u00e7\u00e3o n\u00e3o desmentida que lhe fez Juca Kfouri em sua coluna meses atr\u00e1s &#8211; fato jamais devidamente e explorado pela grande imprensa, mas conhecida pelo grosso dos eleitores &#8211; e o tal &#8220;cora\u00e7\u00e3o valente&#8221;com que a presidenta se apresentou, teria se infartado definitivamente no famoso debate.<br \/>\nFicou a li\u00e7\u00e3o pensaram os mesmos otimistas. N\u00e3o, n\u00e3o ficou nada. Os marqueteiros &#8211; ou sabe Deus quem &#8211; convenceram-na, a ela e ao PT, de que Dilma se saiu bem por n\u00e3o ter respondido \u00e0 altura o ter sido chamada de &#8220;omissa&#8221;, &#8220;mentirosa&#8221;e &#8220;corrupta&#8221;.<br \/>\nNada de estranho, portanto, que a arenga continue. E com rea\u00e7\u00f5es antag\u00f4nicas dos dois lados.<br \/>\nDe parte do Partido da Imprensa Golpista &#8211; o j\u00e1 famoso &#8220;PIG&#8221; &#8211; o PT continua a ser o partido &#8220;mais corrupto que j\u00e1 governou o Pa\u00eds&#8221;.<br \/>\nQuanto aos marqueteiros e ao governo em geral &#8211; \u00e9 aconselh\u00e1vel que a presidenta se guarde quietinha \u00e0s acusa\u00e7\u00f5es que lhe fazem, \u00e0 vaias, aos xingamentos\u00a0 e a todo o resto.<br \/>\nOu seja, se o &#8220;Grande Inquisidor&#8221;Gilmar Mendes a acusar de corrupta, e de portanto merecer um &#8220;impeachment&#8221;o tal &#8220;cora\u00e7\u00e3o valente&#8221;, a se crer em seus atuais conselheiros, ir\u00e1 se recolher em um convento a pedir a intercess\u00e3o de Deus e de Santa Terezinha.<br \/>\nEntrementes, os que at\u00e9 ontem sa\u00edram \u00e0s ruas para tentar reeleg\u00ea-la, ficam a olhar para os lados, assustados dos que os v\u00e3o acusar de serem, por sua vez, omissos diante de tanta pusilanimidade.<br \/>\nFoi assim, a prop\u00f3sito, durante todo o governo Dilma.<br \/>\nA imprensa a bater, a refor\u00e7ar os acusadores sem provas dos Mensal\u00f5es, o Minist\u00e9rio da Justi\u00e7a a baixar a guarda para a Pol\u00edcia Federal anti-republicana, devidamente instrumentalizada quase que exclusivamente contra o PT e tudo o mais.<br \/>\nA isso a assessoria de imprensa (??) do governo federal n\u00e3o fez praticamente nada.<br \/>\nAli\u00e1s, Franklin Martins, ex-assessor de imprensa de Lula, hoje devidamente aposentado &#8211; por que ser\u00e1? &#8211; , tentou uma resist\u00eancia ainda no tempo do governo anterior, quando criou a TV Brasil.<br \/>\nEla seria a &#8220;BBC brasileira&#8221; lembram-se? Passado mais de cinco anos, a TV Brasil sequer saiu da condi\u00e7\u00e3o de TV por assinatura: continua a n\u00e3o ser um canal aberto para todos os brasileiros.\u00a0 Inacredit\u00e1vel, mas \u00e9 isso mesmo.<br \/>\nTalvez se possas conceder que muitos dos funcion\u00e1rios da TV Brasil seja profissionais aguerridos e que t\u00eam tentado inutilmente, ascender \u00e0 condi\u00e7\u00e3o de disputar um lugar entre as emissoras de TV do Pa\u00eds.<br \/>\nQuem sabe sejam at\u00e9 her\u00f3icos. E desconfia- de que sejam mesmo:\u00a0 sabem que servem a um governo amedrontado.<br \/>\nQuem sabe estejam, ent\u00e3o, a se preparar para daqui a alguns anos &#8211; se Dilma n\u00e3o for derrubada at\u00e9 l\u00e1. E ent\u00e3o devem estar a calcular, como n\u00f3s outros, a que tipo de governo de direita ir\u00e3o servir.<br \/>\nDizem de Dilma Rousseff que \u00e9 uma mulher que gosta de \u00f3pera e de teatro.<br \/>\nSua atua\u00e7\u00e3o na \u00e1rea cultural n\u00e3o tem demonstrado nada disso. Mas se conhecesse uma pe\u00e7a do su\u00ed\u00e7o Max Frisch, chamada &#8220;Biedermann e os incendi\u00e1rios&#8221; talvez atentasse para a hist\u00f3ria\u00a0 do sujeito que convida carbon\u00e1rios para se hospedarem em sua casa. E que, contra todas as evid\u00eancias, por pura covardia, n\u00e3o consegue expuls\u00e1-los antes que a destruam.<br \/>\nDilma gosta de quinta-colunas. Pela sua idade deveria saber\u00a0 o que \u00e9 que \u00e9 isso. Mas sequer se deu conta de que ganhou\u00a0 de um candidato comprometido com tudo o que ela diz ser o oposto de seu governo.<br \/>\nOu melhor, que ela n\u00e3o diz ser o oposto do seu governo, por certamente n\u00e3o ter se recuperado ainda do mal estar que acometeu logo depois do debate em que se sentiu mal.<br \/>\nDesconfiava-se de que fosse um surto af\u00e1sico. Hoje se sabe que talvez tenha nascido assim, ao menos que &#8230;.<\/p>\n","protected":false},"excerpt":{"rendered":"<p>Enio Squeff Amigos que \u00a0votaram em Dilma Rousseff, acreditam, com certa\u00a0 raz\u00e3o, que n\u00e3o h\u00e1 sentido em criticar o governo e engrossar, assim, o movimento oposicionista em curso em que, a acusa\u00e7\u00f5es gen\u00e9ricas de meliantes implicados nos casos de corrup\u00e7\u00e3o da Petrobr\u00e1s, se somam n\u00edtidos movimentos golpistas. A cr\u00edtica s\u00f3 acrescentaria lenha \u00e0 fogueira. Faz [&hellip;]<\/p>\n","protected":false},"author":4,"featured_media":19809,"comment_status":"open","ping_status":"closed","sticky":false,"template":"","format":"standard","meta":{"_jetpack_newsletter_access":"","_jetpack_dont_email_post_to_subs":false,"_jetpack_newsletter_tier_id":0,"_jetpack_memberships_contains_paywalled_content":false,"_jetpack_feature_clip_id":0,"_jetpack_memberships_contains_paid_content":false,"footnotes":"","jetpack_post_was_ever_published":false},"categories":[10],"tags":[],"class_list":["post-19791","post","type-post","status-publish","format-standard","has-post-thumbnail","hentry","category-analiseopiniao"],"aioseo_notices":[],"aioseo_head":"\n\t\t<!-- All in One SEO 5.0.1.1 - aioseo.com -->\n\t<meta name=\"robots\" content=\"max-image-preview:large\" \/>\n\t<meta name=\"author\" content=\"da Reda\u00e7\u00e3o\"\/>\n\t<link rel=\"canonical\" href=\"https:\/\/www.jornalja.com.br\/arquivo\/a-afasia-desastrosa-de-um-governo-intimidado\/\" \/>\n\t<meta name=\"generator\" content=\"All in One SEO (AIOSEO) 5.0.1.1\" \/>\n\t\t<meta property=\"og:locale\" content=\"pt_BR\" \/>\n\t\t<meta property=\"og:site_name\" content=\"Arquivo | Jornal J\u00c1 | Porto Alegre\" \/>\n\t\t<meta property=\"og:type\" content=\"article\" \/>\n\t\t<meta property=\"og:title\" content=\"A afasia desastrosa de um governo intimidado | Arquivo\" \/>\n\t\t<meta property=\"og:url\" content=\"https:\/\/www.jornalja.com.br\/arquivo\/a-afasia-desastrosa-de-um-governo-intimidado\/\" \/>\n\t\t<meta property=\"og:image\" content=\"https:\/\/www.jornalja.com.br\/economics\/wp-content\/uploads\/sites\/11\/2026\/08\/ja-folhaderosto-facebook.jpg\" \/>\n\t\t<meta property=\"og:image:secure_url\" content=\"https:\/\/www.jornalja.com.br\/economics\/wp-content\/uploads\/sites\/11\/2026\/08\/ja-folhaderosto-facebook.jpg\" \/>\n\t\t<meta property=\"article:published_time\" content=\"2014-12-05T20:57:00+00:00\" \/>\n\t\t<meta property=\"article:modified_time\" content=\"2014-12-05T20:57:00+00:00\" \/>\n\t\t<meta name=\"twitter:card\" content=\"summary\" \/>\n\t\t<meta name=\"twitter:title\" content=\"A afasia desastrosa de um governo intimidado | Arquivo\" \/>\n\t\t<meta name=\"twitter:image\" content=\"https:\/\/www.jornalja.com.br\/economics\/wp-content\/uploads\/sites\/11\/2026\/08\/ja-folhaderosto-facebook.jpg\" \/>\n\t\t<script type=\"application\/ld+json\" class=\"aioseo-schema\">\n\t\t\t{\"@context\":\"https:\\\/\\\/schema.org\",\"@graph\":[{\"@type\":\"BlogPosting\",\"@id\":\"https:\\\/\\\/www.jornalja.com.br\\\/arquivo\\\/a-afasia-desastrosa-de-um-governo-intimidado\\\/#blogposting\",\"name\":\"A afasia desastrosa de um governo intimidado | Arquivo\",\"headline\":\"A afasia desastrosa de um governo intimidado\",\"author\":{\"@id\":\"https:\\\/\\\/www.jornalja.com.br\\\/arquivo\\\/author\\\/daredacao\\\/#author\"},\"publisher\":{\"@id\":\"https:\\\/\\\/www.jornalja.com.br\\\/arquivo\\\/#organization\"},\"image\":{\"@type\":\"ImageObject\",\"url\":19809},\"datePublished\":\"2014-12-05T18:57:00-02:00\",\"dateModified\":\"2014-12-05T18:57:00-02:00\",\"inLanguage\":\"pt-BR\",\"mainEntityOfPage\":{\"@id\":\"https:\\\/\\\/www.jornalja.com.br\\\/arquivo\\\/a-afasia-desastrosa-de-um-governo-intimidado\\\/#webpage\"},\"isPartOf\":{\"@id\":\"https:\\\/\\\/www.jornalja.com.br\\\/arquivo\\\/a-afasia-desastrosa-de-um-governo-intimidado\\\/#webpage\"},\"articleSection\":\"AN\\u00c1LISE&amp;OPINI\\u00c3O\"},{\"@type\":\"BreadcrumbList\",\"@id\":\"https:\\\/\\\/www.jornalja.com.br\\\/arquivo\\\/a-afasia-desastrosa-de-um-governo-intimidado\\\/#breadcrumblist\",\"itemListElement\":[{\"@type\":\"ListItem\",\"@id\":\"https:\\\/\\\/www.jornalja.com.br\\\/arquivo#listItem\",\"position\":1,\"name\":\"Home\",\"item\":\"https:\\\/\\\/www.jornalja.com.br\\\/arquivo\",\"nextItem\":{\"@type\":\"ListItem\",\"@id\":\"https:\\\/\\\/www.jornalja.com.br\\\/arquivo\\\/category\\\/analiseopiniao\\\/#listItem\",\"name\":\"AN\\u00c1LISE&amp;OPINI\\u00c3O\"}},{\"@type\":\"ListItem\",\"@id\":\"https:\\\/\\\/www.jornalja.com.br\\\/arquivo\\\/category\\\/analiseopiniao\\\/#listItem\",\"position\":2,\"name\":\"AN\\u00c1LISE&amp;OPINI\\u00c3O\",\"item\":\"https:\\\/\\\/www.jornalja.com.br\\\/arquivo\\\/category\\\/analiseopiniao\\\/\",\"nextItem\":{\"@type\":\"ListItem\",\"@id\":\"https:\\\/\\\/www.jornalja.com.br\\\/arquivo\\\/a-afasia-desastrosa-de-um-governo-intimidado\\\/#listItem\",\"name\":\"A afasia desastrosa de um governo intimidado\"},\"previousItem\":{\"@type\":\"ListItem\",\"@id\":\"https:\\\/\\\/www.jornalja.com.br\\\/arquivo#listItem\",\"name\":\"Home\"}},{\"@type\":\"ListItem\",\"@id\":\"https:\\\/\\\/www.jornalja.com.br\\\/arquivo\\\/a-afasia-desastrosa-de-um-governo-intimidado\\\/#listItem\",\"position\":3,\"name\":\"A afasia desastrosa de um governo intimidado\",\"previousItem\":{\"@type\":\"ListItem\",\"@id\":\"https:\\\/\\\/www.jornalja.com.br\\\/arquivo\\\/category\\\/analiseopiniao\\\/#listItem\",\"name\":\"AN\\u00c1LISE&amp;OPINI\\u00c3O\"}}]},{\"@type\":\"Organization\",\"@id\":\"https:\\\/\\\/www.jornalja.com.br\\\/arquivo\\\/#organization\",\"name\":\"Jornal J\\u00c1\",\"description\":\"Jornal J\\u00c1 | Porto Alegre\",\"url\":\"https:\\\/\\\/www.jornalja.com.br\\\/arquivo\\\/\",\"telephone\":\"+555133307272\",\"logo\":{\"@type\":\"ImageObject\",\"url\":\"https:\\\/\\\/www.jornalja.com.br\\\/wp-content\\\/uploads\\\/cards\\\/JAslogan.png\",\"@id\":\"https:\\\/\\\/www.jornalja.com.br\\\/arquivo\\\/a-afasia-desastrosa-de-um-governo-intimidado\\\/#organizationLogo\"},\"image\":{\"@id\":\"https:\\\/\\\/www.jornalja.com.br\\\/arquivo\\\/a-afasia-desastrosa-de-um-governo-intimidado\\\/#organizationLogo\"}},{\"@type\":\"Person\",\"@id\":\"https:\\\/\\\/www.jornalja.com.br\\\/arquivo\\\/author\\\/daredacao\\\/#author\",\"url\":\"https:\\\/\\\/www.jornalja.com.br\\\/arquivo\\\/author\\\/daredacao\\\/\",\"name\":\"da Reda\\u00e7\\u00e3o\",\"image\":{\"@type\":\"ImageObject\",\"@id\":\"https:\\\/\\\/www.jornalja.com.br\\\/arquivo\\\/a-afasia-desastrosa-de-um-governo-intimidado\\\/#authorImage\",\"url\":\"https:\\\/\\\/secure.gravatar.com\\\/avatar\\\/469fd857d6605ad19919d27ed29d35a968a25f6e8fd9318356bbb7f57aae9c65?s=96&d=mm&r=g\",\"width\":96,\"height\":96,\"caption\":\"da Reda\\u00e7\\u00e3o\"}},{\"@type\":\"WebPage\",\"@id\":\"https:\\\/\\\/www.jornalja.com.br\\\/arquivo\\\/a-afasia-desastrosa-de-um-governo-intimidado\\\/#webpage\",\"url\":\"https:\\\/\\\/www.jornalja.com.br\\\/arquivo\\\/a-afasia-desastrosa-de-um-governo-intimidado\\\/\",\"name\":\"A afasia desastrosa de um governo intimidado | Arquivo\",\"inLanguage\":\"pt-BR\",\"isPartOf\":{\"@id\":\"https:\\\/\\\/www.jornalja.com.br\\\/arquivo\\\/#website\"},\"breadcrumb\":{\"@id\":\"https:\\\/\\\/www.jornalja.com.br\\\/arquivo\\\/a-afasia-desastrosa-de-um-governo-intimidado\\\/#breadcrumblist\"},\"author\":{\"@id\":\"https:\\\/\\\/www.jornalja.com.br\\\/arquivo\\\/author\\\/daredacao\\\/#author\"},\"creator\":{\"@id\":\"https:\\\/\\\/www.jornalja.com.br\\\/arquivo\\\/author\\\/daredacao\\\/#author\"},\"image\":{\"@type\":\"ImageObject\",\"url\":19809,\"@id\":\"https:\\\/\\\/www.jornalja.com.br\\\/arquivo\\\/a-afasia-desastrosa-de-um-governo-intimidado\\\/#mainImage\"},\"primaryImageOfPage\":{\"@id\":\"https:\\\/\\\/www.jornalja.com.br\\\/arquivo\\\/a-afasia-desastrosa-de-um-governo-intimidado\\\/#mainImage\"},\"datePublished\":\"2014-12-05T18:57:00-02:00\",\"dateModified\":\"2014-12-05T18:57:00-02:00\"},{\"@type\":\"WebSite\",\"@id\":\"https:\\\/\\\/www.jornalja.com.br\\\/arquivo\\\/#website\",\"url\":\"https:\\\/\\\/www.jornalja.com.br\\\/arquivo\\\/\",\"name\":\"Arquivo\",\"description\":\"Jornal J\\u00c1 | Porto Alegre\",\"inLanguage\":\"pt-BR\",\"publisher\":{\"@id\":\"https:\\\/\\\/www.jornalja.com.br\\\/arquivo\\\/#organization\"}}]}\n\t\t<\/script>\n\t\t<!-- All in One SEO -->\n\n","aioseo_head_json":{"title":"A afasia desastrosa de um governo intimidado | Arquivo","description":"","canonical_url":"https:\/\/www.jornalja.com.br\/arquivo\/a-afasia-desastrosa-de-um-governo-intimidado\/","robots":"max-image-preview:large","keywords":"","webmasterTools":{"miscellaneous":""},"schema":{"@context":"https:\/\/schema.org","@graph":[{"@type":"BlogPosting","@id":"https:\/\/www.jornalja.com.br\/arquivo\/a-afasia-desastrosa-de-um-governo-intimidado\/#blogposting","name":"A afasia desastrosa de um governo intimidado | Arquivo","headline":"A afasia desastrosa de um governo intimidado","author":{"@id":"https:\/\/www.jornalja.com.br\/arquivo\/author\/daredacao\/#author"},"publisher":{"@id":"https:\/\/www.jornalja.com.br\/arquivo\/#organization"},"image":{"@type":"ImageObject","url":19809},"datePublished":"2014-12-05T18:57:00-02:00","dateModified":"2014-12-05T18:57:00-02:00","inLanguage":"pt-BR","mainEntityOfPage":{"@id":"https:\/\/www.jornalja.com.br\/arquivo\/a-afasia-desastrosa-de-um-governo-intimidado\/#webpage"},"isPartOf":{"@id":"https:\/\/www.jornalja.com.br\/arquivo\/a-afasia-desastrosa-de-um-governo-intimidado\/#webpage"},"articleSection":"AN\u00c1LISE&amp;OPINI\u00c3O"},{"@type":"BreadcrumbList","@id":"https:\/\/www.jornalja.com.br\/arquivo\/a-afasia-desastrosa-de-um-governo-intimidado\/#breadcrumblist","itemListElement":[{"@type":"ListItem","@id":"https:\/\/www.jornalja.com.br\/arquivo#listItem","position":1,"name":"Home","item":"https:\/\/www.jornalja.com.br\/arquivo","nextItem":{"@type":"ListItem","@id":"https:\/\/www.jornalja.com.br\/arquivo\/category\/analiseopiniao\/#listItem","name":"AN\u00c1LISE&amp;OPINI\u00c3O"}},{"@type":"ListItem","@id":"https:\/\/www.jornalja.com.br\/arquivo\/category\/analiseopiniao\/#listItem","position":2,"name":"AN\u00c1LISE&amp;OPINI\u00c3O","item":"https:\/\/www.jornalja.com.br\/arquivo\/category\/analiseopiniao\/","nextItem":{"@type":"ListItem","@id":"https:\/\/www.jornalja.com.br\/arquivo\/a-afasia-desastrosa-de-um-governo-intimidado\/#listItem","name":"A afasia desastrosa de um governo intimidado"},"previousItem":{"@type":"ListItem","@id":"https:\/\/www.jornalja.com.br\/arquivo#listItem","name":"Home"}},{"@type":"ListItem","@id":"https:\/\/www.jornalja.com.br\/arquivo\/a-afasia-desastrosa-de-um-governo-intimidado\/#listItem","position":3,"name":"A afasia desastrosa de um governo intimidado","previousItem":{"@type":"ListItem","@id":"https:\/\/www.jornalja.com.br\/arquivo\/category\/analiseopiniao\/#listItem","name":"AN\u00c1LISE&amp;OPINI\u00c3O"}}]},{"@type":"Organization","@id":"https:\/\/www.jornalja.com.br\/arquivo\/#organization","name":"Jornal J\u00c1","description":"Jornal J\u00c1 | Porto Alegre","url":"https:\/\/www.jornalja.com.br\/arquivo\/","telephone":"+555133307272","logo":{"@type":"ImageObject","url":"https:\/\/www.jornalja.com.br\/wp-content\/uploads\/cards\/JAslogan.png","@id":"https:\/\/www.jornalja.com.br\/arquivo\/a-afasia-desastrosa-de-um-governo-intimidado\/#organizationLogo"},"image":{"@id":"https:\/\/www.jornalja.com.br\/arquivo\/a-afasia-desastrosa-de-um-governo-intimidado\/#organizationLogo"}},{"@type":"Person","@id":"https:\/\/www.jornalja.com.br\/arquivo\/author\/daredacao\/#author","url":"https:\/\/www.jornalja.com.br\/arquivo\/author\/daredacao\/","name":"da Reda\u00e7\u00e3o","image":{"@type":"ImageObject","@id":"https:\/\/www.jornalja.com.br\/arquivo\/a-afasia-desastrosa-de-um-governo-intimidado\/#authorImage","url":"https:\/\/secure.gravatar.com\/avatar\/469fd857d6605ad19919d27ed29d35a968a25f6e8fd9318356bbb7f57aae9c65?s=96&d=mm&r=g","width":96,"height":96,"caption":"da Reda\u00e7\u00e3o"}},{"@type":"WebPage","@id":"https:\/\/www.jornalja.com.br\/arquivo\/a-afasia-desastrosa-de-um-governo-intimidado\/#webpage","url":"https:\/\/www.jornalja.com.br\/arquivo\/a-afasia-desastrosa-de-um-governo-intimidado\/","name":"A afasia desastrosa de um governo intimidado | Arquivo","inLanguage":"pt-BR","isPartOf":{"@id":"https:\/\/www.jornalja.com.br\/arquivo\/#website"},"breadcrumb":{"@id":"https:\/\/www.jornalja.com.br\/arquivo\/a-afasia-desastrosa-de-um-governo-intimidado\/#breadcrumblist"},"author":{"@id":"https:\/\/www.jornalja.com.br\/arquivo\/author\/daredacao\/#author"},"creator":{"@id":"https:\/\/www.jornalja.com.br\/arquivo\/author\/daredacao\/#author"},"image":{"@type":"ImageObject","url":19809,"@id":"https:\/\/www.jornalja.com.br\/arquivo\/a-afasia-desastrosa-de-um-governo-intimidado\/#mainImage"},"primaryImageOfPage":{"@id":"https:\/\/www.jornalja.com.br\/arquivo\/a-afasia-desastrosa-de-um-governo-intimidado\/#mainImage"},"datePublished":"2014-12-05T18:57:00-02:00","dateModified":"2014-12-05T18:57:00-02:00"},{"@type":"WebSite","@id":"https:\/\/www.jornalja.com.br\/arquivo\/#website","url":"https:\/\/www.jornalja.com.br\/arquivo\/","name":"Arquivo","description":"Jornal J\u00c1 | Porto Alegre","inLanguage":"pt-BR","publisher":{"@id":"https:\/\/www.jornalja.com.br\/arquivo\/#organization"}}]},"og:locale":"pt_BR","og:site_name":"Arquivo | Jornal J\u00c1 | Porto Alegre","og:type":"article","og:title":"A afasia desastrosa de um governo intimidado | Arquivo","og:url":"https:\/\/www.jornalja.com.br\/arquivo\/a-afasia-desastrosa-de-um-governo-intimidado\/","og:image":"https:\/\/www.jornalja.com.br\/economics\/wp-content\/uploads\/sites\/11\/2026\/08\/ja-folhaderosto-facebook.jpg","og:image:secure_url":"https:\/\/www.jornalja.com.br\/economics\/wp-content\/uploads\/sites\/11\/2026\/08\/ja-folhaderosto-facebook.jpg","article:published_time":"2014-12-05T20:57:00+00:00","article:modified_time":"2014-12-05T20:57:00+00:00","twitter:card":"summary","twitter:title":"A afasia desastrosa de um governo intimidado | Arquivo","twitter:image":"https:\/\/www.jornalja.com.br\/economics\/wp-content\/uploads\/sites\/11\/2026\/08\/ja-folhaderosto-facebook.jpg"},"aioseo_meta_data":{"post_id":"19791","title":null,"description":null,"keywords":null,"keyphrases":null,"primary_term":null,"canonical_url":null,"og_title":"","og_description":"","og_object_type":"article","og_image_type":"default","og_image_url":null,"og_image_width":null,"og_image_height":null,"og_image_custom_url":null,"og_image_custom_fields":null,"og_video":"","og_custom_url":null,"og_article_section":"","og_article_tags":"","twitter_use_og":false,"twitter_card":"summary","twitter_image_type":"default","twitter_image_url":null,"twitter_image_custom_url":null,"twitter_image_custom_fields":null,"twitter_title":null,"twitter_description":null,"schema":{"blockGraphs":[],"customGraphs":[],"default":{"data":{"Article":[],"Course":[],"Dataset":[],"FAQPage":[],"Movie":[],"Person":[],"Product":[],"ProductReview":[],"Car":[],"Recipe":[],"Service":[],"SoftwareApplication":[],"WebPage":[]},"graphName":"","isEnabled":true},"graphs":[],"defaultGraph":"","defaultPostTypeGraph":""},"schema_type":null,"schema_type_options":null,"pillar_content":false,"robots_default":true,"robots_noindex":false,"robots_noarchive":false,"robots_nosnippet":false,"robots_nofollow":false,"robots_noimageindex":false,"robots_noodp":false,"robots_notranslate":false,"robots_max_snippet":null,"robots_max_videopreview":null,"robots_max_imagepreview":"large","priority":null,"frequency":null,"location":null,"local_seo":null,"breadcrumb_settings":null,"limit_modified_date":false,"ai":null,"created":"2020-12-20 21:09:58","updated":"2025-07-19 05:54:26","seo_analyzer_scan_date":null,"focus_keyword":null,"additional_keywords":null,"truseo_locale":null},"jetpack_sharing_enabled":true,"jetpack-related-posts":[{"id":13240,"url":"https:\/\/www.jornalja.com.br\/arquivo\/plano-diretor-estamos-construindo-o-caos\/","url_meta":{"origin":19791,"position":0},"title":"Plano diretor: &quot;Estamos construindo o caos&quot;","author":"Patr\u00edcia Marini","date":"26 de maio de 2014","format":false,"excerpt":"Desabafo que arquiteta Eliana Castilhos, delegada da Regi\u00e3o de Planejamento 1, postou nas redes sociais \u00e9 um testemunho do ambiente que se criou no Conselho do Plano Diretor de Porto Alegre, onde a aprova\u00e7\u00e3o de grandes empreendimentos \u00e9 empurrada guela abaixo dos conselheiros. Ao CMDUA Como delegada da Regi\u00e3o de\u2026","rel":"","context":"Em &quot;Geral&quot;","block_context":{"text":"Geral","link":"https:\/\/www.jornalja.com.br\/arquivo\/category\/geral\/"},"img":{"alt_text":"","src":"","width":0,"height":0},"classes":[]},{"id":5440,"url":"https:\/\/www.jornalja.com.br\/arquivo\/casarao-da-venancio-destino-permanece-incerto\/","url_meta":{"origin":19791,"position":1},"title":"Estado ainda n\u00e3o sabe o que fazer com casar\u00e3o abandonado h\u00e1 20 anos","author":"Elmar Bones","date":"6 de julho de 2009","format":false,"excerpt":"O casar\u00e3o amarelo, numa esquina nobre de Porto Alegre (Ven\u00e2ncio Aires com Jo\u00e3o Pessoa), j\u00e1 abrigou uma escola. H\u00e1 duas d\u00e9cadas, pelo menos, est\u00e1 abandonado, porque seu propriet\u00e1rio, o governo do Estado do Rio Grande do Sul, n\u00e3o consegue achar um destino para ele. Planos n\u00e3o faltaram. O governador Ol\u00edvio\u2026","rel":"","context":"Em &quot;X.Categorias velhas&quot;","block_context":{"text":"X.Categorias velhas","link":"https:\/\/www.jornalja.com.br\/arquivo\/category\/x-categorias-velhas\/"},"img":{"alt_text":"geraldo1","src":"https:\/\/i0.wp.com\/www.jornalja.com.br\/wp-content\/uploads\/2009\/07\/geraldo1.jpg?resize=350%2C200&ssl=1","width":350,"height":200},"classes":[]},{"id":13124,"url":"https:\/\/www.jornalja.com.br\/arquivo\/sangue-latino-no-iecine\/","url_meta":{"origin":19791,"position":2},"title":"Sangue latino no IECINE","author":"da Reda\u00e7\u00e3o","date":"18 de maio de 2014","format":false,"excerpt":"Francisco Ribeiro O Instituto Estadual de Cinema (IECINE) tem a frente, desde abril \u00faltimo, um novo diretor, o cineasta colombiano Juan Zapata, 36, que substitui Luiz Alberto Cassol. Radicado h\u00e1 dez anos em Porto Alegre, Zapata tem diante de si o desafio de conduzir at\u00e9 o final do ano um\u2026","rel":"","context":"Em &quot;Cultura-Geral&quot;","block_context":{"text":"Cultura-Geral","link":"https:\/\/www.jornalja.com.br\/arquivo\/category\/materiasecundaria\/"},"img":{"alt_text":"","src":"","width":0,"height":0},"classes":[]},{"id":13101,"url":"https:\/\/www.jornalja.com.br\/arquivo\/morre-um-guerreiro-do-texto\/","url_meta":{"origin":19791,"position":3},"title":"Morre um guerreiro do texto","author":"Patr\u00edcia Marini","date":"14 de maio de 2014","format":false,"excerpt":"Por Ricardo Kotscho Reproduzido do blog do autor, 11\/5\/2014; t\u00edtulo original \u201cE l\u00e1 se foi o nosso Myltainho, guerreiro do texto\u201d. Mi\u00fado e franzino, meu amigo Myltainho era um valente e inconformado guerreiro na luta contra as injusti\u00e7as sociais, a hipocrisia, as maracutaias, o autoritarismo, a intoler\u00e2ncia, a viol\u00eancia, o\u2026","rel":"","context":"Em &quot;Geral&quot;","block_context":{"text":"Geral","link":"https:\/\/www.jornalja.com.br\/arquivo\/category\/geral\/"},"img":{"alt_text":"","src":"","width":0,"height":0},"classes":[]},{"id":13239,"url":"https:\/\/www.jornalja.com.br\/arquivo\/conselho-desdenha-do-plano-diretor\/","url_meta":{"origin":19791,"position":4},"title":"Porto Alegre: Conselho detona Plano Diretor","author":"Patr\u00edcia Marini","date":"25 de maio de 2014","format":false,"excerpt":"Den\u00fancia do arquiteto e \u00a0urbanista Ibir\u00e1 Santos Lucas. Ele diz que os conselheiros est\u00e3o votando com \"enorme irresponsabilidade\". \"Mudam regime com a maior naturalidade,,,regularizam absurdos de constru\u00e7\u00f5es irregulares... \"O CMDUA est\u00e1 flexibilizando a lei do plano diretor, de uma forma impactante na vida da cidade. Mudam regime com a maior\u2026","rel":"","context":"Em &quot;Geral&quot;","block_context":{"text":"Geral","link":"https:\/\/www.jornalja.com.br\/arquivo\/category\/geral\/"},"img":{"alt_text":"","src":"","width":0,"height":0},"classes":[]},{"id":13128,"url":"https:\/\/www.jornalja.com.br\/arquivo\/maconha-terra-diz-que-uso-medicinal-e-desculpa\/","url_meta":{"origin":19791,"position":5},"title":"Maconha: Terra diz que uso medicinal \u00e9 desculpa","author":"Patr\u00edcia Marini","date":"4 de junho de 2014","format":false,"excerpt":"A condi\u00e7\u00e3o de pol\u00edtico, em \u00e9poca de campanha de campanha eleitoral, tira for\u00e7a do discurso do m\u00e9dico Osmar Terra contra a legaliza\u00e7\u00e3o da maconha. A tese dele de que a libera\u00e7\u00e3o vai ampliar exponencialmente o consumo \u00e9 discutivel, o consumo \u00e9 corrente. Mas seus alertas quanto aos riscos tem que\u2026","rel":"","context":"Em &quot;X.Categorias velhas&quot;","block_context":{"text":"X.Categorias velhas","link":"https:\/\/www.jornalja.com.br\/arquivo\/category\/x-categorias-velhas\/"},"img":{"alt_text":"","src":"","width":0,"height":0},"classes":[]}],"jetpack_shortlink":"https:\/\/wp.me\/pbQjBd-59d","jetpack_featured_media_url":"","_links":{"self":[{"href":"https:\/\/www.jornalja.com.br\/arquivo\/wp-json\/wp\/v2\/posts\/19791","targetHints":{"allow":["GET"]}}],"collection":[{"href":"https:\/\/www.jornalja.com.br\/arquivo\/wp-json\/wp\/v2\/posts"}],"about":[{"href":"https:\/\/www.jornalja.com.br\/arquivo\/wp-json\/wp\/v2\/types\/post"}],"author":[{"embeddable":true,"href":"https:\/\/www.jornalja.com.br\/arquivo\/wp-json\/wp\/v2\/users\/4"}],"replies":[{"embeddable":true,"href":"https:\/\/www.jornalja.com.br\/arquivo\/wp-json\/wp\/v2\/comments?post=19791"}],"version-history":[{"count":0,"href":"https:\/\/www.jornalja.com.br\/arquivo\/wp-json\/wp\/v2\/posts\/19791\/revisions"}],"wp:attachment":[{"href":"https:\/\/www.jornalja.com.br\/arquivo\/wp-json\/wp\/v2\/media?parent=19791"}],"wp:term":[{"taxonomy":"category","embeddable":true,"href":"https:\/\/www.jornalja.com.br\/arquivo\/wp-json\/wp\/v2\/categories?post=19791"},{"taxonomy":"post_tag","embeddable":true,"href":"https:\/\/www.jornalja.com.br\/arquivo\/wp-json\/wp\/v2\/tags?post=19791"}],"curies":[{"name":"wp","href":"https:\/\/api.w.org\/{rel}","templated":true}]}}