{"id":23161,"date":"2015-08-11T07:34:52","date_gmt":"2015-08-11T10:34:52","guid":{"rendered":"https:\/\/jornalja.com.br\/?p=23161"},"modified":"2015-08-11T07:34:52","modified_gmt":"2015-08-11T10:34:52","slug":"filmes-de-afogamento-entra-em-cartaz-na-galeria-ecarta-dia-12","status":"publish","type":"post","link":"https:\/\/www.jornalja.com.br\/arquivo\/filmes-de-afogamento-entra-em-cartaz-na-galeria-ecarta-dia-12\/","title":{"rendered":"\u2018Filmes de Afogamento\u2019 estreia amanh\u00e3 na Galeria Ecarta"},"content":{"rendered":"<p>Videoperformances em di\u00e1logo com a fotografia e o cinema. Assim \u00e9 a s\u00e9rie Filmes de Afogamento, exposi\u00e7\u00e3o de Luciano Scherer e Maira Flores que inaugura dia 12 de agosto na Galeria Ecarta (Av. Jo\u00e3o Pessoa, 943, Porto Alegre).<br \/>\nA s\u00e9rie \u00e9 um trabalho em andamento, a ser continuado e desenvolvido em novas e diferentes paisagens. Nos v\u00eddeos, al\u00e9m do corpo im\u00f3vel dos pr\u00f3prios artistas, o que se v\u00ea \u00e9 um enquadramento fixo e um movimento de cena bastante leve, como um desdobramento da imagem fotogr\u00e1fica, continuamente em loop.<br \/>\nCada v\u00eddeo \u00e9 o \u00faltimo registro de um indiv\u00edduo e uma forma de resist\u00eancia ao seu desaparecimento, tornado uma imagem sem fim \u2013 o que externa essa propriedade dicot\u00f4mica da mem\u00f3ria, presente na obra de ambos os artistas. Essas imagens semi-est\u00e1ticas s\u00e3o como um retorno ao imposs\u00edvel, uma alegoria do terminar do tempo e sua conten\u00e7\u00e3o. De natureza multimidi\u00e1tica, a s\u00e9rie manipula movimentos temporais: tem a suspens\u00e3o do tempo por meio das imagens, e a expans\u00e3o dele por interm\u00e9dio dos vest\u00edgios.<br \/>\n<a href=\"https:\/\/jornalja.com.br\/wp-content\/uploads\/2015\/08\/Frame-s\u00e9rie-Filmes-de-Afogamento-3.jpg\"><img loading=\"lazy\" decoding=\"async\" class=\"alignnone  wp-image-23163\" src=\"https:\/\/jornalja.com.br\/wp-content\/uploads\/2015\/08\/Frame-s\u00e9rie-Filmes-de-Afogamento-3-300x169.jpg\" alt=\"Frame s\u00e9rie Filmes de Afogamento 3\" width=\"426\" height=\"247\" \/><\/a><br \/>\nOs objetos da instala\u00e7\u00e3o est\u00e3o relacionados a cada viv\u00eancia findada naquele instante capturado: um documento, um desenho, um bilhete, uma fotografia dobrada encontrada no bolso, as pe\u00e7as de roupa, um sapato que foi achado a quil\u00f4metros de dist\u00e2ncia, uma lata enferrujada, um rel\u00f3gio, uma not\u00edcia antiga e itens que d\u00e3o ind\u00edcios de onde foi o local do acontecimento. Cada pe\u00e7a representa um rastro de identidade e um elo com o passado, a sombra de uma hist\u00f3ria velada que se projeta e age como um dispositivo que amplia a no\u00e7\u00e3o de realidade dentro da obra.<br \/>\n<a href=\"https:\/\/jornalja.com.br\/wp-content\/uploads\/2015\/08\/Frame-s\u00e9rie-Filmes-de-Afogamento-2.jpg\"><img loading=\"lazy\" decoding=\"async\" class=\"alignnone  wp-image-23164\" src=\"https:\/\/jornalja.com.br\/wp-content\/uploads\/2015\/08\/Frame-s\u00e9rie-Filmes-de-Afogamento-2-300x169.jpg\" alt=\"Frame s\u00e9rie Filmes de Afogamento 2\" width=\"433\" height=\"249\" \/><\/a><br \/>\nO resultado visual do exerc\u00edcio, quando marcado por uma imagem infinita e pelos seus vest\u00edgios, propicia ao espectador a constru\u00e7\u00e3o de suas pr\u00f3prias possibilidades de narrativas e uma reflex\u00e3o acerca do que fica.<br \/>\nFilmes de Afogamento fica em cartaz na Galeria Ecarta at\u00e9 13 de setembro. A visita\u00e7\u00e3o pode ser feita de ter\u00e7a a sexta, das 10h \u00e0s 19h; s\u00e1bado, das 10h \u00e0s 20h; e domingo, das 10h \u00e0s 18h. Informa\u00e7\u00f5es pelo telefone 51 4009.2971. A entrada \u00e9 franca.<br \/>\n<span class=\"intermenos\">Sobre os artistas:<\/span><br \/>\nMa\u00edra Flores nasceu em 1990, em Porto Alegre, onde vive atualmente. Centraliza sua produ\u00e7\u00e3o na manipula\u00e7\u00e3o de objetos do cotidiano \u00edntimo, construindo narrativas e refletindo o impl\u00edcito. Em seus trabalhos faz sempre o uso de pe\u00e7as usadas do vestu\u00e1rio e de fun\u00e7\u00f5es dom\u00e9sticas, imbu\u00eddas de mem\u00f3ria e sinais do tempo, como fronhas, len\u00e7\u00f3is e toalhas. A partir da experi\u00eancia da passagem do tempo, reflete sobre os fragmentos invis\u00edveis de cada um que permanecem e perpetuam-se tacitamente.<br \/>\nContato: 84496391<br \/>\nLuciano Scherer nasceu em 1987, em Santa Vit\u00f3ria do Palmar. Vive e trabalha em Porto Alegre. \u00c9\u00a0mestrando em Artes Visuais, com \u00canfase em Po\u00e9ticas Visuais, pela UFRGS. Suas exposi\u00e7\u00f5es individuais s\u00e3o: \u201cSob o Peso das Coisas\u201d, Galeria Pen\u00ednsula, Porto Alegre (2014); &#8220;Desdobramentos&#8221;, Espa\u00e7o Cultural ESPM, Porto Alegre (2012) e \u201cScherer\u201d, Galeria Thomas Cohn, S\u00e3o Paulo (2010). Entre as coletivas que participou est\u00e3o: &#8220;Mito Videos\u201d, Museu da Imagem e Som, S\u00e3o Paulo (2014); \u201cMetropolitanos\u201d Museu de Arte Contempor\u00e2nea, Porto Alegre (2012); \u201c6764257 km&#8221;, Galeria \u00d3!, Porto, Portugal (2012); \u201cGlimmer Show&#8217;\u201d, Anno Domini Gallery, San Jos\u00e9 (Calif\u00f3rnia), Estados Unidos (2011); \u201cLista\u201d at Galeria Logo, S\u00e3o Paulo (2011); e \u201cN\u00f3is na fita\u201d, Galeria Fita Tape, Porto Alegre (2010).<br \/>\n*As imagens enviadas s\u00e3o frames de v\u00eddeos que fazem parte da mostra. Seguem tamb\u00e9m em baixa resolu\u00e7\u00e3o.<br \/>\nExposi\u00e7\u00e3o \u2018Filmes de Afogamento\u2019, de Luciano Scherer e Maira Flores<br \/>\nOnde: Galeria Ecarta (Av. Jo\u00e3o Pessoa, 943, Porto Alegre)<br \/>\nAbertura: 12 de agosto, quarta-feira, \u00e0s 19h<br \/>\nVisita\u00e7\u00e3o: at\u00e9 13 de setembro, de ter\u00e7a a sexta, das 10h \u00e0s 19h; s\u00e1bado, das 10h \u00e0s 20h; e domingo, das 10h \u00e0s 18h<br \/>\nQuanto: Entrada franca<br \/>\nInforma\u00e7\u00f5es: 51 4009. 2971 e www.ecarta.org.br<\/p>\n","protected":false},"excerpt":{"rendered":"<p>Videoperformances em di\u00e1logo com a fotografia e o cinema. Assim \u00e9 a s\u00e9rie Filmes de Afogamento, exposi\u00e7\u00e3o de Luciano Scherer e Maira Flores que inaugura dia 12 de agosto na Galeria Ecarta (Av. Jo\u00e3o Pessoa, 943, Porto Alegre). A s\u00e9rie \u00e9 um trabalho em andamento, a ser continuado e desenvolvido em novas e diferentes paisagens. [&hellip;]<\/p>\n","protected":false},"author":4,"featured_media":23162,"comment_status":"open","ping_status":"closed","sticky":false,"template":"","format":"standard","meta":{"_jetpack_newsletter_access":"","_jetpack_dont_email_post_to_subs":false,"_jetpack_newsletter_tier_id":0,"_jetpack_memberships_contains_paywalled_content":false,"_jetpack_feature_clip_id":0,"_jetpack_memberships_contains_paid_content":false,"footnotes":"","jetpack_post_was_ever_published":false},"categories":[11],"tags":[],"class_list":["post-23161","post","type-post","status-publish","format-standard","has-post-thumbnail","hentry","category-materiasecundaria"],"aioseo_notices":[],"aioseo_head":"\n\t\t<!-- All in One SEO 5.0.1.1 - aioseo.com -->\n\t<meta name=\"robots\" content=\"max-image-preview:large\" \/>\n\t<meta name=\"author\" content=\"da Reda\u00e7\u00e3o\"\/>\n\t<link rel=\"canonical\" href=\"https:\/\/www.jornalja.com.br\/arquivo\/filmes-de-afogamento-entra-em-cartaz-na-galeria-ecarta-dia-12\/\" \/>\n\t<meta name=\"generator\" content=\"All in One SEO (AIOSEO) 5.0.1.1\" \/>\n\t\t<meta property=\"og:locale\" content=\"pt_BR\" \/>\n\t\t<meta property=\"og:site_name\" content=\"Arquivo | Jornal J\u00c1 | Porto Alegre\" \/>\n\t\t<meta property=\"og:type\" content=\"article\" \/>\n\t\t<meta property=\"og:title\" content=\"\u2018Filmes de Afogamento\u2019 estreia amanh\u00e3 na Galeria Ecarta | Arquivo\" \/>\n\t\t<meta property=\"og:url\" content=\"https:\/\/www.jornalja.com.br\/arquivo\/filmes-de-afogamento-entra-em-cartaz-na-galeria-ecarta-dia-12\/\" \/>\n\t\t<meta property=\"og:image\" content=\"https:\/\/jornalja.com.br\/wp-content\/uploads\/2015\/08\/Frame-s\u00e9rie-Filmes-de-Afogamento-3-300x169.jpg\" \/>\n\t\t<meta property=\"og:image:secure_url\" content=\"https:\/\/jornalja.com.br\/wp-content\/uploads\/2015\/08\/Frame-s\u00e9rie-Filmes-de-Afogamento-3-300x169.jpg\" \/>\n\t\t<meta property=\"article:published_time\" content=\"2015-08-11T10:34:52+00:00\" \/>\n\t\t<meta property=\"article:modified_time\" content=\"2015-08-11T10:34:52+00:00\" \/>\n\t\t<meta name=\"twitter:card\" content=\"summary\" \/>\n\t\t<meta name=\"twitter:title\" content=\"\u2018Filmes de Afogamento\u2019 estreia amanh\u00e3 na Galeria Ecarta | Arquivo\" \/>\n\t\t<meta name=\"twitter:image\" content=\"https:\/\/www.jornalja.com.br\/economics\/wp-content\/uploads\/sites\/11\/2026\/08\/ja-folhaderosto-facebook.jpg\" \/>\n\t\t<script type=\"application\/ld+json\" class=\"aioseo-schema\">\n\t\t\t{\"@context\":\"https:\\\/\\\/schema.org\",\"@graph\":[{\"@type\":\"BlogPosting\",\"@id\":\"https:\\\/\\\/www.jornalja.com.br\\\/arquivo\\\/filmes-de-afogamento-entra-em-cartaz-na-galeria-ecarta-dia-12\\\/#blogposting\",\"name\":\"\\u2018Filmes de Afogamento\\u2019 estreia amanh\\u00e3 na Galeria Ecarta | Arquivo\",\"headline\":\"\\u2018Filmes de Afogamento\\u2019 estreia amanh\\u00e3 na Galeria Ecarta\",\"author\":{\"@id\":\"https:\\\/\\\/www.jornalja.com.br\\\/arquivo\\\/author\\\/daredacao\\\/#author\"},\"publisher\":{\"@id\":\"https:\\\/\\\/www.jornalja.com.br\\\/arquivo\\\/#organization\"},\"image\":{\"@type\":\"ImageObject\",\"url\":23162},\"datePublished\":\"2015-08-11T07:34:52-03:00\",\"dateModified\":\"2015-08-11T07:34:52-03:00\",\"inLanguage\":\"pt-BR\",\"mainEntityOfPage\":{\"@id\":\"https:\\\/\\\/www.jornalja.com.br\\\/arquivo\\\/filmes-de-afogamento-entra-em-cartaz-na-galeria-ecarta-dia-12\\\/#webpage\"},\"isPartOf\":{\"@id\":\"https:\\\/\\\/www.jornalja.com.br\\\/arquivo\\\/filmes-de-afogamento-entra-em-cartaz-na-galeria-ecarta-dia-12\\\/#webpage\"},\"articleSection\":\"Cultura-Geral\"},{\"@type\":\"BreadcrumbList\",\"@id\":\"https:\\\/\\\/www.jornalja.com.br\\\/arquivo\\\/filmes-de-afogamento-entra-em-cartaz-na-galeria-ecarta-dia-12\\\/#breadcrumblist\",\"itemListElement\":[{\"@type\":\"ListItem\",\"@id\":\"https:\\\/\\\/www.jornalja.com.br\\\/arquivo#listItem\",\"position\":1,\"name\":\"Home\",\"item\":\"https:\\\/\\\/www.jornalja.com.br\\\/arquivo\",\"nextItem\":{\"@type\":\"ListItem\",\"@id\":\"https:\\\/\\\/www.jornalja.com.br\\\/arquivo\\\/category\\\/materiasecundaria\\\/#listItem\",\"name\":\"Cultura-Geral\"}},{\"@type\":\"ListItem\",\"@id\":\"https:\\\/\\\/www.jornalja.com.br\\\/arquivo\\\/category\\\/materiasecundaria\\\/#listItem\",\"position\":2,\"name\":\"Cultura-Geral\",\"item\":\"https:\\\/\\\/www.jornalja.com.br\\\/arquivo\\\/category\\\/materiasecundaria\\\/\",\"nextItem\":{\"@type\":\"ListItem\",\"@id\":\"https:\\\/\\\/www.jornalja.com.br\\\/arquivo\\\/filmes-de-afogamento-entra-em-cartaz-na-galeria-ecarta-dia-12\\\/#listItem\",\"name\":\"\\u2018Filmes de Afogamento\\u2019 estreia amanh\\u00e3 na Galeria Ecarta\"},\"previousItem\":{\"@type\":\"ListItem\",\"@id\":\"https:\\\/\\\/www.jornalja.com.br\\\/arquivo#listItem\",\"name\":\"Home\"}},{\"@type\":\"ListItem\",\"@id\":\"https:\\\/\\\/www.jornalja.com.br\\\/arquivo\\\/filmes-de-afogamento-entra-em-cartaz-na-galeria-ecarta-dia-12\\\/#listItem\",\"position\":3,\"name\":\"\\u2018Filmes de Afogamento\\u2019 estreia amanh\\u00e3 na Galeria Ecarta\",\"previousItem\":{\"@type\":\"ListItem\",\"@id\":\"https:\\\/\\\/www.jornalja.com.br\\\/arquivo\\\/category\\\/materiasecundaria\\\/#listItem\",\"name\":\"Cultura-Geral\"}}]},{\"@type\":\"Organization\",\"@id\":\"https:\\\/\\\/www.jornalja.com.br\\\/arquivo\\\/#organization\",\"name\":\"Jornal J\\u00c1\",\"description\":\"Jornal J\\u00c1 | Porto Alegre\",\"url\":\"https:\\\/\\\/www.jornalja.com.br\\\/arquivo\\\/\",\"telephone\":\"+555133307272\",\"logo\":{\"@type\":\"ImageObject\",\"url\":\"https:\\\/\\\/www.jornalja.com.br\\\/wp-content\\\/uploads\\\/cards\\\/JAslogan.png\",\"@id\":\"https:\\\/\\\/www.jornalja.com.br\\\/arquivo\\\/filmes-de-afogamento-entra-em-cartaz-na-galeria-ecarta-dia-12\\\/#organizationLogo\"},\"image\":{\"@id\":\"https:\\\/\\\/www.jornalja.com.br\\\/arquivo\\\/filmes-de-afogamento-entra-em-cartaz-na-galeria-ecarta-dia-12\\\/#organizationLogo\"}},{\"@type\":\"Person\",\"@id\":\"https:\\\/\\\/www.jornalja.com.br\\\/arquivo\\\/author\\\/daredacao\\\/#author\",\"url\":\"https:\\\/\\\/www.jornalja.com.br\\\/arquivo\\\/author\\\/daredacao\\\/\",\"name\":\"da Reda\\u00e7\\u00e3o\",\"image\":{\"@type\":\"ImageObject\",\"@id\":\"https:\\\/\\\/www.jornalja.com.br\\\/arquivo\\\/filmes-de-afogamento-entra-em-cartaz-na-galeria-ecarta-dia-12\\\/#authorImage\",\"url\":\"https:\\\/\\\/secure.gravatar.com\\\/avatar\\\/469fd857d6605ad19919d27ed29d35a968a25f6e8fd9318356bbb7f57aae9c65?s=96&d=mm&r=g\",\"width\":96,\"height\":96,\"caption\":\"da Reda\\u00e7\\u00e3o\"}},{\"@type\":\"WebPage\",\"@id\":\"https:\\\/\\\/www.jornalja.com.br\\\/arquivo\\\/filmes-de-afogamento-entra-em-cartaz-na-galeria-ecarta-dia-12\\\/#webpage\",\"url\":\"https:\\\/\\\/www.jornalja.com.br\\\/arquivo\\\/filmes-de-afogamento-entra-em-cartaz-na-galeria-ecarta-dia-12\\\/\",\"name\":\"\\u2018Filmes de Afogamento\\u2019 estreia amanh\\u00e3 na Galeria Ecarta | Arquivo\",\"inLanguage\":\"pt-BR\",\"isPartOf\":{\"@id\":\"https:\\\/\\\/www.jornalja.com.br\\\/arquivo\\\/#website\"},\"breadcrumb\":{\"@id\":\"https:\\\/\\\/www.jornalja.com.br\\\/arquivo\\\/filmes-de-afogamento-entra-em-cartaz-na-galeria-ecarta-dia-12\\\/#breadcrumblist\"},\"author\":{\"@id\":\"https:\\\/\\\/www.jornalja.com.br\\\/arquivo\\\/author\\\/daredacao\\\/#author\"},\"creator\":{\"@id\":\"https:\\\/\\\/www.jornalja.com.br\\\/arquivo\\\/author\\\/daredacao\\\/#author\"},\"image\":{\"@type\":\"ImageObject\",\"url\":23162,\"@id\":\"https:\\\/\\\/www.jornalja.com.br\\\/arquivo\\\/filmes-de-afogamento-entra-em-cartaz-na-galeria-ecarta-dia-12\\\/#mainImage\"},\"primaryImageOfPage\":{\"@id\":\"https:\\\/\\\/www.jornalja.com.br\\\/arquivo\\\/filmes-de-afogamento-entra-em-cartaz-na-galeria-ecarta-dia-12\\\/#mainImage\"},\"datePublished\":\"2015-08-11T07:34:52-03:00\",\"dateModified\":\"2015-08-11T07:34:52-03:00\"},{\"@type\":\"WebSite\",\"@id\":\"https:\\\/\\\/www.jornalja.com.br\\\/arquivo\\\/#website\",\"url\":\"https:\\\/\\\/www.jornalja.com.br\\\/arquivo\\\/\",\"name\":\"Arquivo\",\"description\":\"Jornal J\\u00c1 | Porto Alegre\",\"inLanguage\":\"pt-BR\",\"publisher\":{\"@id\":\"https:\\\/\\\/www.jornalja.com.br\\\/arquivo\\\/#organization\"}}]}\n\t\t<\/script>\n\t\t<!-- All in One SEO -->\n\n","aioseo_head_json":{"title":"\u2018Filmes de Afogamento\u2019 estreia amanh\u00e3 na Galeria Ecarta | Arquivo","description":"","canonical_url":"https:\/\/www.jornalja.com.br\/arquivo\/filmes-de-afogamento-entra-em-cartaz-na-galeria-ecarta-dia-12\/","robots":"max-image-preview:large","keywords":"","webmasterTools":{"miscellaneous":""},"schema":{"@context":"https:\/\/schema.org","@graph":[{"@type":"BlogPosting","@id":"https:\/\/www.jornalja.com.br\/arquivo\/filmes-de-afogamento-entra-em-cartaz-na-galeria-ecarta-dia-12\/#blogposting","name":"\u2018Filmes de Afogamento\u2019 estreia amanh\u00e3 na Galeria Ecarta | Arquivo","headline":"\u2018Filmes de Afogamento\u2019 estreia amanh\u00e3 na Galeria Ecarta","author":{"@id":"https:\/\/www.jornalja.com.br\/arquivo\/author\/daredacao\/#author"},"publisher":{"@id":"https:\/\/www.jornalja.com.br\/arquivo\/#organization"},"image":{"@type":"ImageObject","url":23162},"datePublished":"2015-08-11T07:34:52-03:00","dateModified":"2015-08-11T07:34:52-03:00","inLanguage":"pt-BR","mainEntityOfPage":{"@id":"https:\/\/www.jornalja.com.br\/arquivo\/filmes-de-afogamento-entra-em-cartaz-na-galeria-ecarta-dia-12\/#webpage"},"isPartOf":{"@id":"https:\/\/www.jornalja.com.br\/arquivo\/filmes-de-afogamento-entra-em-cartaz-na-galeria-ecarta-dia-12\/#webpage"},"articleSection":"Cultura-Geral"},{"@type":"BreadcrumbList","@id":"https:\/\/www.jornalja.com.br\/arquivo\/filmes-de-afogamento-entra-em-cartaz-na-galeria-ecarta-dia-12\/#breadcrumblist","itemListElement":[{"@type":"ListItem","@id":"https:\/\/www.jornalja.com.br\/arquivo#listItem","position":1,"name":"Home","item":"https:\/\/www.jornalja.com.br\/arquivo","nextItem":{"@type":"ListItem","@id":"https:\/\/www.jornalja.com.br\/arquivo\/category\/materiasecundaria\/#listItem","name":"Cultura-Geral"}},{"@type":"ListItem","@id":"https:\/\/www.jornalja.com.br\/arquivo\/category\/materiasecundaria\/#listItem","position":2,"name":"Cultura-Geral","item":"https:\/\/www.jornalja.com.br\/arquivo\/category\/materiasecundaria\/","nextItem":{"@type":"ListItem","@id":"https:\/\/www.jornalja.com.br\/arquivo\/filmes-de-afogamento-entra-em-cartaz-na-galeria-ecarta-dia-12\/#listItem","name":"\u2018Filmes de Afogamento\u2019 estreia amanh\u00e3 na Galeria Ecarta"},"previousItem":{"@type":"ListItem","@id":"https:\/\/www.jornalja.com.br\/arquivo#listItem","name":"Home"}},{"@type":"ListItem","@id":"https:\/\/www.jornalja.com.br\/arquivo\/filmes-de-afogamento-entra-em-cartaz-na-galeria-ecarta-dia-12\/#listItem","position":3,"name":"\u2018Filmes de Afogamento\u2019 estreia amanh\u00e3 na Galeria Ecarta","previousItem":{"@type":"ListItem","@id":"https:\/\/www.jornalja.com.br\/arquivo\/category\/materiasecundaria\/#listItem","name":"Cultura-Geral"}}]},{"@type":"Organization","@id":"https:\/\/www.jornalja.com.br\/arquivo\/#organization","name":"Jornal J\u00c1","description":"Jornal J\u00c1 | Porto Alegre","url":"https:\/\/www.jornalja.com.br\/arquivo\/","telephone":"+555133307272","logo":{"@type":"ImageObject","url":"https:\/\/www.jornalja.com.br\/wp-content\/uploads\/cards\/JAslogan.png","@id":"https:\/\/www.jornalja.com.br\/arquivo\/filmes-de-afogamento-entra-em-cartaz-na-galeria-ecarta-dia-12\/#organizationLogo"},"image":{"@id":"https:\/\/www.jornalja.com.br\/arquivo\/filmes-de-afogamento-entra-em-cartaz-na-galeria-ecarta-dia-12\/#organizationLogo"}},{"@type":"Person","@id":"https:\/\/www.jornalja.com.br\/arquivo\/author\/daredacao\/#author","url":"https:\/\/www.jornalja.com.br\/arquivo\/author\/daredacao\/","name":"da Reda\u00e7\u00e3o","image":{"@type":"ImageObject","@id":"https:\/\/www.jornalja.com.br\/arquivo\/filmes-de-afogamento-entra-em-cartaz-na-galeria-ecarta-dia-12\/#authorImage","url":"https:\/\/secure.gravatar.com\/avatar\/469fd857d6605ad19919d27ed29d35a968a25f6e8fd9318356bbb7f57aae9c65?s=96&d=mm&r=g","width":96,"height":96,"caption":"da Reda\u00e7\u00e3o"}},{"@type":"WebPage","@id":"https:\/\/www.jornalja.com.br\/arquivo\/filmes-de-afogamento-entra-em-cartaz-na-galeria-ecarta-dia-12\/#webpage","url":"https:\/\/www.jornalja.com.br\/arquivo\/filmes-de-afogamento-entra-em-cartaz-na-galeria-ecarta-dia-12\/","name":"\u2018Filmes de Afogamento\u2019 estreia amanh\u00e3 na Galeria Ecarta | Arquivo","inLanguage":"pt-BR","isPartOf":{"@id":"https:\/\/www.jornalja.com.br\/arquivo\/#website"},"breadcrumb":{"@id":"https:\/\/www.jornalja.com.br\/arquivo\/filmes-de-afogamento-entra-em-cartaz-na-galeria-ecarta-dia-12\/#breadcrumblist"},"author":{"@id":"https:\/\/www.jornalja.com.br\/arquivo\/author\/daredacao\/#author"},"creator":{"@id":"https:\/\/www.jornalja.com.br\/arquivo\/author\/daredacao\/#author"},"image":{"@type":"ImageObject","url":23162,"@id":"https:\/\/www.jornalja.com.br\/arquivo\/filmes-de-afogamento-entra-em-cartaz-na-galeria-ecarta-dia-12\/#mainImage"},"primaryImageOfPage":{"@id":"https:\/\/www.jornalja.com.br\/arquivo\/filmes-de-afogamento-entra-em-cartaz-na-galeria-ecarta-dia-12\/#mainImage"},"datePublished":"2015-08-11T07:34:52-03:00","dateModified":"2015-08-11T07:34:52-03:00"},{"@type":"WebSite","@id":"https:\/\/www.jornalja.com.br\/arquivo\/#website","url":"https:\/\/www.jornalja.com.br\/arquivo\/","name":"Arquivo","description":"Jornal J\u00c1 | Porto Alegre","inLanguage":"pt-BR","publisher":{"@id":"https:\/\/www.jornalja.com.br\/arquivo\/#organization"}}]},"og:locale":"pt_BR","og:site_name":"Arquivo | Jornal J\u00c1 | Porto Alegre","og:type":"article","og:title":"\u2018Filmes de Afogamento\u2019 estreia amanh\u00e3 na Galeria Ecarta | Arquivo","og:url":"https:\/\/www.jornalja.com.br\/arquivo\/filmes-de-afogamento-entra-em-cartaz-na-galeria-ecarta-dia-12\/","og:image":"https:\/\/jornalja.com.br\/wp-content\/uploads\/2015\/08\/Frame-s\u00e9rie-Filmes-de-Afogamento-3-300x169.jpg","og:image:secure_url":"https:\/\/jornalja.com.br\/wp-content\/uploads\/2015\/08\/Frame-s\u00e9rie-Filmes-de-Afogamento-3-300x169.jpg","article:published_time":"2015-08-11T10:34:52+00:00","article:modified_time":"2015-08-11T10:34:52+00:00","twitter:card":"summary","twitter:title":"\u2018Filmes de Afogamento\u2019 estreia amanh\u00e3 na Galeria Ecarta | Arquivo","twitter:image":"https:\/\/www.jornalja.com.br\/economics\/wp-content\/uploads\/sites\/11\/2026\/08\/ja-folhaderosto-facebook.jpg"},"aioseo_meta_data":{"post_id":"23161","title":null,"description":null,"keywords":null,"keyphrases":null,"primary_term":null,"canonical_url":null,"og_title":null,"og_description":null,"og_object_type":"default","og_image_type":"default","og_image_url":null,"og_image_width":null,"og_image_height":null,"og_image_custom_url":null,"og_image_custom_fields":null,"og_video":null,"og_custom_url":null,"og_article_section":null,"og_article_tags":null,"twitter_use_og":false,"twitter_card":"default","twitter_image_type":"default","twitter_image_url":null,"twitter_image_custom_url":null,"twitter_image_custom_fields":null,"twitter_title":null,"twitter_description":null,"schema":{"blockGraphs":[],"customGraphs":[],"default":{"data":{"Article":[],"Course":[],"Dataset":[],"FAQPage":[],"Movie":[],"Person":[],"Product":[],"ProductReview":[],"Car":[],"Recipe":[],"Service":[],"SoftwareApplication":[],"WebPage":[]},"graphName":"","isEnabled":true},"graphs":[],"defaultGraph":"","defaultPostTypeGraph":""},"schema_type":null,"schema_type_options":null,"pillar_content":false,"robots_default":true,"robots_noindex":false,"robots_noarchive":false,"robots_nosnippet":false,"robots_nofollow":false,"robots_noimageindex":false,"robots_noodp":false,"robots_notranslate":false,"robots_max_snippet":null,"robots_max_videopreview":null,"robots_max_imagepreview":"large","priority":null,"frequency":null,"location":null,"local_seo":null,"breadcrumb_settings":null,"limit_modified_date":false,"ai":null,"created":"2020-12-20 21:07:39","updated":"2025-07-19 09:09:32","seo_analyzer_scan_date":null,"focus_keyword":null,"additional_keywords":null,"truseo_locale":null},"jetpack_sharing_enabled":true,"jetpack-related-posts":[{"id":13124,"url":"https:\/\/www.jornalja.com.br\/arquivo\/sangue-latino-no-iecine\/","url_meta":{"origin":23161,"position":0},"title":"Sangue latino no IECINE","author":"da Reda\u00e7\u00e3o","date":"18 de maio de 2014","format":false,"excerpt":"Francisco Ribeiro O Instituto Estadual de Cinema (IECINE) tem a frente, desde abril \u00faltimo, um novo diretor, o cineasta colombiano Juan Zapata, 36, que substitui Luiz Alberto Cassol. Radicado h\u00e1 dez anos em Porto Alegre, Zapata tem diante de si o desafio de conduzir at\u00e9 o final do ano um\u2026","rel":"","context":"Em &quot;Cultura-Geral&quot;","block_context":{"text":"Cultura-Geral","link":"https:\/\/www.jornalja.com.br\/arquivo\/category\/materiasecundaria\/"},"img":{"alt_text":"","src":"","width":0,"height":0},"classes":[]},{"id":14241,"url":"https:\/\/www.jornalja.com.br\/arquivo\/o-guaiba-nas-imagens-poeticas-de-achutti\/","url_meta":{"origin":23161,"position":1},"title":"O Gua\u00edba nas imagens po\u00e9ticas de Achutti","author":"da Reda\u00e7\u00e3o","date":"18 de junho de 2014","format":false,"excerpt":"Em \u201cO Gua\u00edba por Achutti\u201d \u2013 obra financiada via Minist\u00e9rio da Cultura, produ\u00e7\u00e3o executiva de Pedro Longhi, e Fl\u00e1vio Wild como designer \u2013, o fot\u00f3grafo revela a beleza e as mazelas de um espa\u00e7o aqu\u00e1tico de \u00e1guas sempre renovadas, cheio de hist\u00f3rias e lendas como as das cidades que foram\u2026","rel":"","context":"Em &quot;Cultura-Geral&quot;","block_context":{"text":"Cultura-Geral","link":"https:\/\/www.jornalja.com.br\/arquivo\/category\/materiasecundaria\/"},"img":{"alt_text":"","src":"","width":0,"height":0},"classes":[]},{"id":5440,"url":"https:\/\/www.jornalja.com.br\/arquivo\/casarao-da-venancio-destino-permanece-incerto\/","url_meta":{"origin":23161,"position":2},"title":"Estado ainda n\u00e3o sabe o que fazer com casar\u00e3o abandonado h\u00e1 20 anos","author":"Elmar Bones","date":"6 de julho de 2009","format":false,"excerpt":"O casar\u00e3o amarelo, numa esquina nobre de Porto Alegre (Ven\u00e2ncio Aires com Jo\u00e3o Pessoa), j\u00e1 abrigou uma escola. H\u00e1 duas d\u00e9cadas, pelo menos, est\u00e1 abandonado, porque seu propriet\u00e1rio, o governo do Estado do Rio Grande do Sul, n\u00e3o consegue achar um destino para ele. Planos n\u00e3o faltaram. O governador Ol\u00edvio\u2026","rel":"","context":"Em &quot;X.Categorias velhas&quot;","block_context":{"text":"X.Categorias velhas","link":"https:\/\/www.jornalja.com.br\/arquivo\/category\/x-categorias-velhas\/"},"img":{"alt_text":"geraldo1","src":"https:\/\/i0.wp.com\/www.jornalja.com.br\/wp-content\/uploads\/2009\/07\/geraldo1.jpg?resize=350%2C200&ssl=1","width":350,"height":200},"classes":[]},{"id":13101,"url":"https:\/\/www.jornalja.com.br\/arquivo\/morre-um-guerreiro-do-texto\/","url_meta":{"origin":23161,"position":3},"title":"Morre um guerreiro do texto","author":"Patr\u00edcia Marini","date":"14 de maio de 2014","format":false,"excerpt":"Por Ricardo Kotscho Reproduzido do blog do autor, 11\/5\/2014; t\u00edtulo original \u201cE l\u00e1 se foi o nosso Myltainho, guerreiro do texto\u201d. Mi\u00fado e franzino, meu amigo Myltainho era um valente e inconformado guerreiro na luta contra as injusti\u00e7as sociais, a hipocrisia, as maracutaias, o autoritarismo, a intoler\u00e2ncia, a viol\u00eancia, o\u2026","rel":"","context":"Em &quot;Geral&quot;","block_context":{"text":"Geral","link":"https:\/\/www.jornalja.com.br\/arquivo\/category\/geral\/"},"img":{"alt_text":"","src":"","width":0,"height":0},"classes":[]}],"jetpack_shortlink":"https:\/\/wp.me\/pbQjBd-61z","jetpack_featured_media_url":"","_links":{"self":[{"href":"https:\/\/www.jornalja.com.br\/arquivo\/wp-json\/wp\/v2\/posts\/23161","targetHints":{"allow":["GET"]}}],"collection":[{"href":"https:\/\/www.jornalja.com.br\/arquivo\/wp-json\/wp\/v2\/posts"}],"about":[{"href":"https:\/\/www.jornalja.com.br\/arquivo\/wp-json\/wp\/v2\/types\/post"}],"author":[{"embeddable":true,"href":"https:\/\/www.jornalja.com.br\/arquivo\/wp-json\/wp\/v2\/users\/4"}],"replies":[{"embeddable":true,"href":"https:\/\/www.jornalja.com.br\/arquivo\/wp-json\/wp\/v2\/comments?post=23161"}],"version-history":[{"count":0,"href":"https:\/\/www.jornalja.com.br\/arquivo\/wp-json\/wp\/v2\/posts\/23161\/revisions"}],"wp:attachment":[{"href":"https:\/\/www.jornalja.com.br\/arquivo\/wp-json\/wp\/v2\/media?parent=23161"}],"wp:term":[{"taxonomy":"category","embeddable":true,"href":"https:\/\/www.jornalja.com.br\/arquivo\/wp-json\/wp\/v2\/categories?post=23161"},{"taxonomy":"post_tag","embeddable":true,"href":"https:\/\/www.jornalja.com.br\/arquivo\/wp-json\/wp\/v2\/tags?post=23161"}],"curies":[{"name":"wp","href":"https:\/\/api.w.org\/{rel}","templated":true}]}}