{"id":23656,"date":"2015-08-17T13:11:36","date_gmt":"2015-08-17T16:11:36","guid":{"rendered":"https:\/\/jornalja.com.br\/?p=23656"},"modified":"2015-08-17T13:11:36","modified_gmt":"2015-08-17T16:11:36","slug":"brasileira-de-92-anos-recebera-o-principal-premio-de-agricultura-organica-mundial","status":"publish","type":"post","link":"https:\/\/www.jornalja.com.br\/arquivo\/brasileira-de-92-anos-recebera-o-principal-premio-de-agricultura-organica-mundial\/","title":{"rendered":"Brasileira de 92 anos receber\u00e1 o principal pr\u00eamio de agricultura org\u00e2nica mundial"},"content":{"rendered":"<p><a href=\"http:\/\/www.contioutra.com\/brasileira-de-92-anos-recebera-o-principal-premio-de-agricultura-organica-mundial\/\">CONTI outra\u00a0<\/a><br \/>\nUma das pioneiras do movimento org\u00e2nico no Brasil, a austr\u00edaca naturalizada brasileira foi escolhida pelo grande impulso que deu aos movimentos agroecol\u00f3gicos n\u00e3o s\u00f3 no Brasil, como na Am\u00e9rica Latina, contribuindo, segundo os organizadores, para moldar um paradigma alternativo \u00e0 agricultura industrial.<br \/>\nDepois de 65 anos na luta pela sa\u00fade dos solos, a engenheira agr\u00f4noma\u00a0Ana Primavesi, de 92 anos, receber\u00e1 o One World Award \u2013 o principal t\u00edtulo de agricultura org\u00e2nica mundial. Conferido pela International Federation of Organic Agriculture Movements (Ifoam), o pr\u00eamio honra ativistas cujo trabalho tenha impactado positivamente a vida de produtores rurais, sobretudo os mais desfavorecidos. Neste ano, a cerim\u00f4nia ser\u00e1 realizada em setembro, na Alemanha.<br \/>\n(<a href=\"http:\/\/www.youtube.com\/watch?v=DiYO6ueyyDk\">Depoimento da Dra. Ana Primavesi, s\u00f3cia n\u00famero 1 da AAO &#8211; Associa\u00e7\u00e3o de Agricultura Org\u00e2nica, homenageada em Ato Solene na Assembl\u00e9ia Legislativa de S\u00e3o Paulo<\/a>)<br \/>\nAna dedicou a sua vida a ensinar como \u00e9 poss\u00edvel aliar a produ\u00e7\u00e3o de alimentos \u00e0 conserva\u00e7\u00e3o do meio ambiente, nunca se esquecendo do pequeno produtor e das suas necessidades. \u201cO segredo da vida \u00e9 o solo, porque do solo dependem as plantas, a \u00e1gua, o clima e nossa vida. Tudo est\u00e1 interligado. N\u00e3o existe ser humano sadio se o solo n\u00e3o for sadio e as plantas, nutridas\u201d, disse em entrevista ao jornal O Estado de S. Paulo.<br \/>\nEm 65 anos de trabalho, Ana n\u00e3o somente revolucionou a produ\u00e7\u00e3o agr\u00edcola, mas tamb\u00e9m mudou a vida de muita gente para melhor. Por isso esse pr\u00eamio \u00e9 mais que merecido. Se voc\u00ea quer se familiarizar um pouco mais com o trabalho desta agr\u00f4noma espetacular, vale a pena ler o livro Manejo Ecol\u00f3gico do Solo \u2013 escrito por ela e considerado uma das b\u00edblias da produ\u00e7\u00e3o org\u00e2nica e leitura obrigat\u00f3ria nas faculdades de Agronomia do pa\u00eds \u2013 ou assistir o <a href=\"http:\/\/www.youtube.com\/watch?v=8-_2XTp9Z-w\">document\u00e1rio\u00a0O Veneno Est\u00e1 Na Mesa<\/a>,\u00a0com falas de Eduardo Galeano.<\/p>\n","protected":false},"excerpt":{"rendered":"<p>CONTI outra\u00a0 Uma das pioneiras do movimento org\u00e2nico no Brasil, a austr\u00edaca naturalizada brasileira foi escolhida pelo grande impulso que deu aos movimentos agroecol\u00f3gicos n\u00e3o s\u00f3 no Brasil, como na Am\u00e9rica Latina, contribuindo, segundo os organizadores, para moldar um paradigma alternativo \u00e0 agricultura industrial. Depois de 65 anos na luta pela sa\u00fade dos solos, a [&hellip;]<\/p>\n","protected":false},"author":4,"featured_media":23659,"comment_status":"open","ping_status":"closed","sticky":false,"template":"","format":"standard","meta":{"_jetpack_newsletter_access":"","_jetpack_dont_email_post_to_subs":false,"_jetpack_newsletter_tier_id":0,"_jetpack_memberships_contains_paywalled_content":false,"_jetpack_feature_clip_id":0,"_jetpack_memberships_contains_paid_content":false,"footnotes":"","jetpack_post_was_ever_published":false},"categories":[2],"tags":[],"class_list":["post-23656","post","type-post","status-publish","format-standard","has-post-thumbnail","hentry","category-x-categorias-velhas"],"aioseo_notices":[],"aioseo_head":"\n\t\t<!-- All in One SEO 5.0.1.1 - aioseo.com -->\n\t<meta name=\"robots\" content=\"max-image-preview:large\" \/>\n\t<meta name=\"author\" content=\"da Reda\u00e7\u00e3o\"\/>\n\t<link rel=\"canonical\" href=\"https:\/\/www.jornalja.com.br\/arquivo\/brasileira-de-92-anos-recebera-o-principal-premio-de-agricultura-organica-mundial\/\" \/>\n\t<meta name=\"generator\" content=\"All in One SEO (AIOSEO) 5.0.1.1\" \/>\n\t\t<meta property=\"og:locale\" content=\"pt_BR\" \/>\n\t\t<meta property=\"og:site_name\" content=\"Arquivo | Jornal J\u00c1 | Porto Alegre\" \/>\n\t\t<meta property=\"og:type\" content=\"article\" \/>\n\t\t<meta property=\"og:title\" content=\"Brasileira de 92 anos receber\u00e1 o principal pr\u00eamio de agricultura org\u00e2nica mundial | Arquivo\" \/>\n\t\t<meta property=\"og:url\" content=\"https:\/\/www.jornalja.com.br\/arquivo\/brasileira-de-92-anos-recebera-o-principal-premio-de-agricultura-organica-mundial\/\" \/>\n\t\t<meta property=\"og:image\" content=\"https:\/\/www.jornalja.com.br\/economics\/wp-content\/uploads\/sites\/11\/2026\/08\/ja-folhaderosto-facebook.jpg\" \/>\n\t\t<meta property=\"og:image:secure_url\" content=\"https:\/\/www.jornalja.com.br\/economics\/wp-content\/uploads\/sites\/11\/2026\/08\/ja-folhaderosto-facebook.jpg\" \/>\n\t\t<meta property=\"article:published_time\" content=\"2015-08-17T16:11:36+00:00\" \/>\n\t\t<meta property=\"article:modified_time\" content=\"2015-08-17T16:11:36+00:00\" \/>\n\t\t<meta name=\"twitter:card\" content=\"summary\" \/>\n\t\t<meta name=\"twitter:title\" content=\"Brasileira de 92 anos receber\u00e1 o principal pr\u00eamio de agricultura org\u00e2nica mundial | Arquivo\" \/>\n\t\t<meta name=\"twitter:image\" content=\"https:\/\/www.jornalja.com.br\/economics\/wp-content\/uploads\/sites\/11\/2026\/08\/ja-folhaderosto-facebook.jpg\" \/>\n\t\t<script type=\"application\/ld+json\" class=\"aioseo-schema\">\n\t\t\t{\"@context\":\"https:\\\/\\\/schema.org\",\"@graph\":[{\"@type\":\"BlogPosting\",\"@id\":\"https:\\\/\\\/www.jornalja.com.br\\\/arquivo\\\/brasileira-de-92-anos-recebera-o-principal-premio-de-agricultura-organica-mundial\\\/#blogposting\",\"name\":\"Brasileira de 92 anos receber\\u00e1 o principal pr\\u00eamio de agricultura org\\u00e2nica mundial | Arquivo\",\"headline\":\"Brasileira de 92 anos receber\\u00e1 o principal pr\\u00eamio de agricultura org\\u00e2nica mundial\",\"author\":{\"@id\":\"https:\\\/\\\/www.jornalja.com.br\\\/arquivo\\\/author\\\/daredacao\\\/#author\"},\"publisher\":{\"@id\":\"https:\\\/\\\/www.jornalja.com.br\\\/arquivo\\\/#organization\"},\"image\":{\"@type\":\"ImageObject\",\"url\":23659},\"datePublished\":\"2015-08-17T13:11:36-03:00\",\"dateModified\":\"2015-08-17T13:11:36-03:00\",\"inLanguage\":\"pt-BR\",\"mainEntityOfPage\":{\"@id\":\"https:\\\/\\\/www.jornalja.com.br\\\/arquivo\\\/brasileira-de-92-anos-recebera-o-principal-premio-de-agricultura-organica-mundial\\\/#webpage\"},\"isPartOf\":{\"@id\":\"https:\\\/\\\/www.jornalja.com.br\\\/arquivo\\\/brasileira-de-92-anos-recebera-o-principal-premio-de-agricultura-organica-mundial\\\/#webpage\"},\"articleSection\":\"X.Categorias velhas\"},{\"@type\":\"BreadcrumbList\",\"@id\":\"https:\\\/\\\/www.jornalja.com.br\\\/arquivo\\\/brasileira-de-92-anos-recebera-o-principal-premio-de-agricultura-organica-mundial\\\/#breadcrumblist\",\"itemListElement\":[{\"@type\":\"ListItem\",\"@id\":\"https:\\\/\\\/www.jornalja.com.br\\\/arquivo#listItem\",\"position\":1,\"name\":\"Home\",\"item\":\"https:\\\/\\\/www.jornalja.com.br\\\/arquivo\",\"nextItem\":{\"@type\":\"ListItem\",\"@id\":\"https:\\\/\\\/www.jornalja.com.br\\\/arquivo\\\/category\\\/x-categorias-velhas\\\/#listItem\",\"name\":\"X.Categorias velhas\"}},{\"@type\":\"ListItem\",\"@id\":\"https:\\\/\\\/www.jornalja.com.br\\\/arquivo\\\/category\\\/x-categorias-velhas\\\/#listItem\",\"position\":2,\"name\":\"X.Categorias velhas\",\"item\":\"https:\\\/\\\/www.jornalja.com.br\\\/arquivo\\\/category\\\/x-categorias-velhas\\\/\",\"nextItem\":{\"@type\":\"ListItem\",\"@id\":\"https:\\\/\\\/www.jornalja.com.br\\\/arquivo\\\/brasileira-de-92-anos-recebera-o-principal-premio-de-agricultura-organica-mundial\\\/#listItem\",\"name\":\"Brasileira de 92 anos receber\\u00e1 o principal pr\\u00eamio de agricultura org\\u00e2nica mundial\"},\"previousItem\":{\"@type\":\"ListItem\",\"@id\":\"https:\\\/\\\/www.jornalja.com.br\\\/arquivo#listItem\",\"name\":\"Home\"}},{\"@type\":\"ListItem\",\"@id\":\"https:\\\/\\\/www.jornalja.com.br\\\/arquivo\\\/brasileira-de-92-anos-recebera-o-principal-premio-de-agricultura-organica-mundial\\\/#listItem\",\"position\":3,\"name\":\"Brasileira de 92 anos receber\\u00e1 o principal pr\\u00eamio de agricultura org\\u00e2nica mundial\",\"previousItem\":{\"@type\":\"ListItem\",\"@id\":\"https:\\\/\\\/www.jornalja.com.br\\\/arquivo\\\/category\\\/x-categorias-velhas\\\/#listItem\",\"name\":\"X.Categorias velhas\"}}]},{\"@type\":\"Organization\",\"@id\":\"https:\\\/\\\/www.jornalja.com.br\\\/arquivo\\\/#organization\",\"name\":\"Jornal J\\u00c1\",\"description\":\"Jornal J\\u00c1 | Porto Alegre\",\"url\":\"https:\\\/\\\/www.jornalja.com.br\\\/arquivo\\\/\",\"telephone\":\"+555133307272\",\"logo\":{\"@type\":\"ImageObject\",\"url\":\"https:\\\/\\\/www.jornalja.com.br\\\/wp-content\\\/uploads\\\/cards\\\/JAslogan.png\",\"@id\":\"https:\\\/\\\/www.jornalja.com.br\\\/arquivo\\\/brasileira-de-92-anos-recebera-o-principal-premio-de-agricultura-organica-mundial\\\/#organizationLogo\"},\"image\":{\"@id\":\"https:\\\/\\\/www.jornalja.com.br\\\/arquivo\\\/brasileira-de-92-anos-recebera-o-principal-premio-de-agricultura-organica-mundial\\\/#organizationLogo\"}},{\"@type\":\"Person\",\"@id\":\"https:\\\/\\\/www.jornalja.com.br\\\/arquivo\\\/author\\\/daredacao\\\/#author\",\"url\":\"https:\\\/\\\/www.jornalja.com.br\\\/arquivo\\\/author\\\/daredacao\\\/\",\"name\":\"da Reda\\u00e7\\u00e3o\",\"image\":{\"@type\":\"ImageObject\",\"@id\":\"https:\\\/\\\/www.jornalja.com.br\\\/arquivo\\\/brasileira-de-92-anos-recebera-o-principal-premio-de-agricultura-organica-mundial\\\/#authorImage\",\"url\":\"https:\\\/\\\/secure.gravatar.com\\\/avatar\\\/469fd857d6605ad19919d27ed29d35a968a25f6e8fd9318356bbb7f57aae9c65?s=96&d=mm&r=g\",\"width\":96,\"height\":96,\"caption\":\"da Reda\\u00e7\\u00e3o\"}},{\"@type\":\"WebPage\",\"@id\":\"https:\\\/\\\/www.jornalja.com.br\\\/arquivo\\\/brasileira-de-92-anos-recebera-o-principal-premio-de-agricultura-organica-mundial\\\/#webpage\",\"url\":\"https:\\\/\\\/www.jornalja.com.br\\\/arquivo\\\/brasileira-de-92-anos-recebera-o-principal-premio-de-agricultura-organica-mundial\\\/\",\"name\":\"Brasileira de 92 anos receber\\u00e1 o principal pr\\u00eamio de agricultura org\\u00e2nica mundial | Arquivo\",\"inLanguage\":\"pt-BR\",\"isPartOf\":{\"@id\":\"https:\\\/\\\/www.jornalja.com.br\\\/arquivo\\\/#website\"},\"breadcrumb\":{\"@id\":\"https:\\\/\\\/www.jornalja.com.br\\\/arquivo\\\/brasileira-de-92-anos-recebera-o-principal-premio-de-agricultura-organica-mundial\\\/#breadcrumblist\"},\"author\":{\"@id\":\"https:\\\/\\\/www.jornalja.com.br\\\/arquivo\\\/author\\\/daredacao\\\/#author\"},\"creator\":{\"@id\":\"https:\\\/\\\/www.jornalja.com.br\\\/arquivo\\\/author\\\/daredacao\\\/#author\"},\"image\":{\"@type\":\"ImageObject\",\"url\":23659,\"@id\":\"https:\\\/\\\/www.jornalja.com.br\\\/arquivo\\\/brasileira-de-92-anos-recebera-o-principal-premio-de-agricultura-organica-mundial\\\/#mainImage\"},\"primaryImageOfPage\":{\"@id\":\"https:\\\/\\\/www.jornalja.com.br\\\/arquivo\\\/brasileira-de-92-anos-recebera-o-principal-premio-de-agricultura-organica-mundial\\\/#mainImage\"},\"datePublished\":\"2015-08-17T13:11:36-03:00\",\"dateModified\":\"2015-08-17T13:11:36-03:00\"},{\"@type\":\"WebSite\",\"@id\":\"https:\\\/\\\/www.jornalja.com.br\\\/arquivo\\\/#website\",\"url\":\"https:\\\/\\\/www.jornalja.com.br\\\/arquivo\\\/\",\"name\":\"Arquivo\",\"description\":\"Jornal J\\u00c1 | Porto Alegre\",\"inLanguage\":\"pt-BR\",\"publisher\":{\"@id\":\"https:\\\/\\\/www.jornalja.com.br\\\/arquivo\\\/#organization\"}}]}\n\t\t<\/script>\n\t\t<!-- All in One SEO -->\n\n","aioseo_head_json":{"title":"Brasileira de 92 anos receber\u00e1 o principal pr\u00eamio de agricultura org\u00e2nica mundial | Arquivo","description":"","canonical_url":"https:\/\/www.jornalja.com.br\/arquivo\/brasileira-de-92-anos-recebera-o-principal-premio-de-agricultura-organica-mundial\/","robots":"max-image-preview:large","keywords":"","webmasterTools":{"miscellaneous":""},"schema":{"@context":"https:\/\/schema.org","@graph":[{"@type":"BlogPosting","@id":"https:\/\/www.jornalja.com.br\/arquivo\/brasileira-de-92-anos-recebera-o-principal-premio-de-agricultura-organica-mundial\/#blogposting","name":"Brasileira de 92 anos receber\u00e1 o principal pr\u00eamio de agricultura org\u00e2nica mundial | Arquivo","headline":"Brasileira de 92 anos receber\u00e1 o principal pr\u00eamio de agricultura org\u00e2nica mundial","author":{"@id":"https:\/\/www.jornalja.com.br\/arquivo\/author\/daredacao\/#author"},"publisher":{"@id":"https:\/\/www.jornalja.com.br\/arquivo\/#organization"},"image":{"@type":"ImageObject","url":23659},"datePublished":"2015-08-17T13:11:36-03:00","dateModified":"2015-08-17T13:11:36-03:00","inLanguage":"pt-BR","mainEntityOfPage":{"@id":"https:\/\/www.jornalja.com.br\/arquivo\/brasileira-de-92-anos-recebera-o-principal-premio-de-agricultura-organica-mundial\/#webpage"},"isPartOf":{"@id":"https:\/\/www.jornalja.com.br\/arquivo\/brasileira-de-92-anos-recebera-o-principal-premio-de-agricultura-organica-mundial\/#webpage"},"articleSection":"X.Categorias velhas"},{"@type":"BreadcrumbList","@id":"https:\/\/www.jornalja.com.br\/arquivo\/brasileira-de-92-anos-recebera-o-principal-premio-de-agricultura-organica-mundial\/#breadcrumblist","itemListElement":[{"@type":"ListItem","@id":"https:\/\/www.jornalja.com.br\/arquivo#listItem","position":1,"name":"Home","item":"https:\/\/www.jornalja.com.br\/arquivo","nextItem":{"@type":"ListItem","@id":"https:\/\/www.jornalja.com.br\/arquivo\/category\/x-categorias-velhas\/#listItem","name":"X.Categorias velhas"}},{"@type":"ListItem","@id":"https:\/\/www.jornalja.com.br\/arquivo\/category\/x-categorias-velhas\/#listItem","position":2,"name":"X.Categorias velhas","item":"https:\/\/www.jornalja.com.br\/arquivo\/category\/x-categorias-velhas\/","nextItem":{"@type":"ListItem","@id":"https:\/\/www.jornalja.com.br\/arquivo\/brasileira-de-92-anos-recebera-o-principal-premio-de-agricultura-organica-mundial\/#listItem","name":"Brasileira de 92 anos receber\u00e1 o principal pr\u00eamio de agricultura org\u00e2nica mundial"},"previousItem":{"@type":"ListItem","@id":"https:\/\/www.jornalja.com.br\/arquivo#listItem","name":"Home"}},{"@type":"ListItem","@id":"https:\/\/www.jornalja.com.br\/arquivo\/brasileira-de-92-anos-recebera-o-principal-premio-de-agricultura-organica-mundial\/#listItem","position":3,"name":"Brasileira de 92 anos receber\u00e1 o principal pr\u00eamio de agricultura org\u00e2nica mundial","previousItem":{"@type":"ListItem","@id":"https:\/\/www.jornalja.com.br\/arquivo\/category\/x-categorias-velhas\/#listItem","name":"X.Categorias velhas"}}]},{"@type":"Organization","@id":"https:\/\/www.jornalja.com.br\/arquivo\/#organization","name":"Jornal J\u00c1","description":"Jornal J\u00c1 | Porto Alegre","url":"https:\/\/www.jornalja.com.br\/arquivo\/","telephone":"+555133307272","logo":{"@type":"ImageObject","url":"https:\/\/www.jornalja.com.br\/wp-content\/uploads\/cards\/JAslogan.png","@id":"https:\/\/www.jornalja.com.br\/arquivo\/brasileira-de-92-anos-recebera-o-principal-premio-de-agricultura-organica-mundial\/#organizationLogo"},"image":{"@id":"https:\/\/www.jornalja.com.br\/arquivo\/brasileira-de-92-anos-recebera-o-principal-premio-de-agricultura-organica-mundial\/#organizationLogo"}},{"@type":"Person","@id":"https:\/\/www.jornalja.com.br\/arquivo\/author\/daredacao\/#author","url":"https:\/\/www.jornalja.com.br\/arquivo\/author\/daredacao\/","name":"da Reda\u00e7\u00e3o","image":{"@type":"ImageObject","@id":"https:\/\/www.jornalja.com.br\/arquivo\/brasileira-de-92-anos-recebera-o-principal-premio-de-agricultura-organica-mundial\/#authorImage","url":"https:\/\/secure.gravatar.com\/avatar\/469fd857d6605ad19919d27ed29d35a968a25f6e8fd9318356bbb7f57aae9c65?s=96&d=mm&r=g","width":96,"height":96,"caption":"da Reda\u00e7\u00e3o"}},{"@type":"WebPage","@id":"https:\/\/www.jornalja.com.br\/arquivo\/brasileira-de-92-anos-recebera-o-principal-premio-de-agricultura-organica-mundial\/#webpage","url":"https:\/\/www.jornalja.com.br\/arquivo\/brasileira-de-92-anos-recebera-o-principal-premio-de-agricultura-organica-mundial\/","name":"Brasileira de 92 anos receber\u00e1 o principal pr\u00eamio de agricultura org\u00e2nica mundial | Arquivo","inLanguage":"pt-BR","isPartOf":{"@id":"https:\/\/www.jornalja.com.br\/arquivo\/#website"},"breadcrumb":{"@id":"https:\/\/www.jornalja.com.br\/arquivo\/brasileira-de-92-anos-recebera-o-principal-premio-de-agricultura-organica-mundial\/#breadcrumblist"},"author":{"@id":"https:\/\/www.jornalja.com.br\/arquivo\/author\/daredacao\/#author"},"creator":{"@id":"https:\/\/www.jornalja.com.br\/arquivo\/author\/daredacao\/#author"},"image":{"@type":"ImageObject","url":23659,"@id":"https:\/\/www.jornalja.com.br\/arquivo\/brasileira-de-92-anos-recebera-o-principal-premio-de-agricultura-organica-mundial\/#mainImage"},"primaryImageOfPage":{"@id":"https:\/\/www.jornalja.com.br\/arquivo\/brasileira-de-92-anos-recebera-o-principal-premio-de-agricultura-organica-mundial\/#mainImage"},"datePublished":"2015-08-17T13:11:36-03:00","dateModified":"2015-08-17T13:11:36-03:00"},{"@type":"WebSite","@id":"https:\/\/www.jornalja.com.br\/arquivo\/#website","url":"https:\/\/www.jornalja.com.br\/arquivo\/","name":"Arquivo","description":"Jornal J\u00c1 | Porto Alegre","inLanguage":"pt-BR","publisher":{"@id":"https:\/\/www.jornalja.com.br\/arquivo\/#organization"}}]},"og:locale":"pt_BR","og:site_name":"Arquivo | Jornal J\u00c1 | Porto Alegre","og:type":"article","og:title":"Brasileira de 92 anos receber\u00e1 o principal pr\u00eamio de agricultura org\u00e2nica mundial | Arquivo","og:url":"https:\/\/www.jornalja.com.br\/arquivo\/brasileira-de-92-anos-recebera-o-principal-premio-de-agricultura-organica-mundial\/","og:image":"https:\/\/www.jornalja.com.br\/economics\/wp-content\/uploads\/sites\/11\/2026\/08\/ja-folhaderosto-facebook.jpg","og:image:secure_url":"https:\/\/www.jornalja.com.br\/economics\/wp-content\/uploads\/sites\/11\/2026\/08\/ja-folhaderosto-facebook.jpg","article:published_time":"2015-08-17T16:11:36+00:00","article:modified_time":"2015-08-17T16:11:36+00:00","twitter:card":"summary","twitter:title":"Brasileira de 92 anos receber\u00e1 o principal pr\u00eamio de agricultura org\u00e2nica mundial | Arquivo","twitter:image":"https:\/\/www.jornalja.com.br\/economics\/wp-content\/uploads\/sites\/11\/2026\/08\/ja-folhaderosto-facebook.jpg"},"aioseo_meta_data":{"post_id":"23656","title":null,"description":null,"keywords":null,"keyphrases":null,"primary_term":null,"canonical_url":null,"og_title":null,"og_description":null,"og_object_type":"default","og_image_type":"default","og_image_url":null,"og_image_width":null,"og_image_height":null,"og_image_custom_url":null,"og_image_custom_fields":null,"og_video":null,"og_custom_url":null,"og_article_section":null,"og_article_tags":null,"twitter_use_og":false,"twitter_card":"default","twitter_image_type":"default","twitter_image_url":null,"twitter_image_custom_url":null,"twitter_image_custom_fields":null,"twitter_title":null,"twitter_description":null,"schema":{"blockGraphs":[],"customGraphs":[],"default":{"data":{"Article":[],"Course":[],"Dataset":[],"FAQPage":[],"Movie":[],"Person":[],"Product":[],"ProductReview":[],"Car":[],"Recipe":[],"Service":[],"SoftwareApplication":[],"WebPage":[]},"graphName":"","isEnabled":true},"graphs":[]},"schema_type":null,"schema_type_options":null,"pillar_content":false,"robots_default":true,"robots_noindex":false,"robots_noarchive":false,"robots_nosnippet":false,"robots_nofollow":false,"robots_noimageindex":false,"robots_noodp":false,"robots_notranslate":false,"robots_max_snippet":null,"robots_max_videopreview":null,"robots_max_imagepreview":"large","priority":null,"frequency":null,"location":null,"local_seo":null,"breadcrumb_settings":null,"limit_modified_date":false,"ai":null,"created":"2020-12-20 21:06:13","updated":"2025-07-19 09:33:44","seo_analyzer_scan_date":null,"focus_keyword":null,"additional_keywords":null,"truseo_locale":null},"jetpack_sharing_enabled":true,"jetpack-related-posts":[{"id":13124,"url":"https:\/\/www.jornalja.com.br\/arquivo\/sangue-latino-no-iecine\/","url_meta":{"origin":23656,"position":0},"title":"Sangue latino no IECINE","author":"da Reda\u00e7\u00e3o","date":"18 de maio de 2014","format":false,"excerpt":"Francisco Ribeiro O Instituto Estadual de Cinema (IECINE) tem a frente, desde abril \u00faltimo, um novo diretor, o cineasta colombiano Juan Zapata, 36, que substitui Luiz Alberto Cassol. Radicado h\u00e1 dez anos em Porto Alegre, Zapata tem diante de si o desafio de conduzir at\u00e9 o final do ano um\u2026","rel":"","context":"Em &quot;Cultura-Geral&quot;","block_context":{"text":"Cultura-Geral","link":"https:\/\/www.jornalja.com.br\/arquivo\/category\/materiasecundaria\/"},"img":{"alt_text":"","src":"","width":0,"height":0},"classes":[]},{"id":14241,"url":"https:\/\/www.jornalja.com.br\/arquivo\/o-guaiba-nas-imagens-poeticas-de-achutti\/","url_meta":{"origin":23656,"position":1},"title":"O Gua\u00edba nas imagens po\u00e9ticas de Achutti","author":"da Reda\u00e7\u00e3o","date":"18 de junho de 2014","format":false,"excerpt":"Em \u201cO Gua\u00edba por Achutti\u201d \u2013 obra financiada via Minist\u00e9rio da Cultura, produ\u00e7\u00e3o executiva de Pedro Longhi, e Fl\u00e1vio Wild como designer \u2013, o fot\u00f3grafo revela a beleza e as mazelas de um espa\u00e7o aqu\u00e1tico de \u00e1guas sempre renovadas, cheio de hist\u00f3rias e lendas como as das cidades que foram\u2026","rel":"","context":"Em &quot;Cultura-Geral&quot;","block_context":{"text":"Cultura-Geral","link":"https:\/\/www.jornalja.com.br\/arquivo\/category\/materiasecundaria\/"},"img":{"alt_text":"","src":"","width":0,"height":0},"classes":[]},{"id":13101,"url":"https:\/\/www.jornalja.com.br\/arquivo\/morre-um-guerreiro-do-texto\/","url_meta":{"origin":23656,"position":2},"title":"Morre um guerreiro do texto","author":"Patr\u00edcia Marini","date":"14 de maio de 2014","format":false,"excerpt":"Por Ricardo Kotscho Reproduzido do blog do autor, 11\/5\/2014; t\u00edtulo original \u201cE l\u00e1 se foi o nosso Myltainho, guerreiro do texto\u201d. Mi\u00fado e franzino, meu amigo Myltainho era um valente e inconformado guerreiro na luta contra as injusti\u00e7as sociais, a hipocrisia, as maracutaias, o autoritarismo, a intoler\u00e2ncia, a viol\u00eancia, o\u2026","rel":"","context":"Em &quot;Geral&quot;","block_context":{"text":"Geral","link":"https:\/\/www.jornalja.com.br\/arquivo\/category\/geral\/"},"img":{"alt_text":"","src":"","width":0,"height":0},"classes":[]},{"id":13109,"url":"https:\/\/www.jornalja.com.br\/arquivo\/judiciario-reconhece-poluicao-eletromagnetica\/","url_meta":{"origin":23656,"position":3},"title":"Judici\u00e1rio reconhece polui\u00e7\u00e3o eletromagn\u00e9tica","author":"Patr\u00edcia Marini","date":"16 de maio de 2014","format":false,"excerpt":"A\u00e7\u00e3o de duas associa\u00e7\u00f5es de moradores foi acolhida pelo Tribunal de Justi\u00e7a de S\u00e3o Paulo que. em decis\u00e3o in\u00e9dita, determinou a redu\u00e7\u00e3o do campo eletromagn\u00e9tico gerado pelas linhas de transmiss\u00e3o de energia que cortam os bairros City Boa\u00e7ava e Alto de Pinheiros. \u00c9 a primeira vez que um tribunal do\u2026","rel":"","context":"Em &quot;X.Categorias velhas&quot;","block_context":{"text":"X.Categorias velhas","link":"https:\/\/www.jornalja.com.br\/arquivo\/category\/x-categorias-velhas\/"},"img":{"alt_text":"","src":"","width":0,"height":0},"classes":[]},{"id":12960,"url":"https:\/\/www.jornalja.com.br\/arquivo\/populacao-culpa-empresas-pela-greve-dos-rodoviarios\/","url_meta":{"origin":23656,"position":4},"title":"Popula\u00e7\u00e3o culpa empresas pela greve","author":"Patr\u00edcia Marini","date":"14 de fevereiro de 2014","format":false,"excerpt":"Pesquisa divulgada na edi\u00e7\u00e3o do jornal Metro desta sexta-feira,14, comprova o velho ditado: \u00e9 poss\u00edvel enganar muitos por algum tempo, mas n\u00e3o \u00e9 poss\u00edvel enganar a todos o tempo inteiro. A principal revela\u00e7\u00e3o foi que 59,8% dos entrevistados apontaram as empresas como as principais respons\u00e1veis pela grave e 46% culparam\u2026","rel":"","context":"Em &quot;X.Categorias velhas&quot;","block_context":{"text":"X.Categorias velhas","link":"https:\/\/www.jornalja.com.br\/arquivo\/category\/x-categorias-velhas\/"},"img":{"alt_text":"","src":"","width":0,"height":0},"classes":[]},{"id":13240,"url":"https:\/\/www.jornalja.com.br\/arquivo\/plano-diretor-estamos-construindo-o-caos\/","url_meta":{"origin":23656,"position":5},"title":"Plano diretor: &quot;Estamos construindo o caos&quot;","author":"Patr\u00edcia Marini","date":"26 de maio de 2014","format":false,"excerpt":"Desabafo que arquiteta Eliana Castilhos, delegada da Regi\u00e3o de Planejamento 1, postou nas redes sociais \u00e9 um testemunho do ambiente que se criou no Conselho do Plano Diretor de Porto Alegre, onde a aprova\u00e7\u00e3o de grandes empreendimentos \u00e9 empurrada guela abaixo dos conselheiros. Ao CMDUA Como delegada da Regi\u00e3o de\u2026","rel":"","context":"Em &quot;Geral&quot;","block_context":{"text":"Geral","link":"https:\/\/www.jornalja.com.br\/arquivo\/category\/geral\/"},"img":{"alt_text":"","src":"","width":0,"height":0},"classes":[]}],"jetpack_shortlink":"https:\/\/wp.me\/pbQjBd-69y","jetpack_featured_media_url":"","_links":{"self":[{"href":"https:\/\/www.jornalja.com.br\/arquivo\/wp-json\/wp\/v2\/posts\/23656","targetHints":{"allow":["GET"]}}],"collection":[{"href":"https:\/\/www.jornalja.com.br\/arquivo\/wp-json\/wp\/v2\/posts"}],"about":[{"href":"https:\/\/www.jornalja.com.br\/arquivo\/wp-json\/wp\/v2\/types\/post"}],"author":[{"embeddable":true,"href":"https:\/\/www.jornalja.com.br\/arquivo\/wp-json\/wp\/v2\/users\/4"}],"replies":[{"embeddable":true,"href":"https:\/\/www.jornalja.com.br\/arquivo\/wp-json\/wp\/v2\/comments?post=23656"}],"version-history":[{"count":0,"href":"https:\/\/www.jornalja.com.br\/arquivo\/wp-json\/wp\/v2\/posts\/23656\/revisions"}],"wp:attachment":[{"href":"https:\/\/www.jornalja.com.br\/arquivo\/wp-json\/wp\/v2\/media?parent=23656"}],"wp:term":[{"taxonomy":"category","embeddable":true,"href":"https:\/\/www.jornalja.com.br\/arquivo\/wp-json\/wp\/v2\/categories?post=23656"},{"taxonomy":"post_tag","embeddable":true,"href":"https:\/\/www.jornalja.com.br\/arquivo\/wp-json\/wp\/v2\/tags?post=23656"}],"curies":[{"name":"wp","href":"https:\/\/api.w.org\/{rel}","templated":true}]}}