{"id":23827,"date":"2015-08-21T15:07:24","date_gmt":"2015-08-21T18:07:24","guid":{"rendered":"https:\/\/jornalja.com.br\/?p=23827"},"modified":"2015-08-21T15:07:24","modified_gmt":"2015-08-21T18:07:24","slug":"festival-de-artistas-de-rua-movimenta-final-de-semana-na-capital","status":"publish","type":"post","link":"https:\/\/www.jornalja.com.br\/arquivo\/festival-de-artistas-de-rua-movimenta-final-de-semana-na-capital\/","title":{"rendered":"Festival de Artistas de Rua movimenta final de semana na Capital"},"content":{"rendered":"<p><span class=\"assina\">Matheus Chaparini<\/span><br \/>\nPalha\u00e7os, bambol\u00eas, gaitas e malabares. Um cortejo pela Rua dos Andradas reunindo diversos artistas abriu hoje o 1\u00ba Festival dos Artistas de Rua de Porto Alegre (FARPA). \u201cVenham todos, que o festival vai come\u00e7ar! E lembrem-se: a rua \u00e9 livre, e n\u00e3o precisa pedir autoriza\u00e7\u00e3o por email!\u201d, bradava um dos artistas, convocando o p\u00fablico.<br \/>\nO evento vai at\u00e9 a pr\u00f3xima segunda-feira (24) e traz mais de dez espet\u00e1culos, al\u00e9m de oficinas, workshops e jogos competitivos. As apresenta\u00e7\u00f5es acontecem nesta sexta-feira na Pra\u00e7a da Alf\u00e2ndega, s\u00e1bado no Gas\u00f4metro e domingo na Reden\u00e7\u00e3o. As oficinas ser\u00e3o realizadas no Centro Cenot\u00e9cnico (Avenida Volunt\u00e1rios da P\u00e1tria,1370).<br \/>\nA programa\u00e7\u00e3o completa pode ser <a href=\"http:\/\/www.facebook.com\/events\/1606691039598140\/\">conferida aqui<\/a>:<br \/>\nO evento foi produzido de forma independente por artistas de rua de Porto Alegre, S\u00e3o Leopoldo, Canoas e Pelotas. \u201c\u00c9 uma uni\u00e3o dos artistas em prol da arte de rua e para discutir quest\u00f5es que envolvem o nosso trabalho, como o uso do espa\u00e7o p\u00fablico e as leis de manifesta\u00e7\u00f5es art\u00edsticas de rua\u201d, explica Dominique Martins, uma das organizadoras, que trabalha com circo h\u00e1 mais de dez anos. Seu filho Antuan, de sete anos, faz arte de rua desde os tr\u00eas. \u201cQuando ele era pequeno, chorava se n\u00e3o participasse das apresenta\u00e7\u00f5es\u201d, comenta a m\u00e3e enquanto o menino e seus bambol\u00eas recebem os aplausos do p\u00fablico.<br \/>\n<figure id=\"attachment_23830\" aria-describedby=\"caption-attachment-23830\" style=\"width: 383px\" class=\"wp-caption alignnone\"><a href=\"https:\/\/jornalja.com.br\/wp-content\/uploads\/2015\/08\/DSCN2154.jpg\"><img loading=\"lazy\" decoding=\"async\" class=\"wp-image-23830 \" src=\"https:\/\/jornalja.com.br\/wp-content\/uploads\/2015\/08\/DSCN2154-300x225.jpg\" alt=\"DSCN2154\" width=\"383\" height=\"290\" \/><\/a><figcaption id=\"caption-attachment-23830\" class=\"wp-caption-text\">Fotos Matheus Chaparini<\/figcaption><\/figure><br \/>\nO financiamento do festival e a remunera\u00e7\u00e3o dos artistas v\u00eam da forma tradicional da arte de rua: as contribui\u00e7\u00f5es espont\u00e2neas do p\u00fablico. \u201cUm ponto fundamental \u00e9 a valoriza\u00e7\u00e3o do chap\u00e9u, como um ingresso t\u00e3o merecedor quanto nos teatros, circos, cinemas e outros lugares. E \u00e9 um ingresso mais democr\u00e1tico e inclusivo\u201d, defende Dominique. A ideia \u00e9 fazer pelo menos mais uma edi\u00e7\u00e3o at\u00e9 o final do ano. Para as pr\u00f3ximas edi\u00e7\u00f5es, a organiza\u00e7\u00e3o pretende buscar patroc\u00ednios, para viabilizar a vinda dos artistas de outros lugares.<br \/>\n<figure id=\"attachment_23831\" aria-describedby=\"caption-attachment-23831\" style=\"width: 380px\" class=\"wp-caption alignnone\"><a href=\"https:\/\/jornalja.com.br\/wp-content\/uploads\/2015\/08\/DSCN2173.jpg\"><img loading=\"lazy\" decoding=\"async\" class=\" wp-image-23831\" src=\"https:\/\/jornalja.com.br\/wp-content\/uploads\/2015\/08\/DSCN2173-300x225.jpg\" alt=\"Espet\u00e1culos seguem amanh\u00e3 no Gas\u00f4metro e domingo, Reden\u00e7\u00e3o \" width=\"380\" height=\"289\" \/><\/a><figcaption id=\"caption-attachment-23831\" class=\"wp-caption-text\">Espet\u00e1culos seguem amanh\u00e3 no Gas\u00f4metro e domingo, Reden\u00e7\u00e3o<\/figcaption><\/figure><br \/>\n<span class=\"intermenos\">Festa de lan\u00e7amento acontece hoje \u00e0 noite<\/span><br \/>\nHoje \u00e0 noite acontece a festa de lan\u00e7amento, a Farpa de Rua, \u00e0s 19h, no Largo dos A\u00e7orianos. O evento conta com as apresenta\u00e7\u00f5es da Turucut\u00e1, Monodub, Trio Macumba, entre outros. Estar\u00e3o sendo vendidos lanches veganos e cerveja artesanal. Outra atra\u00e7\u00e3o do festival \u00e9 a mostra competitiva de Sem\u00e1foro Freestyle, que acontece hoje, das 16h \u00e0s 18h, na esquina das avenidas Setembrina e Osvaldo Aranha, pr\u00f3ximo \u00e0 reden\u00e7\u00e3o. As inscri\u00e7\u00f5es acontecem na hora e a cada sinal vermelho um artista vai para o \u201cpalco\u201d, se apresenta e passa o seu chap\u00e9u. No final, quem tiver arrecadado mais contribui\u00e7\u00f5es, fica com o chap\u00e9u de todos.<br \/>\n<span class=\"intermenos\">Cortejo ganhou apoio da popula\u00e7\u00e3o<\/span><br \/>\nA movimenta\u00e7\u00e3o agradou quem estava passando e de quem trabalha pelas ruas do centro. No come\u00e7o, o p\u00fablico estava t\u00edmido. Mas ao fim da caminhada, come\u00e7ou o primeiro espet\u00e1culo do festival, M\u00fasica para tr\u00eas pulm\u00f5es, de Philipe Philippsen e o p\u00fablico formou uma grande roda para assistir as vers\u00f5es na gaita que v\u00e3o de Anitta a Freddie Mercury.<br \/>\n<figure id=\"attachment_23832\" aria-describedby=\"caption-attachment-23832\" style=\"width: 405px\" class=\"wp-caption alignnone\"><a href=\"https:\/\/jornalja.com.br\/wp-content\/uploads\/2015\/08\/DSCN2175.jpg\"><img loading=\"lazy\" decoding=\"async\" class=\" wp-image-23832\" src=\"https:\/\/jornalja.com.br\/wp-content\/uploads\/2015\/08\/DSCN2175-300x225.jpg\" alt=\"Apresenta\u00e7\u00e3o &quot;M\u00fasica para tr\u00eas pulm\u00f5es&quot;, Philipe Philippsen \" width=\"405\" height=\"307\" \/><\/a><figcaption id=\"caption-attachment-23832\" class=\"wp-caption-text\">Apresenta\u00e7\u00e3o &#8220;M\u00fasica para tr\u00eas pulm\u00f5es&#8221;, Philipe Philippsen<\/figcaption><\/figure><br \/>\nVera Rodrigues trabalha com vendas de cursos profissionalizantes na Rua da Praia, ela defendeu a iniciativa dos artistas. \u201cSou favor\u00e1vel, eles est\u00e3o aqui fazendo seu trabalho honestamente para toda popula\u00e7\u00e3o, e quem pode contribui. Se eu posso comprar um cd direto do artista por R$ 10, por que eu vou comprar em uma loja, um cd de gravadora por R$ 40?\u201d<br \/>\nJ\u00falio C\u00e9sar da Silva \u00e9 funcion\u00e1rio do DMLU e aproveitou o intervalo de almo\u00e7o para acompanhar o percurso do cortejo. \u201cEu j\u00e1 conhecia esse pessoal. Eles est\u00e3o sempre na reden\u00e7\u00e3o, essa gurizada trabalha bastante.\u201d<br \/>\n<span class=\"intermenos\">Artes\u00e3os reclamam de falta de di\u00e1logo <\/span><br \/>\nAlguns artes\u00e3os que exp\u00f5e diariamente seu trabalho na Pra\u00e7a da Alf\u00e2ndega ficaram incomodados, pois o crescimento da roda, se espalhando pelo cal\u00e7ad\u00e3o, atrapalhou os expositores. Uma artes\u00e3 foi conversar com a organiza\u00e7\u00e3o do evento, pois uma colega sua teve de se mudar de local. \u201cN\u00e3o quero desmerecer o trabalho deles. Mas n\u00f3s tamb\u00e9m somos artistas de rua, estamos aqui todos os dias. Acho que faltou di\u00e1logo, um movimento que n\u00e3o conversa com quem est\u00e1 ao redor acaba ficando inconsistente\u201d comentou a artes\u00e3 que preferiu n\u00e3o se identificar.<br \/>\n&nbsp;<\/p>\n","protected":false},"excerpt":{"rendered":"<p>Matheus Chaparini Palha\u00e7os, bambol\u00eas, gaitas e malabares. Um cortejo pela Rua dos Andradas reunindo diversos artistas abriu hoje o 1\u00ba Festival dos Artistas de Rua de Porto Alegre (FARPA). \u201cVenham todos, que o festival vai come\u00e7ar! E lembrem-se: a rua \u00e9 livre, e n\u00e3o precisa pedir autoriza\u00e7\u00e3o por email!\u201d, bradava um dos artistas, convocando o [&hellip;]<\/p>\n","protected":false},"author":4,"featured_media":23828,"comment_status":"open","ping_status":"closed","sticky":false,"template":"","format":"standard","meta":{"_jetpack_newsletter_access":"","_jetpack_dont_email_post_to_subs":false,"_jetpack_newsletter_tier_id":0,"_jetpack_memberships_contains_paywalled_content":false,"_jetpack_feature_clip_id":0,"_jetpack_memberships_contains_paid_content":false,"footnotes":"","jetpack_post_was_ever_published":false},"categories":[11],"tags":[],"class_list":["post-23827","post","type-post","status-publish","format-standard","has-post-thumbnail","hentry","category-materiasecundaria"],"aioseo_notices":[],"aioseo_head":"\n\t\t<!-- All in One SEO 5.0.1.1 - aioseo.com -->\n\t<meta name=\"robots\" content=\"max-image-preview:large\" \/>\n\t<meta name=\"author\" content=\"da Reda\u00e7\u00e3o\"\/>\n\t<link rel=\"canonical\" href=\"https:\/\/www.jornalja.com.br\/arquivo\/festival-de-artistas-de-rua-movimenta-final-de-semana-na-capital\/\" \/>\n\t<meta name=\"generator\" content=\"All in One SEO (AIOSEO) 5.0.1.1\" \/>\n\t\t<meta property=\"og:locale\" content=\"pt_BR\" \/>\n\t\t<meta property=\"og:site_name\" content=\"Arquivo | Jornal J\u00c1 | Porto Alegre\" \/>\n\t\t<meta property=\"og:type\" content=\"article\" \/>\n\t\t<meta property=\"og:title\" content=\"Festival de Artistas de Rua movimenta final de semana na Capital | Arquivo\" \/>\n\t\t<meta property=\"og:url\" content=\"https:\/\/www.jornalja.com.br\/arquivo\/festival-de-artistas-de-rua-movimenta-final-de-semana-na-capital\/\" \/>\n\t\t<meta property=\"og:image\" content=\"https:\/\/jornalja.com.br\/wp-content\/uploads\/2015\/08\/DSCN2154-300x225.jpg\" \/>\n\t\t<meta property=\"og:image:secure_url\" content=\"https:\/\/jornalja.com.br\/wp-content\/uploads\/2015\/08\/DSCN2154-300x225.jpg\" \/>\n\t\t<meta property=\"article:published_time\" content=\"2015-08-21T18:07:24+00:00\" \/>\n\t\t<meta property=\"article:modified_time\" content=\"2015-08-21T18:07:24+00:00\" \/>\n\t\t<meta name=\"twitter:card\" content=\"summary\" \/>\n\t\t<meta name=\"twitter:title\" content=\"Festival de Artistas de Rua movimenta final de semana na Capital | Arquivo\" \/>\n\t\t<meta name=\"twitter:image\" content=\"https:\/\/www.jornalja.com.br\/economics\/wp-content\/uploads\/sites\/11\/2026\/08\/ja-folhaderosto-facebook.jpg\" \/>\n\t\t<script type=\"application\/ld+json\" class=\"aioseo-schema\">\n\t\t\t{\"@context\":\"https:\\\/\\\/schema.org\",\"@graph\":[{\"@type\":\"BlogPosting\",\"@id\":\"https:\\\/\\\/www.jornalja.com.br\\\/arquivo\\\/festival-de-artistas-de-rua-movimenta-final-de-semana-na-capital\\\/#blogposting\",\"name\":\"Festival de Artistas de Rua movimenta final de semana na Capital | Arquivo\",\"headline\":\"Festival de Artistas de Rua movimenta final de semana na Capital\",\"author\":{\"@id\":\"https:\\\/\\\/www.jornalja.com.br\\\/arquivo\\\/author\\\/daredacao\\\/#author\"},\"publisher\":{\"@id\":\"https:\\\/\\\/www.jornalja.com.br\\\/arquivo\\\/#organization\"},\"image\":{\"@type\":\"ImageObject\",\"url\":23828},\"datePublished\":\"2015-08-21T15:07:24-03:00\",\"dateModified\":\"2015-08-21T15:07:24-03:00\",\"inLanguage\":\"pt-BR\",\"mainEntityOfPage\":{\"@id\":\"https:\\\/\\\/www.jornalja.com.br\\\/arquivo\\\/festival-de-artistas-de-rua-movimenta-final-de-semana-na-capital\\\/#webpage\"},\"isPartOf\":{\"@id\":\"https:\\\/\\\/www.jornalja.com.br\\\/arquivo\\\/festival-de-artistas-de-rua-movimenta-final-de-semana-na-capital\\\/#webpage\"},\"articleSection\":\"Cultura-Geral\"},{\"@type\":\"BreadcrumbList\",\"@id\":\"https:\\\/\\\/www.jornalja.com.br\\\/arquivo\\\/festival-de-artistas-de-rua-movimenta-final-de-semana-na-capital\\\/#breadcrumblist\",\"itemListElement\":[{\"@type\":\"ListItem\",\"@id\":\"https:\\\/\\\/www.jornalja.com.br\\\/arquivo#listItem\",\"position\":1,\"name\":\"Home\",\"item\":\"https:\\\/\\\/www.jornalja.com.br\\\/arquivo\",\"nextItem\":{\"@type\":\"ListItem\",\"@id\":\"https:\\\/\\\/www.jornalja.com.br\\\/arquivo\\\/category\\\/materiasecundaria\\\/#listItem\",\"name\":\"Cultura-Geral\"}},{\"@type\":\"ListItem\",\"@id\":\"https:\\\/\\\/www.jornalja.com.br\\\/arquivo\\\/category\\\/materiasecundaria\\\/#listItem\",\"position\":2,\"name\":\"Cultura-Geral\",\"item\":\"https:\\\/\\\/www.jornalja.com.br\\\/arquivo\\\/category\\\/materiasecundaria\\\/\",\"nextItem\":{\"@type\":\"ListItem\",\"@id\":\"https:\\\/\\\/www.jornalja.com.br\\\/arquivo\\\/festival-de-artistas-de-rua-movimenta-final-de-semana-na-capital\\\/#listItem\",\"name\":\"Festival de Artistas de Rua movimenta final de semana na Capital\"},\"previousItem\":{\"@type\":\"ListItem\",\"@id\":\"https:\\\/\\\/www.jornalja.com.br\\\/arquivo#listItem\",\"name\":\"Home\"}},{\"@type\":\"ListItem\",\"@id\":\"https:\\\/\\\/www.jornalja.com.br\\\/arquivo\\\/festival-de-artistas-de-rua-movimenta-final-de-semana-na-capital\\\/#listItem\",\"position\":3,\"name\":\"Festival de Artistas de Rua movimenta final de semana na Capital\",\"previousItem\":{\"@type\":\"ListItem\",\"@id\":\"https:\\\/\\\/www.jornalja.com.br\\\/arquivo\\\/category\\\/materiasecundaria\\\/#listItem\",\"name\":\"Cultura-Geral\"}}]},{\"@type\":\"Organization\",\"@id\":\"https:\\\/\\\/www.jornalja.com.br\\\/arquivo\\\/#organization\",\"name\":\"Jornal J\\u00c1\",\"description\":\"Jornal J\\u00c1 | Porto Alegre\",\"url\":\"https:\\\/\\\/www.jornalja.com.br\\\/arquivo\\\/\",\"telephone\":\"+555133307272\",\"logo\":{\"@type\":\"ImageObject\",\"url\":\"https:\\\/\\\/www.jornalja.com.br\\\/wp-content\\\/uploads\\\/cards\\\/JAslogan.png\",\"@id\":\"https:\\\/\\\/www.jornalja.com.br\\\/arquivo\\\/festival-de-artistas-de-rua-movimenta-final-de-semana-na-capital\\\/#organizationLogo\"},\"image\":{\"@id\":\"https:\\\/\\\/www.jornalja.com.br\\\/arquivo\\\/festival-de-artistas-de-rua-movimenta-final-de-semana-na-capital\\\/#organizationLogo\"}},{\"@type\":\"Person\",\"@id\":\"https:\\\/\\\/www.jornalja.com.br\\\/arquivo\\\/author\\\/daredacao\\\/#author\",\"url\":\"https:\\\/\\\/www.jornalja.com.br\\\/arquivo\\\/author\\\/daredacao\\\/\",\"name\":\"da Reda\\u00e7\\u00e3o\",\"image\":{\"@type\":\"ImageObject\",\"@id\":\"https:\\\/\\\/www.jornalja.com.br\\\/arquivo\\\/festival-de-artistas-de-rua-movimenta-final-de-semana-na-capital\\\/#authorImage\",\"url\":\"https:\\\/\\\/secure.gravatar.com\\\/avatar\\\/469fd857d6605ad19919d27ed29d35a968a25f6e8fd9318356bbb7f57aae9c65?s=96&d=mm&r=g\",\"width\":96,\"height\":96,\"caption\":\"da Reda\\u00e7\\u00e3o\"}},{\"@type\":\"WebPage\",\"@id\":\"https:\\\/\\\/www.jornalja.com.br\\\/arquivo\\\/festival-de-artistas-de-rua-movimenta-final-de-semana-na-capital\\\/#webpage\",\"url\":\"https:\\\/\\\/www.jornalja.com.br\\\/arquivo\\\/festival-de-artistas-de-rua-movimenta-final-de-semana-na-capital\\\/\",\"name\":\"Festival de Artistas de Rua movimenta final de semana na Capital | Arquivo\",\"inLanguage\":\"pt-BR\",\"isPartOf\":{\"@id\":\"https:\\\/\\\/www.jornalja.com.br\\\/arquivo\\\/#website\"},\"breadcrumb\":{\"@id\":\"https:\\\/\\\/www.jornalja.com.br\\\/arquivo\\\/festival-de-artistas-de-rua-movimenta-final-de-semana-na-capital\\\/#breadcrumblist\"},\"author\":{\"@id\":\"https:\\\/\\\/www.jornalja.com.br\\\/arquivo\\\/author\\\/daredacao\\\/#author\"},\"creator\":{\"@id\":\"https:\\\/\\\/www.jornalja.com.br\\\/arquivo\\\/author\\\/daredacao\\\/#author\"},\"image\":{\"@type\":\"ImageObject\",\"url\":23828,\"@id\":\"https:\\\/\\\/www.jornalja.com.br\\\/arquivo\\\/festival-de-artistas-de-rua-movimenta-final-de-semana-na-capital\\\/#mainImage\"},\"primaryImageOfPage\":{\"@id\":\"https:\\\/\\\/www.jornalja.com.br\\\/arquivo\\\/festival-de-artistas-de-rua-movimenta-final-de-semana-na-capital\\\/#mainImage\"},\"datePublished\":\"2015-08-21T15:07:24-03:00\",\"dateModified\":\"2015-08-21T15:07:24-03:00\"},{\"@type\":\"WebSite\",\"@id\":\"https:\\\/\\\/www.jornalja.com.br\\\/arquivo\\\/#website\",\"url\":\"https:\\\/\\\/www.jornalja.com.br\\\/arquivo\\\/\",\"name\":\"Arquivo\",\"description\":\"Jornal J\\u00c1 | Porto Alegre\",\"inLanguage\":\"pt-BR\",\"publisher\":{\"@id\":\"https:\\\/\\\/www.jornalja.com.br\\\/arquivo\\\/#organization\"}}]}\n\t\t<\/script>\n\t\t<!-- All in One SEO -->\n\n","aioseo_head_json":{"title":"Festival de Artistas de Rua movimenta final de semana na Capital | Arquivo","description":"","canonical_url":"https:\/\/www.jornalja.com.br\/arquivo\/festival-de-artistas-de-rua-movimenta-final-de-semana-na-capital\/","robots":"max-image-preview:large","keywords":"","webmasterTools":{"miscellaneous":""},"schema":{"@context":"https:\/\/schema.org","@graph":[{"@type":"BlogPosting","@id":"https:\/\/www.jornalja.com.br\/arquivo\/festival-de-artistas-de-rua-movimenta-final-de-semana-na-capital\/#blogposting","name":"Festival de Artistas de Rua movimenta final de semana na Capital | Arquivo","headline":"Festival de Artistas de Rua movimenta final de semana na Capital","author":{"@id":"https:\/\/www.jornalja.com.br\/arquivo\/author\/daredacao\/#author"},"publisher":{"@id":"https:\/\/www.jornalja.com.br\/arquivo\/#organization"},"image":{"@type":"ImageObject","url":23828},"datePublished":"2015-08-21T15:07:24-03:00","dateModified":"2015-08-21T15:07:24-03:00","inLanguage":"pt-BR","mainEntityOfPage":{"@id":"https:\/\/www.jornalja.com.br\/arquivo\/festival-de-artistas-de-rua-movimenta-final-de-semana-na-capital\/#webpage"},"isPartOf":{"@id":"https:\/\/www.jornalja.com.br\/arquivo\/festival-de-artistas-de-rua-movimenta-final-de-semana-na-capital\/#webpage"},"articleSection":"Cultura-Geral"},{"@type":"BreadcrumbList","@id":"https:\/\/www.jornalja.com.br\/arquivo\/festival-de-artistas-de-rua-movimenta-final-de-semana-na-capital\/#breadcrumblist","itemListElement":[{"@type":"ListItem","@id":"https:\/\/www.jornalja.com.br\/arquivo#listItem","position":1,"name":"Home","item":"https:\/\/www.jornalja.com.br\/arquivo","nextItem":{"@type":"ListItem","@id":"https:\/\/www.jornalja.com.br\/arquivo\/category\/materiasecundaria\/#listItem","name":"Cultura-Geral"}},{"@type":"ListItem","@id":"https:\/\/www.jornalja.com.br\/arquivo\/category\/materiasecundaria\/#listItem","position":2,"name":"Cultura-Geral","item":"https:\/\/www.jornalja.com.br\/arquivo\/category\/materiasecundaria\/","nextItem":{"@type":"ListItem","@id":"https:\/\/www.jornalja.com.br\/arquivo\/festival-de-artistas-de-rua-movimenta-final-de-semana-na-capital\/#listItem","name":"Festival de Artistas de Rua movimenta final de semana na Capital"},"previousItem":{"@type":"ListItem","@id":"https:\/\/www.jornalja.com.br\/arquivo#listItem","name":"Home"}},{"@type":"ListItem","@id":"https:\/\/www.jornalja.com.br\/arquivo\/festival-de-artistas-de-rua-movimenta-final-de-semana-na-capital\/#listItem","position":3,"name":"Festival de Artistas de Rua movimenta final de semana na Capital","previousItem":{"@type":"ListItem","@id":"https:\/\/www.jornalja.com.br\/arquivo\/category\/materiasecundaria\/#listItem","name":"Cultura-Geral"}}]},{"@type":"Organization","@id":"https:\/\/www.jornalja.com.br\/arquivo\/#organization","name":"Jornal J\u00c1","description":"Jornal J\u00c1 | Porto Alegre","url":"https:\/\/www.jornalja.com.br\/arquivo\/","telephone":"+555133307272","logo":{"@type":"ImageObject","url":"https:\/\/www.jornalja.com.br\/wp-content\/uploads\/cards\/JAslogan.png","@id":"https:\/\/www.jornalja.com.br\/arquivo\/festival-de-artistas-de-rua-movimenta-final-de-semana-na-capital\/#organizationLogo"},"image":{"@id":"https:\/\/www.jornalja.com.br\/arquivo\/festival-de-artistas-de-rua-movimenta-final-de-semana-na-capital\/#organizationLogo"}},{"@type":"Person","@id":"https:\/\/www.jornalja.com.br\/arquivo\/author\/daredacao\/#author","url":"https:\/\/www.jornalja.com.br\/arquivo\/author\/daredacao\/","name":"da Reda\u00e7\u00e3o","image":{"@type":"ImageObject","@id":"https:\/\/www.jornalja.com.br\/arquivo\/festival-de-artistas-de-rua-movimenta-final-de-semana-na-capital\/#authorImage","url":"https:\/\/secure.gravatar.com\/avatar\/469fd857d6605ad19919d27ed29d35a968a25f6e8fd9318356bbb7f57aae9c65?s=96&d=mm&r=g","width":96,"height":96,"caption":"da Reda\u00e7\u00e3o"}},{"@type":"WebPage","@id":"https:\/\/www.jornalja.com.br\/arquivo\/festival-de-artistas-de-rua-movimenta-final-de-semana-na-capital\/#webpage","url":"https:\/\/www.jornalja.com.br\/arquivo\/festival-de-artistas-de-rua-movimenta-final-de-semana-na-capital\/","name":"Festival de Artistas de Rua movimenta final de semana na Capital | Arquivo","inLanguage":"pt-BR","isPartOf":{"@id":"https:\/\/www.jornalja.com.br\/arquivo\/#website"},"breadcrumb":{"@id":"https:\/\/www.jornalja.com.br\/arquivo\/festival-de-artistas-de-rua-movimenta-final-de-semana-na-capital\/#breadcrumblist"},"author":{"@id":"https:\/\/www.jornalja.com.br\/arquivo\/author\/daredacao\/#author"},"creator":{"@id":"https:\/\/www.jornalja.com.br\/arquivo\/author\/daredacao\/#author"},"image":{"@type":"ImageObject","url":23828,"@id":"https:\/\/www.jornalja.com.br\/arquivo\/festival-de-artistas-de-rua-movimenta-final-de-semana-na-capital\/#mainImage"},"primaryImageOfPage":{"@id":"https:\/\/www.jornalja.com.br\/arquivo\/festival-de-artistas-de-rua-movimenta-final-de-semana-na-capital\/#mainImage"},"datePublished":"2015-08-21T15:07:24-03:00","dateModified":"2015-08-21T15:07:24-03:00"},{"@type":"WebSite","@id":"https:\/\/www.jornalja.com.br\/arquivo\/#website","url":"https:\/\/www.jornalja.com.br\/arquivo\/","name":"Arquivo","description":"Jornal J\u00c1 | Porto Alegre","inLanguage":"pt-BR","publisher":{"@id":"https:\/\/www.jornalja.com.br\/arquivo\/#organization"}}]},"og:locale":"pt_BR","og:site_name":"Arquivo | Jornal J\u00c1 | Porto Alegre","og:type":"article","og:title":"Festival de Artistas de Rua movimenta final de semana na Capital | Arquivo","og:url":"https:\/\/www.jornalja.com.br\/arquivo\/festival-de-artistas-de-rua-movimenta-final-de-semana-na-capital\/","og:image":"https:\/\/jornalja.com.br\/wp-content\/uploads\/2015\/08\/DSCN2154-300x225.jpg","og:image:secure_url":"https:\/\/jornalja.com.br\/wp-content\/uploads\/2015\/08\/DSCN2154-300x225.jpg","article:published_time":"2015-08-21T18:07:24+00:00","article:modified_time":"2015-08-21T18:07:24+00:00","twitter:card":"summary","twitter:title":"Festival de Artistas de Rua movimenta final de semana na Capital | Arquivo","twitter:image":"https:\/\/www.jornalja.com.br\/economics\/wp-content\/uploads\/sites\/11\/2026\/08\/ja-folhaderosto-facebook.jpg"},"aioseo_meta_data":{"post_id":"23827","title":null,"description":null,"keywords":null,"keyphrases":null,"primary_term":null,"canonical_url":null,"og_title":null,"og_description":null,"og_object_type":"default","og_image_type":"default","og_image_url":null,"og_image_width":null,"og_image_height":null,"og_image_custom_url":null,"og_image_custom_fields":null,"og_video":null,"og_custom_url":null,"og_article_section":null,"og_article_tags":null,"twitter_use_og":false,"twitter_card":"default","twitter_image_type":"default","twitter_image_url":null,"twitter_image_custom_url":null,"twitter_image_custom_fields":null,"twitter_title":null,"twitter_description":null,"schema":{"blockGraphs":[],"customGraphs":[],"default":{"data":{"Article":[],"Course":[],"Dataset":[],"FAQPage":[],"Movie":[],"Person":[],"Product":[],"ProductReview":[],"Car":[],"Recipe":[],"Service":[],"SoftwareApplication":[],"WebPage":[]},"graphName":"","isEnabled":true},"graphs":[],"defaultGraph":"","defaultPostTypeGraph":""},"schema_type":null,"schema_type_options":null,"pillar_content":false,"robots_default":true,"robots_noindex":false,"robots_noarchive":false,"robots_nosnippet":false,"robots_nofollow":false,"robots_noimageindex":false,"robots_noodp":false,"robots_notranslate":false,"robots_max_snippet":null,"robots_max_videopreview":null,"robots_max_imagepreview":"large","priority":null,"frequency":null,"location":null,"local_seo":null,"breadcrumb_settings":null,"limit_modified_date":false,"ai":null,"created":"2020-12-20 21:06:13","updated":"2025-07-19 09:46:43","seo_analyzer_scan_date":null,"focus_keyword":null,"additional_keywords":null,"truseo_locale":null},"jetpack_sharing_enabled":true,"jetpack-related-posts":[{"id":13124,"url":"https:\/\/www.jornalja.com.br\/arquivo\/sangue-latino-no-iecine\/","url_meta":{"origin":23827,"position":0},"title":"Sangue latino no IECINE","author":"da Reda\u00e7\u00e3o","date":"18 de maio de 2014","format":false,"excerpt":"Francisco Ribeiro O Instituto Estadual de Cinema (IECINE) tem a frente, desde abril \u00faltimo, um novo diretor, o cineasta colombiano Juan Zapata, 36, que substitui Luiz Alberto Cassol. Radicado h\u00e1 dez anos em Porto Alegre, Zapata tem diante de si o desafio de conduzir at\u00e9 o final do ano um\u2026","rel":"","context":"Em &quot;Cultura-Geral&quot;","block_context":{"text":"Cultura-Geral","link":"https:\/\/www.jornalja.com.br\/arquivo\/category\/materiasecundaria\/"},"img":{"alt_text":"","src":"","width":0,"height":0},"classes":[]},{"id":1280,"url":"https:\/\/www.jornalja.com.br\/arquivo\/o-menino-que-se-tornou-brizola\/","url_meta":{"origin":23827,"position":1},"title":"O Menino que se Tornou Brizola","author":"da Reda\u00e7\u00e3o","date":"28 de julho de 2008","format":false,"excerpt":"Autor: Cleber Dioni A vida de Leonel Brizola, com \u00eanfase para os primeiros anos em Porto Alegre, at\u00e9 o ex\u00edlio no Uruguai e a volta, quinze anos depois. \u00a0\"...\u00c9ramos todos jovens e nos identific\u00e1vamos com aquela massa an\u00f4nima a percorrer as ruas de Porto Alegre, gritando 'Get\u00falio', 'Get\u00falio' e empunhando\u2026","rel":"","context":"Em &quot;Livros&quot;","block_context":{"text":"Livros","link":"https:\/\/www.jornalja.com.br\/arquivo\/category\/livros\/"},"img":{"alt_text":"","src":"https:\/\/i0.wp.com\/www.jornalja.com.br\/wp-content\/uploads\/2008\/07\/brizola.gif?resize=350%2C200&ssl=1","width":350,"height":200},"classes":[]},{"id":14241,"url":"https:\/\/www.jornalja.com.br\/arquivo\/o-guaiba-nas-imagens-poeticas-de-achutti\/","url_meta":{"origin":23827,"position":2},"title":"O Gua\u00edba nas imagens po\u00e9ticas de Achutti","author":"da Reda\u00e7\u00e3o","date":"18 de junho de 2014","format":false,"excerpt":"Em \u201cO Gua\u00edba por Achutti\u201d \u2013 obra financiada via Minist\u00e9rio da Cultura, produ\u00e7\u00e3o executiva de Pedro Longhi, e Fl\u00e1vio Wild como designer \u2013, o fot\u00f3grafo revela a beleza e as mazelas de um espa\u00e7o aqu\u00e1tico de \u00e1guas sempre renovadas, cheio de hist\u00f3rias e lendas como as das cidades que foram\u2026","rel":"","context":"Em &quot;Cultura-Geral&quot;","block_context":{"text":"Cultura-Geral","link":"https:\/\/www.jornalja.com.br\/arquivo\/category\/materiasecundaria\/"},"img":{"alt_text":"","src":"","width":0,"height":0},"classes":[]},{"id":13240,"url":"https:\/\/www.jornalja.com.br\/arquivo\/plano-diretor-estamos-construindo-o-caos\/","url_meta":{"origin":23827,"position":3},"title":"Plano diretor: &quot;Estamos construindo o caos&quot;","author":"Patr\u00edcia Marini","date":"26 de maio de 2014","format":false,"excerpt":"Desabafo que arquiteta Eliana Castilhos, delegada da Regi\u00e3o de Planejamento 1, postou nas redes sociais \u00e9 um testemunho do ambiente que se criou no Conselho do Plano Diretor de Porto Alegre, onde a aprova\u00e7\u00e3o de grandes empreendimentos \u00e9 empurrada guela abaixo dos conselheiros. Ao CMDUA Como delegada da Regi\u00e3o de\u2026","rel":"","context":"Em &quot;Geral&quot;","block_context":{"text":"Geral","link":"https:\/\/www.jornalja.com.br\/arquivo\/category\/geral\/"},"img":{"alt_text":"","src":"","width":0,"height":0},"classes":[]},{"id":12960,"url":"https:\/\/www.jornalja.com.br\/arquivo\/populacao-culpa-empresas-pela-greve-dos-rodoviarios\/","url_meta":{"origin":23827,"position":4},"title":"Popula\u00e7\u00e3o culpa empresas pela greve","author":"Patr\u00edcia Marini","date":"14 de fevereiro de 2014","format":false,"excerpt":"Pesquisa divulgada na edi\u00e7\u00e3o do jornal Metro desta sexta-feira,14, comprova o velho ditado: \u00e9 poss\u00edvel enganar muitos por algum tempo, mas n\u00e3o \u00e9 poss\u00edvel enganar a todos o tempo inteiro. A principal revela\u00e7\u00e3o foi que 59,8% dos entrevistados apontaram as empresas como as principais respons\u00e1veis pela grave e 46% culparam\u2026","rel":"","context":"Em &quot;X.Categorias velhas&quot;","block_context":{"text":"X.Categorias velhas","link":"https:\/\/www.jornalja.com.br\/arquivo\/category\/x-categorias-velhas\/"},"img":{"alt_text":"","src":"","width":0,"height":0},"classes":[]},{"id":5440,"url":"https:\/\/www.jornalja.com.br\/arquivo\/casarao-da-venancio-destino-permanece-incerto\/","url_meta":{"origin":23827,"position":5},"title":"Estado ainda n\u00e3o sabe o que fazer com casar\u00e3o abandonado h\u00e1 20 anos","author":"Elmar Bones","date":"6 de julho de 2009","format":false,"excerpt":"O casar\u00e3o amarelo, numa esquina nobre de Porto Alegre (Ven\u00e2ncio Aires com Jo\u00e3o Pessoa), j\u00e1 abrigou uma escola. H\u00e1 duas d\u00e9cadas, pelo menos, est\u00e1 abandonado, porque seu propriet\u00e1rio, o governo do Estado do Rio Grande do Sul, n\u00e3o consegue achar um destino para ele. Planos n\u00e3o faltaram. O governador Ol\u00edvio\u2026","rel":"","context":"Em &quot;X.Categorias velhas&quot;","block_context":{"text":"X.Categorias velhas","link":"https:\/\/www.jornalja.com.br\/arquivo\/category\/x-categorias-velhas\/"},"img":{"alt_text":"geraldo1","src":"https:\/\/i0.wp.com\/www.jornalja.com.br\/wp-content\/uploads\/2009\/07\/geraldo1.jpg?resize=350%2C200&ssl=1","width":350,"height":200},"classes":[]}],"jetpack_shortlink":"https:\/\/wp.me\/pbQjBd-6cj","jetpack_featured_media_url":"","_links":{"self":[{"href":"https:\/\/www.jornalja.com.br\/arquivo\/wp-json\/wp\/v2\/posts\/23827","targetHints":{"allow":["GET"]}}],"collection":[{"href":"https:\/\/www.jornalja.com.br\/arquivo\/wp-json\/wp\/v2\/posts"}],"about":[{"href":"https:\/\/www.jornalja.com.br\/arquivo\/wp-json\/wp\/v2\/types\/post"}],"author":[{"embeddable":true,"href":"https:\/\/www.jornalja.com.br\/arquivo\/wp-json\/wp\/v2\/users\/4"}],"replies":[{"embeddable":true,"href":"https:\/\/www.jornalja.com.br\/arquivo\/wp-json\/wp\/v2\/comments?post=23827"}],"version-history":[{"count":0,"href":"https:\/\/www.jornalja.com.br\/arquivo\/wp-json\/wp\/v2\/posts\/23827\/revisions"}],"wp:attachment":[{"href":"https:\/\/www.jornalja.com.br\/arquivo\/wp-json\/wp\/v2\/media?parent=23827"}],"wp:term":[{"taxonomy":"category","embeddable":true,"href":"https:\/\/www.jornalja.com.br\/arquivo\/wp-json\/wp\/v2\/categories?post=23827"},{"taxonomy":"post_tag","embeddable":true,"href":"https:\/\/www.jornalja.com.br\/arquivo\/wp-json\/wp\/v2\/tags?post=23827"}],"curies":[{"name":"wp","href":"https:\/\/api.w.org\/{rel}","templated":true}]}}