{"id":25979,"date":"2015-11-01T08:25:49","date_gmt":"2015-11-01T11:25:49","guid":{"rendered":"https:\/\/jornalja.com.br\/?p=25979"},"modified":"2015-11-01T08:25:49","modified_gmt":"2015-11-01T11:25:49","slug":"protesto-na-abertura-da-feira-do-livro-pede-rescisao-de-contrato-do-cais-maua","status":"publish","type":"post","link":"https:\/\/www.jornalja.com.br\/arquivo\/protesto-na-abertura-da-feira-do-livro-pede-rescisao-de-contrato-do-cais-maua\/","title":{"rendered":"Protesto na Feira do Livro pede rescis\u00e3o de contrato do Cais Mau\u00e1"},"content":{"rendered":"<p><span class=\"assina\">Naira Hofmeister<\/span><br \/>\nAs festividades de abertura da 61\u00aa Feira do Livro de Porto Alegre, na noite de sexta-feira (30), dividiram espa\u00e7o, na Pra\u00e7a da Alf\u00e2ndega, com dezenas de manifestantes que pediam a rescis\u00e3o imediata do contrato de revitaliza\u00e7\u00e3o do Cais Mau\u00e1.<br \/>\nUm protesto promovido pelo coletivo Cais Mau\u00e1 de Todos &#8211; contr\u00e1rio ao modelo idealizado pelo cons\u00f3rcio vencedor da licita\u00e7\u00e3o, que prop\u00f5e restaurar os armaz\u00e9ns em troca da autoriza\u00e7\u00e3o para constru\u00e7\u00e3o de um centro comercial ao lado da Usina do Gas\u00f4metro, tr\u00eas espig\u00f5es pr\u00f3ximos \u00e0 rodovi\u00e1ria e estacionamento para 4.500 autom\u00f3veis &#8211; fez ecoar, entre as bancas de livros, as palavras de ordem &#8220;N\u00e3o vai ter shopping!&#8221;.<br \/>\nSatisfeitos com a publica\u00e7\u00e3o de uma reportagem sobre as irregularidades encontradas pelo Tribunal de Contas do Estado (TCE) no processo de contrata\u00e7\u00e3o e arrendamento da \u00e1rea ao cons\u00f3rcio no jornal Zero Hora &#8211; <a href=\"https:\/\/jornalja.com.br\/cais-maua-estado-e-empreendedor-podem-ser-questionados\/\">coisa que o movimento vinha denunciando pelo menos desde mar\u00e7o<\/a> &#8211; os manifestantes pediram &#8220;a rescis\u00e3o imediata do contrato com o cons\u00f3rcio Cais Mau\u00e1 S.A&#8221; e a &#8220;abertura de um concurso p\u00fablico&#8221; para a defini\u00e7\u00e3o de um projeto na \u00e1rea.<br \/>\n&#8220;A parceria p\u00fablico-privada pode ser bem-vinda, desde que regulada pelo Estado em prol do interesse p\u00fablico, garantidas a transpar\u00eancia e legalidade do processo&#8221;, avaliam os ativistas atrav\u00e9s de uma &#8220;Carta aberta a Porto Alegre&#8221;, distribu\u00edda no local do evento (leia a \u00edntegra no final da mat\u00e9ria).<br \/>\nE embora tenham comemorado a publica\u00e7\u00e3o das informa\u00e7\u00f5es em um jornal de grande circula\u00e7\u00e3o, os manifestantes n\u00e3o deixaram de <a href=\"https:\/\/jornalja.com.br\/movimento-cais-maua-de-todos-responde-a-criticas-de-colunista-do-zh\/\">criticar a cobertura da imprensa local<\/a> sobre o caso. &#8220;Falsas pol\u00eamicas como &#8216;vanguarda x atraso&#8217; ou &#8216;realistas x rom\u00e2nticos&#8217; desrespeitam a intelig\u00eancia dos ga\u00fachos. Somos todos favor\u00e1veis \u00e0 revitaliza\u00e7\u00e3o do cais. A discuss\u00e3o \u00e9 sobre qual revitaliza\u00e7\u00e3o \u00e9 boa para a sociedade e para a mem\u00f3ria da cidade&#8221;.<br \/>\nO modelo proposto pelos manifestantes \u00e9 menos voltado aos neg\u00f3cios, como deseja o atual empreendedor. &#8220;Temos que revitalizar esse cais com arte, cultura e cidadania&#8221;, pregou o professor Francisco Marshall, da Universidade Federal do Rio Grande do Sul.<br \/>\n&#8220;Se tiver uma livraria ali, todo mundo vai querer ir&#8221;, complementou.<br \/>\n<span class=\"intertit\">Ato terminou em festa<br \/>\n<\/span><br \/>\nAp\u00f3s a leitura da &#8220;Carta Aberta a Porto Alegre&#8221; e das falas de lideran\u00e7as que comp\u00f5em o coletivo, os manifestantes percorreram um trajeto entre a Feira do Livro e a pra\u00e7a Brigadeiro Sampaio, em frente \u00e0 Usina do Gas\u00f4metro.<br \/>\nEm marcha, eles seguiram entoando suas palavras de ordem e foram aplaudidos por vizinhos que sa\u00edam \u00e0s janelas para saudar o grupo. Mesmo durante o per\u00edodo em que o protesto ocorreu na pra\u00e7a da Alf\u00e2ndega, muitos cidad\u00e3os que estavam no local para prestigiar a feira respondiam ao protesto com aplausos e outros sinais de apoio.<br \/>\n&nbsp;<br \/>\nAp\u00f3s a caminhada pela Rua da Praia, o ato terminou com uma festa na pra\u00e7a Brigadeiro Sampaio, que ter\u00e1 pelo menos 15 \u00e1rvores suprimidas para permitir a constru\u00e7\u00e3o de uma passarela de pedestres que leve ao shopping center.<br \/>\n<span class=\"intertit\">Carta Aberta a Porto Alegre<\/span><br \/>\nA revitaliza\u00e7\u00e3o do Cais Mau\u00e1 est\u00e1 na pauta dos ga\u00fachos h\u00e1 muito tempo. Desde o final dos anos 90, quando foram desativadas boa parte de suas fun\u00e7\u00f5es portu\u00e1rias, as constru\u00e7\u00f5es hist\u00f3ricas est\u00e3o apodrecendo, abandonadas pelo poder p\u00fablico.<br \/>\nAs diversas tentativas de viabilizar o restauro para explora\u00e7\u00e3o e uso do p\u00f3rtico central, pr\u00e9dios e armaz\u00e9ns, tombados pelo patrim\u00f4nio hist\u00f3rico no \u00e2mbito Federal e Municipal, fracassaram. E o discurso recorrente \u00e9 o cl\u00e1ssico: &#8220;O Estado n\u00e3o tem dinheiro&#8221;. Assim como a solu\u00e7\u00e3o, sempre providencial, \u00e9 a mesma: &#8220;\u00c9 preciso privatizar&#8221;.<br \/>\n<img loading=\"lazy\" decoding=\"async\" class=\"alignnone size-full wp-image-25982\" src=\"https:\/\/jornalja.com.br\/wp-content\/uploads\/2015\/10\/IMG_0994.jpg\" alt=\"IMG_0994\" width=\"700\" height=\"525\" \/><br \/>\nA Parceria P\u00fablico Privada pode ser bem-vinda, desde que regulada pelo Estado em prol do interesse p\u00fablico. E garantidas a ampla participa\u00e7\u00e3o, total transpar\u00eancia e plena legalidade do processo; para que a popula\u00e7\u00e3o decida, de fato e de direito, qual a melhor forma de requalifica\u00e7\u00e3o do Cais Mau\u00e1 de Porto Alegre.<br \/>\nFalsas pol\u00eamicas \u201cfavor\u00e1veis X contr\u00e1rios\u201d, &#8220;vanguarda X atraso&#8221;, &#8220;realistas x rom\u00e2nticos&#8221; desrespeitam a intelig\u00eancia de milh\u00f5es de ga\u00fachos. Todos somos favor\u00e1veis \u00e0\u00a0 revitaliza\u00e7\u00e3o do Cais. A discuss\u00e3o \u00e9 sobre QUAL \u201crevitaliza\u00e7\u00e3o\u201d \u00e9 boa para a sociedade e para a mem\u00f3ria da cidade que se construiu a partir do Cais do Porto. Afinal, bons e maus projetos geram empregos. Mas os maus projetos geram passivos que s\u00e3o pagos por todos n\u00f3s; e para sempre.<br \/>\nN\u00e3o se trata de um conflito de opini\u00f5es, mas de um conflito de interesse p\u00fablico e com a justi\u00e7a, pois o processo \u00e9 repleto de ilegalidades (licita\u00e7\u00e3o, contrato e cons\u00f3rcio) em flagrante desrespeito \u00e0 Constitui\u00e7\u00e3o Federal e as Legisla\u00e7\u00f5es Estadual e Municipal. \u00c9 inaceit\u00e1vel permitir uma interven\u00e7\u00e3o urbana de natureza ilegal na \u00e1rea p\u00fablica mais simb\u00f3lica da cidade.<br \/>\nAs falsas pol\u00eamicas servem apenas para desviar a aten\u00e7\u00e3o do que realmente importa, que s\u00e3o os conflitos legais e judiciais que apresentamos nesta Carta Aberta \u00e0 Porto Alegre.<br \/>\nN\u00f3s n\u00e3o podemos compactuar com: 1) Projeto que n\u00e3o \u00e9 elaborado com ampla participa\u00e7\u00e3o popular, 2) Fraude do processo licitat\u00f3rio; 3) Irregularidades do contrato de concess\u00e3o; 4) Caducidade do regime urban\u00edstico municipal.<br \/>\nToda a popula\u00e7\u00e3o quer o Cais Mau\u00e1 reintegrado ao Centro Hist\u00f3rico! E exigimos participa\u00e7\u00e3o, transpar\u00eancia e legalidade em todo o processo porque \u00e9 sempre bom lembrar que a cidade n\u00e3o pertence apenas ao prefeito e aos vereadores, pertence a todos os porto-alegrenses.<br \/>\nDefendemos a imediata: 1) Rescis\u00e3o de contrato do Cons\u00f3rcio Cais Mau\u00e1 S.A, 2) Participa\u00e7\u00e3o popular e ouvida da sociedade civil; 3) Abertura de concurso p\u00fablico de projetos e 4) Realiza\u00e7\u00e3o de nova licita\u00e7\u00e3o de concess\u00e3o.<br \/>\nQueremos uma revitaliza\u00e7\u00e3o que respeite a mem\u00f3ria da cidade e seja capaz de promover desenvolvimento sustent\u00e1vel e integrado. Queremos um Cais Mau\u00e1 de Todos e para Todos.<br \/>\n<strong>Coletivo Cais Mau\u00e1 de Todos \u2013 30 de outubro de 2015<\/strong><\/p>\n","protected":false},"excerpt":{"rendered":"<p>Naira Hofmeister As festividades de abertura da 61\u00aa Feira do Livro de Porto Alegre, na noite de sexta-feira (30), dividiram espa\u00e7o, na Pra\u00e7a da Alf\u00e2ndega, com dezenas de manifestantes que pediam a rescis\u00e3o imediata do contrato de revitaliza\u00e7\u00e3o do Cais Mau\u00e1. Um protesto promovido pelo coletivo Cais Mau\u00e1 de Todos &#8211; contr\u00e1rio ao modelo idealizado [&hellip;]<\/p>\n","protected":false},"author":4,"featured_media":25983,"comment_status":"open","ping_status":"closed","sticky":false,"template":"","format":"standard","meta":{"_jetpack_newsletter_access":"","_jetpack_dont_email_post_to_subs":false,"_jetpack_newsletter_tier_id":0,"_jetpack_memberships_contains_paywalled_content":false,"_jetpack_feature_clip_id":0,"_jetpack_memberships_contains_paid_content":false,"footnotes":"","jetpack_post_was_ever_published":false},"categories":[1742],"tags":[],"class_list":["post-25979","post","type-post","status-publish","format-standard","has-post-thumbnail","hentry","category-dossie-cais-maua"],"aioseo_notices":[],"aioseo_head":"\n\t\t<!-- All in One SEO 5.0.1.1 - aioseo.com -->\n\t<meta name=\"robots\" content=\"max-image-preview:large\" \/>\n\t<meta name=\"author\" content=\"da Reda\u00e7\u00e3o\"\/>\n\t<link rel=\"canonical\" href=\"https:\/\/www.jornalja.com.br\/arquivo\/protesto-na-abertura-da-feira-do-livro-pede-rescisao-de-contrato-do-cais-maua\/\" \/>\n\t<meta name=\"generator\" content=\"All in One SEO (AIOSEO) 5.0.1.1\" \/>\n\t\t<meta property=\"og:locale\" content=\"pt_BR\" \/>\n\t\t<meta property=\"og:site_name\" content=\"Arquivo | Jornal J\u00c1 | Porto Alegre\" \/>\n\t\t<meta property=\"og:type\" content=\"article\" \/>\n\t\t<meta property=\"og:title\" content=\"Protesto na Feira do Livro pede rescis\u00e3o de contrato do Cais Mau\u00e1 | Arquivo\" \/>\n\t\t<meta property=\"og:url\" content=\"https:\/\/www.jornalja.com.br\/arquivo\/protesto-na-abertura-da-feira-do-livro-pede-rescisao-de-contrato-do-cais-maua\/\" \/>\n\t\t<meta property=\"og:image\" content=\"https:\/\/jornalja.com.br\/wp-content\/uploads\/2015\/10\/IMG_0994.jpg\" \/>\n\t\t<meta property=\"og:image:secure_url\" content=\"https:\/\/jornalja.com.br\/wp-content\/uploads\/2015\/10\/IMG_0994.jpg\" \/>\n\t\t<meta property=\"article:published_time\" content=\"2015-11-01T11:25:49+00:00\" \/>\n\t\t<meta property=\"article:modified_time\" content=\"2015-11-01T11:25:49+00:00\" \/>\n\t\t<meta name=\"twitter:card\" content=\"summary\" \/>\n\t\t<meta name=\"twitter:title\" content=\"Protesto na Feira do Livro pede rescis\u00e3o de contrato do Cais Mau\u00e1 | Arquivo\" \/>\n\t\t<meta name=\"twitter:image\" content=\"https:\/\/www.jornalja.com.br\/economics\/wp-content\/uploads\/sites\/11\/2026\/08\/ja-folhaderosto-facebook.jpg\" \/>\n\t\t<script type=\"application\/ld+json\" class=\"aioseo-schema\">\n\t\t\t{\"@context\":\"https:\\\/\\\/schema.org\",\"@graph\":[{\"@type\":\"BlogPosting\",\"@id\":\"https:\\\/\\\/www.jornalja.com.br\\\/arquivo\\\/protesto-na-abertura-da-feira-do-livro-pede-rescisao-de-contrato-do-cais-maua\\\/#blogposting\",\"name\":\"Protesto na Feira do Livro pede rescis\\u00e3o de contrato do Cais Mau\\u00e1 | Arquivo\",\"headline\":\"Protesto na Feira do Livro pede rescis\\u00e3o de contrato do Cais Mau\\u00e1\",\"author\":{\"@id\":\"https:\\\/\\\/www.jornalja.com.br\\\/arquivo\\\/author\\\/daredacao\\\/#author\"},\"publisher\":{\"@id\":\"https:\\\/\\\/www.jornalja.com.br\\\/arquivo\\\/#organization\"},\"image\":{\"@type\":\"ImageObject\",\"url\":25983},\"datePublished\":\"2015-11-01T08:25:49-02:00\",\"dateModified\":\"2015-11-01T08:25:49-02:00\",\"inLanguage\":\"pt-BR\",\"commentCount\":1,\"mainEntityOfPage\":{\"@id\":\"https:\\\/\\\/www.jornalja.com.br\\\/arquivo\\\/protesto-na-abertura-da-feira-do-livro-pede-rescisao-de-contrato-do-cais-maua\\\/#webpage\"},\"isPartOf\":{\"@id\":\"https:\\\/\\\/www.jornalja.com.br\\\/arquivo\\\/protesto-na-abertura-da-feira-do-livro-pede-rescisao-de-contrato-do-cais-maua\\\/#webpage\"},\"articleSection\":\"Mat\\u00e9ria Cais pequena\"},{\"@type\":\"BreadcrumbList\",\"@id\":\"https:\\\/\\\/www.jornalja.com.br\\\/arquivo\\\/protesto-na-abertura-da-feira-do-livro-pede-rescisao-de-contrato-do-cais-maua\\\/#breadcrumblist\",\"itemListElement\":[{\"@type\":\"ListItem\",\"@id\":\"https:\\\/\\\/www.jornalja.com.br\\\/arquivo#listItem\",\"position\":1,\"name\":\"Home\",\"item\":\"https:\\\/\\\/www.jornalja.com.br\\\/arquivo\",\"nextItem\":{\"@type\":\"ListItem\",\"@id\":\"https:\\\/\\\/www.jornalja.com.br\\\/arquivo\\\/category\\\/dossie-cais-maua\\\/#listItem\",\"name\":\"Mat\\u00e9ria Cais pequena\"}},{\"@type\":\"ListItem\",\"@id\":\"https:\\\/\\\/www.jornalja.com.br\\\/arquivo\\\/category\\\/dossie-cais-maua\\\/#listItem\",\"position\":2,\"name\":\"Mat\\u00e9ria Cais pequena\",\"item\":\"https:\\\/\\\/www.jornalja.com.br\\\/arquivo\\\/category\\\/dossie-cais-maua\\\/\",\"nextItem\":{\"@type\":\"ListItem\",\"@id\":\"https:\\\/\\\/www.jornalja.com.br\\\/arquivo\\\/protesto-na-abertura-da-feira-do-livro-pede-rescisao-de-contrato-do-cais-maua\\\/#listItem\",\"name\":\"Protesto na Feira do Livro pede rescis\\u00e3o de contrato do Cais Mau\\u00e1\"},\"previousItem\":{\"@type\":\"ListItem\",\"@id\":\"https:\\\/\\\/www.jornalja.com.br\\\/arquivo#listItem\",\"name\":\"Home\"}},{\"@type\":\"ListItem\",\"@id\":\"https:\\\/\\\/www.jornalja.com.br\\\/arquivo\\\/protesto-na-abertura-da-feira-do-livro-pede-rescisao-de-contrato-do-cais-maua\\\/#listItem\",\"position\":3,\"name\":\"Protesto na Feira do Livro pede rescis\\u00e3o de contrato do Cais Mau\\u00e1\",\"previousItem\":{\"@type\":\"ListItem\",\"@id\":\"https:\\\/\\\/www.jornalja.com.br\\\/arquivo\\\/category\\\/dossie-cais-maua\\\/#listItem\",\"name\":\"Mat\\u00e9ria Cais pequena\"}}]},{\"@type\":\"Organization\",\"@id\":\"https:\\\/\\\/www.jornalja.com.br\\\/arquivo\\\/#organization\",\"name\":\"Jornal J\\u00c1\",\"description\":\"Jornal J\\u00c1 | Porto Alegre\",\"url\":\"https:\\\/\\\/www.jornalja.com.br\\\/arquivo\\\/\",\"telephone\":\"+555133307272\",\"logo\":{\"@type\":\"ImageObject\",\"url\":\"https:\\\/\\\/www.jornalja.com.br\\\/wp-content\\\/uploads\\\/cards\\\/JAslogan.png\",\"@id\":\"https:\\\/\\\/www.jornalja.com.br\\\/arquivo\\\/protesto-na-abertura-da-feira-do-livro-pede-rescisao-de-contrato-do-cais-maua\\\/#organizationLogo\"},\"image\":{\"@id\":\"https:\\\/\\\/www.jornalja.com.br\\\/arquivo\\\/protesto-na-abertura-da-feira-do-livro-pede-rescisao-de-contrato-do-cais-maua\\\/#organizationLogo\"}},{\"@type\":\"Person\",\"@id\":\"https:\\\/\\\/www.jornalja.com.br\\\/arquivo\\\/author\\\/daredacao\\\/#author\",\"url\":\"https:\\\/\\\/www.jornalja.com.br\\\/arquivo\\\/author\\\/daredacao\\\/\",\"name\":\"da Reda\\u00e7\\u00e3o\",\"image\":{\"@type\":\"ImageObject\",\"@id\":\"https:\\\/\\\/www.jornalja.com.br\\\/arquivo\\\/protesto-na-abertura-da-feira-do-livro-pede-rescisao-de-contrato-do-cais-maua\\\/#authorImage\",\"url\":\"https:\\\/\\\/secure.gravatar.com\\\/avatar\\\/469fd857d6605ad19919d27ed29d35a968a25f6e8fd9318356bbb7f57aae9c65?s=96&d=mm&r=g\",\"width\":96,\"height\":96,\"caption\":\"da Reda\\u00e7\\u00e3o\"}},{\"@type\":\"WebPage\",\"@id\":\"https:\\\/\\\/www.jornalja.com.br\\\/arquivo\\\/protesto-na-abertura-da-feira-do-livro-pede-rescisao-de-contrato-do-cais-maua\\\/#webpage\",\"url\":\"https:\\\/\\\/www.jornalja.com.br\\\/arquivo\\\/protesto-na-abertura-da-feira-do-livro-pede-rescisao-de-contrato-do-cais-maua\\\/\",\"name\":\"Protesto na Feira do Livro pede rescis\\u00e3o de contrato do Cais Mau\\u00e1 | Arquivo\",\"inLanguage\":\"pt-BR\",\"isPartOf\":{\"@id\":\"https:\\\/\\\/www.jornalja.com.br\\\/arquivo\\\/#website\"},\"breadcrumb\":{\"@id\":\"https:\\\/\\\/www.jornalja.com.br\\\/arquivo\\\/protesto-na-abertura-da-feira-do-livro-pede-rescisao-de-contrato-do-cais-maua\\\/#breadcrumblist\"},\"author\":{\"@id\":\"https:\\\/\\\/www.jornalja.com.br\\\/arquivo\\\/author\\\/daredacao\\\/#author\"},\"creator\":{\"@id\":\"https:\\\/\\\/www.jornalja.com.br\\\/arquivo\\\/author\\\/daredacao\\\/#author\"},\"image\":{\"@type\":\"ImageObject\",\"url\":25983,\"@id\":\"https:\\\/\\\/www.jornalja.com.br\\\/arquivo\\\/protesto-na-abertura-da-feira-do-livro-pede-rescisao-de-contrato-do-cais-maua\\\/#mainImage\"},\"primaryImageOfPage\":{\"@id\":\"https:\\\/\\\/www.jornalja.com.br\\\/arquivo\\\/protesto-na-abertura-da-feira-do-livro-pede-rescisao-de-contrato-do-cais-maua\\\/#mainImage\"},\"datePublished\":\"2015-11-01T08:25:49-02:00\",\"dateModified\":\"2015-11-01T08:25:49-02:00\"},{\"@type\":\"WebSite\",\"@id\":\"https:\\\/\\\/www.jornalja.com.br\\\/arquivo\\\/#website\",\"url\":\"https:\\\/\\\/www.jornalja.com.br\\\/arquivo\\\/\",\"name\":\"Arquivo\",\"description\":\"Jornal J\\u00c1 | Porto Alegre\",\"inLanguage\":\"pt-BR\",\"publisher\":{\"@id\":\"https:\\\/\\\/www.jornalja.com.br\\\/arquivo\\\/#organization\"}}]}\n\t\t<\/script>\n\t\t<!-- All in One SEO -->\n\n","aioseo_head_json":{"title":"Protesto na Feira do Livro pede rescis\u00e3o de contrato do Cais Mau\u00e1 | Arquivo","description":"","canonical_url":"https:\/\/www.jornalja.com.br\/arquivo\/protesto-na-abertura-da-feira-do-livro-pede-rescisao-de-contrato-do-cais-maua\/","robots":"max-image-preview:large","keywords":"","webmasterTools":{"miscellaneous":""},"schema":{"@context":"https:\/\/schema.org","@graph":[{"@type":"BlogPosting","@id":"https:\/\/www.jornalja.com.br\/arquivo\/protesto-na-abertura-da-feira-do-livro-pede-rescisao-de-contrato-do-cais-maua\/#blogposting","name":"Protesto na Feira do Livro pede rescis\u00e3o de contrato do Cais Mau\u00e1 | Arquivo","headline":"Protesto na Feira do Livro pede rescis\u00e3o de contrato do Cais Mau\u00e1","author":{"@id":"https:\/\/www.jornalja.com.br\/arquivo\/author\/daredacao\/#author"},"publisher":{"@id":"https:\/\/www.jornalja.com.br\/arquivo\/#organization"},"image":{"@type":"ImageObject","url":25983},"datePublished":"2015-11-01T08:25:49-02:00","dateModified":"2015-11-01T08:25:49-02:00","inLanguage":"pt-BR","commentCount":1,"mainEntityOfPage":{"@id":"https:\/\/www.jornalja.com.br\/arquivo\/protesto-na-abertura-da-feira-do-livro-pede-rescisao-de-contrato-do-cais-maua\/#webpage"},"isPartOf":{"@id":"https:\/\/www.jornalja.com.br\/arquivo\/protesto-na-abertura-da-feira-do-livro-pede-rescisao-de-contrato-do-cais-maua\/#webpage"},"articleSection":"Mat\u00e9ria Cais pequena"},{"@type":"BreadcrumbList","@id":"https:\/\/www.jornalja.com.br\/arquivo\/protesto-na-abertura-da-feira-do-livro-pede-rescisao-de-contrato-do-cais-maua\/#breadcrumblist","itemListElement":[{"@type":"ListItem","@id":"https:\/\/www.jornalja.com.br\/arquivo#listItem","position":1,"name":"Home","item":"https:\/\/www.jornalja.com.br\/arquivo","nextItem":{"@type":"ListItem","@id":"https:\/\/www.jornalja.com.br\/arquivo\/category\/dossie-cais-maua\/#listItem","name":"Mat\u00e9ria Cais pequena"}},{"@type":"ListItem","@id":"https:\/\/www.jornalja.com.br\/arquivo\/category\/dossie-cais-maua\/#listItem","position":2,"name":"Mat\u00e9ria Cais pequena","item":"https:\/\/www.jornalja.com.br\/arquivo\/category\/dossie-cais-maua\/","nextItem":{"@type":"ListItem","@id":"https:\/\/www.jornalja.com.br\/arquivo\/protesto-na-abertura-da-feira-do-livro-pede-rescisao-de-contrato-do-cais-maua\/#listItem","name":"Protesto na Feira do Livro pede rescis\u00e3o de contrato do Cais Mau\u00e1"},"previousItem":{"@type":"ListItem","@id":"https:\/\/www.jornalja.com.br\/arquivo#listItem","name":"Home"}},{"@type":"ListItem","@id":"https:\/\/www.jornalja.com.br\/arquivo\/protesto-na-abertura-da-feira-do-livro-pede-rescisao-de-contrato-do-cais-maua\/#listItem","position":3,"name":"Protesto na Feira do Livro pede rescis\u00e3o de contrato do Cais Mau\u00e1","previousItem":{"@type":"ListItem","@id":"https:\/\/www.jornalja.com.br\/arquivo\/category\/dossie-cais-maua\/#listItem","name":"Mat\u00e9ria Cais pequena"}}]},{"@type":"Organization","@id":"https:\/\/www.jornalja.com.br\/arquivo\/#organization","name":"Jornal J\u00c1","description":"Jornal J\u00c1 | Porto Alegre","url":"https:\/\/www.jornalja.com.br\/arquivo\/","telephone":"+555133307272","logo":{"@type":"ImageObject","url":"https:\/\/www.jornalja.com.br\/wp-content\/uploads\/cards\/JAslogan.png","@id":"https:\/\/www.jornalja.com.br\/arquivo\/protesto-na-abertura-da-feira-do-livro-pede-rescisao-de-contrato-do-cais-maua\/#organizationLogo"},"image":{"@id":"https:\/\/www.jornalja.com.br\/arquivo\/protesto-na-abertura-da-feira-do-livro-pede-rescisao-de-contrato-do-cais-maua\/#organizationLogo"}},{"@type":"Person","@id":"https:\/\/www.jornalja.com.br\/arquivo\/author\/daredacao\/#author","url":"https:\/\/www.jornalja.com.br\/arquivo\/author\/daredacao\/","name":"da Reda\u00e7\u00e3o","image":{"@type":"ImageObject","@id":"https:\/\/www.jornalja.com.br\/arquivo\/protesto-na-abertura-da-feira-do-livro-pede-rescisao-de-contrato-do-cais-maua\/#authorImage","url":"https:\/\/secure.gravatar.com\/avatar\/469fd857d6605ad19919d27ed29d35a968a25f6e8fd9318356bbb7f57aae9c65?s=96&d=mm&r=g","width":96,"height":96,"caption":"da Reda\u00e7\u00e3o"}},{"@type":"WebPage","@id":"https:\/\/www.jornalja.com.br\/arquivo\/protesto-na-abertura-da-feira-do-livro-pede-rescisao-de-contrato-do-cais-maua\/#webpage","url":"https:\/\/www.jornalja.com.br\/arquivo\/protesto-na-abertura-da-feira-do-livro-pede-rescisao-de-contrato-do-cais-maua\/","name":"Protesto na Feira do Livro pede rescis\u00e3o de contrato do Cais Mau\u00e1 | Arquivo","inLanguage":"pt-BR","isPartOf":{"@id":"https:\/\/www.jornalja.com.br\/arquivo\/#website"},"breadcrumb":{"@id":"https:\/\/www.jornalja.com.br\/arquivo\/protesto-na-abertura-da-feira-do-livro-pede-rescisao-de-contrato-do-cais-maua\/#breadcrumblist"},"author":{"@id":"https:\/\/www.jornalja.com.br\/arquivo\/author\/daredacao\/#author"},"creator":{"@id":"https:\/\/www.jornalja.com.br\/arquivo\/author\/daredacao\/#author"},"image":{"@type":"ImageObject","url":25983,"@id":"https:\/\/www.jornalja.com.br\/arquivo\/protesto-na-abertura-da-feira-do-livro-pede-rescisao-de-contrato-do-cais-maua\/#mainImage"},"primaryImageOfPage":{"@id":"https:\/\/www.jornalja.com.br\/arquivo\/protesto-na-abertura-da-feira-do-livro-pede-rescisao-de-contrato-do-cais-maua\/#mainImage"},"datePublished":"2015-11-01T08:25:49-02:00","dateModified":"2015-11-01T08:25:49-02:00"},{"@type":"WebSite","@id":"https:\/\/www.jornalja.com.br\/arquivo\/#website","url":"https:\/\/www.jornalja.com.br\/arquivo\/","name":"Arquivo","description":"Jornal J\u00c1 | Porto Alegre","inLanguage":"pt-BR","publisher":{"@id":"https:\/\/www.jornalja.com.br\/arquivo\/#organization"}}]},"og:locale":"pt_BR","og:site_name":"Arquivo | Jornal J\u00c1 | Porto Alegre","og:type":"article","og:title":"Protesto na Feira do Livro pede rescis\u00e3o de contrato do Cais Mau\u00e1 | Arquivo","og:url":"https:\/\/www.jornalja.com.br\/arquivo\/protesto-na-abertura-da-feira-do-livro-pede-rescisao-de-contrato-do-cais-maua\/","og:image":"https:\/\/jornalja.com.br\/wp-content\/uploads\/2015\/10\/IMG_0994.jpg","og:image:secure_url":"https:\/\/jornalja.com.br\/wp-content\/uploads\/2015\/10\/IMG_0994.jpg","article:published_time":"2015-11-01T11:25:49+00:00","article:modified_time":"2015-11-01T11:25:49+00:00","twitter:card":"summary","twitter:title":"Protesto na Feira do Livro pede rescis\u00e3o de contrato do Cais Mau\u00e1 | Arquivo","twitter:image":"https:\/\/www.jornalja.com.br\/economics\/wp-content\/uploads\/sites\/11\/2026\/08\/ja-folhaderosto-facebook.jpg"},"aioseo_meta_data":{"post_id":"25979","title":null,"description":null,"keywords":null,"keyphrases":null,"primary_term":null,"canonical_url":null,"og_title":null,"og_description":null,"og_object_type":"default","og_image_type":"default","og_image_url":null,"og_image_width":null,"og_image_height":null,"og_image_custom_url":null,"og_image_custom_fields":null,"og_video":null,"og_custom_url":null,"og_article_section":null,"og_article_tags":null,"twitter_use_og":false,"twitter_card":"default","twitter_image_type":"default","twitter_image_url":null,"twitter_image_custom_url":null,"twitter_image_custom_fields":null,"twitter_title":null,"twitter_description":null,"schema":{"blockGraphs":[],"customGraphs":[],"default":{"data":{"Article":[],"Course":[],"Dataset":[],"FAQPage":[],"Movie":[],"Person":[],"Product":[],"ProductReview":[],"Car":[],"Recipe":[],"Service":[],"SoftwareApplication":[],"WebPage":[]},"graphName":"","isEnabled":true},"graphs":[]},"schema_type":null,"schema_type_options":null,"pillar_content":false,"robots_default":true,"robots_noindex":false,"robots_noarchive":false,"robots_nosnippet":false,"robots_nofollow":false,"robots_noimageindex":false,"robots_noodp":false,"robots_notranslate":false,"robots_max_snippet":null,"robots_max_videopreview":null,"robots_max_imagepreview":"large","priority":null,"frequency":null,"location":null,"local_seo":null,"breadcrumb_settings":null,"limit_modified_date":false,"ai":null,"created":"2020-12-20 21:02:51","updated":"2025-07-19 11:34:08","seo_analyzer_scan_date":null,"focus_keyword":null,"additional_keywords":null,"truseo_locale":null},"jetpack_sharing_enabled":true,"jetpack-related-posts":[{"id":13101,"url":"https:\/\/www.jornalja.com.br\/arquivo\/morre-um-guerreiro-do-texto\/","url_meta":{"origin":25979,"position":0},"title":"Morre um guerreiro do texto","author":"Patr\u00edcia Marini","date":"14 de maio de 2014","format":false,"excerpt":"Por Ricardo Kotscho Reproduzido do blog do autor, 11\/5\/2014; t\u00edtulo original \u201cE l\u00e1 se foi o nosso Myltainho, guerreiro do texto\u201d. Mi\u00fado e franzino, meu amigo Myltainho era um valente e inconformado guerreiro na luta contra as injusti\u00e7as sociais, a hipocrisia, as maracutaias, o autoritarismo, a intoler\u00e2ncia, a viol\u00eancia, o\u2026","rel":"","context":"Em &quot;Geral&quot;","block_context":{"text":"Geral","link":"https:\/\/www.jornalja.com.br\/arquivo\/category\/geral\/"},"img":{"alt_text":"","src":"","width":0,"height":0},"classes":[]},{"id":1280,"url":"https:\/\/www.jornalja.com.br\/arquivo\/o-menino-que-se-tornou-brizola\/","url_meta":{"origin":25979,"position":1},"title":"O Menino que se Tornou Brizola","author":"da Reda\u00e7\u00e3o","date":"28 de julho de 2008","format":false,"excerpt":"Autor: Cleber Dioni A vida de Leonel Brizola, com \u00eanfase para os primeiros anos em Porto Alegre, at\u00e9 o ex\u00edlio no Uruguai e a volta, quinze anos depois. \u00a0\"...\u00c9ramos todos jovens e nos identific\u00e1vamos com aquela massa an\u00f4nima a percorrer as ruas de Porto Alegre, gritando 'Get\u00falio', 'Get\u00falio' e empunhando\u2026","rel":"","context":"Em &quot;Livros&quot;","block_context":{"text":"Livros","link":"https:\/\/www.jornalja.com.br\/arquivo\/category\/livros\/"},"img":{"alt_text":"","src":"https:\/\/i0.wp.com\/www.jornalja.com.br\/wp-content\/uploads\/2008\/07\/brizola.gif?resize=350%2C200&ssl=1","width":350,"height":200},"classes":[]},{"id":13240,"url":"https:\/\/www.jornalja.com.br\/arquivo\/plano-diretor-estamos-construindo-o-caos\/","url_meta":{"origin":25979,"position":2},"title":"Plano diretor: &quot;Estamos construindo o caos&quot;","author":"Patr\u00edcia Marini","date":"26 de maio de 2014","format":false,"excerpt":"Desabafo que arquiteta Eliana Castilhos, delegada da Regi\u00e3o de Planejamento 1, postou nas redes sociais \u00e9 um testemunho do ambiente que se criou no Conselho do Plano Diretor de Porto Alegre, onde a aprova\u00e7\u00e3o de grandes empreendimentos \u00e9 empurrada guela abaixo dos conselheiros. Ao CMDUA Como delegada da Regi\u00e3o de\u2026","rel":"","context":"Em &quot;Geral&quot;","block_context":{"text":"Geral","link":"https:\/\/www.jornalja.com.br\/arquivo\/category\/geral\/"},"img":{"alt_text":"","src":"","width":0,"height":0},"classes":[]},{"id":13109,"url":"https:\/\/www.jornalja.com.br\/arquivo\/judiciario-reconhece-poluicao-eletromagnetica\/","url_meta":{"origin":25979,"position":3},"title":"Judici\u00e1rio reconhece polui\u00e7\u00e3o eletromagn\u00e9tica","author":"Patr\u00edcia Marini","date":"16 de maio de 2014","format":false,"excerpt":"A\u00e7\u00e3o de duas associa\u00e7\u00f5es de moradores foi acolhida pelo Tribunal de Justi\u00e7a de S\u00e3o Paulo que. em decis\u00e3o in\u00e9dita, determinou a redu\u00e7\u00e3o do campo eletromagn\u00e9tico gerado pelas linhas de transmiss\u00e3o de energia que cortam os bairros City Boa\u00e7ava e Alto de Pinheiros. \u00c9 a primeira vez que um tribunal do\u2026","rel":"","context":"Em &quot;X.Categorias velhas&quot;","block_context":{"text":"X.Categorias velhas","link":"https:\/\/www.jornalja.com.br\/arquivo\/category\/x-categorias-velhas\/"},"img":{"alt_text":"","src":"","width":0,"height":0},"classes":[]},{"id":14241,"url":"https:\/\/www.jornalja.com.br\/arquivo\/o-guaiba-nas-imagens-poeticas-de-achutti\/","url_meta":{"origin":25979,"position":4},"title":"O Gua\u00edba nas imagens po\u00e9ticas de Achutti","author":"da Reda\u00e7\u00e3o","date":"18 de junho de 2014","format":false,"excerpt":"Em \u201cO Gua\u00edba por Achutti\u201d \u2013 obra financiada via Minist\u00e9rio da Cultura, produ\u00e7\u00e3o executiva de Pedro Longhi, e Fl\u00e1vio Wild como designer \u2013, o fot\u00f3grafo revela a beleza e as mazelas de um espa\u00e7o aqu\u00e1tico de \u00e1guas sempre renovadas, cheio de hist\u00f3rias e lendas como as das cidades que foram\u2026","rel":"","context":"Em &quot;Cultura-Geral&quot;","block_context":{"text":"Cultura-Geral","link":"https:\/\/www.jornalja.com.br\/arquivo\/category\/materiasecundaria\/"},"img":{"alt_text":"","src":"","width":0,"height":0},"classes":[]},{"id":12960,"url":"https:\/\/www.jornalja.com.br\/arquivo\/populacao-culpa-empresas-pela-greve-dos-rodoviarios\/","url_meta":{"origin":25979,"position":5},"title":"Popula\u00e7\u00e3o culpa empresas pela greve","author":"Patr\u00edcia Marini","date":"14 de fevereiro de 2014","format":false,"excerpt":"Pesquisa divulgada na edi\u00e7\u00e3o do jornal Metro desta sexta-feira,14, comprova o velho ditado: \u00e9 poss\u00edvel enganar muitos por algum tempo, mas n\u00e3o \u00e9 poss\u00edvel enganar a todos o tempo inteiro. A principal revela\u00e7\u00e3o foi que 59,8% dos entrevistados apontaram as empresas como as principais respons\u00e1veis pela grave e 46% culparam\u2026","rel":"","context":"Em &quot;X.Categorias velhas&quot;","block_context":{"text":"X.Categorias velhas","link":"https:\/\/www.jornalja.com.br\/arquivo\/category\/x-categorias-velhas\/"},"img":{"alt_text":"","src":"","width":0,"height":0},"classes":[]}],"jetpack_shortlink":"https:\/\/wp.me\/pbQjBd-6L1","jetpack_featured_media_url":"","_links":{"self":[{"href":"https:\/\/www.jornalja.com.br\/arquivo\/wp-json\/wp\/v2\/posts\/25979","targetHints":{"allow":["GET"]}}],"collection":[{"href":"https:\/\/www.jornalja.com.br\/arquivo\/wp-json\/wp\/v2\/posts"}],"about":[{"href":"https:\/\/www.jornalja.com.br\/arquivo\/wp-json\/wp\/v2\/types\/post"}],"author":[{"embeddable":true,"href":"https:\/\/www.jornalja.com.br\/arquivo\/wp-json\/wp\/v2\/users\/4"}],"replies":[{"embeddable":true,"href":"https:\/\/www.jornalja.com.br\/arquivo\/wp-json\/wp\/v2\/comments?post=25979"}],"version-history":[{"count":0,"href":"https:\/\/www.jornalja.com.br\/arquivo\/wp-json\/wp\/v2\/posts\/25979\/revisions"}],"wp:attachment":[{"href":"https:\/\/www.jornalja.com.br\/arquivo\/wp-json\/wp\/v2\/media?parent=25979"}],"wp:term":[{"taxonomy":"category","embeddable":true,"href":"https:\/\/www.jornalja.com.br\/arquivo\/wp-json\/wp\/v2\/categories?post=25979"},{"taxonomy":"post_tag","embeddable":true,"href":"https:\/\/www.jornalja.com.br\/arquivo\/wp-json\/wp\/v2\/tags?post=25979"}],"curies":[{"name":"wp","href":"https:\/\/api.w.org\/{rel}","templated":true}]}}