{"id":27791,"date":"2015-12-24T05:10:09","date_gmt":"2015-12-24T08:10:09","guid":{"rendered":"https:\/\/jornalja.com.br\/?p=27791"},"modified":"2015-12-24T05:10:09","modified_gmt":"2015-12-24T08:10:09","slug":"apoiadores-do-dossie-cais-maua","status":"publish","type":"post","link":"https:\/\/www.jornalja.com.br\/arquivo\/apoiadores-do-dossie-cais-maua\/","title":{"rendered":"Apoiadores do Dossi\u00ea Cais Mau\u00e1"},"content":{"rendered":"<div style=\"width: 100%;margin-top: 0px\">\n<div style=\"width: 30%;min-width: 175px;float: left;margin: 0 20px 0 0;padding: 0 0 0 0\">\n<h3>A<\/h3>\n<ul>\n<li>Alexandre Leboutte da Fonseca<\/li>\n<li>Alexandre Marques<\/li>\n<li>Alvaro Santi<\/li>\n<li>Ana J\u00falia Possamai<\/li>\n<li>Andr\u00e9 Coutinho Augustin<\/li>\n<li>Antonio Henriqson<\/li>\n<li>Aldo Mellender de Araujo<\/li>\n<li>Arildo Araujo<\/li>\n<\/ul>\n<h3>B<\/h3>\n<ul>\n<li>Beatriz Carlesso<\/li>\n<li>Bernardo Pereira<\/li>\n<li>Betania de Moraes Alfonsin<\/li>\n<li>Bianca Ruskowski<\/li>\n<li>Bruno Paim<\/li>\n<\/ul>\n<h3>C<\/h3>\n<ul>\n<li>Caio Lustosa<\/li>\n<li>Camila Silva<\/li>\n<li>Carina Kunze<\/li>\n<li>Carine Leal<\/li>\n<li>Carla Link<\/li>\n<li>Carlos Augusto Moreira dos Santos<\/li>\n<li>Carlos Gilberto Stein<\/li>\n<li>Celso Zanini<\/li>\n<li>Cesar Bridi<\/li>\n<li>C\u00e9sar Cardia<\/li>\n<li>Clarice Misoczky de Oliveira<\/li>\n<li>Clarissa Pont e Eduardo Seidl<\/li>\n<li>Claudia Herte de Moraes<\/li>\n<li>Cristiane Bandeira<\/li>\n<\/ul>\n<h3>D<\/h3>\n<ul>\n<li>Daggi Dornelles<\/li>\n<li>Daiane Menezes<\/li>\n<li>Daniel de Andrade Sim\u00f5es<\/li>\n<li>Darci Campani<\/li>\n<li>D\u00e9bora Gallas Steigleder<\/li>\n<li>Demilson Fortes<\/li>\n<li>Diego Canto Macedo<\/li>\n<\/ul>\n<h3>E<\/h3>\n<ul>\n<li>Eduardo Cesar Weber<\/li>\n<li>Eduardo Kroeff Machado Carrion<\/li>\n<li>Elisabeth Muller<\/li>\n<\/ul>\n<h3>F<\/h3>\n<ul>\n<li>Felipe Nascimento Prestes<\/li>\n<li>Fernanda Scur<\/li>\n<li>Fernando Ferri<\/li>\n<li>Fernando Soares<\/li>\n<li>Fl\u00e1via Mantovani<\/li>\n<\/ul>\n<h3>G<\/h3>\n<ul>\n<li>Gabriela Tarouco Tavares<\/li>\n<li>Gil Gosch<\/li>\n<li>Gilson Wingist<\/li>\n<li>Glauber Gon\u00e7alves<\/li>\n<li>Guilherme Godinho Kolling<\/li>\n<\/ul>\n<\/div>\n<div style=\"width: 30%;min-width: 175px;float: left;margin: 0 20px 0 0;padding: 0 0 0 0\">\n<h3>H<\/h3>\n<ul>\n<li>Helen Lopes<\/li>\n<li>Helio Cogo<\/li>\n<li>Henrique Barreira Lago<\/li>\n<li>Henrique Cezar Paz Wittler<\/li>\n<li>Henrique Lammel<\/li>\n<li>Heverton Lacerda<\/li>\n<li>Humberto Tadeu Hickel<\/li>\n<\/ul>\n<h3>I<\/h3>\n<ul>\n<li>Iara Godinho Kolling<\/li>\n<li>Isabel Almeida<\/li>\n<li>Isabel Perez<\/li>\n<\/ul>\n<h3>J<\/h3>\n<ul>\n<li>Jacqueline Cust\u00f3dio<\/li>\n<li>Jairo Menegaz<\/li>\n<li>Janete Barbosa<\/li>\n<li>Jean Scharlau<\/li>\n<li>Jo\u00e3o Henrique Godinho Kolling<\/li>\n<li>Jo\u00e3o Kolling<\/li>\n<li>Jorge Alberto Benitz<\/li>\n<li>Jorge Luiz Correa da Silva<\/li>\n<li>Jos\u00e9 Romari Dutra da Fonseca<\/li>\n<li>Jos\u00e9 Secundino da Fonseca<\/li>\n<\/ul>\n<h3>K<\/h3>\n<ul>\n<li>K\u00e1tia Carolina Meurer Azambuja<\/li>\n<\/ul>\n<h3>L<\/h3>\n<ul>\n<li>Laura Fernandes Schenkel<\/li>\n<li>Laura Schenkel<\/li>\n<li>Leandro Godinho Rocha<\/li>\n<li>Leila Suzana Hofstatter<\/li>\n<li>Lena Cavalheiro<\/li>\n<li>Leonardo Melgarejo<\/li>\n<li>L\u00edvia Biasotto<\/li>\n<li>Luciano Alves Seade<\/li>\n<li>Luciano Antunes<\/li>\n<li>Luciano Fedozzi<\/li>\n<li>Luis Augusto Fischer<\/li>\n<li>Lu\u00eds Felipe dos Santos<\/li>\n<li>Luiz Augusto R. de Abreu<\/li>\n<li>Luiz Eduardo Steinstrasser<\/li>\n<\/ul>\n<h3>M<\/h3>\n<ul>\n<li>Marcelo Eibs Cafrune<\/li>\n<li>Marcelo Kunrath Silva<\/li>\n<li>Marcelo Tr\u00e4sel<\/li>\n<li>Marcia Sampaio<\/li>\n<li>Maria Cristina Wagner Griebeler<\/li>\n<li>Maria Helena Firmbach Annes<\/li>\n<li>Maria Marta Borba Magadan<\/li>\n<li>Mariana Sirena<\/li>\n<li>Marina Correa Eschiletti<\/li>\n<li>Mario Leopoldo de Azevedo Rota<\/li>\n<li>Maristela Pastore<\/li>\n<li>Marli Marlene Mertz<\/li>\n<li>Michele Rolim<\/li>\n<li>Milton Siles Simas Junior<\/li>\n<\/ul>\n<\/div>\n<div style=\"width: 30%;min-width: 175px;float: left;margin: 0 0px 0 0;padding: 0 0 0 0\">\n<h3>N<\/h3>\n<ul>\n<li>Nadia Steinmetz<\/li>\n<li>Naiara Machado da Silva<\/li>\n<li>Nair Francisca Alves Paz<\/li>\n<li>Nanda Isele Gallas Duarte<\/li>\n<li>Neltair Abreu<\/li>\n<li>Nestor Nadruz<\/li>\n<li>Ney Francisco Ferreira<\/li>\n<li>Nina de Oliveira<\/li>\n<\/ul>\n<h3>P<\/h3>\n<ul>\n<li>Paula Sperb<\/li>\n<li>Paulo Barcellos<\/li>\n<li>Paulo Guarnieri<\/li>\n<li>Paulo Mendes Filho<\/li>\n<li>Paulo Renato Menezes<\/li>\n<li>Pedro Loss<\/li>\n<li>Pedro Xavier de Araujo<\/li>\n<li>Poti Silveira Campos<\/li>\n<\/ul>\n<h3>R<\/h3>\n<ul>\n<li>Rafael Brum Ferretti<\/li>\n<li>Rafael Gloria<\/li>\n<li>Raissa de Deus Genro<\/li>\n<li>Ricardo Melo<\/li>\n<li>Ricardo Romanoff Antunes<\/li>\n<li>Ricardo Schuck Rocha<\/li>\n<li>Roberto Reb\u00e9s Abreu<\/li>\n<li>Robson Pandolfi<\/li>\n<li>Rodrigo Adonis Barbieri<\/li>\n<li>Rodrigo Adonis Barbieri<\/li>\n<li>Rodrigo de Aguiar Gomes<\/li>\n<li>Ronaldo Cataldo Costa<\/li>\n<li>Rosana Toniolo Pozzobon<\/li>\n<li>Rosane Pereira<\/li>\n<\/ul>\n<h3>S<\/h3>\n<ul>\n<li>Salma Cafruni<\/li>\n<li>Silvia Franz Marcuzzo<\/li>\n<li>Silvio Guido Fioravanti Jardim<\/li>\n<li>Sindicato dos Municip\u00e1rios de Porto Alegre<\/li>\n<li>Sos\u00f4 e Felipe<\/li>\n<li>Sylvio Nogueira<\/li>\n<li>Sylvio Portinho Sirangelo<\/li>\n<\/ul>\n<h3>T<\/h3>\n<ul>\n<li>T\u00e9rcio Saccol<\/li>\n<li>Tha\u00efs Bretanha<\/li>\n<li>Tiago Baltz<\/li>\n<li>Tiago Holzmann da Silva<\/li>\n<\/ul>\n<h3>V<\/h3>\n<ul>\n<li>Vanessa Melgare<\/li>\n<li>Vicente Penteado Meirelles de Azevedo Marques<\/li>\n<li>Vin\u00edcius Baumhardt<\/li>\n<li>V\u00edtor N. Schaeffer<\/li>\n<\/ul>\n<\/div>\n<div style=\"clear: both;width: auto;float: center;margin: 0 0px 0 0;padding: 15px\">\n<h3>De toda equipe do J\u00c1, o nosso muito obrigado!<\/h3>\n<\/div>\n<\/div>\n","protected":false},"excerpt":{"rendered":"<p>A Alexandre Leboutte da Fonseca Alexandre Marques Alvaro Santi Ana J\u00falia Possamai Andr\u00e9 Coutinho Augustin Antonio Henriqson Aldo Mellender de Araujo Arildo Araujo B Beatriz Carlesso Bernardo Pereira Betania de Moraes Alfonsin Bianca Ruskowski Bruno Paim C Caio Lustosa Camila Silva Carina Kunze Carine Leal Carla Link Carlos Augusto Moreira dos Santos Carlos Gilberto Stein [&hellip;]<\/p>\n","protected":false},"author":4,"featured_media":27792,"comment_status":"open","ping_status":"closed","sticky":false,"template":"","format":"standard","meta":{"_jetpack_newsletter_access":"","_jetpack_dont_email_post_to_subs":false,"_jetpack_newsletter_tier_id":0,"_jetpack_memberships_contains_paywalled_content":false,"_jetpack_feature_clip_id":0,"_jetpack_memberships_contains_paid_content":false,"footnotes":"","jetpack_post_was_ever_published":false},"categories":[1742],"tags":[],"class_list":["post-27791","post","type-post","status-publish","format-standard","has-post-thumbnail","hentry","category-dossie-cais-maua"],"aioseo_notices":[],"aioseo_head":"\n\t\t<!-- All in One SEO 5.0.1.1 - aioseo.com -->\n\t<meta name=\"robots\" content=\"max-image-preview:large\" \/>\n\t<meta name=\"author\" content=\"da Reda\u00e7\u00e3o\"\/>\n\t<link rel=\"canonical\" href=\"https:\/\/www.jornalja.com.br\/arquivo\/apoiadores-do-dossie-cais-maua\/\" \/>\n\t<meta name=\"generator\" content=\"All in One SEO (AIOSEO) 5.0.1.1\" \/>\n\t\t<meta property=\"og:locale\" content=\"pt_BR\" \/>\n\t\t<meta property=\"og:site_name\" content=\"Arquivo | Jornal J\u00c1 | Porto Alegre\" \/>\n\t\t<meta property=\"og:type\" content=\"article\" \/>\n\t\t<meta property=\"og:title\" content=\"Apoiadores do Dossi\u00ea Cais Mau\u00e1 | Arquivo\" \/>\n\t\t<meta property=\"og:url\" content=\"https:\/\/www.jornalja.com.br\/arquivo\/apoiadores-do-dossie-cais-maua\/\" \/>\n\t\t<meta property=\"og:image\" content=\"https:\/\/www.jornalja.com.br\/economics\/wp-content\/uploads\/sites\/11\/2026\/08\/ja-folhaderosto-facebook.jpg\" \/>\n\t\t<meta property=\"og:image:secure_url\" content=\"https:\/\/www.jornalja.com.br\/economics\/wp-content\/uploads\/sites\/11\/2026\/08\/ja-folhaderosto-facebook.jpg\" \/>\n\t\t<meta property=\"article:published_time\" content=\"2015-12-24T08:10:09+00:00\" \/>\n\t\t<meta property=\"article:modified_time\" content=\"2015-12-24T08:10:09+00:00\" \/>\n\t\t<meta name=\"twitter:card\" content=\"summary\" \/>\n\t\t<meta name=\"twitter:title\" content=\"Apoiadores do Dossi\u00ea Cais Mau\u00e1 | Arquivo\" \/>\n\t\t<meta name=\"twitter:image\" content=\"https:\/\/www.jornalja.com.br\/economics\/wp-content\/uploads\/sites\/11\/2026\/08\/ja-folhaderosto-facebook.jpg\" \/>\n\t\t<script type=\"application\/ld+json\" class=\"aioseo-schema\">\n\t\t\t{\"@context\":\"https:\\\/\\\/schema.org\",\"@graph\":[{\"@type\":\"BlogPosting\",\"@id\":\"https:\\\/\\\/www.jornalja.com.br\\\/arquivo\\\/apoiadores-do-dossie-cais-maua\\\/#blogposting\",\"name\":\"Apoiadores do Dossi\\u00ea Cais Mau\\u00e1 | Arquivo\",\"headline\":\"Apoiadores do Dossi\\u00ea Cais Mau\\u00e1\",\"author\":{\"@id\":\"https:\\\/\\\/www.jornalja.com.br\\\/arquivo\\\/author\\\/daredacao\\\/#author\"},\"publisher\":{\"@id\":\"https:\\\/\\\/www.jornalja.com.br\\\/arquivo\\\/#organization\"},\"image\":{\"@type\":\"ImageObject\",\"url\":27792},\"datePublished\":\"2015-12-24T05:10:09-02:00\",\"dateModified\":\"2015-12-24T05:10:09-02:00\",\"inLanguage\":\"pt-BR\",\"mainEntityOfPage\":{\"@id\":\"https:\\\/\\\/www.jornalja.com.br\\\/arquivo\\\/apoiadores-do-dossie-cais-maua\\\/#webpage\"},\"isPartOf\":{\"@id\":\"https:\\\/\\\/www.jornalja.com.br\\\/arquivo\\\/apoiadores-do-dossie-cais-maua\\\/#webpage\"},\"articleSection\":\"Mat\\u00e9ria Cais pequena\"},{\"@type\":\"BreadcrumbList\",\"@id\":\"https:\\\/\\\/www.jornalja.com.br\\\/arquivo\\\/apoiadores-do-dossie-cais-maua\\\/#breadcrumblist\",\"itemListElement\":[{\"@type\":\"ListItem\",\"@id\":\"https:\\\/\\\/www.jornalja.com.br\\\/arquivo#listItem\",\"position\":1,\"name\":\"Home\",\"item\":\"https:\\\/\\\/www.jornalja.com.br\\\/arquivo\",\"nextItem\":{\"@type\":\"ListItem\",\"@id\":\"https:\\\/\\\/www.jornalja.com.br\\\/arquivo\\\/category\\\/dossie-cais-maua\\\/#listItem\",\"name\":\"Mat\\u00e9ria Cais pequena\"}},{\"@type\":\"ListItem\",\"@id\":\"https:\\\/\\\/www.jornalja.com.br\\\/arquivo\\\/category\\\/dossie-cais-maua\\\/#listItem\",\"position\":2,\"name\":\"Mat\\u00e9ria Cais pequena\",\"item\":\"https:\\\/\\\/www.jornalja.com.br\\\/arquivo\\\/category\\\/dossie-cais-maua\\\/\",\"nextItem\":{\"@type\":\"ListItem\",\"@id\":\"https:\\\/\\\/www.jornalja.com.br\\\/arquivo\\\/apoiadores-do-dossie-cais-maua\\\/#listItem\",\"name\":\"Apoiadores do Dossi\\u00ea Cais Mau\\u00e1\"},\"previousItem\":{\"@type\":\"ListItem\",\"@id\":\"https:\\\/\\\/www.jornalja.com.br\\\/arquivo#listItem\",\"name\":\"Home\"}},{\"@type\":\"ListItem\",\"@id\":\"https:\\\/\\\/www.jornalja.com.br\\\/arquivo\\\/apoiadores-do-dossie-cais-maua\\\/#listItem\",\"position\":3,\"name\":\"Apoiadores do Dossi\\u00ea Cais Mau\\u00e1\",\"previousItem\":{\"@type\":\"ListItem\",\"@id\":\"https:\\\/\\\/www.jornalja.com.br\\\/arquivo\\\/category\\\/dossie-cais-maua\\\/#listItem\",\"name\":\"Mat\\u00e9ria Cais pequena\"}}]},{\"@type\":\"Organization\",\"@id\":\"https:\\\/\\\/www.jornalja.com.br\\\/arquivo\\\/#organization\",\"name\":\"Jornal J\\u00c1\",\"description\":\"Jornal J\\u00c1 | Porto Alegre\",\"url\":\"https:\\\/\\\/www.jornalja.com.br\\\/arquivo\\\/\",\"telephone\":\"+555133307272\",\"logo\":{\"@type\":\"ImageObject\",\"url\":\"https:\\\/\\\/www.jornalja.com.br\\\/wp-content\\\/uploads\\\/cards\\\/JAslogan.png\",\"@id\":\"https:\\\/\\\/www.jornalja.com.br\\\/arquivo\\\/apoiadores-do-dossie-cais-maua\\\/#organizationLogo\"},\"image\":{\"@id\":\"https:\\\/\\\/www.jornalja.com.br\\\/arquivo\\\/apoiadores-do-dossie-cais-maua\\\/#organizationLogo\"}},{\"@type\":\"Person\",\"@id\":\"https:\\\/\\\/www.jornalja.com.br\\\/arquivo\\\/author\\\/daredacao\\\/#author\",\"url\":\"https:\\\/\\\/www.jornalja.com.br\\\/arquivo\\\/author\\\/daredacao\\\/\",\"name\":\"da Reda\\u00e7\\u00e3o\",\"image\":{\"@type\":\"ImageObject\",\"@id\":\"https:\\\/\\\/www.jornalja.com.br\\\/arquivo\\\/apoiadores-do-dossie-cais-maua\\\/#authorImage\",\"url\":\"https:\\\/\\\/secure.gravatar.com\\\/avatar\\\/469fd857d6605ad19919d27ed29d35a968a25f6e8fd9318356bbb7f57aae9c65?s=96&d=mm&r=g\",\"width\":96,\"height\":96,\"caption\":\"da Reda\\u00e7\\u00e3o\"}},{\"@type\":\"WebPage\",\"@id\":\"https:\\\/\\\/www.jornalja.com.br\\\/arquivo\\\/apoiadores-do-dossie-cais-maua\\\/#webpage\",\"url\":\"https:\\\/\\\/www.jornalja.com.br\\\/arquivo\\\/apoiadores-do-dossie-cais-maua\\\/\",\"name\":\"Apoiadores do Dossi\\u00ea Cais Mau\\u00e1 | Arquivo\",\"inLanguage\":\"pt-BR\",\"isPartOf\":{\"@id\":\"https:\\\/\\\/www.jornalja.com.br\\\/arquivo\\\/#website\"},\"breadcrumb\":{\"@id\":\"https:\\\/\\\/www.jornalja.com.br\\\/arquivo\\\/apoiadores-do-dossie-cais-maua\\\/#breadcrumblist\"},\"author\":{\"@id\":\"https:\\\/\\\/www.jornalja.com.br\\\/arquivo\\\/author\\\/daredacao\\\/#author\"},\"creator\":{\"@id\":\"https:\\\/\\\/www.jornalja.com.br\\\/arquivo\\\/author\\\/daredacao\\\/#author\"},\"image\":{\"@type\":\"ImageObject\",\"url\":27792,\"@id\":\"https:\\\/\\\/www.jornalja.com.br\\\/arquivo\\\/apoiadores-do-dossie-cais-maua\\\/#mainImage\"},\"primaryImageOfPage\":{\"@id\":\"https:\\\/\\\/www.jornalja.com.br\\\/arquivo\\\/apoiadores-do-dossie-cais-maua\\\/#mainImage\"},\"datePublished\":\"2015-12-24T05:10:09-02:00\",\"dateModified\":\"2015-12-24T05:10:09-02:00\"},{\"@type\":\"WebSite\",\"@id\":\"https:\\\/\\\/www.jornalja.com.br\\\/arquivo\\\/#website\",\"url\":\"https:\\\/\\\/www.jornalja.com.br\\\/arquivo\\\/\",\"name\":\"Arquivo\",\"description\":\"Jornal J\\u00c1 | Porto Alegre\",\"inLanguage\":\"pt-BR\",\"publisher\":{\"@id\":\"https:\\\/\\\/www.jornalja.com.br\\\/arquivo\\\/#organization\"}}]}\n\t\t<\/script>\n\t\t<!-- All in One SEO -->\n\n","aioseo_head_json":{"title":"Apoiadores do Dossi\u00ea Cais Mau\u00e1 | Arquivo","description":"","canonical_url":"https:\/\/www.jornalja.com.br\/arquivo\/apoiadores-do-dossie-cais-maua\/","robots":"max-image-preview:large","keywords":"","webmasterTools":{"miscellaneous":""},"schema":{"@context":"https:\/\/schema.org","@graph":[{"@type":"BlogPosting","@id":"https:\/\/www.jornalja.com.br\/arquivo\/apoiadores-do-dossie-cais-maua\/#blogposting","name":"Apoiadores do Dossi\u00ea Cais Mau\u00e1 | Arquivo","headline":"Apoiadores do Dossi\u00ea Cais Mau\u00e1","author":{"@id":"https:\/\/www.jornalja.com.br\/arquivo\/author\/daredacao\/#author"},"publisher":{"@id":"https:\/\/www.jornalja.com.br\/arquivo\/#organization"},"image":{"@type":"ImageObject","url":27792},"datePublished":"2015-12-24T05:10:09-02:00","dateModified":"2015-12-24T05:10:09-02:00","inLanguage":"pt-BR","mainEntityOfPage":{"@id":"https:\/\/www.jornalja.com.br\/arquivo\/apoiadores-do-dossie-cais-maua\/#webpage"},"isPartOf":{"@id":"https:\/\/www.jornalja.com.br\/arquivo\/apoiadores-do-dossie-cais-maua\/#webpage"},"articleSection":"Mat\u00e9ria Cais pequena"},{"@type":"BreadcrumbList","@id":"https:\/\/www.jornalja.com.br\/arquivo\/apoiadores-do-dossie-cais-maua\/#breadcrumblist","itemListElement":[{"@type":"ListItem","@id":"https:\/\/www.jornalja.com.br\/arquivo#listItem","position":1,"name":"Home","item":"https:\/\/www.jornalja.com.br\/arquivo","nextItem":{"@type":"ListItem","@id":"https:\/\/www.jornalja.com.br\/arquivo\/category\/dossie-cais-maua\/#listItem","name":"Mat\u00e9ria Cais pequena"}},{"@type":"ListItem","@id":"https:\/\/www.jornalja.com.br\/arquivo\/category\/dossie-cais-maua\/#listItem","position":2,"name":"Mat\u00e9ria Cais pequena","item":"https:\/\/www.jornalja.com.br\/arquivo\/category\/dossie-cais-maua\/","nextItem":{"@type":"ListItem","@id":"https:\/\/www.jornalja.com.br\/arquivo\/apoiadores-do-dossie-cais-maua\/#listItem","name":"Apoiadores do Dossi\u00ea Cais Mau\u00e1"},"previousItem":{"@type":"ListItem","@id":"https:\/\/www.jornalja.com.br\/arquivo#listItem","name":"Home"}},{"@type":"ListItem","@id":"https:\/\/www.jornalja.com.br\/arquivo\/apoiadores-do-dossie-cais-maua\/#listItem","position":3,"name":"Apoiadores do Dossi\u00ea Cais Mau\u00e1","previousItem":{"@type":"ListItem","@id":"https:\/\/www.jornalja.com.br\/arquivo\/category\/dossie-cais-maua\/#listItem","name":"Mat\u00e9ria Cais pequena"}}]},{"@type":"Organization","@id":"https:\/\/www.jornalja.com.br\/arquivo\/#organization","name":"Jornal J\u00c1","description":"Jornal J\u00c1 | Porto Alegre","url":"https:\/\/www.jornalja.com.br\/arquivo\/","telephone":"+555133307272","logo":{"@type":"ImageObject","url":"https:\/\/www.jornalja.com.br\/wp-content\/uploads\/cards\/JAslogan.png","@id":"https:\/\/www.jornalja.com.br\/arquivo\/apoiadores-do-dossie-cais-maua\/#organizationLogo"},"image":{"@id":"https:\/\/www.jornalja.com.br\/arquivo\/apoiadores-do-dossie-cais-maua\/#organizationLogo"}},{"@type":"Person","@id":"https:\/\/www.jornalja.com.br\/arquivo\/author\/daredacao\/#author","url":"https:\/\/www.jornalja.com.br\/arquivo\/author\/daredacao\/","name":"da Reda\u00e7\u00e3o","image":{"@type":"ImageObject","@id":"https:\/\/www.jornalja.com.br\/arquivo\/apoiadores-do-dossie-cais-maua\/#authorImage","url":"https:\/\/secure.gravatar.com\/avatar\/469fd857d6605ad19919d27ed29d35a968a25f6e8fd9318356bbb7f57aae9c65?s=96&d=mm&r=g","width":96,"height":96,"caption":"da Reda\u00e7\u00e3o"}},{"@type":"WebPage","@id":"https:\/\/www.jornalja.com.br\/arquivo\/apoiadores-do-dossie-cais-maua\/#webpage","url":"https:\/\/www.jornalja.com.br\/arquivo\/apoiadores-do-dossie-cais-maua\/","name":"Apoiadores do Dossi\u00ea Cais Mau\u00e1 | Arquivo","inLanguage":"pt-BR","isPartOf":{"@id":"https:\/\/www.jornalja.com.br\/arquivo\/#website"},"breadcrumb":{"@id":"https:\/\/www.jornalja.com.br\/arquivo\/apoiadores-do-dossie-cais-maua\/#breadcrumblist"},"author":{"@id":"https:\/\/www.jornalja.com.br\/arquivo\/author\/daredacao\/#author"},"creator":{"@id":"https:\/\/www.jornalja.com.br\/arquivo\/author\/daredacao\/#author"},"image":{"@type":"ImageObject","url":27792,"@id":"https:\/\/www.jornalja.com.br\/arquivo\/apoiadores-do-dossie-cais-maua\/#mainImage"},"primaryImageOfPage":{"@id":"https:\/\/www.jornalja.com.br\/arquivo\/apoiadores-do-dossie-cais-maua\/#mainImage"},"datePublished":"2015-12-24T05:10:09-02:00","dateModified":"2015-12-24T05:10:09-02:00"},{"@type":"WebSite","@id":"https:\/\/www.jornalja.com.br\/arquivo\/#website","url":"https:\/\/www.jornalja.com.br\/arquivo\/","name":"Arquivo","description":"Jornal J\u00c1 | Porto Alegre","inLanguage":"pt-BR","publisher":{"@id":"https:\/\/www.jornalja.com.br\/arquivo\/#organization"}}]},"og:locale":"pt_BR","og:site_name":"Arquivo | Jornal J\u00c1 | Porto Alegre","og:type":"article","og:title":"Apoiadores do Dossi\u00ea Cais Mau\u00e1 | Arquivo","og:url":"https:\/\/www.jornalja.com.br\/arquivo\/apoiadores-do-dossie-cais-maua\/","og:image":"https:\/\/www.jornalja.com.br\/economics\/wp-content\/uploads\/sites\/11\/2026\/08\/ja-folhaderosto-facebook.jpg","og:image:secure_url":"https:\/\/www.jornalja.com.br\/economics\/wp-content\/uploads\/sites\/11\/2026\/08\/ja-folhaderosto-facebook.jpg","article:published_time":"2015-12-24T08:10:09+00:00","article:modified_time":"2015-12-24T08:10:09+00:00","twitter:card":"summary","twitter:title":"Apoiadores do Dossi\u00ea Cais Mau\u00e1 | Arquivo","twitter:image":"https:\/\/www.jornalja.com.br\/economics\/wp-content\/uploads\/sites\/11\/2026\/08\/ja-folhaderosto-facebook.jpg"},"aioseo_meta_data":{"post_id":"27791","title":null,"description":null,"keywords":null,"keyphrases":null,"primary_term":null,"canonical_url":null,"og_title":null,"og_description":null,"og_object_type":"default","og_image_type":"default","og_image_url":null,"og_image_width":null,"og_image_height":null,"og_image_custom_url":null,"og_image_custom_fields":null,"og_video":null,"og_custom_url":null,"og_article_section":null,"og_article_tags":null,"twitter_use_og":false,"twitter_card":"default","twitter_image_type":"default","twitter_image_url":null,"twitter_image_custom_url":null,"twitter_image_custom_fields":null,"twitter_title":null,"twitter_description":null,"schema":{"blockGraphs":[],"customGraphs":[],"default":{"data":{"Article":[],"Course":[],"Dataset":[],"FAQPage":[],"Movie":[],"Person":[],"Product":[],"ProductReview":[],"Car":[],"Recipe":[],"Service":[],"SoftwareApplication":[],"WebPage":[]},"graphName":"","isEnabled":true},"graphs":[],"defaultGraph":"","defaultPostTypeGraph":""},"schema_type":null,"schema_type_options":null,"pillar_content":false,"robots_default":true,"robots_noindex":false,"robots_noarchive":false,"robots_nosnippet":false,"robots_nofollow":false,"robots_noimageindex":false,"robots_noodp":false,"robots_notranslate":false,"robots_max_snippet":null,"robots_max_videopreview":null,"robots_max_imagepreview":"large","priority":null,"frequency":null,"location":null,"local_seo":null,"breadcrumb_settings":null,"limit_modified_date":false,"ai":null,"created":"2020-12-20 21:01:20","updated":"2025-07-19 12:08:02","seo_analyzer_scan_date":null,"focus_keyword":null,"additional_keywords":null,"truseo_locale":null},"jetpack_sharing_enabled":true,"jetpack-related-posts":[{"id":13101,"url":"https:\/\/www.jornalja.com.br\/arquivo\/morre-um-guerreiro-do-texto\/","url_meta":{"origin":27791,"position":0},"title":"Morre um guerreiro do texto","author":"Patr\u00edcia Marini","date":"14 de maio de 2014","format":false,"excerpt":"Por Ricardo Kotscho Reproduzido do blog do autor, 11\/5\/2014; t\u00edtulo original \u201cE l\u00e1 se foi o nosso Myltainho, guerreiro do texto\u201d. Mi\u00fado e franzino, meu amigo Myltainho era um valente e inconformado guerreiro na luta contra as injusti\u00e7as sociais, a hipocrisia, as maracutaias, o autoritarismo, a intoler\u00e2ncia, a viol\u00eancia, o\u2026","rel":"","context":"Em &quot;Geral&quot;","block_context":{"text":"Geral","link":"https:\/\/www.jornalja.com.br\/arquivo\/category\/geral\/"},"img":{"alt_text":"","src":"","width":0,"height":0},"classes":[]},{"id":13239,"url":"https:\/\/www.jornalja.com.br\/arquivo\/conselho-desdenha-do-plano-diretor\/","url_meta":{"origin":27791,"position":1},"title":"Porto Alegre: Conselho detona Plano Diretor","author":"Patr\u00edcia Marini","date":"25 de maio de 2014","format":false,"excerpt":"Den\u00fancia do arquiteto e \u00a0urbanista Ibir\u00e1 Santos Lucas. Ele diz que os conselheiros est\u00e3o votando com \"enorme irresponsabilidade\". \"Mudam regime com a maior naturalidade,,,regularizam absurdos de constru\u00e7\u00f5es irregulares... \"O CMDUA est\u00e1 flexibilizando a lei do plano diretor, de uma forma impactante na vida da cidade. Mudam regime com a maior\u2026","rel":"","context":"Em &quot;Geral&quot;","block_context":{"text":"Geral","link":"https:\/\/www.jornalja.com.br\/arquivo\/category\/geral\/"},"img":{"alt_text":"","src":"","width":0,"height":0},"classes":[]}],"jetpack_shortlink":"https:\/\/wp.me\/pbQjBd-7ef","jetpack_featured_media_url":"","_links":{"self":[{"href":"https:\/\/www.jornalja.com.br\/arquivo\/wp-json\/wp\/v2\/posts\/27791","targetHints":{"allow":["GET"]}}],"collection":[{"href":"https:\/\/www.jornalja.com.br\/arquivo\/wp-json\/wp\/v2\/posts"}],"about":[{"href":"https:\/\/www.jornalja.com.br\/arquivo\/wp-json\/wp\/v2\/types\/post"}],"author":[{"embeddable":true,"href":"https:\/\/www.jornalja.com.br\/arquivo\/wp-json\/wp\/v2\/users\/4"}],"replies":[{"embeddable":true,"href":"https:\/\/www.jornalja.com.br\/arquivo\/wp-json\/wp\/v2\/comments?post=27791"}],"version-history":[{"count":0,"href":"https:\/\/www.jornalja.com.br\/arquivo\/wp-json\/wp\/v2\/posts\/27791\/revisions"}],"wp:attachment":[{"href":"https:\/\/www.jornalja.com.br\/arquivo\/wp-json\/wp\/v2\/media?parent=27791"}],"wp:term":[{"taxonomy":"category","embeddable":true,"href":"https:\/\/www.jornalja.com.br\/arquivo\/wp-json\/wp\/v2\/categories?post=27791"},{"taxonomy":"post_tag","embeddable":true,"href":"https:\/\/www.jornalja.com.br\/arquivo\/wp-json\/wp\/v2\/tags?post=27791"}],"curies":[{"name":"wp","href":"https:\/\/api.w.org\/{rel}","templated":true}]}}