{"id":28856,"date":"2016-01-15T16:24:57","date_gmt":"2016-01-15T19:24:57","guid":{"rendered":"https:\/\/jornalja.com.br\/?p=28856"},"modified":"2016-01-15T16:24:57","modified_gmt":"2016-01-15T19:24:57","slug":"abertura-do-forum-tera-nei-lisboa-e-chico-cesar-no-largo-zumbi-dos-palmares","status":"publish","type":"post","link":"https:\/\/www.jornalja.com.br\/arquivo\/abertura-do-forum-tera-nei-lisboa-e-chico-cesar-no-largo-zumbi-dos-palmares\/","title":{"rendered":"Nei Lisboa e Chico C\u00e9sar no show de abertura do F\u00f3rum"},"content":{"rendered":"<p>A edi\u00e7\u00e3o comemorativa de 15 anos do F\u00f3rum Social Mundial come\u00e7a na pr\u00f3xima ter\u00e7a feira, 19, com a tradicional marcha de abertura, com concentra\u00e7\u00e3o a partir das 15h no Largo Gl\u00eanio Peres. A caminhada seguir\u00e1 pela avenida Borges de Medeiros at\u00e9 o Largo Zumbi dos Palmares, onde acontece o show de abertura a partir das 19h.<br \/>\nOs grandes nomes esperados para a marcha, como o presidente uruguaio Jos\u00e9 Mujica, o ex-presidente Lula e a presidente Dilma Rousseff, ainda n\u00e3o est\u00e3o confirmados.Mas o palco do Largo Zumbi, que receber\u00e1 as principais atra\u00e7\u00f5es musicais, j\u00e1 tem programa\u00e7\u00e3o confirmada pela organiza\u00e7\u00e3o do F\u00f3rum.<br \/>\n<span class=\"intertit\">Programa\u00e7\u00e3o ter\u00e1 ma\u00e7ambique, hip hop e m\u00fasica instrumental<\/span><br \/>\nO \u00fanico nome que ainda \u00e9 d\u00favida \u00e9 o de Leci Brand\u00e3o. A sambista e deputada estadual em S\u00e3o Paulo vem a Porto Alegre para participar da mesa \u201cM\u00eddia, ideologia, educa\u00e7\u00e3o e poder\u201d, dia 21, \u00e0s 17h, no Audit\u00f3rio Ara\u00fajo Vianna. Ainda n\u00e3o se sabe se Leci vir\u00e1 acompanhada da banda ou se far\u00e1 apenas uma canja no dia da atividade.<br \/>\nA segunda noite de apresenta\u00e7\u00f5es ser\u00e1 dedicada ao hip hop, com show do rapper Eduardo Taddeo, apresentando seu novo disco &#8220;A Fant\u00e1stica F\u00e1brica de Cad\u00e1ver&#8221;, e atra\u00e7\u00f5es de diversas partes do estado.<br \/>\nNo dia 21 \u00e9 a noite da m\u00fasica contempor\u00e2nea. Um grupo de m\u00fasicos ga\u00fachos se reuniu para formar o grupo Tup\u00e3s, que vai apresentar can\u00e7\u00f5es da m\u00fasicas popular brasileira em vers\u00f5es instrumentais. No repert\u00f3rio, diversos compositores brasileiros, entre eles Lupic\u00ednio Rodrigues e T\u00falio Piva.<br \/>\nA noite de 22 de janeiro ser\u00e1 dedicada \u00e0 cultura popular e \u00e0s manifesta\u00e7\u00f5es culturais tradicionais, como o ma\u00e7ambique, manifesta\u00e7\u00e3o religiosa negra que tem seus registros mais antigos no estado no s\u00e9culo XIX e que, como outras pelo Brasil, tem origem nas cerim\u00f4nias de coroa\u00e7\u00e3o do Rei Congo e da Rainha Ginga. O Ma\u00e7ambique Morro Alto se apresentar\u00e1 na noite de 22, no Largo Zumbi dos Palmares. No Rio Grande do Sul, o ma\u00e7ambique est\u00e1 presente tamb\u00e9m no munic\u00edpio de Os\u00f3rio.<br \/>\nAs apresenta\u00e7\u00f5es ser\u00e3o divididas em noites tem\u00e1ticas e acontecem entre 19 a 22 de janeiro, a partir das 19h com encerramento previsto para as 22h. A noite de abertura contar\u00e1 com o rapper Moys\u00e9s, ex Fac\u00e7\u00e3o Central e A286, seguido por Nei Lisboa e Chico C\u00e9sar.<br \/>\n<span class=\"intertit\">Principais atra\u00e7\u00f5es se dividem entre Zumbi e Ara\u00fajo Vianna<\/span><br \/>\nTodos locais que receber\u00e3o atividades do F\u00f3rum Social ter\u00e3o apresenta\u00e7\u00f5es art\u00edticas, garante a organiza\u00e7\u00e3o. No intervalo entre uma mesa e outra haver\u00e3o as chamadas m\u00edsticas, pequena apresenta\u00e7\u00f5es de cerca de 15 minutos.<br \/>\nOs principais shows ser\u00e3o divididos entre o Largo Zumbi dos Palmares e o Audit\u00f3rio Ara\u00fajo Vianna. A programa\u00e7\u00e3o do Ara\u00fajo ainda nao est\u00e1 completa, mas j\u00e1 est\u00e3o confirmadas as atra\u00e7\u00f5es do dia 21, Grupo Show da Imperatriz Dona Leopoldina, Trio Mand\u00ea e a grava\u00e7\u00e3o de um clipe de Eduardo Branca, a partir das 18h.<br \/>\n&nbsp;<br \/>\nConfira a programa\u00e7\u00e3o do Largo Zumbi dos Palmares:<br \/>\n<strong>Dia 19 &#8211; Abertura<\/strong><br \/>\nMoys\u00e9s<br \/>\nNei Lisboa<br \/>\nChico C\u00e9sar<br \/>\n<strong>Dia 20 &#8211; Cultura Hip Hop &#8211; Parrhesia em Movimento apresenta<\/strong><br \/>\nEduardo Taddeo<br \/>\nPocket Shows:\u00a0Rima Suprema, Front LR, 2 Tios, Flavinha Manda Rima, Articulados, Thymen, Mano Dygo, D Mix Charme, LPJ, Ideologia RS<br \/>\nGrafitti<br \/>\nMalabares<br \/>\nDj Mario<br \/>\nDj Alexandre Schulz<br \/>\n<strong>Dia 21 &#8211; Contempor\u00e2neo<\/strong><br \/>\nTup\u00e3s<br \/>\nQuinteto Canjerana<br \/>\nRock de Galp\u00e3o<br \/>\n<strong>Dia 22 &#8211; Cultura popular e tradi\u00e7\u00e3o<\/strong><br \/>\nMa\u00e7ambique Morro Alto<br \/>\nBlack Tch\u00ea<br \/>\nCalunga<br \/>\nAlab\u00ea Oni<\/p>\n","protected":false},"excerpt":{"rendered":"<p>A edi\u00e7\u00e3o comemorativa de 15 anos do F\u00f3rum Social Mundial come\u00e7a na pr\u00f3xima ter\u00e7a feira, 19, com a tradicional marcha de abertura, com concentra\u00e7\u00e3o a partir das 15h no Largo Gl\u00eanio Peres. A caminhada seguir\u00e1 pela avenida Borges de Medeiros at\u00e9 o Largo Zumbi dos Palmares, onde acontece o show de abertura a partir das [&hellip;]<\/p>\n","protected":false},"author":4,"featured_media":28861,"comment_status":"open","ping_status":"closed","sticky":false,"template":"","format":"standard","meta":{"_jetpack_newsletter_access":"","_jetpack_dont_email_post_to_subs":false,"_jetpack_newsletter_tier_id":0,"_jetpack_memberships_contains_paywalled_content":false,"_jetpack_feature_clip_id":0,"_jetpack_memberships_contains_paid_content":false,"footnotes":"","jetpack_post_was_ever_published":false},"categories":[11],"tags":[],"class_list":["post-28856","post","type-post","status-publish","format-standard","has-post-thumbnail","hentry","category-materiasecundaria"],"aioseo_notices":[],"aioseo_head":"\n\t\t<!-- All in One SEO 5.0.1.1 - aioseo.com -->\n\t<meta name=\"robots\" content=\"max-image-preview:large\" \/>\n\t<meta name=\"author\" content=\"da Reda\u00e7\u00e3o\"\/>\n\t<link rel=\"canonical\" href=\"https:\/\/www.jornalja.com.br\/arquivo\/abertura-do-forum-tera-nei-lisboa-e-chico-cesar-no-largo-zumbi-dos-palmares\/\" \/>\n\t<meta name=\"generator\" content=\"All in One SEO (AIOSEO) 5.0.1.1\" \/>\n\t\t<meta property=\"og:locale\" content=\"pt_BR\" \/>\n\t\t<meta property=\"og:site_name\" content=\"Arquivo | Jornal J\u00c1 | Porto Alegre\" \/>\n\t\t<meta property=\"og:type\" content=\"article\" \/>\n\t\t<meta property=\"og:title\" content=\"Nei Lisboa e Chico C\u00e9sar no show de abertura do F\u00f3rum | Arquivo\" \/>\n\t\t<meta property=\"og:url\" content=\"https:\/\/www.jornalja.com.br\/arquivo\/abertura-do-forum-tera-nei-lisboa-e-chico-cesar-no-largo-zumbi-dos-palmares\/\" \/>\n\t\t<meta property=\"og:image\" content=\"https:\/\/www.jornalja.com.br\/economics\/wp-content\/uploads\/sites\/11\/2026\/08\/ja-folhaderosto-facebook.jpg\" \/>\n\t\t<meta property=\"og:image:secure_url\" content=\"https:\/\/www.jornalja.com.br\/economics\/wp-content\/uploads\/sites\/11\/2026\/08\/ja-folhaderosto-facebook.jpg\" \/>\n\t\t<meta property=\"article:published_time\" content=\"2016-01-15T19:24:57+00:00\" \/>\n\t\t<meta property=\"article:modified_time\" content=\"2016-01-15T19:24:57+00:00\" \/>\n\t\t<meta name=\"twitter:card\" content=\"summary\" \/>\n\t\t<meta name=\"twitter:title\" content=\"Nei Lisboa e Chico C\u00e9sar no show de abertura do F\u00f3rum | Arquivo\" \/>\n\t\t<meta name=\"twitter:image\" content=\"https:\/\/www.jornalja.com.br\/economics\/wp-content\/uploads\/sites\/11\/2026\/08\/ja-folhaderosto-facebook.jpg\" \/>\n\t\t<script type=\"application\/ld+json\" class=\"aioseo-schema\">\n\t\t\t{\"@context\":\"https:\\\/\\\/schema.org\",\"@graph\":[{\"@type\":\"BlogPosting\",\"@id\":\"https:\\\/\\\/www.jornalja.com.br\\\/arquivo\\\/abertura-do-forum-tera-nei-lisboa-e-chico-cesar-no-largo-zumbi-dos-palmares\\\/#blogposting\",\"name\":\"Nei Lisboa e Chico C\\u00e9sar no show de abertura do F\\u00f3rum | Arquivo\",\"headline\":\"Nei Lisboa e Chico C\\u00e9sar no show de abertura do F\\u00f3rum\",\"author\":{\"@id\":\"https:\\\/\\\/www.jornalja.com.br\\\/arquivo\\\/author\\\/daredacao\\\/#author\"},\"publisher\":{\"@id\":\"https:\\\/\\\/www.jornalja.com.br\\\/arquivo\\\/#organization\"},\"image\":{\"@type\":\"ImageObject\",\"url\":28861},\"datePublished\":\"2016-01-15T16:24:57-02:00\",\"dateModified\":\"2016-01-15T16:24:57-02:00\",\"inLanguage\":\"pt-BR\",\"mainEntityOfPage\":{\"@id\":\"https:\\\/\\\/www.jornalja.com.br\\\/arquivo\\\/abertura-do-forum-tera-nei-lisboa-e-chico-cesar-no-largo-zumbi-dos-palmares\\\/#webpage\"},\"isPartOf\":{\"@id\":\"https:\\\/\\\/www.jornalja.com.br\\\/arquivo\\\/abertura-do-forum-tera-nei-lisboa-e-chico-cesar-no-largo-zumbi-dos-palmares\\\/#webpage\"},\"articleSection\":\"Cultura-Geral\"},{\"@type\":\"BreadcrumbList\",\"@id\":\"https:\\\/\\\/www.jornalja.com.br\\\/arquivo\\\/abertura-do-forum-tera-nei-lisboa-e-chico-cesar-no-largo-zumbi-dos-palmares\\\/#breadcrumblist\",\"itemListElement\":[{\"@type\":\"ListItem\",\"@id\":\"https:\\\/\\\/www.jornalja.com.br\\\/arquivo#listItem\",\"position\":1,\"name\":\"Home\",\"item\":\"https:\\\/\\\/www.jornalja.com.br\\\/arquivo\",\"nextItem\":{\"@type\":\"ListItem\",\"@id\":\"https:\\\/\\\/www.jornalja.com.br\\\/arquivo\\\/category\\\/materiasecundaria\\\/#listItem\",\"name\":\"Cultura-Geral\"}},{\"@type\":\"ListItem\",\"@id\":\"https:\\\/\\\/www.jornalja.com.br\\\/arquivo\\\/category\\\/materiasecundaria\\\/#listItem\",\"position\":2,\"name\":\"Cultura-Geral\",\"item\":\"https:\\\/\\\/www.jornalja.com.br\\\/arquivo\\\/category\\\/materiasecundaria\\\/\",\"nextItem\":{\"@type\":\"ListItem\",\"@id\":\"https:\\\/\\\/www.jornalja.com.br\\\/arquivo\\\/abertura-do-forum-tera-nei-lisboa-e-chico-cesar-no-largo-zumbi-dos-palmares\\\/#listItem\",\"name\":\"Nei Lisboa e Chico C\\u00e9sar no show de abertura do F\\u00f3rum\"},\"previousItem\":{\"@type\":\"ListItem\",\"@id\":\"https:\\\/\\\/www.jornalja.com.br\\\/arquivo#listItem\",\"name\":\"Home\"}},{\"@type\":\"ListItem\",\"@id\":\"https:\\\/\\\/www.jornalja.com.br\\\/arquivo\\\/abertura-do-forum-tera-nei-lisboa-e-chico-cesar-no-largo-zumbi-dos-palmares\\\/#listItem\",\"position\":3,\"name\":\"Nei Lisboa e Chico C\\u00e9sar no show de abertura do F\\u00f3rum\",\"previousItem\":{\"@type\":\"ListItem\",\"@id\":\"https:\\\/\\\/www.jornalja.com.br\\\/arquivo\\\/category\\\/materiasecundaria\\\/#listItem\",\"name\":\"Cultura-Geral\"}}]},{\"@type\":\"Organization\",\"@id\":\"https:\\\/\\\/www.jornalja.com.br\\\/arquivo\\\/#organization\",\"name\":\"Jornal J\\u00c1\",\"description\":\"Jornal J\\u00c1 | Porto Alegre\",\"url\":\"https:\\\/\\\/www.jornalja.com.br\\\/arquivo\\\/\",\"telephone\":\"+555133307272\",\"logo\":{\"@type\":\"ImageObject\",\"url\":\"https:\\\/\\\/www.jornalja.com.br\\\/wp-content\\\/uploads\\\/cards\\\/JAslogan.png\",\"@id\":\"https:\\\/\\\/www.jornalja.com.br\\\/arquivo\\\/abertura-do-forum-tera-nei-lisboa-e-chico-cesar-no-largo-zumbi-dos-palmares\\\/#organizationLogo\"},\"image\":{\"@id\":\"https:\\\/\\\/www.jornalja.com.br\\\/arquivo\\\/abertura-do-forum-tera-nei-lisboa-e-chico-cesar-no-largo-zumbi-dos-palmares\\\/#organizationLogo\"}},{\"@type\":\"Person\",\"@id\":\"https:\\\/\\\/www.jornalja.com.br\\\/arquivo\\\/author\\\/daredacao\\\/#author\",\"url\":\"https:\\\/\\\/www.jornalja.com.br\\\/arquivo\\\/author\\\/daredacao\\\/\",\"name\":\"da Reda\\u00e7\\u00e3o\",\"image\":{\"@type\":\"ImageObject\",\"@id\":\"https:\\\/\\\/www.jornalja.com.br\\\/arquivo\\\/abertura-do-forum-tera-nei-lisboa-e-chico-cesar-no-largo-zumbi-dos-palmares\\\/#authorImage\",\"url\":\"https:\\\/\\\/secure.gravatar.com\\\/avatar\\\/469fd857d6605ad19919d27ed29d35a968a25f6e8fd9318356bbb7f57aae9c65?s=96&d=mm&r=g\",\"width\":96,\"height\":96,\"caption\":\"da Reda\\u00e7\\u00e3o\"}},{\"@type\":\"WebPage\",\"@id\":\"https:\\\/\\\/www.jornalja.com.br\\\/arquivo\\\/abertura-do-forum-tera-nei-lisboa-e-chico-cesar-no-largo-zumbi-dos-palmares\\\/#webpage\",\"url\":\"https:\\\/\\\/www.jornalja.com.br\\\/arquivo\\\/abertura-do-forum-tera-nei-lisboa-e-chico-cesar-no-largo-zumbi-dos-palmares\\\/\",\"name\":\"Nei Lisboa e Chico C\\u00e9sar no show de abertura do F\\u00f3rum | Arquivo\",\"inLanguage\":\"pt-BR\",\"isPartOf\":{\"@id\":\"https:\\\/\\\/www.jornalja.com.br\\\/arquivo\\\/#website\"},\"breadcrumb\":{\"@id\":\"https:\\\/\\\/www.jornalja.com.br\\\/arquivo\\\/abertura-do-forum-tera-nei-lisboa-e-chico-cesar-no-largo-zumbi-dos-palmares\\\/#breadcrumblist\"},\"author\":{\"@id\":\"https:\\\/\\\/www.jornalja.com.br\\\/arquivo\\\/author\\\/daredacao\\\/#author\"},\"creator\":{\"@id\":\"https:\\\/\\\/www.jornalja.com.br\\\/arquivo\\\/author\\\/daredacao\\\/#author\"},\"image\":{\"@type\":\"ImageObject\",\"url\":28861,\"@id\":\"https:\\\/\\\/www.jornalja.com.br\\\/arquivo\\\/abertura-do-forum-tera-nei-lisboa-e-chico-cesar-no-largo-zumbi-dos-palmares\\\/#mainImage\"},\"primaryImageOfPage\":{\"@id\":\"https:\\\/\\\/www.jornalja.com.br\\\/arquivo\\\/abertura-do-forum-tera-nei-lisboa-e-chico-cesar-no-largo-zumbi-dos-palmares\\\/#mainImage\"},\"datePublished\":\"2016-01-15T16:24:57-02:00\",\"dateModified\":\"2016-01-15T16:24:57-02:00\"},{\"@type\":\"WebSite\",\"@id\":\"https:\\\/\\\/www.jornalja.com.br\\\/arquivo\\\/#website\",\"url\":\"https:\\\/\\\/www.jornalja.com.br\\\/arquivo\\\/\",\"name\":\"Arquivo\",\"description\":\"Jornal J\\u00c1 | Porto Alegre\",\"inLanguage\":\"pt-BR\",\"publisher\":{\"@id\":\"https:\\\/\\\/www.jornalja.com.br\\\/arquivo\\\/#organization\"}}]}\n\t\t<\/script>\n\t\t<!-- All in One SEO -->\n\n","aioseo_head_json":{"title":"Nei Lisboa e Chico C\u00e9sar no show de abertura do F\u00f3rum | Arquivo","description":"","canonical_url":"https:\/\/www.jornalja.com.br\/arquivo\/abertura-do-forum-tera-nei-lisboa-e-chico-cesar-no-largo-zumbi-dos-palmares\/","robots":"max-image-preview:large","keywords":"","webmasterTools":{"miscellaneous":""},"schema":{"@context":"https:\/\/schema.org","@graph":[{"@type":"BlogPosting","@id":"https:\/\/www.jornalja.com.br\/arquivo\/abertura-do-forum-tera-nei-lisboa-e-chico-cesar-no-largo-zumbi-dos-palmares\/#blogposting","name":"Nei Lisboa e Chico C\u00e9sar no show de abertura do F\u00f3rum | Arquivo","headline":"Nei Lisboa e Chico C\u00e9sar no show de abertura do F\u00f3rum","author":{"@id":"https:\/\/www.jornalja.com.br\/arquivo\/author\/daredacao\/#author"},"publisher":{"@id":"https:\/\/www.jornalja.com.br\/arquivo\/#organization"},"image":{"@type":"ImageObject","url":28861},"datePublished":"2016-01-15T16:24:57-02:00","dateModified":"2016-01-15T16:24:57-02:00","inLanguage":"pt-BR","mainEntityOfPage":{"@id":"https:\/\/www.jornalja.com.br\/arquivo\/abertura-do-forum-tera-nei-lisboa-e-chico-cesar-no-largo-zumbi-dos-palmares\/#webpage"},"isPartOf":{"@id":"https:\/\/www.jornalja.com.br\/arquivo\/abertura-do-forum-tera-nei-lisboa-e-chico-cesar-no-largo-zumbi-dos-palmares\/#webpage"},"articleSection":"Cultura-Geral"},{"@type":"BreadcrumbList","@id":"https:\/\/www.jornalja.com.br\/arquivo\/abertura-do-forum-tera-nei-lisboa-e-chico-cesar-no-largo-zumbi-dos-palmares\/#breadcrumblist","itemListElement":[{"@type":"ListItem","@id":"https:\/\/www.jornalja.com.br\/arquivo#listItem","position":1,"name":"Home","item":"https:\/\/www.jornalja.com.br\/arquivo","nextItem":{"@type":"ListItem","@id":"https:\/\/www.jornalja.com.br\/arquivo\/category\/materiasecundaria\/#listItem","name":"Cultura-Geral"}},{"@type":"ListItem","@id":"https:\/\/www.jornalja.com.br\/arquivo\/category\/materiasecundaria\/#listItem","position":2,"name":"Cultura-Geral","item":"https:\/\/www.jornalja.com.br\/arquivo\/category\/materiasecundaria\/","nextItem":{"@type":"ListItem","@id":"https:\/\/www.jornalja.com.br\/arquivo\/abertura-do-forum-tera-nei-lisboa-e-chico-cesar-no-largo-zumbi-dos-palmares\/#listItem","name":"Nei Lisboa e Chico C\u00e9sar no show de abertura do F\u00f3rum"},"previousItem":{"@type":"ListItem","@id":"https:\/\/www.jornalja.com.br\/arquivo#listItem","name":"Home"}},{"@type":"ListItem","@id":"https:\/\/www.jornalja.com.br\/arquivo\/abertura-do-forum-tera-nei-lisboa-e-chico-cesar-no-largo-zumbi-dos-palmares\/#listItem","position":3,"name":"Nei Lisboa e Chico C\u00e9sar no show de abertura do F\u00f3rum","previousItem":{"@type":"ListItem","@id":"https:\/\/www.jornalja.com.br\/arquivo\/category\/materiasecundaria\/#listItem","name":"Cultura-Geral"}}]},{"@type":"Organization","@id":"https:\/\/www.jornalja.com.br\/arquivo\/#organization","name":"Jornal J\u00c1","description":"Jornal J\u00c1 | Porto Alegre","url":"https:\/\/www.jornalja.com.br\/arquivo\/","telephone":"+555133307272","logo":{"@type":"ImageObject","url":"https:\/\/www.jornalja.com.br\/wp-content\/uploads\/cards\/JAslogan.png","@id":"https:\/\/www.jornalja.com.br\/arquivo\/abertura-do-forum-tera-nei-lisboa-e-chico-cesar-no-largo-zumbi-dos-palmares\/#organizationLogo"},"image":{"@id":"https:\/\/www.jornalja.com.br\/arquivo\/abertura-do-forum-tera-nei-lisboa-e-chico-cesar-no-largo-zumbi-dos-palmares\/#organizationLogo"}},{"@type":"Person","@id":"https:\/\/www.jornalja.com.br\/arquivo\/author\/daredacao\/#author","url":"https:\/\/www.jornalja.com.br\/arquivo\/author\/daredacao\/","name":"da Reda\u00e7\u00e3o","image":{"@type":"ImageObject","@id":"https:\/\/www.jornalja.com.br\/arquivo\/abertura-do-forum-tera-nei-lisboa-e-chico-cesar-no-largo-zumbi-dos-palmares\/#authorImage","url":"https:\/\/secure.gravatar.com\/avatar\/469fd857d6605ad19919d27ed29d35a968a25f6e8fd9318356bbb7f57aae9c65?s=96&d=mm&r=g","width":96,"height":96,"caption":"da Reda\u00e7\u00e3o"}},{"@type":"WebPage","@id":"https:\/\/www.jornalja.com.br\/arquivo\/abertura-do-forum-tera-nei-lisboa-e-chico-cesar-no-largo-zumbi-dos-palmares\/#webpage","url":"https:\/\/www.jornalja.com.br\/arquivo\/abertura-do-forum-tera-nei-lisboa-e-chico-cesar-no-largo-zumbi-dos-palmares\/","name":"Nei Lisboa e Chico C\u00e9sar no show de abertura do F\u00f3rum | Arquivo","inLanguage":"pt-BR","isPartOf":{"@id":"https:\/\/www.jornalja.com.br\/arquivo\/#website"},"breadcrumb":{"@id":"https:\/\/www.jornalja.com.br\/arquivo\/abertura-do-forum-tera-nei-lisboa-e-chico-cesar-no-largo-zumbi-dos-palmares\/#breadcrumblist"},"author":{"@id":"https:\/\/www.jornalja.com.br\/arquivo\/author\/daredacao\/#author"},"creator":{"@id":"https:\/\/www.jornalja.com.br\/arquivo\/author\/daredacao\/#author"},"image":{"@type":"ImageObject","url":28861,"@id":"https:\/\/www.jornalja.com.br\/arquivo\/abertura-do-forum-tera-nei-lisboa-e-chico-cesar-no-largo-zumbi-dos-palmares\/#mainImage"},"primaryImageOfPage":{"@id":"https:\/\/www.jornalja.com.br\/arquivo\/abertura-do-forum-tera-nei-lisboa-e-chico-cesar-no-largo-zumbi-dos-palmares\/#mainImage"},"datePublished":"2016-01-15T16:24:57-02:00","dateModified":"2016-01-15T16:24:57-02:00"},{"@type":"WebSite","@id":"https:\/\/www.jornalja.com.br\/arquivo\/#website","url":"https:\/\/www.jornalja.com.br\/arquivo\/","name":"Arquivo","description":"Jornal J\u00c1 | Porto Alegre","inLanguage":"pt-BR","publisher":{"@id":"https:\/\/www.jornalja.com.br\/arquivo\/#organization"}}]},"og:locale":"pt_BR","og:site_name":"Arquivo | Jornal J\u00c1 | Porto Alegre","og:type":"article","og:title":"Nei Lisboa e Chico C\u00e9sar no show de abertura do F\u00f3rum | Arquivo","og:url":"https:\/\/www.jornalja.com.br\/arquivo\/abertura-do-forum-tera-nei-lisboa-e-chico-cesar-no-largo-zumbi-dos-palmares\/","og:image":"https:\/\/www.jornalja.com.br\/economics\/wp-content\/uploads\/sites\/11\/2026\/08\/ja-folhaderosto-facebook.jpg","og:image:secure_url":"https:\/\/www.jornalja.com.br\/economics\/wp-content\/uploads\/sites\/11\/2026\/08\/ja-folhaderosto-facebook.jpg","article:published_time":"2016-01-15T19:24:57+00:00","article:modified_time":"2016-01-15T19:24:57+00:00","twitter:card":"summary","twitter:title":"Nei Lisboa e Chico C\u00e9sar no show de abertura do F\u00f3rum | Arquivo","twitter:image":"https:\/\/www.jornalja.com.br\/economics\/wp-content\/uploads\/sites\/11\/2026\/08\/ja-folhaderosto-facebook.jpg"},"aioseo_meta_data":{"post_id":"28856","title":null,"description":null,"keywords":null,"keyphrases":null,"primary_term":null,"canonical_url":null,"og_title":null,"og_description":null,"og_object_type":"default","og_image_type":"default","og_image_url":null,"og_image_width":null,"og_image_height":null,"og_image_custom_url":null,"og_image_custom_fields":null,"og_video":null,"og_custom_url":null,"og_article_section":null,"og_article_tags":null,"twitter_use_og":false,"twitter_card":"default","twitter_image_type":"default","twitter_image_url":null,"twitter_image_custom_url":null,"twitter_image_custom_fields":null,"twitter_title":null,"twitter_description":null,"schema":{"blockGraphs":[],"customGraphs":[],"default":{"data":{"Article":[],"Course":[],"Dataset":[],"FAQPage":[],"Movie":[],"Person":[],"Product":[],"ProductReview":[],"Car":[],"Recipe":[],"Service":[],"SoftwareApplication":[],"WebPage":[]},"graphName":"","isEnabled":true},"graphs":[],"defaultGraph":"","defaultPostTypeGraph":""},"schema_type":null,"schema_type_options":null,"pillar_content":false,"robots_default":true,"robots_noindex":false,"robots_noarchive":false,"robots_nosnippet":false,"robots_nofollow":false,"robots_noimageindex":false,"robots_noodp":false,"robots_notranslate":false,"robots_max_snippet":null,"robots_max_videopreview":null,"robots_max_imagepreview":"large","priority":null,"frequency":null,"location":null,"local_seo":null,"breadcrumb_settings":null,"limit_modified_date":false,"ai":null,"created":"2020-12-20 21:01:20","updated":"2025-07-19 12:14:35","seo_analyzer_scan_date":null,"focus_keyword":null,"additional_keywords":null,"truseo_locale":null},"jetpack_sharing_enabled":true,"jetpack-related-posts":[{"id":13124,"url":"https:\/\/www.jornalja.com.br\/arquivo\/sangue-latino-no-iecine\/","url_meta":{"origin":28856,"position":0},"title":"Sangue latino no IECINE","author":"da Reda\u00e7\u00e3o","date":"18 de maio de 2014","format":false,"excerpt":"Francisco Ribeiro O Instituto Estadual de Cinema (IECINE) tem a frente, desde abril \u00faltimo, um novo diretor, o cineasta colombiano Juan Zapata, 36, que substitui Luiz Alberto Cassol. Radicado h\u00e1 dez anos em Porto Alegre, Zapata tem diante de si o desafio de conduzir at\u00e9 o final do ano um\u2026","rel":"","context":"Em &quot;Cultura-Geral&quot;","block_context":{"text":"Cultura-Geral","link":"https:\/\/www.jornalja.com.br\/arquivo\/category\/materiasecundaria\/"},"img":{"alt_text":"","src":"","width":0,"height":0},"classes":[]},{"id":5440,"url":"https:\/\/www.jornalja.com.br\/arquivo\/casarao-da-venancio-destino-permanece-incerto\/","url_meta":{"origin":28856,"position":1},"title":"Estado ainda n\u00e3o sabe o que fazer com casar\u00e3o abandonado h\u00e1 20 anos","author":"Elmar Bones","date":"6 de julho de 2009","format":false,"excerpt":"O casar\u00e3o amarelo, numa esquina nobre de Porto Alegre (Ven\u00e2ncio Aires com Jo\u00e3o Pessoa), j\u00e1 abrigou uma escola. H\u00e1 duas d\u00e9cadas, pelo menos, est\u00e1 abandonado, porque seu propriet\u00e1rio, o governo do Estado do Rio Grande do Sul, n\u00e3o consegue achar um destino para ele. Planos n\u00e3o faltaram. O governador Ol\u00edvio\u2026","rel":"","context":"Em &quot;X.Categorias velhas&quot;","block_context":{"text":"X.Categorias velhas","link":"https:\/\/www.jornalja.com.br\/arquivo\/category\/x-categorias-velhas\/"},"img":{"alt_text":"geraldo1","src":"https:\/\/i0.wp.com\/www.jornalja.com.br\/wp-content\/uploads\/2009\/07\/geraldo1.jpg?resize=350%2C200&ssl=1","width":350,"height":200},"classes":[]},{"id":13240,"url":"https:\/\/www.jornalja.com.br\/arquivo\/plano-diretor-estamos-construindo-o-caos\/","url_meta":{"origin":28856,"position":2},"title":"Plano diretor: &quot;Estamos construindo o caos&quot;","author":"Patr\u00edcia Marini","date":"26 de maio de 2014","format":false,"excerpt":"Desabafo que arquiteta Eliana Castilhos, delegada da Regi\u00e3o de Planejamento 1, postou nas redes sociais \u00e9 um testemunho do ambiente que se criou no Conselho do Plano Diretor de Porto Alegre, onde a aprova\u00e7\u00e3o de grandes empreendimentos \u00e9 empurrada guela abaixo dos conselheiros. Ao CMDUA Como delegada da Regi\u00e3o de\u2026","rel":"","context":"Em &quot;Geral&quot;","block_context":{"text":"Geral","link":"https:\/\/www.jornalja.com.br\/arquivo\/category\/geral\/"},"img":{"alt_text":"","src":"","width":0,"height":0},"classes":[]},{"id":13128,"url":"https:\/\/www.jornalja.com.br\/arquivo\/maconha-terra-diz-que-uso-medicinal-e-desculpa\/","url_meta":{"origin":28856,"position":3},"title":"Maconha: Terra diz que uso medicinal \u00e9 desculpa","author":"Patr\u00edcia Marini","date":"4 de junho de 2014","format":false,"excerpt":"A condi\u00e7\u00e3o de pol\u00edtico, em \u00e9poca de campanha de campanha eleitoral, tira for\u00e7a do discurso do m\u00e9dico Osmar Terra contra a legaliza\u00e7\u00e3o da maconha. A tese dele de que a libera\u00e7\u00e3o vai ampliar exponencialmente o consumo \u00e9 discutivel, o consumo \u00e9 corrente. Mas seus alertas quanto aos riscos tem que\u2026","rel":"","context":"Em &quot;X.Categorias velhas&quot;","block_context":{"text":"X.Categorias velhas","link":"https:\/\/www.jornalja.com.br\/arquivo\/category\/x-categorias-velhas\/"},"img":{"alt_text":"","src":"","width":0,"height":0},"classes":[]},{"id":13101,"url":"https:\/\/www.jornalja.com.br\/arquivo\/morre-um-guerreiro-do-texto\/","url_meta":{"origin":28856,"position":4},"title":"Morre um guerreiro do texto","author":"Patr\u00edcia Marini","date":"14 de maio de 2014","format":false,"excerpt":"Por Ricardo Kotscho Reproduzido do blog do autor, 11\/5\/2014; t\u00edtulo original \u201cE l\u00e1 se foi o nosso Myltainho, guerreiro do texto\u201d. Mi\u00fado e franzino, meu amigo Myltainho era um valente e inconformado guerreiro na luta contra as injusti\u00e7as sociais, a hipocrisia, as maracutaias, o autoritarismo, a intoler\u00e2ncia, a viol\u00eancia, o\u2026","rel":"","context":"Em &quot;Geral&quot;","block_context":{"text":"Geral","link":"https:\/\/www.jornalja.com.br\/arquivo\/category\/geral\/"},"img":{"alt_text":"","src":"","width":0,"height":0},"classes":[]}],"jetpack_shortlink":"https:\/\/wp.me\/pbQjBd-7vq","jetpack_featured_media_url":"","_links":{"self":[{"href":"https:\/\/www.jornalja.com.br\/arquivo\/wp-json\/wp\/v2\/posts\/28856","targetHints":{"allow":["GET"]}}],"collection":[{"href":"https:\/\/www.jornalja.com.br\/arquivo\/wp-json\/wp\/v2\/posts"}],"about":[{"href":"https:\/\/www.jornalja.com.br\/arquivo\/wp-json\/wp\/v2\/types\/post"}],"author":[{"embeddable":true,"href":"https:\/\/www.jornalja.com.br\/arquivo\/wp-json\/wp\/v2\/users\/4"}],"replies":[{"embeddable":true,"href":"https:\/\/www.jornalja.com.br\/arquivo\/wp-json\/wp\/v2\/comments?post=28856"}],"version-history":[{"count":0,"href":"https:\/\/www.jornalja.com.br\/arquivo\/wp-json\/wp\/v2\/posts\/28856\/revisions"}],"wp:attachment":[{"href":"https:\/\/www.jornalja.com.br\/arquivo\/wp-json\/wp\/v2\/media?parent=28856"}],"wp:term":[{"taxonomy":"category","embeddable":true,"href":"https:\/\/www.jornalja.com.br\/arquivo\/wp-json\/wp\/v2\/categories?post=28856"},{"taxonomy":"post_tag","embeddable":true,"href":"https:\/\/www.jornalja.com.br\/arquivo\/wp-json\/wp\/v2\/tags?post=28856"}],"curies":[{"name":"wp","href":"https:\/\/api.w.org\/{rel}","templated":true}]}}