{"id":29398,"date":"2016-02-15T16:10:22","date_gmt":"2016-02-15T19:10:22","guid":{"rendered":"https:\/\/jornalja.com.br\/?p=29398"},"modified":"2016-02-15T16:10:22","modified_gmt":"2016-02-15T19:10:22","slug":"cais-maua-exigir-projetos-executivos-em-120-dias-foi-equivoco","status":"publish","type":"post","link":"https:\/\/www.jornalja.com.br\/arquivo\/cais-maua-exigir-projetos-executivos-em-120-dias-foi-equivoco\/","title":{"rendered":"Cais Mau\u00e1: \u201cExigir projetos executivos em 120 dias foi equ\u00edvoco\u201d"},"content":{"rendered":"<p>Para o \u00faltimo ponto da pol\u00eamica sobre as irregularidades no contrato do Cais Mau\u00e1, a explica\u00e7\u00e3o do diretor-geral da Secretaria dos Transportes, Vanderlan Frank Carvalho \u00e9 sint\u00e9tica: a exig\u00eancia de apresenta\u00e7\u00e3o do projeto-executivo da obra 120 dias ap\u00f3s a assinatura do contrato \u201c\u00e9 um equ\u00edvoco de reda\u00e7\u00e3o do edital\u201d.<br \/>\n\u201cS\u00f3 se pode exigir o projeto-executivo ap\u00f3s a obten\u00e7\u00e3o da Licen\u00e7a de Instala\u00e7\u00e3o (LI), porque antes disso a prefeitura pode solicitar modifica\u00e7\u00f5es substanciais\u201d, alega o coordenador do GT.<br \/>\n<em><strong>Leia mais:<\/strong><\/em><br \/>\n<a href=\"https:\/\/jornalja.com.br\/exclusivo-estado-isenta-consorcio-de-irregularidades-em-contrato-do-cais-maua\/\" target=\"_blank\" rel=\"noopener noreferrer\">EXCLUSIVO: Estado isenta cons\u00f3rcio de irregularidades em contrato do Cais Mau\u00e1<\/a><br \/>\n<a href=\"https:\/\/jornalja.com.br\/garantia-financeira-a-obra-no-cais-maua-seria-facultativa\/\" target=\"_blank\" rel=\"noopener noreferrer\"> Ponto 1: Garantia financeira seria facultativa<\/a><br \/>\n<a href=\"https:\/\/jornalja.com.br\/ingresso-de-empresas-no-cais-maua-nao-havia-sido-analisado\/\" target=\"_blank\" rel=\"noopener noreferrer\">Ponto 2: Ingresso de empresas n\u00e3o foi analisado<\/a><br \/>\nA LI \u00e9 a primeira das autoriza\u00e7\u00f5es que um empreendimento recebe do munic\u00edpio, o que s\u00f3 ocorre ap\u00f3s as fases de aprova\u00e7\u00e3o do Estudo de Impacto Ambiental e seu relat\u00f3rio (EIA-Rima) e do Estudo de Viabilidade Urban\u00edstica (EVU) \u2013 no caso do Cais Mau\u00e1, o <a href=\"http:\/\/jcrs.uol.com.br\/_conteudo\/2015\/12\/economia\/474136-consorcio-entrega-estudo-para-licenciar-obras-do-cais-maua.html\" target=\"_blank\" rel=\"noopener noreferrer\">EIA-Rima foi aprovado no apagar das luzes de 2015<\/a> e o <a href=\"https:\/\/jornalja.com.br\/cinco-fatos-da-revitalizacao-do-cais-maua-que-ocorreram-em-dezembro\/\" target=\"_blank\" rel=\"noopener noreferrer\">EVU tramita na Secretaria de Urbanismo de Porto Alegre<\/a>.<br \/>\nA expectativa do empreendedor \u00e9 que a <a href=\"https:\/\/jornalja.com.br\/consorcio-quer-licencas-para-obras-no-cais-maua-antes-de-marco\/\" target=\"_blank\" rel=\"noopener noreferrer\">licen\u00e7a saia ainda em mar\u00e7o<\/a> e <a href=\"http:\/\/www2.al.rs.gov.br\/noticias\/ExibeNoticia\/tabid\/5374\/IdOrigem\/1\/IdMateria\/303194\/language\/pt-BR\/Default.aspx\" target=\"_blank\" rel=\"noopener noreferrer\">segundo uma not\u00edcia da Assembleia Legislativa<\/a>, o secret\u00e1rio estadual dos Transportes Pedro Westphalen projeta para abril o in\u00edcio das obras.<br \/>\nSegundo Carvalho, para chegar \u00e0 essa conclus\u00e3o o <a href=\"http:\/\/www.st.rs.gov.br\/conteudo\/68351\/?GT_do_Cais_Mau%C3%A1_ouve_representantes_da_Empresa_respons%C3%A1vel_pelo_projeto\" target=\"_blank\" rel=\"noopener noreferrer\">GT ouviu a empresa e a prefeitura municipal<\/a>, que corroborou a resposta. \u201cBuscamos essa resposta t\u00e9cnica. O pr\u00f3prio superintendente da SPH, Luiz Alcides Capoani, que \u00e9 engenheiro civil e tem conhecimento das normas do Crea, disse j\u00e1 no in\u00edcio do GT: isso \u00e9 uma coisa inexequ\u00edvel\u201d, explica.<br \/>\nEle prossegue: \u201cOu melhor, at\u00e9 \u00e9 exequ\u00edvel, mas o empreendedor teria um gasto muito grande para elaborar os projetos, o Estado colocaria muitos servidores para analisa-los e no passo seguinte isso ia mudar e seria necess\u00e1rio fazer tudo de novo\u201d.<br \/>\n\u201cA gente at\u00e9 conversou com quem participou da elabora\u00e7\u00e3o do edital e do contrato para entender o porqu\u00ea dessa cl\u00e1usula. Uma das hip\u00f3teses a que chegamos \u00e9 que se pensou em escrever projetos b\u00e1sicos, mas acabou saindo executivos, o que tem uma diferen\u00e7a muito grande\u201d, explica.<br \/>\nCarvalho n\u00e3o teme a\u00e7\u00f5es pedindo a anula\u00e7\u00e3o do edital por empresas que desistiram de concorrer porque n\u00e3o conseguiriam elaborar os projetos em at\u00e9 120 dias, <a href=\"https:\/\/jornalja.com.br\/cais-maua-grupo-internacional-desistiu-de-participar-da-licitacao\/\" target=\"_blank\" rel=\"noopener noreferrer\">caso de uma arquiteta brasileira radicada em Miami que tentou formar um grupo para a licita\u00e7\u00e3o<\/a>. \u201cHouve um per\u00edodo para questionamentos e nada foi dito. Nem a pr\u00f3pria Cais Mau\u00e1 se manifestou sobre isso\u201d, sintetiza. <em><strong>(NH)<\/strong><\/em><\/p>\n","protected":false},"excerpt":{"rendered":"<p>Para o \u00faltimo ponto da pol\u00eamica sobre as irregularidades no contrato do Cais Mau\u00e1, a explica\u00e7\u00e3o do diretor-geral da Secretaria dos Transportes, Vanderlan Frank Carvalho \u00e9 sint\u00e9tica: a exig\u00eancia de apresenta\u00e7\u00e3o do projeto-executivo da obra 120 dias ap\u00f3s a assinatura do contrato \u201c\u00e9 um equ\u00edvoco de reda\u00e7\u00e3o do edital\u201d. \u201cS\u00f3 se pode exigir o projeto-executivo [&hellip;]<\/p>\n","protected":false},"author":4,"featured_media":29399,"comment_status":"open","ping_status":"closed","sticky":false,"template":"","format":"standard","meta":{"_jetpack_newsletter_access":"","_jetpack_dont_email_post_to_subs":false,"_jetpack_newsletter_tier_id":0,"_jetpack_memberships_contains_paywalled_content":false,"_jetpack_feature_clip_id":0,"_jetpack_memberships_contains_paid_content":false,"footnotes":"","jetpack_post_was_ever_published":false},"categories":[1742],"tags":[],"class_list":["post-29398","post","type-post","status-publish","format-standard","has-post-thumbnail","hentry","category-dossie-cais-maua"],"aioseo_notices":[],"aioseo_head":"\n\t\t<!-- All in One SEO 5.0.1.1 - aioseo.com -->\n\t<meta name=\"robots\" content=\"max-image-preview:large\" \/>\n\t<meta name=\"author\" content=\"da Reda\u00e7\u00e3o\"\/>\n\t<link rel=\"canonical\" href=\"https:\/\/www.jornalja.com.br\/arquivo\/cais-maua-exigir-projetos-executivos-em-120-dias-foi-equivoco\/\" \/>\n\t<meta name=\"generator\" content=\"All in One SEO (AIOSEO) 5.0.1.1\" \/>\n\t\t<meta property=\"og:locale\" content=\"pt_BR\" \/>\n\t\t<meta property=\"og:site_name\" content=\"Arquivo | Jornal J\u00c1 | Porto Alegre\" \/>\n\t\t<meta property=\"og:type\" content=\"article\" \/>\n\t\t<meta property=\"og:title\" content=\"Cais Mau\u00e1: \u201cExigir projetos executivos em 120 dias foi equ\u00edvoco\u201d | Arquivo\" \/>\n\t\t<meta property=\"og:url\" content=\"https:\/\/www.jornalja.com.br\/arquivo\/cais-maua-exigir-projetos-executivos-em-120-dias-foi-equivoco\/\" \/>\n\t\t<meta property=\"og:image\" content=\"https:\/\/www.jornalja.com.br\/economics\/wp-content\/uploads\/sites\/11\/2026\/08\/ja-folhaderosto-facebook.jpg\" \/>\n\t\t<meta property=\"og:image:secure_url\" content=\"https:\/\/www.jornalja.com.br\/economics\/wp-content\/uploads\/sites\/11\/2026\/08\/ja-folhaderosto-facebook.jpg\" \/>\n\t\t<meta property=\"article:published_time\" content=\"2016-02-15T19:10:22+00:00\" \/>\n\t\t<meta property=\"article:modified_time\" content=\"2016-02-15T19:10:22+00:00\" \/>\n\t\t<meta name=\"twitter:card\" content=\"summary\" \/>\n\t\t<meta name=\"twitter:title\" content=\"Cais Mau\u00e1: \u201cExigir projetos executivos em 120 dias foi equ\u00edvoco\u201d | Arquivo\" \/>\n\t\t<meta name=\"twitter:image\" content=\"https:\/\/www.jornalja.com.br\/economics\/wp-content\/uploads\/sites\/11\/2026\/08\/ja-folhaderosto-facebook.jpg\" \/>\n\t\t<script type=\"application\/ld+json\" class=\"aioseo-schema\">\n\t\t\t{\"@context\":\"https:\\\/\\\/schema.org\",\"@graph\":[{\"@type\":\"BlogPosting\",\"@id\":\"https:\\\/\\\/www.jornalja.com.br\\\/arquivo\\\/cais-maua-exigir-projetos-executivos-em-120-dias-foi-equivoco\\\/#blogposting\",\"name\":\"Cais Mau\\u00e1: \\u201cExigir projetos executivos em 120 dias foi equ\\u00edvoco\\u201d | Arquivo\",\"headline\":\"Cais Mau\\u00e1: \\u201cExigir projetos executivos em 120 dias foi equ\\u00edvoco\\u201d\",\"author\":{\"@id\":\"https:\\\/\\\/www.jornalja.com.br\\\/arquivo\\\/author\\\/daredacao\\\/#author\"},\"publisher\":{\"@id\":\"https:\\\/\\\/www.jornalja.com.br\\\/arquivo\\\/#organization\"},\"image\":{\"@type\":\"ImageObject\",\"url\":29399},\"datePublished\":\"2016-02-15T16:10:22-02:00\",\"dateModified\":\"2016-02-15T16:10:22-02:00\",\"inLanguage\":\"pt-BR\",\"mainEntityOfPage\":{\"@id\":\"https:\\\/\\\/www.jornalja.com.br\\\/arquivo\\\/cais-maua-exigir-projetos-executivos-em-120-dias-foi-equivoco\\\/#webpage\"},\"isPartOf\":{\"@id\":\"https:\\\/\\\/www.jornalja.com.br\\\/arquivo\\\/cais-maua-exigir-projetos-executivos-em-120-dias-foi-equivoco\\\/#webpage\"},\"articleSection\":\"Mat\\u00e9ria Cais pequena\"},{\"@type\":\"BreadcrumbList\",\"@id\":\"https:\\\/\\\/www.jornalja.com.br\\\/arquivo\\\/cais-maua-exigir-projetos-executivos-em-120-dias-foi-equivoco\\\/#breadcrumblist\",\"itemListElement\":[{\"@type\":\"ListItem\",\"@id\":\"https:\\\/\\\/www.jornalja.com.br\\\/arquivo#listItem\",\"position\":1,\"name\":\"Home\",\"item\":\"https:\\\/\\\/www.jornalja.com.br\\\/arquivo\",\"nextItem\":{\"@type\":\"ListItem\",\"@id\":\"https:\\\/\\\/www.jornalja.com.br\\\/arquivo\\\/category\\\/dossie-cais-maua\\\/#listItem\",\"name\":\"Mat\\u00e9ria Cais pequena\"}},{\"@type\":\"ListItem\",\"@id\":\"https:\\\/\\\/www.jornalja.com.br\\\/arquivo\\\/category\\\/dossie-cais-maua\\\/#listItem\",\"position\":2,\"name\":\"Mat\\u00e9ria Cais pequena\",\"item\":\"https:\\\/\\\/www.jornalja.com.br\\\/arquivo\\\/category\\\/dossie-cais-maua\\\/\",\"nextItem\":{\"@type\":\"ListItem\",\"@id\":\"https:\\\/\\\/www.jornalja.com.br\\\/arquivo\\\/cais-maua-exigir-projetos-executivos-em-120-dias-foi-equivoco\\\/#listItem\",\"name\":\"Cais Mau\\u00e1: \\u201cExigir projetos executivos em 120 dias foi equ\\u00edvoco\\u201d\"},\"previousItem\":{\"@type\":\"ListItem\",\"@id\":\"https:\\\/\\\/www.jornalja.com.br\\\/arquivo#listItem\",\"name\":\"Home\"}},{\"@type\":\"ListItem\",\"@id\":\"https:\\\/\\\/www.jornalja.com.br\\\/arquivo\\\/cais-maua-exigir-projetos-executivos-em-120-dias-foi-equivoco\\\/#listItem\",\"position\":3,\"name\":\"Cais Mau\\u00e1: \\u201cExigir projetos executivos em 120 dias foi equ\\u00edvoco\\u201d\",\"previousItem\":{\"@type\":\"ListItem\",\"@id\":\"https:\\\/\\\/www.jornalja.com.br\\\/arquivo\\\/category\\\/dossie-cais-maua\\\/#listItem\",\"name\":\"Mat\\u00e9ria Cais pequena\"}}]},{\"@type\":\"Organization\",\"@id\":\"https:\\\/\\\/www.jornalja.com.br\\\/arquivo\\\/#organization\",\"name\":\"Jornal J\\u00c1\",\"description\":\"Jornal J\\u00c1 | Porto Alegre\",\"url\":\"https:\\\/\\\/www.jornalja.com.br\\\/arquivo\\\/\",\"telephone\":\"+555133307272\",\"logo\":{\"@type\":\"ImageObject\",\"url\":\"https:\\\/\\\/www.jornalja.com.br\\\/wp-content\\\/uploads\\\/cards\\\/JAslogan.png\",\"@id\":\"https:\\\/\\\/www.jornalja.com.br\\\/arquivo\\\/cais-maua-exigir-projetos-executivos-em-120-dias-foi-equivoco\\\/#organizationLogo\"},\"image\":{\"@id\":\"https:\\\/\\\/www.jornalja.com.br\\\/arquivo\\\/cais-maua-exigir-projetos-executivos-em-120-dias-foi-equivoco\\\/#organizationLogo\"}},{\"@type\":\"Person\",\"@id\":\"https:\\\/\\\/www.jornalja.com.br\\\/arquivo\\\/author\\\/daredacao\\\/#author\",\"url\":\"https:\\\/\\\/www.jornalja.com.br\\\/arquivo\\\/author\\\/daredacao\\\/\",\"name\":\"da Reda\\u00e7\\u00e3o\",\"image\":{\"@type\":\"ImageObject\",\"@id\":\"https:\\\/\\\/www.jornalja.com.br\\\/arquivo\\\/cais-maua-exigir-projetos-executivos-em-120-dias-foi-equivoco\\\/#authorImage\",\"url\":\"https:\\\/\\\/secure.gravatar.com\\\/avatar\\\/469fd857d6605ad19919d27ed29d35a968a25f6e8fd9318356bbb7f57aae9c65?s=96&d=mm&r=g\",\"width\":96,\"height\":96,\"caption\":\"da Reda\\u00e7\\u00e3o\"}},{\"@type\":\"WebPage\",\"@id\":\"https:\\\/\\\/www.jornalja.com.br\\\/arquivo\\\/cais-maua-exigir-projetos-executivos-em-120-dias-foi-equivoco\\\/#webpage\",\"url\":\"https:\\\/\\\/www.jornalja.com.br\\\/arquivo\\\/cais-maua-exigir-projetos-executivos-em-120-dias-foi-equivoco\\\/\",\"name\":\"Cais Mau\\u00e1: \\u201cExigir projetos executivos em 120 dias foi equ\\u00edvoco\\u201d | Arquivo\",\"inLanguage\":\"pt-BR\",\"isPartOf\":{\"@id\":\"https:\\\/\\\/www.jornalja.com.br\\\/arquivo\\\/#website\"},\"breadcrumb\":{\"@id\":\"https:\\\/\\\/www.jornalja.com.br\\\/arquivo\\\/cais-maua-exigir-projetos-executivos-em-120-dias-foi-equivoco\\\/#breadcrumblist\"},\"author\":{\"@id\":\"https:\\\/\\\/www.jornalja.com.br\\\/arquivo\\\/author\\\/daredacao\\\/#author\"},\"creator\":{\"@id\":\"https:\\\/\\\/www.jornalja.com.br\\\/arquivo\\\/author\\\/daredacao\\\/#author\"},\"image\":{\"@type\":\"ImageObject\",\"url\":29399,\"@id\":\"https:\\\/\\\/www.jornalja.com.br\\\/arquivo\\\/cais-maua-exigir-projetos-executivos-em-120-dias-foi-equivoco\\\/#mainImage\"},\"primaryImageOfPage\":{\"@id\":\"https:\\\/\\\/www.jornalja.com.br\\\/arquivo\\\/cais-maua-exigir-projetos-executivos-em-120-dias-foi-equivoco\\\/#mainImage\"},\"datePublished\":\"2016-02-15T16:10:22-02:00\",\"dateModified\":\"2016-02-15T16:10:22-02:00\"},{\"@type\":\"WebSite\",\"@id\":\"https:\\\/\\\/www.jornalja.com.br\\\/arquivo\\\/#website\",\"url\":\"https:\\\/\\\/www.jornalja.com.br\\\/arquivo\\\/\",\"name\":\"Arquivo\",\"description\":\"Jornal J\\u00c1 | Porto Alegre\",\"inLanguage\":\"pt-BR\",\"publisher\":{\"@id\":\"https:\\\/\\\/www.jornalja.com.br\\\/arquivo\\\/#organization\"}}]}\n\t\t<\/script>\n\t\t<!-- All in One SEO -->\n\n","aioseo_head_json":{"title":"Cais Mau\u00e1: \u201cExigir projetos executivos em 120 dias foi equ\u00edvoco\u201d | Arquivo","description":"","canonical_url":"https:\/\/www.jornalja.com.br\/arquivo\/cais-maua-exigir-projetos-executivos-em-120-dias-foi-equivoco\/","robots":"max-image-preview:large","keywords":"","webmasterTools":{"miscellaneous":""},"schema":{"@context":"https:\/\/schema.org","@graph":[{"@type":"BlogPosting","@id":"https:\/\/www.jornalja.com.br\/arquivo\/cais-maua-exigir-projetos-executivos-em-120-dias-foi-equivoco\/#blogposting","name":"Cais Mau\u00e1: \u201cExigir projetos executivos em 120 dias foi equ\u00edvoco\u201d | Arquivo","headline":"Cais Mau\u00e1: \u201cExigir projetos executivos em 120 dias foi equ\u00edvoco\u201d","author":{"@id":"https:\/\/www.jornalja.com.br\/arquivo\/author\/daredacao\/#author"},"publisher":{"@id":"https:\/\/www.jornalja.com.br\/arquivo\/#organization"},"image":{"@type":"ImageObject","url":29399},"datePublished":"2016-02-15T16:10:22-02:00","dateModified":"2016-02-15T16:10:22-02:00","inLanguage":"pt-BR","mainEntityOfPage":{"@id":"https:\/\/www.jornalja.com.br\/arquivo\/cais-maua-exigir-projetos-executivos-em-120-dias-foi-equivoco\/#webpage"},"isPartOf":{"@id":"https:\/\/www.jornalja.com.br\/arquivo\/cais-maua-exigir-projetos-executivos-em-120-dias-foi-equivoco\/#webpage"},"articleSection":"Mat\u00e9ria Cais pequena"},{"@type":"BreadcrumbList","@id":"https:\/\/www.jornalja.com.br\/arquivo\/cais-maua-exigir-projetos-executivos-em-120-dias-foi-equivoco\/#breadcrumblist","itemListElement":[{"@type":"ListItem","@id":"https:\/\/www.jornalja.com.br\/arquivo#listItem","position":1,"name":"Home","item":"https:\/\/www.jornalja.com.br\/arquivo","nextItem":{"@type":"ListItem","@id":"https:\/\/www.jornalja.com.br\/arquivo\/category\/dossie-cais-maua\/#listItem","name":"Mat\u00e9ria Cais pequena"}},{"@type":"ListItem","@id":"https:\/\/www.jornalja.com.br\/arquivo\/category\/dossie-cais-maua\/#listItem","position":2,"name":"Mat\u00e9ria Cais pequena","item":"https:\/\/www.jornalja.com.br\/arquivo\/category\/dossie-cais-maua\/","nextItem":{"@type":"ListItem","@id":"https:\/\/www.jornalja.com.br\/arquivo\/cais-maua-exigir-projetos-executivos-em-120-dias-foi-equivoco\/#listItem","name":"Cais Mau\u00e1: \u201cExigir projetos executivos em 120 dias foi equ\u00edvoco\u201d"},"previousItem":{"@type":"ListItem","@id":"https:\/\/www.jornalja.com.br\/arquivo#listItem","name":"Home"}},{"@type":"ListItem","@id":"https:\/\/www.jornalja.com.br\/arquivo\/cais-maua-exigir-projetos-executivos-em-120-dias-foi-equivoco\/#listItem","position":3,"name":"Cais Mau\u00e1: \u201cExigir projetos executivos em 120 dias foi equ\u00edvoco\u201d","previousItem":{"@type":"ListItem","@id":"https:\/\/www.jornalja.com.br\/arquivo\/category\/dossie-cais-maua\/#listItem","name":"Mat\u00e9ria Cais pequena"}}]},{"@type":"Organization","@id":"https:\/\/www.jornalja.com.br\/arquivo\/#organization","name":"Jornal J\u00c1","description":"Jornal J\u00c1 | Porto Alegre","url":"https:\/\/www.jornalja.com.br\/arquivo\/","telephone":"+555133307272","logo":{"@type":"ImageObject","url":"https:\/\/www.jornalja.com.br\/wp-content\/uploads\/cards\/JAslogan.png","@id":"https:\/\/www.jornalja.com.br\/arquivo\/cais-maua-exigir-projetos-executivos-em-120-dias-foi-equivoco\/#organizationLogo"},"image":{"@id":"https:\/\/www.jornalja.com.br\/arquivo\/cais-maua-exigir-projetos-executivos-em-120-dias-foi-equivoco\/#organizationLogo"}},{"@type":"Person","@id":"https:\/\/www.jornalja.com.br\/arquivo\/author\/daredacao\/#author","url":"https:\/\/www.jornalja.com.br\/arquivo\/author\/daredacao\/","name":"da Reda\u00e7\u00e3o","image":{"@type":"ImageObject","@id":"https:\/\/www.jornalja.com.br\/arquivo\/cais-maua-exigir-projetos-executivos-em-120-dias-foi-equivoco\/#authorImage","url":"https:\/\/secure.gravatar.com\/avatar\/469fd857d6605ad19919d27ed29d35a968a25f6e8fd9318356bbb7f57aae9c65?s=96&d=mm&r=g","width":96,"height":96,"caption":"da Reda\u00e7\u00e3o"}},{"@type":"WebPage","@id":"https:\/\/www.jornalja.com.br\/arquivo\/cais-maua-exigir-projetos-executivos-em-120-dias-foi-equivoco\/#webpage","url":"https:\/\/www.jornalja.com.br\/arquivo\/cais-maua-exigir-projetos-executivos-em-120-dias-foi-equivoco\/","name":"Cais Mau\u00e1: \u201cExigir projetos executivos em 120 dias foi equ\u00edvoco\u201d | Arquivo","inLanguage":"pt-BR","isPartOf":{"@id":"https:\/\/www.jornalja.com.br\/arquivo\/#website"},"breadcrumb":{"@id":"https:\/\/www.jornalja.com.br\/arquivo\/cais-maua-exigir-projetos-executivos-em-120-dias-foi-equivoco\/#breadcrumblist"},"author":{"@id":"https:\/\/www.jornalja.com.br\/arquivo\/author\/daredacao\/#author"},"creator":{"@id":"https:\/\/www.jornalja.com.br\/arquivo\/author\/daredacao\/#author"},"image":{"@type":"ImageObject","url":29399,"@id":"https:\/\/www.jornalja.com.br\/arquivo\/cais-maua-exigir-projetos-executivos-em-120-dias-foi-equivoco\/#mainImage"},"primaryImageOfPage":{"@id":"https:\/\/www.jornalja.com.br\/arquivo\/cais-maua-exigir-projetos-executivos-em-120-dias-foi-equivoco\/#mainImage"},"datePublished":"2016-02-15T16:10:22-02:00","dateModified":"2016-02-15T16:10:22-02:00"},{"@type":"WebSite","@id":"https:\/\/www.jornalja.com.br\/arquivo\/#website","url":"https:\/\/www.jornalja.com.br\/arquivo\/","name":"Arquivo","description":"Jornal J\u00c1 | Porto Alegre","inLanguage":"pt-BR","publisher":{"@id":"https:\/\/www.jornalja.com.br\/arquivo\/#organization"}}]},"og:locale":"pt_BR","og:site_name":"Arquivo | Jornal J\u00c1 | Porto Alegre","og:type":"article","og:title":"Cais Mau\u00e1: \u201cExigir projetos executivos em 120 dias foi equ\u00edvoco\u201d | Arquivo","og:url":"https:\/\/www.jornalja.com.br\/arquivo\/cais-maua-exigir-projetos-executivos-em-120-dias-foi-equivoco\/","og:image":"https:\/\/www.jornalja.com.br\/economics\/wp-content\/uploads\/sites\/11\/2026\/08\/ja-folhaderosto-facebook.jpg","og:image:secure_url":"https:\/\/www.jornalja.com.br\/economics\/wp-content\/uploads\/sites\/11\/2026\/08\/ja-folhaderosto-facebook.jpg","article:published_time":"2016-02-15T19:10:22+00:00","article:modified_time":"2016-02-15T19:10:22+00:00","twitter:card":"summary","twitter:title":"Cais Mau\u00e1: \u201cExigir projetos executivos em 120 dias foi equ\u00edvoco\u201d | Arquivo","twitter:image":"https:\/\/www.jornalja.com.br\/economics\/wp-content\/uploads\/sites\/11\/2026\/08\/ja-folhaderosto-facebook.jpg"},"aioseo_meta_data":{"post_id":"29398","title":null,"description":null,"keywords":null,"keyphrases":null,"primary_term":null,"canonical_url":null,"og_title":null,"og_description":null,"og_object_type":"default","og_image_type":"default","og_image_url":null,"og_image_width":null,"og_image_height":null,"og_image_custom_url":null,"og_image_custom_fields":null,"og_video":null,"og_custom_url":null,"og_article_section":null,"og_article_tags":null,"twitter_use_og":false,"twitter_card":"default","twitter_image_type":"default","twitter_image_url":null,"twitter_image_custom_url":null,"twitter_image_custom_fields":null,"twitter_title":null,"twitter_description":null,"schema":{"blockGraphs":[],"customGraphs":[],"default":{"data":{"Article":[],"Course":[],"Dataset":[],"FAQPage":[],"Movie":[],"Person":[],"Product":[],"ProductReview":[],"Car":[],"Recipe":[],"Service":[],"SoftwareApplication":[],"WebPage":[]},"graphName":"","isEnabled":true},"graphs":[],"defaultGraph":"","defaultPostTypeGraph":""},"schema_type":null,"schema_type_options":null,"pillar_content":false,"robots_default":true,"robots_noindex":false,"robots_noarchive":false,"robots_nosnippet":false,"robots_nofollow":false,"robots_noimageindex":false,"robots_noodp":false,"robots_notranslate":false,"robots_max_snippet":null,"robots_max_videopreview":null,"robots_max_imagepreview":"large","priority":null,"frequency":null,"location":null,"local_seo":null,"breadcrumb_settings":null,"limit_modified_date":false,"ai":null,"created":"2020-12-20 21:00:10","updated":"2025-07-19 12:23:56","seo_analyzer_scan_date":null,"focus_keyword":null,"additional_keywords":null,"truseo_locale":null},"jetpack_sharing_enabled":true,"jetpack-related-posts":[{"id":13101,"url":"https:\/\/www.jornalja.com.br\/arquivo\/morre-um-guerreiro-do-texto\/","url_meta":{"origin":29398,"position":0},"title":"Morre um guerreiro do texto","author":"Patr\u00edcia Marini","date":"14 de maio de 2014","format":false,"excerpt":"Por Ricardo Kotscho Reproduzido do blog do autor, 11\/5\/2014; t\u00edtulo original \u201cE l\u00e1 se foi o nosso Myltainho, guerreiro do texto\u201d. Mi\u00fado e franzino, meu amigo Myltainho era um valente e inconformado guerreiro na luta contra as injusti\u00e7as sociais, a hipocrisia, as maracutaias, o autoritarismo, a intoler\u00e2ncia, a viol\u00eancia, o\u2026","rel":"","context":"Em &quot;Geral&quot;","block_context":{"text":"Geral","link":"https:\/\/www.jornalja.com.br\/arquivo\/category\/geral\/"},"img":{"alt_text":"","src":"","width":0,"height":0},"classes":[]},{"id":14241,"url":"https:\/\/www.jornalja.com.br\/arquivo\/o-guaiba-nas-imagens-poeticas-de-achutti\/","url_meta":{"origin":29398,"position":1},"title":"O Gua\u00edba nas imagens po\u00e9ticas de Achutti","author":"da Reda\u00e7\u00e3o","date":"18 de junho de 2014","format":false,"excerpt":"Em \u201cO Gua\u00edba por Achutti\u201d \u2013 obra financiada via Minist\u00e9rio da Cultura, produ\u00e7\u00e3o executiva de Pedro Longhi, e Fl\u00e1vio Wild como designer \u2013, o fot\u00f3grafo revela a beleza e as mazelas de um espa\u00e7o aqu\u00e1tico de \u00e1guas sempre renovadas, cheio de hist\u00f3rias e lendas como as das cidades que foram\u2026","rel":"","context":"Em &quot;Cultura-Geral&quot;","block_context":{"text":"Cultura-Geral","link":"https:\/\/www.jornalja.com.br\/arquivo\/category\/materiasecundaria\/"},"img":{"alt_text":"","src":"","width":0,"height":0},"classes":[]},{"id":13240,"url":"https:\/\/www.jornalja.com.br\/arquivo\/plano-diretor-estamos-construindo-o-caos\/","url_meta":{"origin":29398,"position":2},"title":"Plano diretor: &quot;Estamos construindo o caos&quot;","author":"Patr\u00edcia Marini","date":"26 de maio de 2014","format":false,"excerpt":"Desabafo que arquiteta Eliana Castilhos, delegada da Regi\u00e3o de Planejamento 1, postou nas redes sociais \u00e9 um testemunho do ambiente que se criou no Conselho do Plano Diretor de Porto Alegre, onde a aprova\u00e7\u00e3o de grandes empreendimentos \u00e9 empurrada guela abaixo dos conselheiros. Ao CMDUA Como delegada da Regi\u00e3o de\u2026","rel":"","context":"Em &quot;Geral&quot;","block_context":{"text":"Geral","link":"https:\/\/www.jornalja.com.br\/arquivo\/category\/geral\/"},"img":{"alt_text":"","src":"","width":0,"height":0},"classes":[]},{"id":5440,"url":"https:\/\/www.jornalja.com.br\/arquivo\/casarao-da-venancio-destino-permanece-incerto\/","url_meta":{"origin":29398,"position":3},"title":"Estado ainda n\u00e3o sabe o que fazer com casar\u00e3o abandonado h\u00e1 20 anos","author":"Elmar Bones","date":"6 de julho de 2009","format":false,"excerpt":"O casar\u00e3o amarelo, numa esquina nobre de Porto Alegre (Ven\u00e2ncio Aires com Jo\u00e3o Pessoa), j\u00e1 abrigou uma escola. H\u00e1 duas d\u00e9cadas, pelo menos, est\u00e1 abandonado, porque seu propriet\u00e1rio, o governo do Estado do Rio Grande do Sul, n\u00e3o consegue achar um destino para ele. Planos n\u00e3o faltaram. O governador Ol\u00edvio\u2026","rel":"","context":"Em &quot;X.Categorias velhas&quot;","block_context":{"text":"X.Categorias velhas","link":"https:\/\/www.jornalja.com.br\/arquivo\/category\/x-categorias-velhas\/"},"img":{"alt_text":"geraldo1","src":"https:\/\/i0.wp.com\/www.jornalja.com.br\/wp-content\/uploads\/2009\/07\/geraldo1.jpg?resize=350%2C200&ssl=1","width":350,"height":200},"classes":[]},{"id":13124,"url":"https:\/\/www.jornalja.com.br\/arquivo\/sangue-latino-no-iecine\/","url_meta":{"origin":29398,"position":4},"title":"Sangue latino no IECINE","author":"da Reda\u00e7\u00e3o","date":"18 de maio de 2014","format":false,"excerpt":"Francisco Ribeiro O Instituto Estadual de Cinema (IECINE) tem a frente, desde abril \u00faltimo, um novo diretor, o cineasta colombiano Juan Zapata, 36, que substitui Luiz Alberto Cassol. Radicado h\u00e1 dez anos em Porto Alegre, Zapata tem diante de si o desafio de conduzir at\u00e9 o final do ano um\u2026","rel":"","context":"Em &quot;Cultura-Geral&quot;","block_context":{"text":"Cultura-Geral","link":"https:\/\/www.jornalja.com.br\/arquivo\/category\/materiasecundaria\/"},"img":{"alt_text":"","src":"","width":0,"height":0},"classes":[]},{"id":13128,"url":"https:\/\/www.jornalja.com.br\/arquivo\/maconha-terra-diz-que-uso-medicinal-e-desculpa\/","url_meta":{"origin":29398,"position":5},"title":"Maconha: Terra diz que uso medicinal \u00e9 desculpa","author":"Patr\u00edcia Marini","date":"4 de junho de 2014","format":false,"excerpt":"A condi\u00e7\u00e3o de pol\u00edtico, em \u00e9poca de campanha de campanha eleitoral, tira for\u00e7a do discurso do m\u00e9dico Osmar Terra contra a legaliza\u00e7\u00e3o da maconha. A tese dele de que a libera\u00e7\u00e3o vai ampliar exponencialmente o consumo \u00e9 discutivel, o consumo \u00e9 corrente. Mas seus alertas quanto aos riscos tem que\u2026","rel":"","context":"Em &quot;X.Categorias velhas&quot;","block_context":{"text":"X.Categorias velhas","link":"https:\/\/www.jornalja.com.br\/arquivo\/category\/x-categorias-velhas\/"},"img":{"alt_text":"","src":"","width":0,"height":0},"classes":[]}],"jetpack_shortlink":"https:\/\/wp.me\/pbQjBd-7Ea","jetpack_featured_media_url":"","_links":{"self":[{"href":"https:\/\/www.jornalja.com.br\/arquivo\/wp-json\/wp\/v2\/posts\/29398","targetHints":{"allow":["GET"]}}],"collection":[{"href":"https:\/\/www.jornalja.com.br\/arquivo\/wp-json\/wp\/v2\/posts"}],"about":[{"href":"https:\/\/www.jornalja.com.br\/arquivo\/wp-json\/wp\/v2\/types\/post"}],"author":[{"embeddable":true,"href":"https:\/\/www.jornalja.com.br\/arquivo\/wp-json\/wp\/v2\/users\/4"}],"replies":[{"embeddable":true,"href":"https:\/\/www.jornalja.com.br\/arquivo\/wp-json\/wp\/v2\/comments?post=29398"}],"version-history":[{"count":0,"href":"https:\/\/www.jornalja.com.br\/arquivo\/wp-json\/wp\/v2\/posts\/29398\/revisions"}],"wp:attachment":[{"href":"https:\/\/www.jornalja.com.br\/arquivo\/wp-json\/wp\/v2\/media?parent=29398"}],"wp:term":[{"taxonomy":"category","embeddable":true,"href":"https:\/\/www.jornalja.com.br\/arquivo\/wp-json\/wp\/v2\/categories?post=29398"},{"taxonomy":"post_tag","embeddable":true,"href":"https:\/\/www.jornalja.com.br\/arquivo\/wp-json\/wp\/v2\/tags?post=29398"}],"curies":[{"name":"wp","href":"https:\/\/api.w.org\/{rel}","templated":true}]}}