{"id":29404,"date":"2016-02-15T16:26:30","date_gmt":"2016-02-15T19:26:30","guid":{"rendered":"https:\/\/jornalja.com.br\/?p=29404"},"modified":"2016-02-15T16:26:30","modified_gmt":"2016-02-15T19:26:30","slug":"ingresso-de-empresas-no-cais-maua-nao-havia-sido-analisado","status":"publish","type":"post","link":"https:\/\/www.jornalja.com.br\/arquivo\/ingresso-de-empresas-no-cais-maua-nao-havia-sido-analisado\/","title":{"rendered":"Ingresso de empresas no Cais Mau\u00e1 n\u00e3o havia sido analisado"},"content":{"rendered":"<p>Em seu <a href=\"http:\/\/zh.clicrbs.com.br\/rs\/porto-alegre\/noticia\/2015\/10\/relatorio-do-tce-aponta-irregularidades-na-revitalizacao-do-cais-maua-4888132.html\" target=\"_blank\" rel=\"noopener noreferrer\">relat\u00f3rio de 2013, o Tribunal de Contas do Estado (TCE)<\/a> mostrava-se preocupado com a altera\u00e7\u00e3o das empresas que compunham o cons\u00f3rcio vencedor da licita\u00e7\u00e3o para a revitaliza\u00e7\u00e3o do Cais Mau\u00e1 tr\u00eas anos antes.<br \/>\nEm 2010, a Porto Cais Mau\u00e1 do Brasil estava constitu\u00edda por uma empresa brasileira, a Contern, do Grupo Bertin, e quatro espanholas.<br \/>\nEm 2013, quando foi publicado o relat\u00f3rio da inspe\u00e7\u00e3o especial do TCE, apareceram outras tr\u00eas raz\u00f5es sociais na composi\u00e7\u00e3o do contrato social da empreendedora:<br \/>\n1) uma holding resultante da fus\u00e3o de tr\u00eas das espanholas (duas delas venderiam suas participa\u00e7\u00f5es depois);<br \/>\n2) uma quinta espanhola, tamb\u00e9m s\u00f3cia da holding;<br \/>\n3) o fundo de investimentos, que \u00e9 representado pela NSG Capital, financeira com sede no Rio de Janeiro.<br \/>\nPara completar o quadro, a \u00fanica espanhola que n\u00e3o integrou a holding tamb\u00e9m deixou o neg\u00f3cio. O resumo da \u00f3pera, segundo o TCE \u00e9 o seguinte: \u201cDas cinco empresas que integravam o cons\u00f3rcio, apenas duas se encontram ainda envolvidas com o empreendimento\u201d.<br \/>\n<em><strong>Leia mais:<\/strong><\/em><br \/>\n<a href=\"https:\/\/jornalja.com.br\/exclusivo-estado-isenta-consorcio-de-irregularidades-em-contrato-do-cais-maua\/\" target=\"_blank\" rel=\"noopener noreferrer\">EXCLUSIVO: Estado isenta cons\u00f3rcio de irregularidades em contrato do Cais Mau\u00e1<\/a><br \/>\n<a href=\"https:\/\/jornalja.com.br\/garantia-financeira-a-obra-no-cais-maua-seria-facultativa\/\" target=\"_blank\" rel=\"noopener noreferrer\">Ponto 1: Garantia financeira seria facultativa<\/a><br \/>\n<a href=\"https:\/\/jornalja.com.br\/cais-maua-exigir-projetos-executivos-em-120-dias-foi-equivoco\/\" target=\"_blank\" rel=\"noopener noreferrer\">Ponto 3: Edital foi falho ao exigir projetos em 120 dias<\/a><br \/>\nA principal raz\u00e3o para a preocupa\u00e7\u00e3o s\u00e3o as exig\u00eancias que o Estado fez para habilita\u00e7\u00e3o das empresas ao neg\u00f3cio: uma an\u00e1lise profunda das finan\u00e7as das candidatas para verificar sua solidez e capacidade de realizar o empreendimento.<br \/>\nEm 2010, elas estavam aptas, mas a an\u00e1lise ap\u00f3s a mudan\u00e7a, revela Vanderlan Frank Carvalho, s\u00f3 foi feita em 2015, anos depois de concretizada.<br \/>\n\u201cQuando assumimos, essa documenta\u00e7\u00e3o ainda n\u00e3o havia sido analisada para verificar as condi\u00e7\u00f5es edital\u00edcias. Encaminhamos para a Cage, que deu seu parecer, depois para a Procuradoria Geral do Estado (PGE) e na verdade o cons\u00f3rcio ainda atende aqueles pr\u00e9-requisitos do Edital\u201d, assegura.<br \/>\nUma das condi\u00e7\u00f5es previstas era a demonstra\u00e7\u00e3o de patrim\u00f4nio l\u00edquido somado de, pelo menos, R$ 9 bilh\u00f5es. \u201cApenas uma das empresas, a Contern, que det\u00e9m somente 10% das a\u00e7\u00f5es do cons\u00f3rcio, teria condi\u00e7\u00f5es de cumprir todas as quest\u00f5es do edital\u201d, revela.<br \/>\nOutra inconformidade apontada pelo TCE neste quesito \u00e9 que a altera\u00e7\u00e3o n\u00e3o teria sido comunicada previamente ao Estado, \u00e0 SPH e \u00e0 Antaq como requer o edital, o que Carvalho contradiz.<br \/>\n\u201cH\u00e1 um apontamento de que a arrendat\u00e1ria n\u00e3o teria dado ci\u00eancia pr\u00e9via dessas altera\u00e7\u00f5es, quando na verdade eles n\u00e3o s\u00f3 comunicaram previamente como perguntaram ao Estado como deveriam proceder essa altera\u00e7\u00e3o\u201d, pondera o diretor-geral dos Transportes.<br \/>\nNa avalia\u00e7\u00e3o de Carvalho, o que houve foi um \u201cerro de comunica\u00e7\u00e3o\u201d. \u201cO que acontecia \u00e9 que o TCE verificou a documenta\u00e7\u00e3o e os processos dos quais a SPH tinha conhecimento, s\u00f3 que esse ponto foi tratado pela Casa Civil, porque era um assunto priorit\u00e1rio\u201d, justifica.<br \/>\nDe fato, uma das constata\u00e7\u00f5es da inspe\u00e7\u00e3o especial do TCE \u00e9 que a SPH n\u00e3o possu\u00eda autonomia para exercer plenamente a fiscaliza\u00e7\u00e3o do contrato.<br \/>\nDe toda maneira, resta esclarecer como a mudan\u00e7a na composi\u00e7\u00e3o acion\u00e1ria do cons\u00f3rcio foi feita sem a anu\u00eancia pr\u00e9via do Estado, conforme o TCE aponta: \u201cNo pr\u00f3prio edital de licita\u00e7\u00e3o havia exig\u00eancia expl\u00edcita de que o cons\u00f3rcio n\u00e3o poderia ter sua composi\u00e7\u00e3o alterada sem pr\u00e9via e expressa autoriza\u00e7\u00e3o do arrendante\u201d, diz o relat\u00f3rio do \u00f3rg\u00e3o de controle.<br \/>\nA explica\u00e7\u00e3o de Carvalho \u00e9 a seguinte: \u201cO contrato n\u00e3o fala que o Estado deveria consentir, fala que deveria ter ci\u00eancia pr\u00e9via. Mas no momento em que o Estado toma conhecimento de uma altera\u00e7\u00e3o, tem o dever de verificar se essa altera\u00e7\u00e3o atende ao previsto no edital, o que \u00e9 bastante complexo\u201d. <em><strong>(NH)<\/strong><\/em><\/p>\n","protected":false},"excerpt":{"rendered":"<p>Em seu relat\u00f3rio de 2013, o Tribunal de Contas do Estado (TCE) mostrava-se preocupado com a altera\u00e7\u00e3o das empresas que compunham o cons\u00f3rcio vencedor da licita\u00e7\u00e3o para a revitaliza\u00e7\u00e3o do Cais Mau\u00e1 tr\u00eas anos antes. Em 2010, a Porto Cais Mau\u00e1 do Brasil estava constitu\u00edda por uma empresa brasileira, a Contern, do Grupo Bertin, e [&hellip;]<\/p>\n","protected":false},"author":4,"featured_media":29405,"comment_status":"open","ping_status":"closed","sticky":false,"template":"","format":"standard","meta":{"_jetpack_newsletter_access":"","_jetpack_dont_email_post_to_subs":false,"_jetpack_newsletter_tier_id":0,"_jetpack_memberships_contains_paywalled_content":false,"_jetpack_feature_clip_id":0,"_jetpack_memberships_contains_paid_content":false,"footnotes":"","jetpack_post_was_ever_published":false},"categories":[1742],"tags":[],"class_list":["post-29404","post","type-post","status-publish","format-standard","has-post-thumbnail","hentry","category-dossie-cais-maua"],"aioseo_notices":[],"aioseo_head":"\n\t\t<!-- All in One SEO 5.0.1.1 - aioseo.com -->\n\t<meta name=\"robots\" content=\"max-image-preview:large\" \/>\n\t<meta name=\"author\" content=\"da Reda\u00e7\u00e3o\"\/>\n\t<link rel=\"canonical\" href=\"https:\/\/www.jornalja.com.br\/arquivo\/ingresso-de-empresas-no-cais-maua-nao-havia-sido-analisado\/\" \/>\n\t<meta name=\"generator\" content=\"All in One SEO (AIOSEO) 5.0.1.1\" \/>\n\t\t<meta property=\"og:locale\" content=\"pt_BR\" \/>\n\t\t<meta property=\"og:site_name\" content=\"Arquivo | Jornal J\u00c1 | Porto Alegre\" \/>\n\t\t<meta property=\"og:type\" content=\"article\" \/>\n\t\t<meta property=\"og:title\" content=\"Ingresso de empresas no Cais Mau\u00e1 n\u00e3o havia sido analisado | Arquivo\" \/>\n\t\t<meta property=\"og:url\" content=\"https:\/\/www.jornalja.com.br\/arquivo\/ingresso-de-empresas-no-cais-maua-nao-havia-sido-analisado\/\" \/>\n\t\t<meta property=\"og:image\" content=\"https:\/\/www.jornalja.com.br\/economics\/wp-content\/uploads\/sites\/11\/2026\/08\/ja-folhaderosto-facebook.jpg\" \/>\n\t\t<meta property=\"og:image:secure_url\" content=\"https:\/\/www.jornalja.com.br\/economics\/wp-content\/uploads\/sites\/11\/2026\/08\/ja-folhaderosto-facebook.jpg\" \/>\n\t\t<meta property=\"article:published_time\" content=\"2016-02-15T19:26:30+00:00\" \/>\n\t\t<meta property=\"article:modified_time\" content=\"2016-02-15T19:26:30+00:00\" \/>\n\t\t<meta name=\"twitter:card\" content=\"summary\" \/>\n\t\t<meta name=\"twitter:title\" content=\"Ingresso de empresas no Cais Mau\u00e1 n\u00e3o havia sido analisado | Arquivo\" \/>\n\t\t<meta name=\"twitter:image\" content=\"https:\/\/www.jornalja.com.br\/economics\/wp-content\/uploads\/sites\/11\/2026\/08\/ja-folhaderosto-facebook.jpg\" \/>\n\t\t<script type=\"application\/ld+json\" class=\"aioseo-schema\">\n\t\t\t{\"@context\":\"https:\\\/\\\/schema.org\",\"@graph\":[{\"@type\":\"BlogPosting\",\"@id\":\"https:\\\/\\\/www.jornalja.com.br\\\/arquivo\\\/ingresso-de-empresas-no-cais-maua-nao-havia-sido-analisado\\\/#blogposting\",\"name\":\"Ingresso de empresas no Cais Mau\\u00e1 n\\u00e3o havia sido analisado | Arquivo\",\"headline\":\"Ingresso de empresas no Cais Mau\\u00e1 n\\u00e3o havia sido analisado\",\"author\":{\"@id\":\"https:\\\/\\\/www.jornalja.com.br\\\/arquivo\\\/author\\\/daredacao\\\/#author\"},\"publisher\":{\"@id\":\"https:\\\/\\\/www.jornalja.com.br\\\/arquivo\\\/#organization\"},\"image\":{\"@type\":\"ImageObject\",\"url\":29405},\"datePublished\":\"2016-02-15T16:26:30-02:00\",\"dateModified\":\"2016-02-15T16:26:30-02:00\",\"inLanguage\":\"pt-BR\",\"mainEntityOfPage\":{\"@id\":\"https:\\\/\\\/www.jornalja.com.br\\\/arquivo\\\/ingresso-de-empresas-no-cais-maua-nao-havia-sido-analisado\\\/#webpage\"},\"isPartOf\":{\"@id\":\"https:\\\/\\\/www.jornalja.com.br\\\/arquivo\\\/ingresso-de-empresas-no-cais-maua-nao-havia-sido-analisado\\\/#webpage\"},\"articleSection\":\"Mat\\u00e9ria Cais pequena\"},{\"@type\":\"BreadcrumbList\",\"@id\":\"https:\\\/\\\/www.jornalja.com.br\\\/arquivo\\\/ingresso-de-empresas-no-cais-maua-nao-havia-sido-analisado\\\/#breadcrumblist\",\"itemListElement\":[{\"@type\":\"ListItem\",\"@id\":\"https:\\\/\\\/www.jornalja.com.br\\\/arquivo#listItem\",\"position\":1,\"name\":\"Home\",\"item\":\"https:\\\/\\\/www.jornalja.com.br\\\/arquivo\",\"nextItem\":{\"@type\":\"ListItem\",\"@id\":\"https:\\\/\\\/www.jornalja.com.br\\\/arquivo\\\/category\\\/dossie-cais-maua\\\/#listItem\",\"name\":\"Mat\\u00e9ria Cais pequena\"}},{\"@type\":\"ListItem\",\"@id\":\"https:\\\/\\\/www.jornalja.com.br\\\/arquivo\\\/category\\\/dossie-cais-maua\\\/#listItem\",\"position\":2,\"name\":\"Mat\\u00e9ria Cais pequena\",\"item\":\"https:\\\/\\\/www.jornalja.com.br\\\/arquivo\\\/category\\\/dossie-cais-maua\\\/\",\"nextItem\":{\"@type\":\"ListItem\",\"@id\":\"https:\\\/\\\/www.jornalja.com.br\\\/arquivo\\\/ingresso-de-empresas-no-cais-maua-nao-havia-sido-analisado\\\/#listItem\",\"name\":\"Ingresso de empresas no Cais Mau\\u00e1 n\\u00e3o havia sido analisado\"},\"previousItem\":{\"@type\":\"ListItem\",\"@id\":\"https:\\\/\\\/www.jornalja.com.br\\\/arquivo#listItem\",\"name\":\"Home\"}},{\"@type\":\"ListItem\",\"@id\":\"https:\\\/\\\/www.jornalja.com.br\\\/arquivo\\\/ingresso-de-empresas-no-cais-maua-nao-havia-sido-analisado\\\/#listItem\",\"position\":3,\"name\":\"Ingresso de empresas no Cais Mau\\u00e1 n\\u00e3o havia sido analisado\",\"previousItem\":{\"@type\":\"ListItem\",\"@id\":\"https:\\\/\\\/www.jornalja.com.br\\\/arquivo\\\/category\\\/dossie-cais-maua\\\/#listItem\",\"name\":\"Mat\\u00e9ria Cais pequena\"}}]},{\"@type\":\"Organization\",\"@id\":\"https:\\\/\\\/www.jornalja.com.br\\\/arquivo\\\/#organization\",\"name\":\"Jornal J\\u00c1\",\"description\":\"Jornal J\\u00c1 | Porto Alegre\",\"url\":\"https:\\\/\\\/www.jornalja.com.br\\\/arquivo\\\/\",\"telephone\":\"+555133307272\",\"logo\":{\"@type\":\"ImageObject\",\"url\":\"https:\\\/\\\/www.jornalja.com.br\\\/wp-content\\\/uploads\\\/cards\\\/JAslogan.png\",\"@id\":\"https:\\\/\\\/www.jornalja.com.br\\\/arquivo\\\/ingresso-de-empresas-no-cais-maua-nao-havia-sido-analisado\\\/#organizationLogo\"},\"image\":{\"@id\":\"https:\\\/\\\/www.jornalja.com.br\\\/arquivo\\\/ingresso-de-empresas-no-cais-maua-nao-havia-sido-analisado\\\/#organizationLogo\"}},{\"@type\":\"Person\",\"@id\":\"https:\\\/\\\/www.jornalja.com.br\\\/arquivo\\\/author\\\/daredacao\\\/#author\",\"url\":\"https:\\\/\\\/www.jornalja.com.br\\\/arquivo\\\/author\\\/daredacao\\\/\",\"name\":\"da Reda\\u00e7\\u00e3o\",\"image\":{\"@type\":\"ImageObject\",\"@id\":\"https:\\\/\\\/www.jornalja.com.br\\\/arquivo\\\/ingresso-de-empresas-no-cais-maua-nao-havia-sido-analisado\\\/#authorImage\",\"url\":\"https:\\\/\\\/secure.gravatar.com\\\/avatar\\\/469fd857d6605ad19919d27ed29d35a968a25f6e8fd9318356bbb7f57aae9c65?s=96&d=mm&r=g\",\"width\":96,\"height\":96,\"caption\":\"da Reda\\u00e7\\u00e3o\"}},{\"@type\":\"WebPage\",\"@id\":\"https:\\\/\\\/www.jornalja.com.br\\\/arquivo\\\/ingresso-de-empresas-no-cais-maua-nao-havia-sido-analisado\\\/#webpage\",\"url\":\"https:\\\/\\\/www.jornalja.com.br\\\/arquivo\\\/ingresso-de-empresas-no-cais-maua-nao-havia-sido-analisado\\\/\",\"name\":\"Ingresso de empresas no Cais Mau\\u00e1 n\\u00e3o havia sido analisado | Arquivo\",\"inLanguage\":\"pt-BR\",\"isPartOf\":{\"@id\":\"https:\\\/\\\/www.jornalja.com.br\\\/arquivo\\\/#website\"},\"breadcrumb\":{\"@id\":\"https:\\\/\\\/www.jornalja.com.br\\\/arquivo\\\/ingresso-de-empresas-no-cais-maua-nao-havia-sido-analisado\\\/#breadcrumblist\"},\"author\":{\"@id\":\"https:\\\/\\\/www.jornalja.com.br\\\/arquivo\\\/author\\\/daredacao\\\/#author\"},\"creator\":{\"@id\":\"https:\\\/\\\/www.jornalja.com.br\\\/arquivo\\\/author\\\/daredacao\\\/#author\"},\"image\":{\"@type\":\"ImageObject\",\"url\":29405,\"@id\":\"https:\\\/\\\/www.jornalja.com.br\\\/arquivo\\\/ingresso-de-empresas-no-cais-maua-nao-havia-sido-analisado\\\/#mainImage\"},\"primaryImageOfPage\":{\"@id\":\"https:\\\/\\\/www.jornalja.com.br\\\/arquivo\\\/ingresso-de-empresas-no-cais-maua-nao-havia-sido-analisado\\\/#mainImage\"},\"datePublished\":\"2016-02-15T16:26:30-02:00\",\"dateModified\":\"2016-02-15T16:26:30-02:00\"},{\"@type\":\"WebSite\",\"@id\":\"https:\\\/\\\/www.jornalja.com.br\\\/arquivo\\\/#website\",\"url\":\"https:\\\/\\\/www.jornalja.com.br\\\/arquivo\\\/\",\"name\":\"Arquivo\",\"description\":\"Jornal J\\u00c1 | Porto Alegre\",\"inLanguage\":\"pt-BR\",\"publisher\":{\"@id\":\"https:\\\/\\\/www.jornalja.com.br\\\/arquivo\\\/#organization\"}}]}\n\t\t<\/script>\n\t\t<!-- All in One SEO -->\n\n","aioseo_head_json":{"title":"Ingresso de empresas no Cais Mau\u00e1 n\u00e3o havia sido analisado | Arquivo","description":"","canonical_url":"https:\/\/www.jornalja.com.br\/arquivo\/ingresso-de-empresas-no-cais-maua-nao-havia-sido-analisado\/","robots":"max-image-preview:large","keywords":"","webmasterTools":{"miscellaneous":""},"schema":{"@context":"https:\/\/schema.org","@graph":[{"@type":"BlogPosting","@id":"https:\/\/www.jornalja.com.br\/arquivo\/ingresso-de-empresas-no-cais-maua-nao-havia-sido-analisado\/#blogposting","name":"Ingresso de empresas no Cais Mau\u00e1 n\u00e3o havia sido analisado | Arquivo","headline":"Ingresso de empresas no Cais Mau\u00e1 n\u00e3o havia sido analisado","author":{"@id":"https:\/\/www.jornalja.com.br\/arquivo\/author\/daredacao\/#author"},"publisher":{"@id":"https:\/\/www.jornalja.com.br\/arquivo\/#organization"},"image":{"@type":"ImageObject","url":29405},"datePublished":"2016-02-15T16:26:30-02:00","dateModified":"2016-02-15T16:26:30-02:00","inLanguage":"pt-BR","mainEntityOfPage":{"@id":"https:\/\/www.jornalja.com.br\/arquivo\/ingresso-de-empresas-no-cais-maua-nao-havia-sido-analisado\/#webpage"},"isPartOf":{"@id":"https:\/\/www.jornalja.com.br\/arquivo\/ingresso-de-empresas-no-cais-maua-nao-havia-sido-analisado\/#webpage"},"articleSection":"Mat\u00e9ria Cais pequena"},{"@type":"BreadcrumbList","@id":"https:\/\/www.jornalja.com.br\/arquivo\/ingresso-de-empresas-no-cais-maua-nao-havia-sido-analisado\/#breadcrumblist","itemListElement":[{"@type":"ListItem","@id":"https:\/\/www.jornalja.com.br\/arquivo#listItem","position":1,"name":"Home","item":"https:\/\/www.jornalja.com.br\/arquivo","nextItem":{"@type":"ListItem","@id":"https:\/\/www.jornalja.com.br\/arquivo\/category\/dossie-cais-maua\/#listItem","name":"Mat\u00e9ria Cais pequena"}},{"@type":"ListItem","@id":"https:\/\/www.jornalja.com.br\/arquivo\/category\/dossie-cais-maua\/#listItem","position":2,"name":"Mat\u00e9ria Cais pequena","item":"https:\/\/www.jornalja.com.br\/arquivo\/category\/dossie-cais-maua\/","nextItem":{"@type":"ListItem","@id":"https:\/\/www.jornalja.com.br\/arquivo\/ingresso-de-empresas-no-cais-maua-nao-havia-sido-analisado\/#listItem","name":"Ingresso de empresas no Cais Mau\u00e1 n\u00e3o havia sido analisado"},"previousItem":{"@type":"ListItem","@id":"https:\/\/www.jornalja.com.br\/arquivo#listItem","name":"Home"}},{"@type":"ListItem","@id":"https:\/\/www.jornalja.com.br\/arquivo\/ingresso-de-empresas-no-cais-maua-nao-havia-sido-analisado\/#listItem","position":3,"name":"Ingresso de empresas no Cais Mau\u00e1 n\u00e3o havia sido analisado","previousItem":{"@type":"ListItem","@id":"https:\/\/www.jornalja.com.br\/arquivo\/category\/dossie-cais-maua\/#listItem","name":"Mat\u00e9ria Cais pequena"}}]},{"@type":"Organization","@id":"https:\/\/www.jornalja.com.br\/arquivo\/#organization","name":"Jornal J\u00c1","description":"Jornal J\u00c1 | Porto Alegre","url":"https:\/\/www.jornalja.com.br\/arquivo\/","telephone":"+555133307272","logo":{"@type":"ImageObject","url":"https:\/\/www.jornalja.com.br\/wp-content\/uploads\/cards\/JAslogan.png","@id":"https:\/\/www.jornalja.com.br\/arquivo\/ingresso-de-empresas-no-cais-maua-nao-havia-sido-analisado\/#organizationLogo"},"image":{"@id":"https:\/\/www.jornalja.com.br\/arquivo\/ingresso-de-empresas-no-cais-maua-nao-havia-sido-analisado\/#organizationLogo"}},{"@type":"Person","@id":"https:\/\/www.jornalja.com.br\/arquivo\/author\/daredacao\/#author","url":"https:\/\/www.jornalja.com.br\/arquivo\/author\/daredacao\/","name":"da Reda\u00e7\u00e3o","image":{"@type":"ImageObject","@id":"https:\/\/www.jornalja.com.br\/arquivo\/ingresso-de-empresas-no-cais-maua-nao-havia-sido-analisado\/#authorImage","url":"https:\/\/secure.gravatar.com\/avatar\/469fd857d6605ad19919d27ed29d35a968a25f6e8fd9318356bbb7f57aae9c65?s=96&d=mm&r=g","width":96,"height":96,"caption":"da Reda\u00e7\u00e3o"}},{"@type":"WebPage","@id":"https:\/\/www.jornalja.com.br\/arquivo\/ingresso-de-empresas-no-cais-maua-nao-havia-sido-analisado\/#webpage","url":"https:\/\/www.jornalja.com.br\/arquivo\/ingresso-de-empresas-no-cais-maua-nao-havia-sido-analisado\/","name":"Ingresso de empresas no Cais Mau\u00e1 n\u00e3o havia sido analisado | Arquivo","inLanguage":"pt-BR","isPartOf":{"@id":"https:\/\/www.jornalja.com.br\/arquivo\/#website"},"breadcrumb":{"@id":"https:\/\/www.jornalja.com.br\/arquivo\/ingresso-de-empresas-no-cais-maua-nao-havia-sido-analisado\/#breadcrumblist"},"author":{"@id":"https:\/\/www.jornalja.com.br\/arquivo\/author\/daredacao\/#author"},"creator":{"@id":"https:\/\/www.jornalja.com.br\/arquivo\/author\/daredacao\/#author"},"image":{"@type":"ImageObject","url":29405,"@id":"https:\/\/www.jornalja.com.br\/arquivo\/ingresso-de-empresas-no-cais-maua-nao-havia-sido-analisado\/#mainImage"},"primaryImageOfPage":{"@id":"https:\/\/www.jornalja.com.br\/arquivo\/ingresso-de-empresas-no-cais-maua-nao-havia-sido-analisado\/#mainImage"},"datePublished":"2016-02-15T16:26:30-02:00","dateModified":"2016-02-15T16:26:30-02:00"},{"@type":"WebSite","@id":"https:\/\/www.jornalja.com.br\/arquivo\/#website","url":"https:\/\/www.jornalja.com.br\/arquivo\/","name":"Arquivo","description":"Jornal J\u00c1 | Porto Alegre","inLanguage":"pt-BR","publisher":{"@id":"https:\/\/www.jornalja.com.br\/arquivo\/#organization"}}]},"og:locale":"pt_BR","og:site_name":"Arquivo | Jornal J\u00c1 | Porto Alegre","og:type":"article","og:title":"Ingresso de empresas no Cais Mau\u00e1 n\u00e3o havia sido analisado | Arquivo","og:url":"https:\/\/www.jornalja.com.br\/arquivo\/ingresso-de-empresas-no-cais-maua-nao-havia-sido-analisado\/","og:image":"https:\/\/www.jornalja.com.br\/economics\/wp-content\/uploads\/sites\/11\/2026\/08\/ja-folhaderosto-facebook.jpg","og:image:secure_url":"https:\/\/www.jornalja.com.br\/economics\/wp-content\/uploads\/sites\/11\/2026\/08\/ja-folhaderosto-facebook.jpg","article:published_time":"2016-02-15T19:26:30+00:00","article:modified_time":"2016-02-15T19:26:30+00:00","twitter:card":"summary","twitter:title":"Ingresso de empresas no Cais Mau\u00e1 n\u00e3o havia sido analisado | Arquivo","twitter:image":"https:\/\/www.jornalja.com.br\/economics\/wp-content\/uploads\/sites\/11\/2026\/08\/ja-folhaderosto-facebook.jpg"},"aioseo_meta_data":{"post_id":"29404","title":null,"description":null,"keywords":null,"keyphrases":null,"primary_term":null,"canonical_url":null,"og_title":null,"og_description":null,"og_object_type":"default","og_image_type":"default","og_image_url":null,"og_image_width":null,"og_image_height":null,"og_image_custom_url":null,"og_image_custom_fields":null,"og_video":null,"og_custom_url":null,"og_article_section":null,"og_article_tags":null,"twitter_use_og":false,"twitter_card":"default","twitter_image_type":"default","twitter_image_url":null,"twitter_image_custom_url":null,"twitter_image_custom_fields":null,"twitter_title":null,"twitter_description":null,"schema":{"blockGraphs":[],"customGraphs":[],"default":{"data":{"Article":[],"Course":[],"Dataset":[],"FAQPage":[],"Movie":[],"Person":[],"Product":[],"ProductReview":[],"Car":[],"Recipe":[],"Service":[],"SoftwareApplication":[],"WebPage":[]},"graphName":"","isEnabled":true},"graphs":[],"defaultGraph":"","defaultPostTypeGraph":""},"schema_type":null,"schema_type_options":null,"pillar_content":false,"robots_default":true,"robots_noindex":false,"robots_noarchive":false,"robots_nosnippet":false,"robots_nofollow":false,"robots_noimageindex":false,"robots_noodp":false,"robots_notranslate":false,"robots_max_snippet":null,"robots_max_videopreview":null,"robots_max_imagepreview":"large","priority":null,"frequency":null,"location":null,"local_seo":null,"breadcrumb_settings":null,"limit_modified_date":false,"ai":null,"created":"2020-12-20 21:00:10","updated":"2025-07-19 12:23:56","seo_analyzer_scan_date":null,"focus_keyword":null,"additional_keywords":null,"truseo_locale":null},"jetpack_sharing_enabled":true,"jetpack-related-posts":[{"id":13101,"url":"https:\/\/www.jornalja.com.br\/arquivo\/morre-um-guerreiro-do-texto\/","url_meta":{"origin":29404,"position":0},"title":"Morre um guerreiro do texto","author":"Patr\u00edcia Marini","date":"14 de maio de 2014","format":false,"excerpt":"Por Ricardo Kotscho Reproduzido do blog do autor, 11\/5\/2014; t\u00edtulo original \u201cE l\u00e1 se foi o nosso Myltainho, guerreiro do texto\u201d. Mi\u00fado e franzino, meu amigo Myltainho era um valente e inconformado guerreiro na luta contra as injusti\u00e7as sociais, a hipocrisia, as maracutaias, o autoritarismo, a intoler\u00e2ncia, a viol\u00eancia, o\u2026","rel":"","context":"Em &quot;Geral&quot;","block_context":{"text":"Geral","link":"https:\/\/www.jornalja.com.br\/arquivo\/category\/geral\/"},"img":{"alt_text":"","src":"","width":0,"height":0},"classes":[]},{"id":12960,"url":"https:\/\/www.jornalja.com.br\/arquivo\/populacao-culpa-empresas-pela-greve-dos-rodoviarios\/","url_meta":{"origin":29404,"position":1},"title":"Popula\u00e7\u00e3o culpa empresas pela greve","author":"Patr\u00edcia Marini","date":"14 de fevereiro de 2014","format":false,"excerpt":"Pesquisa divulgada na edi\u00e7\u00e3o do jornal Metro desta sexta-feira,14, comprova o velho ditado: \u00e9 poss\u00edvel enganar muitos por algum tempo, mas n\u00e3o \u00e9 poss\u00edvel enganar a todos o tempo inteiro. A principal revela\u00e7\u00e3o foi que 59,8% dos entrevistados apontaram as empresas como as principais respons\u00e1veis pela grave e 46% culparam\u2026","rel":"","context":"Em &quot;X.Categorias velhas&quot;","block_context":{"text":"X.Categorias velhas","link":"https:\/\/www.jornalja.com.br\/arquivo\/category\/x-categorias-velhas\/"},"img":{"alt_text":"","src":"","width":0,"height":0},"classes":[]},{"id":5440,"url":"https:\/\/www.jornalja.com.br\/arquivo\/casarao-da-venancio-destino-permanece-incerto\/","url_meta":{"origin":29404,"position":2},"title":"Estado ainda n\u00e3o sabe o que fazer com casar\u00e3o abandonado h\u00e1 20 anos","author":"Elmar Bones","date":"6 de julho de 2009","format":false,"excerpt":"O casar\u00e3o amarelo, numa esquina nobre de Porto Alegre (Ven\u00e2ncio Aires com Jo\u00e3o Pessoa), j\u00e1 abrigou uma escola. H\u00e1 duas d\u00e9cadas, pelo menos, est\u00e1 abandonado, porque seu propriet\u00e1rio, o governo do Estado do Rio Grande do Sul, n\u00e3o consegue achar um destino para ele. Planos n\u00e3o faltaram. O governador Ol\u00edvio\u2026","rel":"","context":"Em &quot;X.Categorias velhas&quot;","block_context":{"text":"X.Categorias velhas","link":"https:\/\/www.jornalja.com.br\/arquivo\/category\/x-categorias-velhas\/"},"img":{"alt_text":"geraldo1","src":"https:\/\/i0.wp.com\/www.jornalja.com.br\/wp-content\/uploads\/2009\/07\/geraldo1.jpg?resize=350%2C200&ssl=1","width":350,"height":200},"classes":[]},{"id":13240,"url":"https:\/\/www.jornalja.com.br\/arquivo\/plano-diretor-estamos-construindo-o-caos\/","url_meta":{"origin":29404,"position":3},"title":"Plano diretor: &quot;Estamos construindo o caos&quot;","author":"Patr\u00edcia Marini","date":"26 de maio de 2014","format":false,"excerpt":"Desabafo que arquiteta Eliana Castilhos, delegada da Regi\u00e3o de Planejamento 1, postou nas redes sociais \u00e9 um testemunho do ambiente que se criou no Conselho do Plano Diretor de Porto Alegre, onde a aprova\u00e7\u00e3o de grandes empreendimentos \u00e9 empurrada guela abaixo dos conselheiros. Ao CMDUA Como delegada da Regi\u00e3o de\u2026","rel":"","context":"Em &quot;Geral&quot;","block_context":{"text":"Geral","link":"https:\/\/www.jornalja.com.br\/arquivo\/category\/geral\/"},"img":{"alt_text":"","src":"","width":0,"height":0},"classes":[]},{"id":13124,"url":"https:\/\/www.jornalja.com.br\/arquivo\/sangue-latino-no-iecine\/","url_meta":{"origin":29404,"position":4},"title":"Sangue latino no IECINE","author":"da Reda\u00e7\u00e3o","date":"18 de maio de 2014","format":false,"excerpt":"Francisco Ribeiro O Instituto Estadual de Cinema (IECINE) tem a frente, desde abril \u00faltimo, um novo diretor, o cineasta colombiano Juan Zapata, 36, que substitui Luiz Alberto Cassol. Radicado h\u00e1 dez anos em Porto Alegre, Zapata tem diante de si o desafio de conduzir at\u00e9 o final do ano um\u2026","rel":"","context":"Em &quot;Cultura-Geral&quot;","block_context":{"text":"Cultura-Geral","link":"https:\/\/www.jornalja.com.br\/arquivo\/category\/materiasecundaria\/"},"img":{"alt_text":"","src":"","width":0,"height":0},"classes":[]},{"id":13239,"url":"https:\/\/www.jornalja.com.br\/arquivo\/conselho-desdenha-do-plano-diretor\/","url_meta":{"origin":29404,"position":5},"title":"Porto Alegre: Conselho detona Plano Diretor","author":"Patr\u00edcia Marini","date":"25 de maio de 2014","format":false,"excerpt":"Den\u00fancia do arquiteto e \u00a0urbanista Ibir\u00e1 Santos Lucas. Ele diz que os conselheiros est\u00e3o votando com \"enorme irresponsabilidade\". \"Mudam regime com a maior naturalidade,,,regularizam absurdos de constru\u00e7\u00f5es irregulares... \"O CMDUA est\u00e1 flexibilizando a lei do plano diretor, de uma forma impactante na vida da cidade. Mudam regime com a maior\u2026","rel":"","context":"Em &quot;Geral&quot;","block_context":{"text":"Geral","link":"https:\/\/www.jornalja.com.br\/arquivo\/category\/geral\/"},"img":{"alt_text":"","src":"","width":0,"height":0},"classes":[]}],"jetpack_shortlink":"https:\/\/wp.me\/pbQjBd-7Eg","jetpack_featured_media_url":"","_links":{"self":[{"href":"https:\/\/www.jornalja.com.br\/arquivo\/wp-json\/wp\/v2\/posts\/29404","targetHints":{"allow":["GET"]}}],"collection":[{"href":"https:\/\/www.jornalja.com.br\/arquivo\/wp-json\/wp\/v2\/posts"}],"about":[{"href":"https:\/\/www.jornalja.com.br\/arquivo\/wp-json\/wp\/v2\/types\/post"}],"author":[{"embeddable":true,"href":"https:\/\/www.jornalja.com.br\/arquivo\/wp-json\/wp\/v2\/users\/4"}],"replies":[{"embeddable":true,"href":"https:\/\/www.jornalja.com.br\/arquivo\/wp-json\/wp\/v2\/comments?post=29404"}],"version-history":[{"count":0,"href":"https:\/\/www.jornalja.com.br\/arquivo\/wp-json\/wp\/v2\/posts\/29404\/revisions"}],"wp:attachment":[{"href":"https:\/\/www.jornalja.com.br\/arquivo\/wp-json\/wp\/v2\/media?parent=29404"}],"wp:term":[{"taxonomy":"category","embeddable":true,"href":"https:\/\/www.jornalja.com.br\/arquivo\/wp-json\/wp\/v2\/categories?post=29404"},{"taxonomy":"post_tag","embeddable":true,"href":"https:\/\/www.jornalja.com.br\/arquivo\/wp-json\/wp\/v2\/tags?post=29404"}],"curies":[{"name":"wp","href":"https:\/\/api.w.org\/{rel}","templated":true}]}}