{"id":29408,"date":"2016-02-15T16:54:58","date_gmt":"2016-02-15T19:54:58","guid":{"rendered":"https:\/\/jornalja.com.br\/?p=29408"},"modified":"2016-02-15T16:54:58","modified_gmt":"2016-02-15T19:54:58","slug":"garantia-financeira-a-obra-no-cais-maua-seria-facultativa","status":"publish","type":"post","link":"https:\/\/www.jornalja.com.br\/arquivo\/garantia-financeira-a-obra-no-cais-maua-seria-facultativa\/","title":{"rendered":"Garantia financeira \u00e0 obra no Cais Mau\u00e1 seria facultativa"},"content":{"rendered":"<p>O primeiro dos apontamentos do Tribunal de Contas do Estado (TCE) a respeito do descumprimento do contrato de concess\u00e3o do Cais Mau\u00e1 \u00e0 iniciativa privada era a falta de uma \u201ccarta de estrutura\u00e7\u00e3o financeira\u201d que garantisse a capacidade de investimento prevista no empreendimento.<br \/>\nPara tanto, a cl\u00e1usula 13\u00aa do contrato determinava que o financiamento das obras deveria ser feito por \u201cinstitui\u00e7\u00e3o financeira com patrim\u00f4nio l\u00edquido m\u00ednimo de R$ 400 milh\u00f5es\u201d \u2013 valor total das obras projetado pelos empreendedores.<br \/>\n<em><strong>Leia mais:<\/strong><\/em><br \/>\n<a href=\"https:\/\/jornalja.com.br\/exclusivo-estado-isenta-consorcio-de-irregularidades-em-contrato-do-cais-maua\/\" target=\"_blank\" rel=\"noopener noreferrer\">EXCLUSIVO: Estado isenta cons\u00f3rcio de irregularidades em contrato do Cais Mau\u00e1<\/a><br \/>\n<a href=\"https:\/\/jornalja.com.br\/ingresso-de-empresas-no-cais-maua-nao-havia-sido-analisado\/\" target=\"_blank\" rel=\"noopener noreferrer\">Ponto 2: Ingresso de empresas n\u00e3o foi analisado<\/a><br \/>\n<a href=\"https:\/\/jornalja.com.br\/cais-maua-exigir-projetos-executivos-em-120-dias-foi-equivoco\/\" target=\"_blank\" rel=\"noopener noreferrer\">Ponto 3: Edital foi falho ao exigir projetos em 120 dias<\/a><br \/>\nEssa documenta\u00e7\u00e3o deveria ser apresentada em at\u00e9 180 dias ap\u00f3s a assinatura do contrato; o descumprimento do prazo geraria multa e, caso passassem 270 dias sem que a carta fosse registrada, o Estado poderia \u201cproceder \u00e0 declara\u00e7\u00e3o de caducidade\u201d do contrato.<br \/>\nNo relat\u00f3rio do TCE, os auditores documentam as tentativas do cons\u00f3rcio de cumprir com a cl\u00e1usula.<br \/>\nA primeira ocorreu em 27 de dezembro de 2012, 296 dias ap\u00f3s a assinatura do termo de imiss\u00e3o de posse (que passou a ser considerado o marco zero da negocia\u00e7\u00e3o ap\u00f3s a solu\u00e7\u00e3o de um conflito com a Ag\u00eancia Nacional dos Transportes, a Antaq).<br \/>\nEla foi considerada apenas uma \u201ccarta de inten\u00e7\u00f5es\u201d pelos auditores porque desenhava genericamente as op\u00e7\u00f5es de financiamento de que dispunha o cons\u00f3rcio naquele momento: capital pr\u00f3prio dos acionistas, vendas dos direitos de explora\u00e7\u00e3o comercial da \u00e1rea e financiamento banc\u00e1rio \u2013 para o qual, o Banrisul havia se colocado \u00e0 disposi\u00e7\u00e3o.<br \/>\nJ\u00e1 os documentos apresentados em junho de 2013 foram avaliados como \u201cuma estrutura\u00e7\u00e3o financeira que pode assim ser denominada\u201d pelo TCE, uma vez que informou a cria\u00e7\u00e3o de fundos de capta\u00e7\u00e3o que fariam aportes financeiros na empresa.<br \/>\nPor\u00e9m, grifaram os auditores, \u201cos aportes financeiros dependem da capta\u00e7\u00e3o de recursos no mercado e n\u00e3o h\u00e1 qualquer garantia de sucesso\u201d \u2013 logo, o cons\u00f3rcio seguia descumprindo o contrato porque n\u00e3o havia a comprova\u00e7\u00e3o da exist\u00eancia dos R$ 400 milh\u00f5es l\u00edquidos para investimento.<br \/>\nTamb\u00e9m a Contadoria e Auditoria Geral do Estado (Cage) n\u00e3o deixou passar em branco o descumprimento do item, recomendando, em fevereiro de 2013, que a Superintend\u00eancia de Portos e Hidrovias (SPH) \u201caplique as penalidades e multas previstas\u201d \u2013 inclusive a rescis\u00e3o do contrato \u201ccaso a arrendat\u00e1ria continue n\u00e3o atendendo ao que disp\u00f4s o edital\u201d.<br \/>\nMas nada disso vem ao caso na opini\u00e3o do diretor-geral da Secretaria dos Transportes, Vanderlan Frank Carvalho porque houve um problema de interpreta\u00e7\u00e3o da norma. \u201cA forma como foi redigida levou a esta situa\u00e7\u00e3o\u201d, explica.<br \/>\nA cl\u00e1usula 13\u00aa do contrato diz o seguinte:<br \/>\n\u201cQuando pactuado, pela arrendat\u00e1ria, financiamento para constru\u00e7\u00e3o, implanta\u00e7\u00e3o, manuten\u00e7\u00e3o, conserva\u00e7\u00e3o, melhoria, gest\u00e3o, explora\u00e7\u00e3o e opera\u00e7\u00e3o do Complexo Cais Mau\u00e1, a arrendat\u00e1ria dever\u00e1 apresentar ao arrendante, no prazo m\u00e1ximo de at\u00e9 180 dias ap\u00f3s a celebra\u00e7\u00e3o do contrato de arrendamento, os contratos firmados com institui\u00e7\u00f5es financeiras com patrim\u00f4nio l\u00edquido m\u00ednimo de R$ 400 milh\u00f5es\u201d.<br \/>\nA express\u00e3o \u201cquando pactuado\u201d d\u00e1 margem, segundo Carvalho, a entender que o financiamento via institui\u00e7\u00e3o financeira \u00e9 facultativo, n\u00e3o uma obriga\u00e7\u00e3o. A pr\u00f3pria Cage teria mudado de ideia ao ouvir as \u201ccontrarraz\u00f5es\u201d do GT: \u201cNa opini\u00e3o dos t\u00e9cnicos da Cage, \u00e9 uma cl\u00e1usula in\u00f3cua, porque faz uma exig\u00eancia de algo que acaba sendo uma liberalidade da empresa\u201d, completa o coordenador do grupo.<br \/>\nSem a carta-garantia, as conversas entre Estado e empreendedor foram suficientes para tranquilizar o Piratini. \u201cA empresa disse que tem condi\u00e7\u00f5es de fazer o empreendimento com capital pr\u00f3prio e o aporte de recursos ser\u00e1 feito no momento oportuno\u201d, justifica Carvalho.<br \/>\nAl\u00e9m do mais, sugere o diretor-geral da pasta, caso houvesse sido cumprida a cl\u00e1usula dentro da interpreta\u00e7\u00e3o do TCE, \u201celes estariam pagando juros de um financiamento milion\u00e1rio sem poder investir\u201d, avalia, em uma refer\u00eancia \u00e0s licen\u00e7as para constru\u00e7\u00e3o, que ainda n\u00e3o foram emitidas pela prefeitura \u2013 a licen\u00e7a para demoli\u00e7\u00e3o e restaura\u00e7\u00e3o dos armaz\u00e9ns est\u00e1 pronta desde maio de 2013. <em><strong>(NH)<\/strong><\/em><\/p>\n","protected":false},"excerpt":{"rendered":"<p>O primeiro dos apontamentos do Tribunal de Contas do Estado (TCE) a respeito do descumprimento do contrato de concess\u00e3o do Cais Mau\u00e1 \u00e0 iniciativa privada era a falta de uma \u201ccarta de estrutura\u00e7\u00e3o financeira\u201d que garantisse a capacidade de investimento prevista no empreendimento. Para tanto, a cl\u00e1usula 13\u00aa do contrato determinava que o financiamento das [&hellip;]<\/p>\n","protected":false},"author":4,"featured_media":29409,"comment_status":"open","ping_status":"closed","sticky":false,"template":"","format":"standard","meta":{"_jetpack_newsletter_access":"","_jetpack_dont_email_post_to_subs":false,"_jetpack_newsletter_tier_id":0,"_jetpack_memberships_contains_paywalled_content":false,"_jetpack_feature_clip_id":0,"_jetpack_memberships_contains_paid_content":false,"footnotes":"","jetpack_post_was_ever_published":false},"categories":[1742],"tags":[],"class_list":["post-29408","post","type-post","status-publish","format-standard","has-post-thumbnail","hentry","category-dossie-cais-maua"],"aioseo_notices":[],"aioseo_head":"\n\t\t<!-- All in One SEO 5.0.1.1 - aioseo.com -->\n\t<meta name=\"robots\" content=\"max-image-preview:large\" \/>\n\t<meta name=\"author\" content=\"da Reda\u00e7\u00e3o\"\/>\n\t<link rel=\"canonical\" href=\"https:\/\/www.jornalja.com.br\/arquivo\/garantia-financeira-a-obra-no-cais-maua-seria-facultativa\/\" \/>\n\t<meta name=\"generator\" content=\"All in One SEO (AIOSEO) 5.0.1.1\" \/>\n\t\t<meta property=\"og:locale\" content=\"pt_BR\" \/>\n\t\t<meta property=\"og:site_name\" content=\"Arquivo | Jornal J\u00c1 | Porto Alegre\" \/>\n\t\t<meta property=\"og:type\" content=\"article\" \/>\n\t\t<meta property=\"og:title\" content=\"Garantia financeira \u00e0 obra no Cais Mau\u00e1 seria facultativa | Arquivo\" \/>\n\t\t<meta property=\"og:url\" content=\"https:\/\/www.jornalja.com.br\/arquivo\/garantia-financeira-a-obra-no-cais-maua-seria-facultativa\/\" \/>\n\t\t<meta property=\"og:image\" content=\"https:\/\/www.jornalja.com.br\/economics\/wp-content\/uploads\/sites\/11\/2026\/08\/ja-folhaderosto-facebook.jpg\" \/>\n\t\t<meta property=\"og:image:secure_url\" content=\"https:\/\/www.jornalja.com.br\/economics\/wp-content\/uploads\/sites\/11\/2026\/08\/ja-folhaderosto-facebook.jpg\" \/>\n\t\t<meta property=\"article:published_time\" content=\"2016-02-15T19:54:58+00:00\" \/>\n\t\t<meta property=\"article:modified_time\" content=\"2016-02-15T19:54:58+00:00\" \/>\n\t\t<meta name=\"twitter:card\" content=\"summary\" \/>\n\t\t<meta name=\"twitter:title\" content=\"Garantia financeira \u00e0 obra no Cais Mau\u00e1 seria facultativa | Arquivo\" \/>\n\t\t<meta name=\"twitter:image\" content=\"https:\/\/www.jornalja.com.br\/economics\/wp-content\/uploads\/sites\/11\/2026\/08\/ja-folhaderosto-facebook.jpg\" \/>\n\t\t<script type=\"application\/ld+json\" class=\"aioseo-schema\">\n\t\t\t{\"@context\":\"https:\\\/\\\/schema.org\",\"@graph\":[{\"@type\":\"BlogPosting\",\"@id\":\"https:\\\/\\\/www.jornalja.com.br\\\/arquivo\\\/garantia-financeira-a-obra-no-cais-maua-seria-facultativa\\\/#blogposting\",\"name\":\"Garantia financeira \\u00e0 obra no Cais Mau\\u00e1 seria facultativa | Arquivo\",\"headline\":\"Garantia financeira \\u00e0 obra no Cais Mau\\u00e1 seria facultativa\",\"author\":{\"@id\":\"https:\\\/\\\/www.jornalja.com.br\\\/arquivo\\\/author\\\/daredacao\\\/#author\"},\"publisher\":{\"@id\":\"https:\\\/\\\/www.jornalja.com.br\\\/arquivo\\\/#organization\"},\"image\":{\"@type\":\"ImageObject\",\"url\":29409},\"datePublished\":\"2016-02-15T16:54:58-02:00\",\"dateModified\":\"2016-02-15T16:54:58-02:00\",\"inLanguage\":\"pt-BR\",\"mainEntityOfPage\":{\"@id\":\"https:\\\/\\\/www.jornalja.com.br\\\/arquivo\\\/garantia-financeira-a-obra-no-cais-maua-seria-facultativa\\\/#webpage\"},\"isPartOf\":{\"@id\":\"https:\\\/\\\/www.jornalja.com.br\\\/arquivo\\\/garantia-financeira-a-obra-no-cais-maua-seria-facultativa\\\/#webpage\"},\"articleSection\":\"Mat\\u00e9ria Cais pequena\"},{\"@type\":\"BreadcrumbList\",\"@id\":\"https:\\\/\\\/www.jornalja.com.br\\\/arquivo\\\/garantia-financeira-a-obra-no-cais-maua-seria-facultativa\\\/#breadcrumblist\",\"itemListElement\":[{\"@type\":\"ListItem\",\"@id\":\"https:\\\/\\\/www.jornalja.com.br\\\/arquivo#listItem\",\"position\":1,\"name\":\"Home\",\"item\":\"https:\\\/\\\/www.jornalja.com.br\\\/arquivo\",\"nextItem\":{\"@type\":\"ListItem\",\"@id\":\"https:\\\/\\\/www.jornalja.com.br\\\/arquivo\\\/category\\\/dossie-cais-maua\\\/#listItem\",\"name\":\"Mat\\u00e9ria Cais pequena\"}},{\"@type\":\"ListItem\",\"@id\":\"https:\\\/\\\/www.jornalja.com.br\\\/arquivo\\\/category\\\/dossie-cais-maua\\\/#listItem\",\"position\":2,\"name\":\"Mat\\u00e9ria Cais pequena\",\"item\":\"https:\\\/\\\/www.jornalja.com.br\\\/arquivo\\\/category\\\/dossie-cais-maua\\\/\",\"nextItem\":{\"@type\":\"ListItem\",\"@id\":\"https:\\\/\\\/www.jornalja.com.br\\\/arquivo\\\/garantia-financeira-a-obra-no-cais-maua-seria-facultativa\\\/#listItem\",\"name\":\"Garantia financeira \\u00e0 obra no Cais Mau\\u00e1 seria facultativa\"},\"previousItem\":{\"@type\":\"ListItem\",\"@id\":\"https:\\\/\\\/www.jornalja.com.br\\\/arquivo#listItem\",\"name\":\"Home\"}},{\"@type\":\"ListItem\",\"@id\":\"https:\\\/\\\/www.jornalja.com.br\\\/arquivo\\\/garantia-financeira-a-obra-no-cais-maua-seria-facultativa\\\/#listItem\",\"position\":3,\"name\":\"Garantia financeira \\u00e0 obra no Cais Mau\\u00e1 seria facultativa\",\"previousItem\":{\"@type\":\"ListItem\",\"@id\":\"https:\\\/\\\/www.jornalja.com.br\\\/arquivo\\\/category\\\/dossie-cais-maua\\\/#listItem\",\"name\":\"Mat\\u00e9ria Cais pequena\"}}]},{\"@type\":\"Organization\",\"@id\":\"https:\\\/\\\/www.jornalja.com.br\\\/arquivo\\\/#organization\",\"name\":\"Jornal J\\u00c1\",\"description\":\"Jornal J\\u00c1 | Porto Alegre\",\"url\":\"https:\\\/\\\/www.jornalja.com.br\\\/arquivo\\\/\",\"telephone\":\"+555133307272\",\"logo\":{\"@type\":\"ImageObject\",\"url\":\"https:\\\/\\\/www.jornalja.com.br\\\/wp-content\\\/uploads\\\/cards\\\/JAslogan.png\",\"@id\":\"https:\\\/\\\/www.jornalja.com.br\\\/arquivo\\\/garantia-financeira-a-obra-no-cais-maua-seria-facultativa\\\/#organizationLogo\"},\"image\":{\"@id\":\"https:\\\/\\\/www.jornalja.com.br\\\/arquivo\\\/garantia-financeira-a-obra-no-cais-maua-seria-facultativa\\\/#organizationLogo\"}},{\"@type\":\"Person\",\"@id\":\"https:\\\/\\\/www.jornalja.com.br\\\/arquivo\\\/author\\\/daredacao\\\/#author\",\"url\":\"https:\\\/\\\/www.jornalja.com.br\\\/arquivo\\\/author\\\/daredacao\\\/\",\"name\":\"da Reda\\u00e7\\u00e3o\",\"image\":{\"@type\":\"ImageObject\",\"@id\":\"https:\\\/\\\/www.jornalja.com.br\\\/arquivo\\\/garantia-financeira-a-obra-no-cais-maua-seria-facultativa\\\/#authorImage\",\"url\":\"https:\\\/\\\/secure.gravatar.com\\\/avatar\\\/469fd857d6605ad19919d27ed29d35a968a25f6e8fd9318356bbb7f57aae9c65?s=96&d=mm&r=g\",\"width\":96,\"height\":96,\"caption\":\"da Reda\\u00e7\\u00e3o\"}},{\"@type\":\"WebPage\",\"@id\":\"https:\\\/\\\/www.jornalja.com.br\\\/arquivo\\\/garantia-financeira-a-obra-no-cais-maua-seria-facultativa\\\/#webpage\",\"url\":\"https:\\\/\\\/www.jornalja.com.br\\\/arquivo\\\/garantia-financeira-a-obra-no-cais-maua-seria-facultativa\\\/\",\"name\":\"Garantia financeira \\u00e0 obra no Cais Mau\\u00e1 seria facultativa | Arquivo\",\"inLanguage\":\"pt-BR\",\"isPartOf\":{\"@id\":\"https:\\\/\\\/www.jornalja.com.br\\\/arquivo\\\/#website\"},\"breadcrumb\":{\"@id\":\"https:\\\/\\\/www.jornalja.com.br\\\/arquivo\\\/garantia-financeira-a-obra-no-cais-maua-seria-facultativa\\\/#breadcrumblist\"},\"author\":{\"@id\":\"https:\\\/\\\/www.jornalja.com.br\\\/arquivo\\\/author\\\/daredacao\\\/#author\"},\"creator\":{\"@id\":\"https:\\\/\\\/www.jornalja.com.br\\\/arquivo\\\/author\\\/daredacao\\\/#author\"},\"image\":{\"@type\":\"ImageObject\",\"url\":29409,\"@id\":\"https:\\\/\\\/www.jornalja.com.br\\\/arquivo\\\/garantia-financeira-a-obra-no-cais-maua-seria-facultativa\\\/#mainImage\"},\"primaryImageOfPage\":{\"@id\":\"https:\\\/\\\/www.jornalja.com.br\\\/arquivo\\\/garantia-financeira-a-obra-no-cais-maua-seria-facultativa\\\/#mainImage\"},\"datePublished\":\"2016-02-15T16:54:58-02:00\",\"dateModified\":\"2016-02-15T16:54:58-02:00\"},{\"@type\":\"WebSite\",\"@id\":\"https:\\\/\\\/www.jornalja.com.br\\\/arquivo\\\/#website\",\"url\":\"https:\\\/\\\/www.jornalja.com.br\\\/arquivo\\\/\",\"name\":\"Arquivo\",\"description\":\"Jornal J\\u00c1 | Porto Alegre\",\"inLanguage\":\"pt-BR\",\"publisher\":{\"@id\":\"https:\\\/\\\/www.jornalja.com.br\\\/arquivo\\\/#organization\"}}]}\n\t\t<\/script>\n\t\t<!-- All in One SEO -->\n\n","aioseo_head_json":{"title":"Garantia financeira \u00e0 obra no Cais Mau\u00e1 seria facultativa | Arquivo","description":"","canonical_url":"https:\/\/www.jornalja.com.br\/arquivo\/garantia-financeira-a-obra-no-cais-maua-seria-facultativa\/","robots":"max-image-preview:large","keywords":"","webmasterTools":{"miscellaneous":""},"schema":{"@context":"https:\/\/schema.org","@graph":[{"@type":"BlogPosting","@id":"https:\/\/www.jornalja.com.br\/arquivo\/garantia-financeira-a-obra-no-cais-maua-seria-facultativa\/#blogposting","name":"Garantia financeira \u00e0 obra no Cais Mau\u00e1 seria facultativa | Arquivo","headline":"Garantia financeira \u00e0 obra no Cais Mau\u00e1 seria facultativa","author":{"@id":"https:\/\/www.jornalja.com.br\/arquivo\/author\/daredacao\/#author"},"publisher":{"@id":"https:\/\/www.jornalja.com.br\/arquivo\/#organization"},"image":{"@type":"ImageObject","url":29409},"datePublished":"2016-02-15T16:54:58-02:00","dateModified":"2016-02-15T16:54:58-02:00","inLanguage":"pt-BR","mainEntityOfPage":{"@id":"https:\/\/www.jornalja.com.br\/arquivo\/garantia-financeira-a-obra-no-cais-maua-seria-facultativa\/#webpage"},"isPartOf":{"@id":"https:\/\/www.jornalja.com.br\/arquivo\/garantia-financeira-a-obra-no-cais-maua-seria-facultativa\/#webpage"},"articleSection":"Mat\u00e9ria Cais pequena"},{"@type":"BreadcrumbList","@id":"https:\/\/www.jornalja.com.br\/arquivo\/garantia-financeira-a-obra-no-cais-maua-seria-facultativa\/#breadcrumblist","itemListElement":[{"@type":"ListItem","@id":"https:\/\/www.jornalja.com.br\/arquivo#listItem","position":1,"name":"Home","item":"https:\/\/www.jornalja.com.br\/arquivo","nextItem":{"@type":"ListItem","@id":"https:\/\/www.jornalja.com.br\/arquivo\/category\/dossie-cais-maua\/#listItem","name":"Mat\u00e9ria Cais pequena"}},{"@type":"ListItem","@id":"https:\/\/www.jornalja.com.br\/arquivo\/category\/dossie-cais-maua\/#listItem","position":2,"name":"Mat\u00e9ria Cais pequena","item":"https:\/\/www.jornalja.com.br\/arquivo\/category\/dossie-cais-maua\/","nextItem":{"@type":"ListItem","@id":"https:\/\/www.jornalja.com.br\/arquivo\/garantia-financeira-a-obra-no-cais-maua-seria-facultativa\/#listItem","name":"Garantia financeira \u00e0 obra no Cais Mau\u00e1 seria facultativa"},"previousItem":{"@type":"ListItem","@id":"https:\/\/www.jornalja.com.br\/arquivo#listItem","name":"Home"}},{"@type":"ListItem","@id":"https:\/\/www.jornalja.com.br\/arquivo\/garantia-financeira-a-obra-no-cais-maua-seria-facultativa\/#listItem","position":3,"name":"Garantia financeira \u00e0 obra no Cais Mau\u00e1 seria facultativa","previousItem":{"@type":"ListItem","@id":"https:\/\/www.jornalja.com.br\/arquivo\/category\/dossie-cais-maua\/#listItem","name":"Mat\u00e9ria Cais pequena"}}]},{"@type":"Organization","@id":"https:\/\/www.jornalja.com.br\/arquivo\/#organization","name":"Jornal J\u00c1","description":"Jornal J\u00c1 | Porto Alegre","url":"https:\/\/www.jornalja.com.br\/arquivo\/","telephone":"+555133307272","logo":{"@type":"ImageObject","url":"https:\/\/www.jornalja.com.br\/wp-content\/uploads\/cards\/JAslogan.png","@id":"https:\/\/www.jornalja.com.br\/arquivo\/garantia-financeira-a-obra-no-cais-maua-seria-facultativa\/#organizationLogo"},"image":{"@id":"https:\/\/www.jornalja.com.br\/arquivo\/garantia-financeira-a-obra-no-cais-maua-seria-facultativa\/#organizationLogo"}},{"@type":"Person","@id":"https:\/\/www.jornalja.com.br\/arquivo\/author\/daredacao\/#author","url":"https:\/\/www.jornalja.com.br\/arquivo\/author\/daredacao\/","name":"da Reda\u00e7\u00e3o","image":{"@type":"ImageObject","@id":"https:\/\/www.jornalja.com.br\/arquivo\/garantia-financeira-a-obra-no-cais-maua-seria-facultativa\/#authorImage","url":"https:\/\/secure.gravatar.com\/avatar\/469fd857d6605ad19919d27ed29d35a968a25f6e8fd9318356bbb7f57aae9c65?s=96&d=mm&r=g","width":96,"height":96,"caption":"da Reda\u00e7\u00e3o"}},{"@type":"WebPage","@id":"https:\/\/www.jornalja.com.br\/arquivo\/garantia-financeira-a-obra-no-cais-maua-seria-facultativa\/#webpage","url":"https:\/\/www.jornalja.com.br\/arquivo\/garantia-financeira-a-obra-no-cais-maua-seria-facultativa\/","name":"Garantia financeira \u00e0 obra no Cais Mau\u00e1 seria facultativa | Arquivo","inLanguage":"pt-BR","isPartOf":{"@id":"https:\/\/www.jornalja.com.br\/arquivo\/#website"},"breadcrumb":{"@id":"https:\/\/www.jornalja.com.br\/arquivo\/garantia-financeira-a-obra-no-cais-maua-seria-facultativa\/#breadcrumblist"},"author":{"@id":"https:\/\/www.jornalja.com.br\/arquivo\/author\/daredacao\/#author"},"creator":{"@id":"https:\/\/www.jornalja.com.br\/arquivo\/author\/daredacao\/#author"},"image":{"@type":"ImageObject","url":29409,"@id":"https:\/\/www.jornalja.com.br\/arquivo\/garantia-financeira-a-obra-no-cais-maua-seria-facultativa\/#mainImage"},"primaryImageOfPage":{"@id":"https:\/\/www.jornalja.com.br\/arquivo\/garantia-financeira-a-obra-no-cais-maua-seria-facultativa\/#mainImage"},"datePublished":"2016-02-15T16:54:58-02:00","dateModified":"2016-02-15T16:54:58-02:00"},{"@type":"WebSite","@id":"https:\/\/www.jornalja.com.br\/arquivo\/#website","url":"https:\/\/www.jornalja.com.br\/arquivo\/","name":"Arquivo","description":"Jornal J\u00c1 | Porto Alegre","inLanguage":"pt-BR","publisher":{"@id":"https:\/\/www.jornalja.com.br\/arquivo\/#organization"}}]},"og:locale":"pt_BR","og:site_name":"Arquivo | Jornal J\u00c1 | Porto Alegre","og:type":"article","og:title":"Garantia financeira \u00e0 obra no Cais Mau\u00e1 seria facultativa | Arquivo","og:url":"https:\/\/www.jornalja.com.br\/arquivo\/garantia-financeira-a-obra-no-cais-maua-seria-facultativa\/","og:image":"https:\/\/www.jornalja.com.br\/economics\/wp-content\/uploads\/sites\/11\/2026\/08\/ja-folhaderosto-facebook.jpg","og:image:secure_url":"https:\/\/www.jornalja.com.br\/economics\/wp-content\/uploads\/sites\/11\/2026\/08\/ja-folhaderosto-facebook.jpg","article:published_time":"2016-02-15T19:54:58+00:00","article:modified_time":"2016-02-15T19:54:58+00:00","twitter:card":"summary","twitter:title":"Garantia financeira \u00e0 obra no Cais Mau\u00e1 seria facultativa | Arquivo","twitter:image":"https:\/\/www.jornalja.com.br\/economics\/wp-content\/uploads\/sites\/11\/2026\/08\/ja-folhaderosto-facebook.jpg"},"aioseo_meta_data":{"post_id":"29408","title":null,"description":null,"keywords":null,"keyphrases":null,"primary_term":null,"canonical_url":null,"og_title":null,"og_description":null,"og_object_type":"default","og_image_type":"default","og_image_url":null,"og_image_width":null,"og_image_height":null,"og_image_custom_url":null,"og_image_custom_fields":null,"og_video":null,"og_custom_url":null,"og_article_section":null,"og_article_tags":null,"twitter_use_og":false,"twitter_card":"default","twitter_image_type":"default","twitter_image_url":null,"twitter_image_custom_url":null,"twitter_image_custom_fields":null,"twitter_title":null,"twitter_description":null,"schema":{"blockGraphs":[],"customGraphs":[],"default":{"data":{"Article":[],"Course":[],"Dataset":[],"FAQPage":[],"Movie":[],"Person":[],"Product":[],"ProductReview":[],"Car":[],"Recipe":[],"Service":[],"SoftwareApplication":[],"WebPage":[]},"graphName":"","isEnabled":true},"graphs":[],"defaultGraph":"","defaultPostTypeGraph":""},"schema_type":null,"schema_type_options":null,"pillar_content":false,"robots_default":true,"robots_noindex":false,"robots_noarchive":false,"robots_nosnippet":false,"robots_nofollow":false,"robots_noimageindex":false,"robots_noodp":false,"robots_notranslate":false,"robots_max_snippet":null,"robots_max_videopreview":null,"robots_max_imagepreview":"large","priority":null,"frequency":null,"location":null,"local_seo":null,"breadcrumb_settings":null,"limit_modified_date":false,"ai":null,"created":"2020-12-20 21:00:10","updated":"2025-07-19 12:23:56","seo_analyzer_scan_date":null,"focus_keyword":null,"additional_keywords":null,"truseo_locale":null},"jetpack_sharing_enabled":true,"jetpack-related-posts":[{"id":13101,"url":"https:\/\/www.jornalja.com.br\/arquivo\/morre-um-guerreiro-do-texto\/","url_meta":{"origin":29408,"position":0},"title":"Morre um guerreiro do texto","author":"Patr\u00edcia Marini","date":"14 de maio de 2014","format":false,"excerpt":"Por Ricardo Kotscho Reproduzido do blog do autor, 11\/5\/2014; t\u00edtulo original \u201cE l\u00e1 se foi o nosso Myltainho, guerreiro do texto\u201d. Mi\u00fado e franzino, meu amigo Myltainho era um valente e inconformado guerreiro na luta contra as injusti\u00e7as sociais, a hipocrisia, as maracutaias, o autoritarismo, a intoler\u00e2ncia, a viol\u00eancia, o\u2026","rel":"","context":"Em &quot;Geral&quot;","block_context":{"text":"Geral","link":"https:\/\/www.jornalja.com.br\/arquivo\/category\/geral\/"},"img":{"alt_text":"","src":"","width":0,"height":0},"classes":[]},{"id":13124,"url":"https:\/\/www.jornalja.com.br\/arquivo\/sangue-latino-no-iecine\/","url_meta":{"origin":29408,"position":1},"title":"Sangue latino no IECINE","author":"da Reda\u00e7\u00e3o","date":"18 de maio de 2014","format":false,"excerpt":"Francisco Ribeiro O Instituto Estadual de Cinema (IECINE) tem a frente, desde abril \u00faltimo, um novo diretor, o cineasta colombiano Juan Zapata, 36, que substitui Luiz Alberto Cassol. Radicado h\u00e1 dez anos em Porto Alegre, Zapata tem diante de si o desafio de conduzir at\u00e9 o final do ano um\u2026","rel":"","context":"Em &quot;Cultura-Geral&quot;","block_context":{"text":"Cultura-Geral","link":"https:\/\/www.jornalja.com.br\/arquivo\/category\/materiasecundaria\/"},"img":{"alt_text":"","src":"","width":0,"height":0},"classes":[]},{"id":13240,"url":"https:\/\/www.jornalja.com.br\/arquivo\/plano-diretor-estamos-construindo-o-caos\/","url_meta":{"origin":29408,"position":2},"title":"Plano diretor: &quot;Estamos construindo o caos&quot;","author":"Patr\u00edcia Marini","date":"26 de maio de 2014","format":false,"excerpt":"Desabafo que arquiteta Eliana Castilhos, delegada da Regi\u00e3o de Planejamento 1, postou nas redes sociais \u00e9 um testemunho do ambiente que se criou no Conselho do Plano Diretor de Porto Alegre, onde a aprova\u00e7\u00e3o de grandes empreendimentos \u00e9 empurrada guela abaixo dos conselheiros. Ao CMDUA Como delegada da Regi\u00e3o de\u2026","rel":"","context":"Em &quot;Geral&quot;","block_context":{"text":"Geral","link":"https:\/\/www.jornalja.com.br\/arquivo\/category\/geral\/"},"img":{"alt_text":"","src":"","width":0,"height":0},"classes":[]},{"id":1280,"url":"https:\/\/www.jornalja.com.br\/arquivo\/o-menino-que-se-tornou-brizola\/","url_meta":{"origin":29408,"position":3},"title":"O Menino que se Tornou Brizola","author":"da Reda\u00e7\u00e3o","date":"28 de julho de 2008","format":false,"excerpt":"Autor: Cleber Dioni A vida de Leonel Brizola, com \u00eanfase para os primeiros anos em Porto Alegre, at\u00e9 o ex\u00edlio no Uruguai e a volta, quinze anos depois. \u00a0\"...\u00c9ramos todos jovens e nos identific\u00e1vamos com aquela massa an\u00f4nima a percorrer as ruas de Porto Alegre, gritando 'Get\u00falio', 'Get\u00falio' e empunhando\u2026","rel":"","context":"Em &quot;Livros&quot;","block_context":{"text":"Livros","link":"https:\/\/www.jornalja.com.br\/arquivo\/category\/livros\/"},"img":{"alt_text":"","src":"https:\/\/i0.wp.com\/www.jornalja.com.br\/wp-content\/uploads\/2008\/07\/brizola.gif?resize=350%2C200&ssl=1","width":350,"height":200},"classes":[]},{"id":5440,"url":"https:\/\/www.jornalja.com.br\/arquivo\/casarao-da-venancio-destino-permanece-incerto\/","url_meta":{"origin":29408,"position":4},"title":"Estado ainda n\u00e3o sabe o que fazer com casar\u00e3o abandonado h\u00e1 20 anos","author":"Elmar Bones","date":"6 de julho de 2009","format":false,"excerpt":"O casar\u00e3o amarelo, numa esquina nobre de Porto Alegre (Ven\u00e2ncio Aires com Jo\u00e3o Pessoa), j\u00e1 abrigou uma escola. H\u00e1 duas d\u00e9cadas, pelo menos, est\u00e1 abandonado, porque seu propriet\u00e1rio, o governo do Estado do Rio Grande do Sul, n\u00e3o consegue achar um destino para ele. Planos n\u00e3o faltaram. O governador Ol\u00edvio\u2026","rel":"","context":"Em &quot;X.Categorias velhas&quot;","block_context":{"text":"X.Categorias velhas","link":"https:\/\/www.jornalja.com.br\/arquivo\/category\/x-categorias-velhas\/"},"img":{"alt_text":"geraldo1","src":"https:\/\/i0.wp.com\/www.jornalja.com.br\/wp-content\/uploads\/2009\/07\/geraldo1.jpg?resize=350%2C200&ssl=1","width":350,"height":200},"classes":[]},{"id":12960,"url":"https:\/\/www.jornalja.com.br\/arquivo\/populacao-culpa-empresas-pela-greve-dos-rodoviarios\/","url_meta":{"origin":29408,"position":5},"title":"Popula\u00e7\u00e3o culpa empresas pela greve","author":"Patr\u00edcia Marini","date":"14 de fevereiro de 2014","format":false,"excerpt":"Pesquisa divulgada na edi\u00e7\u00e3o do jornal Metro desta sexta-feira,14, comprova o velho ditado: \u00e9 poss\u00edvel enganar muitos por algum tempo, mas n\u00e3o \u00e9 poss\u00edvel enganar a todos o tempo inteiro. A principal revela\u00e7\u00e3o foi que 59,8% dos entrevistados apontaram as empresas como as principais respons\u00e1veis pela grave e 46% culparam\u2026","rel":"","context":"Em &quot;X.Categorias velhas&quot;","block_context":{"text":"X.Categorias velhas","link":"https:\/\/www.jornalja.com.br\/arquivo\/category\/x-categorias-velhas\/"},"img":{"alt_text":"","src":"","width":0,"height":0},"classes":[]}],"jetpack_shortlink":"https:\/\/wp.me\/pbQjBd-7Ek","jetpack_featured_media_url":"","_links":{"self":[{"href":"https:\/\/www.jornalja.com.br\/arquivo\/wp-json\/wp\/v2\/posts\/29408","targetHints":{"allow":["GET"]}}],"collection":[{"href":"https:\/\/www.jornalja.com.br\/arquivo\/wp-json\/wp\/v2\/posts"}],"about":[{"href":"https:\/\/www.jornalja.com.br\/arquivo\/wp-json\/wp\/v2\/types\/post"}],"author":[{"embeddable":true,"href":"https:\/\/www.jornalja.com.br\/arquivo\/wp-json\/wp\/v2\/users\/4"}],"replies":[{"embeddable":true,"href":"https:\/\/www.jornalja.com.br\/arquivo\/wp-json\/wp\/v2\/comments?post=29408"}],"version-history":[{"count":0,"href":"https:\/\/www.jornalja.com.br\/arquivo\/wp-json\/wp\/v2\/posts\/29408\/revisions"}],"wp:attachment":[{"href":"https:\/\/www.jornalja.com.br\/arquivo\/wp-json\/wp\/v2\/media?parent=29408"}],"wp:term":[{"taxonomy":"category","embeddable":true,"href":"https:\/\/www.jornalja.com.br\/arquivo\/wp-json\/wp\/v2\/categories?post=29408"},{"taxonomy":"post_tag","embeddable":true,"href":"https:\/\/www.jornalja.com.br\/arquivo\/wp-json\/wp\/v2\/tags?post=29408"}],"curies":[{"name":"wp","href":"https:\/\/api.w.org\/{rel}","templated":true}]}}