{"id":31462,"date":"2016-04-13T09:34:52","date_gmt":"2016-04-13T12:34:52","guid":{"rendered":"https:\/\/www.jornalja.com.br\/?p=31462"},"modified":"2016-04-13T09:34:52","modified_gmt":"2016-04-13T12:34:52","slug":"juiza-intima-poder-publico-se-manifestar-sobre-demolicoes-de-armazens-do-cais","status":"publish","type":"post","link":"https:\/\/www.jornalja.com.br\/arquivo\/juiza-intima-poder-publico-se-manifestar-sobre-demolicoes-de-armazens-do-cais\/","title":{"rendered":"Ju\u00edza intima poder p\u00fablico a se manifestar sobre demoli\u00e7\u00f5es"},"content":{"rendered":"<p><span class=\"assina\">Matheus Chaparini<\/span><br \/>\nO coletivo <a href=\"https:\/\/www.jornalja.com.br\/entidades-se-organizam-para-reivindicar-o-direito-a-cidade\/\">A Cidade que Queremos<\/a> comemora que considera uma vit\u00f3ria inicial na a\u00e7\u00e3o popular que move na Justi\u00e7a Federal, pedindo a anula\u00e7\u00e3o do contrato de arrendamento da \u00e1rea do Cais Mau\u00e1.<br \/>\nNessa a\u00e7\u00e3o, o grupo solicitou ainda, uma liminar para suspender a demoli\u00e7\u00e3o dos armaz\u00e9ns armaz\u00e9ns A7 &#8211; que fica ao lado do Gas\u00f4metro &#8211; e as s\u00e9ries C1, C2, C3, na altura do Mercado P\u00fablico, al\u00e9m das demais estruturas n\u00e3o tombadas do antigo porto da Capital.<br \/>\nNa \u00faltima semana, a ju\u00edza da 9\u00aa Vara da Justi\u00e7a Federal em Porto Alegre intimou a Antaq (Ag\u00eancia Nacional de Transportes Aquavi\u00e1rios), SPH (Superintend\u00eancia de Portos e Hidrovias) e o Estado do Rio Grande do Sul a se manifestarem sobre a demoli\u00e7\u00e3o dos armaz\u00e9ns.<br \/>\nA manifesta\u00e7\u00e3o da magistrada \u00e9 considerada positiva pelo coletivo porque difere da recep\u00e7\u00e3o a uma a\u00e7\u00e3o popular proposta anteriormente &#8211; ajuizada pelo advogado e vereador Marcelo Sgarbossa &#8211; quando o pedido liminar foi negado pela Justi\u00e7a logo no primeiro momento. A a\u00e7\u00e3o pedia a anula\u00e7\u00e3o do contrato e o pedido liminar era de suspens\u00e3o de todo e qualquer ato administrativo at\u00e9 o t\u00e9rmino do julgamento da a\u00e7\u00e3o.<br \/>\nNeste caso, a a\u00e7\u00e3o, ajuizada no dia 1\u00ba de abril, \u00e9 assinada por 14 cidad\u00e3os e tem como advogados Caio Lustosa e Jacqueline Cust\u00f3dio.<br \/>\nO pedido se baseia em tr\u00eas itens: <a href=\"https:\/\/www.jornalja.com.br\/cais-maua-exigir-projetos-executivos-em-120-dias-foi-equivoco\/\">o desatendimento do prazo para apresenta\u00e7\u00e3o de garantias contratuais<\/a>, <a href=\"https:\/\/www.jornalja.com.br\/garantia-financeira-a-obra-no-cais-maua-seria-facultativa\/\">aus\u00eancia de apresenta\u00e7\u00e3o da carta de estrutura\u00e7\u00e3o financeira<\/a> e <a href=\"https:\/\/www.jornalja.com.br\/dossie-cais-maua-iii-mudancas-acionarias-movimentam-milhoes\/\">altera\u00e7\u00e3o na composi\u00e7\u00e3o acion\u00e1rios do cons\u00f3rcio<\/a>, em preju\u00edzo das condi\u00e7\u00f5es de habilita\u00e7\u00e3o exigidas no edital.<br \/>\nOs questionamentos do coletivo seguem parecer do Tribunal de Contas do Estado (TCE) que apontou irregularidades na contrata\u00e7\u00e3o. O Governo do Estado, entretanto, j\u00e1 se <a href=\"https:\/\/www.jornalja.com.br\/exclusivo-estado-isenta-consorcio-de-irregularidades-em-contrato-do-cais-maua\/\">manifestou pelo n\u00e3o rompimento com o cons\u00f3rcio Porto Cais Mau\u00e1 do Brasil<\/a>, que det\u00e9m a concess\u00e3o da \u00e1rea desde a licita\u00e7\u00e3o de 2010.<br \/>\nOs \u00f3rg\u00e3os tem 72h para se manifestarem, a partir do momento em que forem notificados. At\u00e9 agora, apenas a Antaq foi notificada, na segunda-feira.<br \/>\nAp\u00f3s este per\u00edodo, o Minist\u00e9rio P\u00fablico deve se manifestar em rela\u00e7\u00e3o \u00e0 liminar em um prazo de 5 dias. Somente ap\u00f3s estes esclarecimentos, a ju\u00edza tomar\u00e1 uma decis\u00e3o em rela\u00e7\u00e3o \u00e0 liminar.<br \/>\nO coletivo A Cidade que Queremos ainda prepara a reda\u00e7\u00e3o de uma <a href=\"https:\/\/www.jornalja.com.br\/entidades-ingressam-com-acao-civil-publica-para-rescindir-contrato-do-cais-maua\/\">A\u00e7\u00e3o Civil P\u00fablica contra o neg\u00f3cio<\/a> entre Estado e cons\u00f3rcio Cais Mau\u00e1 de Todos e se mobiliza para um <a href=\"https:\/\/www.jornalja.com.br\/movimentos-convocam-abraco-ao-cais-maua\/\">abra\u00e7o \u00e0 \u00e1rea hist\u00f3rica da Capital no pr\u00f3ximo dia 23 de abril<\/a>.<br \/>\n<span class=\"intertit\">Ferramenta virtual pressiona para nova licita\u00e7\u00e3o<\/span><br \/>\nUm ferramenta virtual criada pela <a href=\"http:\/\/www.facebook.com\/redeminhaportoalegre\/?fref=ts\" target=\"_blank\" rel=\"noopener noreferrer\">Rede Minha Porto Alegre<\/a> permite que a popula\u00e7\u00e3o pressione o poder p\u00fablico para que haja uma nova licita\u00e7\u00e3o do Cais Mau\u00e1.<br \/>\nA campanha \u00e9 feita pelo aplicativo Panela de Press\u00e3o, dispon\u00edvel <a href=\"http:\/\/bit.ly\/quecaisqueremos\" target=\"_blank\" rel=\"noopener noreferrer\">neste link<\/a>.<br \/>\nA participa\u00e7\u00e3o se d\u00e1 atrav\u00e9s de um clique no bot\u00e3o, que envia emails ou entra em contato via redes sociais com as autoridades respons\u00e1veis pelo tema &#8211; no caso, Governo do Estado e Prefeitura Municipal de Porto alegre.<br \/>\n&#8220;Se a press\u00e3o \u00e9 grande, \u00e9 poss\u00edvel dar ao alvo da mobiliza\u00e7\u00e3o uma dimens\u00e3o de quantas pessoas est\u00e3o preocupadas com um problema&#8221;, explicam os organizadores.<br \/>\nDe acordo com o Cais Mau\u00e1 de Todos, a campanha, visa reconquistar, para a sociedade, o direito de decidir o tipo de projeto que deseja para o futuro do marco hist\u00f3rico da funda\u00e7\u00e3o de Porto Alegre.<br \/>\n&#8220;O Cais n\u00e3o pode ser loteado como um condom\u00ednio, e sim compartilhado como um patrim\u00f4nio da cidade, o maior de todos, na verdade&#8221;, defende o publicit\u00e1rio Rafael Ferretti, morador do Centro Hist\u00f3rico.<\/p>\n","protected":false},"excerpt":{"rendered":"<p>Matheus Chaparini O coletivo A Cidade que Queremos comemora que considera uma vit\u00f3ria inicial na a\u00e7\u00e3o popular que move na Justi\u00e7a Federal, pedindo a anula\u00e7\u00e3o do contrato de arrendamento da \u00e1rea do Cais Mau\u00e1. Nessa a\u00e7\u00e3o, o grupo solicitou ainda, uma liminar para suspender a demoli\u00e7\u00e3o dos armaz\u00e9ns armaz\u00e9ns A7 &#8211; que fica ao lado [&hellip;]<\/p>\n","protected":false},"author":4,"featured_media":30567,"comment_status":"open","ping_status":"closed","sticky":false,"template":"","format":"standard","meta":{"_jetpack_newsletter_access":"","_jetpack_dont_email_post_to_subs":false,"_jetpack_newsletter_tier_id":0,"_jetpack_memberships_contains_paywalled_content":false,"_jetpack_feature_clip_id":0,"_jetpack_memberships_contains_paid_content":false,"footnotes":"","jetpack_post_was_ever_published":false},"categories":[2007,1742],"tags":[],"class_list":["post-31462","post","type-post","status-publish","format-standard","has-post-thumbnail","hentry","category-hotsite-cais","category-dossie-cais-maua"],"aioseo_notices":[],"aioseo_head":"\n\t\t<!-- All in One SEO 5.0.1.1 - aioseo.com -->\n\t<meta name=\"robots\" content=\"max-image-preview:large\" \/>\n\t<meta name=\"author\" content=\"da Reda\u00e7\u00e3o\"\/>\n\t<link rel=\"canonical\" href=\"https:\/\/www.jornalja.com.br\/arquivo\/juiza-intima-poder-publico-se-manifestar-sobre-demolicoes-de-armazens-do-cais\/\" \/>\n\t<meta name=\"generator\" content=\"All in One SEO (AIOSEO) 5.0.1.1\" \/>\n\t\t<meta property=\"og:locale\" content=\"pt_BR\" \/>\n\t\t<meta property=\"og:site_name\" content=\"Arquivo | Jornal J\u00c1 | Porto Alegre\" \/>\n\t\t<meta property=\"og:type\" content=\"article\" \/>\n\t\t<meta property=\"og:title\" content=\"Ju\u00edza intima poder p\u00fablico a se manifestar sobre demoli\u00e7\u00f5es | Arquivo\" \/>\n\t\t<meta property=\"og:url\" content=\"https:\/\/www.jornalja.com.br\/arquivo\/juiza-intima-poder-publico-se-manifestar-sobre-demolicoes-de-armazens-do-cais\/\" \/>\n\t\t<meta property=\"og:image\" content=\"https:\/\/www.jornalja.com.br\/economics\/wp-content\/uploads\/sites\/11\/2026\/08\/ja-folhaderosto-facebook.jpg\" \/>\n\t\t<meta property=\"og:image:secure_url\" content=\"https:\/\/www.jornalja.com.br\/economics\/wp-content\/uploads\/sites\/11\/2026\/08\/ja-folhaderosto-facebook.jpg\" \/>\n\t\t<meta property=\"article:published_time\" content=\"2016-04-13T12:34:52+00:00\" \/>\n\t\t<meta property=\"article:modified_time\" content=\"2016-04-13T12:34:52+00:00\" \/>\n\t\t<meta name=\"twitter:card\" content=\"summary\" \/>\n\t\t<meta name=\"twitter:title\" content=\"Ju\u00edza intima poder p\u00fablico a se manifestar sobre demoli\u00e7\u00f5es | Arquivo\" \/>\n\t\t<meta name=\"twitter:image\" content=\"https:\/\/www.jornalja.com.br\/economics\/wp-content\/uploads\/sites\/11\/2026\/08\/ja-folhaderosto-facebook.jpg\" \/>\n\t\t<script type=\"application\/ld+json\" class=\"aioseo-schema\">\n\t\t\t{\"@context\":\"https:\\\/\\\/schema.org\",\"@graph\":[{\"@type\":\"BlogPosting\",\"@id\":\"https:\\\/\\\/www.jornalja.com.br\\\/arquivo\\\/juiza-intima-poder-publico-se-manifestar-sobre-demolicoes-de-armazens-do-cais\\\/#blogposting\",\"name\":\"Ju\\u00edza intima poder p\\u00fablico a se manifestar sobre demoli\\u00e7\\u00f5es | Arquivo\",\"headline\":\"Ju\\u00edza intima poder p\\u00fablico a se manifestar sobre demoli\\u00e7\\u00f5es\",\"author\":{\"@id\":\"https:\\\/\\\/www.jornalja.com.br\\\/arquivo\\\/author\\\/daredacao\\\/#author\"},\"publisher\":{\"@id\":\"https:\\\/\\\/www.jornalja.com.br\\\/arquivo\\\/#organization\"},\"image\":{\"@type\":\"ImageObject\",\"url\":30567},\"datePublished\":\"2016-04-13T09:34:52-03:00\",\"dateModified\":\"2016-04-13T09:34:52-03:00\",\"inLanguage\":\"pt-BR\",\"mainEntityOfPage\":{\"@id\":\"https:\\\/\\\/www.jornalja.com.br\\\/arquivo\\\/juiza-intima-poder-publico-se-manifestar-sobre-demolicoes-de-armazens-do-cais\\\/#webpage\"},\"isPartOf\":{\"@id\":\"https:\\\/\\\/www.jornalja.com.br\\\/arquivo\\\/juiza-intima-poder-publico-se-manifestar-sobre-demolicoes-de-armazens-do-cais\\\/#webpage\"},\"articleSection\":\"HOTSITE CAIS, Mat\\u00e9ria Cais pequena\"},{\"@type\":\"BreadcrumbList\",\"@id\":\"https:\\\/\\\/www.jornalja.com.br\\\/arquivo\\\/juiza-intima-poder-publico-se-manifestar-sobre-demolicoes-de-armazens-do-cais\\\/#breadcrumblist\",\"itemListElement\":[{\"@type\":\"ListItem\",\"@id\":\"https:\\\/\\\/www.jornalja.com.br\\\/arquivo#listItem\",\"position\":1,\"name\":\"Home\",\"item\":\"https:\\\/\\\/www.jornalja.com.br\\\/arquivo\",\"nextItem\":{\"@type\":\"ListItem\",\"@id\":\"https:\\\/\\\/www.jornalja.com.br\\\/arquivo\\\/category\\\/dossie-cais-maua\\\/#listItem\",\"name\":\"Mat\\u00e9ria Cais pequena\"}},{\"@type\":\"ListItem\",\"@id\":\"https:\\\/\\\/www.jornalja.com.br\\\/arquivo\\\/category\\\/dossie-cais-maua\\\/#listItem\",\"position\":2,\"name\":\"Mat\\u00e9ria Cais pequena\",\"item\":\"https:\\\/\\\/www.jornalja.com.br\\\/arquivo\\\/category\\\/dossie-cais-maua\\\/\",\"nextItem\":{\"@type\":\"ListItem\",\"@id\":\"https:\\\/\\\/www.jornalja.com.br\\\/arquivo\\\/juiza-intima-poder-publico-se-manifestar-sobre-demolicoes-de-armazens-do-cais\\\/#listItem\",\"name\":\"Ju\\u00edza intima poder p\\u00fablico a se manifestar sobre demoli\\u00e7\\u00f5es\"},\"previousItem\":{\"@type\":\"ListItem\",\"@id\":\"https:\\\/\\\/www.jornalja.com.br\\\/arquivo#listItem\",\"name\":\"Home\"}},{\"@type\":\"ListItem\",\"@id\":\"https:\\\/\\\/www.jornalja.com.br\\\/arquivo\\\/juiza-intima-poder-publico-se-manifestar-sobre-demolicoes-de-armazens-do-cais\\\/#listItem\",\"position\":3,\"name\":\"Ju\\u00edza intima poder p\\u00fablico a se manifestar sobre demoli\\u00e7\\u00f5es\",\"previousItem\":{\"@type\":\"ListItem\",\"@id\":\"https:\\\/\\\/www.jornalja.com.br\\\/arquivo\\\/category\\\/dossie-cais-maua\\\/#listItem\",\"name\":\"Mat\\u00e9ria Cais pequena\"}}]},{\"@type\":\"Organization\",\"@id\":\"https:\\\/\\\/www.jornalja.com.br\\\/arquivo\\\/#organization\",\"name\":\"Jornal J\\u00c1\",\"description\":\"Jornal J\\u00c1 | Porto Alegre\",\"url\":\"https:\\\/\\\/www.jornalja.com.br\\\/arquivo\\\/\",\"telephone\":\"+555133307272\",\"logo\":{\"@type\":\"ImageObject\",\"url\":\"https:\\\/\\\/www.jornalja.com.br\\\/wp-content\\\/uploads\\\/cards\\\/JAslogan.png\",\"@id\":\"https:\\\/\\\/www.jornalja.com.br\\\/arquivo\\\/juiza-intima-poder-publico-se-manifestar-sobre-demolicoes-de-armazens-do-cais\\\/#organizationLogo\"},\"image\":{\"@id\":\"https:\\\/\\\/www.jornalja.com.br\\\/arquivo\\\/juiza-intima-poder-publico-se-manifestar-sobre-demolicoes-de-armazens-do-cais\\\/#organizationLogo\"}},{\"@type\":\"Person\",\"@id\":\"https:\\\/\\\/www.jornalja.com.br\\\/arquivo\\\/author\\\/daredacao\\\/#author\",\"url\":\"https:\\\/\\\/www.jornalja.com.br\\\/arquivo\\\/author\\\/daredacao\\\/\",\"name\":\"da Reda\\u00e7\\u00e3o\",\"image\":{\"@type\":\"ImageObject\",\"@id\":\"https:\\\/\\\/www.jornalja.com.br\\\/arquivo\\\/juiza-intima-poder-publico-se-manifestar-sobre-demolicoes-de-armazens-do-cais\\\/#authorImage\",\"url\":\"https:\\\/\\\/secure.gravatar.com\\\/avatar\\\/469fd857d6605ad19919d27ed29d35a968a25f6e8fd9318356bbb7f57aae9c65?s=96&d=mm&r=g\",\"width\":96,\"height\":96,\"caption\":\"da Reda\\u00e7\\u00e3o\"}},{\"@type\":\"WebPage\",\"@id\":\"https:\\\/\\\/www.jornalja.com.br\\\/arquivo\\\/juiza-intima-poder-publico-se-manifestar-sobre-demolicoes-de-armazens-do-cais\\\/#webpage\",\"url\":\"https:\\\/\\\/www.jornalja.com.br\\\/arquivo\\\/juiza-intima-poder-publico-se-manifestar-sobre-demolicoes-de-armazens-do-cais\\\/\",\"name\":\"Ju\\u00edza intima poder p\\u00fablico a se manifestar sobre demoli\\u00e7\\u00f5es | Arquivo\",\"inLanguage\":\"pt-BR\",\"isPartOf\":{\"@id\":\"https:\\\/\\\/www.jornalja.com.br\\\/arquivo\\\/#website\"},\"breadcrumb\":{\"@id\":\"https:\\\/\\\/www.jornalja.com.br\\\/arquivo\\\/juiza-intima-poder-publico-se-manifestar-sobre-demolicoes-de-armazens-do-cais\\\/#breadcrumblist\"},\"author\":{\"@id\":\"https:\\\/\\\/www.jornalja.com.br\\\/arquivo\\\/author\\\/daredacao\\\/#author\"},\"creator\":{\"@id\":\"https:\\\/\\\/www.jornalja.com.br\\\/arquivo\\\/author\\\/daredacao\\\/#author\"},\"image\":{\"@type\":\"ImageObject\",\"url\":30567,\"@id\":\"https:\\\/\\\/www.jornalja.com.br\\\/arquivo\\\/juiza-intima-poder-publico-se-manifestar-sobre-demolicoes-de-armazens-do-cais\\\/#mainImage\"},\"primaryImageOfPage\":{\"@id\":\"https:\\\/\\\/www.jornalja.com.br\\\/arquivo\\\/juiza-intima-poder-publico-se-manifestar-sobre-demolicoes-de-armazens-do-cais\\\/#mainImage\"},\"datePublished\":\"2016-04-13T09:34:52-03:00\",\"dateModified\":\"2016-04-13T09:34:52-03:00\"},{\"@type\":\"WebSite\",\"@id\":\"https:\\\/\\\/www.jornalja.com.br\\\/arquivo\\\/#website\",\"url\":\"https:\\\/\\\/www.jornalja.com.br\\\/arquivo\\\/\",\"name\":\"Arquivo\",\"description\":\"Jornal J\\u00c1 | Porto Alegre\",\"inLanguage\":\"pt-BR\",\"publisher\":{\"@id\":\"https:\\\/\\\/www.jornalja.com.br\\\/arquivo\\\/#organization\"}}]}\n\t\t<\/script>\n\t\t<!-- All in One SEO -->\n\n","aioseo_head_json":{"title":"Ju\u00edza intima poder p\u00fablico a se manifestar sobre demoli\u00e7\u00f5es | Arquivo","description":"","canonical_url":"https:\/\/www.jornalja.com.br\/arquivo\/juiza-intima-poder-publico-se-manifestar-sobre-demolicoes-de-armazens-do-cais\/","robots":"max-image-preview:large","keywords":"","webmasterTools":{"miscellaneous":""},"schema":{"@context":"https:\/\/schema.org","@graph":[{"@type":"BlogPosting","@id":"https:\/\/www.jornalja.com.br\/arquivo\/juiza-intima-poder-publico-se-manifestar-sobre-demolicoes-de-armazens-do-cais\/#blogposting","name":"Ju\u00edza intima poder p\u00fablico a se manifestar sobre demoli\u00e7\u00f5es | Arquivo","headline":"Ju\u00edza intima poder p\u00fablico a se manifestar sobre demoli\u00e7\u00f5es","author":{"@id":"https:\/\/www.jornalja.com.br\/arquivo\/author\/daredacao\/#author"},"publisher":{"@id":"https:\/\/www.jornalja.com.br\/arquivo\/#organization"},"image":{"@type":"ImageObject","url":30567},"datePublished":"2016-04-13T09:34:52-03:00","dateModified":"2016-04-13T09:34:52-03:00","inLanguage":"pt-BR","mainEntityOfPage":{"@id":"https:\/\/www.jornalja.com.br\/arquivo\/juiza-intima-poder-publico-se-manifestar-sobre-demolicoes-de-armazens-do-cais\/#webpage"},"isPartOf":{"@id":"https:\/\/www.jornalja.com.br\/arquivo\/juiza-intima-poder-publico-se-manifestar-sobre-demolicoes-de-armazens-do-cais\/#webpage"},"articleSection":"HOTSITE CAIS, Mat\u00e9ria Cais pequena"},{"@type":"BreadcrumbList","@id":"https:\/\/www.jornalja.com.br\/arquivo\/juiza-intima-poder-publico-se-manifestar-sobre-demolicoes-de-armazens-do-cais\/#breadcrumblist","itemListElement":[{"@type":"ListItem","@id":"https:\/\/www.jornalja.com.br\/arquivo#listItem","position":1,"name":"Home","item":"https:\/\/www.jornalja.com.br\/arquivo","nextItem":{"@type":"ListItem","@id":"https:\/\/www.jornalja.com.br\/arquivo\/category\/dossie-cais-maua\/#listItem","name":"Mat\u00e9ria Cais pequena"}},{"@type":"ListItem","@id":"https:\/\/www.jornalja.com.br\/arquivo\/category\/dossie-cais-maua\/#listItem","position":2,"name":"Mat\u00e9ria Cais pequena","item":"https:\/\/www.jornalja.com.br\/arquivo\/category\/dossie-cais-maua\/","nextItem":{"@type":"ListItem","@id":"https:\/\/www.jornalja.com.br\/arquivo\/juiza-intima-poder-publico-se-manifestar-sobre-demolicoes-de-armazens-do-cais\/#listItem","name":"Ju\u00edza intima poder p\u00fablico a se manifestar sobre demoli\u00e7\u00f5es"},"previousItem":{"@type":"ListItem","@id":"https:\/\/www.jornalja.com.br\/arquivo#listItem","name":"Home"}},{"@type":"ListItem","@id":"https:\/\/www.jornalja.com.br\/arquivo\/juiza-intima-poder-publico-se-manifestar-sobre-demolicoes-de-armazens-do-cais\/#listItem","position":3,"name":"Ju\u00edza intima poder p\u00fablico a se manifestar sobre demoli\u00e7\u00f5es","previousItem":{"@type":"ListItem","@id":"https:\/\/www.jornalja.com.br\/arquivo\/category\/dossie-cais-maua\/#listItem","name":"Mat\u00e9ria Cais pequena"}}]},{"@type":"Organization","@id":"https:\/\/www.jornalja.com.br\/arquivo\/#organization","name":"Jornal J\u00c1","description":"Jornal J\u00c1 | Porto Alegre","url":"https:\/\/www.jornalja.com.br\/arquivo\/","telephone":"+555133307272","logo":{"@type":"ImageObject","url":"https:\/\/www.jornalja.com.br\/wp-content\/uploads\/cards\/JAslogan.png","@id":"https:\/\/www.jornalja.com.br\/arquivo\/juiza-intima-poder-publico-se-manifestar-sobre-demolicoes-de-armazens-do-cais\/#organizationLogo"},"image":{"@id":"https:\/\/www.jornalja.com.br\/arquivo\/juiza-intima-poder-publico-se-manifestar-sobre-demolicoes-de-armazens-do-cais\/#organizationLogo"}},{"@type":"Person","@id":"https:\/\/www.jornalja.com.br\/arquivo\/author\/daredacao\/#author","url":"https:\/\/www.jornalja.com.br\/arquivo\/author\/daredacao\/","name":"da Reda\u00e7\u00e3o","image":{"@type":"ImageObject","@id":"https:\/\/www.jornalja.com.br\/arquivo\/juiza-intima-poder-publico-se-manifestar-sobre-demolicoes-de-armazens-do-cais\/#authorImage","url":"https:\/\/secure.gravatar.com\/avatar\/469fd857d6605ad19919d27ed29d35a968a25f6e8fd9318356bbb7f57aae9c65?s=96&d=mm&r=g","width":96,"height":96,"caption":"da Reda\u00e7\u00e3o"}},{"@type":"WebPage","@id":"https:\/\/www.jornalja.com.br\/arquivo\/juiza-intima-poder-publico-se-manifestar-sobre-demolicoes-de-armazens-do-cais\/#webpage","url":"https:\/\/www.jornalja.com.br\/arquivo\/juiza-intima-poder-publico-se-manifestar-sobre-demolicoes-de-armazens-do-cais\/","name":"Ju\u00edza intima poder p\u00fablico a se manifestar sobre demoli\u00e7\u00f5es | Arquivo","inLanguage":"pt-BR","isPartOf":{"@id":"https:\/\/www.jornalja.com.br\/arquivo\/#website"},"breadcrumb":{"@id":"https:\/\/www.jornalja.com.br\/arquivo\/juiza-intima-poder-publico-se-manifestar-sobre-demolicoes-de-armazens-do-cais\/#breadcrumblist"},"author":{"@id":"https:\/\/www.jornalja.com.br\/arquivo\/author\/daredacao\/#author"},"creator":{"@id":"https:\/\/www.jornalja.com.br\/arquivo\/author\/daredacao\/#author"},"image":{"@type":"ImageObject","url":30567,"@id":"https:\/\/www.jornalja.com.br\/arquivo\/juiza-intima-poder-publico-se-manifestar-sobre-demolicoes-de-armazens-do-cais\/#mainImage"},"primaryImageOfPage":{"@id":"https:\/\/www.jornalja.com.br\/arquivo\/juiza-intima-poder-publico-se-manifestar-sobre-demolicoes-de-armazens-do-cais\/#mainImage"},"datePublished":"2016-04-13T09:34:52-03:00","dateModified":"2016-04-13T09:34:52-03:00"},{"@type":"WebSite","@id":"https:\/\/www.jornalja.com.br\/arquivo\/#website","url":"https:\/\/www.jornalja.com.br\/arquivo\/","name":"Arquivo","description":"Jornal J\u00c1 | Porto Alegre","inLanguage":"pt-BR","publisher":{"@id":"https:\/\/www.jornalja.com.br\/arquivo\/#organization"}}]},"og:locale":"pt_BR","og:site_name":"Arquivo | Jornal J\u00c1 | Porto Alegre","og:type":"article","og:title":"Ju\u00edza intima poder p\u00fablico a se manifestar sobre demoli\u00e7\u00f5es | Arquivo","og:url":"https:\/\/www.jornalja.com.br\/arquivo\/juiza-intima-poder-publico-se-manifestar-sobre-demolicoes-de-armazens-do-cais\/","og:image":"https:\/\/www.jornalja.com.br\/economics\/wp-content\/uploads\/sites\/11\/2026\/08\/ja-folhaderosto-facebook.jpg","og:image:secure_url":"https:\/\/www.jornalja.com.br\/economics\/wp-content\/uploads\/sites\/11\/2026\/08\/ja-folhaderosto-facebook.jpg","article:published_time":"2016-04-13T12:34:52+00:00","article:modified_time":"2016-04-13T12:34:52+00:00","twitter:card":"summary","twitter:title":"Ju\u00edza intima poder p\u00fablico a se manifestar sobre demoli\u00e7\u00f5es | Arquivo","twitter:image":"https:\/\/www.jornalja.com.br\/economics\/wp-content\/uploads\/sites\/11\/2026\/08\/ja-folhaderosto-facebook.jpg"},"aioseo_meta_data":{"post_id":"31462","title":null,"description":null,"keywords":null,"keyphrases":null,"primary_term":null,"canonical_url":null,"og_title":null,"og_description":null,"og_object_type":"default","og_image_type":"default","og_image_url":null,"og_image_width":null,"og_image_height":null,"og_image_custom_url":null,"og_image_custom_fields":null,"og_video":null,"og_custom_url":null,"og_article_section":null,"og_article_tags":null,"twitter_use_og":false,"twitter_card":"default","twitter_image_type":"default","twitter_image_url":null,"twitter_image_custom_url":null,"twitter_image_custom_fields":null,"twitter_title":null,"twitter_description":null,"schema":{"blockGraphs":[],"customGraphs":[],"default":{"data":{"Article":[],"Course":[],"Dataset":[],"FAQPage":[],"Movie":[],"Person":[],"Product":[],"ProductReview":[],"Car":[],"Recipe":[],"Service":[],"SoftwareApplication":[],"WebPage":[]},"graphName":"","isEnabled":true},"graphs":[],"defaultGraph":"","defaultPostTypeGraph":""},"schema_type":null,"schema_type_options":null,"pillar_content":false,"robots_default":true,"robots_noindex":false,"robots_noarchive":false,"robots_nosnippet":false,"robots_nofollow":false,"robots_noimageindex":false,"robots_noodp":false,"robots_notranslate":false,"robots_max_snippet":null,"robots_max_videopreview":null,"robots_max_imagepreview":"large","priority":null,"frequency":null,"location":null,"local_seo":null,"breadcrumb_settings":null,"limit_modified_date":false,"ai":null,"created":"2020-12-20 20:59:01","updated":"2025-07-19 13:00:10","seo_analyzer_scan_date":null,"focus_keyword":null,"additional_keywords":null,"truseo_locale":null},"jetpack_sharing_enabled":true,"jetpack-related-posts":[{"id":13240,"url":"https:\/\/www.jornalja.com.br\/arquivo\/plano-diretor-estamos-construindo-o-caos\/","url_meta":{"origin":31462,"position":0},"title":"Plano diretor: &quot;Estamos construindo o caos&quot;","author":"Patr\u00edcia Marini","date":"26 de maio de 2014","format":false,"excerpt":"Desabafo que arquiteta Eliana Castilhos, delegada da Regi\u00e3o de Planejamento 1, postou nas redes sociais \u00e9 um testemunho do ambiente que se criou no Conselho do Plano Diretor de Porto Alegre, onde a aprova\u00e7\u00e3o de grandes empreendimentos \u00e9 empurrada guela abaixo dos conselheiros. Ao CMDUA Como delegada da Regi\u00e3o de\u2026","rel":"","context":"Em &quot;Geral&quot;","block_context":{"text":"Geral","link":"https:\/\/www.jornalja.com.br\/arquivo\/category\/geral\/"},"img":{"alt_text":"","src":"","width":0,"height":0},"classes":[]},{"id":13109,"url":"https:\/\/www.jornalja.com.br\/arquivo\/judiciario-reconhece-poluicao-eletromagnetica\/","url_meta":{"origin":31462,"position":1},"title":"Judici\u00e1rio reconhece polui\u00e7\u00e3o eletromagn\u00e9tica","author":"Patr\u00edcia Marini","date":"16 de maio de 2014","format":false,"excerpt":"A\u00e7\u00e3o de duas associa\u00e7\u00f5es de moradores foi acolhida pelo Tribunal de Justi\u00e7a de S\u00e3o Paulo que. em decis\u00e3o in\u00e9dita, determinou a redu\u00e7\u00e3o do campo eletromagn\u00e9tico gerado pelas linhas de transmiss\u00e3o de energia que cortam os bairros City Boa\u00e7ava e Alto de Pinheiros. \u00c9 a primeira vez que um tribunal do\u2026","rel":"","context":"Em &quot;X.Categorias velhas&quot;","block_context":{"text":"X.Categorias velhas","link":"https:\/\/www.jornalja.com.br\/arquivo\/category\/x-categorias-velhas\/"},"img":{"alt_text":"","src":"","width":0,"height":0},"classes":[]},{"id":13239,"url":"https:\/\/www.jornalja.com.br\/arquivo\/conselho-desdenha-do-plano-diretor\/","url_meta":{"origin":31462,"position":2},"title":"Porto Alegre: Conselho detona Plano Diretor","author":"Patr\u00edcia Marini","date":"25 de maio de 2014","format":false,"excerpt":"Den\u00fancia do arquiteto e \u00a0urbanista Ibir\u00e1 Santos Lucas. Ele diz que os conselheiros est\u00e3o votando com \"enorme irresponsabilidade\". \"Mudam regime com a maior naturalidade,,,regularizam absurdos de constru\u00e7\u00f5es irregulares... \"O CMDUA est\u00e1 flexibilizando a lei do plano diretor, de uma forma impactante na vida da cidade. Mudam regime com a maior\u2026","rel":"","context":"Em &quot;Geral&quot;","block_context":{"text":"Geral","link":"https:\/\/www.jornalja.com.br\/arquivo\/category\/geral\/"},"img":{"alt_text":"","src":"","width":0,"height":0},"classes":[]},{"id":13124,"url":"https:\/\/www.jornalja.com.br\/arquivo\/sangue-latino-no-iecine\/","url_meta":{"origin":31462,"position":3},"title":"Sangue latino no IECINE","author":"da Reda\u00e7\u00e3o","date":"18 de maio de 2014","format":false,"excerpt":"Francisco Ribeiro O Instituto Estadual de Cinema (IECINE) tem a frente, desde abril \u00faltimo, um novo diretor, o cineasta colombiano Juan Zapata, 36, que substitui Luiz Alberto Cassol. Radicado h\u00e1 dez anos em Porto Alegre, Zapata tem diante de si o desafio de conduzir at\u00e9 o final do ano um\u2026","rel":"","context":"Em &quot;Cultura-Geral&quot;","block_context":{"text":"Cultura-Geral","link":"https:\/\/www.jornalja.com.br\/arquivo\/category\/materiasecundaria\/"},"img":{"alt_text":"","src":"","width":0,"height":0},"classes":[]},{"id":14241,"url":"https:\/\/www.jornalja.com.br\/arquivo\/o-guaiba-nas-imagens-poeticas-de-achutti\/","url_meta":{"origin":31462,"position":4},"title":"O Gua\u00edba nas imagens po\u00e9ticas de Achutti","author":"da Reda\u00e7\u00e3o","date":"18 de junho de 2014","format":false,"excerpt":"Em \u201cO Gua\u00edba por Achutti\u201d \u2013 obra financiada via Minist\u00e9rio da Cultura, produ\u00e7\u00e3o executiva de Pedro Longhi, e Fl\u00e1vio Wild como designer \u2013, o fot\u00f3grafo revela a beleza e as mazelas de um espa\u00e7o aqu\u00e1tico de \u00e1guas sempre renovadas, cheio de hist\u00f3rias e lendas como as das cidades que foram\u2026","rel":"","context":"Em &quot;Cultura-Geral&quot;","block_context":{"text":"Cultura-Geral","link":"https:\/\/www.jornalja.com.br\/arquivo\/category\/materiasecundaria\/"},"img":{"alt_text":"","src":"","width":0,"height":0},"classes":[]},{"id":1280,"url":"https:\/\/www.jornalja.com.br\/arquivo\/o-menino-que-se-tornou-brizola\/","url_meta":{"origin":31462,"position":5},"title":"O Menino que se Tornou Brizola","author":"da Reda\u00e7\u00e3o","date":"28 de julho de 2008","format":false,"excerpt":"Autor: Cleber Dioni A vida de Leonel Brizola, com \u00eanfase para os primeiros anos em Porto Alegre, at\u00e9 o ex\u00edlio no Uruguai e a volta, quinze anos depois. \u00a0\"...\u00c9ramos todos jovens e nos identific\u00e1vamos com aquela massa an\u00f4nima a percorrer as ruas de Porto Alegre, gritando 'Get\u00falio', 'Get\u00falio' e empunhando\u2026","rel":"","context":"Em &quot;Livros&quot;","block_context":{"text":"Livros","link":"https:\/\/www.jornalja.com.br\/arquivo\/category\/livros\/"},"img":{"alt_text":"","src":"https:\/\/i0.wp.com\/www.jornalja.com.br\/wp-content\/uploads\/2008\/07\/brizola.gif?resize=350%2C200&ssl=1","width":350,"height":200},"classes":[]}],"jetpack_shortlink":"https:\/\/wp.me\/pbQjBd-8bs","jetpack_featured_media_url":"","_links":{"self":[{"href":"https:\/\/www.jornalja.com.br\/arquivo\/wp-json\/wp\/v2\/posts\/31462","targetHints":{"allow":["GET"]}}],"collection":[{"href":"https:\/\/www.jornalja.com.br\/arquivo\/wp-json\/wp\/v2\/posts"}],"about":[{"href":"https:\/\/www.jornalja.com.br\/arquivo\/wp-json\/wp\/v2\/types\/post"}],"author":[{"embeddable":true,"href":"https:\/\/www.jornalja.com.br\/arquivo\/wp-json\/wp\/v2\/users\/4"}],"replies":[{"embeddable":true,"href":"https:\/\/www.jornalja.com.br\/arquivo\/wp-json\/wp\/v2\/comments?post=31462"}],"version-history":[{"count":0,"href":"https:\/\/www.jornalja.com.br\/arquivo\/wp-json\/wp\/v2\/posts\/31462\/revisions"}],"wp:attachment":[{"href":"https:\/\/www.jornalja.com.br\/arquivo\/wp-json\/wp\/v2\/media?parent=31462"}],"wp:term":[{"taxonomy":"category","embeddable":true,"href":"https:\/\/www.jornalja.com.br\/arquivo\/wp-json\/wp\/v2\/categories?post=31462"},{"taxonomy":"post_tag","embeddable":true,"href":"https:\/\/www.jornalja.com.br\/arquivo\/wp-json\/wp\/v2\/tags?post=31462"}],"curies":[{"name":"wp","href":"https:\/\/api.w.org\/{rel}","templated":true}]}}