{"id":31647,"date":"2016-04-16T11:43:47","date_gmt":"2016-04-16T14:43:47","guid":{"rendered":"https:\/\/www.jornalja.com.br\/?p=31647"},"modified":"2016-04-16T11:43:47","modified_gmt":"2016-04-16T14:43:47","slug":"renascer-das-cinzas","status":"publish","type":"post","link":"https:\/\/www.jornalja.com.br\/arquivo\/renascer-das-cinzas\/","title":{"rendered":"Renascer das cinzas"},"content":{"rendered":"<p>&nbsp;<br \/>\n<span class=\"assina\">Pinheiro do Vale<\/span><br \/>\nRei morto, rei posto, \u00e9 o ditado.<br \/>\nIsto para dizer que os elementos mais pragm\u00e1ticos do n\u00facleo\u00a0duro do Pal\u00e1cio do Planalto, os fi\u00e9is soldados da presidente Dilma Rousseff, os que n\u00e3o\u00a0abandonar\u00e3o a trincheira, resistindo at\u00e9 a \u00faltima gota de sangue, j\u00e1 est\u00e3o tra\u00e7ando cen\u00e1rios\u00a0para estudar as variadas possibilidades dos fatos novos que podem se produzir a partir desse\u00a0domingo, 17 de abril.<br \/>\nH\u00e1 planos para todo o tipo de futuro. Um dos mais interessantes \u00e9 que sendo cassada num\u00a0processo nitidamente viciado, internacionalmente reconhecido como fraudulento e conduzido\u00a0por um conluio de pol\u00edticos suspeitos, para dizer o m\u00ednimo de seus algozes, Dilma\u00a0surpreendentemente para muitos pode ressurgir como uma grande lideran\u00e7a popular.<br \/>\n\u00c9 por isto que estes cenaristas est\u00e3o estudando, com seus juristas, as v\u00e1rias hip\u00f3teses de\u00a0afastamento da presidente relativamente a seus direitos pol\u00edticos.<br \/>\nNeste caso ela n\u00e3o poderia \u00a0ser punida com a cassa\u00e7\u00e3o de oito anos previstos para pol\u00edticos depostos em crimes de responsabilidade.<br \/>\nA reportagem do New York Times \u00e9 uma pista a ser seguida: a mat\u00e9ria acendeu os holofotes\u00a0do sistema de internacional de apoio a movimentos sociais brasileiros ou estrangeiros\u00a0sustentados por essas grandes organiza\u00e7\u00f5es humanit\u00e1rias que tanta ajuda deram \u00e0s esquerdas\u00a0brasileiras no passado.<br \/>\nDeposta, Dilma pode se converter numa estrela da esquerda internacional. O problema \u00e9 que\u00a0este desdobramento n\u00e3o lhe interessa muito, neste momento.<br \/>\n\u00c9 isto que explica sua frase at\u00e9 hoje incompreendida: \u201cSe cair serei uma carta fora do baralho\u201d. Ou seja: \u201cj\u00e1 fiz minha parte, agora me deixem envelhecer em paz\u201d.<br \/>\nDilma n\u00e3o ter\u00e1 esse descanso. O quadro pol\u00edtico \u00e9 muito favor\u00e1vel a ela nas duas hip\u00f3teses. A\u00a0mais obvia \u00e9 vencer o processo pol\u00edtico ou derrubar o impeachment na Justi\u00e7a e continuar\u00a0presidente.<br \/>\nN\u00e3o \u00e9 s\u00f3 disto que se fala nos bastidores. Tamb\u00e9m da outra possibilidade, qual seja: relan\u00e7ado\u00a0o processo eleitoral, caso por algum motivo pessoal (desencanto), familiar (press\u00e3o de mulher\u00a0e filhos), de sa\u00fade, ou legais, Lula desista de 2018.<br \/>\nNeste caso, uma vez mais Dilma ser\u00e1 o melhor nome e mais evidente express\u00e3o da esquerda para enfrentar o quadro fragmentado que se espera para o pr\u00f3ximo pleito nacional.<br \/>\nR\u00e1pida an\u00e1lise da imagem que projeta seu desempenho nos \u00faltimos meses: mulher honesta,\u00a0pessoa de reputa\u00e7\u00e3o pessoal irretoc\u00e1vel, lutadora, en\u00e9rgica e, principalmente (para efeito de\u00a0marketing eleitoral), v\u00edtima de uma conspira\u00e7\u00e3o.<br \/>\nComo isto chega no \u201cpov\u00e3o\u201d, no lado positivo: ela bradou que est\u00e1 sendo v\u00edtima de um\u00a0\u201cgolpe\u201d, express\u00e3o de f\u00e1cil compreens\u00e3o, associada \u00e0 desonestidade.<br \/>\nNo jarg\u00e3o popular golpe est\u00e1, no m\u00ednimo, ligado \u00e0 esperteza negativa. Golpe do vig\u00e1rio, golpe do ba\u00fa&#8230; Mesmo golpe de sorte \u00e9 suspeito, pois vem mais do acaso que do esfor\u00e7o.<br \/>\nAssim, golpe pol\u00edtico \u00e9 um bom slogan facilmente compreens\u00edvel para tipificar uma viol\u00eancia, um roubo.<br \/>\nSe cair Dilma ter\u00e1 sido abatida por uma crise incontorn\u00e1vel. \u00c9 verdade que sua derrocada se\u00a0daria numa baixa de popularidade. Entretanto, assim como ela n\u00e3o pode vencer a pr\u00f3pria\u00a0esquerda e implementar seu programa econ\u00f4mico, tamb\u00e9m a direita estar\u00e1 de m\u00e3os atadas\u00a0para levantar os recursos necess\u00e1rios para ajustar as contas do Estado.<br \/>\nSem um choque fiscal n\u00e3o h\u00e1 como regularizar o caixa da Uni\u00e3o. N\u00e3o se esque\u00e7a de que tucanos e a FIESP fizeram do pato amarelo do imposto seu s\u00edmbolo de luta. Seus algozes ser\u00e3o assombrados pela mesma maldi\u00e7\u00e3o.<br \/>\nEm dois anos a crise pode relan\u00e7ar a esquerda e, tamb\u00e9m, o pr\u00f3prio PT, hoje estigmatizado. O\u00a0Lavajato se conclui em dezembro, soltando o p\u00e9 do partido das garras da m\u00eddia conservadora.<br \/>\nSe conseguir os meios para manter acesos os movimentos sociais, as ruas n\u00e3o dar\u00e3o tr\u00e9gua \u00e0\u00a0direita, mantendo a pecha de golpismo carimbado na testa dos novos governantes.<br \/>\n\u00c9 claro que, limpidamente, o candidato \u00e9 Lula. Mas ele tem tantas barreiras que, como em2008, acossado pela maldi\u00e7\u00e3o da sucess\u00e3o em seu gabinete, escolheu um nome improv\u00e1vel,\u00a0Dilma Rousseff, pode voltar \u00e0 mesma solu\u00e7\u00e3o.<br \/>\nDilma n\u00e3o \u00e9 maquiav\u00e9lica. Pelo contr\u00e1rio, \u00e9 uma pessoa de mente limpa. Entretanto, nos\u00a0corredores do Pal\u00e1cio fervilham ideias e hip\u00f3teses. Em primeiro lugar \u00e9 preciso contornar a\u00a0inelegibilidade, n\u00e3o deixando o caldo entornar.<br \/>\nEm segundo articular uma resist\u00eancia heroica e \u00a0produtiva.<br \/>\nEm terceiro, manter-se na m\u00eddia, nacional e internacional, atraindo simpatias.<br \/>\nEm tal hip\u00f3tese, Michel Temer \u00e9 um sucessor sob medida: impopular, n\u00e3o controla seu partido\u00a0e, mais ainda, ter\u00e1 de administrar um fracasso anunciado, por mais t\u00e9cnicas que sejam as\u00a0medidas que seu governo tomar. Com a reelei\u00e7\u00e3o em vigor, ele viver\u00e1 \u00e0s portas do inferno, no\u00a0mesmo barco dos demais candidatos.<br \/>\nDilma poder\u00e1 ressurgir triunfante das\u00a0cinzas. Preste-se aten\u00e7\u00e3o aos pr\u00f3ximos passos, pois ela poder\u00e1 pular n\u00e3o fora do baralho,\u00a0como gostaria. O importante \u00e9 preservar seus direitos pol\u00edticos. Dilma 2018, quem diria?<br \/>\n&nbsp;<br \/>\n&nbsp;<\/p>\n","protected":false},"excerpt":{"rendered":"<p>&nbsp; Pinheiro do Vale Rei morto, rei posto, \u00e9 o ditado. Isto para dizer que os elementos mais pragm\u00e1ticos do n\u00facleo\u00a0duro do Pal\u00e1cio do Planalto, os fi\u00e9is soldados da presidente Dilma Rousseff, os que n\u00e3o\u00a0abandonar\u00e3o a trincheira, resistindo at\u00e9 a \u00faltima gota de sangue, j\u00e1 est\u00e3o tra\u00e7ando cen\u00e1rios\u00a0para estudar as variadas possibilidades dos fatos novos [&hellip;]<\/p>\n","protected":false},"author":4,"featured_media":0,"comment_status":"open","ping_status":"closed","sticky":false,"template":"","format":"standard","meta":{"_jetpack_newsletter_access":"","_jetpack_dont_email_post_to_subs":false,"_jetpack_newsletter_tier_id":0,"_jetpack_memberships_contains_paywalled_content":false,"_jetpack_feature_clip_id":0,"_jetpack_memberships_contains_paid_content":false,"footnotes":"","jetpack_post_was_ever_published":false},"categories":[10],"tags":[],"class_list":["post-31647","post","type-post","status-publish","format-standard","hentry","category-analiseopiniao"],"aioseo_notices":[],"aioseo_head":"\n\t\t<!-- All in One SEO 5.0.1.1 - aioseo.com -->\n\t<meta name=\"robots\" content=\"max-image-preview:large\" \/>\n\t<meta name=\"author\" content=\"da Reda\u00e7\u00e3o\"\/>\n\t<link rel=\"canonical\" href=\"https:\/\/www.jornalja.com.br\/arquivo\/renascer-das-cinzas\/\" \/>\n\t<meta name=\"generator\" content=\"All in One SEO (AIOSEO) 5.0.1.1\" \/>\n\t\t<meta property=\"og:locale\" content=\"pt_BR\" \/>\n\t\t<meta property=\"og:site_name\" content=\"Arquivo | Jornal J\u00c1 | Porto Alegre\" \/>\n\t\t<meta property=\"og:type\" content=\"article\" \/>\n\t\t<meta property=\"og:title\" content=\"Renascer das cinzas | Arquivo\" \/>\n\t\t<meta property=\"og:url\" content=\"https:\/\/www.jornalja.com.br\/arquivo\/renascer-das-cinzas\/\" \/>\n\t\t<meta property=\"og:image\" content=\"https:\/\/www.jornalja.com.br\/economics\/wp-content\/uploads\/sites\/11\/2026\/08\/ja-folhaderosto-facebook.jpg\" \/>\n\t\t<meta property=\"og:image:secure_url\" content=\"https:\/\/www.jornalja.com.br\/economics\/wp-content\/uploads\/sites\/11\/2026\/08\/ja-folhaderosto-facebook.jpg\" \/>\n\t\t<meta property=\"article:published_time\" content=\"2016-04-16T14:43:47+00:00\" \/>\n\t\t<meta property=\"article:modified_time\" content=\"2016-04-16T14:43:47+00:00\" \/>\n\t\t<meta name=\"twitter:card\" content=\"summary\" \/>\n\t\t<meta name=\"twitter:title\" content=\"Renascer das cinzas | Arquivo\" \/>\n\t\t<meta name=\"twitter:image\" content=\"https:\/\/www.jornalja.com.br\/economics\/wp-content\/uploads\/sites\/11\/2026\/08\/ja-folhaderosto-facebook.jpg\" \/>\n\t\t<script type=\"application\/ld+json\" class=\"aioseo-schema\">\n\t\t\t{\"@context\":\"https:\\\/\\\/schema.org\",\"@graph\":[{\"@type\":\"BlogPosting\",\"@id\":\"https:\\\/\\\/www.jornalja.com.br\\\/arquivo\\\/renascer-das-cinzas\\\/#blogposting\",\"name\":\"Renascer das cinzas | Arquivo\",\"headline\":\"Renascer das cinzas\",\"author\":{\"@id\":\"https:\\\/\\\/www.jornalja.com.br\\\/arquivo\\\/author\\\/daredacao\\\/#author\"},\"publisher\":{\"@id\":\"https:\\\/\\\/www.jornalja.com.br\\\/arquivo\\\/#organization\"},\"image\":{\"@type\":\"ImageObject\",\"url\":\"https:\\\/\\\/www.jornalja.com.br\\\/wp-content\\\/uploads\\\/cards\\\/JAslogan.png\",\"@id\":\"https:\\\/\\\/www.jornalja.com.br\\\/arquivo\\\/#articleImage\"},\"datePublished\":\"2016-04-16T11:43:47-03:00\",\"dateModified\":\"2016-04-16T11:43:47-03:00\",\"inLanguage\":\"pt-BR\",\"mainEntityOfPage\":{\"@id\":\"https:\\\/\\\/www.jornalja.com.br\\\/arquivo\\\/renascer-das-cinzas\\\/#webpage\"},\"isPartOf\":{\"@id\":\"https:\\\/\\\/www.jornalja.com.br\\\/arquivo\\\/renascer-das-cinzas\\\/#webpage\"},\"articleSection\":\"AN\\u00c1LISE&amp;OPINI\\u00c3O\"},{\"@type\":\"BreadcrumbList\",\"@id\":\"https:\\\/\\\/www.jornalja.com.br\\\/arquivo\\\/renascer-das-cinzas\\\/#breadcrumblist\",\"itemListElement\":[{\"@type\":\"ListItem\",\"@id\":\"https:\\\/\\\/www.jornalja.com.br\\\/arquivo#listItem\",\"position\":1,\"name\":\"Home\",\"item\":\"https:\\\/\\\/www.jornalja.com.br\\\/arquivo\",\"nextItem\":{\"@type\":\"ListItem\",\"@id\":\"https:\\\/\\\/www.jornalja.com.br\\\/arquivo\\\/category\\\/analiseopiniao\\\/#listItem\",\"name\":\"AN\\u00c1LISE&amp;OPINI\\u00c3O\"}},{\"@type\":\"ListItem\",\"@id\":\"https:\\\/\\\/www.jornalja.com.br\\\/arquivo\\\/category\\\/analiseopiniao\\\/#listItem\",\"position\":2,\"name\":\"AN\\u00c1LISE&amp;OPINI\\u00c3O\",\"item\":\"https:\\\/\\\/www.jornalja.com.br\\\/arquivo\\\/category\\\/analiseopiniao\\\/\",\"nextItem\":{\"@type\":\"ListItem\",\"@id\":\"https:\\\/\\\/www.jornalja.com.br\\\/arquivo\\\/renascer-das-cinzas\\\/#listItem\",\"name\":\"Renascer das cinzas\"},\"previousItem\":{\"@type\":\"ListItem\",\"@id\":\"https:\\\/\\\/www.jornalja.com.br\\\/arquivo#listItem\",\"name\":\"Home\"}},{\"@type\":\"ListItem\",\"@id\":\"https:\\\/\\\/www.jornalja.com.br\\\/arquivo\\\/renascer-das-cinzas\\\/#listItem\",\"position\":3,\"name\":\"Renascer das cinzas\",\"previousItem\":{\"@type\":\"ListItem\",\"@id\":\"https:\\\/\\\/www.jornalja.com.br\\\/arquivo\\\/category\\\/analiseopiniao\\\/#listItem\",\"name\":\"AN\\u00c1LISE&amp;OPINI\\u00c3O\"}}]},{\"@type\":\"Organization\",\"@id\":\"https:\\\/\\\/www.jornalja.com.br\\\/arquivo\\\/#organization\",\"name\":\"Jornal J\\u00c1\",\"description\":\"Jornal J\\u00c1 | Porto Alegre\",\"url\":\"https:\\\/\\\/www.jornalja.com.br\\\/arquivo\\\/\",\"telephone\":\"+555133307272\",\"logo\":{\"@type\":\"ImageObject\",\"url\":\"https:\\\/\\\/www.jornalja.com.br\\\/wp-content\\\/uploads\\\/cards\\\/JAslogan.png\",\"@id\":\"https:\\\/\\\/www.jornalja.com.br\\\/arquivo\\\/renascer-das-cinzas\\\/#organizationLogo\"},\"image\":{\"@id\":\"https:\\\/\\\/www.jornalja.com.br\\\/arquivo\\\/renascer-das-cinzas\\\/#organizationLogo\"}},{\"@type\":\"Person\",\"@id\":\"https:\\\/\\\/www.jornalja.com.br\\\/arquivo\\\/author\\\/daredacao\\\/#author\",\"url\":\"https:\\\/\\\/www.jornalja.com.br\\\/arquivo\\\/author\\\/daredacao\\\/\",\"name\":\"da Reda\\u00e7\\u00e3o\",\"image\":{\"@type\":\"ImageObject\",\"@id\":\"https:\\\/\\\/www.jornalja.com.br\\\/arquivo\\\/renascer-das-cinzas\\\/#authorImage\",\"url\":\"https:\\\/\\\/secure.gravatar.com\\\/avatar\\\/469fd857d6605ad19919d27ed29d35a968a25f6e8fd9318356bbb7f57aae9c65?s=96&d=mm&r=g\",\"width\":96,\"height\":96,\"caption\":\"da Reda\\u00e7\\u00e3o\"}},{\"@type\":\"WebPage\",\"@id\":\"https:\\\/\\\/www.jornalja.com.br\\\/arquivo\\\/renascer-das-cinzas\\\/#webpage\",\"url\":\"https:\\\/\\\/www.jornalja.com.br\\\/arquivo\\\/renascer-das-cinzas\\\/\",\"name\":\"Renascer das cinzas | Arquivo\",\"inLanguage\":\"pt-BR\",\"isPartOf\":{\"@id\":\"https:\\\/\\\/www.jornalja.com.br\\\/arquivo\\\/#website\"},\"breadcrumb\":{\"@id\":\"https:\\\/\\\/www.jornalja.com.br\\\/arquivo\\\/renascer-das-cinzas\\\/#breadcrumblist\"},\"author\":{\"@id\":\"https:\\\/\\\/www.jornalja.com.br\\\/arquivo\\\/author\\\/daredacao\\\/#author\"},\"creator\":{\"@id\":\"https:\\\/\\\/www.jornalja.com.br\\\/arquivo\\\/author\\\/daredacao\\\/#author\"},\"datePublished\":\"2016-04-16T11:43:47-03:00\",\"dateModified\":\"2016-04-16T11:43:47-03:00\"},{\"@type\":\"WebSite\",\"@id\":\"https:\\\/\\\/www.jornalja.com.br\\\/arquivo\\\/#website\",\"url\":\"https:\\\/\\\/www.jornalja.com.br\\\/arquivo\\\/\",\"name\":\"Arquivo\",\"description\":\"Jornal J\\u00c1 | Porto Alegre\",\"inLanguage\":\"pt-BR\",\"publisher\":{\"@id\":\"https:\\\/\\\/www.jornalja.com.br\\\/arquivo\\\/#organization\"}}]}\n\t\t<\/script>\n\t\t<!-- All in One SEO -->\n\n","aioseo_head_json":{"title":"Renascer das cinzas | Arquivo","description":"","canonical_url":"https:\/\/www.jornalja.com.br\/arquivo\/renascer-das-cinzas\/","robots":"max-image-preview:large","keywords":"","webmasterTools":{"miscellaneous":""},"schema":{"@context":"https:\/\/schema.org","@graph":[{"@type":"BlogPosting","@id":"https:\/\/www.jornalja.com.br\/arquivo\/renascer-das-cinzas\/#blogposting","name":"Renascer das cinzas | Arquivo","headline":"Renascer das cinzas","author":{"@id":"https:\/\/www.jornalja.com.br\/arquivo\/author\/daredacao\/#author"},"publisher":{"@id":"https:\/\/www.jornalja.com.br\/arquivo\/#organization"},"image":{"@type":"ImageObject","url":"https:\/\/www.jornalja.com.br\/wp-content\/uploads\/cards\/JAslogan.png","@id":"https:\/\/www.jornalja.com.br\/arquivo\/#articleImage"},"datePublished":"2016-04-16T11:43:47-03:00","dateModified":"2016-04-16T11:43:47-03:00","inLanguage":"pt-BR","mainEntityOfPage":{"@id":"https:\/\/www.jornalja.com.br\/arquivo\/renascer-das-cinzas\/#webpage"},"isPartOf":{"@id":"https:\/\/www.jornalja.com.br\/arquivo\/renascer-das-cinzas\/#webpage"},"articleSection":"AN\u00c1LISE&amp;OPINI\u00c3O"},{"@type":"BreadcrumbList","@id":"https:\/\/www.jornalja.com.br\/arquivo\/renascer-das-cinzas\/#breadcrumblist","itemListElement":[{"@type":"ListItem","@id":"https:\/\/www.jornalja.com.br\/arquivo#listItem","position":1,"name":"Home","item":"https:\/\/www.jornalja.com.br\/arquivo","nextItem":{"@type":"ListItem","@id":"https:\/\/www.jornalja.com.br\/arquivo\/category\/analiseopiniao\/#listItem","name":"AN\u00c1LISE&amp;OPINI\u00c3O"}},{"@type":"ListItem","@id":"https:\/\/www.jornalja.com.br\/arquivo\/category\/analiseopiniao\/#listItem","position":2,"name":"AN\u00c1LISE&amp;OPINI\u00c3O","item":"https:\/\/www.jornalja.com.br\/arquivo\/category\/analiseopiniao\/","nextItem":{"@type":"ListItem","@id":"https:\/\/www.jornalja.com.br\/arquivo\/renascer-das-cinzas\/#listItem","name":"Renascer das cinzas"},"previousItem":{"@type":"ListItem","@id":"https:\/\/www.jornalja.com.br\/arquivo#listItem","name":"Home"}},{"@type":"ListItem","@id":"https:\/\/www.jornalja.com.br\/arquivo\/renascer-das-cinzas\/#listItem","position":3,"name":"Renascer das cinzas","previousItem":{"@type":"ListItem","@id":"https:\/\/www.jornalja.com.br\/arquivo\/category\/analiseopiniao\/#listItem","name":"AN\u00c1LISE&amp;OPINI\u00c3O"}}]},{"@type":"Organization","@id":"https:\/\/www.jornalja.com.br\/arquivo\/#organization","name":"Jornal J\u00c1","description":"Jornal J\u00c1 | Porto Alegre","url":"https:\/\/www.jornalja.com.br\/arquivo\/","telephone":"+555133307272","logo":{"@type":"ImageObject","url":"https:\/\/www.jornalja.com.br\/wp-content\/uploads\/cards\/JAslogan.png","@id":"https:\/\/www.jornalja.com.br\/arquivo\/renascer-das-cinzas\/#organizationLogo"},"image":{"@id":"https:\/\/www.jornalja.com.br\/arquivo\/renascer-das-cinzas\/#organizationLogo"}},{"@type":"Person","@id":"https:\/\/www.jornalja.com.br\/arquivo\/author\/daredacao\/#author","url":"https:\/\/www.jornalja.com.br\/arquivo\/author\/daredacao\/","name":"da Reda\u00e7\u00e3o","image":{"@type":"ImageObject","@id":"https:\/\/www.jornalja.com.br\/arquivo\/renascer-das-cinzas\/#authorImage","url":"https:\/\/secure.gravatar.com\/avatar\/469fd857d6605ad19919d27ed29d35a968a25f6e8fd9318356bbb7f57aae9c65?s=96&d=mm&r=g","width":96,"height":96,"caption":"da Reda\u00e7\u00e3o"}},{"@type":"WebPage","@id":"https:\/\/www.jornalja.com.br\/arquivo\/renascer-das-cinzas\/#webpage","url":"https:\/\/www.jornalja.com.br\/arquivo\/renascer-das-cinzas\/","name":"Renascer das cinzas | Arquivo","inLanguage":"pt-BR","isPartOf":{"@id":"https:\/\/www.jornalja.com.br\/arquivo\/#website"},"breadcrumb":{"@id":"https:\/\/www.jornalja.com.br\/arquivo\/renascer-das-cinzas\/#breadcrumblist"},"author":{"@id":"https:\/\/www.jornalja.com.br\/arquivo\/author\/daredacao\/#author"},"creator":{"@id":"https:\/\/www.jornalja.com.br\/arquivo\/author\/daredacao\/#author"},"datePublished":"2016-04-16T11:43:47-03:00","dateModified":"2016-04-16T11:43:47-03:00"},{"@type":"WebSite","@id":"https:\/\/www.jornalja.com.br\/arquivo\/#website","url":"https:\/\/www.jornalja.com.br\/arquivo\/","name":"Arquivo","description":"Jornal J\u00c1 | Porto Alegre","inLanguage":"pt-BR","publisher":{"@id":"https:\/\/www.jornalja.com.br\/arquivo\/#organization"}}]},"og:locale":"pt_BR","og:site_name":"Arquivo | Jornal J\u00c1 | Porto Alegre","og:type":"article","og:title":"Renascer das cinzas | Arquivo","og:url":"https:\/\/www.jornalja.com.br\/arquivo\/renascer-das-cinzas\/","og:image":"https:\/\/www.jornalja.com.br\/economics\/wp-content\/uploads\/sites\/11\/2026\/08\/ja-folhaderosto-facebook.jpg","og:image:secure_url":"https:\/\/www.jornalja.com.br\/economics\/wp-content\/uploads\/sites\/11\/2026\/08\/ja-folhaderosto-facebook.jpg","article:published_time":"2016-04-16T14:43:47+00:00","article:modified_time":"2016-04-16T14:43:47+00:00","twitter:card":"summary","twitter:title":"Renascer das cinzas | Arquivo","twitter:image":"https:\/\/www.jornalja.com.br\/economics\/wp-content\/uploads\/sites\/11\/2026\/08\/ja-folhaderosto-facebook.jpg"},"aioseo_meta_data":{"post_id":"31647","title":null,"description":null,"keywords":null,"keyphrases":null,"primary_term":null,"canonical_url":null,"og_title":null,"og_description":null,"og_object_type":"default","og_image_type":"default","og_image_url":null,"og_image_width":null,"og_image_height":null,"og_image_custom_url":null,"og_image_custom_fields":null,"og_video":null,"og_custom_url":null,"og_article_section":null,"og_article_tags":null,"twitter_use_og":false,"twitter_card":"default","twitter_image_type":"default","twitter_image_url":null,"twitter_image_custom_url":null,"twitter_image_custom_fields":null,"twitter_title":null,"twitter_description":null,"schema":{"blockGraphs":[],"customGraphs":[],"default":{"data":{"Article":[],"Course":[],"Dataset":[],"FAQPage":[],"Movie":[],"Person":[],"Product":[],"ProductReview":[],"Car":[],"Recipe":[],"Service":[],"SoftwareApplication":[],"WebPage":[]},"graphName":"","isEnabled":true},"graphs":[]},"schema_type":null,"schema_type_options":null,"pillar_content":false,"robots_default":true,"robots_noindex":false,"robots_noarchive":false,"robots_nosnippet":false,"robots_nofollow":false,"robots_noimageindex":false,"robots_noodp":false,"robots_notranslate":false,"robots_max_snippet":null,"robots_max_videopreview":null,"robots_max_imagepreview":"large","priority":null,"frequency":null,"location":null,"local_seo":null,"breadcrumb_settings":null,"limit_modified_date":false,"ai":null,"created":"2020-12-20 20:58:06","updated":"2025-07-19 13:05:05","seo_analyzer_scan_date":null,"focus_keyword":null,"additional_keywords":null,"truseo_locale":null},"jetpack_sharing_enabled":true,"jetpack-related-posts":[{"id":13240,"url":"https:\/\/www.jornalja.com.br\/arquivo\/plano-diretor-estamos-construindo-o-caos\/","url_meta":{"origin":31647,"position":0},"title":"Plano diretor: &quot;Estamos construindo o caos&quot;","author":"Patr\u00edcia Marini","date":"26 de maio de 2014","format":false,"excerpt":"Desabafo que arquiteta Eliana Castilhos, delegada da Regi\u00e3o de Planejamento 1, postou nas redes sociais \u00e9 um testemunho do ambiente que se criou no Conselho do Plano Diretor de Porto Alegre, onde a aprova\u00e7\u00e3o de grandes empreendimentos \u00e9 empurrada guela abaixo dos conselheiros. Ao CMDUA Como delegada da Regi\u00e3o de\u2026","rel":"","context":"Em &quot;Geral&quot;","block_context":{"text":"Geral","link":"https:\/\/www.jornalja.com.br\/arquivo\/category\/geral\/"},"img":{"alt_text":"","src":"","width":0,"height":0},"classes":[]},{"id":13128,"url":"https:\/\/www.jornalja.com.br\/arquivo\/maconha-terra-diz-que-uso-medicinal-e-desculpa\/","url_meta":{"origin":31647,"position":1},"title":"Maconha: Terra diz que uso medicinal \u00e9 desculpa","author":"Patr\u00edcia Marini","date":"4 de junho de 2014","format":false,"excerpt":"A condi\u00e7\u00e3o de pol\u00edtico, em \u00e9poca de campanha de campanha eleitoral, tira for\u00e7a do discurso do m\u00e9dico Osmar Terra contra a legaliza\u00e7\u00e3o da maconha. A tese dele de que a libera\u00e7\u00e3o vai ampliar exponencialmente o consumo \u00e9 discutivel, o consumo \u00e9 corrente. Mas seus alertas quanto aos riscos tem que\u2026","rel":"","context":"Em &quot;X.Categorias velhas&quot;","block_context":{"text":"X.Categorias velhas","link":"https:\/\/www.jornalja.com.br\/arquivo\/category\/x-categorias-velhas\/"},"img":{"alt_text":"","src":"","width":0,"height":0},"classes":[]},{"id":13239,"url":"https:\/\/www.jornalja.com.br\/arquivo\/conselho-desdenha-do-plano-diretor\/","url_meta":{"origin":31647,"position":2},"title":"Porto Alegre: Conselho detona Plano Diretor","author":"Patr\u00edcia Marini","date":"25 de maio de 2014","format":false,"excerpt":"Den\u00fancia do arquiteto e \u00a0urbanista Ibir\u00e1 Santos Lucas. Ele diz que os conselheiros est\u00e3o votando com \"enorme irresponsabilidade\". \"Mudam regime com a maior naturalidade,,,regularizam absurdos de constru\u00e7\u00f5es irregulares... \"O CMDUA est\u00e1 flexibilizando a lei do plano diretor, de uma forma impactante na vida da cidade. Mudam regime com a maior\u2026","rel":"","context":"Em &quot;Geral&quot;","block_context":{"text":"Geral","link":"https:\/\/www.jornalja.com.br\/arquivo\/category\/geral\/"},"img":{"alt_text":"","src":"","width":0,"height":0},"classes":[]},{"id":5440,"url":"https:\/\/www.jornalja.com.br\/arquivo\/casarao-da-venancio-destino-permanece-incerto\/","url_meta":{"origin":31647,"position":3},"title":"Estado ainda n\u00e3o sabe o que fazer com casar\u00e3o abandonado h\u00e1 20 anos","author":"Elmar Bones","date":"6 de julho de 2009","format":false,"excerpt":"O casar\u00e3o amarelo, numa esquina nobre de Porto Alegre (Ven\u00e2ncio Aires com Jo\u00e3o Pessoa), j\u00e1 abrigou uma escola. H\u00e1 duas d\u00e9cadas, pelo menos, est\u00e1 abandonado, porque seu propriet\u00e1rio, o governo do Estado do Rio Grande do Sul, n\u00e3o consegue achar um destino para ele. Planos n\u00e3o faltaram. O governador Ol\u00edvio\u2026","rel":"","context":"Em &quot;X.Categorias velhas&quot;","block_context":{"text":"X.Categorias velhas","link":"https:\/\/www.jornalja.com.br\/arquivo\/category\/x-categorias-velhas\/"},"img":{"alt_text":"geraldo1","src":"https:\/\/i0.wp.com\/www.jornalja.com.br\/wp-content\/uploads\/2009\/07\/geraldo1.jpg?resize=350%2C200&ssl=1","width":350,"height":200},"classes":[]},{"id":13101,"url":"https:\/\/www.jornalja.com.br\/arquivo\/morre-um-guerreiro-do-texto\/","url_meta":{"origin":31647,"position":4},"title":"Morre um guerreiro do texto","author":"Patr\u00edcia Marini","date":"14 de maio de 2014","format":false,"excerpt":"Por Ricardo Kotscho Reproduzido do blog do autor, 11\/5\/2014; t\u00edtulo original \u201cE l\u00e1 se foi o nosso Myltainho, guerreiro do texto\u201d. Mi\u00fado e franzino, meu amigo Myltainho era um valente e inconformado guerreiro na luta contra as injusti\u00e7as sociais, a hipocrisia, as maracutaias, o autoritarismo, a intoler\u00e2ncia, a viol\u00eancia, o\u2026","rel":"","context":"Em &quot;Geral&quot;","block_context":{"text":"Geral","link":"https:\/\/www.jornalja.com.br\/arquivo\/category\/geral\/"},"img":{"alt_text":"","src":"","width":0,"height":0},"classes":[]},{"id":13124,"url":"https:\/\/www.jornalja.com.br\/arquivo\/sangue-latino-no-iecine\/","url_meta":{"origin":31647,"position":5},"title":"Sangue latino no IECINE","author":"da Reda\u00e7\u00e3o","date":"18 de maio de 2014","format":false,"excerpt":"Francisco Ribeiro O Instituto Estadual de Cinema (IECINE) tem a frente, desde abril \u00faltimo, um novo diretor, o cineasta colombiano Juan Zapata, 36, que substitui Luiz Alberto Cassol. Radicado h\u00e1 dez anos em Porto Alegre, Zapata tem diante de si o desafio de conduzir at\u00e9 o final do ano um\u2026","rel":"","context":"Em &quot;Cultura-Geral&quot;","block_context":{"text":"Cultura-Geral","link":"https:\/\/www.jornalja.com.br\/arquivo\/category\/materiasecundaria\/"},"img":{"alt_text":"","src":"","width":0,"height":0},"classes":[]}],"jetpack_shortlink":"https:\/\/wp.me\/pbQjBd-8er","jetpack_featured_media_url":"","_links":{"self":[{"href":"https:\/\/www.jornalja.com.br\/arquivo\/wp-json\/wp\/v2\/posts\/31647","targetHints":{"allow":["GET"]}}],"collection":[{"href":"https:\/\/www.jornalja.com.br\/arquivo\/wp-json\/wp\/v2\/posts"}],"about":[{"href":"https:\/\/www.jornalja.com.br\/arquivo\/wp-json\/wp\/v2\/types\/post"}],"author":[{"embeddable":true,"href":"https:\/\/www.jornalja.com.br\/arquivo\/wp-json\/wp\/v2\/users\/4"}],"replies":[{"embeddable":true,"href":"https:\/\/www.jornalja.com.br\/arquivo\/wp-json\/wp\/v2\/comments?post=31647"}],"version-history":[{"count":0,"href":"https:\/\/www.jornalja.com.br\/arquivo\/wp-json\/wp\/v2\/posts\/31647\/revisions"}],"wp:attachment":[{"href":"https:\/\/www.jornalja.com.br\/arquivo\/wp-json\/wp\/v2\/media?parent=31647"}],"wp:term":[{"taxonomy":"category","embeddable":true,"href":"https:\/\/www.jornalja.com.br\/arquivo\/wp-json\/wp\/v2\/categories?post=31647"},{"taxonomy":"post_tag","embeddable":true,"href":"https:\/\/www.jornalja.com.br\/arquivo\/wp-json\/wp\/v2\/tags?post=31647"}],"curies":[{"name":"wp","href":"https:\/\/api.w.org\/{rel}","templated":true}]}}