{"id":31948,"date":"2016-04-20T01:21:21","date_gmt":"2016-04-20T04:21:21","guid":{"rendered":"https:\/\/www.jornalja.com.br\/?p=31948"},"modified":"2016-04-20T01:21:21","modified_gmt":"2016-04-20T04:21:21","slug":"diabeticos-podem-comer-ovos-de-pascoa","status":"publish","type":"post","link":"https:\/\/www.jornalja.com.br\/arquivo\/diabeticos-podem-comer-ovos-de-pascoa\/","title":{"rendered":"Diab\u00e9ticos podem comer ovos de P\u00e1scoa?"},"content":{"rendered":"<p>Se os diab\u00e9ticos tamb\u00e9m podem comer chocolate \u00e9 o questionamento que Caroline Praciano, nutricionista que atende na Sociedade de Arte, Cultura e Cidadania, mais ouve nesse per\u00edodo de P\u00e1scoa.<\/p>\n<div style=\"min-width: 150px;max-width: 180px;float: left;margin: 0px 15px 10px 0px;background-color: #f8ae3f\">\n<h3 style=\"padding: 10px 0 10px 0;text-align: center;background-color: #363636;color: #ffffff\">Servi\u00e7o<\/h3>\n<p style=\"padding: 0 15px 0px 15px;text-align: center\">Para saber mais sobre alimenta\u00e7\u00e3o e diabetes basta comparecer \u00e0 sede da SOBACC, localizada na Rua Senador Pompeu, 649, Sala 702 &#8211; 7\u00b0 andar, centro \u2013 Cear\u00e1.<\/p>\n<p style=\"padding: 0 15px 0px 15px;text-align: center\">Acesse tamb\u00e9m o site <a href=\"http:\/\/www.sociedade.org.br\" target=\"_blank\" rel=\"noopener noreferrer\">www.sociedade.org.br<\/a>.<\/p>\n<p style=\"padding: 0 15px 0px 15px;text-align: center\"><strong>IPQuality Comunica\u00e7\u00e3o<\/strong><br \/>\n<strong> (11) 3522-7544<\/strong><br \/>\n<strong> (21) 3527-0491<\/strong><\/p>\n<\/div>\n<p>Em princ\u00edpio, n\u00e3o \u00e9 aconselh\u00e1vel, pois a maioria dos produtos industrializados tem em sua composi\u00e7\u00e3o o chamado \u201ca\u00e7\u00facar invertido\u201d, que \u00e9 o resultado da mistura de glicose e frutose. O chocolate, t\u00e3o desejado nessa \u00e9poca do ano, tamb\u00e9m possui.<br \/>\nPor\u00e9m, antes de acabar com as esperan\u00e7as \u00e9 preciso dizer que nem tudo est\u00e1 perdido. Pessoas que t\u00eam diabetes podem comer chocolates!<br \/>\nDesde que produtos espec\u00edficos, que tenham quantidade reduzida de a\u00e7\u00facar. Caroline explica que atualmente o mercado j\u00e1 oferece muitos produtos diet\u00e9ticos, at\u00e9 mesmo o chocolate. Por\u00e9m, o consumo desse produto deve ser moderado.<br \/>\n\u201cO chocolate comum \u00e9 composto de a\u00e7\u00facar e gordura, j\u00e1 o diet n\u00e3o cont\u00eam a\u00e7\u00facar, mas compensa isso com o maior teor de gordura saturada para manter o sabor\u201d, esclarece a nutricionista.<br \/>\nOutra op\u00e7\u00e3o s\u00e3o os chocolates com porcentagens altas de cacau, entre 70% ou mais.<br \/>\nAl\u00e9m de ter menos a\u00e7\u00facar do que o chocolate ao leite, tamb\u00e9m n\u00e3o possuem a quantidade de gordura acrescida aos chocolates diet\u00e9ticos.<br \/>\n<img loading=\"lazy\" decoding=\"async\" class=\"wp-image-31949 alignright\" src=\"https:\/\/www.jornalja.com.br\/wp-content\/uploads\/2016\/04\/3895-300x283.jpg\" alt=\"3895\" width=\"227\" height=\"214\" \/>\u201cOs chocolates escuros s\u00e3o considerados a melhor das op\u00e7\u00f5es. Eles t\u00eam flavon\u00f3ides e pigmentos do cacau que normalmente s\u00e3o removidos por seu sabor amargo. Isso contribui para o bom funcionamento das c\u00e9lulas e ensinam seu corpo a usar a insulina corretamente, reduzindo a resist\u00eancia a este importante horm\u00f4nio\u201d finaliza Caroline.<br \/>\nPortanto, nunca \u00e9 demais alertar que dentro de um planejamento alimentar e combinado a exerc\u00edcios f\u00edsicos, pessoas com diabetes podem consumir chocolate.<br \/>\nO segredo \u00e9 quando voc\u00ea for comer, equilibrar as refei\u00e7\u00f5es com as op\u00e7\u00f5es mais saud\u00e1veis. Por isso o acompanhamento do nutricionista \u00e9 indispens\u00e1vel.<\/p>\n","protected":false},"excerpt":{"rendered":"<p>Se os diab\u00e9ticos tamb\u00e9m podem comer chocolate \u00e9 o questionamento que Caroline Praciano, nutricionista que atende na Sociedade de Arte, Cultura e Cidadania, mais ouve nesse per\u00edodo de P\u00e1scoa. Servi\u00e7o Para saber mais sobre alimenta\u00e7\u00e3o e diabetes basta comparecer \u00e0 sede da SOBACC, localizada na Rua Senador Pompeu, 649, Sala 702 &#8211; 7\u00b0 andar, centro [&hellip;]<\/p>\n","protected":false},"author":4,"featured_media":31950,"comment_status":"open","ping_status":"closed","sticky":false,"template":"","format":"standard","meta":{"_jetpack_newsletter_access":"","_jetpack_dont_email_post_to_subs":false,"_jetpack_newsletter_tier_id":0,"_jetpack_memberships_contains_paywalled_content":false,"_jetpack_feature_clip_id":0,"_jetpack_memberships_contains_paid_content":false,"footnotes":"","jetpack_post_was_ever_published":false},"categories":[2010],"tags":[],"class_list":["post-31948","post","type-post","status-publish","format-standard","has-post-thumbnail","hentry","category-publieditorial"],"aioseo_notices":[],"aioseo_head":"\n\t\t<!-- All in One SEO 5.0.1.1 - aioseo.com -->\n\t<meta name=\"robots\" content=\"max-image-preview:large\" \/>\n\t<meta name=\"author\" content=\"da Reda\u00e7\u00e3o\"\/>\n\t<link rel=\"canonical\" href=\"https:\/\/www.jornalja.com.br\/arquivo\/diabeticos-podem-comer-ovos-de-pascoa\/\" \/>\n\t<meta name=\"generator\" content=\"All in One SEO (AIOSEO) 5.0.1.1\" \/>\n\t\t<meta property=\"og:locale\" content=\"pt_BR\" \/>\n\t\t<meta property=\"og:site_name\" content=\"Arquivo | Jornal J\u00c1 | Porto Alegre\" \/>\n\t\t<meta property=\"og:type\" content=\"article\" \/>\n\t\t<meta property=\"og:title\" content=\"Diab\u00e9ticos podem comer ovos de P\u00e1scoa? | Arquivo\" \/>\n\t\t<meta property=\"og:url\" content=\"https:\/\/www.jornalja.com.br\/arquivo\/diabeticos-podem-comer-ovos-de-pascoa\/\" \/>\n\t\t<meta property=\"og:image\" content=\"https:\/\/www.jornalja.com.br\/wp-content\/uploads\/2016\/04\/3895-300x283.jpg\" \/>\n\t\t<meta property=\"og:image:secure_url\" content=\"https:\/\/www.jornalja.com.br\/wp-content\/uploads\/2016\/04\/3895-300x283.jpg\" \/>\n\t\t<meta property=\"article:published_time\" content=\"2016-04-20T04:21:21+00:00\" \/>\n\t\t<meta property=\"article:modified_time\" content=\"2016-04-20T04:21:21+00:00\" \/>\n\t\t<meta name=\"twitter:card\" content=\"summary\" \/>\n\t\t<meta name=\"twitter:title\" content=\"Diab\u00e9ticos podem comer ovos de P\u00e1scoa? | Arquivo\" \/>\n\t\t<meta name=\"twitter:image\" content=\"https:\/\/www.jornalja.com.br\/economics\/wp-content\/uploads\/sites\/11\/2026\/08\/ja-folhaderosto-facebook.jpg\" \/>\n\t\t<script type=\"application\/ld+json\" class=\"aioseo-schema\">\n\t\t\t{\"@context\":\"https:\\\/\\\/schema.org\",\"@graph\":[{\"@type\":\"BlogPosting\",\"@id\":\"https:\\\/\\\/www.jornalja.com.br\\\/arquivo\\\/diabeticos-podem-comer-ovos-de-pascoa\\\/#blogposting\",\"name\":\"Diab\\u00e9ticos podem comer ovos de P\\u00e1scoa? | Arquivo\",\"headline\":\"Diab\\u00e9ticos podem comer ovos de P\\u00e1scoa?\",\"author\":{\"@id\":\"https:\\\/\\\/www.jornalja.com.br\\\/arquivo\\\/author\\\/daredacao\\\/#author\"},\"publisher\":{\"@id\":\"https:\\\/\\\/www.jornalja.com.br\\\/arquivo\\\/#organization\"},\"image\":{\"@type\":\"ImageObject\",\"url\":31950},\"datePublished\":\"2016-04-20T01:21:21-03:00\",\"dateModified\":\"2016-04-20T01:21:21-03:00\",\"inLanguage\":\"pt-BR\",\"mainEntityOfPage\":{\"@id\":\"https:\\\/\\\/www.jornalja.com.br\\\/arquivo\\\/diabeticos-podem-comer-ovos-de-pascoa\\\/#webpage\"},\"isPartOf\":{\"@id\":\"https:\\\/\\\/www.jornalja.com.br\\\/arquivo\\\/diabeticos-podem-comer-ovos-de-pascoa\\\/#webpage\"},\"articleSection\":\"Publieditorial\"},{\"@type\":\"BreadcrumbList\",\"@id\":\"https:\\\/\\\/www.jornalja.com.br\\\/arquivo\\\/diabeticos-podem-comer-ovos-de-pascoa\\\/#breadcrumblist\",\"itemListElement\":[{\"@type\":\"ListItem\",\"@id\":\"https:\\\/\\\/www.jornalja.com.br\\\/arquivo#listItem\",\"position\":1,\"name\":\"Home\",\"item\":\"https:\\\/\\\/www.jornalja.com.br\\\/arquivo\",\"nextItem\":{\"@type\":\"ListItem\",\"@id\":\"https:\\\/\\\/www.jornalja.com.br\\\/arquivo\\\/category\\\/publieditorial\\\/#listItem\",\"name\":\"Publieditorial\"}},{\"@type\":\"ListItem\",\"@id\":\"https:\\\/\\\/www.jornalja.com.br\\\/arquivo\\\/category\\\/publieditorial\\\/#listItem\",\"position\":2,\"name\":\"Publieditorial\",\"item\":\"https:\\\/\\\/www.jornalja.com.br\\\/arquivo\\\/category\\\/publieditorial\\\/\",\"nextItem\":{\"@type\":\"ListItem\",\"@id\":\"https:\\\/\\\/www.jornalja.com.br\\\/arquivo\\\/diabeticos-podem-comer-ovos-de-pascoa\\\/#listItem\",\"name\":\"Diab\\u00e9ticos podem comer ovos de P\\u00e1scoa?\"},\"previousItem\":{\"@type\":\"ListItem\",\"@id\":\"https:\\\/\\\/www.jornalja.com.br\\\/arquivo#listItem\",\"name\":\"Home\"}},{\"@type\":\"ListItem\",\"@id\":\"https:\\\/\\\/www.jornalja.com.br\\\/arquivo\\\/diabeticos-podem-comer-ovos-de-pascoa\\\/#listItem\",\"position\":3,\"name\":\"Diab\\u00e9ticos podem comer ovos de P\\u00e1scoa?\",\"previousItem\":{\"@type\":\"ListItem\",\"@id\":\"https:\\\/\\\/www.jornalja.com.br\\\/arquivo\\\/category\\\/publieditorial\\\/#listItem\",\"name\":\"Publieditorial\"}}]},{\"@type\":\"Organization\",\"@id\":\"https:\\\/\\\/www.jornalja.com.br\\\/arquivo\\\/#organization\",\"name\":\"Jornal J\\u00c1\",\"description\":\"Jornal J\\u00c1 | Porto Alegre\",\"url\":\"https:\\\/\\\/www.jornalja.com.br\\\/arquivo\\\/\",\"telephone\":\"+555133307272\",\"logo\":{\"@type\":\"ImageObject\",\"url\":\"https:\\\/\\\/www.jornalja.com.br\\\/wp-content\\\/uploads\\\/cards\\\/JAslogan.png\",\"@id\":\"https:\\\/\\\/www.jornalja.com.br\\\/arquivo\\\/diabeticos-podem-comer-ovos-de-pascoa\\\/#organizationLogo\"},\"image\":{\"@id\":\"https:\\\/\\\/www.jornalja.com.br\\\/arquivo\\\/diabeticos-podem-comer-ovos-de-pascoa\\\/#organizationLogo\"}},{\"@type\":\"Person\",\"@id\":\"https:\\\/\\\/www.jornalja.com.br\\\/arquivo\\\/author\\\/daredacao\\\/#author\",\"url\":\"https:\\\/\\\/www.jornalja.com.br\\\/arquivo\\\/author\\\/daredacao\\\/\",\"name\":\"da Reda\\u00e7\\u00e3o\",\"image\":{\"@type\":\"ImageObject\",\"@id\":\"https:\\\/\\\/www.jornalja.com.br\\\/arquivo\\\/diabeticos-podem-comer-ovos-de-pascoa\\\/#authorImage\",\"url\":\"https:\\\/\\\/secure.gravatar.com\\\/avatar\\\/469fd857d6605ad19919d27ed29d35a968a25f6e8fd9318356bbb7f57aae9c65?s=96&d=mm&r=g\",\"width\":96,\"height\":96,\"caption\":\"da Reda\\u00e7\\u00e3o\"}},{\"@type\":\"WebPage\",\"@id\":\"https:\\\/\\\/www.jornalja.com.br\\\/arquivo\\\/diabeticos-podem-comer-ovos-de-pascoa\\\/#webpage\",\"url\":\"https:\\\/\\\/www.jornalja.com.br\\\/arquivo\\\/diabeticos-podem-comer-ovos-de-pascoa\\\/\",\"name\":\"Diab\\u00e9ticos podem comer ovos de P\\u00e1scoa? | Arquivo\",\"inLanguage\":\"pt-BR\",\"isPartOf\":{\"@id\":\"https:\\\/\\\/www.jornalja.com.br\\\/arquivo\\\/#website\"},\"breadcrumb\":{\"@id\":\"https:\\\/\\\/www.jornalja.com.br\\\/arquivo\\\/diabeticos-podem-comer-ovos-de-pascoa\\\/#breadcrumblist\"},\"author\":{\"@id\":\"https:\\\/\\\/www.jornalja.com.br\\\/arquivo\\\/author\\\/daredacao\\\/#author\"},\"creator\":{\"@id\":\"https:\\\/\\\/www.jornalja.com.br\\\/arquivo\\\/author\\\/daredacao\\\/#author\"},\"image\":{\"@type\":\"ImageObject\",\"url\":31950,\"@id\":\"https:\\\/\\\/www.jornalja.com.br\\\/arquivo\\\/diabeticos-podem-comer-ovos-de-pascoa\\\/#mainImage\"},\"primaryImageOfPage\":{\"@id\":\"https:\\\/\\\/www.jornalja.com.br\\\/arquivo\\\/diabeticos-podem-comer-ovos-de-pascoa\\\/#mainImage\"},\"datePublished\":\"2016-04-20T01:21:21-03:00\",\"dateModified\":\"2016-04-20T01:21:21-03:00\"},{\"@type\":\"WebSite\",\"@id\":\"https:\\\/\\\/www.jornalja.com.br\\\/arquivo\\\/#website\",\"url\":\"https:\\\/\\\/www.jornalja.com.br\\\/arquivo\\\/\",\"name\":\"Arquivo\",\"description\":\"Jornal J\\u00c1 | Porto Alegre\",\"inLanguage\":\"pt-BR\",\"publisher\":{\"@id\":\"https:\\\/\\\/www.jornalja.com.br\\\/arquivo\\\/#organization\"}}]}\n\t\t<\/script>\n\t\t<!-- All in One SEO -->\n\n","aioseo_head_json":{"title":"Diab\u00e9ticos podem comer ovos de P\u00e1scoa? | Arquivo","description":"","canonical_url":"https:\/\/www.jornalja.com.br\/arquivo\/diabeticos-podem-comer-ovos-de-pascoa\/","robots":"max-image-preview:large","keywords":"","webmasterTools":{"miscellaneous":""},"schema":{"@context":"https:\/\/schema.org","@graph":[{"@type":"BlogPosting","@id":"https:\/\/www.jornalja.com.br\/arquivo\/diabeticos-podem-comer-ovos-de-pascoa\/#blogposting","name":"Diab\u00e9ticos podem comer ovos de P\u00e1scoa? | Arquivo","headline":"Diab\u00e9ticos podem comer ovos de P\u00e1scoa?","author":{"@id":"https:\/\/www.jornalja.com.br\/arquivo\/author\/daredacao\/#author"},"publisher":{"@id":"https:\/\/www.jornalja.com.br\/arquivo\/#organization"},"image":{"@type":"ImageObject","url":31950},"datePublished":"2016-04-20T01:21:21-03:00","dateModified":"2016-04-20T01:21:21-03:00","inLanguage":"pt-BR","mainEntityOfPage":{"@id":"https:\/\/www.jornalja.com.br\/arquivo\/diabeticos-podem-comer-ovos-de-pascoa\/#webpage"},"isPartOf":{"@id":"https:\/\/www.jornalja.com.br\/arquivo\/diabeticos-podem-comer-ovos-de-pascoa\/#webpage"},"articleSection":"Publieditorial"},{"@type":"BreadcrumbList","@id":"https:\/\/www.jornalja.com.br\/arquivo\/diabeticos-podem-comer-ovos-de-pascoa\/#breadcrumblist","itemListElement":[{"@type":"ListItem","@id":"https:\/\/www.jornalja.com.br\/arquivo#listItem","position":1,"name":"Home","item":"https:\/\/www.jornalja.com.br\/arquivo","nextItem":{"@type":"ListItem","@id":"https:\/\/www.jornalja.com.br\/arquivo\/category\/publieditorial\/#listItem","name":"Publieditorial"}},{"@type":"ListItem","@id":"https:\/\/www.jornalja.com.br\/arquivo\/category\/publieditorial\/#listItem","position":2,"name":"Publieditorial","item":"https:\/\/www.jornalja.com.br\/arquivo\/category\/publieditorial\/","nextItem":{"@type":"ListItem","@id":"https:\/\/www.jornalja.com.br\/arquivo\/diabeticos-podem-comer-ovos-de-pascoa\/#listItem","name":"Diab\u00e9ticos podem comer ovos de P\u00e1scoa?"},"previousItem":{"@type":"ListItem","@id":"https:\/\/www.jornalja.com.br\/arquivo#listItem","name":"Home"}},{"@type":"ListItem","@id":"https:\/\/www.jornalja.com.br\/arquivo\/diabeticos-podem-comer-ovos-de-pascoa\/#listItem","position":3,"name":"Diab\u00e9ticos podem comer ovos de P\u00e1scoa?","previousItem":{"@type":"ListItem","@id":"https:\/\/www.jornalja.com.br\/arquivo\/category\/publieditorial\/#listItem","name":"Publieditorial"}}]},{"@type":"Organization","@id":"https:\/\/www.jornalja.com.br\/arquivo\/#organization","name":"Jornal J\u00c1","description":"Jornal J\u00c1 | Porto Alegre","url":"https:\/\/www.jornalja.com.br\/arquivo\/","telephone":"+555133307272","logo":{"@type":"ImageObject","url":"https:\/\/www.jornalja.com.br\/wp-content\/uploads\/cards\/JAslogan.png","@id":"https:\/\/www.jornalja.com.br\/arquivo\/diabeticos-podem-comer-ovos-de-pascoa\/#organizationLogo"},"image":{"@id":"https:\/\/www.jornalja.com.br\/arquivo\/diabeticos-podem-comer-ovos-de-pascoa\/#organizationLogo"}},{"@type":"Person","@id":"https:\/\/www.jornalja.com.br\/arquivo\/author\/daredacao\/#author","url":"https:\/\/www.jornalja.com.br\/arquivo\/author\/daredacao\/","name":"da Reda\u00e7\u00e3o","image":{"@type":"ImageObject","@id":"https:\/\/www.jornalja.com.br\/arquivo\/diabeticos-podem-comer-ovos-de-pascoa\/#authorImage","url":"https:\/\/secure.gravatar.com\/avatar\/469fd857d6605ad19919d27ed29d35a968a25f6e8fd9318356bbb7f57aae9c65?s=96&d=mm&r=g","width":96,"height":96,"caption":"da Reda\u00e7\u00e3o"}},{"@type":"WebPage","@id":"https:\/\/www.jornalja.com.br\/arquivo\/diabeticos-podem-comer-ovos-de-pascoa\/#webpage","url":"https:\/\/www.jornalja.com.br\/arquivo\/diabeticos-podem-comer-ovos-de-pascoa\/","name":"Diab\u00e9ticos podem comer ovos de P\u00e1scoa? | Arquivo","inLanguage":"pt-BR","isPartOf":{"@id":"https:\/\/www.jornalja.com.br\/arquivo\/#website"},"breadcrumb":{"@id":"https:\/\/www.jornalja.com.br\/arquivo\/diabeticos-podem-comer-ovos-de-pascoa\/#breadcrumblist"},"author":{"@id":"https:\/\/www.jornalja.com.br\/arquivo\/author\/daredacao\/#author"},"creator":{"@id":"https:\/\/www.jornalja.com.br\/arquivo\/author\/daredacao\/#author"},"image":{"@type":"ImageObject","url":31950,"@id":"https:\/\/www.jornalja.com.br\/arquivo\/diabeticos-podem-comer-ovos-de-pascoa\/#mainImage"},"primaryImageOfPage":{"@id":"https:\/\/www.jornalja.com.br\/arquivo\/diabeticos-podem-comer-ovos-de-pascoa\/#mainImage"},"datePublished":"2016-04-20T01:21:21-03:00","dateModified":"2016-04-20T01:21:21-03:00"},{"@type":"WebSite","@id":"https:\/\/www.jornalja.com.br\/arquivo\/#website","url":"https:\/\/www.jornalja.com.br\/arquivo\/","name":"Arquivo","description":"Jornal J\u00c1 | Porto Alegre","inLanguage":"pt-BR","publisher":{"@id":"https:\/\/www.jornalja.com.br\/arquivo\/#organization"}}]},"og:locale":"pt_BR","og:site_name":"Arquivo | Jornal J\u00c1 | Porto Alegre","og:type":"article","og:title":"Diab\u00e9ticos podem comer ovos de P\u00e1scoa? | Arquivo","og:url":"https:\/\/www.jornalja.com.br\/arquivo\/diabeticos-podem-comer-ovos-de-pascoa\/","og:image":"https:\/\/www.jornalja.com.br\/wp-content\/uploads\/2016\/04\/3895-300x283.jpg","og:image:secure_url":"https:\/\/www.jornalja.com.br\/wp-content\/uploads\/2016\/04\/3895-300x283.jpg","article:published_time":"2016-04-20T04:21:21+00:00","article:modified_time":"2016-04-20T04:21:21+00:00","twitter:card":"summary","twitter:title":"Diab\u00e9ticos podem comer ovos de P\u00e1scoa? | Arquivo","twitter:image":"https:\/\/www.jornalja.com.br\/economics\/wp-content\/uploads\/sites\/11\/2026\/08\/ja-folhaderosto-facebook.jpg"},"aioseo_meta_data":{"post_id":"31948","title":null,"description":null,"keywords":null,"keyphrases":null,"primary_term":null,"canonical_url":null,"og_title":null,"og_description":null,"og_object_type":"default","og_image_type":"default","og_image_url":null,"og_image_width":null,"og_image_height":null,"og_image_custom_url":null,"og_image_custom_fields":null,"og_video":null,"og_custom_url":null,"og_article_section":null,"og_article_tags":null,"twitter_use_og":false,"twitter_card":"default","twitter_image_type":"default","twitter_image_url":null,"twitter_image_custom_url":null,"twitter_image_custom_fields":null,"twitter_title":null,"twitter_description":null,"schema":{"blockGraphs":[],"customGraphs":[],"default":{"data":{"Article":[],"Course":[],"Dataset":[],"FAQPage":[],"Movie":[],"Person":[],"Product":[],"ProductReview":[],"Car":[],"Recipe":[],"Service":[],"SoftwareApplication":[],"WebPage":[]},"graphName":"","isEnabled":true},"graphs":[]},"schema_type":null,"schema_type_options":null,"pillar_content":false,"robots_default":true,"robots_noindex":false,"robots_noarchive":false,"robots_nosnippet":false,"robots_nofollow":false,"robots_noimageindex":false,"robots_noodp":false,"robots_notranslate":false,"robots_max_snippet":null,"robots_max_videopreview":null,"robots_max_imagepreview":"large","priority":null,"frequency":null,"location":null,"local_seo":null,"breadcrumb_settings":null,"limit_modified_date":false,"ai":null,"created":"2020-12-20 20:58:06","updated":"2025-07-19 13:16:45","seo_analyzer_scan_date":null,"focus_keyword":null,"additional_keywords":null,"truseo_locale":null},"jetpack_sharing_enabled":true,"jetpack-related-posts":[{"id":13124,"url":"https:\/\/www.jornalja.com.br\/arquivo\/sangue-latino-no-iecine\/","url_meta":{"origin":31948,"position":0},"title":"Sangue latino no IECINE","author":"da Reda\u00e7\u00e3o","date":"18 de maio de 2014","format":false,"excerpt":"Francisco Ribeiro O Instituto Estadual de Cinema (IECINE) tem a frente, desde abril \u00faltimo, um novo diretor, o cineasta colombiano Juan Zapata, 36, que substitui Luiz Alberto Cassol. Radicado h\u00e1 dez anos em Porto Alegre, Zapata tem diante de si o desafio de conduzir at\u00e9 o final do ano um\u2026","rel":"","context":"Em &quot;Cultura-Geral&quot;","block_context":{"text":"Cultura-Geral","link":"https:\/\/www.jornalja.com.br\/arquivo\/category\/materiasecundaria\/"},"img":{"alt_text":"","src":"","width":0,"height":0},"classes":[]},{"id":13128,"url":"https:\/\/www.jornalja.com.br\/arquivo\/maconha-terra-diz-que-uso-medicinal-e-desculpa\/","url_meta":{"origin":31948,"position":1},"title":"Maconha: Terra diz que uso medicinal \u00e9 desculpa","author":"Patr\u00edcia Marini","date":"4 de junho de 2014","format":false,"excerpt":"A condi\u00e7\u00e3o de pol\u00edtico, em \u00e9poca de campanha de campanha eleitoral, tira for\u00e7a do discurso do m\u00e9dico Osmar Terra contra a legaliza\u00e7\u00e3o da maconha. A tese dele de que a libera\u00e7\u00e3o vai ampliar exponencialmente o consumo \u00e9 discutivel, o consumo \u00e9 corrente. Mas seus alertas quanto aos riscos tem que\u2026","rel":"","context":"Em &quot;X.Categorias velhas&quot;","block_context":{"text":"X.Categorias velhas","link":"https:\/\/www.jornalja.com.br\/arquivo\/category\/x-categorias-velhas\/"},"img":{"alt_text":"","src":"","width":0,"height":0},"classes":[]},{"id":13109,"url":"https:\/\/www.jornalja.com.br\/arquivo\/judiciario-reconhece-poluicao-eletromagnetica\/","url_meta":{"origin":31948,"position":2},"title":"Judici\u00e1rio reconhece polui\u00e7\u00e3o eletromagn\u00e9tica","author":"Patr\u00edcia Marini","date":"16 de maio de 2014","format":false,"excerpt":"A\u00e7\u00e3o de duas associa\u00e7\u00f5es de moradores foi acolhida pelo Tribunal de Justi\u00e7a de S\u00e3o Paulo que. em decis\u00e3o in\u00e9dita, determinou a redu\u00e7\u00e3o do campo eletromagn\u00e9tico gerado pelas linhas de transmiss\u00e3o de energia que cortam os bairros City Boa\u00e7ava e Alto de Pinheiros. \u00c9 a primeira vez que um tribunal do\u2026","rel":"","context":"Em &quot;X.Categorias velhas&quot;","block_context":{"text":"X.Categorias velhas","link":"https:\/\/www.jornalja.com.br\/arquivo\/category\/x-categorias-velhas\/"},"img":{"alt_text":"","src":"","width":0,"height":0},"classes":[]},{"id":14241,"url":"https:\/\/www.jornalja.com.br\/arquivo\/o-guaiba-nas-imagens-poeticas-de-achutti\/","url_meta":{"origin":31948,"position":3},"title":"O Gua\u00edba nas imagens po\u00e9ticas de Achutti","author":"da Reda\u00e7\u00e3o","date":"18 de junho de 2014","format":false,"excerpt":"Em \u201cO Gua\u00edba por Achutti\u201d \u2013 obra financiada via Minist\u00e9rio da Cultura, produ\u00e7\u00e3o executiva de Pedro Longhi, e Fl\u00e1vio Wild como designer \u2013, o fot\u00f3grafo revela a beleza e as mazelas de um espa\u00e7o aqu\u00e1tico de \u00e1guas sempre renovadas, cheio de hist\u00f3rias e lendas como as das cidades que foram\u2026","rel":"","context":"Em &quot;Cultura-Geral&quot;","block_context":{"text":"Cultura-Geral","link":"https:\/\/www.jornalja.com.br\/arquivo\/category\/materiasecundaria\/"},"img":{"alt_text":"","src":"","width":0,"height":0},"classes":[]},{"id":13101,"url":"https:\/\/www.jornalja.com.br\/arquivo\/morre-um-guerreiro-do-texto\/","url_meta":{"origin":31948,"position":4},"title":"Morre um guerreiro do texto","author":"Patr\u00edcia Marini","date":"14 de maio de 2014","format":false,"excerpt":"Por Ricardo Kotscho Reproduzido do blog do autor, 11\/5\/2014; t\u00edtulo original \u201cE l\u00e1 se foi o nosso Myltainho, guerreiro do texto\u201d. Mi\u00fado e franzino, meu amigo Myltainho era um valente e inconformado guerreiro na luta contra as injusti\u00e7as sociais, a hipocrisia, as maracutaias, o autoritarismo, a intoler\u00e2ncia, a viol\u00eancia, o\u2026","rel":"","context":"Em &quot;Geral&quot;","block_context":{"text":"Geral","link":"https:\/\/www.jornalja.com.br\/arquivo\/category\/geral\/"},"img":{"alt_text":"","src":"","width":0,"height":0},"classes":[]},{"id":5440,"url":"https:\/\/www.jornalja.com.br\/arquivo\/casarao-da-venancio-destino-permanece-incerto\/","url_meta":{"origin":31948,"position":5},"title":"Estado ainda n\u00e3o sabe o que fazer com casar\u00e3o abandonado h\u00e1 20 anos","author":"Elmar Bones","date":"6 de julho de 2009","format":false,"excerpt":"O casar\u00e3o amarelo, numa esquina nobre de Porto Alegre (Ven\u00e2ncio Aires com Jo\u00e3o Pessoa), j\u00e1 abrigou uma escola. H\u00e1 duas d\u00e9cadas, pelo menos, est\u00e1 abandonado, porque seu propriet\u00e1rio, o governo do Estado do Rio Grande do Sul, n\u00e3o consegue achar um destino para ele. Planos n\u00e3o faltaram. O governador Ol\u00edvio\u2026","rel":"","context":"Em &quot;X.Categorias velhas&quot;","block_context":{"text":"X.Categorias velhas","link":"https:\/\/www.jornalja.com.br\/arquivo\/category\/x-categorias-velhas\/"},"img":{"alt_text":"geraldo1","src":"https:\/\/i0.wp.com\/www.jornalja.com.br\/wp-content\/uploads\/2009\/07\/geraldo1.jpg?resize=350%2C200&ssl=1","width":350,"height":200},"classes":[]}],"jetpack_shortlink":"https:\/\/wp.me\/pbQjBd-8ji","jetpack_featured_media_url":"","_links":{"self":[{"href":"https:\/\/www.jornalja.com.br\/arquivo\/wp-json\/wp\/v2\/posts\/31948","targetHints":{"allow":["GET"]}}],"collection":[{"href":"https:\/\/www.jornalja.com.br\/arquivo\/wp-json\/wp\/v2\/posts"}],"about":[{"href":"https:\/\/www.jornalja.com.br\/arquivo\/wp-json\/wp\/v2\/types\/post"}],"author":[{"embeddable":true,"href":"https:\/\/www.jornalja.com.br\/arquivo\/wp-json\/wp\/v2\/users\/4"}],"replies":[{"embeddable":true,"href":"https:\/\/www.jornalja.com.br\/arquivo\/wp-json\/wp\/v2\/comments?post=31948"}],"version-history":[{"count":0,"href":"https:\/\/www.jornalja.com.br\/arquivo\/wp-json\/wp\/v2\/posts\/31948\/revisions"}],"wp:attachment":[{"href":"https:\/\/www.jornalja.com.br\/arquivo\/wp-json\/wp\/v2\/media?parent=31948"}],"wp:term":[{"taxonomy":"category","embeddable":true,"href":"https:\/\/www.jornalja.com.br\/arquivo\/wp-json\/wp\/v2\/categories?post=31948"},{"taxonomy":"post_tag","embeddable":true,"href":"https:\/\/www.jornalja.com.br\/arquivo\/wp-json\/wp\/v2\/tags?post=31948"}],"curies":[{"name":"wp","href":"https:\/\/api.w.org\/{rel}","templated":true}]}}