{"id":32058,"date":"2016-04-22T16:50:34","date_gmt":"2016-04-22T19:50:34","guid":{"rendered":"https:\/\/www.jornalja.com.br\/?p=32058"},"modified":"2016-04-22T16:50:34","modified_gmt":"2016-04-22T19:50:34","slug":"abraco-coletivo-ao-cais-maua-clama-por-projeto-alternativo","status":"publish","type":"post","link":"https:\/\/www.jornalja.com.br\/arquivo\/abraco-coletivo-ao-cais-maua-clama-por-projeto-alternativo\/","title":{"rendered":"Abra\u00e7o coletivo ao Cais Mau\u00e1 clama por projeto alternativo"},"content":{"rendered":"<p>Neste s\u00e1bado (23\/04), \u00e0s 17 horas, vai ocorrer um<a href=\"http:\/\/www.facebook.com\/events\/1110153782382424\/\" target=\"_blank\" rel=\"noopener noreferrer\"> abra\u00e7o coletivo ao Cais Mau\u00e1 de Porto Alegre<\/a>, para chamar a aten\u00e7\u00e3o do poder p\u00fablico para a singularidade do espa\u00e7o, cuja revitaliza\u00e7\u00e3o \u00e9 questionada por um grupo de cidad\u00e3os.<br \/>\n<em><strong><a href=\"https:\/\/www.jornalja.com.br\/cais\">Leia o Dossi\u00ea Cais Mau\u00e1<\/a><\/strong><\/em><br \/>\nA a\u00e7\u00e3o, inspirada em um abra\u00e7o dos ambientalistas ao Rio Gua\u00edba em 1988, \u00e9 proposta do movimento Cais Mau\u00e1 de Todos que est\u00e1 convocando a popula\u00e7\u00e3o pelas redes sociais para a defesa um novo projeto arquitet\u00f4nico e urban\u00edstico para o local.<br \/>\nA revitaliza\u00e7\u00e3o prevista para a \u00e1rea inclui o restauro dos armaz\u00e9ns tomados, por\u00e9m prev\u00ea a derrubada do conjunto A7, que n\u00e3o est\u00e1 sob prote\u00e7\u00e3o e a constru\u00e7\u00e3o de tr\u00eas torres comerciais, shopping center e estacionamento com 5 mil vagas.<br \/>\nA concentra\u00e7\u00e3o ser\u00e1 na Avenida Sep\u00falveda e ter\u00e1 interven\u00e7\u00f5es art\u00edsticas e musicais. \u201cN\u00e3o vamos permitir que o maior s\u00edmbolo de Porto Alegre seja privatizado e desfigurado, com a constru\u00e7\u00e3o de espig\u00f5es, shopping e mega estacionamentos\u201d, defendem os integrantes do movimento.<br \/>\nEles lembram ainda que nos anos 50, o Parc\u00e3o quase virou loteamento de pr\u00e9dios; nos 70, tentaram demolir o Mercado P\u00fablico e, nos 80, a Usina do Gas\u00f4metro. \u201cTodos foram salvos gra\u00e7as a mobiliza\u00e7\u00f5es da sociedade civil, movimentos espont\u00e2neos e leg\u00edtimos. Demolir, destruir ou desfigurar o patrim\u00f4nio p\u00fablico e a paisagem de Porto Alegre parece ser o esporte preferido de certos agentes p\u00fablicos e privados.\u00a0Agora a bola da vez \u00e9 o Cais Mau\u00e1\u201d, observam.<br \/>\nSe chover o evento ser\u00e1 transferido para o dia seguinte: 24\/05 no mesmo hor\u00e1rio.<br \/>\n<span class=\"intertit\">SERVI\u00c7O<\/span><br \/>\nO que: Abra\u00e7a\u00e7o ao Cais Mau\u00e1<br \/>\nQuando: S\u00e1bado (23\/04)<br \/>\nHor\u00e1rio: 17 horas<br \/>\nOnde: Avenida Sep\u00falveda (em frente ao port\u00e3o central de acesso ao Cais)<\/p>\n","protected":false},"excerpt":{"rendered":"<p>Neste s\u00e1bado (23\/04), \u00e0s 17 horas, vai ocorrer um abra\u00e7o coletivo ao Cais Mau\u00e1 de Porto Alegre, para chamar a aten\u00e7\u00e3o do poder p\u00fablico para a singularidade do espa\u00e7o, cuja revitaliza\u00e7\u00e3o \u00e9 questionada por um grupo de cidad\u00e3os. Leia o Dossi\u00ea Cais Mau\u00e1 A a\u00e7\u00e3o, inspirada em um abra\u00e7o dos ambientalistas ao Rio Gua\u00edba em [&hellip;]<\/p>\n","protected":false},"author":4,"featured_media":26024,"comment_status":"open","ping_status":"closed","sticky":false,"template":"","format":"standard","meta":{"_jetpack_newsletter_access":"","_jetpack_dont_email_post_to_subs":false,"_jetpack_newsletter_tier_id":0,"_jetpack_memberships_contains_paywalled_content":false,"_jetpack_feature_clip_id":0,"_jetpack_memberships_contains_paid_content":false,"footnotes":"","jetpack_post_was_ever_published":false},"categories":[2007,1742],"tags":[],"class_list":["post-32058","post","type-post","status-publish","format-standard","has-post-thumbnail","hentry","category-hotsite-cais","category-dossie-cais-maua"],"aioseo_notices":[],"aioseo_head":"\n\t\t<!-- All in One SEO 5.0.1.1 - aioseo.com -->\n\t<meta name=\"robots\" content=\"max-image-preview:large\" \/>\n\t<meta name=\"author\" content=\"da Reda\u00e7\u00e3o\"\/>\n\t<link rel=\"canonical\" href=\"https:\/\/www.jornalja.com.br\/arquivo\/abraco-coletivo-ao-cais-maua-clama-por-projeto-alternativo\/\" \/>\n\t<meta name=\"generator\" content=\"All in One SEO (AIOSEO) 5.0.1.1\" \/>\n\t\t<meta property=\"og:locale\" content=\"pt_BR\" \/>\n\t\t<meta property=\"og:site_name\" content=\"Arquivo | Jornal J\u00c1 | Porto Alegre\" \/>\n\t\t<meta property=\"og:type\" content=\"article\" \/>\n\t\t<meta property=\"og:title\" content=\"Abra\u00e7o coletivo ao Cais Mau\u00e1 clama por projeto alternativo | Arquivo\" \/>\n\t\t<meta property=\"og:url\" content=\"https:\/\/www.jornalja.com.br\/arquivo\/abraco-coletivo-ao-cais-maua-clama-por-projeto-alternativo\/\" \/>\n\t\t<meta property=\"og:image\" content=\"https:\/\/www.jornalja.com.br\/economics\/wp-content\/uploads\/sites\/11\/2026\/08\/ja-folhaderosto-facebook.jpg\" \/>\n\t\t<meta property=\"og:image:secure_url\" content=\"https:\/\/www.jornalja.com.br\/economics\/wp-content\/uploads\/sites\/11\/2026\/08\/ja-folhaderosto-facebook.jpg\" \/>\n\t\t<meta property=\"article:published_time\" content=\"2016-04-22T19:50:34+00:00\" \/>\n\t\t<meta property=\"article:modified_time\" content=\"2016-04-22T19:50:34+00:00\" \/>\n\t\t<meta name=\"twitter:card\" content=\"summary\" \/>\n\t\t<meta name=\"twitter:title\" content=\"Abra\u00e7o coletivo ao Cais Mau\u00e1 clama por projeto alternativo | Arquivo\" \/>\n\t\t<meta name=\"twitter:image\" content=\"https:\/\/www.jornalja.com.br\/economics\/wp-content\/uploads\/sites\/11\/2026\/08\/ja-folhaderosto-facebook.jpg\" \/>\n\t\t<script type=\"application\/ld+json\" class=\"aioseo-schema\">\n\t\t\t{\"@context\":\"https:\\\/\\\/schema.org\",\"@graph\":[{\"@type\":\"BlogPosting\",\"@id\":\"https:\\\/\\\/www.jornalja.com.br\\\/arquivo\\\/abraco-coletivo-ao-cais-maua-clama-por-projeto-alternativo\\\/#blogposting\",\"name\":\"Abra\\u00e7o coletivo ao Cais Mau\\u00e1 clama por projeto alternativo | Arquivo\",\"headline\":\"Abra\\u00e7o coletivo ao Cais Mau\\u00e1 clama por projeto alternativo\",\"author\":{\"@id\":\"https:\\\/\\\/www.jornalja.com.br\\\/arquivo\\\/author\\\/daredacao\\\/#author\"},\"publisher\":{\"@id\":\"https:\\\/\\\/www.jornalja.com.br\\\/arquivo\\\/#organization\"},\"image\":{\"@type\":\"ImageObject\",\"url\":26024},\"datePublished\":\"2016-04-22T16:50:34-03:00\",\"dateModified\":\"2016-04-22T16:50:34-03:00\",\"inLanguage\":\"pt-BR\",\"mainEntityOfPage\":{\"@id\":\"https:\\\/\\\/www.jornalja.com.br\\\/arquivo\\\/abraco-coletivo-ao-cais-maua-clama-por-projeto-alternativo\\\/#webpage\"},\"isPartOf\":{\"@id\":\"https:\\\/\\\/www.jornalja.com.br\\\/arquivo\\\/abraco-coletivo-ao-cais-maua-clama-por-projeto-alternativo\\\/#webpage\"},\"articleSection\":\"HOTSITE CAIS, Mat\\u00e9ria Cais pequena\"},{\"@type\":\"BreadcrumbList\",\"@id\":\"https:\\\/\\\/www.jornalja.com.br\\\/arquivo\\\/abraco-coletivo-ao-cais-maua-clama-por-projeto-alternativo\\\/#breadcrumblist\",\"itemListElement\":[{\"@type\":\"ListItem\",\"@id\":\"https:\\\/\\\/www.jornalja.com.br\\\/arquivo#listItem\",\"position\":1,\"name\":\"Home\",\"item\":\"https:\\\/\\\/www.jornalja.com.br\\\/arquivo\",\"nextItem\":{\"@type\":\"ListItem\",\"@id\":\"https:\\\/\\\/www.jornalja.com.br\\\/arquivo\\\/category\\\/dossie-cais-maua\\\/#listItem\",\"name\":\"Mat\\u00e9ria Cais pequena\"}},{\"@type\":\"ListItem\",\"@id\":\"https:\\\/\\\/www.jornalja.com.br\\\/arquivo\\\/category\\\/dossie-cais-maua\\\/#listItem\",\"position\":2,\"name\":\"Mat\\u00e9ria Cais pequena\",\"item\":\"https:\\\/\\\/www.jornalja.com.br\\\/arquivo\\\/category\\\/dossie-cais-maua\\\/\",\"nextItem\":{\"@type\":\"ListItem\",\"@id\":\"https:\\\/\\\/www.jornalja.com.br\\\/arquivo\\\/abraco-coletivo-ao-cais-maua-clama-por-projeto-alternativo\\\/#listItem\",\"name\":\"Abra\\u00e7o coletivo ao Cais Mau\\u00e1 clama por projeto alternativo\"},\"previousItem\":{\"@type\":\"ListItem\",\"@id\":\"https:\\\/\\\/www.jornalja.com.br\\\/arquivo#listItem\",\"name\":\"Home\"}},{\"@type\":\"ListItem\",\"@id\":\"https:\\\/\\\/www.jornalja.com.br\\\/arquivo\\\/abraco-coletivo-ao-cais-maua-clama-por-projeto-alternativo\\\/#listItem\",\"position\":3,\"name\":\"Abra\\u00e7o coletivo ao Cais Mau\\u00e1 clama por projeto alternativo\",\"previousItem\":{\"@type\":\"ListItem\",\"@id\":\"https:\\\/\\\/www.jornalja.com.br\\\/arquivo\\\/category\\\/dossie-cais-maua\\\/#listItem\",\"name\":\"Mat\\u00e9ria Cais pequena\"}}]},{\"@type\":\"Organization\",\"@id\":\"https:\\\/\\\/www.jornalja.com.br\\\/arquivo\\\/#organization\",\"name\":\"Jornal J\\u00c1\",\"description\":\"Jornal J\\u00c1 | Porto Alegre\",\"url\":\"https:\\\/\\\/www.jornalja.com.br\\\/arquivo\\\/\",\"telephone\":\"+555133307272\",\"logo\":{\"@type\":\"ImageObject\",\"url\":\"https:\\\/\\\/www.jornalja.com.br\\\/wp-content\\\/uploads\\\/cards\\\/JAslogan.png\",\"@id\":\"https:\\\/\\\/www.jornalja.com.br\\\/arquivo\\\/abraco-coletivo-ao-cais-maua-clama-por-projeto-alternativo\\\/#organizationLogo\"},\"image\":{\"@id\":\"https:\\\/\\\/www.jornalja.com.br\\\/arquivo\\\/abraco-coletivo-ao-cais-maua-clama-por-projeto-alternativo\\\/#organizationLogo\"}},{\"@type\":\"Person\",\"@id\":\"https:\\\/\\\/www.jornalja.com.br\\\/arquivo\\\/author\\\/daredacao\\\/#author\",\"url\":\"https:\\\/\\\/www.jornalja.com.br\\\/arquivo\\\/author\\\/daredacao\\\/\",\"name\":\"da Reda\\u00e7\\u00e3o\",\"image\":{\"@type\":\"ImageObject\",\"@id\":\"https:\\\/\\\/www.jornalja.com.br\\\/arquivo\\\/abraco-coletivo-ao-cais-maua-clama-por-projeto-alternativo\\\/#authorImage\",\"url\":\"https:\\\/\\\/secure.gravatar.com\\\/avatar\\\/469fd857d6605ad19919d27ed29d35a968a25f6e8fd9318356bbb7f57aae9c65?s=96&d=mm&r=g\",\"width\":96,\"height\":96,\"caption\":\"da Reda\\u00e7\\u00e3o\"}},{\"@type\":\"WebPage\",\"@id\":\"https:\\\/\\\/www.jornalja.com.br\\\/arquivo\\\/abraco-coletivo-ao-cais-maua-clama-por-projeto-alternativo\\\/#webpage\",\"url\":\"https:\\\/\\\/www.jornalja.com.br\\\/arquivo\\\/abraco-coletivo-ao-cais-maua-clama-por-projeto-alternativo\\\/\",\"name\":\"Abra\\u00e7o coletivo ao Cais Mau\\u00e1 clama por projeto alternativo | Arquivo\",\"inLanguage\":\"pt-BR\",\"isPartOf\":{\"@id\":\"https:\\\/\\\/www.jornalja.com.br\\\/arquivo\\\/#website\"},\"breadcrumb\":{\"@id\":\"https:\\\/\\\/www.jornalja.com.br\\\/arquivo\\\/abraco-coletivo-ao-cais-maua-clama-por-projeto-alternativo\\\/#breadcrumblist\"},\"author\":{\"@id\":\"https:\\\/\\\/www.jornalja.com.br\\\/arquivo\\\/author\\\/daredacao\\\/#author\"},\"creator\":{\"@id\":\"https:\\\/\\\/www.jornalja.com.br\\\/arquivo\\\/author\\\/daredacao\\\/#author\"},\"image\":{\"@type\":\"ImageObject\",\"url\":26024,\"@id\":\"https:\\\/\\\/www.jornalja.com.br\\\/arquivo\\\/abraco-coletivo-ao-cais-maua-clama-por-projeto-alternativo\\\/#mainImage\"},\"primaryImageOfPage\":{\"@id\":\"https:\\\/\\\/www.jornalja.com.br\\\/arquivo\\\/abraco-coletivo-ao-cais-maua-clama-por-projeto-alternativo\\\/#mainImage\"},\"datePublished\":\"2016-04-22T16:50:34-03:00\",\"dateModified\":\"2016-04-22T16:50:34-03:00\"},{\"@type\":\"WebSite\",\"@id\":\"https:\\\/\\\/www.jornalja.com.br\\\/arquivo\\\/#website\",\"url\":\"https:\\\/\\\/www.jornalja.com.br\\\/arquivo\\\/\",\"name\":\"Arquivo\",\"description\":\"Jornal J\\u00c1 | Porto Alegre\",\"inLanguage\":\"pt-BR\",\"publisher\":{\"@id\":\"https:\\\/\\\/www.jornalja.com.br\\\/arquivo\\\/#organization\"}}]}\n\t\t<\/script>\n\t\t<!-- All in One SEO -->\n\n","aioseo_head_json":{"title":"Abra\u00e7o coletivo ao Cais Mau\u00e1 clama por projeto alternativo | Arquivo","description":"","canonical_url":"https:\/\/www.jornalja.com.br\/arquivo\/abraco-coletivo-ao-cais-maua-clama-por-projeto-alternativo\/","robots":"max-image-preview:large","keywords":"","webmasterTools":{"miscellaneous":""},"schema":{"@context":"https:\/\/schema.org","@graph":[{"@type":"BlogPosting","@id":"https:\/\/www.jornalja.com.br\/arquivo\/abraco-coletivo-ao-cais-maua-clama-por-projeto-alternativo\/#blogposting","name":"Abra\u00e7o coletivo ao Cais Mau\u00e1 clama por projeto alternativo | Arquivo","headline":"Abra\u00e7o coletivo ao Cais Mau\u00e1 clama por projeto alternativo","author":{"@id":"https:\/\/www.jornalja.com.br\/arquivo\/author\/daredacao\/#author"},"publisher":{"@id":"https:\/\/www.jornalja.com.br\/arquivo\/#organization"},"image":{"@type":"ImageObject","url":26024},"datePublished":"2016-04-22T16:50:34-03:00","dateModified":"2016-04-22T16:50:34-03:00","inLanguage":"pt-BR","mainEntityOfPage":{"@id":"https:\/\/www.jornalja.com.br\/arquivo\/abraco-coletivo-ao-cais-maua-clama-por-projeto-alternativo\/#webpage"},"isPartOf":{"@id":"https:\/\/www.jornalja.com.br\/arquivo\/abraco-coletivo-ao-cais-maua-clama-por-projeto-alternativo\/#webpage"},"articleSection":"HOTSITE CAIS, Mat\u00e9ria Cais pequena"},{"@type":"BreadcrumbList","@id":"https:\/\/www.jornalja.com.br\/arquivo\/abraco-coletivo-ao-cais-maua-clama-por-projeto-alternativo\/#breadcrumblist","itemListElement":[{"@type":"ListItem","@id":"https:\/\/www.jornalja.com.br\/arquivo#listItem","position":1,"name":"Home","item":"https:\/\/www.jornalja.com.br\/arquivo","nextItem":{"@type":"ListItem","@id":"https:\/\/www.jornalja.com.br\/arquivo\/category\/dossie-cais-maua\/#listItem","name":"Mat\u00e9ria Cais pequena"}},{"@type":"ListItem","@id":"https:\/\/www.jornalja.com.br\/arquivo\/category\/dossie-cais-maua\/#listItem","position":2,"name":"Mat\u00e9ria Cais pequena","item":"https:\/\/www.jornalja.com.br\/arquivo\/category\/dossie-cais-maua\/","nextItem":{"@type":"ListItem","@id":"https:\/\/www.jornalja.com.br\/arquivo\/abraco-coletivo-ao-cais-maua-clama-por-projeto-alternativo\/#listItem","name":"Abra\u00e7o coletivo ao Cais Mau\u00e1 clama por projeto alternativo"},"previousItem":{"@type":"ListItem","@id":"https:\/\/www.jornalja.com.br\/arquivo#listItem","name":"Home"}},{"@type":"ListItem","@id":"https:\/\/www.jornalja.com.br\/arquivo\/abraco-coletivo-ao-cais-maua-clama-por-projeto-alternativo\/#listItem","position":3,"name":"Abra\u00e7o coletivo ao Cais Mau\u00e1 clama por projeto alternativo","previousItem":{"@type":"ListItem","@id":"https:\/\/www.jornalja.com.br\/arquivo\/category\/dossie-cais-maua\/#listItem","name":"Mat\u00e9ria Cais pequena"}}]},{"@type":"Organization","@id":"https:\/\/www.jornalja.com.br\/arquivo\/#organization","name":"Jornal J\u00c1","description":"Jornal J\u00c1 | Porto Alegre","url":"https:\/\/www.jornalja.com.br\/arquivo\/","telephone":"+555133307272","logo":{"@type":"ImageObject","url":"https:\/\/www.jornalja.com.br\/wp-content\/uploads\/cards\/JAslogan.png","@id":"https:\/\/www.jornalja.com.br\/arquivo\/abraco-coletivo-ao-cais-maua-clama-por-projeto-alternativo\/#organizationLogo"},"image":{"@id":"https:\/\/www.jornalja.com.br\/arquivo\/abraco-coletivo-ao-cais-maua-clama-por-projeto-alternativo\/#organizationLogo"}},{"@type":"Person","@id":"https:\/\/www.jornalja.com.br\/arquivo\/author\/daredacao\/#author","url":"https:\/\/www.jornalja.com.br\/arquivo\/author\/daredacao\/","name":"da Reda\u00e7\u00e3o","image":{"@type":"ImageObject","@id":"https:\/\/www.jornalja.com.br\/arquivo\/abraco-coletivo-ao-cais-maua-clama-por-projeto-alternativo\/#authorImage","url":"https:\/\/secure.gravatar.com\/avatar\/469fd857d6605ad19919d27ed29d35a968a25f6e8fd9318356bbb7f57aae9c65?s=96&d=mm&r=g","width":96,"height":96,"caption":"da Reda\u00e7\u00e3o"}},{"@type":"WebPage","@id":"https:\/\/www.jornalja.com.br\/arquivo\/abraco-coletivo-ao-cais-maua-clama-por-projeto-alternativo\/#webpage","url":"https:\/\/www.jornalja.com.br\/arquivo\/abraco-coletivo-ao-cais-maua-clama-por-projeto-alternativo\/","name":"Abra\u00e7o coletivo ao Cais Mau\u00e1 clama por projeto alternativo | Arquivo","inLanguage":"pt-BR","isPartOf":{"@id":"https:\/\/www.jornalja.com.br\/arquivo\/#website"},"breadcrumb":{"@id":"https:\/\/www.jornalja.com.br\/arquivo\/abraco-coletivo-ao-cais-maua-clama-por-projeto-alternativo\/#breadcrumblist"},"author":{"@id":"https:\/\/www.jornalja.com.br\/arquivo\/author\/daredacao\/#author"},"creator":{"@id":"https:\/\/www.jornalja.com.br\/arquivo\/author\/daredacao\/#author"},"image":{"@type":"ImageObject","url":26024,"@id":"https:\/\/www.jornalja.com.br\/arquivo\/abraco-coletivo-ao-cais-maua-clama-por-projeto-alternativo\/#mainImage"},"primaryImageOfPage":{"@id":"https:\/\/www.jornalja.com.br\/arquivo\/abraco-coletivo-ao-cais-maua-clama-por-projeto-alternativo\/#mainImage"},"datePublished":"2016-04-22T16:50:34-03:00","dateModified":"2016-04-22T16:50:34-03:00"},{"@type":"WebSite","@id":"https:\/\/www.jornalja.com.br\/arquivo\/#website","url":"https:\/\/www.jornalja.com.br\/arquivo\/","name":"Arquivo","description":"Jornal J\u00c1 | Porto Alegre","inLanguage":"pt-BR","publisher":{"@id":"https:\/\/www.jornalja.com.br\/arquivo\/#organization"}}]},"og:locale":"pt_BR","og:site_name":"Arquivo | Jornal J\u00c1 | Porto Alegre","og:type":"article","og:title":"Abra\u00e7o coletivo ao Cais Mau\u00e1 clama por projeto alternativo | Arquivo","og:url":"https:\/\/www.jornalja.com.br\/arquivo\/abraco-coletivo-ao-cais-maua-clama-por-projeto-alternativo\/","og:image":"https:\/\/www.jornalja.com.br\/economics\/wp-content\/uploads\/sites\/11\/2026\/08\/ja-folhaderosto-facebook.jpg","og:image:secure_url":"https:\/\/www.jornalja.com.br\/economics\/wp-content\/uploads\/sites\/11\/2026\/08\/ja-folhaderosto-facebook.jpg","article:published_time":"2016-04-22T19:50:34+00:00","article:modified_time":"2016-04-22T19:50:34+00:00","twitter:card":"summary","twitter:title":"Abra\u00e7o coletivo ao Cais Mau\u00e1 clama por projeto alternativo | Arquivo","twitter:image":"https:\/\/www.jornalja.com.br\/economics\/wp-content\/uploads\/sites\/11\/2026\/08\/ja-folhaderosto-facebook.jpg"},"aioseo_meta_data":{"post_id":"32058","title":null,"description":null,"keywords":null,"keyphrases":null,"primary_term":null,"canonical_url":null,"og_title":null,"og_description":null,"og_object_type":"default","og_image_type":"default","og_image_url":null,"og_image_width":null,"og_image_height":null,"og_image_custom_url":null,"og_image_custom_fields":null,"og_video":null,"og_custom_url":null,"og_article_section":null,"og_article_tags":null,"twitter_use_og":false,"twitter_card":"default","twitter_image_type":"default","twitter_image_url":null,"twitter_image_custom_url":null,"twitter_image_custom_fields":null,"twitter_title":null,"twitter_description":null,"schema":{"blockGraphs":[],"customGraphs":[],"default":{"data":{"Article":[],"Course":[],"Dataset":[],"FAQPage":[],"Movie":[],"Person":[],"Product":[],"ProductReview":[],"Car":[],"Recipe":[],"Service":[],"SoftwareApplication":[],"WebPage":[]},"graphName":"","isEnabled":true},"graphs":[]},"schema_type":null,"schema_type_options":null,"pillar_content":false,"robots_default":true,"robots_noindex":false,"robots_noarchive":false,"robots_nosnippet":false,"robots_nofollow":false,"robots_noimageindex":false,"robots_noodp":false,"robots_notranslate":false,"robots_max_snippet":null,"robots_max_videopreview":null,"robots_max_imagepreview":"large","priority":null,"frequency":null,"location":null,"local_seo":null,"breadcrumb_settings":null,"limit_modified_date":false,"ai":null,"created":"2020-12-20 20:58:06","updated":"2025-07-19 13:19:57","seo_analyzer_scan_date":null,"focus_keyword":null,"additional_keywords":null,"truseo_locale":null},"jetpack_sharing_enabled":true,"jetpack-related-posts":[{"id":13101,"url":"https:\/\/www.jornalja.com.br\/arquivo\/morre-um-guerreiro-do-texto\/","url_meta":{"origin":32058,"position":0},"title":"Morre um guerreiro do texto","author":"Patr\u00edcia Marini","date":"14 de maio de 2014","format":false,"excerpt":"Por Ricardo Kotscho Reproduzido do blog do autor, 11\/5\/2014; t\u00edtulo original \u201cE l\u00e1 se foi o nosso Myltainho, guerreiro do texto\u201d. Mi\u00fado e franzino, meu amigo Myltainho era um valente e inconformado guerreiro na luta contra as injusti\u00e7as sociais, a hipocrisia, as maracutaias, o autoritarismo, a intoler\u00e2ncia, a viol\u00eancia, o\u2026","rel":"","context":"Em &quot;Geral&quot;","block_context":{"text":"Geral","link":"https:\/\/www.jornalja.com.br\/arquivo\/category\/geral\/"},"img":{"alt_text":"","src":"","width":0,"height":0},"classes":[]},{"id":13124,"url":"https:\/\/www.jornalja.com.br\/arquivo\/sangue-latino-no-iecine\/","url_meta":{"origin":32058,"position":1},"title":"Sangue latino no IECINE","author":"da Reda\u00e7\u00e3o","date":"18 de maio de 2014","format":false,"excerpt":"Francisco Ribeiro O Instituto Estadual de Cinema (IECINE) tem a frente, desde abril \u00faltimo, um novo diretor, o cineasta colombiano Juan Zapata, 36, que substitui Luiz Alberto Cassol. Radicado h\u00e1 dez anos em Porto Alegre, Zapata tem diante de si o desafio de conduzir at\u00e9 o final do ano um\u2026","rel":"","context":"Em &quot;Cultura-Geral&quot;","block_context":{"text":"Cultura-Geral","link":"https:\/\/www.jornalja.com.br\/arquivo\/category\/materiasecundaria\/"},"img":{"alt_text":"","src":"","width":0,"height":0},"classes":[]},{"id":13240,"url":"https:\/\/www.jornalja.com.br\/arquivo\/plano-diretor-estamos-construindo-o-caos\/","url_meta":{"origin":32058,"position":2},"title":"Plano diretor: &quot;Estamos construindo o caos&quot;","author":"Patr\u00edcia Marini","date":"26 de maio de 2014","format":false,"excerpt":"Desabafo que arquiteta Eliana Castilhos, delegada da Regi\u00e3o de Planejamento 1, postou nas redes sociais \u00e9 um testemunho do ambiente que se criou no Conselho do Plano Diretor de Porto Alegre, onde a aprova\u00e7\u00e3o de grandes empreendimentos \u00e9 empurrada guela abaixo dos conselheiros. Ao CMDUA Como delegada da Regi\u00e3o de\u2026","rel":"","context":"Em &quot;Geral&quot;","block_context":{"text":"Geral","link":"https:\/\/www.jornalja.com.br\/arquivo\/category\/geral\/"},"img":{"alt_text":"","src":"","width":0,"height":0},"classes":[]},{"id":14241,"url":"https:\/\/www.jornalja.com.br\/arquivo\/o-guaiba-nas-imagens-poeticas-de-achutti\/","url_meta":{"origin":32058,"position":3},"title":"O Gua\u00edba nas imagens po\u00e9ticas de Achutti","author":"da Reda\u00e7\u00e3o","date":"18 de junho de 2014","format":false,"excerpt":"Em \u201cO Gua\u00edba por Achutti\u201d \u2013 obra financiada via Minist\u00e9rio da Cultura, produ\u00e7\u00e3o executiva de Pedro Longhi, e Fl\u00e1vio Wild como designer \u2013, o fot\u00f3grafo revela a beleza e as mazelas de um espa\u00e7o aqu\u00e1tico de \u00e1guas sempre renovadas, cheio de hist\u00f3rias e lendas como as das cidades que foram\u2026","rel":"","context":"Em &quot;Cultura-Geral&quot;","block_context":{"text":"Cultura-Geral","link":"https:\/\/www.jornalja.com.br\/arquivo\/category\/materiasecundaria\/"},"img":{"alt_text":"","src":"","width":0,"height":0},"classes":[]},{"id":5440,"url":"https:\/\/www.jornalja.com.br\/arquivo\/casarao-da-venancio-destino-permanece-incerto\/","url_meta":{"origin":32058,"position":4},"title":"Estado ainda n\u00e3o sabe o que fazer com casar\u00e3o abandonado h\u00e1 20 anos","author":"Elmar Bones","date":"6 de julho de 2009","format":false,"excerpt":"O casar\u00e3o amarelo, numa esquina nobre de Porto Alegre (Ven\u00e2ncio Aires com Jo\u00e3o Pessoa), j\u00e1 abrigou uma escola. H\u00e1 duas d\u00e9cadas, pelo menos, est\u00e1 abandonado, porque seu propriet\u00e1rio, o governo do Estado do Rio Grande do Sul, n\u00e3o consegue achar um destino para ele. Planos n\u00e3o faltaram. O governador Ol\u00edvio\u2026","rel":"","context":"Em &quot;X.Categorias velhas&quot;","block_context":{"text":"X.Categorias velhas","link":"https:\/\/www.jornalja.com.br\/arquivo\/category\/x-categorias-velhas\/"},"img":{"alt_text":"geraldo1","src":"https:\/\/i0.wp.com\/www.jornalja.com.br\/wp-content\/uploads\/2009\/07\/geraldo1.jpg?resize=350%2C200&ssl=1","width":350,"height":200},"classes":[]}],"jetpack_shortlink":"https:\/\/wp.me\/pbQjBd-8l4","jetpack_featured_media_url":"","_links":{"self":[{"href":"https:\/\/www.jornalja.com.br\/arquivo\/wp-json\/wp\/v2\/posts\/32058","targetHints":{"allow":["GET"]}}],"collection":[{"href":"https:\/\/www.jornalja.com.br\/arquivo\/wp-json\/wp\/v2\/posts"}],"about":[{"href":"https:\/\/www.jornalja.com.br\/arquivo\/wp-json\/wp\/v2\/types\/post"}],"author":[{"embeddable":true,"href":"https:\/\/www.jornalja.com.br\/arquivo\/wp-json\/wp\/v2\/users\/4"}],"replies":[{"embeddable":true,"href":"https:\/\/www.jornalja.com.br\/arquivo\/wp-json\/wp\/v2\/comments?post=32058"}],"version-history":[{"count":0,"href":"https:\/\/www.jornalja.com.br\/arquivo\/wp-json\/wp\/v2\/posts\/32058\/revisions"}],"wp:attachment":[{"href":"https:\/\/www.jornalja.com.br\/arquivo\/wp-json\/wp\/v2\/media?parent=32058"}],"wp:term":[{"taxonomy":"category","embeddable":true,"href":"https:\/\/www.jornalja.com.br\/arquivo\/wp-json\/wp\/v2\/categories?post=32058"},{"taxonomy":"post_tag","embeddable":true,"href":"https:\/\/www.jornalja.com.br\/arquivo\/wp-json\/wp\/v2\/tags?post=32058"}],"curies":[{"name":"wp","href":"https:\/\/api.w.org\/{rel}","templated":true}]}}