{"id":32081,"date":"2016-04-23T13:02:21","date_gmt":"2016-04-23T16:02:21","guid":{"rendered":"https:\/\/www.jornalja.com.br\/?p=32081"},"modified":"2016-04-23T13:02:21","modified_gmt":"2016-04-23T16:02:21","slug":"chuva-adia-abraco-ao-cais-maua-para-o-dia-7-de-maio","status":"publish","type":"post","link":"https:\/\/www.jornalja.com.br\/arquivo\/chuva-adia-abraco-ao-cais-maua-para-o-dia-7-de-maio\/","title":{"rendered":"Chuva adia abra\u00e7o ao Cais Mau\u00e1 para o dia 7 de maio"},"content":{"rendered":"<p>O final de semana chuvoso obrigou os realizadores do abra\u00e7o ao Cais Mau\u00e1 a transferirem a atividade, que ocorreria neste s\u00e1bado, para o dia 7 de maio.<br \/>\nO evento vem sendo preparado h\u00e1 tempo, por\u00e9m a agenda pol\u00edtica antes (a atividade havia sido programada para o dia 17 de abril, data em que foi votado o impeachment de Dilma na C\u00e2mara Federal) e agora a previs\u00e3o do tempo, tem dificultado o encontro.<br \/>\nO coletivo Cais Mau\u00e1 de Todos quer repetir uma a\u00e7\u00e3o de ambientalistas que, na d\u00e9cada de 80 fizeram abra\u00e7aram o Gua\u00edba para chamar aten\u00e7\u00e3o de autoridades \u00e0 necessidade de preserva\u00e7\u00e3o do rio.<br \/>\nLeia o especial do J\u00c1:<br \/>\n<a href=\"https:\/\/www.jornalja.com.br\/dossie-cais-maua-revitalizacao-desafia-governos-ha-tres-decadas\/\" target=\"_blank\" rel=\"noopener noreferrer\">DOSSI\u00ca CAIS MAU\u00c1 \u2013 Revitaliza\u00e7\u00e3o desafia governos h\u00e1 tr\u00eas d\u00e9cadas<\/a><br \/>\n<a href=\"https:\/\/www.jornalja.com.br\/dossie-cais-maua-licitacao-teve-um-unico-concorrente\/\" target=\"_blank\" rel=\"noopener noreferrer\">DOSSI\u00ca CAIS MAU\u00c1 &#8211; Licita\u00e7\u00e3o teve um \u00fanico concorrente<\/a><br \/>\n<a href=\"https:\/\/www.jornalja.com.br\/dossie-cais-maua-iii-mudancas-acionarias-movimentam-milhoes\/\" target=\"_blank\" rel=\"noopener noreferrer\">DOSSI\u00ca CAIS MAU\u00c1 &#8211; Mudan\u00e7as acion\u00e1rias movimentam milh\u00f5es<\/a><br \/>\nNeste caso, a preocupa\u00e7\u00e3o n\u00e3o \u00e9 tanto com o meio ambiente, mas com a prote\u00e7\u00e3o da identidade e do patrim\u00f4nio hist\u00f3rico de Porto Alegre. O grupo \u00e9 cr\u00edtico \u00e0 revitaliza\u00e7\u00e3o do Cais Mau\u00e1 proposta pelo cons\u00f3rcio vencedor da licita\u00e7\u00e3o que tem como principais pontos pol\u00eamicos a constru\u00e7\u00e3o de tr\u00eas torres de escrit\u00f3rios comerciais com at\u00e9 100 metros de altura (quase o dobro do que permite o Plano Diretor de Porto Alegre), um shopping center ao lado da Usina do Gas\u00f4metro e estacionamentos com vagas para ceca de 5 mil autom\u00f3veis.<br \/>\nAl\u00e9m de atividades culturais como o abra\u00e7o ao Cais, o grupo encabe\u00e7a diversas a\u00e7\u00f5es judiciais que pedem a rescis\u00e3o do contrato entre poder p\u00fablico e iniciativa privada &#8211; a maior parte usa como argumentos um relat\u00f3rio do Tribunal de Contas do Estado que aponta irregularidades no neg\u00f3cio &#8211; e organiza ainda frentes pol\u00edticas para tentar reverter a situa\u00e7\u00e3o.<\/p>\n","protected":false},"excerpt":{"rendered":"<p>O final de semana chuvoso obrigou os realizadores do abra\u00e7o ao Cais Mau\u00e1 a transferirem a atividade, que ocorreria neste s\u00e1bado, para o dia 7 de maio. O evento vem sendo preparado h\u00e1 tempo, por\u00e9m a agenda pol\u00edtica antes (a atividade havia sido programada para o dia 17 de abril, data em que foi votado [&hellip;]<\/p>\n","protected":false},"author":4,"featured_media":30507,"comment_status":"open","ping_status":"closed","sticky":false,"template":"","format":"standard","meta":{"_jetpack_newsletter_access":"","_jetpack_dont_email_post_to_subs":false,"_jetpack_newsletter_tier_id":0,"_jetpack_memberships_contains_paywalled_content":false,"_jetpack_feature_clip_id":0,"_jetpack_memberships_contains_paid_content":false,"footnotes":"","jetpack_post_was_ever_published":false},"categories":[2007],"tags":[],"class_list":["post-32081","post","type-post","status-publish","format-standard","has-post-thumbnail","hentry","category-hotsite-cais"],"aioseo_notices":[],"aioseo_head":"\n\t\t<!-- All in One SEO 5.0.1.1 - aioseo.com -->\n\t<meta name=\"robots\" content=\"max-image-preview:large\" \/>\n\t<meta name=\"author\" content=\"da Reda\u00e7\u00e3o\"\/>\n\t<link rel=\"canonical\" href=\"https:\/\/www.jornalja.com.br\/arquivo\/chuva-adia-abraco-ao-cais-maua-para-o-dia-7-de-maio\/\" \/>\n\t<meta name=\"generator\" content=\"All in One SEO (AIOSEO) 5.0.1.1\" \/>\n\t\t<meta property=\"og:locale\" content=\"pt_BR\" \/>\n\t\t<meta property=\"og:site_name\" content=\"Arquivo | Jornal J\u00c1 | Porto Alegre\" \/>\n\t\t<meta property=\"og:type\" content=\"article\" \/>\n\t\t<meta property=\"og:title\" content=\"Chuva adia abra\u00e7o ao Cais Mau\u00e1 para o dia 7 de maio | Arquivo\" \/>\n\t\t<meta property=\"og:url\" content=\"https:\/\/www.jornalja.com.br\/arquivo\/chuva-adia-abraco-ao-cais-maua-para-o-dia-7-de-maio\/\" \/>\n\t\t<meta property=\"og:image\" content=\"https:\/\/www.jornalja.com.br\/economics\/wp-content\/uploads\/sites\/11\/2026\/08\/ja-folhaderosto-facebook.jpg\" \/>\n\t\t<meta property=\"og:image:secure_url\" content=\"https:\/\/www.jornalja.com.br\/economics\/wp-content\/uploads\/sites\/11\/2026\/08\/ja-folhaderosto-facebook.jpg\" \/>\n\t\t<meta property=\"article:published_time\" content=\"2016-04-23T16:02:21+00:00\" \/>\n\t\t<meta property=\"article:modified_time\" content=\"2016-04-23T16:02:21+00:00\" \/>\n\t\t<meta name=\"twitter:card\" content=\"summary\" \/>\n\t\t<meta name=\"twitter:title\" content=\"Chuva adia abra\u00e7o ao Cais Mau\u00e1 para o dia 7 de maio | Arquivo\" \/>\n\t\t<meta name=\"twitter:image\" content=\"https:\/\/www.jornalja.com.br\/economics\/wp-content\/uploads\/sites\/11\/2026\/08\/ja-folhaderosto-facebook.jpg\" \/>\n\t\t<script type=\"application\/ld+json\" class=\"aioseo-schema\">\n\t\t\t{\"@context\":\"https:\\\/\\\/schema.org\",\"@graph\":[{\"@type\":\"BlogPosting\",\"@id\":\"https:\\\/\\\/www.jornalja.com.br\\\/arquivo\\\/chuva-adia-abraco-ao-cais-maua-para-o-dia-7-de-maio\\\/#blogposting\",\"name\":\"Chuva adia abra\\u00e7o ao Cais Mau\\u00e1 para o dia 7 de maio | Arquivo\",\"headline\":\"Chuva adia abra\\u00e7o ao Cais Mau\\u00e1 para o dia 7 de maio\",\"author\":{\"@id\":\"https:\\\/\\\/www.jornalja.com.br\\\/arquivo\\\/author\\\/daredacao\\\/#author\"},\"publisher\":{\"@id\":\"https:\\\/\\\/www.jornalja.com.br\\\/arquivo\\\/#organization\"},\"image\":{\"@type\":\"ImageObject\",\"url\":30507},\"datePublished\":\"2016-04-23T13:02:21-03:00\",\"dateModified\":\"2016-04-23T13:02:21-03:00\",\"inLanguage\":\"pt-BR\",\"mainEntityOfPage\":{\"@id\":\"https:\\\/\\\/www.jornalja.com.br\\\/arquivo\\\/chuva-adia-abraco-ao-cais-maua-para-o-dia-7-de-maio\\\/#webpage\"},\"isPartOf\":{\"@id\":\"https:\\\/\\\/www.jornalja.com.br\\\/arquivo\\\/chuva-adia-abraco-ao-cais-maua-para-o-dia-7-de-maio\\\/#webpage\"},\"articleSection\":\"HOTSITE CAIS\"},{\"@type\":\"BreadcrumbList\",\"@id\":\"https:\\\/\\\/www.jornalja.com.br\\\/arquivo\\\/chuva-adia-abraco-ao-cais-maua-para-o-dia-7-de-maio\\\/#breadcrumblist\",\"itemListElement\":[{\"@type\":\"ListItem\",\"@id\":\"https:\\\/\\\/www.jornalja.com.br\\\/arquivo#listItem\",\"position\":1,\"name\":\"Home\",\"item\":\"https:\\\/\\\/www.jornalja.com.br\\\/arquivo\",\"nextItem\":{\"@type\":\"ListItem\",\"@id\":\"https:\\\/\\\/www.jornalja.com.br\\\/arquivo\\\/category\\\/hotsite-cais\\\/#listItem\",\"name\":\"HOTSITE CAIS\"}},{\"@type\":\"ListItem\",\"@id\":\"https:\\\/\\\/www.jornalja.com.br\\\/arquivo\\\/category\\\/hotsite-cais\\\/#listItem\",\"position\":2,\"name\":\"HOTSITE CAIS\",\"item\":\"https:\\\/\\\/www.jornalja.com.br\\\/arquivo\\\/category\\\/hotsite-cais\\\/\",\"nextItem\":{\"@type\":\"ListItem\",\"@id\":\"https:\\\/\\\/www.jornalja.com.br\\\/arquivo\\\/chuva-adia-abraco-ao-cais-maua-para-o-dia-7-de-maio\\\/#listItem\",\"name\":\"Chuva adia abra\\u00e7o ao Cais Mau\\u00e1 para o dia 7 de maio\"},\"previousItem\":{\"@type\":\"ListItem\",\"@id\":\"https:\\\/\\\/www.jornalja.com.br\\\/arquivo#listItem\",\"name\":\"Home\"}},{\"@type\":\"ListItem\",\"@id\":\"https:\\\/\\\/www.jornalja.com.br\\\/arquivo\\\/chuva-adia-abraco-ao-cais-maua-para-o-dia-7-de-maio\\\/#listItem\",\"position\":3,\"name\":\"Chuva adia abra\\u00e7o ao Cais Mau\\u00e1 para o dia 7 de maio\",\"previousItem\":{\"@type\":\"ListItem\",\"@id\":\"https:\\\/\\\/www.jornalja.com.br\\\/arquivo\\\/category\\\/hotsite-cais\\\/#listItem\",\"name\":\"HOTSITE CAIS\"}}]},{\"@type\":\"Organization\",\"@id\":\"https:\\\/\\\/www.jornalja.com.br\\\/arquivo\\\/#organization\",\"name\":\"Jornal J\\u00c1\",\"description\":\"Jornal J\\u00c1 | Porto Alegre\",\"url\":\"https:\\\/\\\/www.jornalja.com.br\\\/arquivo\\\/\",\"telephone\":\"+555133307272\",\"logo\":{\"@type\":\"ImageObject\",\"url\":\"https:\\\/\\\/www.jornalja.com.br\\\/wp-content\\\/uploads\\\/cards\\\/JAslogan.png\",\"@id\":\"https:\\\/\\\/www.jornalja.com.br\\\/arquivo\\\/chuva-adia-abraco-ao-cais-maua-para-o-dia-7-de-maio\\\/#organizationLogo\"},\"image\":{\"@id\":\"https:\\\/\\\/www.jornalja.com.br\\\/arquivo\\\/chuva-adia-abraco-ao-cais-maua-para-o-dia-7-de-maio\\\/#organizationLogo\"}},{\"@type\":\"Person\",\"@id\":\"https:\\\/\\\/www.jornalja.com.br\\\/arquivo\\\/author\\\/daredacao\\\/#author\",\"url\":\"https:\\\/\\\/www.jornalja.com.br\\\/arquivo\\\/author\\\/daredacao\\\/\",\"name\":\"da Reda\\u00e7\\u00e3o\",\"image\":{\"@type\":\"ImageObject\",\"@id\":\"https:\\\/\\\/www.jornalja.com.br\\\/arquivo\\\/chuva-adia-abraco-ao-cais-maua-para-o-dia-7-de-maio\\\/#authorImage\",\"url\":\"https:\\\/\\\/secure.gravatar.com\\\/avatar\\\/469fd857d6605ad19919d27ed29d35a968a25f6e8fd9318356bbb7f57aae9c65?s=96&d=mm&r=g\",\"width\":96,\"height\":96,\"caption\":\"da Reda\\u00e7\\u00e3o\"}},{\"@type\":\"WebPage\",\"@id\":\"https:\\\/\\\/www.jornalja.com.br\\\/arquivo\\\/chuva-adia-abraco-ao-cais-maua-para-o-dia-7-de-maio\\\/#webpage\",\"url\":\"https:\\\/\\\/www.jornalja.com.br\\\/arquivo\\\/chuva-adia-abraco-ao-cais-maua-para-o-dia-7-de-maio\\\/\",\"name\":\"Chuva adia abra\\u00e7o ao Cais Mau\\u00e1 para o dia 7 de maio | Arquivo\",\"inLanguage\":\"pt-BR\",\"isPartOf\":{\"@id\":\"https:\\\/\\\/www.jornalja.com.br\\\/arquivo\\\/#website\"},\"breadcrumb\":{\"@id\":\"https:\\\/\\\/www.jornalja.com.br\\\/arquivo\\\/chuva-adia-abraco-ao-cais-maua-para-o-dia-7-de-maio\\\/#breadcrumblist\"},\"author\":{\"@id\":\"https:\\\/\\\/www.jornalja.com.br\\\/arquivo\\\/author\\\/daredacao\\\/#author\"},\"creator\":{\"@id\":\"https:\\\/\\\/www.jornalja.com.br\\\/arquivo\\\/author\\\/daredacao\\\/#author\"},\"image\":{\"@type\":\"ImageObject\",\"url\":30507,\"@id\":\"https:\\\/\\\/www.jornalja.com.br\\\/arquivo\\\/chuva-adia-abraco-ao-cais-maua-para-o-dia-7-de-maio\\\/#mainImage\"},\"primaryImageOfPage\":{\"@id\":\"https:\\\/\\\/www.jornalja.com.br\\\/arquivo\\\/chuva-adia-abraco-ao-cais-maua-para-o-dia-7-de-maio\\\/#mainImage\"},\"datePublished\":\"2016-04-23T13:02:21-03:00\",\"dateModified\":\"2016-04-23T13:02:21-03:00\"},{\"@type\":\"WebSite\",\"@id\":\"https:\\\/\\\/www.jornalja.com.br\\\/arquivo\\\/#website\",\"url\":\"https:\\\/\\\/www.jornalja.com.br\\\/arquivo\\\/\",\"name\":\"Arquivo\",\"description\":\"Jornal J\\u00c1 | Porto Alegre\",\"inLanguage\":\"pt-BR\",\"publisher\":{\"@id\":\"https:\\\/\\\/www.jornalja.com.br\\\/arquivo\\\/#organization\"}}]}\n\t\t<\/script>\n\t\t<!-- All in One SEO -->\n\n","aioseo_head_json":{"title":"Chuva adia abra\u00e7o ao Cais Mau\u00e1 para o dia 7 de maio | Arquivo","description":"","canonical_url":"https:\/\/www.jornalja.com.br\/arquivo\/chuva-adia-abraco-ao-cais-maua-para-o-dia-7-de-maio\/","robots":"max-image-preview:large","keywords":"","webmasterTools":{"miscellaneous":""},"schema":{"@context":"https:\/\/schema.org","@graph":[{"@type":"BlogPosting","@id":"https:\/\/www.jornalja.com.br\/arquivo\/chuva-adia-abraco-ao-cais-maua-para-o-dia-7-de-maio\/#blogposting","name":"Chuva adia abra\u00e7o ao Cais Mau\u00e1 para o dia 7 de maio | Arquivo","headline":"Chuva adia abra\u00e7o ao Cais Mau\u00e1 para o dia 7 de maio","author":{"@id":"https:\/\/www.jornalja.com.br\/arquivo\/author\/daredacao\/#author"},"publisher":{"@id":"https:\/\/www.jornalja.com.br\/arquivo\/#organization"},"image":{"@type":"ImageObject","url":30507},"datePublished":"2016-04-23T13:02:21-03:00","dateModified":"2016-04-23T13:02:21-03:00","inLanguage":"pt-BR","mainEntityOfPage":{"@id":"https:\/\/www.jornalja.com.br\/arquivo\/chuva-adia-abraco-ao-cais-maua-para-o-dia-7-de-maio\/#webpage"},"isPartOf":{"@id":"https:\/\/www.jornalja.com.br\/arquivo\/chuva-adia-abraco-ao-cais-maua-para-o-dia-7-de-maio\/#webpage"},"articleSection":"HOTSITE CAIS"},{"@type":"BreadcrumbList","@id":"https:\/\/www.jornalja.com.br\/arquivo\/chuva-adia-abraco-ao-cais-maua-para-o-dia-7-de-maio\/#breadcrumblist","itemListElement":[{"@type":"ListItem","@id":"https:\/\/www.jornalja.com.br\/arquivo#listItem","position":1,"name":"Home","item":"https:\/\/www.jornalja.com.br\/arquivo","nextItem":{"@type":"ListItem","@id":"https:\/\/www.jornalja.com.br\/arquivo\/category\/hotsite-cais\/#listItem","name":"HOTSITE CAIS"}},{"@type":"ListItem","@id":"https:\/\/www.jornalja.com.br\/arquivo\/category\/hotsite-cais\/#listItem","position":2,"name":"HOTSITE CAIS","item":"https:\/\/www.jornalja.com.br\/arquivo\/category\/hotsite-cais\/","nextItem":{"@type":"ListItem","@id":"https:\/\/www.jornalja.com.br\/arquivo\/chuva-adia-abraco-ao-cais-maua-para-o-dia-7-de-maio\/#listItem","name":"Chuva adia abra\u00e7o ao Cais Mau\u00e1 para o dia 7 de maio"},"previousItem":{"@type":"ListItem","@id":"https:\/\/www.jornalja.com.br\/arquivo#listItem","name":"Home"}},{"@type":"ListItem","@id":"https:\/\/www.jornalja.com.br\/arquivo\/chuva-adia-abraco-ao-cais-maua-para-o-dia-7-de-maio\/#listItem","position":3,"name":"Chuva adia abra\u00e7o ao Cais Mau\u00e1 para o dia 7 de maio","previousItem":{"@type":"ListItem","@id":"https:\/\/www.jornalja.com.br\/arquivo\/category\/hotsite-cais\/#listItem","name":"HOTSITE CAIS"}}]},{"@type":"Organization","@id":"https:\/\/www.jornalja.com.br\/arquivo\/#organization","name":"Jornal J\u00c1","description":"Jornal J\u00c1 | Porto Alegre","url":"https:\/\/www.jornalja.com.br\/arquivo\/","telephone":"+555133307272","logo":{"@type":"ImageObject","url":"https:\/\/www.jornalja.com.br\/wp-content\/uploads\/cards\/JAslogan.png","@id":"https:\/\/www.jornalja.com.br\/arquivo\/chuva-adia-abraco-ao-cais-maua-para-o-dia-7-de-maio\/#organizationLogo"},"image":{"@id":"https:\/\/www.jornalja.com.br\/arquivo\/chuva-adia-abraco-ao-cais-maua-para-o-dia-7-de-maio\/#organizationLogo"}},{"@type":"Person","@id":"https:\/\/www.jornalja.com.br\/arquivo\/author\/daredacao\/#author","url":"https:\/\/www.jornalja.com.br\/arquivo\/author\/daredacao\/","name":"da Reda\u00e7\u00e3o","image":{"@type":"ImageObject","@id":"https:\/\/www.jornalja.com.br\/arquivo\/chuva-adia-abraco-ao-cais-maua-para-o-dia-7-de-maio\/#authorImage","url":"https:\/\/secure.gravatar.com\/avatar\/469fd857d6605ad19919d27ed29d35a968a25f6e8fd9318356bbb7f57aae9c65?s=96&d=mm&r=g","width":96,"height":96,"caption":"da Reda\u00e7\u00e3o"}},{"@type":"WebPage","@id":"https:\/\/www.jornalja.com.br\/arquivo\/chuva-adia-abraco-ao-cais-maua-para-o-dia-7-de-maio\/#webpage","url":"https:\/\/www.jornalja.com.br\/arquivo\/chuva-adia-abraco-ao-cais-maua-para-o-dia-7-de-maio\/","name":"Chuva adia abra\u00e7o ao Cais Mau\u00e1 para o dia 7 de maio | Arquivo","inLanguage":"pt-BR","isPartOf":{"@id":"https:\/\/www.jornalja.com.br\/arquivo\/#website"},"breadcrumb":{"@id":"https:\/\/www.jornalja.com.br\/arquivo\/chuva-adia-abraco-ao-cais-maua-para-o-dia-7-de-maio\/#breadcrumblist"},"author":{"@id":"https:\/\/www.jornalja.com.br\/arquivo\/author\/daredacao\/#author"},"creator":{"@id":"https:\/\/www.jornalja.com.br\/arquivo\/author\/daredacao\/#author"},"image":{"@type":"ImageObject","url":30507,"@id":"https:\/\/www.jornalja.com.br\/arquivo\/chuva-adia-abraco-ao-cais-maua-para-o-dia-7-de-maio\/#mainImage"},"primaryImageOfPage":{"@id":"https:\/\/www.jornalja.com.br\/arquivo\/chuva-adia-abraco-ao-cais-maua-para-o-dia-7-de-maio\/#mainImage"},"datePublished":"2016-04-23T13:02:21-03:00","dateModified":"2016-04-23T13:02:21-03:00"},{"@type":"WebSite","@id":"https:\/\/www.jornalja.com.br\/arquivo\/#website","url":"https:\/\/www.jornalja.com.br\/arquivo\/","name":"Arquivo","description":"Jornal J\u00c1 | Porto Alegre","inLanguage":"pt-BR","publisher":{"@id":"https:\/\/www.jornalja.com.br\/arquivo\/#organization"}}]},"og:locale":"pt_BR","og:site_name":"Arquivo | Jornal J\u00c1 | Porto Alegre","og:type":"article","og:title":"Chuva adia abra\u00e7o ao Cais Mau\u00e1 para o dia 7 de maio | Arquivo","og:url":"https:\/\/www.jornalja.com.br\/arquivo\/chuva-adia-abraco-ao-cais-maua-para-o-dia-7-de-maio\/","og:image":"https:\/\/www.jornalja.com.br\/economics\/wp-content\/uploads\/sites\/11\/2026\/08\/ja-folhaderosto-facebook.jpg","og:image:secure_url":"https:\/\/www.jornalja.com.br\/economics\/wp-content\/uploads\/sites\/11\/2026\/08\/ja-folhaderosto-facebook.jpg","article:published_time":"2016-04-23T16:02:21+00:00","article:modified_time":"2016-04-23T16:02:21+00:00","twitter:card":"summary","twitter:title":"Chuva adia abra\u00e7o ao Cais Mau\u00e1 para o dia 7 de maio | Arquivo","twitter:image":"https:\/\/www.jornalja.com.br\/economics\/wp-content\/uploads\/sites\/11\/2026\/08\/ja-folhaderosto-facebook.jpg"},"aioseo_meta_data":{"post_id":"32081","title":null,"description":null,"keywords":null,"keyphrases":null,"primary_term":null,"canonical_url":null,"og_title":null,"og_description":null,"og_object_type":"default","og_image_type":"default","og_image_url":null,"og_image_width":null,"og_image_height":null,"og_image_custom_url":null,"og_image_custom_fields":null,"og_video":null,"og_custom_url":null,"og_article_section":null,"og_article_tags":null,"twitter_use_og":false,"twitter_card":"default","twitter_image_type":"default","twitter_image_url":null,"twitter_image_custom_url":null,"twitter_image_custom_fields":null,"twitter_title":null,"twitter_description":null,"schema":{"blockGraphs":[],"customGraphs":[],"default":{"data":{"Article":[],"Course":[],"Dataset":[],"FAQPage":[],"Movie":[],"Person":[],"Product":[],"ProductReview":[],"Car":[],"Recipe":[],"Service":[],"SoftwareApplication":[],"WebPage":[]},"graphName":"","isEnabled":true},"graphs":[],"defaultGraph":"","defaultPostTypeGraph":""},"schema_type":null,"schema_type_options":null,"pillar_content":false,"robots_default":true,"robots_noindex":false,"robots_noarchive":false,"robots_nosnippet":false,"robots_nofollow":false,"robots_noimageindex":false,"robots_noodp":false,"robots_notranslate":false,"robots_max_snippet":null,"robots_max_videopreview":null,"robots_max_imagepreview":"large","priority":null,"frequency":null,"location":null,"local_seo":null,"breadcrumb_settings":null,"limit_modified_date":false,"ai":null,"created":"2020-12-20 20:58:06","updated":"2025-07-19 13:19:57","seo_analyzer_scan_date":null,"focus_keyword":null,"additional_keywords":null,"truseo_locale":null},"jetpack_sharing_enabled":true,"jetpack-related-posts":[{"id":13101,"url":"https:\/\/www.jornalja.com.br\/arquivo\/morre-um-guerreiro-do-texto\/","url_meta":{"origin":32081,"position":0},"title":"Morre um guerreiro do texto","author":"Patr\u00edcia Marini","date":"14 de maio de 2014","format":false,"excerpt":"Por Ricardo Kotscho Reproduzido do blog do autor, 11\/5\/2014; t\u00edtulo original \u201cE l\u00e1 se foi o nosso Myltainho, guerreiro do texto\u201d. Mi\u00fado e franzino, meu amigo Myltainho era um valente e inconformado guerreiro na luta contra as injusti\u00e7as sociais, a hipocrisia, as maracutaias, o autoritarismo, a intoler\u00e2ncia, a viol\u00eancia, o\u2026","rel":"","context":"Em &quot;Geral&quot;","block_context":{"text":"Geral","link":"https:\/\/www.jornalja.com.br\/arquivo\/category\/geral\/"},"img":{"alt_text":"","src":"","width":0,"height":0},"classes":[]},{"id":5440,"url":"https:\/\/www.jornalja.com.br\/arquivo\/casarao-da-venancio-destino-permanece-incerto\/","url_meta":{"origin":32081,"position":1},"title":"Estado ainda n\u00e3o sabe o que fazer com casar\u00e3o abandonado h\u00e1 20 anos","author":"Elmar Bones","date":"6 de julho de 2009","format":false,"excerpt":"O casar\u00e3o amarelo, numa esquina nobre de Porto Alegre (Ven\u00e2ncio Aires com Jo\u00e3o Pessoa), j\u00e1 abrigou uma escola. H\u00e1 duas d\u00e9cadas, pelo menos, est\u00e1 abandonado, porque seu propriet\u00e1rio, o governo do Estado do Rio Grande do Sul, n\u00e3o consegue achar um destino para ele. Planos n\u00e3o faltaram. O governador Ol\u00edvio\u2026","rel":"","context":"Em &quot;X.Categorias velhas&quot;","block_context":{"text":"X.Categorias velhas","link":"https:\/\/www.jornalja.com.br\/arquivo\/category\/x-categorias-velhas\/"},"img":{"alt_text":"geraldo1","src":"https:\/\/i0.wp.com\/www.jornalja.com.br\/wp-content\/uploads\/2009\/07\/geraldo1.jpg?resize=350%2C200&ssl=1","width":350,"height":200},"classes":[]},{"id":14241,"url":"https:\/\/www.jornalja.com.br\/arquivo\/o-guaiba-nas-imagens-poeticas-de-achutti\/","url_meta":{"origin":32081,"position":2},"title":"O Gua\u00edba nas imagens po\u00e9ticas de Achutti","author":"da Reda\u00e7\u00e3o","date":"18 de junho de 2014","format":false,"excerpt":"Em \u201cO Gua\u00edba por Achutti\u201d \u2013 obra financiada via Minist\u00e9rio da Cultura, produ\u00e7\u00e3o executiva de Pedro Longhi, e Fl\u00e1vio Wild como designer \u2013, o fot\u00f3grafo revela a beleza e as mazelas de um espa\u00e7o aqu\u00e1tico de \u00e1guas sempre renovadas, cheio de hist\u00f3rias e lendas como as das cidades que foram\u2026","rel":"","context":"Em &quot;Cultura-Geral&quot;","block_context":{"text":"Cultura-Geral","link":"https:\/\/www.jornalja.com.br\/arquivo\/category\/materiasecundaria\/"},"img":{"alt_text":"","src":"","width":0,"height":0},"classes":[]},{"id":13240,"url":"https:\/\/www.jornalja.com.br\/arquivo\/plano-diretor-estamos-construindo-o-caos\/","url_meta":{"origin":32081,"position":3},"title":"Plano diretor: &quot;Estamos construindo o caos&quot;","author":"Patr\u00edcia Marini","date":"26 de maio de 2014","format":false,"excerpt":"Desabafo que arquiteta Eliana Castilhos, delegada da Regi\u00e3o de Planejamento 1, postou nas redes sociais \u00e9 um testemunho do ambiente que se criou no Conselho do Plano Diretor de Porto Alegre, onde a aprova\u00e7\u00e3o de grandes empreendimentos \u00e9 empurrada guela abaixo dos conselheiros. Ao CMDUA Como delegada da Regi\u00e3o de\u2026","rel":"","context":"Em &quot;Geral&quot;","block_context":{"text":"Geral","link":"https:\/\/www.jornalja.com.br\/arquivo\/category\/geral\/"},"img":{"alt_text":"","src":"","width":0,"height":0},"classes":[]},{"id":13124,"url":"https:\/\/www.jornalja.com.br\/arquivo\/sangue-latino-no-iecine\/","url_meta":{"origin":32081,"position":4},"title":"Sangue latino no IECINE","author":"da Reda\u00e7\u00e3o","date":"18 de maio de 2014","format":false,"excerpt":"Francisco Ribeiro O Instituto Estadual de Cinema (IECINE) tem a frente, desde abril \u00faltimo, um novo diretor, o cineasta colombiano Juan Zapata, 36, que substitui Luiz Alberto Cassol. Radicado h\u00e1 dez anos em Porto Alegre, Zapata tem diante de si o desafio de conduzir at\u00e9 o final do ano um\u2026","rel":"","context":"Em &quot;Cultura-Geral&quot;","block_context":{"text":"Cultura-Geral","link":"https:\/\/www.jornalja.com.br\/arquivo\/category\/materiasecundaria\/"},"img":{"alt_text":"","src":"","width":0,"height":0},"classes":[]},{"id":12960,"url":"https:\/\/www.jornalja.com.br\/arquivo\/populacao-culpa-empresas-pela-greve-dos-rodoviarios\/","url_meta":{"origin":32081,"position":5},"title":"Popula\u00e7\u00e3o culpa empresas pela greve","author":"Patr\u00edcia Marini","date":"14 de fevereiro de 2014","format":false,"excerpt":"Pesquisa divulgada na edi\u00e7\u00e3o do jornal Metro desta sexta-feira,14, comprova o velho ditado: \u00e9 poss\u00edvel enganar muitos por algum tempo, mas n\u00e3o \u00e9 poss\u00edvel enganar a todos o tempo inteiro. A principal revela\u00e7\u00e3o foi que 59,8% dos entrevistados apontaram as empresas como as principais respons\u00e1veis pela grave e 46% culparam\u2026","rel":"","context":"Em &quot;X.Categorias velhas&quot;","block_context":{"text":"X.Categorias velhas","link":"https:\/\/www.jornalja.com.br\/arquivo\/category\/x-categorias-velhas\/"},"img":{"alt_text":"","src":"","width":0,"height":0},"classes":[]}],"jetpack_shortlink":"https:\/\/wp.me\/pbQjBd-8lr","jetpack_featured_media_url":"","_links":{"self":[{"href":"https:\/\/www.jornalja.com.br\/arquivo\/wp-json\/wp\/v2\/posts\/32081","targetHints":{"allow":["GET"]}}],"collection":[{"href":"https:\/\/www.jornalja.com.br\/arquivo\/wp-json\/wp\/v2\/posts"}],"about":[{"href":"https:\/\/www.jornalja.com.br\/arquivo\/wp-json\/wp\/v2\/types\/post"}],"author":[{"embeddable":true,"href":"https:\/\/www.jornalja.com.br\/arquivo\/wp-json\/wp\/v2\/users\/4"}],"replies":[{"embeddable":true,"href":"https:\/\/www.jornalja.com.br\/arquivo\/wp-json\/wp\/v2\/comments?post=32081"}],"version-history":[{"count":0,"href":"https:\/\/www.jornalja.com.br\/arquivo\/wp-json\/wp\/v2\/posts\/32081\/revisions"}],"wp:attachment":[{"href":"https:\/\/www.jornalja.com.br\/arquivo\/wp-json\/wp\/v2\/media?parent=32081"}],"wp:term":[{"taxonomy":"category","embeddable":true,"href":"https:\/\/www.jornalja.com.br\/arquivo\/wp-json\/wp\/v2\/categories?post=32081"},{"taxonomy":"post_tag","embeddable":true,"href":"https:\/\/www.jornalja.com.br\/arquivo\/wp-json\/wp\/v2\/tags?post=32081"}],"curies":[{"name":"wp","href":"https:\/\/api.w.org\/{rel}","templated":true}]}}