{"id":32353,"date":"2016-05-02T09:15:30","date_gmt":"2016-05-02T12:15:30","guid":{"rendered":"https:\/\/www.jornalja.com.br\/?p=32353"},"modified":"2016-05-02T09:15:30","modified_gmt":"2016-05-02T12:15:30","slug":"eleicoes-ja-ganha-adeptos","status":"publish","type":"post","link":"https:\/\/www.jornalja.com.br\/arquivo\/eleicoes-ja-ganha-adeptos\/","title":{"rendered":"Elei\u00e7\u00f5es j\u00e1 ganha adeptos"},"content":{"rendered":"<p><span class=\"assina\">RANDOLFE RODRIGUES<\/span><br \/>\nPara al\u00e9m das superficialidades e dos esc\u00e2ndalos que tendem a apontar solu\u00e7\u00f5es simples para problemas complexos, a verdadeira crise que o Brasil experimenta \u00e9 a de representa\u00e7\u00e3o.<br \/>\nO Governo n\u00e3o governa, o Parlamento n\u00e3o legisla nem fiscaliza e o Povo n\u00e3o \u00e9 chamado a decidir.<br \/>\nDo ponto de vista econ\u00f4mico, os anos de bonan\u00e7a animados pela alta das commodities deram lugar sucessivamente \u00e0 carestia desenfreada, \u00a0uma profunda recess\u00e3o e \u00e0 quebradeira de empresas.<br \/>\nS\u00f3 no com\u00e9rcio varejista, no ano passado, quase 100 mil empreendimentos foram fechados. A consequ\u00eancia \u00e9 o desemprego em massa.<br \/>\nManter a popularidade em alta enquanto os pre\u00e7os aumentam, quando h\u00e1 escassez de postos de trabalho e ainda sobra m\u00eas depois que acaba o sal\u00e1rio ,\u00e9 uma miss\u00e3o imposs\u00edvel no Brasil e em qualquer lugar.<br \/>\nA op\u00e7\u00e3o neoliberal do segundo Governo Dilma a afastou de sua plataforma eleitoral, agravou os gargalos na infraestrutura do pa\u00eds, enfraquecendo a competividade e acentuando nosso atraso tecnol\u00f3gico, com graves reflexos na produtividade.<br \/>\nA economia parou.<br \/>\nDo ponto de vista institucional, vivemos o maior desencontro entre Legislativo e Executivo do qual se tem not\u00edcia.<br \/>\nO eclipse total do di\u00e1logo levou a presidente da Rep\u00fablica e o presidente da C\u00e2mara dos Deputados a atuarem n\u00e3o como chefes de poderes independentes, mas sim como comandantes de tropas inimigas.<br \/>\nEnquanto Dilma n\u00e3o demonstrava capacidade de reagrupar a base e de dialogar com o Congresso, o presidente da C\u00e2mara passou a atuar de modo deliberado para restringir a mobilidade do governo, usando para isso manobras regimentais sucessivas.<br \/>\nAsfixiado, o Pal\u00e1cio do Planalto capitulou, demonstrando que aquilo que parecia o ocaso de um governo era, de fato, o r\u00e9quiem final do presidencialismo de coaliz\u00e3o.<br \/>\nO sum\u00e1rio julgamento do relat\u00f3rio que pede o impedimento da presidente a partir de argumentos fr\u00e1geis foi apenas o corol\u00e1rio desse desencontro tr\u00e1gico.<br \/>\nDo ponto de vista pol\u00edtico, os esc\u00e2ndalos de corrup\u00e7\u00e3o envolvendo a quase totalidade dos partidos e lideran\u00e7as, de situa\u00e7\u00e3o e de oposi\u00e7\u00e3o, descredenciaram o manique\u00edsmo e com ele uma sa\u00edda a frio para a crise.<br \/>\nO impasse n\u00e3o tem mais como ser resolvido ignorando o desejo de participa\u00e7\u00e3o da ampla maioria da popula\u00e7\u00e3o. O dique est\u00e1 prestes a ser rompido.<br \/>\nO que vem das ruas claramente \u00e9 a rejei\u00e7\u00e3o de um modelo. Pesquisa recente do Instituto Datafolha mostrou que 61% desejariam afastar a presidente Dilma, enquanto 58% mandariam o vice-presidente Michel Temer, o sem voto, igualmente para casa.<br \/>\nA rejei\u00e7\u00e3o ao vice-presidente, inclusive, consegue a proeza de unir os movimentos favor\u00e1veis e contr\u00e1rios ao impeachment.<br \/>\nDando conta da contamina\u00e7\u00e3o do ambiente pol\u00edtico e das narrativas fragmentadas que est\u00e3o sendo constru\u00eddas, a revista brit\u00e2nica <em>The Economist<\/em> que circulou no dia 21 de abril, data de Tiradentes, o her\u00f3i tra\u00eddo da Inconfid\u00eancia, cunha a palavra \u201ctrai\u00e7\u00e3o\u201d como fio condutor das articula\u00e7\u00f5es de bastidores no Congresso Nacional.<br \/>\nLembra a c\u00e9lebre frase de Leonel Brizola: \u201cA pol\u00edtica ama a trai\u00e7\u00e3o e abomina os traidores\u201d.<br \/>\nReconhecendo a fragilidade do governo e a imin\u00eancia do impedimento de Dilma, os editores da revista afian\u00e7am, com propriedade, que o vice Michel Temer \u201cdificilmente ser\u00e1 percebido como algu\u00e9m com legitimidade para governar o pa\u00eds\u201d.<br \/>\nO eco das ruas que atravessou o Oceano Atl\u00e2ntico tamb\u00e9m anima juristas e pol\u00edticos de diferentes vertentes.<br \/>\nEm palestra na manh\u00e3 de sexta-feira, 22 de abril, o ex-ministro do Supremo Tribunal Federal Joaquim Barbosa defendeu, de modo fundamentado, a realiza\u00e7\u00e3o de novas elei\u00e7\u00f5es presidenciais.<br \/>\n\u201cDeem ao povo a oportunidade de decidir\u201d, sugeriu o ex-ministro, que tamb\u00e9m se posicionou em rela\u00e7\u00e3o ao impeachment, dizendo n\u00e3o enxergar \u201craz\u00f5es justas\u201d para o afastamento da presidente.<br \/>\n\u201cOrganizem elei\u00e7\u00f5es, deixem que o povo resolva\u201d, conclamou Barbosa.<br \/>\nCom a presidente e o vice sem apoio das ruas e o terceiro na ordem de sucess\u00e3o prestes a experimentar o frio do c\u00e1rcere, percebe-se claramente que um problema excepcional exige uma solu\u00e7\u00e3o excepcional \u2014 e proporcional \u00e0 gravidade do momento: elei\u00e7\u00f5es.<br \/>\n\u00c9 preciso devolver \u00e0 soberania popular a escolha dos novos mandat\u00e1rios da Na\u00e7\u00e3o.<br \/>\nEm resposta ao impasse pol\u00edtico presente, um grupo suprapartid\u00e1rio de senadores apontou para o futuro e assinou a PEC 20\/16, que prev\u00ea excepcionalmente uma elei\u00e7\u00e3o presidencial simult\u00e2nea com as elei\u00e7\u00f5es municipais de outubro de 2016.<br \/>\nOra, se a sa\u00edda da crise de representa\u00e7\u00e3o pela via do voto j\u00e1 ganhou as manchetes internacionais, o parecer de juristas renomados e a opini\u00e3o majorit\u00e1ria das ruas, inclusive de lados opostos do espectro pol\u00edtico, o que falta para que o eleitor seja chamado para dizer quem \u00e9 que ele quer que dirija os destinos da Na\u00e7\u00e3o?<br \/>\nAs elei\u00e7\u00f5es diretas est\u00e3o para a democracia como a \u00e1gua benta est\u00e1 para o rito cat\u00f3lico: purifica a mat\u00e9ria, espanta o mal e potencializa os efeitos positivos da ora\u00e7\u00e3o.<br \/>\nS\u00f3 os agentes das sombras podem temer a luz das urnas.<\/p>\n<ul>\n<li><strong><em>Randolfe Rodrigues, historiador, \u00e9 senador\u00a0<\/em><\/strong><strong><em>pelo Amap\u00e1 e l\u00edder da REDE no Senado.<\/em><\/strong><\/li>\n<\/ul>\n","protected":false},"excerpt":{"rendered":"<p>RANDOLFE RODRIGUES Para al\u00e9m das superficialidades e dos esc\u00e2ndalos que tendem a apontar solu\u00e7\u00f5es simples para problemas complexos, a verdadeira crise que o Brasil experimenta \u00e9 a de representa\u00e7\u00e3o. O Governo n\u00e3o governa, o Parlamento n\u00e3o legisla nem fiscaliza e o Povo n\u00e3o \u00e9 chamado a decidir. Do ponto de vista econ\u00f4mico, os anos de [&hellip;]<\/p>\n","protected":false},"author":4,"featured_media":0,"comment_status":"open","ping_status":"closed","sticky":false,"template":"","format":"standard","meta":{"_jetpack_newsletter_access":"","_jetpack_dont_email_post_to_subs":false,"_jetpack_newsletter_tier_id":0,"_jetpack_memberships_contains_paywalled_content":false,"_jetpack_feature_clip_id":0,"_jetpack_memberships_contains_paid_content":false,"footnotes":"","jetpack_post_was_ever_published":false},"categories":[10],"tags":[],"class_list":["post-32353","post","type-post","status-publish","format-standard","hentry","category-analiseopiniao"],"aioseo_notices":[],"aioseo_head":"\n\t\t<!-- All in One SEO 5.0.1.1 - aioseo.com -->\n\t<meta name=\"robots\" content=\"max-image-preview:large\" \/>\n\t<meta name=\"author\" content=\"da Reda\u00e7\u00e3o\"\/>\n\t<link rel=\"canonical\" href=\"https:\/\/www.jornalja.com.br\/arquivo\/eleicoes-ja-ganha-adeptos\/\" \/>\n\t<meta name=\"generator\" content=\"All in One SEO (AIOSEO) 5.0.1.1\" \/>\n\t\t<meta property=\"og:locale\" content=\"pt_BR\" \/>\n\t\t<meta property=\"og:site_name\" content=\"Arquivo | Jornal J\u00c1 | Porto Alegre\" \/>\n\t\t<meta property=\"og:type\" content=\"article\" \/>\n\t\t<meta property=\"og:title\" content=\"Elei\u00e7\u00f5es j\u00e1 ganha adeptos | Arquivo\" \/>\n\t\t<meta property=\"og:url\" content=\"https:\/\/www.jornalja.com.br\/arquivo\/eleicoes-ja-ganha-adeptos\/\" \/>\n\t\t<meta property=\"og:image\" content=\"https:\/\/www.jornalja.com.br\/economics\/wp-content\/uploads\/sites\/11\/2026\/08\/ja-folhaderosto-facebook.jpg\" \/>\n\t\t<meta property=\"og:image:secure_url\" content=\"https:\/\/www.jornalja.com.br\/economics\/wp-content\/uploads\/sites\/11\/2026\/08\/ja-folhaderosto-facebook.jpg\" \/>\n\t\t<meta property=\"article:published_time\" content=\"2016-05-02T12:15:30+00:00\" \/>\n\t\t<meta property=\"article:modified_time\" content=\"2016-05-02T12:15:30+00:00\" \/>\n\t\t<meta name=\"twitter:card\" content=\"summary\" \/>\n\t\t<meta name=\"twitter:title\" content=\"Elei\u00e7\u00f5es j\u00e1 ganha adeptos | Arquivo\" \/>\n\t\t<meta name=\"twitter:image\" content=\"https:\/\/www.jornalja.com.br\/economics\/wp-content\/uploads\/sites\/11\/2026\/08\/ja-folhaderosto-facebook.jpg\" \/>\n\t\t<script type=\"application\/ld+json\" class=\"aioseo-schema\">\n\t\t\t{\"@context\":\"https:\\\/\\\/schema.org\",\"@graph\":[{\"@type\":\"BlogPosting\",\"@id\":\"https:\\\/\\\/www.jornalja.com.br\\\/arquivo\\\/eleicoes-ja-ganha-adeptos\\\/#blogposting\",\"name\":\"Elei\\u00e7\\u00f5es j\\u00e1 ganha adeptos | Arquivo\",\"headline\":\"Elei\\u00e7\\u00f5es j\\u00e1 ganha adeptos\",\"author\":{\"@id\":\"https:\\\/\\\/www.jornalja.com.br\\\/arquivo\\\/author\\\/daredacao\\\/#author\"},\"publisher\":{\"@id\":\"https:\\\/\\\/www.jornalja.com.br\\\/arquivo\\\/#organization\"},\"image\":{\"@type\":\"ImageObject\",\"url\":\"https:\\\/\\\/www.jornalja.com.br\\\/wp-content\\\/uploads\\\/cards\\\/JAslogan.png\",\"@id\":\"https:\\\/\\\/www.jornalja.com.br\\\/arquivo\\\/#articleImage\"},\"datePublished\":\"2016-05-02T09:15:30-03:00\",\"dateModified\":\"2016-05-02T09:15:30-03:00\",\"inLanguage\":\"pt-BR\",\"mainEntityOfPage\":{\"@id\":\"https:\\\/\\\/www.jornalja.com.br\\\/arquivo\\\/eleicoes-ja-ganha-adeptos\\\/#webpage\"},\"isPartOf\":{\"@id\":\"https:\\\/\\\/www.jornalja.com.br\\\/arquivo\\\/eleicoes-ja-ganha-adeptos\\\/#webpage\"},\"articleSection\":\"AN\\u00c1LISE&amp;OPINI\\u00c3O\"},{\"@type\":\"BreadcrumbList\",\"@id\":\"https:\\\/\\\/www.jornalja.com.br\\\/arquivo\\\/eleicoes-ja-ganha-adeptos\\\/#breadcrumblist\",\"itemListElement\":[{\"@type\":\"ListItem\",\"@id\":\"https:\\\/\\\/www.jornalja.com.br\\\/arquivo#listItem\",\"position\":1,\"name\":\"Home\",\"item\":\"https:\\\/\\\/www.jornalja.com.br\\\/arquivo\",\"nextItem\":{\"@type\":\"ListItem\",\"@id\":\"https:\\\/\\\/www.jornalja.com.br\\\/arquivo\\\/category\\\/analiseopiniao\\\/#listItem\",\"name\":\"AN\\u00c1LISE&amp;OPINI\\u00c3O\"}},{\"@type\":\"ListItem\",\"@id\":\"https:\\\/\\\/www.jornalja.com.br\\\/arquivo\\\/category\\\/analiseopiniao\\\/#listItem\",\"position\":2,\"name\":\"AN\\u00c1LISE&amp;OPINI\\u00c3O\",\"item\":\"https:\\\/\\\/www.jornalja.com.br\\\/arquivo\\\/category\\\/analiseopiniao\\\/\",\"nextItem\":{\"@type\":\"ListItem\",\"@id\":\"https:\\\/\\\/www.jornalja.com.br\\\/arquivo\\\/eleicoes-ja-ganha-adeptos\\\/#listItem\",\"name\":\"Elei\\u00e7\\u00f5es j\\u00e1 ganha adeptos\"},\"previousItem\":{\"@type\":\"ListItem\",\"@id\":\"https:\\\/\\\/www.jornalja.com.br\\\/arquivo#listItem\",\"name\":\"Home\"}},{\"@type\":\"ListItem\",\"@id\":\"https:\\\/\\\/www.jornalja.com.br\\\/arquivo\\\/eleicoes-ja-ganha-adeptos\\\/#listItem\",\"position\":3,\"name\":\"Elei\\u00e7\\u00f5es j\\u00e1 ganha adeptos\",\"previousItem\":{\"@type\":\"ListItem\",\"@id\":\"https:\\\/\\\/www.jornalja.com.br\\\/arquivo\\\/category\\\/analiseopiniao\\\/#listItem\",\"name\":\"AN\\u00c1LISE&amp;OPINI\\u00c3O\"}}]},{\"@type\":\"Organization\",\"@id\":\"https:\\\/\\\/www.jornalja.com.br\\\/arquivo\\\/#organization\",\"name\":\"Jornal J\\u00c1\",\"description\":\"Jornal J\\u00c1 | Porto Alegre\",\"url\":\"https:\\\/\\\/www.jornalja.com.br\\\/arquivo\\\/\",\"telephone\":\"+555133307272\",\"logo\":{\"@type\":\"ImageObject\",\"url\":\"https:\\\/\\\/www.jornalja.com.br\\\/wp-content\\\/uploads\\\/cards\\\/JAslogan.png\",\"@id\":\"https:\\\/\\\/www.jornalja.com.br\\\/arquivo\\\/eleicoes-ja-ganha-adeptos\\\/#organizationLogo\"},\"image\":{\"@id\":\"https:\\\/\\\/www.jornalja.com.br\\\/arquivo\\\/eleicoes-ja-ganha-adeptos\\\/#organizationLogo\"}},{\"@type\":\"Person\",\"@id\":\"https:\\\/\\\/www.jornalja.com.br\\\/arquivo\\\/author\\\/daredacao\\\/#author\",\"url\":\"https:\\\/\\\/www.jornalja.com.br\\\/arquivo\\\/author\\\/daredacao\\\/\",\"name\":\"da Reda\\u00e7\\u00e3o\",\"image\":{\"@type\":\"ImageObject\",\"@id\":\"https:\\\/\\\/www.jornalja.com.br\\\/arquivo\\\/eleicoes-ja-ganha-adeptos\\\/#authorImage\",\"url\":\"https:\\\/\\\/secure.gravatar.com\\\/avatar\\\/469fd857d6605ad19919d27ed29d35a968a25f6e8fd9318356bbb7f57aae9c65?s=96&d=mm&r=g\",\"width\":96,\"height\":96,\"caption\":\"da Reda\\u00e7\\u00e3o\"}},{\"@type\":\"WebPage\",\"@id\":\"https:\\\/\\\/www.jornalja.com.br\\\/arquivo\\\/eleicoes-ja-ganha-adeptos\\\/#webpage\",\"url\":\"https:\\\/\\\/www.jornalja.com.br\\\/arquivo\\\/eleicoes-ja-ganha-adeptos\\\/\",\"name\":\"Elei\\u00e7\\u00f5es j\\u00e1 ganha adeptos | Arquivo\",\"inLanguage\":\"pt-BR\",\"isPartOf\":{\"@id\":\"https:\\\/\\\/www.jornalja.com.br\\\/arquivo\\\/#website\"},\"breadcrumb\":{\"@id\":\"https:\\\/\\\/www.jornalja.com.br\\\/arquivo\\\/eleicoes-ja-ganha-adeptos\\\/#breadcrumblist\"},\"author\":{\"@id\":\"https:\\\/\\\/www.jornalja.com.br\\\/arquivo\\\/author\\\/daredacao\\\/#author\"},\"creator\":{\"@id\":\"https:\\\/\\\/www.jornalja.com.br\\\/arquivo\\\/author\\\/daredacao\\\/#author\"},\"datePublished\":\"2016-05-02T09:15:30-03:00\",\"dateModified\":\"2016-05-02T09:15:30-03:00\"},{\"@type\":\"WebSite\",\"@id\":\"https:\\\/\\\/www.jornalja.com.br\\\/arquivo\\\/#website\",\"url\":\"https:\\\/\\\/www.jornalja.com.br\\\/arquivo\\\/\",\"name\":\"Arquivo\",\"description\":\"Jornal J\\u00c1 | Porto Alegre\",\"inLanguage\":\"pt-BR\",\"publisher\":{\"@id\":\"https:\\\/\\\/www.jornalja.com.br\\\/arquivo\\\/#organization\"}}]}\n\t\t<\/script>\n\t\t<!-- All in One SEO -->\n\n","aioseo_head_json":{"title":"Elei\u00e7\u00f5es j\u00e1 ganha adeptos | Arquivo","description":"","canonical_url":"https:\/\/www.jornalja.com.br\/arquivo\/eleicoes-ja-ganha-adeptos\/","robots":"max-image-preview:large","keywords":"","webmasterTools":{"miscellaneous":""},"schema":{"@context":"https:\/\/schema.org","@graph":[{"@type":"BlogPosting","@id":"https:\/\/www.jornalja.com.br\/arquivo\/eleicoes-ja-ganha-adeptos\/#blogposting","name":"Elei\u00e7\u00f5es j\u00e1 ganha adeptos | Arquivo","headline":"Elei\u00e7\u00f5es j\u00e1 ganha adeptos","author":{"@id":"https:\/\/www.jornalja.com.br\/arquivo\/author\/daredacao\/#author"},"publisher":{"@id":"https:\/\/www.jornalja.com.br\/arquivo\/#organization"},"image":{"@type":"ImageObject","url":"https:\/\/www.jornalja.com.br\/wp-content\/uploads\/cards\/JAslogan.png","@id":"https:\/\/www.jornalja.com.br\/arquivo\/#articleImage"},"datePublished":"2016-05-02T09:15:30-03:00","dateModified":"2016-05-02T09:15:30-03:00","inLanguage":"pt-BR","mainEntityOfPage":{"@id":"https:\/\/www.jornalja.com.br\/arquivo\/eleicoes-ja-ganha-adeptos\/#webpage"},"isPartOf":{"@id":"https:\/\/www.jornalja.com.br\/arquivo\/eleicoes-ja-ganha-adeptos\/#webpage"},"articleSection":"AN\u00c1LISE&amp;OPINI\u00c3O"},{"@type":"BreadcrumbList","@id":"https:\/\/www.jornalja.com.br\/arquivo\/eleicoes-ja-ganha-adeptos\/#breadcrumblist","itemListElement":[{"@type":"ListItem","@id":"https:\/\/www.jornalja.com.br\/arquivo#listItem","position":1,"name":"Home","item":"https:\/\/www.jornalja.com.br\/arquivo","nextItem":{"@type":"ListItem","@id":"https:\/\/www.jornalja.com.br\/arquivo\/category\/analiseopiniao\/#listItem","name":"AN\u00c1LISE&amp;OPINI\u00c3O"}},{"@type":"ListItem","@id":"https:\/\/www.jornalja.com.br\/arquivo\/category\/analiseopiniao\/#listItem","position":2,"name":"AN\u00c1LISE&amp;OPINI\u00c3O","item":"https:\/\/www.jornalja.com.br\/arquivo\/category\/analiseopiniao\/","nextItem":{"@type":"ListItem","@id":"https:\/\/www.jornalja.com.br\/arquivo\/eleicoes-ja-ganha-adeptos\/#listItem","name":"Elei\u00e7\u00f5es j\u00e1 ganha adeptos"},"previousItem":{"@type":"ListItem","@id":"https:\/\/www.jornalja.com.br\/arquivo#listItem","name":"Home"}},{"@type":"ListItem","@id":"https:\/\/www.jornalja.com.br\/arquivo\/eleicoes-ja-ganha-adeptos\/#listItem","position":3,"name":"Elei\u00e7\u00f5es j\u00e1 ganha adeptos","previousItem":{"@type":"ListItem","@id":"https:\/\/www.jornalja.com.br\/arquivo\/category\/analiseopiniao\/#listItem","name":"AN\u00c1LISE&amp;OPINI\u00c3O"}}]},{"@type":"Organization","@id":"https:\/\/www.jornalja.com.br\/arquivo\/#organization","name":"Jornal J\u00c1","description":"Jornal J\u00c1 | Porto Alegre","url":"https:\/\/www.jornalja.com.br\/arquivo\/","telephone":"+555133307272","logo":{"@type":"ImageObject","url":"https:\/\/www.jornalja.com.br\/wp-content\/uploads\/cards\/JAslogan.png","@id":"https:\/\/www.jornalja.com.br\/arquivo\/eleicoes-ja-ganha-adeptos\/#organizationLogo"},"image":{"@id":"https:\/\/www.jornalja.com.br\/arquivo\/eleicoes-ja-ganha-adeptos\/#organizationLogo"}},{"@type":"Person","@id":"https:\/\/www.jornalja.com.br\/arquivo\/author\/daredacao\/#author","url":"https:\/\/www.jornalja.com.br\/arquivo\/author\/daredacao\/","name":"da Reda\u00e7\u00e3o","image":{"@type":"ImageObject","@id":"https:\/\/www.jornalja.com.br\/arquivo\/eleicoes-ja-ganha-adeptos\/#authorImage","url":"https:\/\/secure.gravatar.com\/avatar\/469fd857d6605ad19919d27ed29d35a968a25f6e8fd9318356bbb7f57aae9c65?s=96&d=mm&r=g","width":96,"height":96,"caption":"da Reda\u00e7\u00e3o"}},{"@type":"WebPage","@id":"https:\/\/www.jornalja.com.br\/arquivo\/eleicoes-ja-ganha-adeptos\/#webpage","url":"https:\/\/www.jornalja.com.br\/arquivo\/eleicoes-ja-ganha-adeptos\/","name":"Elei\u00e7\u00f5es j\u00e1 ganha adeptos | Arquivo","inLanguage":"pt-BR","isPartOf":{"@id":"https:\/\/www.jornalja.com.br\/arquivo\/#website"},"breadcrumb":{"@id":"https:\/\/www.jornalja.com.br\/arquivo\/eleicoes-ja-ganha-adeptos\/#breadcrumblist"},"author":{"@id":"https:\/\/www.jornalja.com.br\/arquivo\/author\/daredacao\/#author"},"creator":{"@id":"https:\/\/www.jornalja.com.br\/arquivo\/author\/daredacao\/#author"},"datePublished":"2016-05-02T09:15:30-03:00","dateModified":"2016-05-02T09:15:30-03:00"},{"@type":"WebSite","@id":"https:\/\/www.jornalja.com.br\/arquivo\/#website","url":"https:\/\/www.jornalja.com.br\/arquivo\/","name":"Arquivo","description":"Jornal J\u00c1 | Porto Alegre","inLanguage":"pt-BR","publisher":{"@id":"https:\/\/www.jornalja.com.br\/arquivo\/#organization"}}]},"og:locale":"pt_BR","og:site_name":"Arquivo | Jornal J\u00c1 | Porto Alegre","og:type":"article","og:title":"Elei\u00e7\u00f5es j\u00e1 ganha adeptos | Arquivo","og:url":"https:\/\/www.jornalja.com.br\/arquivo\/eleicoes-ja-ganha-adeptos\/","og:image":"https:\/\/www.jornalja.com.br\/economics\/wp-content\/uploads\/sites\/11\/2026\/08\/ja-folhaderosto-facebook.jpg","og:image:secure_url":"https:\/\/www.jornalja.com.br\/economics\/wp-content\/uploads\/sites\/11\/2026\/08\/ja-folhaderosto-facebook.jpg","article:published_time":"2016-05-02T12:15:30+00:00","article:modified_time":"2016-05-02T12:15:30+00:00","twitter:card":"summary","twitter:title":"Elei\u00e7\u00f5es j\u00e1 ganha adeptos | Arquivo","twitter:image":"https:\/\/www.jornalja.com.br\/economics\/wp-content\/uploads\/sites\/11\/2026\/08\/ja-folhaderosto-facebook.jpg"},"aioseo_meta_data":{"post_id":"32353","title":null,"description":null,"keywords":null,"keyphrases":null,"primary_term":null,"canonical_url":null,"og_title":null,"og_description":null,"og_object_type":"default","og_image_type":"default","og_image_url":null,"og_image_width":null,"og_image_height":null,"og_image_custom_url":null,"og_image_custom_fields":null,"og_video":null,"og_custom_url":null,"og_article_section":null,"og_article_tags":null,"twitter_use_og":false,"twitter_card":"default","twitter_image_type":"default","twitter_image_url":null,"twitter_image_custom_url":null,"twitter_image_custom_fields":null,"twitter_title":null,"twitter_description":null,"schema":{"blockGraphs":[],"customGraphs":[],"default":{"data":{"Article":[],"Course":[],"Dataset":[],"FAQPage":[],"Movie":[],"Person":[],"Product":[],"ProductReview":[],"Car":[],"Recipe":[],"Service":[],"SoftwareApplication":[],"WebPage":[]},"graphName":"","isEnabled":true},"graphs":[],"defaultGraph":"","defaultPostTypeGraph":""},"schema_type":null,"schema_type_options":null,"pillar_content":false,"robots_default":true,"robots_noindex":false,"robots_noarchive":false,"robots_nosnippet":false,"robots_nofollow":false,"robots_noimageindex":false,"robots_noodp":false,"robots_notranslate":false,"robots_max_snippet":null,"robots_max_videopreview":null,"robots_max_imagepreview":"large","priority":null,"frequency":null,"location":null,"local_seo":null,"breadcrumb_settings":null,"limit_modified_date":false,"ai":null,"created":"2020-12-20 20:58:06","updated":"2025-07-19 13:26:56","seo_analyzer_scan_date":null,"focus_keyword":null,"additional_keywords":null,"truseo_locale":null},"jetpack_sharing_enabled":true,"jetpack-related-posts":[{"id":13124,"url":"https:\/\/www.jornalja.com.br\/arquivo\/sangue-latino-no-iecine\/","url_meta":{"origin":32353,"position":0},"title":"Sangue latino no IECINE","author":"da Reda\u00e7\u00e3o","date":"18 de maio de 2014","format":false,"excerpt":"Francisco Ribeiro O Instituto Estadual de Cinema (IECINE) tem a frente, desde abril \u00faltimo, um novo diretor, o cineasta colombiano Juan Zapata, 36, que substitui Luiz Alberto Cassol. Radicado h\u00e1 dez anos em Porto Alegre, Zapata tem diante de si o desafio de conduzir at\u00e9 o final do ano um\u2026","rel":"","context":"Em &quot;Cultura-Geral&quot;","block_context":{"text":"Cultura-Geral","link":"https:\/\/www.jornalja.com.br\/arquivo\/category\/materiasecundaria\/"},"img":{"alt_text":"","src":"","width":0,"height":0},"classes":[]},{"id":12960,"url":"https:\/\/www.jornalja.com.br\/arquivo\/populacao-culpa-empresas-pela-greve-dos-rodoviarios\/","url_meta":{"origin":32353,"position":1},"title":"Popula\u00e7\u00e3o culpa empresas pela greve","author":"Patr\u00edcia Marini","date":"14 de fevereiro de 2014","format":false,"excerpt":"Pesquisa divulgada na edi\u00e7\u00e3o do jornal Metro desta sexta-feira,14, comprova o velho ditado: \u00e9 poss\u00edvel enganar muitos por algum tempo, mas n\u00e3o \u00e9 poss\u00edvel enganar a todos o tempo inteiro. A principal revela\u00e7\u00e3o foi que 59,8% dos entrevistados apontaram as empresas como as principais respons\u00e1veis pela grave e 46% culparam\u2026","rel":"","context":"Em &quot;X.Categorias velhas&quot;","block_context":{"text":"X.Categorias velhas","link":"https:\/\/www.jornalja.com.br\/arquivo\/category\/x-categorias-velhas\/"},"img":{"alt_text":"","src":"","width":0,"height":0},"classes":[]},{"id":5440,"url":"https:\/\/www.jornalja.com.br\/arquivo\/casarao-da-venancio-destino-permanece-incerto\/","url_meta":{"origin":32353,"position":2},"title":"Estado ainda n\u00e3o sabe o que fazer com casar\u00e3o abandonado h\u00e1 20 anos","author":"Elmar Bones","date":"6 de julho de 2009","format":false,"excerpt":"O casar\u00e3o amarelo, numa esquina nobre de Porto Alegre (Ven\u00e2ncio Aires com Jo\u00e3o Pessoa), j\u00e1 abrigou uma escola. H\u00e1 duas d\u00e9cadas, pelo menos, est\u00e1 abandonado, porque seu propriet\u00e1rio, o governo do Estado do Rio Grande do Sul, n\u00e3o consegue achar um destino para ele. Planos n\u00e3o faltaram. O governador Ol\u00edvio\u2026","rel":"","context":"Em &quot;X.Categorias velhas&quot;","block_context":{"text":"X.Categorias velhas","link":"https:\/\/www.jornalja.com.br\/arquivo\/category\/x-categorias-velhas\/"},"img":{"alt_text":"geraldo1","src":"https:\/\/i0.wp.com\/www.jornalja.com.br\/wp-content\/uploads\/2009\/07\/geraldo1.jpg?resize=350%2C200&ssl=1","width":350,"height":200},"classes":[]},{"id":14241,"url":"https:\/\/www.jornalja.com.br\/arquivo\/o-guaiba-nas-imagens-poeticas-de-achutti\/","url_meta":{"origin":32353,"position":3},"title":"O Gua\u00edba nas imagens po\u00e9ticas de Achutti","author":"da Reda\u00e7\u00e3o","date":"18 de junho de 2014","format":false,"excerpt":"Em \u201cO Gua\u00edba por Achutti\u201d \u2013 obra financiada via Minist\u00e9rio da Cultura, produ\u00e7\u00e3o executiva de Pedro Longhi, e Fl\u00e1vio Wild como designer \u2013, o fot\u00f3grafo revela a beleza e as mazelas de um espa\u00e7o aqu\u00e1tico de \u00e1guas sempre renovadas, cheio de hist\u00f3rias e lendas como as das cidades que foram\u2026","rel":"","context":"Em &quot;Cultura-Geral&quot;","block_context":{"text":"Cultura-Geral","link":"https:\/\/www.jornalja.com.br\/arquivo\/category\/materiasecundaria\/"},"img":{"alt_text":"","src":"","width":0,"height":0},"classes":[]},{"id":13109,"url":"https:\/\/www.jornalja.com.br\/arquivo\/judiciario-reconhece-poluicao-eletromagnetica\/","url_meta":{"origin":32353,"position":4},"title":"Judici\u00e1rio reconhece polui\u00e7\u00e3o eletromagn\u00e9tica","author":"Patr\u00edcia Marini","date":"16 de maio de 2014","format":false,"excerpt":"A\u00e7\u00e3o de duas associa\u00e7\u00f5es de moradores foi acolhida pelo Tribunal de Justi\u00e7a de S\u00e3o Paulo que. em decis\u00e3o in\u00e9dita, determinou a redu\u00e7\u00e3o do campo eletromagn\u00e9tico gerado pelas linhas de transmiss\u00e3o de energia que cortam os bairros City Boa\u00e7ava e Alto de Pinheiros. \u00c9 a primeira vez que um tribunal do\u2026","rel":"","context":"Em &quot;X.Categorias velhas&quot;","block_context":{"text":"X.Categorias velhas","link":"https:\/\/www.jornalja.com.br\/arquivo\/category\/x-categorias-velhas\/"},"img":{"alt_text":"","src":"","width":0,"height":0},"classes":[]},{"id":13240,"url":"https:\/\/www.jornalja.com.br\/arquivo\/plano-diretor-estamos-construindo-o-caos\/","url_meta":{"origin":32353,"position":5},"title":"Plano diretor: &quot;Estamos construindo o caos&quot;","author":"Patr\u00edcia Marini","date":"26 de maio de 2014","format":false,"excerpt":"Desabafo que arquiteta Eliana Castilhos, delegada da Regi\u00e3o de Planejamento 1, postou nas redes sociais \u00e9 um testemunho do ambiente que se criou no Conselho do Plano Diretor de Porto Alegre, onde a aprova\u00e7\u00e3o de grandes empreendimentos \u00e9 empurrada guela abaixo dos conselheiros. Ao CMDUA Como delegada da Regi\u00e3o de\u2026","rel":"","context":"Em &quot;Geral&quot;","block_context":{"text":"Geral","link":"https:\/\/www.jornalja.com.br\/arquivo\/category\/geral\/"},"img":{"alt_text":"","src":"","width":0,"height":0},"classes":[]}],"jetpack_shortlink":"https:\/\/wp.me\/pbQjBd-8pP","jetpack_featured_media_url":"","_links":{"self":[{"href":"https:\/\/www.jornalja.com.br\/arquivo\/wp-json\/wp\/v2\/posts\/32353","targetHints":{"allow":["GET"]}}],"collection":[{"href":"https:\/\/www.jornalja.com.br\/arquivo\/wp-json\/wp\/v2\/posts"}],"about":[{"href":"https:\/\/www.jornalja.com.br\/arquivo\/wp-json\/wp\/v2\/types\/post"}],"author":[{"embeddable":true,"href":"https:\/\/www.jornalja.com.br\/arquivo\/wp-json\/wp\/v2\/users\/4"}],"replies":[{"embeddable":true,"href":"https:\/\/www.jornalja.com.br\/arquivo\/wp-json\/wp\/v2\/comments?post=32353"}],"version-history":[{"count":0,"href":"https:\/\/www.jornalja.com.br\/arquivo\/wp-json\/wp\/v2\/posts\/32353\/revisions"}],"wp:attachment":[{"href":"https:\/\/www.jornalja.com.br\/arquivo\/wp-json\/wp\/v2\/media?parent=32353"}],"wp:term":[{"taxonomy":"category","embeddable":true,"href":"https:\/\/www.jornalja.com.br\/arquivo\/wp-json\/wp\/v2\/categories?post=32353"},{"taxonomy":"post_tag","embeddable":true,"href":"https:\/\/www.jornalja.com.br\/arquivo\/wp-json\/wp\/v2\/tags?post=32353"}],"curies":[{"name":"wp","href":"https:\/\/api.w.org\/{rel}","templated":true}]}}