{"id":32510,"date":"2016-05-05T18:13:20","date_gmt":"2016-05-05T21:13:20","guid":{"rendered":"https:\/\/www.jornalja.com.br\/?p=32510"},"modified":"2016-05-05T18:13:20","modified_gmt":"2016-05-05T21:13:20","slug":"parlamentares-e-ativistas-se-unem-para-pressionar-po-novo-projeto","status":"publish","type":"post","link":"https:\/\/www.jornalja.com.br\/arquivo\/parlamentares-e-ativistas-se-unem-para-pressionar-po-novo-projeto\/","title":{"rendered":"Parlamentares e ativistas se unem para pressionar por novo projeto"},"content":{"rendered":"<p><span class=\"assina\">Matheus Chaparini<\/span><br \/>\nDeputados, vereadores e integrantes de movimentos sociais realizaram na tarde desta quinta-feira o lan\u00e7amento da Frente Parlamentar e Social por um Cais Mau\u00e1 de Todos. A cerim\u00f4nia aconteceu na Assembleia Legislativa. A cria\u00e7\u00e3o do grupo foi articulada pelo deputado Tarc\u00edsio Zimmermann (PT) a partir do que chamou de \u201cum positivo desafio das entidades \u00e0 Assembleia.\u201d<br \/>\n<figure id=\"attachment_32514\" aria-describedby=\"caption-attachment-32514\" style=\"width: 300px\" class=\"wp-caption alignnone\"><img loading=\"lazy\" decoding=\"async\" class=\"size-medium wp-image-32514\" src=\"https:\/\/www.jornalja.com.br\/wp-content\/uploads\/2016\/05\/Frente-Parlamentar-Cais-Mau\u00e12-300x201.jpg\" alt=\"Deputado Tarc\u00edsio Zimmermann \u00e9 o coordenador da frente \/ Marcelo Bertani \/ Ag\u00eancia ALRS\" width=\"300\" height=\"201\" \/><figcaption id=\"caption-attachment-32514\" class=\"wp-caption-text\">Deputado Tarc\u00edsio Zimmermann \u00e9 o coordenador da frente \/ Marcelo Bertani \/ Ag\u00eancia ALRS<\/figcaption><\/figure><br \/>\nZimermmann afirmou que a cidade de Porto Alegre \u201cn\u00e3o poderia ter sido assaltada desta forma por um projeto que obedeceu acima de tudo aos interesses da especula\u00e7\u00e3o imobili\u00e1ria.\u201d O deputado recusou a pecha de \u201carautos do atraso\u201d, atribu\u00edda aos militantes da causa por setores que defendem o atual projeto de revitaliza\u00e7\u00e3o.<br \/>\n\u201cQueremos um projeto que integre o Cais Mau\u00e1 com a hist\u00f3ria de Porto Alegre. Queremos um projeto que inclusive ouse enfrentar o problema do trem, do muro e da avenida Mau\u00e1, que separam a cidade do rio\u201d e concluiu: \u201cQueremos ser o s\u00edmbolo do futuro, de quem ousa enfrentar obst\u00e1culos e quer colocar de fato o rio de frente pra cidade e a cidade de frente pro rio.\u201d<br \/>\n<span class=\"intertit\">Modelo de revitaliza\u00e7\u00e3o \u00e9 anacr\u00f4nico e antidemocr\u00e1tico<\/span><br \/>\n<figure id=\"attachment_32515\" aria-describedby=\"caption-attachment-32515\" style=\"width: 300px\" class=\"wp-caption alignnone\"><img loading=\"lazy\" decoding=\"async\" class=\"size-medium wp-image-32515\" src=\"https:\/\/www.jornalja.com.br\/wp-content\/uploads\/2016\/05\/Frente-Parlamentar-Cais-Mau\u00e13-300x200.jpg\" alt=\"Caio Lustosa criticou \" width=\"300\" height=\"200\" \/><figcaption id=\"caption-attachment-32515\" class=\"wp-caption-text\">Caio Lustosa\u00a0defendeu o car\u00e1ter p\u00fablico do Cais<\/figcaption><\/figure><br \/>\nFalando em nome da Agapan, o advogado Caio Lustosa defendeu a import\u00e2ncia do envolvimento dos deputados e vereadores \u201cpara dar respaldo a uma luta que tem caracter\u00edsticas comunit\u00e1rias e populares.\u201d<br \/>\nCaio Lustosa afirmou que as margens do Gua\u00edba s\u00e3o de dom\u00ednio p\u00fablico e n\u00e3o podem sofrer o que chamou de \u201cum processo de privatiza\u00e7\u00e3o arrogante a absurdo.\u201d O representante da Agapan defendeu a retomada do car\u00e1ter p\u00fablico do uso espa\u00e7o e defendeu que um projeto de reformula\u00e7\u00e3o do espa\u00e7o deve atender aos interesses \u201cde uma cidade m\u00faltipla como Porto Alegre e n\u00e3o de uma minoria voraz e especuladora.\u201d<br \/>\nO professor Luciano Fedozzi fez a leitura do <a href=\"http:\/\/www.facebook.com\/permalink.php?story_fbid=1111745132180342&amp;id=1056596141028575\">manifesto do Comit\u00ea UFRGS pelo Cais Mau\u00e1<\/a>, que critica o modelo adotado para a reforma da \u00e1rea: \u201cO empreendimento expressa uma concep\u00e7\u00e3o anacr\u00f4nica em termos urban\u00edsticos, sociais, ambientais e pol\u00edticos.Fundamenta-se em um paradigma urban\u00edstico j\u00e1 superado h\u00e1 pelo menos duas d\u00e9cadas.\u201d<br \/>\nO manifesto \u00e9 assinado por 108 professores das mais variadas \u00e1reas da Universidade.<br \/>\n<span class=\"intertit\">Pouca participa\u00e7\u00e3o dos vereadores<\/span><br \/>\nA vereadora Jussara Cony (PCdoB) lamentou a baixa participa\u00e7\u00e3o dos seus colegas de C\u00e2mara e garantiu que far\u00e1 um esfor\u00e7o para atrair mais vereadores para a frente. S\u00e3o apenas quatro no grupo. Na C\u00e2mara Municipal, al\u00e9m de Jussara, assinaram o manifesto de cria\u00e7\u00e3o da Frente Parlamentar e Social Fernanda Melchionna (Psol), Sofia Cavedon (PT) e Marcelo Sgarbossa (PT).<br \/>\nJussara Cony tamb\u00e9m criticou a falta de participa\u00e7\u00e3o popular no processo de revitaliza\u00e7\u00e3o da \u00e1rea. \u201cO que est\u00e1 acontecendo com o Cais n\u00e3o tem absolutamente nenhuma participa\u00e7\u00e3o de quem constr\u00f3i essa cidade, que s\u00e3o seus trabalhadores\u201d, afirmou.<br \/>\n<span class=\"intertit\">Integrantes<\/span><br \/>\n<span style=\"text-decoration: underline\">Parlamentares:<\/span><br \/>\nDeputado estadual Tarc\u00edsio Zimmermann (PT) &#8211; coordenador<br \/>\nDeputada estadual Manuela D&#8217;\u00c1vila (PCdoB)<br \/>\nDeputado estadual Ad\u00e3o Villaverde (PT)<br \/>\nDeputado estadual Jeferson Fernandes (PT)<br \/>\nDeputado estadual Z\u00e9 Nunes (PT)<br \/>\nDeputado estadual Pedro Ruas (PSOL)<br \/>\nVereadora Sofia Cavedon (PT)<br \/>\nVereadora Fernanda Melchiona (PSOL)<br \/>\nVereadora Jussara Cony (PCdoB)<br \/>\nVereador Marcelo Sgarbossa (PT)<br \/>\n<span style=\"text-decoration: underline\">Entidades:<\/span><br \/>\nAgapan<br \/>\nIAB RS (Instituto dos Arquitetos do Brasil &#8211; Departamento RS)<br \/>\nAssociacao dos Geografos Brasileiros Se\u00e7\u00e3o Porto Alegre<br \/>\nMoGDeMA &#8211; Movimento Ga\u00facho em Defesa do Meio Ambiente<br \/>\nComit\u00ea UFRGS em defesa do Cais Mau\u00e1<br \/>\nCais Mau\u00e1 de Todos<br \/>\nMobicidade (Associa\u00e7\u00e3o pela Mobilidade Urbana em Bicicleta)<br \/>\nMinha Porto Alegre<br \/>\nChega de Demolir Porto Alegre<br \/>\nMovimento Francisclariano da Diocese Meridional de Porto Alegre<br \/>\nDEFENDER &#8211; Defesa Civil do Ptrim\u00f4nio Hist\u00f3rico<br \/>\nAssocia\u00e7\u00e3o Comunit\u00e1ria do Centro Hist\u00f3rico<br \/>\nAREVIPA &#8211; Associa\u00e7\u00e3o dos Recicladores da Vila dos Papeleiros<br \/>\nCentro Comunit\u00e1rio de Desenvolvimento da Tristeza, Pedra Redonda, Vila Concei\u00e7\u00e3o e Vila Assun\u00e7\u00e3o<\/p>\n","protected":false},"excerpt":{"rendered":"<p>Matheus Chaparini Deputados, vereadores e integrantes de movimentos sociais realizaram na tarde desta quinta-feira o lan\u00e7amento da Frente Parlamentar e Social por um Cais Mau\u00e1 de Todos. A cerim\u00f4nia aconteceu na Assembleia Legislativa. A cria\u00e7\u00e3o do grupo foi articulada pelo deputado Tarc\u00edsio Zimmermann (PT) a partir do que chamou de \u201cum positivo desafio das entidades [&hellip;]<\/p>\n","protected":false},"author":4,"featured_media":32513,"comment_status":"open","ping_status":"closed","sticky":false,"template":"","format":"standard","meta":{"_jetpack_newsletter_access":"","_jetpack_dont_email_post_to_subs":false,"_jetpack_newsletter_tier_id":0,"_jetpack_memberships_contains_paywalled_content":false,"_jetpack_feature_clip_id":0,"_jetpack_memberships_contains_paid_content":false,"footnotes":"","jetpack_post_was_ever_published":false},"categories":[2007],"tags":[],"class_list":["post-32510","post","type-post","status-publish","format-standard","has-post-thumbnail","hentry","category-hotsite-cais"],"aioseo_notices":[],"aioseo_head":"\n\t\t<!-- All in One SEO 5.0.1.1 - aioseo.com -->\n\t<meta name=\"robots\" content=\"max-image-preview:large\" \/>\n\t<meta name=\"author\" content=\"da Reda\u00e7\u00e3o\"\/>\n\t<link rel=\"canonical\" href=\"https:\/\/www.jornalja.com.br\/arquivo\/parlamentares-e-ativistas-se-unem-para-pressionar-po-novo-projeto\/\" \/>\n\t<meta name=\"generator\" content=\"All in One SEO (AIOSEO) 5.0.1.1\" \/>\n\t\t<meta property=\"og:locale\" content=\"pt_BR\" \/>\n\t\t<meta property=\"og:site_name\" content=\"Arquivo | Jornal J\u00c1 | Porto Alegre\" \/>\n\t\t<meta property=\"og:type\" content=\"article\" \/>\n\t\t<meta property=\"og:title\" content=\"Parlamentares e ativistas se unem para pressionar por novo projeto | Arquivo\" \/>\n\t\t<meta property=\"og:url\" content=\"https:\/\/www.jornalja.com.br\/arquivo\/parlamentares-e-ativistas-se-unem-para-pressionar-po-novo-projeto\/\" \/>\n\t\t<meta property=\"og:image\" content=\"https:\/\/www.jornalja.com.br\/wp-content\/uploads\/2016\/05\/Frente-Parlamentar-Cais-Mau\u00e12-300x201.jpg\" \/>\n\t\t<meta property=\"og:image:secure_url\" content=\"https:\/\/www.jornalja.com.br\/wp-content\/uploads\/2016\/05\/Frente-Parlamentar-Cais-Mau\u00e12-300x201.jpg\" \/>\n\t\t<meta property=\"article:published_time\" content=\"2016-05-05T21:13:20+00:00\" \/>\n\t\t<meta property=\"article:modified_time\" content=\"2016-05-05T21:13:20+00:00\" \/>\n\t\t<meta name=\"twitter:card\" content=\"summary\" \/>\n\t\t<meta name=\"twitter:title\" content=\"Parlamentares e ativistas se unem para pressionar por novo projeto | Arquivo\" \/>\n\t\t<meta name=\"twitter:image\" content=\"https:\/\/www.jornalja.com.br\/economics\/wp-content\/uploads\/sites\/11\/2026\/08\/ja-folhaderosto-facebook.jpg\" \/>\n\t\t<script type=\"application\/ld+json\" class=\"aioseo-schema\">\n\t\t\t{\"@context\":\"https:\\\/\\\/schema.org\",\"@graph\":[{\"@type\":\"BlogPosting\",\"@id\":\"https:\\\/\\\/www.jornalja.com.br\\\/arquivo\\\/parlamentares-e-ativistas-se-unem-para-pressionar-po-novo-projeto\\\/#blogposting\",\"name\":\"Parlamentares e ativistas se unem para pressionar por novo projeto | Arquivo\",\"headline\":\"Parlamentares e ativistas se unem para pressionar por novo projeto\",\"author\":{\"@id\":\"https:\\\/\\\/www.jornalja.com.br\\\/arquivo\\\/author\\\/daredacao\\\/#author\"},\"publisher\":{\"@id\":\"https:\\\/\\\/www.jornalja.com.br\\\/arquivo\\\/#organization\"},\"image\":{\"@type\":\"ImageObject\",\"url\":32513},\"datePublished\":\"2016-05-05T18:13:20-03:00\",\"dateModified\":\"2016-05-05T18:13:20-03:00\",\"inLanguage\":\"pt-BR\",\"mainEntityOfPage\":{\"@id\":\"https:\\\/\\\/www.jornalja.com.br\\\/arquivo\\\/parlamentares-e-ativistas-se-unem-para-pressionar-po-novo-projeto\\\/#webpage\"},\"isPartOf\":{\"@id\":\"https:\\\/\\\/www.jornalja.com.br\\\/arquivo\\\/parlamentares-e-ativistas-se-unem-para-pressionar-po-novo-projeto\\\/#webpage\"},\"articleSection\":\"HOTSITE CAIS\"},{\"@type\":\"BreadcrumbList\",\"@id\":\"https:\\\/\\\/www.jornalja.com.br\\\/arquivo\\\/parlamentares-e-ativistas-se-unem-para-pressionar-po-novo-projeto\\\/#breadcrumblist\",\"itemListElement\":[{\"@type\":\"ListItem\",\"@id\":\"https:\\\/\\\/www.jornalja.com.br\\\/arquivo#listItem\",\"position\":1,\"name\":\"Home\",\"item\":\"https:\\\/\\\/www.jornalja.com.br\\\/arquivo\",\"nextItem\":{\"@type\":\"ListItem\",\"@id\":\"https:\\\/\\\/www.jornalja.com.br\\\/arquivo\\\/category\\\/hotsite-cais\\\/#listItem\",\"name\":\"HOTSITE CAIS\"}},{\"@type\":\"ListItem\",\"@id\":\"https:\\\/\\\/www.jornalja.com.br\\\/arquivo\\\/category\\\/hotsite-cais\\\/#listItem\",\"position\":2,\"name\":\"HOTSITE CAIS\",\"item\":\"https:\\\/\\\/www.jornalja.com.br\\\/arquivo\\\/category\\\/hotsite-cais\\\/\",\"nextItem\":{\"@type\":\"ListItem\",\"@id\":\"https:\\\/\\\/www.jornalja.com.br\\\/arquivo\\\/parlamentares-e-ativistas-se-unem-para-pressionar-po-novo-projeto\\\/#listItem\",\"name\":\"Parlamentares e ativistas se unem para pressionar por novo projeto\"},\"previousItem\":{\"@type\":\"ListItem\",\"@id\":\"https:\\\/\\\/www.jornalja.com.br\\\/arquivo#listItem\",\"name\":\"Home\"}},{\"@type\":\"ListItem\",\"@id\":\"https:\\\/\\\/www.jornalja.com.br\\\/arquivo\\\/parlamentares-e-ativistas-se-unem-para-pressionar-po-novo-projeto\\\/#listItem\",\"position\":3,\"name\":\"Parlamentares e ativistas se unem para pressionar por novo projeto\",\"previousItem\":{\"@type\":\"ListItem\",\"@id\":\"https:\\\/\\\/www.jornalja.com.br\\\/arquivo\\\/category\\\/hotsite-cais\\\/#listItem\",\"name\":\"HOTSITE CAIS\"}}]},{\"@type\":\"Organization\",\"@id\":\"https:\\\/\\\/www.jornalja.com.br\\\/arquivo\\\/#organization\",\"name\":\"Jornal J\\u00c1\",\"description\":\"Jornal J\\u00c1 | Porto Alegre\",\"url\":\"https:\\\/\\\/www.jornalja.com.br\\\/arquivo\\\/\",\"telephone\":\"+555133307272\",\"logo\":{\"@type\":\"ImageObject\",\"url\":\"https:\\\/\\\/www.jornalja.com.br\\\/wp-content\\\/uploads\\\/cards\\\/JAslogan.png\",\"@id\":\"https:\\\/\\\/www.jornalja.com.br\\\/arquivo\\\/parlamentares-e-ativistas-se-unem-para-pressionar-po-novo-projeto\\\/#organizationLogo\"},\"image\":{\"@id\":\"https:\\\/\\\/www.jornalja.com.br\\\/arquivo\\\/parlamentares-e-ativistas-se-unem-para-pressionar-po-novo-projeto\\\/#organizationLogo\"}},{\"@type\":\"Person\",\"@id\":\"https:\\\/\\\/www.jornalja.com.br\\\/arquivo\\\/author\\\/daredacao\\\/#author\",\"url\":\"https:\\\/\\\/www.jornalja.com.br\\\/arquivo\\\/author\\\/daredacao\\\/\",\"name\":\"da Reda\\u00e7\\u00e3o\",\"image\":{\"@type\":\"ImageObject\",\"@id\":\"https:\\\/\\\/www.jornalja.com.br\\\/arquivo\\\/parlamentares-e-ativistas-se-unem-para-pressionar-po-novo-projeto\\\/#authorImage\",\"url\":\"https:\\\/\\\/secure.gravatar.com\\\/avatar\\\/469fd857d6605ad19919d27ed29d35a968a25f6e8fd9318356bbb7f57aae9c65?s=96&d=mm&r=g\",\"width\":96,\"height\":96,\"caption\":\"da Reda\\u00e7\\u00e3o\"}},{\"@type\":\"WebPage\",\"@id\":\"https:\\\/\\\/www.jornalja.com.br\\\/arquivo\\\/parlamentares-e-ativistas-se-unem-para-pressionar-po-novo-projeto\\\/#webpage\",\"url\":\"https:\\\/\\\/www.jornalja.com.br\\\/arquivo\\\/parlamentares-e-ativistas-se-unem-para-pressionar-po-novo-projeto\\\/\",\"name\":\"Parlamentares e ativistas se unem para pressionar por novo projeto | Arquivo\",\"inLanguage\":\"pt-BR\",\"isPartOf\":{\"@id\":\"https:\\\/\\\/www.jornalja.com.br\\\/arquivo\\\/#website\"},\"breadcrumb\":{\"@id\":\"https:\\\/\\\/www.jornalja.com.br\\\/arquivo\\\/parlamentares-e-ativistas-se-unem-para-pressionar-po-novo-projeto\\\/#breadcrumblist\"},\"author\":{\"@id\":\"https:\\\/\\\/www.jornalja.com.br\\\/arquivo\\\/author\\\/daredacao\\\/#author\"},\"creator\":{\"@id\":\"https:\\\/\\\/www.jornalja.com.br\\\/arquivo\\\/author\\\/daredacao\\\/#author\"},\"image\":{\"@type\":\"ImageObject\",\"url\":32513,\"@id\":\"https:\\\/\\\/www.jornalja.com.br\\\/arquivo\\\/parlamentares-e-ativistas-se-unem-para-pressionar-po-novo-projeto\\\/#mainImage\"},\"primaryImageOfPage\":{\"@id\":\"https:\\\/\\\/www.jornalja.com.br\\\/arquivo\\\/parlamentares-e-ativistas-se-unem-para-pressionar-po-novo-projeto\\\/#mainImage\"},\"datePublished\":\"2016-05-05T18:13:20-03:00\",\"dateModified\":\"2016-05-05T18:13:20-03:00\"},{\"@type\":\"WebSite\",\"@id\":\"https:\\\/\\\/www.jornalja.com.br\\\/arquivo\\\/#website\",\"url\":\"https:\\\/\\\/www.jornalja.com.br\\\/arquivo\\\/\",\"name\":\"Arquivo\",\"description\":\"Jornal J\\u00c1 | Porto Alegre\",\"inLanguage\":\"pt-BR\",\"publisher\":{\"@id\":\"https:\\\/\\\/www.jornalja.com.br\\\/arquivo\\\/#organization\"}}]}\n\t\t<\/script>\n\t\t<!-- All in One SEO -->\n\n","aioseo_head_json":{"title":"Parlamentares e ativistas se unem para pressionar por novo projeto | Arquivo","description":"","canonical_url":"https:\/\/www.jornalja.com.br\/arquivo\/parlamentares-e-ativistas-se-unem-para-pressionar-po-novo-projeto\/","robots":"max-image-preview:large","keywords":"","webmasterTools":{"miscellaneous":""},"schema":{"@context":"https:\/\/schema.org","@graph":[{"@type":"BlogPosting","@id":"https:\/\/www.jornalja.com.br\/arquivo\/parlamentares-e-ativistas-se-unem-para-pressionar-po-novo-projeto\/#blogposting","name":"Parlamentares e ativistas se unem para pressionar por novo projeto | Arquivo","headline":"Parlamentares e ativistas se unem para pressionar por novo projeto","author":{"@id":"https:\/\/www.jornalja.com.br\/arquivo\/author\/daredacao\/#author"},"publisher":{"@id":"https:\/\/www.jornalja.com.br\/arquivo\/#organization"},"image":{"@type":"ImageObject","url":32513},"datePublished":"2016-05-05T18:13:20-03:00","dateModified":"2016-05-05T18:13:20-03:00","inLanguage":"pt-BR","mainEntityOfPage":{"@id":"https:\/\/www.jornalja.com.br\/arquivo\/parlamentares-e-ativistas-se-unem-para-pressionar-po-novo-projeto\/#webpage"},"isPartOf":{"@id":"https:\/\/www.jornalja.com.br\/arquivo\/parlamentares-e-ativistas-se-unem-para-pressionar-po-novo-projeto\/#webpage"},"articleSection":"HOTSITE CAIS"},{"@type":"BreadcrumbList","@id":"https:\/\/www.jornalja.com.br\/arquivo\/parlamentares-e-ativistas-se-unem-para-pressionar-po-novo-projeto\/#breadcrumblist","itemListElement":[{"@type":"ListItem","@id":"https:\/\/www.jornalja.com.br\/arquivo#listItem","position":1,"name":"Home","item":"https:\/\/www.jornalja.com.br\/arquivo","nextItem":{"@type":"ListItem","@id":"https:\/\/www.jornalja.com.br\/arquivo\/category\/hotsite-cais\/#listItem","name":"HOTSITE CAIS"}},{"@type":"ListItem","@id":"https:\/\/www.jornalja.com.br\/arquivo\/category\/hotsite-cais\/#listItem","position":2,"name":"HOTSITE CAIS","item":"https:\/\/www.jornalja.com.br\/arquivo\/category\/hotsite-cais\/","nextItem":{"@type":"ListItem","@id":"https:\/\/www.jornalja.com.br\/arquivo\/parlamentares-e-ativistas-se-unem-para-pressionar-po-novo-projeto\/#listItem","name":"Parlamentares e ativistas se unem para pressionar por novo projeto"},"previousItem":{"@type":"ListItem","@id":"https:\/\/www.jornalja.com.br\/arquivo#listItem","name":"Home"}},{"@type":"ListItem","@id":"https:\/\/www.jornalja.com.br\/arquivo\/parlamentares-e-ativistas-se-unem-para-pressionar-po-novo-projeto\/#listItem","position":3,"name":"Parlamentares e ativistas se unem para pressionar por novo projeto","previousItem":{"@type":"ListItem","@id":"https:\/\/www.jornalja.com.br\/arquivo\/category\/hotsite-cais\/#listItem","name":"HOTSITE CAIS"}}]},{"@type":"Organization","@id":"https:\/\/www.jornalja.com.br\/arquivo\/#organization","name":"Jornal J\u00c1","description":"Jornal J\u00c1 | Porto Alegre","url":"https:\/\/www.jornalja.com.br\/arquivo\/","telephone":"+555133307272","logo":{"@type":"ImageObject","url":"https:\/\/www.jornalja.com.br\/wp-content\/uploads\/cards\/JAslogan.png","@id":"https:\/\/www.jornalja.com.br\/arquivo\/parlamentares-e-ativistas-se-unem-para-pressionar-po-novo-projeto\/#organizationLogo"},"image":{"@id":"https:\/\/www.jornalja.com.br\/arquivo\/parlamentares-e-ativistas-se-unem-para-pressionar-po-novo-projeto\/#organizationLogo"}},{"@type":"Person","@id":"https:\/\/www.jornalja.com.br\/arquivo\/author\/daredacao\/#author","url":"https:\/\/www.jornalja.com.br\/arquivo\/author\/daredacao\/","name":"da Reda\u00e7\u00e3o","image":{"@type":"ImageObject","@id":"https:\/\/www.jornalja.com.br\/arquivo\/parlamentares-e-ativistas-se-unem-para-pressionar-po-novo-projeto\/#authorImage","url":"https:\/\/secure.gravatar.com\/avatar\/469fd857d6605ad19919d27ed29d35a968a25f6e8fd9318356bbb7f57aae9c65?s=96&d=mm&r=g","width":96,"height":96,"caption":"da Reda\u00e7\u00e3o"}},{"@type":"WebPage","@id":"https:\/\/www.jornalja.com.br\/arquivo\/parlamentares-e-ativistas-se-unem-para-pressionar-po-novo-projeto\/#webpage","url":"https:\/\/www.jornalja.com.br\/arquivo\/parlamentares-e-ativistas-se-unem-para-pressionar-po-novo-projeto\/","name":"Parlamentares e ativistas se unem para pressionar por novo projeto | Arquivo","inLanguage":"pt-BR","isPartOf":{"@id":"https:\/\/www.jornalja.com.br\/arquivo\/#website"},"breadcrumb":{"@id":"https:\/\/www.jornalja.com.br\/arquivo\/parlamentares-e-ativistas-se-unem-para-pressionar-po-novo-projeto\/#breadcrumblist"},"author":{"@id":"https:\/\/www.jornalja.com.br\/arquivo\/author\/daredacao\/#author"},"creator":{"@id":"https:\/\/www.jornalja.com.br\/arquivo\/author\/daredacao\/#author"},"image":{"@type":"ImageObject","url":32513,"@id":"https:\/\/www.jornalja.com.br\/arquivo\/parlamentares-e-ativistas-se-unem-para-pressionar-po-novo-projeto\/#mainImage"},"primaryImageOfPage":{"@id":"https:\/\/www.jornalja.com.br\/arquivo\/parlamentares-e-ativistas-se-unem-para-pressionar-po-novo-projeto\/#mainImage"},"datePublished":"2016-05-05T18:13:20-03:00","dateModified":"2016-05-05T18:13:20-03:00"},{"@type":"WebSite","@id":"https:\/\/www.jornalja.com.br\/arquivo\/#website","url":"https:\/\/www.jornalja.com.br\/arquivo\/","name":"Arquivo","description":"Jornal J\u00c1 | Porto Alegre","inLanguage":"pt-BR","publisher":{"@id":"https:\/\/www.jornalja.com.br\/arquivo\/#organization"}}]},"og:locale":"pt_BR","og:site_name":"Arquivo | Jornal J\u00c1 | Porto Alegre","og:type":"article","og:title":"Parlamentares e ativistas se unem para pressionar por novo projeto | Arquivo","og:url":"https:\/\/www.jornalja.com.br\/arquivo\/parlamentares-e-ativistas-se-unem-para-pressionar-po-novo-projeto\/","og:image":"https:\/\/www.jornalja.com.br\/wp-content\/uploads\/2016\/05\/Frente-Parlamentar-Cais-Mau\u00e12-300x201.jpg","og:image:secure_url":"https:\/\/www.jornalja.com.br\/wp-content\/uploads\/2016\/05\/Frente-Parlamentar-Cais-Mau\u00e12-300x201.jpg","article:published_time":"2016-05-05T21:13:20+00:00","article:modified_time":"2016-05-05T21:13:20+00:00","twitter:card":"summary","twitter:title":"Parlamentares e ativistas se unem para pressionar por novo projeto | Arquivo","twitter:image":"https:\/\/www.jornalja.com.br\/economics\/wp-content\/uploads\/sites\/11\/2026\/08\/ja-folhaderosto-facebook.jpg"},"aioseo_meta_data":{"post_id":"32510","title":null,"description":null,"keywords":null,"keyphrases":null,"primary_term":null,"canonical_url":null,"og_title":null,"og_description":null,"og_object_type":"default","og_image_type":"default","og_image_url":null,"og_image_width":null,"og_image_height":null,"og_image_custom_url":null,"og_image_custom_fields":null,"og_video":null,"og_custom_url":null,"og_article_section":null,"og_article_tags":null,"twitter_use_og":false,"twitter_card":"default","twitter_image_type":"default","twitter_image_url":null,"twitter_image_custom_url":null,"twitter_image_custom_fields":null,"twitter_title":null,"twitter_description":null,"schema":{"blockGraphs":[],"customGraphs":[],"default":{"data":{"Article":[],"Course":[],"Dataset":[],"FAQPage":[],"Movie":[],"Person":[],"Product":[],"ProductReview":[],"Car":[],"Recipe":[],"Service":[],"SoftwareApplication":[],"WebPage":[]},"graphName":"","isEnabled":true},"graphs":[],"defaultGraph":"","defaultPostTypeGraph":""},"schema_type":null,"schema_type_options":null,"pillar_content":false,"robots_default":true,"robots_noindex":false,"robots_noarchive":false,"robots_nosnippet":false,"robots_nofollow":false,"robots_noimageindex":false,"robots_noodp":false,"robots_notranslate":false,"robots_max_snippet":null,"robots_max_videopreview":null,"robots_max_imagepreview":"large","priority":null,"frequency":null,"location":null,"local_seo":null,"breadcrumb_settings":null,"limit_modified_date":false,"ai":null,"created":"2020-12-20 20:56:48","updated":"2025-07-19 13:29:02","seo_analyzer_scan_date":null,"focus_keyword":null,"additional_keywords":null,"truseo_locale":null},"jetpack_sharing_enabled":true,"jetpack-related-posts":[{"id":13128,"url":"https:\/\/www.jornalja.com.br\/arquivo\/maconha-terra-diz-que-uso-medicinal-e-desculpa\/","url_meta":{"origin":32510,"position":0},"title":"Maconha: Terra diz que uso medicinal \u00e9 desculpa","author":"Patr\u00edcia Marini","date":"4 de junho de 2014","format":false,"excerpt":"A condi\u00e7\u00e3o de pol\u00edtico, em \u00e9poca de campanha de campanha eleitoral, tira for\u00e7a do discurso do m\u00e9dico Osmar Terra contra a legaliza\u00e7\u00e3o da maconha. A tese dele de que a libera\u00e7\u00e3o vai ampliar exponencialmente o consumo \u00e9 discutivel, o consumo \u00e9 corrente. Mas seus alertas quanto aos riscos tem que\u2026","rel":"","context":"Em &quot;X.Categorias velhas&quot;","block_context":{"text":"X.Categorias velhas","link":"https:\/\/www.jornalja.com.br\/arquivo\/category\/x-categorias-velhas\/"},"img":{"alt_text":"","src":"","width":0,"height":0},"classes":[]},{"id":13124,"url":"https:\/\/www.jornalja.com.br\/arquivo\/sangue-latino-no-iecine\/","url_meta":{"origin":32510,"position":1},"title":"Sangue latino no IECINE","author":"da Reda\u00e7\u00e3o","date":"18 de maio de 2014","format":false,"excerpt":"Francisco Ribeiro O Instituto Estadual de Cinema (IECINE) tem a frente, desde abril \u00faltimo, um novo diretor, o cineasta colombiano Juan Zapata, 36, que substitui Luiz Alberto Cassol. Radicado h\u00e1 dez anos em Porto Alegre, Zapata tem diante de si o desafio de conduzir at\u00e9 o final do ano um\u2026","rel":"","context":"Em &quot;Cultura-Geral&quot;","block_context":{"text":"Cultura-Geral","link":"https:\/\/www.jornalja.com.br\/arquivo\/category\/materiasecundaria\/"},"img":{"alt_text":"","src":"","width":0,"height":0},"classes":[]},{"id":5440,"url":"https:\/\/www.jornalja.com.br\/arquivo\/casarao-da-venancio-destino-permanece-incerto\/","url_meta":{"origin":32510,"position":2},"title":"Estado ainda n\u00e3o sabe o que fazer com casar\u00e3o abandonado h\u00e1 20 anos","author":"Elmar Bones","date":"6 de julho de 2009","format":false,"excerpt":"O casar\u00e3o amarelo, numa esquina nobre de Porto Alegre (Ven\u00e2ncio Aires com Jo\u00e3o Pessoa), j\u00e1 abrigou uma escola. H\u00e1 duas d\u00e9cadas, pelo menos, est\u00e1 abandonado, porque seu propriet\u00e1rio, o governo do Estado do Rio Grande do Sul, n\u00e3o consegue achar um destino para ele. Planos n\u00e3o faltaram. O governador Ol\u00edvio\u2026","rel":"","context":"Em &quot;X.Categorias velhas&quot;","block_context":{"text":"X.Categorias velhas","link":"https:\/\/www.jornalja.com.br\/arquivo\/category\/x-categorias-velhas\/"},"img":{"alt_text":"geraldo1","src":"https:\/\/i0.wp.com\/www.jornalja.com.br\/wp-content\/uploads\/2009\/07\/geraldo1.jpg?resize=350%2C200&ssl=1","width":350,"height":200},"classes":[]},{"id":13240,"url":"https:\/\/www.jornalja.com.br\/arquivo\/plano-diretor-estamos-construindo-o-caos\/","url_meta":{"origin":32510,"position":3},"title":"Plano diretor: &quot;Estamos construindo o caos&quot;","author":"Patr\u00edcia Marini","date":"26 de maio de 2014","format":false,"excerpt":"Desabafo que arquiteta Eliana Castilhos, delegada da Regi\u00e3o de Planejamento 1, postou nas redes sociais \u00e9 um testemunho do ambiente que se criou no Conselho do Plano Diretor de Porto Alegre, onde a aprova\u00e7\u00e3o de grandes empreendimentos \u00e9 empurrada guela abaixo dos conselheiros. Ao CMDUA Como delegada da Regi\u00e3o de\u2026","rel":"","context":"Em &quot;Geral&quot;","block_context":{"text":"Geral","link":"https:\/\/www.jornalja.com.br\/arquivo\/category\/geral\/"},"img":{"alt_text":"","src":"","width":0,"height":0},"classes":[]},{"id":14241,"url":"https:\/\/www.jornalja.com.br\/arquivo\/o-guaiba-nas-imagens-poeticas-de-achutti\/","url_meta":{"origin":32510,"position":4},"title":"O Gua\u00edba nas imagens po\u00e9ticas de Achutti","author":"da Reda\u00e7\u00e3o","date":"18 de junho de 2014","format":false,"excerpt":"Em \u201cO Gua\u00edba por Achutti\u201d \u2013 obra financiada via Minist\u00e9rio da Cultura, produ\u00e7\u00e3o executiva de Pedro Longhi, e Fl\u00e1vio Wild como designer \u2013, o fot\u00f3grafo revela a beleza e as mazelas de um espa\u00e7o aqu\u00e1tico de \u00e1guas sempre renovadas, cheio de hist\u00f3rias e lendas como as das cidades que foram\u2026","rel":"","context":"Em &quot;Cultura-Geral&quot;","block_context":{"text":"Cultura-Geral","link":"https:\/\/www.jornalja.com.br\/arquivo\/category\/materiasecundaria\/"},"img":{"alt_text":"","src":"","width":0,"height":0},"classes":[]},{"id":12960,"url":"https:\/\/www.jornalja.com.br\/arquivo\/populacao-culpa-empresas-pela-greve-dos-rodoviarios\/","url_meta":{"origin":32510,"position":5},"title":"Popula\u00e7\u00e3o culpa empresas pela greve","author":"Patr\u00edcia Marini","date":"14 de fevereiro de 2014","format":false,"excerpt":"Pesquisa divulgada na edi\u00e7\u00e3o do jornal Metro desta sexta-feira,14, comprova o velho ditado: \u00e9 poss\u00edvel enganar muitos por algum tempo, mas n\u00e3o \u00e9 poss\u00edvel enganar a todos o tempo inteiro. A principal revela\u00e7\u00e3o foi que 59,8% dos entrevistados apontaram as empresas como as principais respons\u00e1veis pela grave e 46% culparam\u2026","rel":"","context":"Em &quot;X.Categorias velhas&quot;","block_context":{"text":"X.Categorias velhas","link":"https:\/\/www.jornalja.com.br\/arquivo\/category\/x-categorias-velhas\/"},"img":{"alt_text":"","src":"","width":0,"height":0},"classes":[]}],"jetpack_shortlink":"https:\/\/wp.me\/pbQjBd-8sm","jetpack_featured_media_url":"","_links":{"self":[{"href":"https:\/\/www.jornalja.com.br\/arquivo\/wp-json\/wp\/v2\/posts\/32510","targetHints":{"allow":["GET"]}}],"collection":[{"href":"https:\/\/www.jornalja.com.br\/arquivo\/wp-json\/wp\/v2\/posts"}],"about":[{"href":"https:\/\/www.jornalja.com.br\/arquivo\/wp-json\/wp\/v2\/types\/post"}],"author":[{"embeddable":true,"href":"https:\/\/www.jornalja.com.br\/arquivo\/wp-json\/wp\/v2\/users\/4"}],"replies":[{"embeddable":true,"href":"https:\/\/www.jornalja.com.br\/arquivo\/wp-json\/wp\/v2\/comments?post=32510"}],"version-history":[{"count":0,"href":"https:\/\/www.jornalja.com.br\/arquivo\/wp-json\/wp\/v2\/posts\/32510\/revisions"}],"wp:attachment":[{"href":"https:\/\/www.jornalja.com.br\/arquivo\/wp-json\/wp\/v2\/media?parent=32510"}],"wp:term":[{"taxonomy":"category","embeddable":true,"href":"https:\/\/www.jornalja.com.br\/arquivo\/wp-json\/wp\/v2\/categories?post=32510"},{"taxonomy":"post_tag","embeddable":true,"href":"https:\/\/www.jornalja.com.br\/arquivo\/wp-json\/wp\/v2\/tags?post=32510"}],"curies":[{"name":"wp","href":"https:\/\/api.w.org\/{rel}","templated":true}]}}