{"id":32525,"date":"2016-05-05T18:04:13","date_gmt":"2016-05-05T21:04:13","guid":{"rendered":"https:\/\/www.jornalja.com.br\/?p=32525"},"modified":"2016-05-05T18:04:13","modified_gmt":"2016-05-05T21:04:13","slug":"marcha-dos-mentecaptos","status":"publish","type":"post","link":"https:\/\/www.jornalja.com.br\/arquivo\/marcha-dos-mentecaptos\/","title":{"rendered":"A marcha dos mentecaptos*"},"content":{"rendered":"<p><span class=\"assina\">Benedito Tadeu C\u00e9sar**<\/span><br \/>\nNesta quarta, 4 de maio de \u00a02016, na C\u00e2mara Municipal de Porto Alegre, seria reavaliada a Mo\u00e7\u00e3o de Rep\u00fadio ao Reitor, ao Vice Reitor e a um professor da Faculdade de Direito da UFRGS por terem permitido e participado de debates sobre o momento pol\u00edtico atual na universidade.<br \/>\nNa vota\u00e7\u00e3o realizada na semana passada, a mo\u00e7\u00e3o foi aprovada por 14 votos contra 13.<br \/>\nOs debates foram acalorados. O audit\u00f3rio da CMPA foi ocupado por manifestantes a favor e contra a mo\u00e7\u00e3o e os \u00e2nimos se exaltaram, tanto no Plen\u00e1rio quanto no Audit\u00f3rio.<br \/>\nA ala da direita urrava improp\u00e9rios contra o &#8220;comunismo&#8221; e pela &#8220;escola sem ideologia&#8221;. A da esquerda gritava por democracia e contra o fascismo.<br \/>\nTodos os vereadores que se manifestaram, a n\u00e3o ser o proponente da mo\u00e7\u00e3o, declararam voto contr\u00e1rio a ela, em nome da liberdade de pensamento e de express\u00e3o. O proponente, em seu discurso, em dado momento, fez men\u00e7\u00e3o a mim, afirmando que o professor Benedito Tadeu C\u00e9sar, militante do Partido dos Trabalhadores, se utiliza dos bens p\u00fablicos para fazer prega\u00e7\u00e3o ideol\u00f3gica em sala de aula, utilizando equipamentos e emails da universidade para isso.<br \/>\nAo final dos debates, a mo\u00e7\u00e3o em discuss\u00e3o foi retirada, obedecendo a um acordo feito entre as partes em disputa. O vereador que censurava a UFRGS, seu reitor, vice e professores, retirou a mo\u00e7\u00e3o em troca da retirada de mo\u00e7\u00e3o anterior que censurava o Sindicato M\u00e9dico do Rio Grande do Sul (Simers) pelo apoio que expressou \u00e0 m\u00e9dica pediatra que se recusou a atender ao filho da suplente de vereadora do PT, Ariane Leit\u00e3o, por motivos ideol\u00f3gicos.<br \/>\nNa sa\u00edda do Audit\u00f3rio da CMPA, cruzei com o vereador proponente da Mo\u00e7\u00e3o de Rep\u00fadio \u00e0 UFRGS e que havia feito refer\u00eancia a mim. Tentei esclarecer, cordialmente, que ele estava mal informado a meu respeito.<br \/>\nDisse-lhe que, mesmo que eu quisesse me utilizar dos bens, do ambiente e dos alunos da UFRGS para fazer prega\u00e7\u00e3o ideol\u00f3gica, eu n\u00e3o poderia pelo simples fato de j\u00e1 ter me APOSENTADO desde o m\u00eas de julho de 2010.<br \/>\nDisse-lhe que a desinforma\u00e7\u00e3o pode provocar erros graves e que ele deveria ser mais cuidadoso em suas afirma\u00e7\u00f5es. Ele respondeu que eu havia proposto \u00e0 Associa\u00e7\u00e3o dos Docentes da UFRGS uma nota contra a sua mo\u00e7\u00e3o, ao que eu lhe respondi que ele continuava mal informado, pois, n\u00e3o obstante eu tenha sido diretor da ADUFRGS, me encontro h\u00e1 anos afastado da milit\u00e2ncia docente.<br \/>\nExaltado, ele p\u00f4s-se a gritar, chamando-me de filho da puta!<br \/>\nSubi o tom, respondendo-lhe que lhe faltava educa\u00e7\u00e3o e que ele me devia desculpas, tanto pela cal\u00fania relativa ao uso indevido da posi\u00e7\u00e3o de docente universit\u00e1rio, quanto pela ofensa que ele acabava de me fazer.<br \/>\nAfirmei que se ele n\u00e3o o fizesse eu o processaria por cal\u00fania e inj\u00faria. Chamei-o de mal educado e de mentecapto* e, ao mesmo tempo, afirmei que ele sequer deveria saber o significado desta palavra.<br \/>\n\u00c2nimos serenados, dirigi-me \u00e0 sa\u00edda do edif\u00edcio, quando fui alcan\u00e7ado por um funcion\u00e1rio da CMPA, informando-me que tr\u00eas integrantes da Banda Loca, que compunham a maioria da plat\u00e9ia favor\u00e1vel \u00e0 Mo\u00e7\u00e3o de Rep\u00fadio aos Reitores e Professor da UFRGS, estavam planejando me bater na sa\u00edda do pr\u00e9dio.<br \/>\nCaminhamos at\u00e9 a porta principal, no andar superior, e, ali, o funcion\u00e1rio chamou dois seguran\u00e7as que se encarregaram de retirar os indiv\u00edduos que me esperavam, com cara de poucos amigos, na rampa de acesso.<br \/>\nEnquanto esperava para sair em seguran\u00e7a, algumas senhoras de idade avan\u00e7ada e mo\u00e7as aproximaram-se do vereador Adeli Sell (PT), celular em punho, chamando-o de &#8220;corno&#8221;, na tentativa de fazer com que ele revidasse.<br \/>\nOutros integrantes da Banda Loca surgiram, tamb\u00e9m com celulares em punho, e tentaram provocar tumulto, nos empurrando e insultando, com o objetivo de criar uma rea\u00e7\u00e3o e film\u00e1-la.<br \/>\nAntes disso, ainda durante os debates em Plen\u00e1rio, eles j\u00e1 haviam provocado um tumulto envolvendo uma aluna da UFRGS, que foi intimidada, e um professor universit\u00e1rio de outra universidade que saiu em sua defesa.<br \/>\nNaquele momento, ele filmaram a rea\u00e7\u00e3o do professor e est\u00e3o divulgando o v\u00eddeo editado na p\u00e1gina da Banda Loca e do MBL.<br \/>\nA direita raivosa e obscurantista avan\u00e7a.<br \/>\nNa verdade, por tr\u00e1s do aparente recuo advindo da retirada da Mo\u00e7\u00e3o de Rep\u00fadio \u00e0 UFRGS, o que ocorreu foi uma vit\u00f3ria, ainda que relativa, desta direita babona.<br \/>\nAo que tudo indica, a Mo\u00e7\u00e3o contra a UFRGS foi uma rea\u00e7\u00e3o contra a Mo\u00e7\u00e3o de Rep\u00fadio ao Simers e seu apoio \u00e0 discrimina\u00e7\u00e3o ideol\u00f3gica a uma crian\u00e7a.<br \/>\nAtacaram a UFRGS para conseguir um acordo que sepulta um ato de barb\u00e1rie contra a intelig\u00eancia e a toler\u00e2ncia pol\u00edtica.<br \/>\nO acordo feito, ainda que necess\u00e1rio para manter o equil\u00edbrio na CMPA, favorece enormemente \u00e0s for\u00e7as do atraso e da incivilidade.<br \/>\n* <em>mentecapto\u00a0adjetivo substantivo masculino<\/em><br \/>\n1. que ou quem \u00e9 mentalmente desordenado; que ou quem perdeu o ju\u00edzo, o uso da raz\u00e3o; alienado, louco.<br \/>\n2. que ou quem \u00e9 destitu\u00eddo de intelig\u00eancia, de bom senso; tolo, n\u00e9scio, idiota.<br \/>\n<strong>**Benedito Tadeu C\u00e9sar \u00e9 cientista pol\u00edtico<\/strong><\/p>\n","protected":false},"excerpt":{"rendered":"<p>Benedito Tadeu C\u00e9sar** Nesta quarta, 4 de maio de \u00a02016, na C\u00e2mara Municipal de Porto Alegre, seria reavaliada a Mo\u00e7\u00e3o de Rep\u00fadio ao Reitor, ao Vice Reitor e a um professor da Faculdade de Direito da UFRGS por terem permitido e participado de debates sobre o momento pol\u00edtico atual na universidade. Na vota\u00e7\u00e3o realizada na [&hellip;]<\/p>\n","protected":false},"author":4,"featured_media":0,"comment_status":"open","ping_status":"closed","sticky":false,"template":"","format":"standard","meta":{"_jetpack_newsletter_access":"","_jetpack_dont_email_post_to_subs":false,"_jetpack_newsletter_tier_id":0,"_jetpack_memberships_contains_paywalled_content":false,"_jetpack_feature_clip_id":0,"_jetpack_memberships_contains_paid_content":false,"footnotes":"","jetpack_post_was_ever_published":false},"categories":[10],"tags":[],"class_list":["post-32525","post","type-post","status-publish","format-standard","hentry","category-analiseopiniao"],"aioseo_notices":[],"aioseo_head":"\n\t\t<!-- All in One SEO 5.0.1.1 - aioseo.com -->\n\t<meta name=\"robots\" content=\"max-image-preview:large\" \/>\n\t<meta name=\"author\" content=\"da Reda\u00e7\u00e3o\"\/>\n\t<link rel=\"canonical\" href=\"https:\/\/www.jornalja.com.br\/arquivo\/marcha-dos-mentecaptos\/\" \/>\n\t<meta name=\"generator\" content=\"All in One SEO (AIOSEO) 5.0.1.1\" \/>\n\t\t<meta property=\"og:locale\" content=\"pt_BR\" \/>\n\t\t<meta property=\"og:site_name\" content=\"Arquivo | Jornal J\u00c1 | Porto Alegre\" \/>\n\t\t<meta property=\"og:type\" content=\"article\" \/>\n\t\t<meta property=\"og:title\" content=\"A marcha dos mentecaptos* | Arquivo\" \/>\n\t\t<meta property=\"og:url\" content=\"https:\/\/www.jornalja.com.br\/arquivo\/marcha-dos-mentecaptos\/\" \/>\n\t\t<meta property=\"og:image\" content=\"https:\/\/www.jornalja.com.br\/economics\/wp-content\/uploads\/sites\/11\/2026\/08\/ja-folhaderosto-facebook.jpg\" \/>\n\t\t<meta property=\"og:image:secure_url\" content=\"https:\/\/www.jornalja.com.br\/economics\/wp-content\/uploads\/sites\/11\/2026\/08\/ja-folhaderosto-facebook.jpg\" \/>\n\t\t<meta property=\"article:published_time\" content=\"2016-05-05T21:04:13+00:00\" \/>\n\t\t<meta property=\"article:modified_time\" content=\"2016-05-05T21:04:13+00:00\" \/>\n\t\t<meta name=\"twitter:card\" content=\"summary\" \/>\n\t\t<meta name=\"twitter:title\" content=\"A marcha dos mentecaptos* | Arquivo\" \/>\n\t\t<meta name=\"twitter:image\" content=\"https:\/\/www.jornalja.com.br\/economics\/wp-content\/uploads\/sites\/11\/2026\/08\/ja-folhaderosto-facebook.jpg\" \/>\n\t\t<script type=\"application\/ld+json\" class=\"aioseo-schema\">\n\t\t\t{\"@context\":\"https:\\\/\\\/schema.org\",\"@graph\":[{\"@type\":\"BlogPosting\",\"@id\":\"https:\\\/\\\/www.jornalja.com.br\\\/arquivo\\\/marcha-dos-mentecaptos\\\/#blogposting\",\"name\":\"A marcha dos mentecaptos* | Arquivo\",\"headline\":\"A marcha dos mentecaptos*\",\"author\":{\"@id\":\"https:\\\/\\\/www.jornalja.com.br\\\/arquivo\\\/author\\\/daredacao\\\/#author\"},\"publisher\":{\"@id\":\"https:\\\/\\\/www.jornalja.com.br\\\/arquivo\\\/#organization\"},\"image\":{\"@type\":\"ImageObject\",\"url\":\"https:\\\/\\\/www.jornalja.com.br\\\/wp-content\\\/uploads\\\/cards\\\/JAslogan.png\",\"@id\":\"https:\\\/\\\/www.jornalja.com.br\\\/arquivo\\\/#articleImage\"},\"datePublished\":\"2016-05-05T18:04:13-03:00\",\"dateModified\":\"2016-05-05T18:04:13-03:00\",\"inLanguage\":\"pt-BR\",\"mainEntityOfPage\":{\"@id\":\"https:\\\/\\\/www.jornalja.com.br\\\/arquivo\\\/marcha-dos-mentecaptos\\\/#webpage\"},\"isPartOf\":{\"@id\":\"https:\\\/\\\/www.jornalja.com.br\\\/arquivo\\\/marcha-dos-mentecaptos\\\/#webpage\"},\"articleSection\":\"AN\\u00c1LISE&amp;OPINI\\u00c3O\"},{\"@type\":\"BreadcrumbList\",\"@id\":\"https:\\\/\\\/www.jornalja.com.br\\\/arquivo\\\/marcha-dos-mentecaptos\\\/#breadcrumblist\",\"itemListElement\":[{\"@type\":\"ListItem\",\"@id\":\"https:\\\/\\\/www.jornalja.com.br\\\/arquivo#listItem\",\"position\":1,\"name\":\"Home\",\"item\":\"https:\\\/\\\/www.jornalja.com.br\\\/arquivo\",\"nextItem\":{\"@type\":\"ListItem\",\"@id\":\"https:\\\/\\\/www.jornalja.com.br\\\/arquivo\\\/category\\\/analiseopiniao\\\/#listItem\",\"name\":\"AN\\u00c1LISE&amp;OPINI\\u00c3O\"}},{\"@type\":\"ListItem\",\"@id\":\"https:\\\/\\\/www.jornalja.com.br\\\/arquivo\\\/category\\\/analiseopiniao\\\/#listItem\",\"position\":2,\"name\":\"AN\\u00c1LISE&amp;OPINI\\u00c3O\",\"item\":\"https:\\\/\\\/www.jornalja.com.br\\\/arquivo\\\/category\\\/analiseopiniao\\\/\",\"nextItem\":{\"@type\":\"ListItem\",\"@id\":\"https:\\\/\\\/www.jornalja.com.br\\\/arquivo\\\/marcha-dos-mentecaptos\\\/#listItem\",\"name\":\"A marcha dos mentecaptos*\"},\"previousItem\":{\"@type\":\"ListItem\",\"@id\":\"https:\\\/\\\/www.jornalja.com.br\\\/arquivo#listItem\",\"name\":\"Home\"}},{\"@type\":\"ListItem\",\"@id\":\"https:\\\/\\\/www.jornalja.com.br\\\/arquivo\\\/marcha-dos-mentecaptos\\\/#listItem\",\"position\":3,\"name\":\"A marcha dos mentecaptos*\",\"previousItem\":{\"@type\":\"ListItem\",\"@id\":\"https:\\\/\\\/www.jornalja.com.br\\\/arquivo\\\/category\\\/analiseopiniao\\\/#listItem\",\"name\":\"AN\\u00c1LISE&amp;OPINI\\u00c3O\"}}]},{\"@type\":\"Organization\",\"@id\":\"https:\\\/\\\/www.jornalja.com.br\\\/arquivo\\\/#organization\",\"name\":\"Jornal J\\u00c1\",\"description\":\"Jornal J\\u00c1 | Porto Alegre\",\"url\":\"https:\\\/\\\/www.jornalja.com.br\\\/arquivo\\\/\",\"telephone\":\"+555133307272\",\"logo\":{\"@type\":\"ImageObject\",\"url\":\"https:\\\/\\\/www.jornalja.com.br\\\/wp-content\\\/uploads\\\/cards\\\/JAslogan.png\",\"@id\":\"https:\\\/\\\/www.jornalja.com.br\\\/arquivo\\\/marcha-dos-mentecaptos\\\/#organizationLogo\"},\"image\":{\"@id\":\"https:\\\/\\\/www.jornalja.com.br\\\/arquivo\\\/marcha-dos-mentecaptos\\\/#organizationLogo\"}},{\"@type\":\"Person\",\"@id\":\"https:\\\/\\\/www.jornalja.com.br\\\/arquivo\\\/author\\\/daredacao\\\/#author\",\"url\":\"https:\\\/\\\/www.jornalja.com.br\\\/arquivo\\\/author\\\/daredacao\\\/\",\"name\":\"da Reda\\u00e7\\u00e3o\",\"image\":{\"@type\":\"ImageObject\",\"@id\":\"https:\\\/\\\/www.jornalja.com.br\\\/arquivo\\\/marcha-dos-mentecaptos\\\/#authorImage\",\"url\":\"https:\\\/\\\/secure.gravatar.com\\\/avatar\\\/469fd857d6605ad19919d27ed29d35a968a25f6e8fd9318356bbb7f57aae9c65?s=96&d=mm&r=g\",\"width\":96,\"height\":96,\"caption\":\"da Reda\\u00e7\\u00e3o\"}},{\"@type\":\"WebPage\",\"@id\":\"https:\\\/\\\/www.jornalja.com.br\\\/arquivo\\\/marcha-dos-mentecaptos\\\/#webpage\",\"url\":\"https:\\\/\\\/www.jornalja.com.br\\\/arquivo\\\/marcha-dos-mentecaptos\\\/\",\"name\":\"A marcha dos mentecaptos* | Arquivo\",\"inLanguage\":\"pt-BR\",\"isPartOf\":{\"@id\":\"https:\\\/\\\/www.jornalja.com.br\\\/arquivo\\\/#website\"},\"breadcrumb\":{\"@id\":\"https:\\\/\\\/www.jornalja.com.br\\\/arquivo\\\/marcha-dos-mentecaptos\\\/#breadcrumblist\"},\"author\":{\"@id\":\"https:\\\/\\\/www.jornalja.com.br\\\/arquivo\\\/author\\\/daredacao\\\/#author\"},\"creator\":{\"@id\":\"https:\\\/\\\/www.jornalja.com.br\\\/arquivo\\\/author\\\/daredacao\\\/#author\"},\"datePublished\":\"2016-05-05T18:04:13-03:00\",\"dateModified\":\"2016-05-05T18:04:13-03:00\"},{\"@type\":\"WebSite\",\"@id\":\"https:\\\/\\\/www.jornalja.com.br\\\/arquivo\\\/#website\",\"url\":\"https:\\\/\\\/www.jornalja.com.br\\\/arquivo\\\/\",\"name\":\"Arquivo\",\"description\":\"Jornal J\\u00c1 | Porto Alegre\",\"inLanguage\":\"pt-BR\",\"publisher\":{\"@id\":\"https:\\\/\\\/www.jornalja.com.br\\\/arquivo\\\/#organization\"}}]}\n\t\t<\/script>\n\t\t<!-- All in One SEO -->\n\n","aioseo_head_json":{"title":"A marcha dos mentecaptos* | Arquivo","description":"","canonical_url":"https:\/\/www.jornalja.com.br\/arquivo\/marcha-dos-mentecaptos\/","robots":"max-image-preview:large","keywords":"","webmasterTools":{"miscellaneous":""},"schema":{"@context":"https:\/\/schema.org","@graph":[{"@type":"BlogPosting","@id":"https:\/\/www.jornalja.com.br\/arquivo\/marcha-dos-mentecaptos\/#blogposting","name":"A marcha dos mentecaptos* | Arquivo","headline":"A marcha dos mentecaptos*","author":{"@id":"https:\/\/www.jornalja.com.br\/arquivo\/author\/daredacao\/#author"},"publisher":{"@id":"https:\/\/www.jornalja.com.br\/arquivo\/#organization"},"image":{"@type":"ImageObject","url":"https:\/\/www.jornalja.com.br\/wp-content\/uploads\/cards\/JAslogan.png","@id":"https:\/\/www.jornalja.com.br\/arquivo\/#articleImage"},"datePublished":"2016-05-05T18:04:13-03:00","dateModified":"2016-05-05T18:04:13-03:00","inLanguage":"pt-BR","mainEntityOfPage":{"@id":"https:\/\/www.jornalja.com.br\/arquivo\/marcha-dos-mentecaptos\/#webpage"},"isPartOf":{"@id":"https:\/\/www.jornalja.com.br\/arquivo\/marcha-dos-mentecaptos\/#webpage"},"articleSection":"AN\u00c1LISE&amp;OPINI\u00c3O"},{"@type":"BreadcrumbList","@id":"https:\/\/www.jornalja.com.br\/arquivo\/marcha-dos-mentecaptos\/#breadcrumblist","itemListElement":[{"@type":"ListItem","@id":"https:\/\/www.jornalja.com.br\/arquivo#listItem","position":1,"name":"Home","item":"https:\/\/www.jornalja.com.br\/arquivo","nextItem":{"@type":"ListItem","@id":"https:\/\/www.jornalja.com.br\/arquivo\/category\/analiseopiniao\/#listItem","name":"AN\u00c1LISE&amp;OPINI\u00c3O"}},{"@type":"ListItem","@id":"https:\/\/www.jornalja.com.br\/arquivo\/category\/analiseopiniao\/#listItem","position":2,"name":"AN\u00c1LISE&amp;OPINI\u00c3O","item":"https:\/\/www.jornalja.com.br\/arquivo\/category\/analiseopiniao\/","nextItem":{"@type":"ListItem","@id":"https:\/\/www.jornalja.com.br\/arquivo\/marcha-dos-mentecaptos\/#listItem","name":"A marcha dos mentecaptos*"},"previousItem":{"@type":"ListItem","@id":"https:\/\/www.jornalja.com.br\/arquivo#listItem","name":"Home"}},{"@type":"ListItem","@id":"https:\/\/www.jornalja.com.br\/arquivo\/marcha-dos-mentecaptos\/#listItem","position":3,"name":"A marcha dos mentecaptos*","previousItem":{"@type":"ListItem","@id":"https:\/\/www.jornalja.com.br\/arquivo\/category\/analiseopiniao\/#listItem","name":"AN\u00c1LISE&amp;OPINI\u00c3O"}}]},{"@type":"Organization","@id":"https:\/\/www.jornalja.com.br\/arquivo\/#organization","name":"Jornal J\u00c1","description":"Jornal J\u00c1 | Porto Alegre","url":"https:\/\/www.jornalja.com.br\/arquivo\/","telephone":"+555133307272","logo":{"@type":"ImageObject","url":"https:\/\/www.jornalja.com.br\/wp-content\/uploads\/cards\/JAslogan.png","@id":"https:\/\/www.jornalja.com.br\/arquivo\/marcha-dos-mentecaptos\/#organizationLogo"},"image":{"@id":"https:\/\/www.jornalja.com.br\/arquivo\/marcha-dos-mentecaptos\/#organizationLogo"}},{"@type":"Person","@id":"https:\/\/www.jornalja.com.br\/arquivo\/author\/daredacao\/#author","url":"https:\/\/www.jornalja.com.br\/arquivo\/author\/daredacao\/","name":"da Reda\u00e7\u00e3o","image":{"@type":"ImageObject","@id":"https:\/\/www.jornalja.com.br\/arquivo\/marcha-dos-mentecaptos\/#authorImage","url":"https:\/\/secure.gravatar.com\/avatar\/469fd857d6605ad19919d27ed29d35a968a25f6e8fd9318356bbb7f57aae9c65?s=96&d=mm&r=g","width":96,"height":96,"caption":"da Reda\u00e7\u00e3o"}},{"@type":"WebPage","@id":"https:\/\/www.jornalja.com.br\/arquivo\/marcha-dos-mentecaptos\/#webpage","url":"https:\/\/www.jornalja.com.br\/arquivo\/marcha-dos-mentecaptos\/","name":"A marcha dos mentecaptos* | Arquivo","inLanguage":"pt-BR","isPartOf":{"@id":"https:\/\/www.jornalja.com.br\/arquivo\/#website"},"breadcrumb":{"@id":"https:\/\/www.jornalja.com.br\/arquivo\/marcha-dos-mentecaptos\/#breadcrumblist"},"author":{"@id":"https:\/\/www.jornalja.com.br\/arquivo\/author\/daredacao\/#author"},"creator":{"@id":"https:\/\/www.jornalja.com.br\/arquivo\/author\/daredacao\/#author"},"datePublished":"2016-05-05T18:04:13-03:00","dateModified":"2016-05-05T18:04:13-03:00"},{"@type":"WebSite","@id":"https:\/\/www.jornalja.com.br\/arquivo\/#website","url":"https:\/\/www.jornalja.com.br\/arquivo\/","name":"Arquivo","description":"Jornal J\u00c1 | Porto Alegre","inLanguage":"pt-BR","publisher":{"@id":"https:\/\/www.jornalja.com.br\/arquivo\/#organization"}}]},"og:locale":"pt_BR","og:site_name":"Arquivo | Jornal J\u00c1 | Porto Alegre","og:type":"article","og:title":"A marcha dos mentecaptos* | Arquivo","og:url":"https:\/\/www.jornalja.com.br\/arquivo\/marcha-dos-mentecaptos\/","og:image":"https:\/\/www.jornalja.com.br\/economics\/wp-content\/uploads\/sites\/11\/2026\/08\/ja-folhaderosto-facebook.jpg","og:image:secure_url":"https:\/\/www.jornalja.com.br\/economics\/wp-content\/uploads\/sites\/11\/2026\/08\/ja-folhaderosto-facebook.jpg","article:published_time":"2016-05-05T21:04:13+00:00","article:modified_time":"2016-05-05T21:04:13+00:00","twitter:card":"summary","twitter:title":"A marcha dos mentecaptos* | Arquivo","twitter:image":"https:\/\/www.jornalja.com.br\/economics\/wp-content\/uploads\/sites\/11\/2026\/08\/ja-folhaderosto-facebook.jpg"},"aioseo_meta_data":{"post_id":"32525","title":null,"description":null,"keywords":null,"keyphrases":null,"primary_term":null,"canonical_url":null,"og_title":null,"og_description":null,"og_object_type":"default","og_image_type":"default","og_image_url":null,"og_image_width":null,"og_image_height":null,"og_image_custom_url":null,"og_image_custom_fields":null,"og_video":null,"og_custom_url":null,"og_article_section":null,"og_article_tags":null,"twitter_use_og":false,"twitter_card":"default","twitter_image_type":"default","twitter_image_url":null,"twitter_image_custom_url":null,"twitter_image_custom_fields":null,"twitter_title":null,"twitter_description":null,"schema":{"blockGraphs":[],"customGraphs":[],"default":{"data":{"Article":[],"Course":[],"Dataset":[],"FAQPage":[],"Movie":[],"Person":[],"Product":[],"ProductReview":[],"Car":[],"Recipe":[],"Service":[],"SoftwareApplication":[],"WebPage":[]},"graphName":"","isEnabled":true},"graphs":[],"defaultGraph":"","defaultPostTypeGraph":""},"schema_type":null,"schema_type_options":null,"pillar_content":false,"robots_default":true,"robots_noindex":false,"robots_noarchive":false,"robots_nosnippet":false,"robots_nofollow":false,"robots_noimageindex":false,"robots_noodp":false,"robots_notranslate":false,"robots_max_snippet":null,"robots_max_videopreview":null,"robots_max_imagepreview":"large","priority":null,"frequency":null,"location":null,"local_seo":null,"breadcrumb_settings":null,"limit_modified_date":false,"ai":null,"created":"2020-12-20 20:56:48","updated":"2025-07-19 13:29:02","seo_analyzer_scan_date":null,"focus_keyword":null,"additional_keywords":null,"truseo_locale":null},"jetpack_sharing_enabled":true,"jetpack-related-posts":[{"id":13128,"url":"https:\/\/www.jornalja.com.br\/arquivo\/maconha-terra-diz-que-uso-medicinal-e-desculpa\/","url_meta":{"origin":32525,"position":0},"title":"Maconha: Terra diz que uso medicinal \u00e9 desculpa","author":"Patr\u00edcia Marini","date":"4 de junho de 2014","format":false,"excerpt":"A condi\u00e7\u00e3o de pol\u00edtico, em \u00e9poca de campanha de campanha eleitoral, tira for\u00e7a do discurso do m\u00e9dico Osmar Terra contra a legaliza\u00e7\u00e3o da maconha. A tese dele de que a libera\u00e7\u00e3o vai ampliar exponencialmente o consumo \u00e9 discutivel, o consumo \u00e9 corrente. Mas seus alertas quanto aos riscos tem que\u2026","rel":"","context":"Em &quot;X.Categorias velhas&quot;","block_context":{"text":"X.Categorias velhas","link":"https:\/\/www.jornalja.com.br\/arquivo\/category\/x-categorias-velhas\/"},"img":{"alt_text":"","src":"","width":0,"height":0},"classes":[]},{"id":13109,"url":"https:\/\/www.jornalja.com.br\/arquivo\/judiciario-reconhece-poluicao-eletromagnetica\/","url_meta":{"origin":32525,"position":1},"title":"Judici\u00e1rio reconhece polui\u00e7\u00e3o eletromagn\u00e9tica","author":"Patr\u00edcia Marini","date":"16 de maio de 2014","format":false,"excerpt":"A\u00e7\u00e3o de duas associa\u00e7\u00f5es de moradores foi acolhida pelo Tribunal de Justi\u00e7a de S\u00e3o Paulo que. em decis\u00e3o in\u00e9dita, determinou a redu\u00e7\u00e3o do campo eletromagn\u00e9tico gerado pelas linhas de transmiss\u00e3o de energia que cortam os bairros City Boa\u00e7ava e Alto de Pinheiros. \u00c9 a primeira vez que um tribunal do\u2026","rel":"","context":"Em &quot;X.Categorias velhas&quot;","block_context":{"text":"X.Categorias velhas","link":"https:\/\/www.jornalja.com.br\/arquivo\/category\/x-categorias-velhas\/"},"img":{"alt_text":"","src":"","width":0,"height":0},"classes":[]},{"id":13240,"url":"https:\/\/www.jornalja.com.br\/arquivo\/plano-diretor-estamos-construindo-o-caos\/","url_meta":{"origin":32525,"position":2},"title":"Plano diretor: &quot;Estamos construindo o caos&quot;","author":"Patr\u00edcia Marini","date":"26 de maio de 2014","format":false,"excerpt":"Desabafo que arquiteta Eliana Castilhos, delegada da Regi\u00e3o de Planejamento 1, postou nas redes sociais \u00e9 um testemunho do ambiente que se criou no Conselho do Plano Diretor de Porto Alegre, onde a aprova\u00e7\u00e3o de grandes empreendimentos \u00e9 empurrada guela abaixo dos conselheiros. Ao CMDUA Como delegada da Regi\u00e3o de\u2026","rel":"","context":"Em &quot;Geral&quot;","block_context":{"text":"Geral","link":"https:\/\/www.jornalja.com.br\/arquivo\/category\/geral\/"},"img":{"alt_text":"","src":"","width":0,"height":0},"classes":[]},{"id":13239,"url":"https:\/\/www.jornalja.com.br\/arquivo\/conselho-desdenha-do-plano-diretor\/","url_meta":{"origin":32525,"position":3},"title":"Porto Alegre: Conselho detona Plano Diretor","author":"Patr\u00edcia Marini","date":"25 de maio de 2014","format":false,"excerpt":"Den\u00fancia do arquiteto e \u00a0urbanista Ibir\u00e1 Santos Lucas. Ele diz que os conselheiros est\u00e3o votando com \"enorme irresponsabilidade\". \"Mudam regime com a maior naturalidade,,,regularizam absurdos de constru\u00e7\u00f5es irregulares... \"O CMDUA est\u00e1 flexibilizando a lei do plano diretor, de uma forma impactante na vida da cidade. Mudam regime com a maior\u2026","rel":"","context":"Em &quot;Geral&quot;","block_context":{"text":"Geral","link":"https:\/\/www.jornalja.com.br\/arquivo\/category\/geral\/"},"img":{"alt_text":"","src":"","width":0,"height":0},"classes":[]},{"id":13101,"url":"https:\/\/www.jornalja.com.br\/arquivo\/morre-um-guerreiro-do-texto\/","url_meta":{"origin":32525,"position":4},"title":"Morre um guerreiro do texto","author":"Patr\u00edcia Marini","date":"14 de maio de 2014","format":false,"excerpt":"Por Ricardo Kotscho Reproduzido do blog do autor, 11\/5\/2014; t\u00edtulo original \u201cE l\u00e1 se foi o nosso Myltainho, guerreiro do texto\u201d. Mi\u00fado e franzino, meu amigo Myltainho era um valente e inconformado guerreiro na luta contra as injusti\u00e7as sociais, a hipocrisia, as maracutaias, o autoritarismo, a intoler\u00e2ncia, a viol\u00eancia, o\u2026","rel":"","context":"Em &quot;Geral&quot;","block_context":{"text":"Geral","link":"https:\/\/www.jornalja.com.br\/arquivo\/category\/geral\/"},"img":{"alt_text":"","src":"","width":0,"height":0},"classes":[]},{"id":5440,"url":"https:\/\/www.jornalja.com.br\/arquivo\/casarao-da-venancio-destino-permanece-incerto\/","url_meta":{"origin":32525,"position":5},"title":"Estado ainda n\u00e3o sabe o que fazer com casar\u00e3o abandonado h\u00e1 20 anos","author":"Elmar Bones","date":"6 de julho de 2009","format":false,"excerpt":"O casar\u00e3o amarelo, numa esquina nobre de Porto Alegre (Ven\u00e2ncio Aires com Jo\u00e3o Pessoa), j\u00e1 abrigou uma escola. H\u00e1 duas d\u00e9cadas, pelo menos, est\u00e1 abandonado, porque seu propriet\u00e1rio, o governo do Estado do Rio Grande do Sul, n\u00e3o consegue achar um destino para ele. Planos n\u00e3o faltaram. O governador Ol\u00edvio\u2026","rel":"","context":"Em &quot;X.Categorias velhas&quot;","block_context":{"text":"X.Categorias velhas","link":"https:\/\/www.jornalja.com.br\/arquivo\/category\/x-categorias-velhas\/"},"img":{"alt_text":"geraldo1","src":"https:\/\/i0.wp.com\/www.jornalja.com.br\/wp-content\/uploads\/2009\/07\/geraldo1.jpg?resize=350%2C200&ssl=1","width":350,"height":200},"classes":[]}],"jetpack_shortlink":"https:\/\/wp.me\/pbQjBd-8sB","jetpack_featured_media_url":"","_links":{"self":[{"href":"https:\/\/www.jornalja.com.br\/arquivo\/wp-json\/wp\/v2\/posts\/32525","targetHints":{"allow":["GET"]}}],"collection":[{"href":"https:\/\/www.jornalja.com.br\/arquivo\/wp-json\/wp\/v2\/posts"}],"about":[{"href":"https:\/\/www.jornalja.com.br\/arquivo\/wp-json\/wp\/v2\/types\/post"}],"author":[{"embeddable":true,"href":"https:\/\/www.jornalja.com.br\/arquivo\/wp-json\/wp\/v2\/users\/4"}],"replies":[{"embeddable":true,"href":"https:\/\/www.jornalja.com.br\/arquivo\/wp-json\/wp\/v2\/comments?post=32525"}],"version-history":[{"count":0,"href":"https:\/\/www.jornalja.com.br\/arquivo\/wp-json\/wp\/v2\/posts\/32525\/revisions"}],"wp:attachment":[{"href":"https:\/\/www.jornalja.com.br\/arquivo\/wp-json\/wp\/v2\/media?parent=32525"}],"wp:term":[{"taxonomy":"category","embeddable":true,"href":"https:\/\/www.jornalja.com.br\/arquivo\/wp-json\/wp\/v2\/categories?post=32525"},{"taxonomy":"post_tag","embeddable":true,"href":"https:\/\/www.jornalja.com.br\/arquivo\/wp-json\/wp\/v2\/tags?post=32525"}],"curies":[{"name":"wp","href":"https:\/\/api.w.org\/{rel}","templated":true}]}}