{"id":33072,"date":"2016-05-19T15:47:09","date_gmt":"2016-05-19T18:47:09","guid":{"rendered":"https:\/\/www.jornalja.com.br\/?p=33072"},"modified":"2016-05-19T15:47:09","modified_gmt":"2016-05-19T18:47:09","slug":"queimando-as-pontes","status":"publish","type":"post","link":"https:\/\/www.jornalja.com.br\/arquivo\/queimando-as-pontes\/","title":{"rendered":"Queimando as pontes"},"content":{"rendered":"<p><strong>PINHEIRO DO VALE<\/strong><br \/>\nA presidente afastada Dilma Rousseff fez sua primeira apari\u00e7\u00e3o p\u00fablica, na quarta feira,\u00a0deixando-se fotografar no Pal\u00e1cio da Alvorada \u00e0 frente de uma tela de computador\u00a0comunicando-se pelas redes sociais.<br \/>\nN\u00e3o se ouviu sua voz nem se leu o conte\u00fado de suas\u00a0mensagens.<br \/>\nN\u00e3o seria esse um bom dia para dar o troco a seus algozes, pois o carteiro levara, h\u00e1 pouco,\u00a0um of\u00edcio expedido pela ministra Rosa Webber, do Supremo Tribunal Federal, pedindo que a\u00a0\u201cpresidenta\u201d se explicasse sobre o que ela quer dizer com \u201cgolpe\u201d.<br \/>\nDevido a esse discurso desqualificando o ritual do afastamento, Dilma estaria criando mais\u00a0uma aresta a lhe dificultar o caminho de volta para o Pal\u00e1cio do Planalto.<br \/>\nComo disse o ex-governador e senador paranaense, Roberto Requi\u00e3o, a presidente afastada est\u00e1 queimando as\u00a0pontes.<br \/>\nSeus assessores que ainda t\u00eam voz, cuidadosamente ponderam que ela deve preservar o que\u00a0sobrou da debacle. O Supremo \u00e9 uma possibilidade long\u00ednqua, mas \u00e9 uma luz no fim do t\u00fanel.<br \/>\nIsto n\u00e3o quer dizer que o tribunal v\u00e1 lhe devolver diretamente a cadeira, mas dali pode sair\u00a0uma fresta estreita que sirva para botar o p\u00e9 lhe abrindo a porta do gabinete do terceiro\u00a0andar.<br \/>\nEm breve, talvez na semana que vem, pode estar chegando \u00e0 praia uma primeira onda do\u00a0esperado tsunami da Lava Jato, com o julgamento do recurso do presidente da C\u00e2mara ,\u00a0Eduardo Cunha, pedindo sua reintegra\u00e7\u00e3o na C\u00e2mara e, por conseguinte, na presid\u00eancia da\u00a0Casa.<br \/>\nUma senten\u00e7a negativa a Cunha pode ser a porteira aberta para que o ministro Teori Zavaski\u00a0dispare os primeiros mandatos na orbita do foro privilegiado, pegando a turma que ficou sob\u00a0sua jurisdi\u00e7\u00e3o. A\u00ed pode se dar o estouro da boiada.<br \/>\nOs observadores, em Bras\u00edlia, estimam que devam ocorrer mais de 200 pris\u00f5es. Esse\u00a0maremoto levar\u00e1 por diante tudo o que sobrou.<br \/>\nSe conseguir surfar esta onda gigantesca,\u00a0Dilma poder\u00e1 chegar \u00e0 praia e, mesmo arranhada e com algum membro quebrado, voltar a seu\u00a0lugar. \u00c9 um fio de esperan\u00e7a.<br \/>\nA t\u00e1tica \u00e9 que ela fique quieta sem provocar marolas antecipadas, porque a onda grande est\u00e1\u00a0quase chegando.<br \/>\nNeste momento, o aconselh\u00e1vel \u00e9 deixar o embate verbal para sua tropa de choque no\u00a0Congresso. Neste particular, \u00e9 interessante observar os discursos exibidos pelas tev\u00eas da\u00a0C\u00e2mara e Senado.<br \/>\nQuem vem acompanhando desde antes do impeachment fica com a sensa\u00e7\u00e3o de\u00a0que n\u00e3o pode crer nos seus pr\u00f3prios ouvidos.<br \/>\nOs discursos t\u00eam os mesmos conte\u00fados de antes, apenas trocaram-se os oradores. A antiga\u00a0bancada governista diz o que falavam os opositores e vice versa. Para uns a crise vem das\u00a0antigas culpas; para os outros os programas sociais s\u00e3o obra do novo governo.<br \/>\nE assim vai.\u00a0\u00a0O novo governo j\u00e1 lan\u00e7ou seu bord\u00e3o: \u201cabrir a\u00a0caixa preta\u201d. Isto, no dizer dos assessores de Michel Temer, vai bater diretamente em\u00a0entidades (ONGs) que t\u00eam conv\u00eanios com o governo federal e que n\u00e3o prestaram contas.<br \/>\nS\u00f3 no Minist\u00e9rio do Planejamento havia mais de 20 mil projetos em exig\u00eancia, isto \u00e9, em\u00a0d\u00edvida. Isto se refere a pequenas organiza\u00e7\u00f5es t\u00e3o min\u00fasculas que n\u00e3o t\u00eam condi\u00e7\u00f5es t\u00e9cnicas\u00a0para cumprir as intrincadas exig\u00eancias pra presta\u00e7\u00e3o de contas da \u00a0burocracia do servi\u00e7o\u00a0p\u00fablico.<br \/>\nCom isto, ficaram vulner\u00e1veis, impossibilitadas de receber novos aportes ou, mesmo,\u00a0de se apropriar de recursos j\u00e1 aprovados.<br \/>\nUma dessas \u201ccaixas pretas\u201d seria o Minist\u00e9rio da Cultura, onde artistas e promotores culturais\u00a0captaram pequenas quantias, irrelevantes, e ficaram com suas contas pendentes.<br \/>\nAl\u00e9m disso, h\u00e1 milhares de outros projetos que embora aprovados, est\u00e3o em exig\u00eancias\u00a0burocr\u00e1ticas, esperando para receber o dinheiro.<br \/>\nEntretanto, muitos desses projetos j\u00e1 fizeram\u00a0despesas e ainda n\u00e3o puderam pagar seus fornecedores, deixando os promotores com d\u00edvidas\u00a0reais no com\u00e9rcio. \u00c9 uma situa\u00e7\u00e3o angustiante.<br \/>\nSegundo informa\u00e7\u00f5es extraoficiais, o presidente interino teria dito que liberaria 200 milh\u00f5es\u00a0de reais para cobrir esse rombo. Essa promessa poderia acalmar protestos que se espalham\u00a0pelo pa\u00eds, com ocupa\u00e7\u00e3o de depend\u00eancias do Minist\u00e9rio da Cultura.<br \/>\nNeste particular, o novo governo assustou-se com a rea\u00e7\u00e3o da classe art\u00edstica. Mexer com os\u00a0famosos, mesmo pequenos saltimbancos, \u00e9 cutucar uma casa de marimbondos. Michel Temer\u00a0quer se livrar rapidamente desse inc\u00f4modo.<br \/>\nNo entanto, n\u00e3o conseguiu recuar, como ensaiou, recriando o Minist\u00e9rio da Cultura, como\u00a0chegou a fazer e voltou atr\u00e1s duas vezes.<br \/>\nO plano de seus gestores \u00e9 levar o setor de volta para\u00a0o Minist\u00e9rio da Educa\u00e7\u00e3o, mesmo que seja por um tempo limitado, para desmontar a bomba\u00a0rel\u00f3gio que foi ativada com a atabalhoada provid\u00eancia de simplesmente dar um caneta\u00e7o num\u00a0espa\u00e7o t\u00e3o sens\u00edvel.<br \/>\nCom menor impacto, mas t\u00e3o inc\u00f4modo quanto o MinC, foi a interven\u00e7\u00e3o na EBC, a empresa\u00a0Brasileira de Comunica\u00e7\u00e3o.<br \/>\nAli est\u00e1 a TV Brasil, uma emissora regida por um estatuto especial e\u00a0gerida por um conselho integrado por segmentos da sociedade civil. \u00c9 outro vespeiro.<br \/>\nNeste caso, por\u00e9m, ressalva-se a Ag\u00eancia Brasil, uma ag\u00eancia de not\u00edcias do governo com\u00a0grande aceita\u00e7\u00e3o no mercado. Esta empresa \u00e9, em milhares de casos, a \u00fanica fonte de material\u00a0jornal\u00edstico de pequenos e m\u00e9dios jornais das cidades brasileiras. Este segmento n\u00e3o estaria\u00a0amea\u00e7ado.<br \/>\nSua reda\u00e7\u00e3o \u00e9 comandada por um jornalista do mercado, o ga\u00facho Paulo Totti, veterano das\u00a0mais categorizadas reda\u00e7\u00f5es da hist\u00f3ria da Imprensa dos anos 1950 para c\u00e1.<br \/>\nAli se produz um\u00a0notici\u00e1rio isento, informativo, que atende a toda a demanda de informa\u00e7\u00f5es especificas sobre\u00a0regi\u00f5es e segmentos da administra\u00e7\u00e3o, que est\u00e3o al\u00e9m do foco da chamada grande imprensa,\u00a0comprometida com notici\u00e1rio de interesse dos grandes centros urbanos onde os jornais e\u00a0tev\u00eas t\u00eam seus mercados principais.<br \/>\nA EBC pode escapar da ca\u00e7a \u00e0s bruxas.<\/p>\n","protected":false},"excerpt":{"rendered":"<p>PINHEIRO DO VALE A presidente afastada Dilma Rousseff fez sua primeira apari\u00e7\u00e3o p\u00fablica, na quarta feira,\u00a0deixando-se fotografar no Pal\u00e1cio da Alvorada \u00e0 frente de uma tela de computador\u00a0comunicando-se pelas redes sociais. N\u00e3o se ouviu sua voz nem se leu o conte\u00fado de suas\u00a0mensagens. N\u00e3o seria esse um bom dia para dar o troco a seus [&hellip;]<\/p>\n","protected":false},"author":4,"featured_media":0,"comment_status":"open","ping_status":"closed","sticky":false,"template":"","format":"standard","meta":{"_jetpack_newsletter_access":"","_jetpack_dont_email_post_to_subs":false,"_jetpack_newsletter_tier_id":0,"_jetpack_memberships_contains_paywalled_content":false,"_jetpack_feature_clip_id":0,"_jetpack_memberships_contains_paid_content":false,"footnotes":"","jetpack_post_was_ever_published":false},"categories":[10],"tags":[],"class_list":["post-33072","post","type-post","status-publish","format-standard","hentry","category-analiseopiniao"],"aioseo_notices":[],"aioseo_head":"\n\t\t<!-- All in One SEO 5.0.1.1 - aioseo.com -->\n\t<meta name=\"robots\" content=\"max-image-preview:large\" \/>\n\t<meta name=\"author\" content=\"da Reda\u00e7\u00e3o\"\/>\n\t<link rel=\"canonical\" href=\"https:\/\/www.jornalja.com.br\/arquivo\/queimando-as-pontes\/\" \/>\n\t<meta name=\"generator\" content=\"All in One SEO (AIOSEO) 5.0.1.1\" \/>\n\t\t<meta property=\"og:locale\" content=\"pt_BR\" \/>\n\t\t<meta property=\"og:site_name\" content=\"Arquivo | Jornal J\u00c1 | Porto Alegre\" \/>\n\t\t<meta property=\"og:type\" content=\"article\" \/>\n\t\t<meta property=\"og:title\" content=\"Queimando as pontes | Arquivo\" \/>\n\t\t<meta property=\"og:url\" content=\"https:\/\/www.jornalja.com.br\/arquivo\/queimando-as-pontes\/\" \/>\n\t\t<meta property=\"og:image\" content=\"https:\/\/www.jornalja.com.br\/economics\/wp-content\/uploads\/sites\/11\/2026\/08\/ja-folhaderosto-facebook.jpg\" \/>\n\t\t<meta property=\"og:image:secure_url\" content=\"https:\/\/www.jornalja.com.br\/economics\/wp-content\/uploads\/sites\/11\/2026\/08\/ja-folhaderosto-facebook.jpg\" \/>\n\t\t<meta property=\"article:published_time\" content=\"2016-05-19T18:47:09+00:00\" \/>\n\t\t<meta property=\"article:modified_time\" content=\"2016-05-19T18:47:09+00:00\" \/>\n\t\t<meta name=\"twitter:card\" content=\"summary\" \/>\n\t\t<meta name=\"twitter:title\" content=\"Queimando as pontes | Arquivo\" \/>\n\t\t<meta name=\"twitter:image\" content=\"https:\/\/www.jornalja.com.br\/economics\/wp-content\/uploads\/sites\/11\/2026\/08\/ja-folhaderosto-facebook.jpg\" \/>\n\t\t<script type=\"application\/ld+json\" class=\"aioseo-schema\">\n\t\t\t{\"@context\":\"https:\\\/\\\/schema.org\",\"@graph\":[{\"@type\":\"BlogPosting\",\"@id\":\"https:\\\/\\\/www.jornalja.com.br\\\/arquivo\\\/queimando-as-pontes\\\/#blogposting\",\"name\":\"Queimando as pontes | Arquivo\",\"headline\":\"Queimando as pontes\",\"author\":{\"@id\":\"https:\\\/\\\/www.jornalja.com.br\\\/arquivo\\\/author\\\/daredacao\\\/#author\"},\"publisher\":{\"@id\":\"https:\\\/\\\/www.jornalja.com.br\\\/arquivo\\\/#organization\"},\"image\":{\"@type\":\"ImageObject\",\"url\":\"https:\\\/\\\/www.jornalja.com.br\\\/wp-content\\\/uploads\\\/cards\\\/JAslogan.png\",\"@id\":\"https:\\\/\\\/www.jornalja.com.br\\\/arquivo\\\/#articleImage\"},\"datePublished\":\"2016-05-19T15:47:09-03:00\",\"dateModified\":\"2016-05-19T15:47:09-03:00\",\"inLanguage\":\"pt-BR\",\"mainEntityOfPage\":{\"@id\":\"https:\\\/\\\/www.jornalja.com.br\\\/arquivo\\\/queimando-as-pontes\\\/#webpage\"},\"isPartOf\":{\"@id\":\"https:\\\/\\\/www.jornalja.com.br\\\/arquivo\\\/queimando-as-pontes\\\/#webpage\"},\"articleSection\":\"AN\\u00c1LISE&amp;OPINI\\u00c3O\"},{\"@type\":\"BreadcrumbList\",\"@id\":\"https:\\\/\\\/www.jornalja.com.br\\\/arquivo\\\/queimando-as-pontes\\\/#breadcrumblist\",\"itemListElement\":[{\"@type\":\"ListItem\",\"@id\":\"https:\\\/\\\/www.jornalja.com.br\\\/arquivo#listItem\",\"position\":1,\"name\":\"Home\",\"item\":\"https:\\\/\\\/www.jornalja.com.br\\\/arquivo\",\"nextItem\":{\"@type\":\"ListItem\",\"@id\":\"https:\\\/\\\/www.jornalja.com.br\\\/arquivo\\\/category\\\/analiseopiniao\\\/#listItem\",\"name\":\"AN\\u00c1LISE&amp;OPINI\\u00c3O\"}},{\"@type\":\"ListItem\",\"@id\":\"https:\\\/\\\/www.jornalja.com.br\\\/arquivo\\\/category\\\/analiseopiniao\\\/#listItem\",\"position\":2,\"name\":\"AN\\u00c1LISE&amp;OPINI\\u00c3O\",\"item\":\"https:\\\/\\\/www.jornalja.com.br\\\/arquivo\\\/category\\\/analiseopiniao\\\/\",\"nextItem\":{\"@type\":\"ListItem\",\"@id\":\"https:\\\/\\\/www.jornalja.com.br\\\/arquivo\\\/queimando-as-pontes\\\/#listItem\",\"name\":\"Queimando as pontes\"},\"previousItem\":{\"@type\":\"ListItem\",\"@id\":\"https:\\\/\\\/www.jornalja.com.br\\\/arquivo#listItem\",\"name\":\"Home\"}},{\"@type\":\"ListItem\",\"@id\":\"https:\\\/\\\/www.jornalja.com.br\\\/arquivo\\\/queimando-as-pontes\\\/#listItem\",\"position\":3,\"name\":\"Queimando as pontes\",\"previousItem\":{\"@type\":\"ListItem\",\"@id\":\"https:\\\/\\\/www.jornalja.com.br\\\/arquivo\\\/category\\\/analiseopiniao\\\/#listItem\",\"name\":\"AN\\u00c1LISE&amp;OPINI\\u00c3O\"}}]},{\"@type\":\"Organization\",\"@id\":\"https:\\\/\\\/www.jornalja.com.br\\\/arquivo\\\/#organization\",\"name\":\"Jornal J\\u00c1\",\"description\":\"Jornal J\\u00c1 | Porto Alegre\",\"url\":\"https:\\\/\\\/www.jornalja.com.br\\\/arquivo\\\/\",\"telephone\":\"+555133307272\",\"logo\":{\"@type\":\"ImageObject\",\"url\":\"https:\\\/\\\/www.jornalja.com.br\\\/wp-content\\\/uploads\\\/cards\\\/JAslogan.png\",\"@id\":\"https:\\\/\\\/www.jornalja.com.br\\\/arquivo\\\/queimando-as-pontes\\\/#organizationLogo\"},\"image\":{\"@id\":\"https:\\\/\\\/www.jornalja.com.br\\\/arquivo\\\/queimando-as-pontes\\\/#organizationLogo\"}},{\"@type\":\"Person\",\"@id\":\"https:\\\/\\\/www.jornalja.com.br\\\/arquivo\\\/author\\\/daredacao\\\/#author\",\"url\":\"https:\\\/\\\/www.jornalja.com.br\\\/arquivo\\\/author\\\/daredacao\\\/\",\"name\":\"da Reda\\u00e7\\u00e3o\",\"image\":{\"@type\":\"ImageObject\",\"@id\":\"https:\\\/\\\/www.jornalja.com.br\\\/arquivo\\\/queimando-as-pontes\\\/#authorImage\",\"url\":\"https:\\\/\\\/secure.gravatar.com\\\/avatar\\\/469fd857d6605ad19919d27ed29d35a968a25f6e8fd9318356bbb7f57aae9c65?s=96&d=mm&r=g\",\"width\":96,\"height\":96,\"caption\":\"da Reda\\u00e7\\u00e3o\"}},{\"@type\":\"WebPage\",\"@id\":\"https:\\\/\\\/www.jornalja.com.br\\\/arquivo\\\/queimando-as-pontes\\\/#webpage\",\"url\":\"https:\\\/\\\/www.jornalja.com.br\\\/arquivo\\\/queimando-as-pontes\\\/\",\"name\":\"Queimando as pontes | Arquivo\",\"inLanguage\":\"pt-BR\",\"isPartOf\":{\"@id\":\"https:\\\/\\\/www.jornalja.com.br\\\/arquivo\\\/#website\"},\"breadcrumb\":{\"@id\":\"https:\\\/\\\/www.jornalja.com.br\\\/arquivo\\\/queimando-as-pontes\\\/#breadcrumblist\"},\"author\":{\"@id\":\"https:\\\/\\\/www.jornalja.com.br\\\/arquivo\\\/author\\\/daredacao\\\/#author\"},\"creator\":{\"@id\":\"https:\\\/\\\/www.jornalja.com.br\\\/arquivo\\\/author\\\/daredacao\\\/#author\"},\"datePublished\":\"2016-05-19T15:47:09-03:00\",\"dateModified\":\"2016-05-19T15:47:09-03:00\"},{\"@type\":\"WebSite\",\"@id\":\"https:\\\/\\\/www.jornalja.com.br\\\/arquivo\\\/#website\",\"url\":\"https:\\\/\\\/www.jornalja.com.br\\\/arquivo\\\/\",\"name\":\"Arquivo\",\"description\":\"Jornal J\\u00c1 | Porto Alegre\",\"inLanguage\":\"pt-BR\",\"publisher\":{\"@id\":\"https:\\\/\\\/www.jornalja.com.br\\\/arquivo\\\/#organization\"}}]}\n\t\t<\/script>\n\t\t<!-- All in One SEO -->\n\n","aioseo_head_json":{"title":"Queimando as pontes | Arquivo","description":"","canonical_url":"https:\/\/www.jornalja.com.br\/arquivo\/queimando-as-pontes\/","robots":"max-image-preview:large","keywords":"","webmasterTools":{"miscellaneous":""},"schema":{"@context":"https:\/\/schema.org","@graph":[{"@type":"BlogPosting","@id":"https:\/\/www.jornalja.com.br\/arquivo\/queimando-as-pontes\/#blogposting","name":"Queimando as pontes | Arquivo","headline":"Queimando as pontes","author":{"@id":"https:\/\/www.jornalja.com.br\/arquivo\/author\/daredacao\/#author"},"publisher":{"@id":"https:\/\/www.jornalja.com.br\/arquivo\/#organization"},"image":{"@type":"ImageObject","url":"https:\/\/www.jornalja.com.br\/wp-content\/uploads\/cards\/JAslogan.png","@id":"https:\/\/www.jornalja.com.br\/arquivo\/#articleImage"},"datePublished":"2016-05-19T15:47:09-03:00","dateModified":"2016-05-19T15:47:09-03:00","inLanguage":"pt-BR","mainEntityOfPage":{"@id":"https:\/\/www.jornalja.com.br\/arquivo\/queimando-as-pontes\/#webpage"},"isPartOf":{"@id":"https:\/\/www.jornalja.com.br\/arquivo\/queimando-as-pontes\/#webpage"},"articleSection":"AN\u00c1LISE&amp;OPINI\u00c3O"},{"@type":"BreadcrumbList","@id":"https:\/\/www.jornalja.com.br\/arquivo\/queimando-as-pontes\/#breadcrumblist","itemListElement":[{"@type":"ListItem","@id":"https:\/\/www.jornalja.com.br\/arquivo#listItem","position":1,"name":"Home","item":"https:\/\/www.jornalja.com.br\/arquivo","nextItem":{"@type":"ListItem","@id":"https:\/\/www.jornalja.com.br\/arquivo\/category\/analiseopiniao\/#listItem","name":"AN\u00c1LISE&amp;OPINI\u00c3O"}},{"@type":"ListItem","@id":"https:\/\/www.jornalja.com.br\/arquivo\/category\/analiseopiniao\/#listItem","position":2,"name":"AN\u00c1LISE&amp;OPINI\u00c3O","item":"https:\/\/www.jornalja.com.br\/arquivo\/category\/analiseopiniao\/","nextItem":{"@type":"ListItem","@id":"https:\/\/www.jornalja.com.br\/arquivo\/queimando-as-pontes\/#listItem","name":"Queimando as pontes"},"previousItem":{"@type":"ListItem","@id":"https:\/\/www.jornalja.com.br\/arquivo#listItem","name":"Home"}},{"@type":"ListItem","@id":"https:\/\/www.jornalja.com.br\/arquivo\/queimando-as-pontes\/#listItem","position":3,"name":"Queimando as pontes","previousItem":{"@type":"ListItem","@id":"https:\/\/www.jornalja.com.br\/arquivo\/category\/analiseopiniao\/#listItem","name":"AN\u00c1LISE&amp;OPINI\u00c3O"}}]},{"@type":"Organization","@id":"https:\/\/www.jornalja.com.br\/arquivo\/#organization","name":"Jornal J\u00c1","description":"Jornal J\u00c1 | Porto Alegre","url":"https:\/\/www.jornalja.com.br\/arquivo\/","telephone":"+555133307272","logo":{"@type":"ImageObject","url":"https:\/\/www.jornalja.com.br\/wp-content\/uploads\/cards\/JAslogan.png","@id":"https:\/\/www.jornalja.com.br\/arquivo\/queimando-as-pontes\/#organizationLogo"},"image":{"@id":"https:\/\/www.jornalja.com.br\/arquivo\/queimando-as-pontes\/#organizationLogo"}},{"@type":"Person","@id":"https:\/\/www.jornalja.com.br\/arquivo\/author\/daredacao\/#author","url":"https:\/\/www.jornalja.com.br\/arquivo\/author\/daredacao\/","name":"da Reda\u00e7\u00e3o","image":{"@type":"ImageObject","@id":"https:\/\/www.jornalja.com.br\/arquivo\/queimando-as-pontes\/#authorImage","url":"https:\/\/secure.gravatar.com\/avatar\/469fd857d6605ad19919d27ed29d35a968a25f6e8fd9318356bbb7f57aae9c65?s=96&d=mm&r=g","width":96,"height":96,"caption":"da Reda\u00e7\u00e3o"}},{"@type":"WebPage","@id":"https:\/\/www.jornalja.com.br\/arquivo\/queimando-as-pontes\/#webpage","url":"https:\/\/www.jornalja.com.br\/arquivo\/queimando-as-pontes\/","name":"Queimando as pontes | Arquivo","inLanguage":"pt-BR","isPartOf":{"@id":"https:\/\/www.jornalja.com.br\/arquivo\/#website"},"breadcrumb":{"@id":"https:\/\/www.jornalja.com.br\/arquivo\/queimando-as-pontes\/#breadcrumblist"},"author":{"@id":"https:\/\/www.jornalja.com.br\/arquivo\/author\/daredacao\/#author"},"creator":{"@id":"https:\/\/www.jornalja.com.br\/arquivo\/author\/daredacao\/#author"},"datePublished":"2016-05-19T15:47:09-03:00","dateModified":"2016-05-19T15:47:09-03:00"},{"@type":"WebSite","@id":"https:\/\/www.jornalja.com.br\/arquivo\/#website","url":"https:\/\/www.jornalja.com.br\/arquivo\/","name":"Arquivo","description":"Jornal J\u00c1 | Porto Alegre","inLanguage":"pt-BR","publisher":{"@id":"https:\/\/www.jornalja.com.br\/arquivo\/#organization"}}]},"og:locale":"pt_BR","og:site_name":"Arquivo | Jornal J\u00c1 | Porto Alegre","og:type":"article","og:title":"Queimando as pontes | Arquivo","og:url":"https:\/\/www.jornalja.com.br\/arquivo\/queimando-as-pontes\/","og:image":"https:\/\/www.jornalja.com.br\/economics\/wp-content\/uploads\/sites\/11\/2026\/08\/ja-folhaderosto-facebook.jpg","og:image:secure_url":"https:\/\/www.jornalja.com.br\/economics\/wp-content\/uploads\/sites\/11\/2026\/08\/ja-folhaderosto-facebook.jpg","article:published_time":"2016-05-19T18:47:09+00:00","article:modified_time":"2016-05-19T18:47:09+00:00","twitter:card":"summary","twitter:title":"Queimando as pontes | Arquivo","twitter:image":"https:\/\/www.jornalja.com.br\/economics\/wp-content\/uploads\/sites\/11\/2026\/08\/ja-folhaderosto-facebook.jpg"},"aioseo_meta_data":{"post_id":"33072","title":null,"description":null,"keywords":null,"keyphrases":null,"primary_term":null,"canonical_url":null,"og_title":null,"og_description":null,"og_object_type":"default","og_image_type":"default","og_image_url":null,"og_image_width":null,"og_image_height":null,"og_image_custom_url":null,"og_image_custom_fields":null,"og_video":null,"og_custom_url":null,"og_article_section":null,"og_article_tags":null,"twitter_use_og":false,"twitter_card":"default","twitter_image_type":"default","twitter_image_url":null,"twitter_image_custom_url":null,"twitter_image_custom_fields":null,"twitter_title":null,"twitter_description":null,"schema":{"blockGraphs":[],"customGraphs":[],"default":{"data":{"Article":[],"Course":[],"Dataset":[],"FAQPage":[],"Movie":[],"Person":[],"Product":[],"ProductReview":[],"Car":[],"Recipe":[],"Service":[],"SoftwareApplication":[],"WebPage":[]},"graphName":"","isEnabled":true},"graphs":[],"defaultGraph":"","defaultPostTypeGraph":""},"schema_type":null,"schema_type_options":null,"pillar_content":false,"robots_default":true,"robots_noindex":false,"robots_noarchive":false,"robots_nosnippet":false,"robots_nofollow":false,"robots_noimageindex":false,"robots_noodp":false,"robots_notranslate":false,"robots_max_snippet":null,"robots_max_videopreview":null,"robots_max_imagepreview":"large","priority":null,"frequency":null,"location":null,"local_seo":null,"breadcrumb_settings":null,"limit_modified_date":false,"ai":null,"created":"2020-12-20 20:56:47","updated":"2025-07-19 13:45:30","seo_analyzer_scan_date":null,"focus_keyword":null,"additional_keywords":null,"truseo_locale":null},"jetpack_sharing_enabled":true,"jetpack-related-posts":[{"id":13240,"url":"https:\/\/www.jornalja.com.br\/arquivo\/plano-diretor-estamos-construindo-o-caos\/","url_meta":{"origin":33072,"position":0},"title":"Plano diretor: &quot;Estamos construindo o caos&quot;","author":"Patr\u00edcia Marini","date":"26 de maio de 2014","format":false,"excerpt":"Desabafo que arquiteta Eliana Castilhos, delegada da Regi\u00e3o de Planejamento 1, postou nas redes sociais \u00e9 um testemunho do ambiente que se criou no Conselho do Plano Diretor de Porto Alegre, onde a aprova\u00e7\u00e3o de grandes empreendimentos \u00e9 empurrada guela abaixo dos conselheiros. Ao CMDUA Como delegada da Regi\u00e3o de\u2026","rel":"","context":"Em &quot;Geral&quot;","block_context":{"text":"Geral","link":"https:\/\/www.jornalja.com.br\/arquivo\/category\/geral\/"},"img":{"alt_text":"","src":"","width":0,"height":0},"classes":[]},{"id":14241,"url":"https:\/\/www.jornalja.com.br\/arquivo\/o-guaiba-nas-imagens-poeticas-de-achutti\/","url_meta":{"origin":33072,"position":1},"title":"O Gua\u00edba nas imagens po\u00e9ticas de Achutti","author":"da Reda\u00e7\u00e3o","date":"18 de junho de 2014","format":false,"excerpt":"Em \u201cO Gua\u00edba por Achutti\u201d \u2013 obra financiada via Minist\u00e9rio da Cultura, produ\u00e7\u00e3o executiva de Pedro Longhi, e Fl\u00e1vio Wild como designer \u2013, o fot\u00f3grafo revela a beleza e as mazelas de um espa\u00e7o aqu\u00e1tico de \u00e1guas sempre renovadas, cheio de hist\u00f3rias e lendas como as das cidades que foram\u2026","rel":"","context":"Em &quot;Cultura-Geral&quot;","block_context":{"text":"Cultura-Geral","link":"https:\/\/www.jornalja.com.br\/arquivo\/category\/materiasecundaria\/"},"img":{"alt_text":"","src":"","width":0,"height":0},"classes":[]},{"id":5440,"url":"https:\/\/www.jornalja.com.br\/arquivo\/casarao-da-venancio-destino-permanece-incerto\/","url_meta":{"origin":33072,"position":2},"title":"Estado ainda n\u00e3o sabe o que fazer com casar\u00e3o abandonado h\u00e1 20 anos","author":"Elmar Bones","date":"6 de julho de 2009","format":false,"excerpt":"O casar\u00e3o amarelo, numa esquina nobre de Porto Alegre (Ven\u00e2ncio Aires com Jo\u00e3o Pessoa), j\u00e1 abrigou uma escola. H\u00e1 duas d\u00e9cadas, pelo menos, est\u00e1 abandonado, porque seu propriet\u00e1rio, o governo do Estado do Rio Grande do Sul, n\u00e3o consegue achar um destino para ele. Planos n\u00e3o faltaram. O governador Ol\u00edvio\u2026","rel":"","context":"Em &quot;X.Categorias velhas&quot;","block_context":{"text":"X.Categorias velhas","link":"https:\/\/www.jornalja.com.br\/arquivo\/category\/x-categorias-velhas\/"},"img":{"alt_text":"geraldo1","src":"https:\/\/i0.wp.com\/www.jornalja.com.br\/wp-content\/uploads\/2009\/07\/geraldo1.jpg?resize=350%2C200&ssl=1","width":350,"height":200},"classes":[]},{"id":13124,"url":"https:\/\/www.jornalja.com.br\/arquivo\/sangue-latino-no-iecine\/","url_meta":{"origin":33072,"position":3},"title":"Sangue latino no IECINE","author":"da Reda\u00e7\u00e3o","date":"18 de maio de 2014","format":false,"excerpt":"Francisco Ribeiro O Instituto Estadual de Cinema (IECINE) tem a frente, desde abril \u00faltimo, um novo diretor, o cineasta colombiano Juan Zapata, 36, que substitui Luiz Alberto Cassol. Radicado h\u00e1 dez anos em Porto Alegre, Zapata tem diante de si o desafio de conduzir at\u00e9 o final do ano um\u2026","rel":"","context":"Em &quot;Cultura-Geral&quot;","block_context":{"text":"Cultura-Geral","link":"https:\/\/www.jornalja.com.br\/arquivo\/category\/materiasecundaria\/"},"img":{"alt_text":"","src":"","width":0,"height":0},"classes":[]},{"id":13239,"url":"https:\/\/www.jornalja.com.br\/arquivo\/conselho-desdenha-do-plano-diretor\/","url_meta":{"origin":33072,"position":4},"title":"Porto Alegre: Conselho detona Plano Diretor","author":"Patr\u00edcia Marini","date":"25 de maio de 2014","format":false,"excerpt":"Den\u00fancia do arquiteto e \u00a0urbanista Ibir\u00e1 Santos Lucas. Ele diz que os conselheiros est\u00e3o votando com \"enorme irresponsabilidade\". \"Mudam regime com a maior naturalidade,,,regularizam absurdos de constru\u00e7\u00f5es irregulares... \"O CMDUA est\u00e1 flexibilizando a lei do plano diretor, de uma forma impactante na vida da cidade. Mudam regime com a maior\u2026","rel":"","context":"Em &quot;Geral&quot;","block_context":{"text":"Geral","link":"https:\/\/www.jornalja.com.br\/arquivo\/category\/geral\/"},"img":{"alt_text":"","src":"","width":0,"height":0},"classes":[]},{"id":12960,"url":"https:\/\/www.jornalja.com.br\/arquivo\/populacao-culpa-empresas-pela-greve-dos-rodoviarios\/","url_meta":{"origin":33072,"position":5},"title":"Popula\u00e7\u00e3o culpa empresas pela greve","author":"Patr\u00edcia Marini","date":"14 de fevereiro de 2014","format":false,"excerpt":"Pesquisa divulgada na edi\u00e7\u00e3o do jornal Metro desta sexta-feira,14, comprova o velho ditado: \u00e9 poss\u00edvel enganar muitos por algum tempo, mas n\u00e3o \u00e9 poss\u00edvel enganar a todos o tempo inteiro. A principal revela\u00e7\u00e3o foi que 59,8% dos entrevistados apontaram as empresas como as principais respons\u00e1veis pela grave e 46% culparam\u2026","rel":"","context":"Em &quot;X.Categorias velhas&quot;","block_context":{"text":"X.Categorias velhas","link":"https:\/\/www.jornalja.com.br\/arquivo\/category\/x-categorias-velhas\/"},"img":{"alt_text":"","src":"","width":0,"height":0},"classes":[]}],"jetpack_shortlink":"https:\/\/wp.me\/pbQjBd-8Bq","jetpack_featured_media_url":"","_links":{"self":[{"href":"https:\/\/www.jornalja.com.br\/arquivo\/wp-json\/wp\/v2\/posts\/33072","targetHints":{"allow":["GET"]}}],"collection":[{"href":"https:\/\/www.jornalja.com.br\/arquivo\/wp-json\/wp\/v2\/posts"}],"about":[{"href":"https:\/\/www.jornalja.com.br\/arquivo\/wp-json\/wp\/v2\/types\/post"}],"author":[{"embeddable":true,"href":"https:\/\/www.jornalja.com.br\/arquivo\/wp-json\/wp\/v2\/users\/4"}],"replies":[{"embeddable":true,"href":"https:\/\/www.jornalja.com.br\/arquivo\/wp-json\/wp\/v2\/comments?post=33072"}],"version-history":[{"count":0,"href":"https:\/\/www.jornalja.com.br\/arquivo\/wp-json\/wp\/v2\/posts\/33072\/revisions"}],"wp:attachment":[{"href":"https:\/\/www.jornalja.com.br\/arquivo\/wp-json\/wp\/v2\/media?parent=33072"}],"wp:term":[{"taxonomy":"category","embeddable":true,"href":"https:\/\/www.jornalja.com.br\/arquivo\/wp-json\/wp\/v2\/categories?post=33072"},{"taxonomy":"post_tag","embeddable":true,"href":"https:\/\/www.jornalja.com.br\/arquivo\/wp-json\/wp\/v2\/tags?post=33072"}],"curies":[{"name":"wp","href":"https:\/\/api.w.org\/{rel}","templated":true}]}}