{"id":33262,"date":"2016-05-22T13:54:04","date_gmt":"2016-05-22T16:54:04","guid":{"rendered":"https:\/\/www.jornalja.com.br\/?p=33262"},"modified":"2016-05-22T13:54:04","modified_gmt":"2016-05-22T16:54:04","slug":"dilma-uma-proposta-inesperada","status":"publish","type":"post","link":"https:\/\/www.jornalja.com.br\/arquivo\/dilma-uma-proposta-inesperada\/","title":{"rendered":"O futuro de Dilma"},"content":{"rendered":"<p><strong>PINHEIRO DO VALE<\/strong><br \/>\nO presidente do Congresso Nacional, senador Renan Calheiros, visitou pela primeira vez a\u00a0presidente afastada Dilma Rousseff na quinta feira, para dizer-lhe que o quadro pol\u00edtico lhe \u00e9\u00a0muito desfavor\u00e1vel.<br \/>\nSe j\u00e1 estava perdida, agora piorou, porque mais dois senadores disseram\u00a0que votam pelo impeachment, aumentando, em vez diminuir, sua desvantagem.<br \/>\nOs pol\u00edticos da base de apoio \u00e0 presidente, em Bras\u00edlia, est\u00e3o cada dia mais constrangidos\u00a0quando falam com ela e ouvem seus prop\u00f3sitos beligerantes.<br \/>\nEla n\u00e3o se cansa de chamar\u00a0Michel Temer de presidente provis\u00f3rio, o que de fato ele ainda \u00e9, mas os aliados ficam sem jeito quando\u00a0ela diz tudo o que pretende fazer quando voltar para o Pal\u00e1cio do Planalto.<br \/>\nFoi por isto que o senador Jorge Viana, do PT do Acre, pediu a Renan que fosse com ele at\u00e9 o\u00a0Pal\u00e1cio da Alvorada, para dizer a ela que a situa\u00e7\u00e3o piorara, pois os dois senadores do PMDB\u00a0nortista, Jader Barbalho, do Par\u00e1, e Eduardo Braga, do Amazonas, que n\u00e3o tinham\u00a0comparecido na sess\u00e3o do dia 11 de maio, disseram que agora v\u00e3o se apresentar e dar seus\u00a0votos a favor do impedimento.<br \/>\nOs correligion\u00e1rios de Dilma se dizem preocupad\u00edssimos. Ela parece n\u00e3o estar neste mundo.<br \/>\nChama ministros (Eduardo Cardozo e Nelson Barbosa) para despachar, convoca a bancada\u00a0parlamentar, manda marcar com\u00edcios. Quando os mais pr\u00f3ximos se referem \u00e0 situa\u00e7\u00e3o que,\u00a0como dizia o sambista Adoniram Barbosa, \u201cest\u00e1 c\u00ednica\u201d, ela parece n\u00e3o ouvir, muda de\u00a0assunto. \u00a0\u201cFaz olhar de paisagem\u201d, disse um deles.<br \/>\nPor isto pediram socorro a Renan, mas n\u00e3o adiantou muito. Diante da evolu\u00e7\u00e3o pol\u00edtica e,\u00a0principalmente, das elei\u00e7\u00f5es que est\u00e3o logo \u00e0 frente, o PT e demais partidos que ainda ficaram\u00a0com ela, precisam se acomodar no quadro eleitoral para n\u00e3o serem tragados nas urnas pela\u00a0crise.<br \/>\nAs pesquisas revelam que se o presidente interino n\u00e3o \u00e9 popular e, muito pelo contr\u00e1rio, \u00e9<br \/>\nvisto com desconfian\u00e7a e hostilidade; aos poucos o eleitorado vai percebendo que o discurso\u00a0de Dilma \u00e9 falho num ponto essencial: quem botou Temer l\u00e1? Ele chegou com a vota\u00e7\u00e3o do PT,\u00a0tanto quanto a presidente. Se n\u00e3o fosse isto, n\u00e3o estaria no cargo.<br \/>\nTemer e seus porta vozes est\u00e3o esgrimindo com habilidade este fato. Dizem nas entrevistas\u00a0que o presidente interino n\u00e3o tem toda a for\u00e7a que se espera dele porque chegou ao governo\u00a0nessa forma enviesada, que tem de quebrar o galho, que n\u00e3o \u00e9 candidato e n\u00e3o espera ser\u00a0popular.<br \/>\nO importante, os novos governistas est\u00e3o dizendo aos quatro ventos, \u00e9 contar a verdade, n\u00e3o\u00a0mentir, n\u00e3o esconder nada. Este discurso vem diretamente da percep\u00e7\u00e3o generalizada de que\u00a0Dilma disse uma coisa, na sua campanha, e fez outra. \u00c9 o tal \u201cestelionato eleitoral\u201d, uma\u00a0express\u00e3o que est\u00e1 voltando aos poucos contra a esquerda. O PT n\u00e3o pode deixar este bord\u00e3o\u00a0colar na sua imagem \u00e0s v\u00e9speras de uma elei\u00e7\u00e3o.<br \/>\nA verdade \u00e9 que o PT n\u00e3o conseguiu ainda reverter o discurso e com isto n\u00e3o logrou reassumir\u00a0a trincheira de oposicionista. Falar bem de Dilma ainda \u00e9 inadequado para a popula\u00e7\u00e3o,\u00a0quando seus antagonistas brandem contra seu governo com desemprego e infla\u00e7\u00e3o.<br \/>\nAs filas\u00a0dos que procuram novas coloca\u00e7\u00f5es e as remarca\u00e7\u00f5es nas feiras livres ainda falam mais alto.<br \/>\nBotar a culpa da carestia em Temer requer uma a\u00e7\u00e3o urgente.<br \/>\nUm possibilidade de fazer Dilma virar o cano de sua arma para outro lado \u00e9 um ideia bastante\u00a0criativa, inesperada, diriam alguns, estapaf\u00fardia, diriam outros. \u00c9 preciso criar um movimento\u00a0positivo de apoio a ela, algo que poderia se n\u00e3o mudar o rumo das coisas em todo o pa\u00eds, pelo\u00a0menos amenizar as rejei\u00e7\u00f5es.<br \/>\nNeste fim de semana, caiu como um furac\u00e3o, em Bras\u00edlia, a entrevista-document\u00e1rio do deputado ga\u00facho Ibsen Pinheiro, na TV C\u00e2mara.<br \/>\n\u00c9 um filme autobiogr\u00e1fico, em que o\u00a0parlamentar do PMDB conta sua vida e relembra o impeachment de Collor, que foi deflagrado\u00a0por ele, e faz uma autocr\u00edtica de sua carreira, refletindo sobre os motivos de sua queda.<br \/>\nA entrevista \u00e9 recente, mas gravada bem antes do impeachment de Dilma. O assunto ainda era uma\u00a0especula\u00e7\u00e3o.<br \/>\nRelembrando os fatos, dizendo que a crise pol\u00edtica era derivada da ruina da\u00a0economia, Ibsen reconhece que as den\u00fancias de Pedro Collor e o Fiat Elba foram meros\u00a0pretextos.<br \/>\nDiz Ibsen que Collor caiu porque levou a economia ao colapso e n\u00e3o tinha mais condi\u00e7\u00f5es\u00a0pol\u00edticas de liderar uma estabiliza\u00e7\u00e3o m\u00ednima, muito menos uma recupera\u00e7\u00e3o.<br \/>\nA entrevista foi\u00a0reprogramada por causa dessa afirmativa, como um recado do parlamento atual sobre a\u00a0legitimidade do impeachment de Dilma.<br \/>\nIndo adiante, Ibsen comparou-se a Collor (sem falar ainda de Dilma) para explicar sua queda\u00a0vertiginosa, caindo de candidato a presidente da Rep\u00fablica para o olho da rua cassado numa\u00a0processo de pol\u00edtico\/parlamentar ancorado numa mat\u00e9ria mentirosa da revista Veja, um erro\u00a0de revis\u00e3o que acrescentou tr\u00eas zeros \u00e0 sua conta banc\u00e1ria no exterior. Onde tinha um\u00a0dep\u00f3sito de mil d\u00f3lares a revista da Marginal escreveu um milh\u00e3o. S\u00f3 isto bastou.<br \/>\nEste erro que s\u00f3 anos depois foi admitido, era a causa alegada. Entretanto, diz Ibsen no\u00a0document\u00e1rio, ele caiu porque, primeiro, foi levado muito rapidamente de um papel de baixa\u00a0m\u00e9dia intensidade (presidente da C\u00e2mara) para os p\u00edncaros da gl\u00f3ria, com a viabiliza\u00e7\u00e3o de sua\u00a0candidatura presidencial ( \u201cA\u00ed descobri que tinha inimigos e advers\u00e1rios\u201d) e, o principal, afirma,\u00a0n\u00e3o tinha cacife pol\u00edtico para se sustentar naquela posi\u00e7\u00e3o.<br \/>\nMutatis mutantes seria a situa\u00e7\u00e3o da presidente Dilma, quando perdeu sua base pol\u00edtica\u00a0majorit\u00e1ria. Alguns assessores lhe dizem que ela precisa reconquistar seu espa\u00e7o como l\u00edder da\u00a0esquerda, esquecendo-se dos partidos e aliados fisiol\u00f3gicos. A receita seria restaurar suas\u00a0origens.<br \/>\nA premissa \u00e9 consistente: as melhores passeatas a favor de Dilma v\u00eam ocorrendo no Rio\u00a0Grande do Sul. \u00c9 o lugar em que se v\u00ea maior n\u00famero de manifestantes avulsos,\u00a0independentes, \u00e9 em Porto Alegre. Nos demais estados o pessoal que est\u00e1 indo \u00e0s ruas s\u00e3o militantes partid\u00e1rios e ativistas sociais.<br \/>\nPortanto, no Extremo Sul estaria a melhor plataforma de lan\u00e7amento de um movimento\u00a0consistente que se propague pelo pa\u00eds. Dilma, dizem, deveria baixar nos pampas para se\u00a0mostrar \u00e0 frente desses apoiadores.<br \/>\nJ\u00e1 a proposta que se forma seria inaceit\u00e1vel por ela, neste momento: Dilma deveria renunciar\u00a0para preservar seus direitos pol\u00edticos e eleitorais, assegurando, tamb\u00e9m, seus proventos de ex-\u00a0presidente. Se ela for cassada, perde os dois: fica oito anos impedida e perde direito \u00e0 pens\u00e3o.<br \/>\nNo Estado, ela poderia ser uma alternativa para a esquerda ter uma candidatura altamente\u00a0competitiva para o Pal\u00e1cio Piratini. Outros sugerem o Senado.<br \/>\nO que ela n\u00e3o pode \u00e9 ficar desvalida. Esta advert\u00eancia sobre o sal\u00e1rio teria sido uma das\u00a0mensagens que Renan Calheiros levaria a ela. N\u00e3o se sabe se chegou a falar, pois Dilma n\u00e3o \u00e9\u00a0dada a conversas ao p\u00e9 do ouvido.<br \/>\nEsses formuladores de voos estratosf\u00e9ricos ponderam: em 2005, quando Dilma ascendeu das\u00a0Minas e energia para a Casa Civil falou-se que ela poderia ser uma alternativa para um bloco\u00a0de esquerda ao governo do Estado.<br \/>\nNessa \u00e9poca, quem falasse que ela seria, em 2010, candidata e eleita presidente da Rep\u00fablica,\u00a0diriam que estaria delirando. O sonho \u00e9 livre.<br \/>\nA exemplo de outros ex-presidentes, um governo estadual ou o Senado s\u00e3o propostas fact\u00edveis.<\/p>\n","protected":false},"excerpt":{"rendered":"<p>PINHEIRO DO VALE O presidente do Congresso Nacional, senador Renan Calheiros, visitou pela primeira vez a\u00a0presidente afastada Dilma Rousseff na quinta feira, para dizer-lhe que o quadro pol\u00edtico lhe \u00e9\u00a0muito desfavor\u00e1vel. Se j\u00e1 estava perdida, agora piorou, porque mais dois senadores disseram\u00a0que votam pelo impeachment, aumentando, em vez diminuir, sua desvantagem. Os pol\u00edticos da base [&hellip;]<\/p>\n","protected":false},"author":4,"featured_media":0,"comment_status":"open","ping_status":"closed","sticky":false,"template":"","format":"standard","meta":{"_jetpack_newsletter_access":"","_jetpack_dont_email_post_to_subs":false,"_jetpack_newsletter_tier_id":0,"_jetpack_memberships_contains_paywalled_content":false,"_jetpack_feature_clip_id":0,"_jetpack_memberships_contains_paid_content":false,"footnotes":"","jetpack_post_was_ever_published":false},"categories":[10],"tags":[],"class_list":["post-33262","post","type-post","status-publish","format-standard","hentry","category-analiseopiniao"],"aioseo_notices":[],"aioseo_head":"\n\t\t<!-- All in One SEO 5.0.1.1 - aioseo.com -->\n\t<meta name=\"robots\" content=\"max-image-preview:large\" \/>\n\t<meta name=\"author\" content=\"da Reda\u00e7\u00e3o\"\/>\n\t<link rel=\"canonical\" href=\"https:\/\/www.jornalja.com.br\/arquivo\/dilma-uma-proposta-inesperada\/\" \/>\n\t<meta name=\"generator\" content=\"All in One SEO (AIOSEO) 5.0.1.1\" \/>\n\t\t<meta property=\"og:locale\" content=\"pt_BR\" \/>\n\t\t<meta property=\"og:site_name\" content=\"Arquivo | Jornal J\u00c1 | Porto Alegre\" \/>\n\t\t<meta property=\"og:type\" content=\"article\" \/>\n\t\t<meta property=\"og:title\" content=\"O futuro de Dilma | Arquivo\" \/>\n\t\t<meta property=\"og:url\" content=\"https:\/\/www.jornalja.com.br\/arquivo\/dilma-uma-proposta-inesperada\/\" \/>\n\t\t<meta property=\"og:image\" content=\"https:\/\/www.jornalja.com.br\/economics\/wp-content\/uploads\/sites\/11\/2026\/08\/ja-folhaderosto-facebook.jpg\" \/>\n\t\t<meta property=\"og:image:secure_url\" content=\"https:\/\/www.jornalja.com.br\/economics\/wp-content\/uploads\/sites\/11\/2026\/08\/ja-folhaderosto-facebook.jpg\" \/>\n\t\t<meta property=\"article:published_time\" content=\"2016-05-22T16:54:04+00:00\" \/>\n\t\t<meta property=\"article:modified_time\" content=\"2016-05-22T16:54:04+00:00\" \/>\n\t\t<meta name=\"twitter:card\" content=\"summary\" \/>\n\t\t<meta name=\"twitter:title\" content=\"O futuro de Dilma | Arquivo\" \/>\n\t\t<meta name=\"twitter:image\" content=\"https:\/\/www.jornalja.com.br\/economics\/wp-content\/uploads\/sites\/11\/2026\/08\/ja-folhaderosto-facebook.jpg\" \/>\n\t\t<script type=\"application\/ld+json\" class=\"aioseo-schema\">\n\t\t\t{\"@context\":\"https:\\\/\\\/schema.org\",\"@graph\":[{\"@type\":\"BlogPosting\",\"@id\":\"https:\\\/\\\/www.jornalja.com.br\\\/arquivo\\\/dilma-uma-proposta-inesperada\\\/#blogposting\",\"name\":\"O futuro de Dilma | Arquivo\",\"headline\":\"O futuro de Dilma\",\"author\":{\"@id\":\"https:\\\/\\\/www.jornalja.com.br\\\/arquivo\\\/author\\\/daredacao\\\/#author\"},\"publisher\":{\"@id\":\"https:\\\/\\\/www.jornalja.com.br\\\/arquivo\\\/#organization\"},\"image\":{\"@type\":\"ImageObject\",\"url\":\"https:\\\/\\\/www.jornalja.com.br\\\/wp-content\\\/uploads\\\/cards\\\/JAslogan.png\",\"@id\":\"https:\\\/\\\/www.jornalja.com.br\\\/arquivo\\\/#articleImage\"},\"datePublished\":\"2016-05-22T13:54:04-03:00\",\"dateModified\":\"2016-05-22T13:54:04-03:00\",\"inLanguage\":\"pt-BR\",\"mainEntityOfPage\":{\"@id\":\"https:\\\/\\\/www.jornalja.com.br\\\/arquivo\\\/dilma-uma-proposta-inesperada\\\/#webpage\"},\"isPartOf\":{\"@id\":\"https:\\\/\\\/www.jornalja.com.br\\\/arquivo\\\/dilma-uma-proposta-inesperada\\\/#webpage\"},\"articleSection\":\"AN\\u00c1LISE&amp;OPINI\\u00c3O\"},{\"@type\":\"BreadcrumbList\",\"@id\":\"https:\\\/\\\/www.jornalja.com.br\\\/arquivo\\\/dilma-uma-proposta-inesperada\\\/#breadcrumblist\",\"itemListElement\":[{\"@type\":\"ListItem\",\"@id\":\"https:\\\/\\\/www.jornalja.com.br\\\/arquivo#listItem\",\"position\":1,\"name\":\"Home\",\"item\":\"https:\\\/\\\/www.jornalja.com.br\\\/arquivo\",\"nextItem\":{\"@type\":\"ListItem\",\"@id\":\"https:\\\/\\\/www.jornalja.com.br\\\/arquivo\\\/category\\\/analiseopiniao\\\/#listItem\",\"name\":\"AN\\u00c1LISE&amp;OPINI\\u00c3O\"}},{\"@type\":\"ListItem\",\"@id\":\"https:\\\/\\\/www.jornalja.com.br\\\/arquivo\\\/category\\\/analiseopiniao\\\/#listItem\",\"position\":2,\"name\":\"AN\\u00c1LISE&amp;OPINI\\u00c3O\",\"item\":\"https:\\\/\\\/www.jornalja.com.br\\\/arquivo\\\/category\\\/analiseopiniao\\\/\",\"nextItem\":{\"@type\":\"ListItem\",\"@id\":\"https:\\\/\\\/www.jornalja.com.br\\\/arquivo\\\/dilma-uma-proposta-inesperada\\\/#listItem\",\"name\":\"O futuro de Dilma\"},\"previousItem\":{\"@type\":\"ListItem\",\"@id\":\"https:\\\/\\\/www.jornalja.com.br\\\/arquivo#listItem\",\"name\":\"Home\"}},{\"@type\":\"ListItem\",\"@id\":\"https:\\\/\\\/www.jornalja.com.br\\\/arquivo\\\/dilma-uma-proposta-inesperada\\\/#listItem\",\"position\":3,\"name\":\"O futuro de Dilma\",\"previousItem\":{\"@type\":\"ListItem\",\"@id\":\"https:\\\/\\\/www.jornalja.com.br\\\/arquivo\\\/category\\\/analiseopiniao\\\/#listItem\",\"name\":\"AN\\u00c1LISE&amp;OPINI\\u00c3O\"}}]},{\"@type\":\"Organization\",\"@id\":\"https:\\\/\\\/www.jornalja.com.br\\\/arquivo\\\/#organization\",\"name\":\"Jornal J\\u00c1\",\"description\":\"Jornal J\\u00c1 | Porto Alegre\",\"url\":\"https:\\\/\\\/www.jornalja.com.br\\\/arquivo\\\/\",\"telephone\":\"+555133307272\",\"logo\":{\"@type\":\"ImageObject\",\"url\":\"https:\\\/\\\/www.jornalja.com.br\\\/wp-content\\\/uploads\\\/cards\\\/JAslogan.png\",\"@id\":\"https:\\\/\\\/www.jornalja.com.br\\\/arquivo\\\/dilma-uma-proposta-inesperada\\\/#organizationLogo\"},\"image\":{\"@id\":\"https:\\\/\\\/www.jornalja.com.br\\\/arquivo\\\/dilma-uma-proposta-inesperada\\\/#organizationLogo\"}},{\"@type\":\"Person\",\"@id\":\"https:\\\/\\\/www.jornalja.com.br\\\/arquivo\\\/author\\\/daredacao\\\/#author\",\"url\":\"https:\\\/\\\/www.jornalja.com.br\\\/arquivo\\\/author\\\/daredacao\\\/\",\"name\":\"da Reda\\u00e7\\u00e3o\",\"image\":{\"@type\":\"ImageObject\",\"@id\":\"https:\\\/\\\/www.jornalja.com.br\\\/arquivo\\\/dilma-uma-proposta-inesperada\\\/#authorImage\",\"url\":\"https:\\\/\\\/secure.gravatar.com\\\/avatar\\\/469fd857d6605ad19919d27ed29d35a968a25f6e8fd9318356bbb7f57aae9c65?s=96&d=mm&r=g\",\"width\":96,\"height\":96,\"caption\":\"da Reda\\u00e7\\u00e3o\"}},{\"@type\":\"WebPage\",\"@id\":\"https:\\\/\\\/www.jornalja.com.br\\\/arquivo\\\/dilma-uma-proposta-inesperada\\\/#webpage\",\"url\":\"https:\\\/\\\/www.jornalja.com.br\\\/arquivo\\\/dilma-uma-proposta-inesperada\\\/\",\"name\":\"O futuro de Dilma | Arquivo\",\"inLanguage\":\"pt-BR\",\"isPartOf\":{\"@id\":\"https:\\\/\\\/www.jornalja.com.br\\\/arquivo\\\/#website\"},\"breadcrumb\":{\"@id\":\"https:\\\/\\\/www.jornalja.com.br\\\/arquivo\\\/dilma-uma-proposta-inesperada\\\/#breadcrumblist\"},\"author\":{\"@id\":\"https:\\\/\\\/www.jornalja.com.br\\\/arquivo\\\/author\\\/daredacao\\\/#author\"},\"creator\":{\"@id\":\"https:\\\/\\\/www.jornalja.com.br\\\/arquivo\\\/author\\\/daredacao\\\/#author\"},\"datePublished\":\"2016-05-22T13:54:04-03:00\",\"dateModified\":\"2016-05-22T13:54:04-03:00\"},{\"@type\":\"WebSite\",\"@id\":\"https:\\\/\\\/www.jornalja.com.br\\\/arquivo\\\/#website\",\"url\":\"https:\\\/\\\/www.jornalja.com.br\\\/arquivo\\\/\",\"name\":\"Arquivo\",\"description\":\"Jornal J\\u00c1 | Porto Alegre\",\"inLanguage\":\"pt-BR\",\"publisher\":{\"@id\":\"https:\\\/\\\/www.jornalja.com.br\\\/arquivo\\\/#organization\"}}]}\n\t\t<\/script>\n\t\t<!-- All in One SEO -->\n\n","aioseo_head_json":{"title":"O futuro de Dilma | Arquivo","description":"","canonical_url":"https:\/\/www.jornalja.com.br\/arquivo\/dilma-uma-proposta-inesperada\/","robots":"max-image-preview:large","keywords":"","webmasterTools":{"miscellaneous":""},"schema":{"@context":"https:\/\/schema.org","@graph":[{"@type":"BlogPosting","@id":"https:\/\/www.jornalja.com.br\/arquivo\/dilma-uma-proposta-inesperada\/#blogposting","name":"O futuro de Dilma | Arquivo","headline":"O futuro de Dilma","author":{"@id":"https:\/\/www.jornalja.com.br\/arquivo\/author\/daredacao\/#author"},"publisher":{"@id":"https:\/\/www.jornalja.com.br\/arquivo\/#organization"},"image":{"@type":"ImageObject","url":"https:\/\/www.jornalja.com.br\/wp-content\/uploads\/cards\/JAslogan.png","@id":"https:\/\/www.jornalja.com.br\/arquivo\/#articleImage"},"datePublished":"2016-05-22T13:54:04-03:00","dateModified":"2016-05-22T13:54:04-03:00","inLanguage":"pt-BR","mainEntityOfPage":{"@id":"https:\/\/www.jornalja.com.br\/arquivo\/dilma-uma-proposta-inesperada\/#webpage"},"isPartOf":{"@id":"https:\/\/www.jornalja.com.br\/arquivo\/dilma-uma-proposta-inesperada\/#webpage"},"articleSection":"AN\u00c1LISE&amp;OPINI\u00c3O"},{"@type":"BreadcrumbList","@id":"https:\/\/www.jornalja.com.br\/arquivo\/dilma-uma-proposta-inesperada\/#breadcrumblist","itemListElement":[{"@type":"ListItem","@id":"https:\/\/www.jornalja.com.br\/arquivo#listItem","position":1,"name":"Home","item":"https:\/\/www.jornalja.com.br\/arquivo","nextItem":{"@type":"ListItem","@id":"https:\/\/www.jornalja.com.br\/arquivo\/category\/analiseopiniao\/#listItem","name":"AN\u00c1LISE&amp;OPINI\u00c3O"}},{"@type":"ListItem","@id":"https:\/\/www.jornalja.com.br\/arquivo\/category\/analiseopiniao\/#listItem","position":2,"name":"AN\u00c1LISE&amp;OPINI\u00c3O","item":"https:\/\/www.jornalja.com.br\/arquivo\/category\/analiseopiniao\/","nextItem":{"@type":"ListItem","@id":"https:\/\/www.jornalja.com.br\/arquivo\/dilma-uma-proposta-inesperada\/#listItem","name":"O futuro de Dilma"},"previousItem":{"@type":"ListItem","@id":"https:\/\/www.jornalja.com.br\/arquivo#listItem","name":"Home"}},{"@type":"ListItem","@id":"https:\/\/www.jornalja.com.br\/arquivo\/dilma-uma-proposta-inesperada\/#listItem","position":3,"name":"O futuro de Dilma","previousItem":{"@type":"ListItem","@id":"https:\/\/www.jornalja.com.br\/arquivo\/category\/analiseopiniao\/#listItem","name":"AN\u00c1LISE&amp;OPINI\u00c3O"}}]},{"@type":"Organization","@id":"https:\/\/www.jornalja.com.br\/arquivo\/#organization","name":"Jornal J\u00c1","description":"Jornal J\u00c1 | Porto Alegre","url":"https:\/\/www.jornalja.com.br\/arquivo\/","telephone":"+555133307272","logo":{"@type":"ImageObject","url":"https:\/\/www.jornalja.com.br\/wp-content\/uploads\/cards\/JAslogan.png","@id":"https:\/\/www.jornalja.com.br\/arquivo\/dilma-uma-proposta-inesperada\/#organizationLogo"},"image":{"@id":"https:\/\/www.jornalja.com.br\/arquivo\/dilma-uma-proposta-inesperada\/#organizationLogo"}},{"@type":"Person","@id":"https:\/\/www.jornalja.com.br\/arquivo\/author\/daredacao\/#author","url":"https:\/\/www.jornalja.com.br\/arquivo\/author\/daredacao\/","name":"da Reda\u00e7\u00e3o","image":{"@type":"ImageObject","@id":"https:\/\/www.jornalja.com.br\/arquivo\/dilma-uma-proposta-inesperada\/#authorImage","url":"https:\/\/secure.gravatar.com\/avatar\/469fd857d6605ad19919d27ed29d35a968a25f6e8fd9318356bbb7f57aae9c65?s=96&d=mm&r=g","width":96,"height":96,"caption":"da Reda\u00e7\u00e3o"}},{"@type":"WebPage","@id":"https:\/\/www.jornalja.com.br\/arquivo\/dilma-uma-proposta-inesperada\/#webpage","url":"https:\/\/www.jornalja.com.br\/arquivo\/dilma-uma-proposta-inesperada\/","name":"O futuro de Dilma | Arquivo","inLanguage":"pt-BR","isPartOf":{"@id":"https:\/\/www.jornalja.com.br\/arquivo\/#website"},"breadcrumb":{"@id":"https:\/\/www.jornalja.com.br\/arquivo\/dilma-uma-proposta-inesperada\/#breadcrumblist"},"author":{"@id":"https:\/\/www.jornalja.com.br\/arquivo\/author\/daredacao\/#author"},"creator":{"@id":"https:\/\/www.jornalja.com.br\/arquivo\/author\/daredacao\/#author"},"datePublished":"2016-05-22T13:54:04-03:00","dateModified":"2016-05-22T13:54:04-03:00"},{"@type":"WebSite","@id":"https:\/\/www.jornalja.com.br\/arquivo\/#website","url":"https:\/\/www.jornalja.com.br\/arquivo\/","name":"Arquivo","description":"Jornal J\u00c1 | Porto Alegre","inLanguage":"pt-BR","publisher":{"@id":"https:\/\/www.jornalja.com.br\/arquivo\/#organization"}}]},"og:locale":"pt_BR","og:site_name":"Arquivo | Jornal J\u00c1 | Porto Alegre","og:type":"article","og:title":"O futuro de Dilma | Arquivo","og:url":"https:\/\/www.jornalja.com.br\/arquivo\/dilma-uma-proposta-inesperada\/","og:image":"https:\/\/www.jornalja.com.br\/economics\/wp-content\/uploads\/sites\/11\/2026\/08\/ja-folhaderosto-facebook.jpg","og:image:secure_url":"https:\/\/www.jornalja.com.br\/economics\/wp-content\/uploads\/sites\/11\/2026\/08\/ja-folhaderosto-facebook.jpg","article:published_time":"2016-05-22T16:54:04+00:00","article:modified_time":"2016-05-22T16:54:04+00:00","twitter:card":"summary","twitter:title":"O futuro de Dilma | Arquivo","twitter:image":"https:\/\/www.jornalja.com.br\/economics\/wp-content\/uploads\/sites\/11\/2026\/08\/ja-folhaderosto-facebook.jpg"},"aioseo_meta_data":{"post_id":"33262","title":null,"description":null,"keywords":null,"keyphrases":null,"primary_term":null,"canonical_url":null,"og_title":null,"og_description":null,"og_object_type":"default","og_image_type":"default","og_image_url":null,"og_image_width":null,"og_image_height":null,"og_image_custom_url":null,"og_image_custom_fields":null,"og_video":null,"og_custom_url":null,"og_article_section":null,"og_article_tags":null,"twitter_use_og":false,"twitter_card":"default","twitter_image_type":"default","twitter_image_url":null,"twitter_image_custom_url":null,"twitter_image_custom_fields":null,"twitter_title":null,"twitter_description":null,"schema":{"blockGraphs":[],"customGraphs":[],"default":{"data":{"Article":[],"Course":[],"Dataset":[],"FAQPage":[],"Movie":[],"Person":[],"Product":[],"ProductReview":[],"Car":[],"Recipe":[],"Service":[],"SoftwareApplication":[],"WebPage":[]},"graphName":"","isEnabled":true},"graphs":[],"defaultGraph":"","defaultPostTypeGraph":""},"schema_type":null,"schema_type_options":null,"pillar_content":false,"robots_default":true,"robots_noindex":false,"robots_noarchive":false,"robots_nosnippet":false,"robots_nofollow":false,"robots_noimageindex":false,"robots_noodp":false,"robots_notranslate":false,"robots_max_snippet":null,"robots_max_videopreview":null,"robots_max_imagepreview":"large","priority":null,"frequency":null,"location":null,"local_seo":null,"breadcrumb_settings":null,"limit_modified_date":false,"ai":null,"created":"2020-12-20 20:56:47","updated":"2025-07-19 13:46:32","seo_analyzer_scan_date":null,"focus_keyword":null,"additional_keywords":null,"truseo_locale":null},"jetpack_sharing_enabled":true,"jetpack-related-posts":[{"id":13128,"url":"https:\/\/www.jornalja.com.br\/arquivo\/maconha-terra-diz-que-uso-medicinal-e-desculpa\/","url_meta":{"origin":33262,"position":0},"title":"Maconha: Terra diz que uso medicinal \u00e9 desculpa","author":"Patr\u00edcia Marini","date":"4 de junho de 2014","format":false,"excerpt":"A condi\u00e7\u00e3o de pol\u00edtico, em \u00e9poca de campanha de campanha eleitoral, tira for\u00e7a do discurso do m\u00e9dico Osmar Terra contra a legaliza\u00e7\u00e3o da maconha. A tese dele de que a libera\u00e7\u00e3o vai ampliar exponencialmente o consumo \u00e9 discutivel, o consumo \u00e9 corrente. Mas seus alertas quanto aos riscos tem que\u2026","rel":"","context":"Em &quot;X.Categorias velhas&quot;","block_context":{"text":"X.Categorias velhas","link":"https:\/\/www.jornalja.com.br\/arquivo\/category\/x-categorias-velhas\/"},"img":{"alt_text":"","src":"","width":0,"height":0},"classes":[]},{"id":5440,"url":"https:\/\/www.jornalja.com.br\/arquivo\/casarao-da-venancio-destino-permanece-incerto\/","url_meta":{"origin":33262,"position":1},"title":"Estado ainda n\u00e3o sabe o que fazer com casar\u00e3o abandonado h\u00e1 20 anos","author":"Elmar Bones","date":"6 de julho de 2009","format":false,"excerpt":"O casar\u00e3o amarelo, numa esquina nobre de Porto Alegre (Ven\u00e2ncio Aires com Jo\u00e3o Pessoa), j\u00e1 abrigou uma escola. H\u00e1 duas d\u00e9cadas, pelo menos, est\u00e1 abandonado, porque seu propriet\u00e1rio, o governo do Estado do Rio Grande do Sul, n\u00e3o consegue achar um destino para ele. Planos n\u00e3o faltaram. O governador Ol\u00edvio\u2026","rel":"","context":"Em &quot;X.Categorias velhas&quot;","block_context":{"text":"X.Categorias velhas","link":"https:\/\/www.jornalja.com.br\/arquivo\/category\/x-categorias-velhas\/"},"img":{"alt_text":"geraldo1","src":"https:\/\/i0.wp.com\/www.jornalja.com.br\/wp-content\/uploads\/2009\/07\/geraldo1.jpg?resize=350%2C200&ssl=1","width":350,"height":200},"classes":[]},{"id":13240,"url":"https:\/\/www.jornalja.com.br\/arquivo\/plano-diretor-estamos-construindo-o-caos\/","url_meta":{"origin":33262,"position":2},"title":"Plano diretor: &quot;Estamos construindo o caos&quot;","author":"Patr\u00edcia Marini","date":"26 de maio de 2014","format":false,"excerpt":"Desabafo que arquiteta Eliana Castilhos, delegada da Regi\u00e3o de Planejamento 1, postou nas redes sociais \u00e9 um testemunho do ambiente que se criou no Conselho do Plano Diretor de Porto Alegre, onde a aprova\u00e7\u00e3o de grandes empreendimentos \u00e9 empurrada guela abaixo dos conselheiros. Ao CMDUA Como delegada da Regi\u00e3o de\u2026","rel":"","context":"Em &quot;Geral&quot;","block_context":{"text":"Geral","link":"https:\/\/www.jornalja.com.br\/arquivo\/category\/geral\/"},"img":{"alt_text":"","src":"","width":0,"height":0},"classes":[]},{"id":13239,"url":"https:\/\/www.jornalja.com.br\/arquivo\/conselho-desdenha-do-plano-diretor\/","url_meta":{"origin":33262,"position":3},"title":"Porto Alegre: Conselho detona Plano Diretor","author":"Patr\u00edcia Marini","date":"25 de maio de 2014","format":false,"excerpt":"Den\u00fancia do arquiteto e \u00a0urbanista Ibir\u00e1 Santos Lucas. Ele diz que os conselheiros est\u00e3o votando com \"enorme irresponsabilidade\". \"Mudam regime com a maior naturalidade,,,regularizam absurdos de constru\u00e7\u00f5es irregulares... \"O CMDUA est\u00e1 flexibilizando a lei do plano diretor, de uma forma impactante na vida da cidade. Mudam regime com a maior\u2026","rel":"","context":"Em &quot;Geral&quot;","block_context":{"text":"Geral","link":"https:\/\/www.jornalja.com.br\/arquivo\/category\/geral\/"},"img":{"alt_text":"","src":"","width":0,"height":0},"classes":[]},{"id":14241,"url":"https:\/\/www.jornalja.com.br\/arquivo\/o-guaiba-nas-imagens-poeticas-de-achutti\/","url_meta":{"origin":33262,"position":4},"title":"O Gua\u00edba nas imagens po\u00e9ticas de Achutti","author":"da Reda\u00e7\u00e3o","date":"18 de junho de 2014","format":false,"excerpt":"Em \u201cO Gua\u00edba por Achutti\u201d \u2013 obra financiada via Minist\u00e9rio da Cultura, produ\u00e7\u00e3o executiva de Pedro Longhi, e Fl\u00e1vio Wild como designer \u2013, o fot\u00f3grafo revela a beleza e as mazelas de um espa\u00e7o aqu\u00e1tico de \u00e1guas sempre renovadas, cheio de hist\u00f3rias e lendas como as das cidades que foram\u2026","rel":"","context":"Em &quot;Cultura-Geral&quot;","block_context":{"text":"Cultura-Geral","link":"https:\/\/www.jornalja.com.br\/arquivo\/category\/materiasecundaria\/"},"img":{"alt_text":"","src":"","width":0,"height":0},"classes":[]},{"id":13124,"url":"https:\/\/www.jornalja.com.br\/arquivo\/sangue-latino-no-iecine\/","url_meta":{"origin":33262,"position":5},"title":"Sangue latino no IECINE","author":"da Reda\u00e7\u00e3o","date":"18 de maio de 2014","format":false,"excerpt":"Francisco Ribeiro O Instituto Estadual de Cinema (IECINE) tem a frente, desde abril \u00faltimo, um novo diretor, o cineasta colombiano Juan Zapata, 36, que substitui Luiz Alberto Cassol. Radicado h\u00e1 dez anos em Porto Alegre, Zapata tem diante de si o desafio de conduzir at\u00e9 o final do ano um\u2026","rel":"","context":"Em &quot;Cultura-Geral&quot;","block_context":{"text":"Cultura-Geral","link":"https:\/\/www.jornalja.com.br\/arquivo\/category\/materiasecundaria\/"},"img":{"alt_text":"","src":"","width":0,"height":0},"classes":[]}],"jetpack_shortlink":"https:\/\/wp.me\/pbQjBd-8Eu","jetpack_featured_media_url":"","_links":{"self":[{"href":"https:\/\/www.jornalja.com.br\/arquivo\/wp-json\/wp\/v2\/posts\/33262","targetHints":{"allow":["GET"]}}],"collection":[{"href":"https:\/\/www.jornalja.com.br\/arquivo\/wp-json\/wp\/v2\/posts"}],"about":[{"href":"https:\/\/www.jornalja.com.br\/arquivo\/wp-json\/wp\/v2\/types\/post"}],"author":[{"embeddable":true,"href":"https:\/\/www.jornalja.com.br\/arquivo\/wp-json\/wp\/v2\/users\/4"}],"replies":[{"embeddable":true,"href":"https:\/\/www.jornalja.com.br\/arquivo\/wp-json\/wp\/v2\/comments?post=33262"}],"version-history":[{"count":0,"href":"https:\/\/www.jornalja.com.br\/arquivo\/wp-json\/wp\/v2\/posts\/33262\/revisions"}],"wp:attachment":[{"href":"https:\/\/www.jornalja.com.br\/arquivo\/wp-json\/wp\/v2\/media?parent=33262"}],"wp:term":[{"taxonomy":"category","embeddable":true,"href":"https:\/\/www.jornalja.com.br\/arquivo\/wp-json\/wp\/v2\/categories?post=33262"},{"taxonomy":"post_tag","embeddable":true,"href":"https:\/\/www.jornalja.com.br\/arquivo\/wp-json\/wp\/v2\/tags?post=33262"}],"curies":[{"name":"wp","href":"https:\/\/api.w.org\/{rel}","templated":true}]}}