{"id":33311,"date":"2016-05-25T01:00:40","date_gmt":"2016-05-25T04:00:40","guid":{"rendered":"https:\/\/www.jornalja.com.br\/?p=33311"},"modified":"2016-05-25T01:00:40","modified_gmt":"2016-05-25T04:00:40","slug":"ditadura-outra-vez","status":"publish","type":"post","link":"https:\/\/www.jornalja.com.br\/arquivo\/ditadura-outra-vez\/","title":{"rendered":"Ditadura outra vez"},"content":{"rendered":"<p>[avatar user=&#8221;X-CDD &#8211; Joao A Wohlfart&#8221; size=&#8221;medium&#8221; align=&#8221;left&#8221; \/]<br \/>\n<span class=\"assina\">Jo\u00e3o Alberto Wohlfart*<\/span><br \/>\nComo se n\u00e3o bastasse, o Brasil passou por um longo e obscuro per\u00edodo de ditadura militar entre os anos de 1964 e 1985. As experi\u00eancias mais horrorosas a que foi submetido o povo durante este per\u00edodo, como torturas, pris\u00f5es, mortes, desaparecimento de familiares e neutraliza\u00e7\u00e3o da consci\u00eancia hist\u00f3rica, fez ecoar o grito: ditadura nunca mais. Com a retomada da Democracia em 1985 e outros eventos democr\u00e1ticos posteriores afastaria para sempre qualquer possibilidade de nova ditadura. Para as gera\u00e7\u00f5es mais jovens, qualquer no\u00e7\u00e3o de ditadura apenas no imagin\u00e1rio da experi\u00eancia de um passado mais ou menos long\u00ednquo ou a partir da mem\u00f3ria mais viva das gera\u00e7\u00f5es passadas. A realidade da Democracia foi conquistada com muito suor, sacrif\u00edcio, sangue e morte de tantos her\u00f3is do passado.<br \/>\nDe forma quase inesperada e muito r\u00e1pida, eclodiu uma nova ditadura no Brasil, com indica\u00e7\u00f5es de que esta \u00e9 pior que aquela vivida nestes anos sombrios. Arquitetada por uma m\u00eddia olig\u00e1rquica que serve aos interesses do grande capital, por setores ultraconservadores do judici\u00e1rio e do minist\u00e9rio p\u00fablico federal, por partidos pol\u00edticos de direita e por uma classe de bandidos pol\u00edticos espalhados por todos os poderes da rep\u00fablica. Inconformados com os avan\u00e7os sociais dos \u00faltimos anos, por m\u00faltiplas formas de manifesta\u00e7\u00f5es democr\u00e1ticas e pela ascens\u00e3o social de milh\u00f5es de brasileiros historicamente exclu\u00eddos, de pobres que come\u00e7aram a viajar de avi\u00e3o e de negros que chegaram \u00e0s Universidades, as elites conservadoras da sociedade se enfureceram porque viram os seus espa\u00e7os de dom\u00ednio absoluto \u201cinvadidos\u201d por uma massa de \u201cvagabundos\u201d.<br \/>\nA nova ditadura brasileira \u00e9 oriunda do refluxo do neoliberalismo ultraconservador que tem na privatiza\u00e7\u00e3o das empresas e das riquezas, o dom\u00ednio vertical norte\/sul, a especula\u00e7\u00e3o financeira, o dom\u00ednio do grande capital estrangeiro das riquezas nacionais, a monopoliza\u00e7\u00e3o do empresariado do agroneg\u00f3cio e dos grandes monop\u00f3lios produtivos os seus dogmas mais absolutos. O grande capital internacional est\u00e1 de olho no Brasil porque ainda possu\u00edmos riquezas naturais inexistentes no primeiro mundo de que o sistema capitalista necessita para o giro do lucro, comprometido pela atual grande crise do capitalismo internacional. Os representantes internos deste sistema, apoiados por grandes monop\u00f3lios econ\u00f4micos nacionais e transnacionais, formados pelo judici\u00e1rio, pelos partidos de direita e pela grande m\u00eddia, orquestraram derrubar a Presidente Dilma Rousseff para impor ao pa\u00eds os seus esp\u00farios interesses, completamente alheios \u00e0 vida e \u00e0s necessidades do povo.<br \/>\nInternamente este espet\u00e1culo foi orquestrado nos constantes ataques da m\u00eddia conservadora ao Partido dos Trabalhadores e ao ex-Presidente Lula como se fossem os culpados da corrup\u00e7\u00e3o e nos ataques do judici\u00e1rio \u00e0s lideran\u00e7as de esquerda especialmente dirigidos para prender as suas principais lideran\u00e7as. Nesta investida, os pr\u00f3prios meios de comunica\u00e7\u00e3o e o corrompido judici\u00e1rio conseguiram ocultar a grande corrup\u00e7\u00e3o que gira neles pr\u00f3prios e nas tend\u00eancias pol\u00edticas de direita ultraconservadora que fazem da pol\u00edtica uma legitima\u00e7\u00e3o dos grandes interesses econ\u00f4micos do empresariado e das corpora\u00e7\u00f5es capitalistas. Com a furiosa articula\u00e7\u00e3o de ataques ao povo, \u00e0 Democracia, \u00e0s for\u00e7as pol\u00edticas de esquerda e \u00e0s conquistas sociais, est\u00e3o impondo o seu poderio absoluto para privatizar a sociedade em fun\u00e7\u00e3o de seus interesses.<br \/>\nA presen\u00e7a intensa da nova ditadura parlamentar\/jur\u00eddico\/midi\u00e1tica, fica cada vez mais vis\u00edvel diante dos olhos. O julgamento promovido pela c\u00e2mara dos deputados e pelo senado federal pareceu um verdadeiro tribunal de inquisi\u00e7\u00e3o e de exce\u00e7\u00e3o, com express\u00f5es de patriarcalismo, coronelismo, machismo, fascismo e com homenagem aos torturadores da ditadura militar. Aos promotores destes sentimentos antipatri\u00f3ticos e antidemocr\u00e1ticos n\u00e3o pesa nenhuma puni\u00e7\u00e3o e se transformam em her\u00f3is do golpe. Aos l\u00edderes populares e defensores da Democracia pesa o estere\u00f3tipo de agitadores do povo e baderneiros da ordem p\u00fablica.<br \/>\nCom o processo de impedimento da Presidente Dilma Rousseff, al\u00e9m de uma viola\u00e7\u00e3o c\u00ednica e hip\u00f3crita do Estado de Direito, da Constitui\u00e7\u00e3o e da Democracia, h\u00e1 um clima sistem\u00e1tico de ditadura disseminado por toda a sociedade. Quando nas Universidades p\u00fablicas se discute golpe e Democracia, as Institui\u00e7\u00f5es de Ensino Superior s\u00e3o duramente reprimidas por c\u00e2maras de vereadores e pelo minist\u00e9rio p\u00fablico, quando a sua plena autonomia d\u00e1 a liberdade para realizarem estes atos. O clima de \u00f3dio e intoler\u00e2ncia seletivamente orientado para determinadas pessoas e grupos da sociedade constitui um ind\u00edcio claro de ditadura, algo impens\u00e1vel numa sociedade livre e democr\u00e1tica.<br \/>\nOs golpistas que usurparam ditatorialmente o poder central, est\u00e3o promovendo um desmonte dos direitos sociais conquistados com muita luta, sangue e mortes de tantos her\u00f3is da Democracia. Em lugar das conquistas sociais estamos vendo um espet\u00e1culo de privatiza\u00e7\u00f5es destinadas a atender aos interesses de uma pequena elite pol\u00edtica e econ\u00f4mica que sempre mandou no pa\u00eds e que nunca permitiu que os seus privil\u00e9gios fosses minimizados. H\u00e1 claras promessas de repress\u00e3o contra manifesta\u00e7\u00f5es populares e contra express\u00f5es da opini\u00e3o p\u00fablica que sustentam uma vis\u00e3o diferente da oficial protagonizada pela oligarquia do neoliberalismo nacional. H\u00e1 ind\u00edcios claros de repress\u00e3o policial aos movimentos sociais que se organizam para barrar o golpe e assegurar a Democracia t\u00e3o duramente conquistada.<br \/>\nAl\u00e9m da precariza\u00e7\u00e3o do trabalho e dos direitos sociais, o que fica evidente \u00e9 a subordina\u00e7\u00e3o das riquezas nacionais aos interesses do grande capital internacional. A entrega do pr\u00e9-sal, a \u00faltima grande descoberta do Brasil de um futuro promissor para o nosso povo, est\u00e1 amea\u00e7ado escapar de nossas m\u00e3os. As riquezas naturais, a imensa biodiversidade e os grandes ecossistemas est\u00e3o amea\u00e7ados pela mentalidade privatizadora dos golpistas. Este ataque \u00e0 soberania nacional e \u00e0 liberdade do povo caracteriza um golpe porque implanta um projeto n\u00e3o almejado pelo povo brasileiro.<br \/>\n* Doutor em Filosofia pela PUCRS e professor de filosofia.<\/p>\n","protected":false},"excerpt":{"rendered":"<p>[avatar user=&#8221;X-CDD &#8211; Joao A Wohlfart&#8221; size=&#8221;medium&#8221; align=&#8221;left&#8221; \/] Jo\u00e3o Alberto Wohlfart* Como se n\u00e3o bastasse, o Brasil passou por um longo e obscuro per\u00edodo de ditadura militar entre os anos de 1964 e 1985. As experi\u00eancias mais horrorosas a que foi submetido o povo durante este per\u00edodo, como torturas, pris\u00f5es, mortes, desaparecimento de familiares [&hellip;]<\/p>\n","protected":false},"author":4,"featured_media":0,"comment_status":"open","ping_status":"closed","sticky":false,"template":"","format":"standard","meta":{"_jetpack_newsletter_access":"","_jetpack_dont_email_post_to_subs":false,"_jetpack_newsletter_tier_id":0,"_jetpack_memberships_contains_paywalled_content":false,"_jetpack_feature_clip_id":0,"_jetpack_memberships_contains_paid_content":false,"footnotes":"","jetpack_post_was_ever_published":false},"categories":[2011,2012],"tags":[],"class_list":["post-33311","post","type-post","status-publish","format-standard","hentry","category-destaque","category-debates"],"aioseo_notices":[],"aioseo_head":"\n\t\t<!-- All in One SEO 5.0.1.1 - aioseo.com -->\n\t<meta name=\"robots\" content=\"max-image-preview:large\" \/>\n\t<meta name=\"author\" content=\"da Reda\u00e7\u00e3o\"\/>\n\t<link rel=\"canonical\" href=\"https:\/\/www.jornalja.com.br\/arquivo\/ditadura-outra-vez\/\" \/>\n\t<meta name=\"generator\" content=\"All in One SEO (AIOSEO) 5.0.1.1\" \/>\n\t\t<meta property=\"og:locale\" content=\"pt_BR\" \/>\n\t\t<meta property=\"og:site_name\" content=\"Arquivo | Jornal J\u00c1 | Porto Alegre\" \/>\n\t\t<meta property=\"og:type\" content=\"article\" \/>\n\t\t<meta property=\"og:title\" content=\"Ditadura outra vez | Arquivo\" \/>\n\t\t<meta property=\"og:url\" content=\"https:\/\/www.jornalja.com.br\/arquivo\/ditadura-outra-vez\/\" \/>\n\t\t<meta property=\"og:image\" content=\"https:\/\/www.jornalja.com.br\/economics\/wp-content\/uploads\/sites\/11\/2026\/08\/ja-folhaderosto-facebook.jpg\" \/>\n\t\t<meta property=\"og:image:secure_url\" content=\"https:\/\/www.jornalja.com.br\/economics\/wp-content\/uploads\/sites\/11\/2026\/08\/ja-folhaderosto-facebook.jpg\" \/>\n\t\t<meta property=\"article:published_time\" content=\"2016-05-25T04:00:40+00:00\" \/>\n\t\t<meta property=\"article:modified_time\" content=\"2016-05-25T04:00:40+00:00\" \/>\n\t\t<meta name=\"twitter:card\" content=\"summary\" \/>\n\t\t<meta name=\"twitter:title\" content=\"Ditadura outra vez | Arquivo\" \/>\n\t\t<meta name=\"twitter:image\" content=\"https:\/\/www.jornalja.com.br\/economics\/wp-content\/uploads\/sites\/11\/2026\/08\/ja-folhaderosto-facebook.jpg\" \/>\n\t\t<script type=\"application\/ld+json\" class=\"aioseo-schema\">\n\t\t\t{\"@context\":\"https:\\\/\\\/schema.org\",\"@graph\":[{\"@type\":\"BlogPosting\",\"@id\":\"https:\\\/\\\/www.jornalja.com.br\\\/arquivo\\\/ditadura-outra-vez\\\/#blogposting\",\"name\":\"Ditadura outra vez | Arquivo\",\"headline\":\"Ditadura outra vez\",\"author\":{\"@id\":\"https:\\\/\\\/www.jornalja.com.br\\\/arquivo\\\/author\\\/daredacao\\\/#author\"},\"publisher\":{\"@id\":\"https:\\\/\\\/www.jornalja.com.br\\\/arquivo\\\/#organization\"},\"image\":{\"@type\":\"ImageObject\",\"url\":\"https:\\\/\\\/www.jornalja.com.br\\\/wp-content\\\/uploads\\\/cards\\\/JAslogan.png\",\"@id\":\"https:\\\/\\\/www.jornalja.com.br\\\/arquivo\\\/#articleImage\"},\"datePublished\":\"2016-05-25T01:00:40-03:00\",\"dateModified\":\"2016-05-25T01:00:40-03:00\",\"inLanguage\":\"pt-BR\",\"commentCount\":1,\"mainEntityOfPage\":{\"@id\":\"https:\\\/\\\/www.jornalja.com.br\\\/arquivo\\\/ditadura-outra-vez\\\/#webpage\"},\"isPartOf\":{\"@id\":\"https:\\\/\\\/www.jornalja.com.br\\\/arquivo\\\/ditadura-outra-vez\\\/#webpage\"},\"articleSection\":\"CDD-artigo em destaque, HOTSITE Comit\\u00ea pela Democracia\"},{\"@type\":\"BreadcrumbList\",\"@id\":\"https:\\\/\\\/www.jornalja.com.br\\\/arquivo\\\/ditadura-outra-vez\\\/#breadcrumblist\",\"itemListElement\":[{\"@type\":\"ListItem\",\"@id\":\"https:\\\/\\\/www.jornalja.com.br\\\/arquivo#listItem\",\"position\":1,\"name\":\"Home\",\"item\":\"https:\\\/\\\/www.jornalja.com.br\\\/arquivo\",\"nextItem\":{\"@type\":\"ListItem\",\"@id\":\"https:\\\/\\\/www.jornalja.com.br\\\/arquivo\\\/category\\\/destaque\\\/#listItem\",\"name\":\"CDD-artigo em destaque\"}},{\"@type\":\"ListItem\",\"@id\":\"https:\\\/\\\/www.jornalja.com.br\\\/arquivo\\\/category\\\/destaque\\\/#listItem\",\"position\":2,\"name\":\"CDD-artigo em destaque\",\"item\":\"https:\\\/\\\/www.jornalja.com.br\\\/arquivo\\\/category\\\/destaque\\\/\",\"nextItem\":{\"@type\":\"ListItem\",\"@id\":\"https:\\\/\\\/www.jornalja.com.br\\\/arquivo\\\/ditadura-outra-vez\\\/#listItem\",\"name\":\"Ditadura outra vez\"},\"previousItem\":{\"@type\":\"ListItem\",\"@id\":\"https:\\\/\\\/www.jornalja.com.br\\\/arquivo#listItem\",\"name\":\"Home\"}},{\"@type\":\"ListItem\",\"@id\":\"https:\\\/\\\/www.jornalja.com.br\\\/arquivo\\\/ditadura-outra-vez\\\/#listItem\",\"position\":3,\"name\":\"Ditadura outra vez\",\"previousItem\":{\"@type\":\"ListItem\",\"@id\":\"https:\\\/\\\/www.jornalja.com.br\\\/arquivo\\\/category\\\/destaque\\\/#listItem\",\"name\":\"CDD-artigo em destaque\"}}]},{\"@type\":\"Organization\",\"@id\":\"https:\\\/\\\/www.jornalja.com.br\\\/arquivo\\\/#organization\",\"name\":\"Jornal J\\u00c1\",\"description\":\"Jornal J\\u00c1 | Porto Alegre\",\"url\":\"https:\\\/\\\/www.jornalja.com.br\\\/arquivo\\\/\",\"telephone\":\"+555133307272\",\"logo\":{\"@type\":\"ImageObject\",\"url\":\"https:\\\/\\\/www.jornalja.com.br\\\/wp-content\\\/uploads\\\/cards\\\/JAslogan.png\",\"@id\":\"https:\\\/\\\/www.jornalja.com.br\\\/arquivo\\\/ditadura-outra-vez\\\/#organizationLogo\"},\"image\":{\"@id\":\"https:\\\/\\\/www.jornalja.com.br\\\/arquivo\\\/ditadura-outra-vez\\\/#organizationLogo\"}},{\"@type\":\"Person\",\"@id\":\"https:\\\/\\\/www.jornalja.com.br\\\/arquivo\\\/author\\\/daredacao\\\/#author\",\"url\":\"https:\\\/\\\/www.jornalja.com.br\\\/arquivo\\\/author\\\/daredacao\\\/\",\"name\":\"da Reda\\u00e7\\u00e3o\",\"image\":{\"@type\":\"ImageObject\",\"@id\":\"https:\\\/\\\/www.jornalja.com.br\\\/arquivo\\\/ditadura-outra-vez\\\/#authorImage\",\"url\":\"https:\\\/\\\/secure.gravatar.com\\\/avatar\\\/469fd857d6605ad19919d27ed29d35a968a25f6e8fd9318356bbb7f57aae9c65?s=96&d=mm&r=g\",\"width\":96,\"height\":96,\"caption\":\"da Reda\\u00e7\\u00e3o\"}},{\"@type\":\"WebPage\",\"@id\":\"https:\\\/\\\/www.jornalja.com.br\\\/arquivo\\\/ditadura-outra-vez\\\/#webpage\",\"url\":\"https:\\\/\\\/www.jornalja.com.br\\\/arquivo\\\/ditadura-outra-vez\\\/\",\"name\":\"Ditadura outra vez | Arquivo\",\"inLanguage\":\"pt-BR\",\"isPartOf\":{\"@id\":\"https:\\\/\\\/www.jornalja.com.br\\\/arquivo\\\/#website\"},\"breadcrumb\":{\"@id\":\"https:\\\/\\\/www.jornalja.com.br\\\/arquivo\\\/ditadura-outra-vez\\\/#breadcrumblist\"},\"author\":{\"@id\":\"https:\\\/\\\/www.jornalja.com.br\\\/arquivo\\\/author\\\/daredacao\\\/#author\"},\"creator\":{\"@id\":\"https:\\\/\\\/www.jornalja.com.br\\\/arquivo\\\/author\\\/daredacao\\\/#author\"},\"datePublished\":\"2016-05-25T01:00:40-03:00\",\"dateModified\":\"2016-05-25T01:00:40-03:00\"},{\"@type\":\"WebSite\",\"@id\":\"https:\\\/\\\/www.jornalja.com.br\\\/arquivo\\\/#website\",\"url\":\"https:\\\/\\\/www.jornalja.com.br\\\/arquivo\\\/\",\"name\":\"Arquivo\",\"description\":\"Jornal J\\u00c1 | Porto Alegre\",\"inLanguage\":\"pt-BR\",\"publisher\":{\"@id\":\"https:\\\/\\\/www.jornalja.com.br\\\/arquivo\\\/#organization\"}}]}\n\t\t<\/script>\n\t\t<!-- All in One SEO -->\n\n","aioseo_head_json":{"title":"Ditadura outra vez | Arquivo","description":"","canonical_url":"https:\/\/www.jornalja.com.br\/arquivo\/ditadura-outra-vez\/","robots":"max-image-preview:large","keywords":"","webmasterTools":{"miscellaneous":""},"schema":{"@context":"https:\/\/schema.org","@graph":[{"@type":"BlogPosting","@id":"https:\/\/www.jornalja.com.br\/arquivo\/ditadura-outra-vez\/#blogposting","name":"Ditadura outra vez | Arquivo","headline":"Ditadura outra vez","author":{"@id":"https:\/\/www.jornalja.com.br\/arquivo\/author\/daredacao\/#author"},"publisher":{"@id":"https:\/\/www.jornalja.com.br\/arquivo\/#organization"},"image":{"@type":"ImageObject","url":"https:\/\/www.jornalja.com.br\/wp-content\/uploads\/cards\/JAslogan.png","@id":"https:\/\/www.jornalja.com.br\/arquivo\/#articleImage"},"datePublished":"2016-05-25T01:00:40-03:00","dateModified":"2016-05-25T01:00:40-03:00","inLanguage":"pt-BR","commentCount":1,"mainEntityOfPage":{"@id":"https:\/\/www.jornalja.com.br\/arquivo\/ditadura-outra-vez\/#webpage"},"isPartOf":{"@id":"https:\/\/www.jornalja.com.br\/arquivo\/ditadura-outra-vez\/#webpage"},"articleSection":"CDD-artigo em destaque, HOTSITE Comit\u00ea pela Democracia"},{"@type":"BreadcrumbList","@id":"https:\/\/www.jornalja.com.br\/arquivo\/ditadura-outra-vez\/#breadcrumblist","itemListElement":[{"@type":"ListItem","@id":"https:\/\/www.jornalja.com.br\/arquivo#listItem","position":1,"name":"Home","item":"https:\/\/www.jornalja.com.br\/arquivo","nextItem":{"@type":"ListItem","@id":"https:\/\/www.jornalja.com.br\/arquivo\/category\/destaque\/#listItem","name":"CDD-artigo em destaque"}},{"@type":"ListItem","@id":"https:\/\/www.jornalja.com.br\/arquivo\/category\/destaque\/#listItem","position":2,"name":"CDD-artigo em destaque","item":"https:\/\/www.jornalja.com.br\/arquivo\/category\/destaque\/","nextItem":{"@type":"ListItem","@id":"https:\/\/www.jornalja.com.br\/arquivo\/ditadura-outra-vez\/#listItem","name":"Ditadura outra vez"},"previousItem":{"@type":"ListItem","@id":"https:\/\/www.jornalja.com.br\/arquivo#listItem","name":"Home"}},{"@type":"ListItem","@id":"https:\/\/www.jornalja.com.br\/arquivo\/ditadura-outra-vez\/#listItem","position":3,"name":"Ditadura outra vez","previousItem":{"@type":"ListItem","@id":"https:\/\/www.jornalja.com.br\/arquivo\/category\/destaque\/#listItem","name":"CDD-artigo em destaque"}}]},{"@type":"Organization","@id":"https:\/\/www.jornalja.com.br\/arquivo\/#organization","name":"Jornal J\u00c1","description":"Jornal J\u00c1 | Porto Alegre","url":"https:\/\/www.jornalja.com.br\/arquivo\/","telephone":"+555133307272","logo":{"@type":"ImageObject","url":"https:\/\/www.jornalja.com.br\/wp-content\/uploads\/cards\/JAslogan.png","@id":"https:\/\/www.jornalja.com.br\/arquivo\/ditadura-outra-vez\/#organizationLogo"},"image":{"@id":"https:\/\/www.jornalja.com.br\/arquivo\/ditadura-outra-vez\/#organizationLogo"}},{"@type":"Person","@id":"https:\/\/www.jornalja.com.br\/arquivo\/author\/daredacao\/#author","url":"https:\/\/www.jornalja.com.br\/arquivo\/author\/daredacao\/","name":"da Reda\u00e7\u00e3o","image":{"@type":"ImageObject","@id":"https:\/\/www.jornalja.com.br\/arquivo\/ditadura-outra-vez\/#authorImage","url":"https:\/\/secure.gravatar.com\/avatar\/469fd857d6605ad19919d27ed29d35a968a25f6e8fd9318356bbb7f57aae9c65?s=96&d=mm&r=g","width":96,"height":96,"caption":"da Reda\u00e7\u00e3o"}},{"@type":"WebPage","@id":"https:\/\/www.jornalja.com.br\/arquivo\/ditadura-outra-vez\/#webpage","url":"https:\/\/www.jornalja.com.br\/arquivo\/ditadura-outra-vez\/","name":"Ditadura outra vez | Arquivo","inLanguage":"pt-BR","isPartOf":{"@id":"https:\/\/www.jornalja.com.br\/arquivo\/#website"},"breadcrumb":{"@id":"https:\/\/www.jornalja.com.br\/arquivo\/ditadura-outra-vez\/#breadcrumblist"},"author":{"@id":"https:\/\/www.jornalja.com.br\/arquivo\/author\/daredacao\/#author"},"creator":{"@id":"https:\/\/www.jornalja.com.br\/arquivo\/author\/daredacao\/#author"},"datePublished":"2016-05-25T01:00:40-03:00","dateModified":"2016-05-25T01:00:40-03:00"},{"@type":"WebSite","@id":"https:\/\/www.jornalja.com.br\/arquivo\/#website","url":"https:\/\/www.jornalja.com.br\/arquivo\/","name":"Arquivo","description":"Jornal J\u00c1 | Porto Alegre","inLanguage":"pt-BR","publisher":{"@id":"https:\/\/www.jornalja.com.br\/arquivo\/#organization"}}]},"og:locale":"pt_BR","og:site_name":"Arquivo | Jornal J\u00c1 | Porto Alegre","og:type":"article","og:title":"Ditadura outra vez | Arquivo","og:url":"https:\/\/www.jornalja.com.br\/arquivo\/ditadura-outra-vez\/","og:image":"https:\/\/www.jornalja.com.br\/economics\/wp-content\/uploads\/sites\/11\/2026\/08\/ja-folhaderosto-facebook.jpg","og:image:secure_url":"https:\/\/www.jornalja.com.br\/economics\/wp-content\/uploads\/sites\/11\/2026\/08\/ja-folhaderosto-facebook.jpg","article:published_time":"2016-05-25T04:00:40+00:00","article:modified_time":"2016-05-25T04:00:40+00:00","twitter:card":"summary","twitter:title":"Ditadura outra vez | Arquivo","twitter:image":"https:\/\/www.jornalja.com.br\/economics\/wp-content\/uploads\/sites\/11\/2026\/08\/ja-folhaderosto-facebook.jpg"},"aioseo_meta_data":{"post_id":"33311","title":null,"description":null,"keywords":null,"keyphrases":null,"primary_term":null,"canonical_url":null,"og_title":null,"og_description":null,"og_object_type":"default","og_image_type":"default","og_image_url":null,"og_image_width":null,"og_image_height":null,"og_image_custom_url":null,"og_image_custom_fields":null,"og_video":null,"og_custom_url":null,"og_article_section":null,"og_article_tags":null,"twitter_use_og":false,"twitter_card":"default","twitter_image_type":"default","twitter_image_url":null,"twitter_image_custom_url":null,"twitter_image_custom_fields":null,"twitter_title":null,"twitter_description":null,"schema":{"blockGraphs":[],"customGraphs":[],"default":{"data":{"Article":[],"Course":[],"Dataset":[],"FAQPage":[],"Movie":[],"Person":[],"Product":[],"ProductReview":[],"Car":[],"Recipe":[],"Service":[],"SoftwareApplication":[],"WebPage":[]},"graphName":"","isEnabled":true},"graphs":[]},"schema_type":null,"schema_type_options":null,"pillar_content":false,"robots_default":true,"robots_noindex":false,"robots_noarchive":false,"robots_nosnippet":false,"robots_nofollow":false,"robots_noimageindex":false,"robots_noodp":false,"robots_notranslate":false,"robots_max_snippet":null,"robots_max_videopreview":null,"robots_max_imagepreview":"large","priority":null,"frequency":null,"location":null,"local_seo":null,"breadcrumb_settings":null,"limit_modified_date":false,"ai":null,"created":"2020-12-20 20:56:47","updated":"2025-07-19 13:53:02","seo_analyzer_scan_date":null,"focus_keyword":null,"additional_keywords":null,"truseo_locale":null},"jetpack_sharing_enabled":true,"jetpack-related-posts":[{"id":13240,"url":"https:\/\/www.jornalja.com.br\/arquivo\/plano-diretor-estamos-construindo-o-caos\/","url_meta":{"origin":33311,"position":0},"title":"Plano diretor: &quot;Estamos construindo o caos&quot;","author":"Patr\u00edcia Marini","date":"26 de maio de 2014","format":false,"excerpt":"Desabafo que arquiteta Eliana Castilhos, delegada da Regi\u00e3o de Planejamento 1, postou nas redes sociais \u00e9 um testemunho do ambiente que se criou no Conselho do Plano Diretor de Porto Alegre, onde a aprova\u00e7\u00e3o de grandes empreendimentos \u00e9 empurrada guela abaixo dos conselheiros. Ao CMDUA Como delegada da Regi\u00e3o de\u2026","rel":"","context":"Em &quot;Geral&quot;","block_context":{"text":"Geral","link":"https:\/\/www.jornalja.com.br\/arquivo\/category\/geral\/"},"img":{"alt_text":"","src":"","width":0,"height":0},"classes":[]},{"id":5440,"url":"https:\/\/www.jornalja.com.br\/arquivo\/casarao-da-venancio-destino-permanece-incerto\/","url_meta":{"origin":33311,"position":1},"title":"Estado ainda n\u00e3o sabe o que fazer com casar\u00e3o abandonado h\u00e1 20 anos","author":"Elmar Bones","date":"6 de julho de 2009","format":false,"excerpt":"O casar\u00e3o amarelo, numa esquina nobre de Porto Alegre (Ven\u00e2ncio Aires com Jo\u00e3o Pessoa), j\u00e1 abrigou uma escola. H\u00e1 duas d\u00e9cadas, pelo menos, est\u00e1 abandonado, porque seu propriet\u00e1rio, o governo do Estado do Rio Grande do Sul, n\u00e3o consegue achar um destino para ele. Planos n\u00e3o faltaram. O governador Ol\u00edvio\u2026","rel":"","context":"Em &quot;X.Categorias velhas&quot;","block_context":{"text":"X.Categorias velhas","link":"https:\/\/www.jornalja.com.br\/arquivo\/category\/x-categorias-velhas\/"},"img":{"alt_text":"geraldo1","src":"https:\/\/i0.wp.com\/www.jornalja.com.br\/wp-content\/uploads\/2009\/07\/geraldo1.jpg?resize=350%2C200&ssl=1","width":350,"height":200},"classes":[]},{"id":13124,"url":"https:\/\/www.jornalja.com.br\/arquivo\/sangue-latino-no-iecine\/","url_meta":{"origin":33311,"position":2},"title":"Sangue latino no IECINE","author":"da Reda\u00e7\u00e3o","date":"18 de maio de 2014","format":false,"excerpt":"Francisco Ribeiro O Instituto Estadual de Cinema (IECINE) tem a frente, desde abril \u00faltimo, um novo diretor, o cineasta colombiano Juan Zapata, 36, que substitui Luiz Alberto Cassol. Radicado h\u00e1 dez anos em Porto Alegre, Zapata tem diante de si o desafio de conduzir at\u00e9 o final do ano um\u2026","rel":"","context":"Em &quot;Cultura-Geral&quot;","block_context":{"text":"Cultura-Geral","link":"https:\/\/www.jornalja.com.br\/arquivo\/category\/materiasecundaria\/"},"img":{"alt_text":"","src":"","width":0,"height":0},"classes":[]},{"id":13128,"url":"https:\/\/www.jornalja.com.br\/arquivo\/maconha-terra-diz-que-uso-medicinal-e-desculpa\/","url_meta":{"origin":33311,"position":3},"title":"Maconha: Terra diz que uso medicinal \u00e9 desculpa","author":"Patr\u00edcia Marini","date":"4 de junho de 2014","format":false,"excerpt":"A condi\u00e7\u00e3o de pol\u00edtico, em \u00e9poca de campanha de campanha eleitoral, tira for\u00e7a do discurso do m\u00e9dico Osmar Terra contra a legaliza\u00e7\u00e3o da maconha. A tese dele de que a libera\u00e7\u00e3o vai ampliar exponencialmente o consumo \u00e9 discutivel, o consumo \u00e9 corrente. Mas seus alertas quanto aos riscos tem que\u2026","rel":"","context":"Em &quot;X.Categorias velhas&quot;","block_context":{"text":"X.Categorias velhas","link":"https:\/\/www.jornalja.com.br\/arquivo\/category\/x-categorias-velhas\/"},"img":{"alt_text":"","src":"","width":0,"height":0},"classes":[]},{"id":13101,"url":"https:\/\/www.jornalja.com.br\/arquivo\/morre-um-guerreiro-do-texto\/","url_meta":{"origin":33311,"position":4},"title":"Morre um guerreiro do texto","author":"Patr\u00edcia Marini","date":"14 de maio de 2014","format":false,"excerpt":"Por Ricardo Kotscho Reproduzido do blog do autor, 11\/5\/2014; t\u00edtulo original \u201cE l\u00e1 se foi o nosso Myltainho, guerreiro do texto\u201d. Mi\u00fado e franzino, meu amigo Myltainho era um valente e inconformado guerreiro na luta contra as injusti\u00e7as sociais, a hipocrisia, as maracutaias, o autoritarismo, a intoler\u00e2ncia, a viol\u00eancia, o\u2026","rel":"","context":"Em &quot;Geral&quot;","block_context":{"text":"Geral","link":"https:\/\/www.jornalja.com.br\/arquivo\/category\/geral\/"},"img":{"alt_text":"","src":"","width":0,"height":0},"classes":[]},{"id":12960,"url":"https:\/\/www.jornalja.com.br\/arquivo\/populacao-culpa-empresas-pela-greve-dos-rodoviarios\/","url_meta":{"origin":33311,"position":5},"title":"Popula\u00e7\u00e3o culpa empresas pela greve","author":"Patr\u00edcia Marini","date":"14 de fevereiro de 2014","format":false,"excerpt":"Pesquisa divulgada na edi\u00e7\u00e3o do jornal Metro desta sexta-feira,14, comprova o velho ditado: \u00e9 poss\u00edvel enganar muitos por algum tempo, mas n\u00e3o \u00e9 poss\u00edvel enganar a todos o tempo inteiro. A principal revela\u00e7\u00e3o foi que 59,8% dos entrevistados apontaram as empresas como as principais respons\u00e1veis pela grave e 46% culparam\u2026","rel":"","context":"Em &quot;X.Categorias velhas&quot;","block_context":{"text":"X.Categorias velhas","link":"https:\/\/www.jornalja.com.br\/arquivo\/category\/x-categorias-velhas\/"},"img":{"alt_text":"","src":"","width":0,"height":0},"classes":[]}],"jetpack_shortlink":"https:\/\/wp.me\/pbQjBd-8Fh","jetpack_featured_media_url":"","_links":{"self":[{"href":"https:\/\/www.jornalja.com.br\/arquivo\/wp-json\/wp\/v2\/posts\/33311","targetHints":{"allow":["GET"]}}],"collection":[{"href":"https:\/\/www.jornalja.com.br\/arquivo\/wp-json\/wp\/v2\/posts"}],"about":[{"href":"https:\/\/www.jornalja.com.br\/arquivo\/wp-json\/wp\/v2\/types\/post"}],"author":[{"embeddable":true,"href":"https:\/\/www.jornalja.com.br\/arquivo\/wp-json\/wp\/v2\/users\/4"}],"replies":[{"embeddable":true,"href":"https:\/\/www.jornalja.com.br\/arquivo\/wp-json\/wp\/v2\/comments?post=33311"}],"version-history":[{"count":0,"href":"https:\/\/www.jornalja.com.br\/arquivo\/wp-json\/wp\/v2\/posts\/33311\/revisions"}],"wp:attachment":[{"href":"https:\/\/www.jornalja.com.br\/arquivo\/wp-json\/wp\/v2\/media?parent=33311"}],"wp:term":[{"taxonomy":"category","embeddable":true,"href":"https:\/\/www.jornalja.com.br\/arquivo\/wp-json\/wp\/v2\/categories?post=33311"},{"taxonomy":"post_tag","embeddable":true,"href":"https:\/\/www.jornalja.com.br\/arquivo\/wp-json\/wp\/v2\/tags?post=33311"}],"curies":[{"name":"wp","href":"https:\/\/api.w.org\/{rel}","templated":true}]}}