{"id":33570,"date":"2016-05-27T06:00:47","date_gmt":"2016-05-27T09:00:47","guid":{"rendered":"https:\/\/www.jornalja.com.br\/?p=33570"},"modified":"2016-05-27T06:00:47","modified_gmt":"2016-05-27T09:00:47","slug":"o-ambiente-do-golpe-o-brasil-midiatizado-e-colonialista-e-dois-filmes-atuais","status":"publish","type":"post","link":"https:\/\/www.jornalja.com.br\/arquivo\/o-ambiente-do-golpe-o-brasil-midiatizado-e-colonialista-e-dois-filmes-atuais\/","title":{"rendered":"O ambiente do golpe: o Brasil midiatizado e colonialista e dois filmes atuais"},"content":{"rendered":"<p><span class=\"assina\">Guilherme Castro*<\/span><br \/>\nO ambiente cultural em que prosperou o golpe mostra o Brasil altamente conectado nas m\u00eddias de hoje, mas alienado. Um pa\u00eds t\u00e3o \u2018dentro\u2019 do mundo contempor\u00e2neo e, ao mesmo tempo, ainda colonialista.<br \/>\nO papel e os efeitos da m\u00eddia na crise pol\u00edtica brasileira v\u00e3o al\u00e9m e s\u00e3o mais profundos do que a manipula\u00e7\u00e3o direta e generalizada pr\u00f3 golpe das grandes empresas de comunica\u00e7\u00e3o. Uma das maiores estranhezas desses dias \u00e9 perceber nas pr\u00f3prias redes sociais, entre debates e mesmo em manifesta\u00e7\u00f5es de rua, os efeitos do que est\u00e1 sendo chamado de \u2018a bolha midi\u00e1tica\u2019. Os espa\u00e7os de contato e debates entre diferentes s\u00e3o m\u00ednimos, e conversamos sempre entre iguais. A sociedade midi\u00e1tica \u00e9 radical ao dar forma ao Brasil de hoje: atua um estranho e contempor\u00e2neo efeito de impermeabilidade e transpar\u00eancia da diferen\u00e7a. \u00c9 o que explica o prof. Gelson Santana em <em>Representa\u00e7\u00e3o e formas da diferen\u00e7a na cultura midiatizada de hoje <\/em>(2016): \u00a0\u201ca experi\u00eancia do saber desaparece no fluxo incessante de informa\u00e7\u00e3o\u201d e, complementa, a estrat\u00e9gia \u00e9 \u201csermos encapsulados pela midiatiza\u00e7\u00e3o da cultura\u201d. Esses tra\u00e7os sens\u00edveis marcam o Brasil e a crise atual: a esp\u00e9cie de \u2018revolu\u00e7\u00e3o de direita\u2019 que pretendem em pleno 2016 se ampara na ampla massifica\u00e7\u00e3o e aliena\u00e7\u00e3o. \u00c9 presente, por exemplo, que a maioria dos alunos chegue \u00e0 gradua\u00e7\u00e3o com quase total desconhecimento da hist\u00f3ria e da realidade brasileira, por mais pr\u00f3xima que esteja.<br \/>\nA resist\u00eancia, por isso, \u00e9 tamb\u00e9m e sobretudo entender os acontecimentos hist\u00f3ricos e ter mem\u00f3ria &#8211; papel e valor centrais da produ\u00e7\u00e3o art\u00edstica. Dois filmes recentes, <em>O mercado de Not\u00edcias<\/em> (Jorge Furtado, 2014) e <em>Que horas ela volta?<\/em> (<a href=\"http:\/\/www.adorocinema.com\/personalidades\/personalidade-207534\/\">Anna Muylaert<\/a>, 2015), nos ajudam a entender o ambiente cultural e midi\u00e1tico da crise pol\u00edtica que o Brasil atravessa.<br \/>\nExpress\u00e3o do estilo e modo de pensar de Furtado, <em>O Mercado de Not\u00edcias<\/em> mistura document\u00e1rio, fic\u00e7\u00e3o, g\u00eaneros e ironias ao tema de fundo: o filme procura desvendar o papel do jornalismo na sociedade brasileira atual. H\u00e1 duas linhas narrativas principais: a s\u00e9rie de entrevistas com grandes nomes da imprensa, e a representa\u00e7\u00e3o e ensaios da pe\u00e7a teatral <em>O Mercado de Not\u00edcias<\/em> (<em>The staple of News<\/em>), escrita pelo ingl\u00eas Ben Jonson, que em 1626 j\u00e1 ironizava e criticava as mazelas do incipiente e rec\u00e9m surgido jornalismo.<br \/>\nO filme <em>O Mercado de Not\u00edcias<\/em> vai ao ponto: qual o poder pol\u00edtico e como operam o jornalismo e a grande m\u00eddia no Brasil? Narrando casos conhecidos de erros ou manipula\u00e7\u00f5es grosseiras da m\u00eddia (exemplos do falso Picasso na reparti\u00e7\u00e3o do INSS, em Bras\u00edlia, e da Escola Base de S\u00e3o Paulo) e com as entrevistas sobre o dia-a-dia da profiss\u00e3o, o longa tra\u00e7a um quadro em que vigora o mau jornalismo, cujo resultado not\u00e1vel \u00e9 uma massa de pessoas desinformadas. \u00a0A apura\u00e7\u00e3o, a dif\u00edcil busca da certeza, da objetividade e da isen\u00e7\u00e3o, o compromisso \u00e9tico com os envolvidos e com o p\u00fablico, tornam a profiss\u00e3o do jornalismo altamente pulsante no dia-a-dia. Mas essas pr\u00e1ticas profissionais, que j\u00e1 eram raras, desaparecem das grandes m\u00eddias. Fica evidenciada a crise da profiss\u00e3o. \u00a0Quando o jornalismo mercadoria abandona qualquer disfarce e se joga ao golpe, hoje, dois anos ap\u00f3s o lan\u00e7amento, <em>O Mercado de Not\u00edcias<\/em> se torna uma obra essencial, um excelente filme sobre o nosso tempo.<br \/>\nIgualmente revelador, embora de forma muito diferente, \u00e9 \u00a0<em>Que horas ela volta?<\/em>, de <a href=\"http:\/\/www.adorocinema.com\/personalidades\/personalidade-207534\/\">Anna Muylaert<\/a>. O filme narra a situa\u00e7\u00e3o de conflito que se cria quando a filha da empregada dom\u00e9stica Val\/Regina Caz\u00e9 \u00e9 recebida e se h\u00f3speda na casa dos patr\u00f5es (a fam\u00edlia de Dona B\u00e1rbara\/Karine Teles). O filme teve grande repercuss\u00e3o porque o p\u00fablico se identifica com as personagens do microcosmo social que a narrativa constr\u00f3i, muito t\u00edpico e revelador do Brasil de hoje. Na fam\u00edlia burguesa, a empregada dom\u00e9stica convive no dia-a-dia, numa rela\u00e7\u00e3o de trabalho que possivelmente s\u00f3 exista nesse pa\u00eds e envolve fortes vest\u00edgios do servilismo t\u00edpico das sociedades coloniais &#8211; situa\u00e7\u00e3o dif\u00edcil de explicar a um estrangeiro, mas que todos aqui conhecem. Entre os conflitos do filme, a filha de Val, vinda do interior do Nordeste, \u00e9 inteligente, curiosa, focada, e, por isso, passa no dif\u00edcil vestibular que faz, em contraste \u00e0 falta de motiva\u00e7\u00e3o e infantilidade do jovem filho dos donos da casa. <em>Que horas ela volta?<\/em> mostra o que talvez seja a maior de todas as novidades trazidas pelas pol\u00edticas sociais: a possiblidade de ascens\u00e3o entre classes, e o desgosto que causa nos que se apegam, mesmo que simbolicamente, a privil\u00e9gios arcaicos.<br \/>\nO filme constr\u00f3i o ponto de vista raro da cozinha da casa; pelo olhar simples, mas s\u00e1bio, da dom\u00e9stica Val, conhecemos o vazio de afetos em que se tornou a fam\u00edlia burguesa de B\u00e1rbara. \u00c9 um drama social, profundo e at\u00e9 dif\u00edcil de digerir, por certeiro na cr\u00edtica que faz, mas o tom \u00e9 jocoso, ir\u00f4nico e leve.<br \/>\nA diretora Muylaert apreendeu algo que infelizmente constitui um tra\u00e7o muito atrasado do Brasil. A personagem B\u00e1rbara tem<em> o rei na barriga<\/em>, express\u00e3o de uso corrente, que expressa um comportamento t\u00edpico. Revela um estranho vest\u00edgio material do tempo do Imp\u00e9rio, ainda um pensamento escravocrata, que ficou em nossa cultura com grandes consequ\u00eancias tamb\u00e9m na pol\u00edtica.<br \/>\nUm dos motivos do golpe, a rejei\u00e7\u00e3o, por parcela importante, de qualquer a\u00e7\u00e3o de Governo que diminua a enorme desigualdade social hist\u00f3rica do pa\u00eds est\u00e1 ligado tamb\u00e9m a esse tra\u00e7o pr\u00e9-republicano ainda t\u00e3o marcante.<br \/>\nO Brasil entrou no contempor\u00e2neo, est\u00e1 inteiro no mundo midi\u00e1tico, tomado e fortemente constitu\u00eddo por um novo tipo de sociedade e cultura. Ao mesmo tempo e de modo paradoxal segue colonialista, no \u00e2mago. Essa for\u00e7a do passado tenta se sobrepor ao presente. \u00a0Que seja esp\u00e9cie de \u00faltimo suspiro, e que a supera\u00e7\u00e3o do golpe, que acontece sobretudo nas ruas e nas m\u00eddias, traga avan\u00e7os muito maiores na constru\u00e7\u00e3o da Democracia. H\u00e1 essa chance.<br \/>\n<em>[avatar user=&#8221;X-CDD &#8211; Guilherme Castro&#8221; size=&#8221;thumbnail&#8221; align=&#8221;left&#8221; \/]* Guilherme Castro \u00e9 cineasta e jornalista, professor na ULBRA, e doutorando em cinema na Universidade Anhembi Morumbi\/SP. Presidiu o Conselho Estadual de Cultura e a Associa\u00e7\u00e3o de Cineastas do RGS (APTC-RS).<\/em><br \/>\n&nbsp;<br \/>\n<span class=\"gI\">\u00a0<\/span><\/p>\n","protected":false},"excerpt":{"rendered":"<p>Guilherme Castro* O ambiente cultural em que prosperou o golpe mostra o Brasil altamente conectado nas m\u00eddias de hoje, mas alienado. Um pa\u00eds t\u00e3o \u2018dentro\u2019 do mundo contempor\u00e2neo e, ao mesmo tempo, ainda colonialista. O papel e os efeitos da m\u00eddia na crise pol\u00edtica brasileira v\u00e3o al\u00e9m e s\u00e3o mais profundos do que a manipula\u00e7\u00e3o [&hellip;]<\/p>\n","protected":false},"author":4,"featured_media":33579,"comment_status":"open","ping_status":"closed","sticky":false,"template":"","format":"standard","meta":{"_jetpack_newsletter_access":"","_jetpack_dont_email_post_to_subs":false,"_jetpack_newsletter_tier_id":0,"_jetpack_memberships_contains_paywalled_content":false,"_jetpack_feature_clip_id":0,"_jetpack_memberships_contains_paid_content":false,"footnotes":"","jetpack_post_was_ever_published":false},"categories":[2011,2012],"tags":[],"class_list":["post-33570","post","type-post","status-publish","format-standard","has-post-thumbnail","hentry","category-destaque","category-debates"],"aioseo_notices":[],"aioseo_head":"\n\t\t<!-- All in One SEO 5.0.1.1 - aioseo.com -->\n\t<meta name=\"robots\" content=\"max-image-preview:large\" \/>\n\t<meta name=\"author\" content=\"da Reda\u00e7\u00e3o\"\/>\n\t<link rel=\"canonical\" href=\"https:\/\/www.jornalja.com.br\/arquivo\/o-ambiente-do-golpe-o-brasil-midiatizado-e-colonialista-e-dois-filmes-atuais\/\" \/>\n\t<meta name=\"generator\" content=\"All in One SEO (AIOSEO) 5.0.1.1\" \/>\n\t\t<meta property=\"og:locale\" content=\"pt_BR\" \/>\n\t\t<meta property=\"og:site_name\" content=\"Arquivo | Jornal J\u00c1 | Porto Alegre\" \/>\n\t\t<meta property=\"og:type\" content=\"article\" \/>\n\t\t<meta property=\"og:title\" content=\"O ambiente do golpe: o Brasil midiatizado e colonialista e dois filmes atuais | Arquivo\" \/>\n\t\t<meta property=\"og:url\" content=\"https:\/\/www.jornalja.com.br\/arquivo\/o-ambiente-do-golpe-o-brasil-midiatizado-e-colonialista-e-dois-filmes-atuais\/\" \/>\n\t\t<meta property=\"og:image\" content=\"https:\/\/www.jornalja.com.br\/economics\/wp-content\/uploads\/sites\/11\/2026\/08\/ja-folhaderosto-facebook.jpg\" \/>\n\t\t<meta property=\"og:image:secure_url\" content=\"https:\/\/www.jornalja.com.br\/economics\/wp-content\/uploads\/sites\/11\/2026\/08\/ja-folhaderosto-facebook.jpg\" \/>\n\t\t<meta property=\"article:published_time\" content=\"2016-05-27T09:00:47+00:00\" \/>\n\t\t<meta property=\"article:modified_time\" content=\"2016-05-27T09:00:47+00:00\" \/>\n\t\t<meta name=\"twitter:card\" content=\"summary\" \/>\n\t\t<meta name=\"twitter:title\" content=\"O ambiente do golpe: o Brasil midiatizado e colonialista e dois filmes atuais | Arquivo\" \/>\n\t\t<meta name=\"twitter:image\" content=\"https:\/\/www.jornalja.com.br\/economics\/wp-content\/uploads\/sites\/11\/2026\/08\/ja-folhaderosto-facebook.jpg\" \/>\n\t\t<script type=\"application\/ld+json\" class=\"aioseo-schema\">\n\t\t\t{\"@context\":\"https:\\\/\\\/schema.org\",\"@graph\":[{\"@type\":\"BlogPosting\",\"@id\":\"https:\\\/\\\/www.jornalja.com.br\\\/arquivo\\\/o-ambiente-do-golpe-o-brasil-midiatizado-e-colonialista-e-dois-filmes-atuais\\\/#blogposting\",\"name\":\"O ambiente do golpe: o Brasil midiatizado e colonialista e dois filmes atuais | Arquivo\",\"headline\":\"O ambiente do golpe: o Brasil midiatizado e colonialista e dois filmes atuais\",\"author\":{\"@id\":\"https:\\\/\\\/www.jornalja.com.br\\\/arquivo\\\/author\\\/daredacao\\\/#author\"},\"publisher\":{\"@id\":\"https:\\\/\\\/www.jornalja.com.br\\\/arquivo\\\/#organization\"},\"image\":{\"@type\":\"ImageObject\",\"url\":33579},\"datePublished\":\"2016-05-27T06:00:47-03:00\",\"dateModified\":\"2016-05-27T06:00:47-03:00\",\"inLanguage\":\"pt-BR\",\"commentCount\":3,\"mainEntityOfPage\":{\"@id\":\"https:\\\/\\\/www.jornalja.com.br\\\/arquivo\\\/o-ambiente-do-golpe-o-brasil-midiatizado-e-colonialista-e-dois-filmes-atuais\\\/#webpage\"},\"isPartOf\":{\"@id\":\"https:\\\/\\\/www.jornalja.com.br\\\/arquivo\\\/o-ambiente-do-golpe-o-brasil-midiatizado-e-colonialista-e-dois-filmes-atuais\\\/#webpage\"},\"articleSection\":\"CDD-artigo em destaque, HOTSITE Comit\\u00ea pela Democracia\"},{\"@type\":\"BreadcrumbList\",\"@id\":\"https:\\\/\\\/www.jornalja.com.br\\\/arquivo\\\/o-ambiente-do-golpe-o-brasil-midiatizado-e-colonialista-e-dois-filmes-atuais\\\/#breadcrumblist\",\"itemListElement\":[{\"@type\":\"ListItem\",\"@id\":\"https:\\\/\\\/www.jornalja.com.br\\\/arquivo#listItem\",\"position\":1,\"name\":\"Home\",\"item\":\"https:\\\/\\\/www.jornalja.com.br\\\/arquivo\",\"nextItem\":{\"@type\":\"ListItem\",\"@id\":\"https:\\\/\\\/www.jornalja.com.br\\\/arquivo\\\/category\\\/destaque\\\/#listItem\",\"name\":\"CDD-artigo em destaque\"}},{\"@type\":\"ListItem\",\"@id\":\"https:\\\/\\\/www.jornalja.com.br\\\/arquivo\\\/category\\\/destaque\\\/#listItem\",\"position\":2,\"name\":\"CDD-artigo em destaque\",\"item\":\"https:\\\/\\\/www.jornalja.com.br\\\/arquivo\\\/category\\\/destaque\\\/\",\"nextItem\":{\"@type\":\"ListItem\",\"@id\":\"https:\\\/\\\/www.jornalja.com.br\\\/arquivo\\\/o-ambiente-do-golpe-o-brasil-midiatizado-e-colonialista-e-dois-filmes-atuais\\\/#listItem\",\"name\":\"O ambiente do golpe: o Brasil midiatizado e colonialista e dois filmes atuais\"},\"previousItem\":{\"@type\":\"ListItem\",\"@id\":\"https:\\\/\\\/www.jornalja.com.br\\\/arquivo#listItem\",\"name\":\"Home\"}},{\"@type\":\"ListItem\",\"@id\":\"https:\\\/\\\/www.jornalja.com.br\\\/arquivo\\\/o-ambiente-do-golpe-o-brasil-midiatizado-e-colonialista-e-dois-filmes-atuais\\\/#listItem\",\"position\":3,\"name\":\"O ambiente do golpe: o Brasil midiatizado e colonialista e dois filmes atuais\",\"previousItem\":{\"@type\":\"ListItem\",\"@id\":\"https:\\\/\\\/www.jornalja.com.br\\\/arquivo\\\/category\\\/destaque\\\/#listItem\",\"name\":\"CDD-artigo em destaque\"}}]},{\"@type\":\"Organization\",\"@id\":\"https:\\\/\\\/www.jornalja.com.br\\\/arquivo\\\/#organization\",\"name\":\"Jornal J\\u00c1\",\"description\":\"Jornal J\\u00c1 | Porto Alegre\",\"url\":\"https:\\\/\\\/www.jornalja.com.br\\\/arquivo\\\/\",\"telephone\":\"+555133307272\",\"logo\":{\"@type\":\"ImageObject\",\"url\":\"https:\\\/\\\/www.jornalja.com.br\\\/wp-content\\\/uploads\\\/cards\\\/JAslogan.png\",\"@id\":\"https:\\\/\\\/www.jornalja.com.br\\\/arquivo\\\/o-ambiente-do-golpe-o-brasil-midiatizado-e-colonialista-e-dois-filmes-atuais\\\/#organizationLogo\"},\"image\":{\"@id\":\"https:\\\/\\\/www.jornalja.com.br\\\/arquivo\\\/o-ambiente-do-golpe-o-brasil-midiatizado-e-colonialista-e-dois-filmes-atuais\\\/#organizationLogo\"}},{\"@type\":\"Person\",\"@id\":\"https:\\\/\\\/www.jornalja.com.br\\\/arquivo\\\/author\\\/daredacao\\\/#author\",\"url\":\"https:\\\/\\\/www.jornalja.com.br\\\/arquivo\\\/author\\\/daredacao\\\/\",\"name\":\"da Reda\\u00e7\\u00e3o\",\"image\":{\"@type\":\"ImageObject\",\"@id\":\"https:\\\/\\\/www.jornalja.com.br\\\/arquivo\\\/o-ambiente-do-golpe-o-brasil-midiatizado-e-colonialista-e-dois-filmes-atuais\\\/#authorImage\",\"url\":\"https:\\\/\\\/secure.gravatar.com\\\/avatar\\\/469fd857d6605ad19919d27ed29d35a968a25f6e8fd9318356bbb7f57aae9c65?s=96&d=mm&r=g\",\"width\":96,\"height\":96,\"caption\":\"da Reda\\u00e7\\u00e3o\"}},{\"@type\":\"WebPage\",\"@id\":\"https:\\\/\\\/www.jornalja.com.br\\\/arquivo\\\/o-ambiente-do-golpe-o-brasil-midiatizado-e-colonialista-e-dois-filmes-atuais\\\/#webpage\",\"url\":\"https:\\\/\\\/www.jornalja.com.br\\\/arquivo\\\/o-ambiente-do-golpe-o-brasil-midiatizado-e-colonialista-e-dois-filmes-atuais\\\/\",\"name\":\"O ambiente do golpe: o Brasil midiatizado e colonialista e dois filmes atuais | Arquivo\",\"inLanguage\":\"pt-BR\",\"isPartOf\":{\"@id\":\"https:\\\/\\\/www.jornalja.com.br\\\/arquivo\\\/#website\"},\"breadcrumb\":{\"@id\":\"https:\\\/\\\/www.jornalja.com.br\\\/arquivo\\\/o-ambiente-do-golpe-o-brasil-midiatizado-e-colonialista-e-dois-filmes-atuais\\\/#breadcrumblist\"},\"author\":{\"@id\":\"https:\\\/\\\/www.jornalja.com.br\\\/arquivo\\\/author\\\/daredacao\\\/#author\"},\"creator\":{\"@id\":\"https:\\\/\\\/www.jornalja.com.br\\\/arquivo\\\/author\\\/daredacao\\\/#author\"},\"image\":{\"@type\":\"ImageObject\",\"url\":33579,\"@id\":\"https:\\\/\\\/www.jornalja.com.br\\\/arquivo\\\/o-ambiente-do-golpe-o-brasil-midiatizado-e-colonialista-e-dois-filmes-atuais\\\/#mainImage\"},\"primaryImageOfPage\":{\"@id\":\"https:\\\/\\\/www.jornalja.com.br\\\/arquivo\\\/o-ambiente-do-golpe-o-brasil-midiatizado-e-colonialista-e-dois-filmes-atuais\\\/#mainImage\"},\"datePublished\":\"2016-05-27T06:00:47-03:00\",\"dateModified\":\"2016-05-27T06:00:47-03:00\"},{\"@type\":\"WebSite\",\"@id\":\"https:\\\/\\\/www.jornalja.com.br\\\/arquivo\\\/#website\",\"url\":\"https:\\\/\\\/www.jornalja.com.br\\\/arquivo\\\/\",\"name\":\"Arquivo\",\"description\":\"Jornal J\\u00c1 | Porto Alegre\",\"inLanguage\":\"pt-BR\",\"publisher\":{\"@id\":\"https:\\\/\\\/www.jornalja.com.br\\\/arquivo\\\/#organization\"}}]}\n\t\t<\/script>\n\t\t<!-- All in One SEO -->\n\n","aioseo_head_json":{"title":"O ambiente do golpe: o Brasil midiatizado e colonialista e dois filmes atuais | Arquivo","description":"","canonical_url":"https:\/\/www.jornalja.com.br\/arquivo\/o-ambiente-do-golpe-o-brasil-midiatizado-e-colonialista-e-dois-filmes-atuais\/","robots":"max-image-preview:large","keywords":"","webmasterTools":{"miscellaneous":""},"schema":{"@context":"https:\/\/schema.org","@graph":[{"@type":"BlogPosting","@id":"https:\/\/www.jornalja.com.br\/arquivo\/o-ambiente-do-golpe-o-brasil-midiatizado-e-colonialista-e-dois-filmes-atuais\/#blogposting","name":"O ambiente do golpe: o Brasil midiatizado e colonialista e dois filmes atuais | Arquivo","headline":"O ambiente do golpe: o Brasil midiatizado e colonialista e dois filmes atuais","author":{"@id":"https:\/\/www.jornalja.com.br\/arquivo\/author\/daredacao\/#author"},"publisher":{"@id":"https:\/\/www.jornalja.com.br\/arquivo\/#organization"},"image":{"@type":"ImageObject","url":33579},"datePublished":"2016-05-27T06:00:47-03:00","dateModified":"2016-05-27T06:00:47-03:00","inLanguage":"pt-BR","commentCount":3,"mainEntityOfPage":{"@id":"https:\/\/www.jornalja.com.br\/arquivo\/o-ambiente-do-golpe-o-brasil-midiatizado-e-colonialista-e-dois-filmes-atuais\/#webpage"},"isPartOf":{"@id":"https:\/\/www.jornalja.com.br\/arquivo\/o-ambiente-do-golpe-o-brasil-midiatizado-e-colonialista-e-dois-filmes-atuais\/#webpage"},"articleSection":"CDD-artigo em destaque, HOTSITE Comit\u00ea pela Democracia"},{"@type":"BreadcrumbList","@id":"https:\/\/www.jornalja.com.br\/arquivo\/o-ambiente-do-golpe-o-brasil-midiatizado-e-colonialista-e-dois-filmes-atuais\/#breadcrumblist","itemListElement":[{"@type":"ListItem","@id":"https:\/\/www.jornalja.com.br\/arquivo#listItem","position":1,"name":"Home","item":"https:\/\/www.jornalja.com.br\/arquivo","nextItem":{"@type":"ListItem","@id":"https:\/\/www.jornalja.com.br\/arquivo\/category\/destaque\/#listItem","name":"CDD-artigo em destaque"}},{"@type":"ListItem","@id":"https:\/\/www.jornalja.com.br\/arquivo\/category\/destaque\/#listItem","position":2,"name":"CDD-artigo em destaque","item":"https:\/\/www.jornalja.com.br\/arquivo\/category\/destaque\/","nextItem":{"@type":"ListItem","@id":"https:\/\/www.jornalja.com.br\/arquivo\/o-ambiente-do-golpe-o-brasil-midiatizado-e-colonialista-e-dois-filmes-atuais\/#listItem","name":"O ambiente do golpe: o Brasil midiatizado e colonialista e dois filmes atuais"},"previousItem":{"@type":"ListItem","@id":"https:\/\/www.jornalja.com.br\/arquivo#listItem","name":"Home"}},{"@type":"ListItem","@id":"https:\/\/www.jornalja.com.br\/arquivo\/o-ambiente-do-golpe-o-brasil-midiatizado-e-colonialista-e-dois-filmes-atuais\/#listItem","position":3,"name":"O ambiente do golpe: o Brasil midiatizado e colonialista e dois filmes atuais","previousItem":{"@type":"ListItem","@id":"https:\/\/www.jornalja.com.br\/arquivo\/category\/destaque\/#listItem","name":"CDD-artigo em destaque"}}]},{"@type":"Organization","@id":"https:\/\/www.jornalja.com.br\/arquivo\/#organization","name":"Jornal J\u00c1","description":"Jornal J\u00c1 | Porto Alegre","url":"https:\/\/www.jornalja.com.br\/arquivo\/","telephone":"+555133307272","logo":{"@type":"ImageObject","url":"https:\/\/www.jornalja.com.br\/wp-content\/uploads\/cards\/JAslogan.png","@id":"https:\/\/www.jornalja.com.br\/arquivo\/o-ambiente-do-golpe-o-brasil-midiatizado-e-colonialista-e-dois-filmes-atuais\/#organizationLogo"},"image":{"@id":"https:\/\/www.jornalja.com.br\/arquivo\/o-ambiente-do-golpe-o-brasil-midiatizado-e-colonialista-e-dois-filmes-atuais\/#organizationLogo"}},{"@type":"Person","@id":"https:\/\/www.jornalja.com.br\/arquivo\/author\/daredacao\/#author","url":"https:\/\/www.jornalja.com.br\/arquivo\/author\/daredacao\/","name":"da Reda\u00e7\u00e3o","image":{"@type":"ImageObject","@id":"https:\/\/www.jornalja.com.br\/arquivo\/o-ambiente-do-golpe-o-brasil-midiatizado-e-colonialista-e-dois-filmes-atuais\/#authorImage","url":"https:\/\/secure.gravatar.com\/avatar\/469fd857d6605ad19919d27ed29d35a968a25f6e8fd9318356bbb7f57aae9c65?s=96&d=mm&r=g","width":96,"height":96,"caption":"da Reda\u00e7\u00e3o"}},{"@type":"WebPage","@id":"https:\/\/www.jornalja.com.br\/arquivo\/o-ambiente-do-golpe-o-brasil-midiatizado-e-colonialista-e-dois-filmes-atuais\/#webpage","url":"https:\/\/www.jornalja.com.br\/arquivo\/o-ambiente-do-golpe-o-brasil-midiatizado-e-colonialista-e-dois-filmes-atuais\/","name":"O ambiente do golpe: o Brasil midiatizado e colonialista e dois filmes atuais | Arquivo","inLanguage":"pt-BR","isPartOf":{"@id":"https:\/\/www.jornalja.com.br\/arquivo\/#website"},"breadcrumb":{"@id":"https:\/\/www.jornalja.com.br\/arquivo\/o-ambiente-do-golpe-o-brasil-midiatizado-e-colonialista-e-dois-filmes-atuais\/#breadcrumblist"},"author":{"@id":"https:\/\/www.jornalja.com.br\/arquivo\/author\/daredacao\/#author"},"creator":{"@id":"https:\/\/www.jornalja.com.br\/arquivo\/author\/daredacao\/#author"},"image":{"@type":"ImageObject","url":33579,"@id":"https:\/\/www.jornalja.com.br\/arquivo\/o-ambiente-do-golpe-o-brasil-midiatizado-e-colonialista-e-dois-filmes-atuais\/#mainImage"},"primaryImageOfPage":{"@id":"https:\/\/www.jornalja.com.br\/arquivo\/o-ambiente-do-golpe-o-brasil-midiatizado-e-colonialista-e-dois-filmes-atuais\/#mainImage"},"datePublished":"2016-05-27T06:00:47-03:00","dateModified":"2016-05-27T06:00:47-03:00"},{"@type":"WebSite","@id":"https:\/\/www.jornalja.com.br\/arquivo\/#website","url":"https:\/\/www.jornalja.com.br\/arquivo\/","name":"Arquivo","description":"Jornal J\u00c1 | Porto Alegre","inLanguage":"pt-BR","publisher":{"@id":"https:\/\/www.jornalja.com.br\/arquivo\/#organization"}}]},"og:locale":"pt_BR","og:site_name":"Arquivo | Jornal J\u00c1 | Porto Alegre","og:type":"article","og:title":"O ambiente do golpe: o Brasil midiatizado e colonialista e dois filmes atuais | Arquivo","og:url":"https:\/\/www.jornalja.com.br\/arquivo\/o-ambiente-do-golpe-o-brasil-midiatizado-e-colonialista-e-dois-filmes-atuais\/","og:image":"https:\/\/www.jornalja.com.br\/economics\/wp-content\/uploads\/sites\/11\/2026\/08\/ja-folhaderosto-facebook.jpg","og:image:secure_url":"https:\/\/www.jornalja.com.br\/economics\/wp-content\/uploads\/sites\/11\/2026\/08\/ja-folhaderosto-facebook.jpg","article:published_time":"2016-05-27T09:00:47+00:00","article:modified_time":"2016-05-27T09:00:47+00:00","twitter:card":"summary","twitter:title":"O ambiente do golpe: o Brasil midiatizado e colonialista e dois filmes atuais | Arquivo","twitter:image":"https:\/\/www.jornalja.com.br\/economics\/wp-content\/uploads\/sites\/11\/2026\/08\/ja-folhaderosto-facebook.jpg"},"aioseo_meta_data":{"post_id":"33570","title":null,"description":null,"keywords":null,"keyphrases":null,"primary_term":null,"canonical_url":null,"og_title":null,"og_description":null,"og_object_type":"default","og_image_type":"default","og_image_url":null,"og_image_width":null,"og_image_height":null,"og_image_custom_url":null,"og_image_custom_fields":null,"og_video":null,"og_custom_url":null,"og_article_section":null,"og_article_tags":null,"twitter_use_og":false,"twitter_card":"default","twitter_image_type":"default","twitter_image_url":null,"twitter_image_custom_url":null,"twitter_image_custom_fields":null,"twitter_title":null,"twitter_description":null,"schema":{"blockGraphs":[],"customGraphs":[],"default":{"data":{"Article":[],"Course":[],"Dataset":[],"FAQPage":[],"Movie":[],"Person":[],"Product":[],"ProductReview":[],"Car":[],"Recipe":[],"Service":[],"SoftwareApplication":[],"WebPage":[]},"graphName":"","isEnabled":true},"graphs":[],"defaultGraph":"","defaultPostTypeGraph":""},"schema_type":null,"schema_type_options":null,"pillar_content":false,"robots_default":true,"robots_noindex":false,"robots_noarchive":false,"robots_nosnippet":false,"robots_nofollow":false,"robots_noimageindex":false,"robots_noodp":false,"robots_notranslate":false,"robots_max_snippet":null,"robots_max_videopreview":null,"robots_max_imagepreview":"large","priority":null,"frequency":null,"location":null,"local_seo":null,"breadcrumb_settings":null,"limit_modified_date":false,"ai":null,"created":"2020-12-20 20:56:37","updated":"2025-07-19 13:56:25","seo_analyzer_scan_date":null,"focus_keyword":null,"additional_keywords":null,"truseo_locale":null},"jetpack_sharing_enabled":true,"jetpack-related-posts":[{"id":13109,"url":"https:\/\/www.jornalja.com.br\/arquivo\/judiciario-reconhece-poluicao-eletromagnetica\/","url_meta":{"origin":33570,"position":0},"title":"Judici\u00e1rio reconhece polui\u00e7\u00e3o eletromagn\u00e9tica","author":"Patr\u00edcia Marini","date":"16 de maio de 2014","format":false,"excerpt":"A\u00e7\u00e3o de duas associa\u00e7\u00f5es de moradores foi acolhida pelo Tribunal de Justi\u00e7a de S\u00e3o Paulo que. em decis\u00e3o in\u00e9dita, determinou a redu\u00e7\u00e3o do campo eletromagn\u00e9tico gerado pelas linhas de transmiss\u00e3o de energia que cortam os bairros City Boa\u00e7ava e Alto de Pinheiros. \u00c9 a primeira vez que um tribunal do\u2026","rel":"","context":"Em &quot;X.Categorias velhas&quot;","block_context":{"text":"X.Categorias velhas","link":"https:\/\/www.jornalja.com.br\/arquivo\/category\/x-categorias-velhas\/"},"img":{"alt_text":"","src":"","width":0,"height":0},"classes":[]},{"id":12960,"url":"https:\/\/www.jornalja.com.br\/arquivo\/populacao-culpa-empresas-pela-greve-dos-rodoviarios\/","url_meta":{"origin":33570,"position":1},"title":"Popula\u00e7\u00e3o culpa empresas pela greve","author":"Patr\u00edcia Marini","date":"14 de fevereiro de 2014","format":false,"excerpt":"Pesquisa divulgada na edi\u00e7\u00e3o do jornal Metro desta sexta-feira,14, comprova o velho ditado: \u00e9 poss\u00edvel enganar muitos por algum tempo, mas n\u00e3o \u00e9 poss\u00edvel enganar a todos o tempo inteiro. A principal revela\u00e7\u00e3o foi que 59,8% dos entrevistados apontaram as empresas como as principais respons\u00e1veis pela grave e 46% culparam\u2026","rel":"","context":"Em &quot;X.Categorias velhas&quot;","block_context":{"text":"X.Categorias velhas","link":"https:\/\/www.jornalja.com.br\/arquivo\/category\/x-categorias-velhas\/"},"img":{"alt_text":"","src":"","width":0,"height":0},"classes":[]},{"id":13240,"url":"https:\/\/www.jornalja.com.br\/arquivo\/plano-diretor-estamos-construindo-o-caos\/","url_meta":{"origin":33570,"position":2},"title":"Plano diretor: &quot;Estamos construindo o caos&quot;","author":"Patr\u00edcia Marini","date":"26 de maio de 2014","format":false,"excerpt":"Desabafo que arquiteta Eliana Castilhos, delegada da Regi\u00e3o de Planejamento 1, postou nas redes sociais \u00e9 um testemunho do ambiente que se criou no Conselho do Plano Diretor de Porto Alegre, onde a aprova\u00e7\u00e3o de grandes empreendimentos \u00e9 empurrada guela abaixo dos conselheiros. Ao CMDUA Como delegada da Regi\u00e3o de\u2026","rel":"","context":"Em &quot;Geral&quot;","block_context":{"text":"Geral","link":"https:\/\/www.jornalja.com.br\/arquivo\/category\/geral\/"},"img":{"alt_text":"","src":"","width":0,"height":0},"classes":[]},{"id":13128,"url":"https:\/\/www.jornalja.com.br\/arquivo\/maconha-terra-diz-que-uso-medicinal-e-desculpa\/","url_meta":{"origin":33570,"position":3},"title":"Maconha: Terra diz que uso medicinal \u00e9 desculpa","author":"Patr\u00edcia Marini","date":"4 de junho de 2014","format":false,"excerpt":"A condi\u00e7\u00e3o de pol\u00edtico, em \u00e9poca de campanha de campanha eleitoral, tira for\u00e7a do discurso do m\u00e9dico Osmar Terra contra a legaliza\u00e7\u00e3o da maconha. A tese dele de que a libera\u00e7\u00e3o vai ampliar exponencialmente o consumo \u00e9 discutivel, o consumo \u00e9 corrente. Mas seus alertas quanto aos riscos tem que\u2026","rel":"","context":"Em &quot;X.Categorias velhas&quot;","block_context":{"text":"X.Categorias velhas","link":"https:\/\/www.jornalja.com.br\/arquivo\/category\/x-categorias-velhas\/"},"img":{"alt_text":"","src":"","width":0,"height":0},"classes":[]},{"id":13124,"url":"https:\/\/www.jornalja.com.br\/arquivo\/sangue-latino-no-iecine\/","url_meta":{"origin":33570,"position":4},"title":"Sangue latino no IECINE","author":"da Reda\u00e7\u00e3o","date":"18 de maio de 2014","format":false,"excerpt":"Francisco Ribeiro O Instituto Estadual de Cinema (IECINE) tem a frente, desde abril \u00faltimo, um novo diretor, o cineasta colombiano Juan Zapata, 36, que substitui Luiz Alberto Cassol. Radicado h\u00e1 dez anos em Porto Alegre, Zapata tem diante de si o desafio de conduzir at\u00e9 o final do ano um\u2026","rel":"","context":"Em &quot;Cultura-Geral&quot;","block_context":{"text":"Cultura-Geral","link":"https:\/\/www.jornalja.com.br\/arquivo\/category\/materiasecundaria\/"},"img":{"alt_text":"","src":"","width":0,"height":0},"classes":[]},{"id":13101,"url":"https:\/\/www.jornalja.com.br\/arquivo\/morre-um-guerreiro-do-texto\/","url_meta":{"origin":33570,"position":5},"title":"Morre um guerreiro do texto","author":"Patr\u00edcia Marini","date":"14 de maio de 2014","format":false,"excerpt":"Por Ricardo Kotscho Reproduzido do blog do autor, 11\/5\/2014; t\u00edtulo original \u201cE l\u00e1 se foi o nosso Myltainho, guerreiro do texto\u201d. Mi\u00fado e franzino, meu amigo Myltainho era um valente e inconformado guerreiro na luta contra as injusti\u00e7as sociais, a hipocrisia, as maracutaias, o autoritarismo, a intoler\u00e2ncia, a viol\u00eancia, o\u2026","rel":"","context":"Em &quot;Geral&quot;","block_context":{"text":"Geral","link":"https:\/\/www.jornalja.com.br\/arquivo\/category\/geral\/"},"img":{"alt_text":"","src":"","width":0,"height":0},"classes":[]}],"jetpack_shortlink":"https:\/\/wp.me\/pbQjBd-8Js","jetpack_featured_media_url":"","_links":{"self":[{"href":"https:\/\/www.jornalja.com.br\/arquivo\/wp-json\/wp\/v2\/posts\/33570","targetHints":{"allow":["GET"]}}],"collection":[{"href":"https:\/\/www.jornalja.com.br\/arquivo\/wp-json\/wp\/v2\/posts"}],"about":[{"href":"https:\/\/www.jornalja.com.br\/arquivo\/wp-json\/wp\/v2\/types\/post"}],"author":[{"embeddable":true,"href":"https:\/\/www.jornalja.com.br\/arquivo\/wp-json\/wp\/v2\/users\/4"}],"replies":[{"embeddable":true,"href":"https:\/\/www.jornalja.com.br\/arquivo\/wp-json\/wp\/v2\/comments?post=33570"}],"version-history":[{"count":0,"href":"https:\/\/www.jornalja.com.br\/arquivo\/wp-json\/wp\/v2\/posts\/33570\/revisions"}],"wp:attachment":[{"href":"https:\/\/www.jornalja.com.br\/arquivo\/wp-json\/wp\/v2\/media?parent=33570"}],"wp:term":[{"taxonomy":"category","embeddable":true,"href":"https:\/\/www.jornalja.com.br\/arquivo\/wp-json\/wp\/v2\/categories?post=33570"},{"taxonomy":"post_tag","embeddable":true,"href":"https:\/\/www.jornalja.com.br\/arquivo\/wp-json\/wp\/v2\/tags?post=33570"}],"curies":[{"name":"wp","href":"https:\/\/api.w.org\/{rel}","templated":true}]}}