{"id":33786,"date":"2016-06-01T06:00:52","date_gmt":"2016-06-01T09:00:52","guid":{"rendered":"https:\/\/www.jornalja.com.br\/?p=33786"},"modified":"2016-06-01T06:00:52","modified_gmt":"2016-06-01T09:00:52","slug":"nova-ditadura-e-direito","status":"publish","type":"post","link":"https:\/\/www.jornalja.com.br\/arquivo\/nova-ditadura-e-direito\/","title":{"rendered":"Nova Ditadura e Direito"},"content":{"rendered":"<p>[avatar user=&#8221;X-CDD &#8211; Joao A Wohlfart&#8221; size=&#8221;thumbnail&#8221; align=&#8221;left&#8221; \/]<br \/>\n<span class=\"assina\">Jo\u00e3o Alberto Wohlfart*<\/span><br \/>\nO que tem a ver a nova ditadura brasileira com o Direito? A ditadura parlamentar\/jur\u00eddico\/midi\u00e1tica que se desenha aos nossos olhos mergulha diretamente no universo do Direito e nas suas Institui\u00e7\u00f5es. At\u00e9 o presente contexto hist\u00f3rico, a Democracia brasileira sempre durou muito pouco tempo e in\u00fameras vezes foi interrompida por golpes de Estado e por ditaduras orquestradas pela estrutura patriarcal do poder. De regra, o Direito \u00e9 o sistema de liberdade social estruturado nas suas Institui\u00e7\u00f5es e organiza\u00e7\u00f5es t\u00edpicas, para eliminar qualquer forma de dom\u00ednio de uma pequena minoria sobre uma maioria, para evitar que uma classe social dite os seus interesses e para assegurar a todos os cidad\u00e3os as condi\u00e7\u00f5es de vida digna, de conv\u00edvio social e de livre manifesta\u00e7\u00e3o da opini\u00e3o em meios de comunica\u00e7\u00e3o democr\u00e1ticos e plurais, numa sociedade plural.<br \/>\nNa contram\u00e3o da sua incumb\u00eancia e finalidade, o Direito se transformou sistematicamente num golpe de Estado e numa ditadura legitimada legalmente. A l\u00f3gica ditatorial do Direito come\u00e7a embaixo e nos recantos mais long\u00ednquos e invis\u00edveis das periferias onde os pobres e os negros constituem alvos diretos de persegui\u00e7\u00e3o policial e de pris\u00e3o. Somente pelo fato de serem pretos e negros, os grupos s\u00e3o objeto de cassetete e de dur\u00edssimos castigos policiais. Numa esfera mais ampla e mais sistem\u00e1tica, isto se manifesta na criminaliza\u00e7\u00e3o dos movimentos sociais, com a desarticula\u00e7\u00e3o jur\u00eddica das lideran\u00e7as e com aplica\u00e7\u00e3o de penalidades judiciais aos seus organizadores. Como a ditadura jur\u00eddica \u00e9 completada pela ditadura midi\u00e1tica e seus mecanismos, os movimentos sociais s\u00e3o alvo dos mais variados preconceitos e facilmente rotulados de baderneiros, vagabundos e perturbadores da ordem p\u00fablica.<br \/>\nA criminaliza\u00e7\u00e3o sistem\u00e1tica dos movimentos sociais transforma o Direito na ess\u00eancia da ditadura. O sistema do Direito, que j\u00e1 rasgou e enterrou a Constitui\u00e7\u00e3o Federal ainda em idade juvenil, desde a esfera mais elevada do Supremo Tribunal Federal, passando pela ci\u00eancia do Direito, at\u00e9 a base das comarcas e varas, se transformou num golpe de Estado. Em inst\u00e2ncias mais elevadas, isto ficou evidenciado e visibilizado com a condu\u00e7\u00e3o coercitiva do ex-Presidente Lula ao depoimento junto \u00e0 Pol\u00edcia Federal, com a persegui\u00e7\u00e3o sist\u00eamica da sua lideran\u00e7a e por pris\u00f5es de lideran\u00e7as de esquerda. Por que o ex-Presidente Fernando Henrique Cardoso recebeu bem outro tratamento quando fez o seu depoimento \u00e0 Pol\u00edcia Federal? O Direito se transformou na inst\u00e2ncia legitimadora da persegui\u00e7\u00e3o aos movimentos sociais que nada mais fazem que a proposi\u00e7\u00e3o de projetos democr\u00e1ticos de participa\u00e7\u00e3o popular e de justi\u00e7a social capazes de incluir socialmente todos os grupos sociais numa pluralidade democr\u00e1tica.<br \/>\nSabe-se que a fun\u00e7\u00e3o do Direito \u00e9 a constru\u00e7\u00e3o de rela\u00e7\u00f5es sociais equilibradas e a integra\u00e7\u00e3o de todos os seres humanos e grupos sociais ao grande sistema do conv\u00edvio social, numa sociedade democr\u00e1tica erigida em Estado de Direito. Os espet\u00e1culos jur\u00eddico-midi\u00e1ticos dos \u00faltimos tempos e fatos evidenciam que o Direito, de forma sistem\u00e1tica, se op\u00f5e a esta condi\u00e7\u00e3o fundamental. Ali\u00e1s, na Hist\u00f3ria do Brasil isto nunca foi diferente, apenas nos \u00faltimos tempos o casamento entre Direito e a classe dominante ficou mais agressivo, c\u00ednico, perverso, covarde e hip\u00f3crita. O Direito mostrou todos os seus tent\u00e1culos que constituem desdobramentos de um sistema repressivo, de um pandem\u00f4nio que visa exclusivamente \u00e0 implanta\u00e7\u00e3o de um sistema econ\u00f4mico excluidor e o silenciamento de todas as vozes que buscam a constru\u00e7\u00e3o de uma sociedade justa e fraterna.<br \/>\nOs sinais da presen\u00e7a da ditadura do Direito na estrutura social n\u00e3o s\u00e3o nada animadores. Este estado social tem m\u00faltiplas manifesta\u00e7\u00f5es na \u00e1rea jur\u00eddica, social, cultural, pol\u00edtica e econ\u00f4mica. A express\u00e3o jur\u00eddica da ditadura do Direito \u00e9 objeto deste escrito, na criminaliza\u00e7\u00e3o dos movimentos sociais, na persegui\u00e7\u00e3o seletiva contra a esquerda popular e na persegui\u00e7\u00e3o constante ao ex-Presidente Lula e ao Partido dos Trabalhadores. Como se o absurdo n\u00e3o bastasse nestas manifesta\u00e7\u00f5es, fala-se na criminaliza\u00e7\u00e3o do comunismo, o que implica no processamento e pris\u00e3o das pessoas e movimentos com ideias socialistas, das causas que t\u00eam no bem comum e na solidariedade universal, acima do interesse privado capitalista, a concretiza\u00e7\u00e3o maior da exist\u00eancia. Daqui a pouco v\u00e3o para a cadeia as pessoas que falam de Hegel, de Marx, de Engels, de Paulo Freire e do Papa Francisco, porque o pensamento pol\u00edtico-social de todos eles \u00e9 antin\u00f4mico ao privatismo neoliberal do governo ileg\u00edtimo e fascista que se constituiu. Do ponto de vista cultural, escuta-se da obrigatoriedade do ensino do criacionismo divino nas escolas, numa fiel obedi\u00eancia ao fundamentalismo norteamericano . Isto \u00e9 compreens\u00edvel porque o congresso nacional est\u00e1 habitado por l\u00edderes religiosos neopentecostais ultraconservadores e reacion\u00e1rios. Isto proporciona a volta de doutrinas religiosas dogm\u00e1ticas fossilizadas pela Hist\u00f3ria e destinadas a dar a ben\u00e7\u00e3o divina aos caprichos da nova ditadura.<br \/>\nA ben\u00e7\u00e3o divina da nova ditadura, dos procedimentos t\u00edpicos do universo jur\u00eddico e do modelo pol\u00edtico empresarial nos proporcionaram o espet\u00e1culo da organiza\u00e7\u00e3o de bandidos pol\u00edticos que habitam o Supremo Tribunal Federal, as duas esferas do legislativo federal e o governo Temer que usurpou o governo de Dilma Rousseff. Esta bandidagem pol\u00edtica que habita os tr\u00eas supremos poderes da Rep\u00fablica n\u00e3o apenas assaltou o governo Dilma legitimamente constitu\u00eddo, mas est\u00e1 promovendo um assalto dos direitos fundamentais historicamente conquistados pelo povo brasileiro, est\u00e1 assaltando a Rep\u00fablica pela privatiza\u00e7\u00e3o neoliberal e promete um assalto ao Brasil pela entrega de suas riquezas ao grande capital internacional. Tudo isto representa um assalto jur\u00eddico \u00e0 Constitui\u00e7\u00e3o Federal, ao Estado de Direito e \u00e0 Democracia, porque o povo brasileiro, causa e finalidade da Pol\u00edtica, sujeito pol\u00edtico de um sistema de Direitos e senhor das riquezas nacionais, \u00e9 substitu\u00eddo por outro senhor que \u00e9 a m\u00e3o invis\u00edvel do capital privado internacional.<br \/>\nNesta prostitui\u00e7\u00e3o do Direito, que tem na imparcialidade o seu procedimento fundamental, transformou-se numa ferramenta de parcialidade ao legitimar juridicamente a bandidagem pol\u00edtica de direita e o neoliberalismo privatista e capitalista. A persegui\u00e7\u00e3o midi\u00e1tica aos l\u00edderes populares e aos pol\u00edticos de esp\u00edrito nacionalista \u00e9 a faceta mais diab\u00f3lica do Direito. Neste contexto precisa ser evocada a presen\u00e7a do Estado como agente de socializa\u00e7\u00e3o e de promo\u00e7\u00e3o da justi\u00e7a social. A bandidagem pol\u00edtica de todas as esferas da Rep\u00fablica est\u00e1 promovendo um enfraquecimento do Estado ao privatizar tudo o que \u00e9 poss\u00edvel, tirando dele a capacidade de socializa\u00e7\u00e3o e de regula\u00e7\u00e3o da atividade econ\u00f4mica. Neste cen\u00e1rio, o povo n\u00e3o ser\u00e1 senhor de sua hist\u00f3ria e de seus destinos, n\u00e3o ser\u00e1 representado pelos seus representantes leg\u00edtimos que habitam os tr\u00eas poderes da Rep\u00fablica, mas ser\u00e1 inexoravelmente comandado pela m\u00e3o invis\u00edvel do grande capital que explora a for\u00e7a trabalhadora e a rebaixa \u00e0 condi\u00e7\u00e3o coisa, e promove uma total coisifica\u00e7\u00e3o e fragmenta\u00e7\u00e3o social.<br \/>\nEst\u00e1 de volta, com as b\u00ean\u00e7\u00e3os divinas e do Supremo Tribunal Federal, o projeto econ\u00f4mico que faliu o mundo em 2008, e que est\u00e1 definitivamente falido. Est\u00e1 de volta o projeto da privataria tucana da d\u00e9cada de 1990 que rendeu o Brasil junto ao FMI e ao capital internacional a grande e impag\u00e1vel d\u00edvida externa, os vergonhosos empr\u00e9stimos ao FMI que exclu\u00edram mais de cem milh\u00f5es de brasileiros do desenvolvimento econ\u00f4mico e social. Visibilizado no esquema de bandidos pol\u00edticos de Bras\u00edlia, est\u00e1 em cima de n\u00f3s o bandido invis\u00edvel, o deus invis\u00edvel e absoluto do capital internacional, para explorar um dos \u00faltimos santu\u00e1rios de riquezas naturais do Planeta Terra, como o Pr\u00e9-sal, a Amaz\u00f4nia, os rios, as riquezas minerais, as terras, restando para n\u00f3s as migalhas de uma massa de trabalho em condi\u00e7\u00f5es de semiescravid\u00e3o e mal pago. Da separa\u00e7\u00e3o entre povo e pol\u00edtica, pois os pol\u00edticos n\u00e3o est\u00e3o preocupados com o povo, conclui-se que o judici\u00e1rio \u00e9 uma superestrutura social destinado a legitimar o sistema econ\u00f4mico neoliberal estabelecido, mesmo com a prostitui\u00e7\u00e3o da Constitui\u00e7\u00e3o, do Estado de Direito e da Democracia.<br \/>\n&nbsp;<br \/>\n* Doutor em Filosofia pela PUCRS e professor de Filosofia.<\/p>\n","protected":false},"excerpt":{"rendered":"<p>[avatar user=&#8221;X-CDD &#8211; Joao A Wohlfart&#8221; size=&#8221;thumbnail&#8221; align=&#8221;left&#8221; \/] Jo\u00e3o Alberto Wohlfart* O que tem a ver a nova ditadura brasileira com o Direito? A ditadura parlamentar\/jur\u00eddico\/midi\u00e1tica que se desenha aos nossos olhos mergulha diretamente no universo do Direito e nas suas Institui\u00e7\u00f5es. At\u00e9 o presente contexto hist\u00f3rico, a Democracia brasileira sempre durou muito pouco [&hellip;]<\/p>\n","protected":false},"author":4,"featured_media":0,"comment_status":"open","ping_status":"closed","sticky":false,"template":"","format":"standard","meta":{"_jetpack_newsletter_access":"","_jetpack_dont_email_post_to_subs":false,"_jetpack_newsletter_tier_id":0,"_jetpack_memberships_contains_paywalled_content":false,"_jetpack_feature_clip_id":0,"_jetpack_memberships_contains_paid_content":false,"footnotes":"","jetpack_post_was_ever_published":false},"categories":[2011,2012],"tags":[],"class_list":["post-33786","post","type-post","status-publish","format-standard","hentry","category-destaque","category-debates"],"aioseo_notices":[],"aioseo_head":"\n\t\t<!-- All in One SEO 5.0.1.1 - aioseo.com -->\n\t<meta name=\"robots\" content=\"max-image-preview:large\" \/>\n\t<meta name=\"author\" content=\"da Reda\u00e7\u00e3o\"\/>\n\t<link rel=\"canonical\" href=\"https:\/\/www.jornalja.com.br\/arquivo\/nova-ditadura-e-direito\/\" \/>\n\t<meta name=\"generator\" content=\"All in One SEO (AIOSEO) 5.0.1.1\" \/>\n\t\t<meta property=\"og:locale\" content=\"pt_BR\" \/>\n\t\t<meta property=\"og:site_name\" content=\"Arquivo | Jornal J\u00c1 | Porto Alegre\" \/>\n\t\t<meta property=\"og:type\" content=\"article\" \/>\n\t\t<meta property=\"og:title\" content=\"Nova Ditadura e Direito | Arquivo\" \/>\n\t\t<meta property=\"og:url\" content=\"https:\/\/www.jornalja.com.br\/arquivo\/nova-ditadura-e-direito\/\" \/>\n\t\t<meta property=\"og:image\" content=\"https:\/\/www.jornalja.com.br\/economics\/wp-content\/uploads\/sites\/11\/2026\/08\/ja-folhaderosto-facebook.jpg\" \/>\n\t\t<meta property=\"og:image:secure_url\" content=\"https:\/\/www.jornalja.com.br\/economics\/wp-content\/uploads\/sites\/11\/2026\/08\/ja-folhaderosto-facebook.jpg\" \/>\n\t\t<meta property=\"article:published_time\" content=\"2016-06-01T09:00:52+00:00\" \/>\n\t\t<meta property=\"article:modified_time\" content=\"2016-06-01T09:00:52+00:00\" \/>\n\t\t<meta name=\"twitter:card\" content=\"summary\" \/>\n\t\t<meta name=\"twitter:title\" content=\"Nova Ditadura e Direito | Arquivo\" \/>\n\t\t<meta name=\"twitter:image\" content=\"https:\/\/www.jornalja.com.br\/economics\/wp-content\/uploads\/sites\/11\/2026\/08\/ja-folhaderosto-facebook.jpg\" \/>\n\t\t<script type=\"application\/ld+json\" class=\"aioseo-schema\">\n\t\t\t{\"@context\":\"https:\\\/\\\/schema.org\",\"@graph\":[{\"@type\":\"BlogPosting\",\"@id\":\"https:\\\/\\\/www.jornalja.com.br\\\/arquivo\\\/nova-ditadura-e-direito\\\/#blogposting\",\"name\":\"Nova Ditadura e Direito | Arquivo\",\"headline\":\"Nova Ditadura e Direito\",\"author\":{\"@id\":\"https:\\\/\\\/www.jornalja.com.br\\\/arquivo\\\/author\\\/daredacao\\\/#author\"},\"publisher\":{\"@id\":\"https:\\\/\\\/www.jornalja.com.br\\\/arquivo\\\/#organization\"},\"image\":{\"@type\":\"ImageObject\",\"url\":\"https:\\\/\\\/www.jornalja.com.br\\\/wp-content\\\/uploads\\\/cards\\\/JAslogan.png\",\"@id\":\"https:\\\/\\\/www.jornalja.com.br\\\/arquivo\\\/#articleImage\"},\"datePublished\":\"2016-06-01T06:00:52-03:00\",\"dateModified\":\"2016-06-01T06:00:52-03:00\",\"inLanguage\":\"pt-BR\",\"mainEntityOfPage\":{\"@id\":\"https:\\\/\\\/www.jornalja.com.br\\\/arquivo\\\/nova-ditadura-e-direito\\\/#webpage\"},\"isPartOf\":{\"@id\":\"https:\\\/\\\/www.jornalja.com.br\\\/arquivo\\\/nova-ditadura-e-direito\\\/#webpage\"},\"articleSection\":\"CDD-artigo em destaque, HOTSITE Comit\\u00ea pela Democracia\"},{\"@type\":\"BreadcrumbList\",\"@id\":\"https:\\\/\\\/www.jornalja.com.br\\\/arquivo\\\/nova-ditadura-e-direito\\\/#breadcrumblist\",\"itemListElement\":[{\"@type\":\"ListItem\",\"@id\":\"https:\\\/\\\/www.jornalja.com.br\\\/arquivo#listItem\",\"position\":1,\"name\":\"Home\",\"item\":\"https:\\\/\\\/www.jornalja.com.br\\\/arquivo\",\"nextItem\":{\"@type\":\"ListItem\",\"@id\":\"https:\\\/\\\/www.jornalja.com.br\\\/arquivo\\\/category\\\/destaque\\\/#listItem\",\"name\":\"CDD-artigo em destaque\"}},{\"@type\":\"ListItem\",\"@id\":\"https:\\\/\\\/www.jornalja.com.br\\\/arquivo\\\/category\\\/destaque\\\/#listItem\",\"position\":2,\"name\":\"CDD-artigo em destaque\",\"item\":\"https:\\\/\\\/www.jornalja.com.br\\\/arquivo\\\/category\\\/destaque\\\/\",\"nextItem\":{\"@type\":\"ListItem\",\"@id\":\"https:\\\/\\\/www.jornalja.com.br\\\/arquivo\\\/nova-ditadura-e-direito\\\/#listItem\",\"name\":\"Nova Ditadura e Direito\"},\"previousItem\":{\"@type\":\"ListItem\",\"@id\":\"https:\\\/\\\/www.jornalja.com.br\\\/arquivo#listItem\",\"name\":\"Home\"}},{\"@type\":\"ListItem\",\"@id\":\"https:\\\/\\\/www.jornalja.com.br\\\/arquivo\\\/nova-ditadura-e-direito\\\/#listItem\",\"position\":3,\"name\":\"Nova Ditadura e Direito\",\"previousItem\":{\"@type\":\"ListItem\",\"@id\":\"https:\\\/\\\/www.jornalja.com.br\\\/arquivo\\\/category\\\/destaque\\\/#listItem\",\"name\":\"CDD-artigo em destaque\"}}]},{\"@type\":\"Organization\",\"@id\":\"https:\\\/\\\/www.jornalja.com.br\\\/arquivo\\\/#organization\",\"name\":\"Jornal J\\u00c1\",\"description\":\"Jornal J\\u00c1 | Porto Alegre\",\"url\":\"https:\\\/\\\/www.jornalja.com.br\\\/arquivo\\\/\",\"telephone\":\"+555133307272\",\"logo\":{\"@type\":\"ImageObject\",\"url\":\"https:\\\/\\\/www.jornalja.com.br\\\/wp-content\\\/uploads\\\/cards\\\/JAslogan.png\",\"@id\":\"https:\\\/\\\/www.jornalja.com.br\\\/arquivo\\\/nova-ditadura-e-direito\\\/#organizationLogo\"},\"image\":{\"@id\":\"https:\\\/\\\/www.jornalja.com.br\\\/arquivo\\\/nova-ditadura-e-direito\\\/#organizationLogo\"}},{\"@type\":\"Person\",\"@id\":\"https:\\\/\\\/www.jornalja.com.br\\\/arquivo\\\/author\\\/daredacao\\\/#author\",\"url\":\"https:\\\/\\\/www.jornalja.com.br\\\/arquivo\\\/author\\\/daredacao\\\/\",\"name\":\"da Reda\\u00e7\\u00e3o\",\"image\":{\"@type\":\"ImageObject\",\"@id\":\"https:\\\/\\\/www.jornalja.com.br\\\/arquivo\\\/nova-ditadura-e-direito\\\/#authorImage\",\"url\":\"https:\\\/\\\/secure.gravatar.com\\\/avatar\\\/469fd857d6605ad19919d27ed29d35a968a25f6e8fd9318356bbb7f57aae9c65?s=96&d=mm&r=g\",\"width\":96,\"height\":96,\"caption\":\"da Reda\\u00e7\\u00e3o\"}},{\"@type\":\"WebPage\",\"@id\":\"https:\\\/\\\/www.jornalja.com.br\\\/arquivo\\\/nova-ditadura-e-direito\\\/#webpage\",\"url\":\"https:\\\/\\\/www.jornalja.com.br\\\/arquivo\\\/nova-ditadura-e-direito\\\/\",\"name\":\"Nova Ditadura e Direito | Arquivo\",\"inLanguage\":\"pt-BR\",\"isPartOf\":{\"@id\":\"https:\\\/\\\/www.jornalja.com.br\\\/arquivo\\\/#website\"},\"breadcrumb\":{\"@id\":\"https:\\\/\\\/www.jornalja.com.br\\\/arquivo\\\/nova-ditadura-e-direito\\\/#breadcrumblist\"},\"author\":{\"@id\":\"https:\\\/\\\/www.jornalja.com.br\\\/arquivo\\\/author\\\/daredacao\\\/#author\"},\"creator\":{\"@id\":\"https:\\\/\\\/www.jornalja.com.br\\\/arquivo\\\/author\\\/daredacao\\\/#author\"},\"datePublished\":\"2016-06-01T06:00:52-03:00\",\"dateModified\":\"2016-06-01T06:00:52-03:00\"},{\"@type\":\"WebSite\",\"@id\":\"https:\\\/\\\/www.jornalja.com.br\\\/arquivo\\\/#website\",\"url\":\"https:\\\/\\\/www.jornalja.com.br\\\/arquivo\\\/\",\"name\":\"Arquivo\",\"description\":\"Jornal J\\u00c1 | Porto Alegre\",\"inLanguage\":\"pt-BR\",\"publisher\":{\"@id\":\"https:\\\/\\\/www.jornalja.com.br\\\/arquivo\\\/#organization\"}}]}\n\t\t<\/script>\n\t\t<!-- All in One SEO -->\n\n","aioseo_head_json":{"title":"Nova Ditadura e Direito | Arquivo","description":"","canonical_url":"https:\/\/www.jornalja.com.br\/arquivo\/nova-ditadura-e-direito\/","robots":"max-image-preview:large","keywords":"","webmasterTools":{"miscellaneous":""},"schema":{"@context":"https:\/\/schema.org","@graph":[{"@type":"BlogPosting","@id":"https:\/\/www.jornalja.com.br\/arquivo\/nova-ditadura-e-direito\/#blogposting","name":"Nova Ditadura e Direito | Arquivo","headline":"Nova Ditadura e Direito","author":{"@id":"https:\/\/www.jornalja.com.br\/arquivo\/author\/daredacao\/#author"},"publisher":{"@id":"https:\/\/www.jornalja.com.br\/arquivo\/#organization"},"image":{"@type":"ImageObject","url":"https:\/\/www.jornalja.com.br\/wp-content\/uploads\/cards\/JAslogan.png","@id":"https:\/\/www.jornalja.com.br\/arquivo\/#articleImage"},"datePublished":"2016-06-01T06:00:52-03:00","dateModified":"2016-06-01T06:00:52-03:00","inLanguage":"pt-BR","mainEntityOfPage":{"@id":"https:\/\/www.jornalja.com.br\/arquivo\/nova-ditadura-e-direito\/#webpage"},"isPartOf":{"@id":"https:\/\/www.jornalja.com.br\/arquivo\/nova-ditadura-e-direito\/#webpage"},"articleSection":"CDD-artigo em destaque, HOTSITE Comit\u00ea pela Democracia"},{"@type":"BreadcrumbList","@id":"https:\/\/www.jornalja.com.br\/arquivo\/nova-ditadura-e-direito\/#breadcrumblist","itemListElement":[{"@type":"ListItem","@id":"https:\/\/www.jornalja.com.br\/arquivo#listItem","position":1,"name":"Home","item":"https:\/\/www.jornalja.com.br\/arquivo","nextItem":{"@type":"ListItem","@id":"https:\/\/www.jornalja.com.br\/arquivo\/category\/destaque\/#listItem","name":"CDD-artigo em destaque"}},{"@type":"ListItem","@id":"https:\/\/www.jornalja.com.br\/arquivo\/category\/destaque\/#listItem","position":2,"name":"CDD-artigo em destaque","item":"https:\/\/www.jornalja.com.br\/arquivo\/category\/destaque\/","nextItem":{"@type":"ListItem","@id":"https:\/\/www.jornalja.com.br\/arquivo\/nova-ditadura-e-direito\/#listItem","name":"Nova Ditadura e Direito"},"previousItem":{"@type":"ListItem","@id":"https:\/\/www.jornalja.com.br\/arquivo#listItem","name":"Home"}},{"@type":"ListItem","@id":"https:\/\/www.jornalja.com.br\/arquivo\/nova-ditadura-e-direito\/#listItem","position":3,"name":"Nova Ditadura e Direito","previousItem":{"@type":"ListItem","@id":"https:\/\/www.jornalja.com.br\/arquivo\/category\/destaque\/#listItem","name":"CDD-artigo em destaque"}}]},{"@type":"Organization","@id":"https:\/\/www.jornalja.com.br\/arquivo\/#organization","name":"Jornal J\u00c1","description":"Jornal J\u00c1 | Porto Alegre","url":"https:\/\/www.jornalja.com.br\/arquivo\/","telephone":"+555133307272","logo":{"@type":"ImageObject","url":"https:\/\/www.jornalja.com.br\/wp-content\/uploads\/cards\/JAslogan.png","@id":"https:\/\/www.jornalja.com.br\/arquivo\/nova-ditadura-e-direito\/#organizationLogo"},"image":{"@id":"https:\/\/www.jornalja.com.br\/arquivo\/nova-ditadura-e-direito\/#organizationLogo"}},{"@type":"Person","@id":"https:\/\/www.jornalja.com.br\/arquivo\/author\/daredacao\/#author","url":"https:\/\/www.jornalja.com.br\/arquivo\/author\/daredacao\/","name":"da Reda\u00e7\u00e3o","image":{"@type":"ImageObject","@id":"https:\/\/www.jornalja.com.br\/arquivo\/nova-ditadura-e-direito\/#authorImage","url":"https:\/\/secure.gravatar.com\/avatar\/469fd857d6605ad19919d27ed29d35a968a25f6e8fd9318356bbb7f57aae9c65?s=96&d=mm&r=g","width":96,"height":96,"caption":"da Reda\u00e7\u00e3o"}},{"@type":"WebPage","@id":"https:\/\/www.jornalja.com.br\/arquivo\/nova-ditadura-e-direito\/#webpage","url":"https:\/\/www.jornalja.com.br\/arquivo\/nova-ditadura-e-direito\/","name":"Nova Ditadura e Direito | Arquivo","inLanguage":"pt-BR","isPartOf":{"@id":"https:\/\/www.jornalja.com.br\/arquivo\/#website"},"breadcrumb":{"@id":"https:\/\/www.jornalja.com.br\/arquivo\/nova-ditadura-e-direito\/#breadcrumblist"},"author":{"@id":"https:\/\/www.jornalja.com.br\/arquivo\/author\/daredacao\/#author"},"creator":{"@id":"https:\/\/www.jornalja.com.br\/arquivo\/author\/daredacao\/#author"},"datePublished":"2016-06-01T06:00:52-03:00","dateModified":"2016-06-01T06:00:52-03:00"},{"@type":"WebSite","@id":"https:\/\/www.jornalja.com.br\/arquivo\/#website","url":"https:\/\/www.jornalja.com.br\/arquivo\/","name":"Arquivo","description":"Jornal J\u00c1 | Porto Alegre","inLanguage":"pt-BR","publisher":{"@id":"https:\/\/www.jornalja.com.br\/arquivo\/#organization"}}]},"og:locale":"pt_BR","og:site_name":"Arquivo | Jornal J\u00c1 | Porto Alegre","og:type":"article","og:title":"Nova Ditadura e Direito | Arquivo","og:url":"https:\/\/www.jornalja.com.br\/arquivo\/nova-ditadura-e-direito\/","og:image":"https:\/\/www.jornalja.com.br\/economics\/wp-content\/uploads\/sites\/11\/2026\/08\/ja-folhaderosto-facebook.jpg","og:image:secure_url":"https:\/\/www.jornalja.com.br\/economics\/wp-content\/uploads\/sites\/11\/2026\/08\/ja-folhaderosto-facebook.jpg","article:published_time":"2016-06-01T09:00:52+00:00","article:modified_time":"2016-06-01T09:00:52+00:00","twitter:card":"summary","twitter:title":"Nova Ditadura e Direito | Arquivo","twitter:image":"https:\/\/www.jornalja.com.br\/economics\/wp-content\/uploads\/sites\/11\/2026\/08\/ja-folhaderosto-facebook.jpg"},"aioseo_meta_data":{"post_id":"33786","title":null,"description":null,"keywords":null,"keyphrases":null,"primary_term":null,"canonical_url":null,"og_title":null,"og_description":null,"og_object_type":"default","og_image_type":"default","og_image_url":null,"og_image_width":null,"og_image_height":null,"og_image_custom_url":null,"og_image_custom_fields":null,"og_video":null,"og_custom_url":null,"og_article_section":null,"og_article_tags":null,"twitter_use_og":false,"twitter_card":"default","twitter_image_type":"default","twitter_image_url":null,"twitter_image_custom_url":null,"twitter_image_custom_fields":null,"twitter_title":null,"twitter_description":null,"schema":{"blockGraphs":[],"customGraphs":[],"default":{"data":{"Article":[],"Course":[],"Dataset":[],"FAQPage":[],"Movie":[],"Person":[],"Product":[],"ProductReview":[],"Car":[],"Recipe":[],"Service":[],"SoftwareApplication":[],"WebPage":[]},"graphName":"","isEnabled":true},"graphs":[],"defaultGraph":"","defaultPostTypeGraph":""},"schema_type":null,"schema_type_options":null,"pillar_content":false,"robots_default":true,"robots_noindex":false,"robots_noarchive":false,"robots_nosnippet":false,"robots_nofollow":false,"robots_noimageindex":false,"robots_noodp":false,"robots_notranslate":false,"robots_max_snippet":null,"robots_max_videopreview":null,"robots_max_imagepreview":"large","priority":null,"frequency":null,"location":null,"local_seo":null,"breadcrumb_settings":null,"limit_modified_date":false,"ai":null,"created":"2020-12-20 20:56:37","updated":"2025-07-19 14:04:07","seo_analyzer_scan_date":null,"focus_keyword":null,"additional_keywords":null,"truseo_locale":null},"jetpack_sharing_enabled":true,"jetpack-related-posts":[{"id":13240,"url":"https:\/\/www.jornalja.com.br\/arquivo\/plano-diretor-estamos-construindo-o-caos\/","url_meta":{"origin":33786,"position":0},"title":"Plano diretor: &quot;Estamos construindo o caos&quot;","author":"Patr\u00edcia Marini","date":"26 de maio de 2014","format":false,"excerpt":"Desabafo que arquiteta Eliana Castilhos, delegada da Regi\u00e3o de Planejamento 1, postou nas redes sociais \u00e9 um testemunho do ambiente que se criou no Conselho do Plano Diretor de Porto Alegre, onde a aprova\u00e7\u00e3o de grandes empreendimentos \u00e9 empurrada guela abaixo dos conselheiros. Ao CMDUA Como delegada da Regi\u00e3o de\u2026","rel":"","context":"Em &quot;Geral&quot;","block_context":{"text":"Geral","link":"https:\/\/www.jornalja.com.br\/arquivo\/category\/geral\/"},"img":{"alt_text":"","src":"","width":0,"height":0},"classes":[]},{"id":13109,"url":"https:\/\/www.jornalja.com.br\/arquivo\/judiciario-reconhece-poluicao-eletromagnetica\/","url_meta":{"origin":33786,"position":1},"title":"Judici\u00e1rio reconhece polui\u00e7\u00e3o eletromagn\u00e9tica","author":"Patr\u00edcia Marini","date":"16 de maio de 2014","format":false,"excerpt":"A\u00e7\u00e3o de duas associa\u00e7\u00f5es de moradores foi acolhida pelo Tribunal de Justi\u00e7a de S\u00e3o Paulo que. em decis\u00e3o in\u00e9dita, determinou a redu\u00e7\u00e3o do campo eletromagn\u00e9tico gerado pelas linhas de transmiss\u00e3o de energia que cortam os bairros City Boa\u00e7ava e Alto de Pinheiros. \u00c9 a primeira vez que um tribunal do\u2026","rel":"","context":"Em &quot;X.Categorias velhas&quot;","block_context":{"text":"X.Categorias velhas","link":"https:\/\/www.jornalja.com.br\/arquivo\/category\/x-categorias-velhas\/"},"img":{"alt_text":"","src":"","width":0,"height":0},"classes":[]},{"id":5440,"url":"https:\/\/www.jornalja.com.br\/arquivo\/casarao-da-venancio-destino-permanece-incerto\/","url_meta":{"origin":33786,"position":2},"title":"Estado ainda n\u00e3o sabe o que fazer com casar\u00e3o abandonado h\u00e1 20 anos","author":"Elmar Bones","date":"6 de julho de 2009","format":false,"excerpt":"O casar\u00e3o amarelo, numa esquina nobre de Porto Alegre (Ven\u00e2ncio Aires com Jo\u00e3o Pessoa), j\u00e1 abrigou uma escola. H\u00e1 duas d\u00e9cadas, pelo menos, est\u00e1 abandonado, porque seu propriet\u00e1rio, o governo do Estado do Rio Grande do Sul, n\u00e3o consegue achar um destino para ele. Planos n\u00e3o faltaram. O governador Ol\u00edvio\u2026","rel":"","context":"Em &quot;X.Categorias velhas&quot;","block_context":{"text":"X.Categorias velhas","link":"https:\/\/www.jornalja.com.br\/arquivo\/category\/x-categorias-velhas\/"},"img":{"alt_text":"geraldo1","src":"https:\/\/i0.wp.com\/www.jornalja.com.br\/wp-content\/uploads\/2009\/07\/geraldo1.jpg?resize=350%2C200&ssl=1","width":350,"height":200},"classes":[]},{"id":13101,"url":"https:\/\/www.jornalja.com.br\/arquivo\/morre-um-guerreiro-do-texto\/","url_meta":{"origin":33786,"position":3},"title":"Morre um guerreiro do texto","author":"Patr\u00edcia Marini","date":"14 de maio de 2014","format":false,"excerpt":"Por Ricardo Kotscho Reproduzido do blog do autor, 11\/5\/2014; t\u00edtulo original \u201cE l\u00e1 se foi o nosso Myltainho, guerreiro do texto\u201d. Mi\u00fado e franzino, meu amigo Myltainho era um valente e inconformado guerreiro na luta contra as injusti\u00e7as sociais, a hipocrisia, as maracutaias, o autoritarismo, a intoler\u00e2ncia, a viol\u00eancia, o\u2026","rel":"","context":"Em &quot;Geral&quot;","block_context":{"text":"Geral","link":"https:\/\/www.jornalja.com.br\/arquivo\/category\/geral\/"},"img":{"alt_text":"","src":"","width":0,"height":0},"classes":[]},{"id":13124,"url":"https:\/\/www.jornalja.com.br\/arquivo\/sangue-latino-no-iecine\/","url_meta":{"origin":33786,"position":4},"title":"Sangue latino no IECINE","author":"da Reda\u00e7\u00e3o","date":"18 de maio de 2014","format":false,"excerpt":"Francisco Ribeiro O Instituto Estadual de Cinema (IECINE) tem a frente, desde abril \u00faltimo, um novo diretor, o cineasta colombiano Juan Zapata, 36, que substitui Luiz Alberto Cassol. Radicado h\u00e1 dez anos em Porto Alegre, Zapata tem diante de si o desafio de conduzir at\u00e9 o final do ano um\u2026","rel":"","context":"Em &quot;Cultura-Geral&quot;","block_context":{"text":"Cultura-Geral","link":"https:\/\/www.jornalja.com.br\/arquivo\/category\/materiasecundaria\/"},"img":{"alt_text":"","src":"","width":0,"height":0},"classes":[]},{"id":14241,"url":"https:\/\/www.jornalja.com.br\/arquivo\/o-guaiba-nas-imagens-poeticas-de-achutti\/","url_meta":{"origin":33786,"position":5},"title":"O Gua\u00edba nas imagens po\u00e9ticas de Achutti","author":"da Reda\u00e7\u00e3o","date":"18 de junho de 2014","format":false,"excerpt":"Em \u201cO Gua\u00edba por Achutti\u201d \u2013 obra financiada via Minist\u00e9rio da Cultura, produ\u00e7\u00e3o executiva de Pedro Longhi, e Fl\u00e1vio Wild como designer \u2013, o fot\u00f3grafo revela a beleza e as mazelas de um espa\u00e7o aqu\u00e1tico de \u00e1guas sempre renovadas, cheio de hist\u00f3rias e lendas como as das cidades que foram\u2026","rel":"","context":"Em &quot;Cultura-Geral&quot;","block_context":{"text":"Cultura-Geral","link":"https:\/\/www.jornalja.com.br\/arquivo\/category\/materiasecundaria\/"},"img":{"alt_text":"","src":"","width":0,"height":0},"classes":[]}],"jetpack_shortlink":"https:\/\/wp.me\/pbQjBd-8MW","jetpack_featured_media_url":"","_links":{"self":[{"href":"https:\/\/www.jornalja.com.br\/arquivo\/wp-json\/wp\/v2\/posts\/33786","targetHints":{"allow":["GET"]}}],"collection":[{"href":"https:\/\/www.jornalja.com.br\/arquivo\/wp-json\/wp\/v2\/posts"}],"about":[{"href":"https:\/\/www.jornalja.com.br\/arquivo\/wp-json\/wp\/v2\/types\/post"}],"author":[{"embeddable":true,"href":"https:\/\/www.jornalja.com.br\/arquivo\/wp-json\/wp\/v2\/users\/4"}],"replies":[{"embeddable":true,"href":"https:\/\/www.jornalja.com.br\/arquivo\/wp-json\/wp\/v2\/comments?post=33786"}],"version-history":[{"count":0,"href":"https:\/\/www.jornalja.com.br\/arquivo\/wp-json\/wp\/v2\/posts\/33786\/revisions"}],"wp:attachment":[{"href":"https:\/\/www.jornalja.com.br\/arquivo\/wp-json\/wp\/v2\/media?parent=33786"}],"wp:term":[{"taxonomy":"category","embeddable":true,"href":"https:\/\/www.jornalja.com.br\/arquivo\/wp-json\/wp\/v2\/categories?post=33786"},{"taxonomy":"post_tag","embeddable":true,"href":"https:\/\/www.jornalja.com.br\/arquivo\/wp-json\/wp\/v2\/tags?post=33786"}],"curies":[{"name":"wp","href":"https:\/\/api.w.org\/{rel}","templated":true}]}}